{"id":416916,"date":"2026-03-12T10:03:55","date_gmt":"2026-03-12T13:03:55","guid":{"rendered":"https:\/\/blogdofarnesio.com.br\/?p=416916"},"modified":"2026-03-11T19:21:30","modified_gmt":"2026-03-11T22:21:30","slug":"video-apos-divulgacao-de-pagamento-do-master-a-acm-neto-ex-prefeito-aciona-stf-e-afirma-que-dados-foram-manipulados","status":"publish","type":"post","link":"https:\/\/blogdofarnesio.com.br\/?p=416916","title":{"rendered":"V\u00cdDEO: Ap\u00f3s divulga\u00e7\u00e3o de pagamento do Master a ACM Neto, ex-prefeito aciona STF e afirma que dados foram \u201cmanipulados\u201d"},"content":{"rendered":"<div class=\"sc-b4c8ccf3-0 fsXNOt\"><\/div>\n<div class=\"sc-24c322fd-1 laZqPV\">\n<div class=\"sc-24c322fd-2 dQgbLd\">\n<div class=\"imgCredits\">BN &#8211; O pr\u00e9-candidato ao governo do estado, ACM Neto (Uni\u00e3o), se pronunciou nesta quarta-feira (11) ap\u00f3s a<strong><a href=\"https:\/\/www.bahianoticias.com.br\/noticia\/314667-ex-prefeito-de-salvador-acm-neto-recebeu-rdollar-36-milhoes-do-banco-master-diz-coaf\" data-mrf-link=\"https:\/\/www.bahianoticias.com.br\/noticia\/314667-ex-prefeito-de-salvador-acm-neto-recebeu-rdollar-36-milhoes-do-banco-master-diz-coaf\">\u00a0divulga\u00e7\u00e3o de pagamentos do banco Master\/ Reag feitos a uma empresa dele<\/a><\/strong>. O ex-prefeito de Salvador afirmou que vai acionar o Supremo Tribunal Federal e a Procuradoria-Geral da Rep\u00fablica para pedir a apura\u00e7\u00e3o do que classificou como vazamento criminoso de dados sigilosos.<\/div>\n<\/div>\n<div class=\"sc-24c322fd-3 giHdVV\">\n<div class=\"twitter-tweet twitter-tweet-rendered\"><iframe id=\"twitter-widget-1\" class=\"\" title=\"X Post\" src=\"https:\/\/platform.twitter.com\/embed\/Tweet.html?creatorScreenName=BahiaNoticias&amp;dnt=false&amp;embedId=twitter-widget-1&amp;features=eyJ0ZndfdGltZWxpbmVfbGlzdCI6eyJidWNrZXQiOltdLCJ2ZXJzaW9uIjpudWxsfSwidGZ3X2ZvbGxvd2VyX2NvdW50X3N1bnNldCI6eyJidWNrZXQiOnRydWUsInZlcnNpb24iOm51bGx9LCJ0ZndfdHdlZXRfZWRpdF9iYWNrZW5kIjp7ImJ1Y2tldCI6Im9uIiwidmVyc2lvbiI6bnVsbH0sInRmd19yZWZzcmNfc2Vzc2lvbiI6eyJidWNrZXQiOiJvbiIsInZlcnNpb24iOm51bGx9LCJ0ZndfZm9zbnJfc29mdF9pbnRlcnZlbnRpb25zX2VuYWJsZWQiOnsiYnVja2V0Ijoib24iLCJ2ZXJzaW9uIjpudWxsfSwidGZ3X21peGVkX21lZGlhXzE1ODk3Ijp7ImJ1Y2tldCI6InRyZWF0bWVudCIsInZlcnNpb24iOm51bGx9LCJ0ZndfZXhwZXJpbWVudHNfY29va2llX2V4cGlyYXRpb24iOnsiYnVja2V0IjoxMjA5NjAwLCJ2ZXJzaW9uIjpudWxsfSwidGZ3X3Nob3dfYmlyZHdhdGNoX3Bpdm90c19lbmFibGVkIjp7ImJ1Y2tldCI6Im9uIiwidmVyc2lvbiI6bnVsbH0sInRmd19kdXBsaWNhdGVfc2NyaWJlc190b19zZXR0aW5ncyI6eyJidWNrZXQiOiJvbiIsInZlcnNpb24iOm51bGx9LCJ0ZndfdXNlX3Byb2ZpbGVfaW1hZ2Vfc2hhcGVfZW5hYmxlZCI6eyJidWNrZXQiOiJvbiIsInZlcnNpb24iOm51bGx9LCJ0ZndfdmlkZW9faGxzX2R5bmFtaWNfbWFuaWZlc3RzXzE1MDgyIjp7ImJ1Y2tldCI6InRydWVfYml0cmF0ZSIsInZlcnNpb24iOm51bGx9LCJ0ZndfbGVnYWN5X3RpbWVsaW5lX3N1bnNldCI6eyJidWNrZXQiOnRydWUsInZlcnNpb24iOm51bGx9LCJ0ZndfdHdlZXRfZWRpdF9mcm9udGVuZCI6eyJidWNrZXQiOiJvbiIsInZlcnNpb24iOm51bGx9fQ%3D%3D&amp;frame=false&amp;hideCard=false&amp;hideThread=false&amp;id=2031803111644262679&amp;lang=pt&amp;maxWidth=560px&amp;origin=https%3A%2F%2Fwww.bahianoticias.com.br%2F&amp;sessionId=dea29d910f4fc0aa251e1d51a804f39e2189c744&amp;siteScreenName=BahiaNoticias&amp;theme=light&amp;widgetsVersion=2615f7e52b7e0%3A1702314776716&amp;width=550px\" frameborder=\"0\" scrolling=\"no\" allowfullscreen=\"allowfullscreen\" data-gtm-yt-inspected-13=\"true\" data-tweet-id=\"2031803111644262679\" data-mce-fragment=\"1\"><\/iframe><\/div>\n<p>Segundo Neto, o requerimento ser\u00e1 protocolado ainda nesta quarta-feira e tamb\u00e9m coloca o pr\u00f3prio ex-prefeito \u00e0 disposi\u00e7\u00e3o das autoridades para prestar esclarecimentos.<\/p>\n<p>\u201cAinda no dia de hoje, estamos dando entrada junto ao Supremo Tribunal Federal e \u00e0 Procuradoria-Geral da Rep\u00fablica, com um requerimento, solicitando que se apure o vazamento criminoso de dados sigilosos, um vazamento manipulado que foi amplamente noticiado na imprensa. Neste mesmo requerimento, eu vou me colocar inteiramente \u00e0 disposi\u00e7\u00e3o desses dois \u00f3rg\u00e3os para prestar qualquer tipo de esclarecimento\u201d, afirmou.<\/p>\n<p>Na declara\u00e7\u00e3o, Neto levantou a hip\u00f3tese de motiva\u00e7\u00e3o pol\u00edtica por tr\u00e1s da divulga\u00e7\u00e3o das informa\u00e7\u00f5es. \u201c\u00c9 claro que esse vazamento que aconteceu faz com que a gente se pergunte se n\u00e3o tem pol\u00edtica por tr\u00e1s disso. N\u00f3s sabemos que a gente est\u00e1 na boca de uma elei\u00e7\u00e3o, e \u00e9 muito estranho isso acontecer\u201d, disse.<\/p>\n<p>O presidente do Uni\u00e3o Brasil alega que passou a dedicar parte do tempo \u00e0 atividade empresarial no final de\u00a02022,\u00a0quando\u00a0n\u00e3o possu\u00eda nenhum cargo p\u00fablico.\u00a0\u00a0Dentre as atividades, est\u00e1 a empresa de consultoria que atendia as empresas Master e Reag.<\/p>\n<p>O ex-prefeito afirmou que\u00a0os contratos foram realizados de forma regular e que\u00a0seguir\u00e1 atuando politicamente apesar do epis\u00f3dio.<\/p>\n<\/div>\n<\/div>\n","protected":false},"excerpt":{"rendered":"<p>BN &#8211; O pr\u00e9-candidato ao governo do estado, ACM Neto (Uni\u00e3o), se pronunciou nesta quarta-feira (11) ap\u00f3s a\u00a0divulga\u00e7\u00e3o de pagamentos do banco Master\/ Reag feitos a uma empresa dele. O ex-prefeito de Salvador afirmou que vai acionar o Supremo Tribunal Federal e a Procuradoria-Geral da Rep\u00fablica para pedir a apura\u00e7\u00e3o do que classificou como vazamento criminoso de dados sigilosos. Segundo Neto, o requerimento ser\u00e1 protocolado ainda nesta quarta-feira e tamb\u00e9m coloca o pr\u00f3prio ex-prefeito \u00e0 disposi\u00e7\u00e3o das autoridades para prestar esclarecimentos. \u201cAinda no dia de hoje, estamos dando entrada junto ao Supremo Tribunal Federal e \u00e0 Procuradoria-Geral da Rep\u00fablica, com um requerimento, solicitando que se apure o vazamento criminoso de dados sigilosos, um vazamento manipulado que foi amplamente noticiado na&hellip; <\/p>\n","protected":false},"author":2,"featured_media":313629,"comment_status":"open","ping_status":"open","sticky":false,"template":"","format":"standard","meta":{"_acf_changed":false,"footnotes":""},"categories":[1],"tags":[],"class_list":["post-416916","post","type-post","status-publish","format-standard","has-post-thumbnail","hentry","category-politica"],"acf":[],"yoast_head":"<!-- This site is optimized with the Yoast SEO plugin v27.4 - https:\/\/yoast.com\/product\/yoast-seo-wordpress\/ -->\n<title>V\u00cdDEO: Ap\u00f3s divulga\u00e7\u00e3o de pagamento do Master a ACM Neto, ex-prefeito aciona STF e afirma que dados foram \u201cmanipulados\u201d - Blog do Farn\u00e9sio<\/title>\n<meta name=\"robots\" content=\"index, follow, max-snippet:-1, max-image-preview:large, max-video-preview:-1\" \/>\n<link rel=\"canonical\" href=\"https:\/\/blogdofarnesio.com.br\/?p=416916\" \/>\n<meta property=\"og:locale\" content=\"pt_BR\" \/>\n<meta property=\"og:type\" content=\"article\" \/>\n<meta property=\"og:title\" content=\"V\u00cdDEO: Ap\u00f3s divulga\u00e7\u00e3o de pagamento do Master a ACM Neto, ex-prefeito aciona STF e afirma que dados foram \u201cmanipulados\u201d - Blog do Farn\u00e9sio\" \/>\n<meta property=\"og:description\" content=\"BN &#8211; O pr\u00e9-candidato ao governo do estado, ACM Neto (Uni\u00e3o), se pronunciou nesta quarta-feira (11) ap\u00f3s a\u00a0divulga\u00e7\u00e3o de pagamentos do banco Master\/ Reag feitos a uma empresa dele. O ex-prefeito de Salvador afirmou que vai acionar o Supremo Tribunal Federal e a Procuradoria-Geral da Rep\u00fablica para pedir a apura\u00e7\u00e3o do que classificou como vazamento criminoso de dados sigilosos. Segundo Neto, o requerimento ser\u00e1 protocolado ainda nesta quarta-feira e tamb\u00e9m coloca o pr\u00f3prio ex-prefeito \u00e0 disposi\u00e7\u00e3o das autoridades para prestar esclarecimentos. \u201cAinda no dia de hoje, estamos dando entrada junto ao Supremo Tribunal Federal e \u00e0 Procuradoria-Geral da Rep\u00fablica, com um requerimento, solicitando que se apure o vazamento criminoso de dados sigilosos, um vazamento manipulado que foi amplamente noticiado na&hellip;\" \/>\n<meta property=\"og:url\" content=\"https:\/\/blogdofarnesio.com.br\/?p=416916\" \/>\n<meta property=\"og:site_name\" content=\"Blog do Farn\u00e9sio\" \/>\n<meta property=\"article:publisher\" content=\"https:\/\/www.facebook.com\/BlogQuerSaberPolitica\/\" \/>\n<meta property=\"article:author\" content=\"https:\/\/www.facebook.com\/?ref=tn_tnmn\" \/>\n<meta property=\"article:published_time\" content=\"2026-03-12T13:03:55+00:00\" \/>\n<meta property=\"og:image\" content=\"https:\/\/blogdofarnesio.com.br\/wp-content\/uploads\/2022\/05\/blgoqspacm-neto.jpg\" \/>\n\t<meta property=\"og:image:width\" content=\"380\" \/>\n\t<meta property=\"og:image:height\" content=\"280\" \/>\n\t<meta property=\"og:image:type\" content=\"image\/jpeg\" \/>\n<meta name=\"author\" content=\"Farn\u00e9sio\" \/>\n<meta name=\"twitter:card\" content=\"summary_large_image\" \/>\n<meta name=\"twitter:label1\" content=\"Escrito por\" \/>\n\t<meta name=\"twitter:data1\" content=\"Farn\u00e9sio\" \/>\n\t<meta name=\"twitter:label2\" content=\"Est. tempo de leitura\" \/>\n\t<meta name=\"twitter:data2\" content=\"2 minutos\" \/>\n<script type=\"application\/ld+json\" class=\"yoast-schema-graph\">{\"@context\":\"https:\\\/\\\/schema.org\",\"@graph\":[{\"@type\":\"Article\",\"@id\":\"https:\\\/\\\/blogdofarnesio.com.br\\\/?p=416916#article\",\"isPartOf\":{\"@id\":\"https:\\\/\\\/blogdofarnesio.com.br\\\/?p=416916\"},\"author\":{\"name\":\"Farn\u00e9sio\",\"@id\":\"https:\\\/\\\/blogdofarnesio.com.br\\\/#\\\/schema\\\/person\\\/bb9b23ae3ad0609ce8df7b6c9e76824d\"},\"headline\":\"V\u00cdDEO: Ap\u00f3s divulga\u00e7\u00e3o de pagamento do Master a ACM Neto, ex-prefeito aciona STF e afirma que dados foram \u201cmanipulados\u201d\",\"datePublished\":\"2026-03-12T13:03:55+00:00\",\"mainEntityOfPage\":{\"@id\":\"https:\\\/\\\/blogdofarnesio.com.br\\\/?p=416916\"},\"wordCount\":299,\"commentCount\":0,\"publisher\":{\"@id\":\"https:\\\/\\\/blogdofarnesio.com.br\\\/#organization\"},\"image\":{\"@id\":\"https:\\\/\\\/blogdofarnesio.com.br\\\/?p=416916#primaryimage\"},\"thumbnailUrl\":\"https:\\\/\\\/blogdofarnesio.com.br\\\/wp-content\\\/uploads\\\/2022\\\/05\\\/blgoqspacm-neto.jpg\",\"articleSection\":[\"Pol\u00edtica\"],\"inLanguage\":\"pt-BR\",\"potentialAction\":[{\"@type\":\"CommentAction\",\"name\":\"Comment\",\"target\":[\"https:\\\/\\\/blogdofarnesio.com.br\\\/?p=416916#respond\"]}]},{\"@type\":\"WebPage\",\"@id\":\"https:\\\/\\\/blogdofarnesio.com.br\\\/?p=416916\",\"url\":\"https:\\\/\\\/blogdofarnesio.com.br\\\/?p=416916\",\"name\":\"V\u00cdDEO: Ap\u00f3s divulga\u00e7\u00e3o de pagamento do Master a ACM Neto, ex-prefeito aciona STF e afirma que dados foram \u201cmanipulados\u201d - Blog do Farn\u00e9sio\",\"isPartOf\":{\"@id\":\"https:\\\/\\\/blogdofarnesio.com.br\\\/#website\"},\"primaryImageOfPage\":{\"@id\":\"https:\\\/\\\/blogdofarnesio.com.br\\\/?p=416916#primaryimage\"},\"image\":{\"@id\":\"https:\\\/\\\/blogdofarnesio.com.br\\\/?p=416916#primaryimage\"},\"thumbnailUrl\":\"https:\\\/\\\/blogdofarnesio.com.br\\\/wp-content\\\/uploads\\\/2022\\\/05\\\/blgoqspacm-neto.jpg\",\"datePublished\":\"2026-03-12T13:03:55+00:00\",\"breadcrumb\":{\"@id\":\"https:\\\/\\\/blogdofarnesio.com.br\\\/?p=416916#breadcrumb\"},\"inLanguage\":\"pt-BR\",\"potentialAction\":[{\"@type\":\"ReadAction\",\"target\":[\"https:\\\/\\\/blogdofarnesio.com.br\\\/?p=416916\"]}]},{\"@type\":\"ImageObject\",\"inLanguage\":\"pt-BR\",\"@id\":\"https:\\\/\\\/blogdofarnesio.com.br\\\/?p=416916#primaryimage\",\"url\":\"https:\\\/\\\/blogdofarnesio.com.br\\\/wp-content\\\/uploads\\\/2022\\\/05\\\/blgoqspacm-neto.jpg\",\"contentUrl\":\"https:\\\/\\\/blogdofarnesio.com.br\\\/wp-content\\\/uploads\\\/2022\\\/05\\\/blgoqspacm-neto.jpg\",\"width\":380,\"height\":280},{\"@type\":\"BreadcrumbList\",\"@id\":\"https:\\\/\\\/blogdofarnesio.com.br\\\/?p=416916#breadcrumb\",\"itemListElement\":[{\"@type\":\"ListItem\",\"position\":1,\"name\":\"In\u00edcio\",\"item\":\"https:\\\/\\\/blogdofarnesio.com.br\\\/\"},{\"@type\":\"ListItem\",\"position\":2,\"name\":\"V\u00cdDEO: Ap\u00f3s divulga\u00e7\u00e3o de pagamento do Master a ACM Neto, ex-prefeito aciona STF e afirma que dados foram \u201cmanipulados\u201d\"}]},{\"@type\":\"WebSite\",\"@id\":\"https:\\\/\\\/blogdofarnesio.com.br\\\/#website\",\"url\":\"https:\\\/\\\/blogdofarnesio.com.br\\\/\",\"name\":\"Blog do Farn\u00e9sio\",\"description\":\"Quer Saber Pol\u00edtica?\",\"publisher\":{\"@id\":\"https:\\\/\\\/blogdofarnesio.com.br\\\/#organization\"},\"potentialAction\":[{\"@type\":\"SearchAction\",\"target\":{\"@type\":\"EntryPoint\",\"urlTemplate\":\"https:\\\/\\\/blogdofarnesio.com.br\\\/?s={search_term_string}\"},\"query-input\":{\"@type\":\"PropertyValueSpecification\",\"valueRequired\":true,\"valueName\":\"search_term_string\"}}],\"inLanguage\":\"pt-BR\"},{\"@type\":\"Organization\",\"@id\":\"https:\\\/\\\/blogdofarnesio.com.br\\\/#organization\",\"name\":\"Blog do Farn\u00e9sio\",\"url\":\"https:\\\/\\\/blogdofarnesio.com.br\\\/\",\"logo\":{\"@type\":\"ImageObject\",\"inLanguage\":\"pt-BR\",\"@id\":\"https:\\\/\\\/blogdofarnesio.com.br\\\/#\\\/schema\\\/logo\\\/image\\\/\",\"url\":\"https:\\\/\\\/blogdofarnesio.com.br\\\/wp-content\\\/uploads\\\/2026\\\/03\\\/cropped-logo_new-1.png\",\"contentUrl\":\"https:\\\/\\\/blogdofarnesio.com.br\\\/wp-content\\\/uploads\\\/2026\\\/03\\\/cropped-logo_new-1.png\",\"width\":881,\"height\":685,\"caption\":\"Blog do Farn\u00e9sio\"},\"image\":{\"@id\":\"https:\\\/\\\/blogdofarnesio.com.br\\\/#\\\/schema\\\/logo\\\/image\\\/\"},\"sameAs\":[\"https:\\\/\\\/www.facebook.com\\\/BlogQuerSaberPolitica\\\/\"]},{\"@type\":\"Person\",\"@id\":\"https:\\\/\\\/blogdofarnesio.com.br\\\/#\\\/schema\\\/person\\\/bb9b23ae3ad0609ce8df7b6c9e76824d\",\"name\":\"Farn\u00e9sio\",\"image\":{\"@type\":\"ImageObject\",\"inLanguage\":\"pt-BR\",\"@id\":\"https:\\\/\\\/secure.gravatar.com\\\/avatar\\\/986aa4c61ccdb66f8555bf88fc2a65609d00bcabd4d2d94377a727547345cbca?s=96&d=mm&r=g\",\"url\":\"https:\\\/\\\/secure.gravatar.com\\\/avatar\\\/986aa4c61ccdb66f8555bf88fc2a65609d00bcabd4d2d94377a727547345cbca?s=96&d=mm&r=g\",\"contentUrl\":\"https:\\\/\\\/secure.gravatar.com\\\/avatar\\\/986aa4c61ccdb66f8555bf88fc2a65609d00bcabd4d2d94377a727547345cbca?s=96&d=mm&r=g\",\"caption\":\"Farn\u00e9sio\"},\"description\":\"Radialista blogueiro, chegou a Petrolina\\\/Juazeiro em setembro de 1980, Farn\u00e9sio Silva \u00e9 de Arapiraca-Alagoas.\",\"sameAs\":[\"http:\\\/\\\/blogdofarnesio.com.br\",\"https:\\\/\\\/www.facebook.com\\\/?ref=tn_tnmn\",\"https:\\\/\\\/www.instagram.com\\\/?utm_source=pwa_homescreen\",\"https:\\\/\\\/youtube.com.br\\\/\"],\"url\":\"https:\\\/\\\/blogdofarnesio.com.br\\\/?author=2\"}]}<\/script>\n<!-- \/ Yoast SEO plugin. -->","yoast_head_json":{"title":"V\u00cdDEO: Ap\u00f3s divulga\u00e7\u00e3o de pagamento do Master a ACM Neto, ex-prefeito aciona STF e afirma que dados foram \u201cmanipulados\u201d - Blog do Farn\u00e9sio","robots":{"index":"index","follow":"follow","max-snippet":"max-snippet:-1","max-image-preview":"max-image-preview:large","max-video-preview":"max-video-preview:-1"},"canonical":"https:\/\/blogdofarnesio.com.br\/?p=416916","og_locale":"pt_BR","og_type":"article","og_title":"V\u00cdDEO: Ap\u00f3s divulga\u00e7\u00e3o de pagamento do Master a ACM Neto, ex-prefeito aciona STF e afirma que dados foram \u201cmanipulados\u201d - Blog do Farn\u00e9sio","og_description":"BN &#8211; O pr\u00e9-candidato ao governo do estado, ACM Neto (Uni\u00e3o), se pronunciou nesta quarta-feira (11) ap\u00f3s a\u00a0divulga\u00e7\u00e3o de pagamentos do banco Master\/ Reag feitos a uma empresa dele. O ex-prefeito de Salvador afirmou que vai acionar o Supremo Tribunal Federal e a Procuradoria-Geral da Rep\u00fablica para pedir a apura\u00e7\u00e3o do que classificou como vazamento criminoso de dados sigilosos. Segundo Neto, o requerimento ser\u00e1 protocolado ainda nesta quarta-feira e tamb\u00e9m coloca o pr\u00f3prio ex-prefeito \u00e0 disposi\u00e7\u00e3o das autoridades para prestar esclarecimentos. \u201cAinda no dia de hoje, estamos dando entrada junto ao Supremo Tribunal Federal e \u00e0 Procuradoria-Geral da Rep\u00fablica, com um requerimento, solicitando que se apure o vazamento criminoso de dados sigilosos, um vazamento manipulado que foi amplamente noticiado na&hellip;","og_url":"https:\/\/blogdofarnesio.com.br\/?p=416916","og_site_name":"Blog do Farn\u00e9sio","article_publisher":"https:\/\/www.facebook.com\/BlogQuerSaberPolitica\/","article_author":"https:\/\/www.facebook.com\/?ref=tn_tnmn","article_published_time":"2026-03-12T13:03:55+00:00","og_image":[{"width":380,"height":280,"url":"https:\/\/blogdofarnesio.com.br\/wp-content\/uploads\/2022\/05\/blgoqspacm-neto.jpg","type":"image\/jpeg"}],"author":"Farn\u00e9sio","twitter_card":"summary_large_image","twitter_misc":{"Escrito por":"Farn\u00e9sio","Est. tempo de leitura":"2 minutos"},"schema":{"@context":"https:\/\/schema.org","@graph":[{"@type":"Article","@id":"https:\/\/blogdofarnesio.com.br\/?p=416916#article","isPartOf":{"@id":"https:\/\/blogdofarnesio.com.br\/?p=416916"},"author":{"name":"Farn\u00e9sio","@id":"https:\/\/blogdofarnesio.com.br\/#\/schema\/person\/bb9b23ae3ad0609ce8df7b6c9e76824d"},"headline":"V\u00cdDEO: Ap\u00f3s divulga\u00e7\u00e3o de pagamento do Master a ACM Neto, ex-prefeito aciona STF e afirma que dados foram \u201cmanipulados\u201d","datePublished":"2026-03-12T13:03:55+00:00","mainEntityOfPage":{"@id":"https:\/\/blogdofarnesio.com.br\/?p=416916"},"wordCount":299,"commentCount":0,"publisher":{"@id":"https:\/\/blogdofarnesio.com.br\/#organization"},"image":{"@id":"https:\/\/blogdofarnesio.com.br\/?p=416916#primaryimage"},"thumbnailUrl":"https:\/\/blogdofarnesio.com.br\/wp-content\/uploads\/2022\/05\/blgoqspacm-neto.jpg","articleSection":["Pol\u00edtica"],"inLanguage":"pt-BR","potentialAction":[{"@type":"CommentAction","name":"Comment","target":["https:\/\/blogdofarnesio.com.br\/?p=416916#respond"]}]},{"@type":"WebPage","@id":"https:\/\/blogdofarnesio.com.br\/?p=416916","url":"https:\/\/blogdofarnesio.com.br\/?p=416916","name":"V\u00cdDEO: Ap\u00f3s divulga\u00e7\u00e3o de pagamento do Master a ACM Neto, ex-prefeito aciona STF e afirma que dados foram \u201cmanipulados\u201d - Blog do Farn\u00e9sio","isPartOf":{"@id":"https:\/\/blogdofarnesio.com.br\/#website"},"primaryImageOfPage":{"@id":"https:\/\/blogdofarnesio.com.br\/?p=416916#primaryimage"},"image":{"@id":"https:\/\/blogdofarnesio.com.br\/?p=416916#primaryimage"},"thumbnailUrl":"https:\/\/blogdofarnesio.com.br\/wp-content\/uploads\/2022\/05\/blgoqspacm-neto.jpg","datePublished":"2026-03-12T13:03:55+00:00","breadcrumb":{"@id":"https:\/\/blogdofarnesio.com.br\/?p=416916#breadcrumb"},"inLanguage":"pt-BR","potentialAction":[{"@type":"ReadAction","target":["https:\/\/blogdofarnesio.com.br\/?p=416916"]}]},{"@type":"ImageObject","inLanguage":"pt-BR","@id":"https:\/\/blogdofarnesio.com.br\/?p=416916#primaryimage","url":"https:\/\/blogdofarnesio.com.br\/wp-content\/uploads\/2022\/05\/blgoqspacm-neto.jpg","contentUrl":"https:\/\/blogdofarnesio.com.br\/wp-content\/uploads\/2022\/05\/blgoqspacm-neto.jpg","width":380,"height":280},{"@type":"BreadcrumbList","@id":"https:\/\/blogdofarnesio.com.br\/?p=416916#breadcrumb","itemListElement":[{"@type":"ListItem","position":1,"name":"In\u00edcio","item":"https:\/\/blogdofarnesio.com.br\/"},{"@type":"ListItem","position":2,"name":"V\u00cdDEO: Ap\u00f3s divulga\u00e7\u00e3o de pagamento do Master a ACM Neto, ex-prefeito aciona STF e afirma que dados foram \u201cmanipulados\u201d"}]},{"@type":"WebSite","@id":"https:\/\/blogdofarnesio.com.br\/#website","url":"https:\/\/blogdofarnesio.com.br\/","name":"Blog do Farn\u00e9sio","description":"Quer Saber Pol\u00edtica?","publisher":{"@id":"https:\/\/blogdofarnesio.com.br\/#organization"},"potentialAction":[{"@type":"SearchAction","target":{"@type":"EntryPoint","urlTemplate":"https:\/\/blogdofarnesio.com.br\/?s={search_term_string}"},"query-input":{"@type":"PropertyValueSpecification","valueRequired":true,"valueName":"search_term_string"}}],"inLanguage":"pt-BR"},{"@type":"Organization","@id":"https:\/\/blogdofarnesio.com.br\/#organization","name":"Blog do Farn\u00e9sio","url":"https:\/\/blogdofarnesio.com.br\/","logo":{"@type":"ImageObject","inLanguage":"pt-BR","@id":"https:\/\/blogdofarnesio.com.br\/#\/schema\/logo\/image\/","url":"https:\/\/blogdofarnesio.com.br\/wp-content\/uploads\/2026\/03\/cropped-logo_new-1.png","contentUrl":"https:\/\/blogdofarnesio.com.br\/wp-content\/uploads\/2026\/03\/cropped-logo_new-1.png","width":881,"height":685,"caption":"Blog do Farn\u00e9sio"},"image":{"@id":"https:\/\/blogdofarnesio.com.br\/#\/schema\/logo\/image\/"},"sameAs":["https:\/\/www.facebook.com\/BlogQuerSaberPolitica\/"]},{"@type":"Person","@id":"https:\/\/blogdofarnesio.com.br\/#\/schema\/person\/bb9b23ae3ad0609ce8df7b6c9e76824d","name":"Farn\u00e9sio","image":{"@type":"ImageObject","inLanguage":"pt-BR","@id":"https:\/\/secure.gravatar.com\/avatar\/986aa4c61ccdb66f8555bf88fc2a65609d00bcabd4d2d94377a727547345cbca?s=96&d=mm&r=g","url":"https:\/\/secure.gravatar.com\/avatar\/986aa4c61ccdb66f8555bf88fc2a65609d00bcabd4d2d94377a727547345cbca?s=96&d=mm&r=g","contentUrl":"https:\/\/secure.gravatar.com\/avatar\/986aa4c61ccdb66f8555bf88fc2a65609d00bcabd4d2d94377a727547345cbca?s=96&d=mm&r=g","caption":"Farn\u00e9sio"},"description":"Radialista blogueiro, chegou a Petrolina\/Juazeiro em setembro de 1980, Farn\u00e9sio Silva \u00e9 de Arapiraca-Alagoas.","sameAs":["http:\/\/blogdofarnesio.com.br","https:\/\/www.facebook.com\/?ref=tn_tnmn","https:\/\/www.instagram.com\/?utm_source=pwa_homescreen","https:\/\/youtube.com.br\/"],"url":"https:\/\/blogdofarnesio.com.br\/?author=2"}]}},"_links":{"self":[{"href":"https:\/\/blogdofarnesio.com.br\/index.php?rest_route=\/wp\/v2\/posts\/416916","targetHints":{"allow":["GET"]}}],"collection":[{"href":"https:\/\/blogdofarnesio.com.br\/index.php?rest_route=\/wp\/v2\/posts"}],"about":[{"href":"https:\/\/blogdofarnesio.com.br\/index.php?rest_route=\/wp\/v2\/types\/post"}],"author":[{"embeddable":true,"href":"https:\/\/blogdofarnesio.com.br\/index.php?rest_route=\/wp\/v2\/users\/2"}],"replies":[{"embeddable":true,"href":"https:\/\/blogdofarnesio.com.br\/index.php?rest_route=%2Fwp%2Fv2%2Fcomments&post=416916"}],"version-history":[{"count":1,"href":"https:\/\/blogdofarnesio.com.br\/index.php?rest_route=\/wp\/v2\/posts\/416916\/revisions"}],"predecessor-version":[{"id":416917,"href":"https:\/\/blogdofarnesio.com.br\/index.php?rest_route=\/wp\/v2\/posts\/416916\/revisions\/416917"}],"wp:featuredmedia":[{"embeddable":true,"href":"https:\/\/blogdofarnesio.com.br\/index.php?rest_route=\/wp\/v2\/media\/313629"}],"wp:attachment":[{"href":"https:\/\/blogdofarnesio.com.br\/index.php?rest_route=%2Fwp%2Fv2%2Fmedia&parent=416916"}],"wp:term":[{"taxonomy":"category","embeddable":true,"href":"https:\/\/blogdofarnesio.com.br\/index.php?rest_route=%2Fwp%2Fv2%2Fcategories&post=416916"},{"taxonomy":"post_tag","embeddable":true,"href":"https:\/\/blogdofarnesio.com.br\/index.php?rest_route=%2Fwp%2Fv2%2Ftags&post=416916"}],"curies":[{"name":"wp","href":"https:\/\/api.w.org\/{rel}","templated":true}]}}