{"id":416913,"date":"2026-03-12T10:23:32","date_gmt":"2026-03-12T13:23:32","guid":{"rendered":"https:\/\/blogdofarnesio.com.br\/?p=416913"},"modified":"2026-03-11T19:17:44","modified_gmt":"2026-03-11T22:17:44","slug":"equipes-da-prefeitura-seguem-atuando-em-areas-afetadas-pelas-chuvas-em-petrolina","status":"publish","type":"post","link":"https:\/\/blogdofarnesio.com.br\/?p=416913","title":{"rendered":"Equipes da Prefeitura seguem atuando em \u00e1reas afetadas pelas chuvas em Petrolina"},"content":{"rendered":"<p>Ap\u00f3s as fortes chuvas registradas na \u00faltima semana, as equipes da Prefeitura de Petrolina continuam mobilizadas nos pontos de aten\u00e7\u00e3o da cidade onde foram registrados transtornos. As a\u00e7\u00f5es fazem parte do trabalho de resposta e manuten\u00e7\u00e3o realizado pelos servi\u00e7os p\u00fablicos para garantir a seguran\u00e7a da popula\u00e7\u00e3o e a normaliza\u00e7\u00e3o das \u00e1reas afetadas.<\/p>\n<p>Entre os principais servi\u00e7os executados neste per\u00edodo de p\u00f3s-chuvas est\u00e3o: manuten\u00e7\u00e3o da limpeza de grelhas e caixas de drenagem de \u00e1gua de chuva; desobstru\u00e7\u00e3o de canais; remo\u00e7\u00e3o de \u00e1rvores com risco de queda; \u00a0drenagem de ruas e avenidas com o uso de bombas de suc\u00e7\u00e3o para auxiliar no escoamento da \u00e1gua acumulada. Esta semana, seis bombas est\u00e3o em atividade nos bairros Cosme e Dami\u00e3o, Jardim Petr\u00f3polis, Dom Avelar e na Lagoa do Jatob\u00e1.<\/p>\n<p>De acordo com a gest\u00e3o municipal, essas atividades s\u00e3o realizadas de forma permanente ao longo de todo o ano. No entanto, durante o per\u00edodo chuvoso, os trabalhos s\u00e3o intensificados para reduzir os impactos causados pelas precipita\u00e7\u00f5es e garantir maior agilidade no atendimento \u00e0s demandas da popula\u00e7\u00e3o.<\/p>\n","protected":false},"excerpt":{"rendered":"<p>Ap\u00f3s as fortes chuvas registradas na \u00faltima semana, as equipes da Prefeitura de Petrolina continuam mobilizadas nos pontos de aten\u00e7\u00e3o da cidade onde foram registrados transtornos. As a\u00e7\u00f5es fazem parte do trabalho de resposta e manuten\u00e7\u00e3o realizado pelos servi\u00e7os p\u00fablicos para garantir a seguran\u00e7a da popula\u00e7\u00e3o e a normaliza\u00e7\u00e3o das \u00e1reas afetadas. Entre os principais servi\u00e7os executados neste per\u00edodo de p\u00f3s-chuvas est\u00e3o: manuten\u00e7\u00e3o da limpeza de grelhas e caixas de drenagem de \u00e1gua de chuva; desobstru\u00e7\u00e3o de canais; remo\u00e7\u00e3o de \u00e1rvores com risco de queda; \u00a0drenagem de ruas e avenidas com o uso de bombas de suc\u00e7\u00e3o para auxiliar no escoamento da \u00e1gua acumulada. Esta semana, seis bombas est\u00e3o em atividade nos bairros Cosme e Dami\u00e3o, Jardim Petr\u00f3polis, Dom Avelar&hellip; <\/p>\n","protected":false},"author":2,"featured_media":416914,"comment_status":"open","ping_status":"open","sticky":false,"template":"","format":"standard","meta":{"_acf_changed":false,"footnotes":""},"categories":[18],"tags":[],"class_list":["post-416913","post","type-post","status-publish","format-standard","has-post-thumbnail","hentry","category-chuvas"],"acf":[],"yoast_head":"<!-- This site is optimized with the Yoast SEO plugin v27.4 - https:\/\/yoast.com\/product\/yoast-seo-wordpress\/ -->\n<title>Equipes da Prefeitura seguem atuando em \u00e1reas afetadas pelas chuvas em Petrolina - Blog do Farn\u00e9sio<\/title>\n<meta name=\"robots\" content=\"index, follow, max-snippet:-1, max-image-preview:large, max-video-preview:-1\" \/>\n<link rel=\"canonical\" href=\"https:\/\/blogdofarnesio.com.br\/?p=416913\" \/>\n<meta property=\"og:locale\" content=\"pt_BR\" \/>\n<meta property=\"og:type\" content=\"article\" \/>\n<meta property=\"og:title\" content=\"Equipes da Prefeitura seguem atuando em \u00e1reas afetadas pelas chuvas em Petrolina - Blog do Farn\u00e9sio\" \/>\n<meta property=\"og:description\" content=\"Ap\u00f3s as fortes chuvas registradas na \u00faltima semana, as equipes da Prefeitura de Petrolina continuam mobilizadas nos pontos de aten\u00e7\u00e3o da cidade onde foram registrados transtornos. As a\u00e7\u00f5es fazem parte do trabalho de resposta e manuten\u00e7\u00e3o realizado pelos servi\u00e7os p\u00fablicos para garantir a seguran\u00e7a da popula\u00e7\u00e3o e a normaliza\u00e7\u00e3o das \u00e1reas afetadas. Entre os principais servi\u00e7os executados neste per\u00edodo de p\u00f3s-chuvas est\u00e3o: manuten\u00e7\u00e3o da limpeza de grelhas e caixas de drenagem de \u00e1gua de chuva; desobstru\u00e7\u00e3o de canais; remo\u00e7\u00e3o de \u00e1rvores com risco de queda; \u00a0drenagem de ruas e avenidas com o uso de bombas de suc\u00e7\u00e3o para auxiliar no escoamento da \u00e1gua acumulada. Esta semana, seis bombas est\u00e3o em atividade nos bairros Cosme e Dami\u00e3o, Jardim Petr\u00f3polis, Dom Avelar&hellip;\" \/>\n<meta property=\"og:url\" content=\"https:\/\/blogdofarnesio.com.br\/?p=416913\" \/>\n<meta property=\"og:site_name\" content=\"Blog do Farn\u00e9sio\" \/>\n<meta property=\"article:publisher\" content=\"https:\/\/www.facebook.com\/BlogQuerSaberPolitica\/\" \/>\n<meta property=\"article:author\" content=\"https:\/\/www.facebook.com\/?ref=tn_tnmn\" \/>\n<meta property=\"article:published_time\" content=\"2026-03-12T13:23:32+00:00\" \/>\n<meta property=\"og:image\" content=\"https:\/\/blogdofarnesio.com.br\/wp-content\/uploads\/2026\/03\/Bomba-e1773267411906.jpeg\" \/>\n\t<meta property=\"og:image:width\" content=\"600\" \/>\n\t<meta property=\"og:image:height\" content=\"338\" \/>\n\t<meta property=\"og:image:type\" content=\"image\/jpeg\" \/>\n<meta name=\"author\" content=\"Farn\u00e9sio\" \/>\n<meta name=\"twitter:card\" content=\"summary_large_image\" \/>\n<meta name=\"twitter:label1\" content=\"Escrito por\" \/>\n\t<meta name=\"twitter:data1\" content=\"Farn\u00e9sio\" \/>\n\t<meta name=\"twitter:label2\" content=\"Est. tempo de leitura\" \/>\n\t<meta name=\"twitter:data2\" content=\"2 minutos\" \/>\n<script type=\"application\/ld+json\" class=\"yoast-schema-graph\">{\"@context\":\"https:\\\/\\\/schema.org\",\"@graph\":[{\"@type\":\"Article\",\"@id\":\"https:\\\/\\\/blogdofarnesio.com.br\\\/?p=416913#article\",\"isPartOf\":{\"@id\":\"https:\\\/\\\/blogdofarnesio.com.br\\\/?p=416913\"},\"author\":{\"name\":\"Farn\u00e9sio\",\"@id\":\"https:\\\/\\\/blogdofarnesio.com.br\\\/#\\\/schema\\\/person\\\/bb9b23ae3ad0609ce8df7b6c9e76824d\"},\"headline\":\"Equipes da Prefeitura seguem atuando em \u00e1reas afetadas pelas chuvas em Petrolina\",\"datePublished\":\"2026-03-12T13:23:32+00:00\",\"mainEntityOfPage\":{\"@id\":\"https:\\\/\\\/blogdofarnesio.com.br\\\/?p=416913\"},\"wordCount\":209,\"commentCount\":0,\"publisher\":{\"@id\":\"https:\\\/\\\/blogdofarnesio.com.br\\\/#organization\"},\"image\":{\"@id\":\"https:\\\/\\\/blogdofarnesio.com.br\\\/?p=416913#primaryimage\"},\"thumbnailUrl\":\"https:\\\/\\\/blogdofarnesio.com.br\\\/wp-content\\\/uploads\\\/2026\\\/03\\\/Bomba-e1773267411906.jpeg\",\"articleSection\":[\"Chuvas\"],\"inLanguage\":\"pt-BR\",\"potentialAction\":[{\"@type\":\"CommentAction\",\"name\":\"Comment\",\"target\":[\"https:\\\/\\\/blogdofarnesio.com.br\\\/?p=416913#respond\"]}]},{\"@type\":\"WebPage\",\"@id\":\"https:\\\/\\\/blogdofarnesio.com.br\\\/?p=416913\",\"url\":\"https:\\\/\\\/blogdofarnesio.com.br\\\/?p=416913\",\"name\":\"Equipes da Prefeitura seguem atuando em \u00e1reas afetadas pelas chuvas em Petrolina - Blog do Farn\u00e9sio\",\"isPartOf\":{\"@id\":\"https:\\\/\\\/blogdofarnesio.com.br\\\/#website\"},\"primaryImageOfPage\":{\"@id\":\"https:\\\/\\\/blogdofarnesio.com.br\\\/?p=416913#primaryimage\"},\"image\":{\"@id\":\"https:\\\/\\\/blogdofarnesio.com.br\\\/?p=416913#primaryimage\"},\"thumbnailUrl\":\"https:\\\/\\\/blogdofarnesio.com.br\\\/wp-content\\\/uploads\\\/2026\\\/03\\\/Bomba-e1773267411906.jpeg\",\"datePublished\":\"2026-03-12T13:23:32+00:00\",\"breadcrumb\":{\"@id\":\"https:\\\/\\\/blogdofarnesio.com.br\\\/?p=416913#breadcrumb\"},\"inLanguage\":\"pt-BR\",\"potentialAction\":[{\"@type\":\"ReadAction\",\"target\":[\"https:\\\/\\\/blogdofarnesio.com.br\\\/?p=416913\"]}]},{\"@type\":\"ImageObject\",\"inLanguage\":\"pt-BR\",\"@id\":\"https:\\\/\\\/blogdofarnesio.com.br\\\/?p=416913#primaryimage\",\"url\":\"https:\\\/\\\/blogdofarnesio.com.br\\\/wp-content\\\/uploads\\\/2026\\\/03\\\/Bomba-e1773267411906.jpeg\",\"contentUrl\":\"https:\\\/\\\/blogdofarnesio.com.br\\\/wp-content\\\/uploads\\\/2026\\\/03\\\/Bomba-e1773267411906.jpeg\",\"width\":600,\"height\":338},{\"@type\":\"BreadcrumbList\",\"@id\":\"https:\\\/\\\/blogdofarnesio.com.br\\\/?p=416913#breadcrumb\",\"itemListElement\":[{\"@type\":\"ListItem\",\"position\":1,\"name\":\"In\u00edcio\",\"item\":\"https:\\\/\\\/blogdofarnesio.com.br\\\/\"},{\"@type\":\"ListItem\",\"position\":2,\"name\":\"Equipes da Prefeitura seguem atuando em \u00e1reas afetadas pelas chuvas em Petrolina\"}]},{\"@type\":\"WebSite\",\"@id\":\"https:\\\/\\\/blogdofarnesio.com.br\\\/#website\",\"url\":\"https:\\\/\\\/blogdofarnesio.com.br\\\/\",\"name\":\"Blog do Farn\u00e9sio\",\"description\":\"Quer Saber Pol\u00edtica?\",\"publisher\":{\"@id\":\"https:\\\/\\\/blogdofarnesio.com.br\\\/#organization\"},\"potentialAction\":[{\"@type\":\"SearchAction\",\"target\":{\"@type\":\"EntryPoint\",\"urlTemplate\":\"https:\\\/\\\/blogdofarnesio.com.br\\\/?s={search_term_string}\"},\"query-input\":{\"@type\":\"PropertyValueSpecification\",\"valueRequired\":true,\"valueName\":\"search_term_string\"}}],\"inLanguage\":\"pt-BR\"},{\"@type\":\"Organization\",\"@id\":\"https:\\\/\\\/blogdofarnesio.com.br\\\/#organization\",\"name\":\"Blog do Farn\u00e9sio\",\"url\":\"https:\\\/\\\/blogdofarnesio.com.br\\\/\",\"logo\":{\"@type\":\"ImageObject\",\"inLanguage\":\"pt-BR\",\"@id\":\"https:\\\/\\\/blogdofarnesio.com.br\\\/#\\\/schema\\\/logo\\\/image\\\/\",\"url\":\"https:\\\/\\\/blogdofarnesio.com.br\\\/wp-content\\\/uploads\\\/2026\\\/03\\\/cropped-logo_new-1.png\",\"contentUrl\":\"https:\\\/\\\/blogdofarnesio.com.br\\\/wp-content\\\/uploads\\\/2026\\\/03\\\/cropped-logo_new-1.png\",\"width\":881,\"height\":685,\"caption\":\"Blog do Farn\u00e9sio\"},\"image\":{\"@id\":\"https:\\\/\\\/blogdofarnesio.com.br\\\/#\\\/schema\\\/logo\\\/image\\\/\"},\"sameAs\":[\"https:\\\/\\\/www.facebook.com\\\/BlogQuerSaberPolitica\\\/\"]},{\"@type\":\"Person\",\"@id\":\"https:\\\/\\\/blogdofarnesio.com.br\\\/#\\\/schema\\\/person\\\/bb9b23ae3ad0609ce8df7b6c9e76824d\",\"name\":\"Farn\u00e9sio\",\"image\":{\"@type\":\"ImageObject\",\"inLanguage\":\"pt-BR\",\"@id\":\"https:\\\/\\\/secure.gravatar.com\\\/avatar\\\/986aa4c61ccdb66f8555bf88fc2a65609d00bcabd4d2d94377a727547345cbca?s=96&d=mm&r=g\",\"url\":\"https:\\\/\\\/secure.gravatar.com\\\/avatar\\\/986aa4c61ccdb66f8555bf88fc2a65609d00bcabd4d2d94377a727547345cbca?s=96&d=mm&r=g\",\"contentUrl\":\"https:\\\/\\\/secure.gravatar.com\\\/avatar\\\/986aa4c61ccdb66f8555bf88fc2a65609d00bcabd4d2d94377a727547345cbca?s=96&d=mm&r=g\",\"caption\":\"Farn\u00e9sio\"},\"description\":\"Radialista blogueiro, chegou a Petrolina\\\/Juazeiro em setembro de 1980, Farn\u00e9sio Silva \u00e9 de Arapiraca-Alagoas.\",\"sameAs\":[\"http:\\\/\\\/blogdofarnesio.com.br\",\"https:\\\/\\\/www.facebook.com\\\/?ref=tn_tnmn\",\"https:\\\/\\\/www.instagram.com\\\/?utm_source=pwa_homescreen\",\"https:\\\/\\\/youtube.com.br\\\/\"],\"url\":\"https:\\\/\\\/blogdofarnesio.com.br\\\/?author=2\"}]}<\/script>\n<!-- \/ Yoast SEO plugin. -->","yoast_head_json":{"title":"Equipes da Prefeitura seguem atuando em \u00e1reas afetadas pelas chuvas em Petrolina - Blog do Farn\u00e9sio","robots":{"index":"index","follow":"follow","max-snippet":"max-snippet:-1","max-image-preview":"max-image-preview:large","max-video-preview":"max-video-preview:-1"},"canonical":"https:\/\/blogdofarnesio.com.br\/?p=416913","og_locale":"pt_BR","og_type":"article","og_title":"Equipes da Prefeitura seguem atuando em \u00e1reas afetadas pelas chuvas em Petrolina - Blog do Farn\u00e9sio","og_description":"Ap\u00f3s as fortes chuvas registradas na \u00faltima semana, as equipes da Prefeitura de Petrolina continuam mobilizadas nos pontos de aten\u00e7\u00e3o da cidade onde foram registrados transtornos. As a\u00e7\u00f5es fazem parte do trabalho de resposta e manuten\u00e7\u00e3o realizado pelos servi\u00e7os p\u00fablicos para garantir a seguran\u00e7a da popula\u00e7\u00e3o e a normaliza\u00e7\u00e3o das \u00e1reas afetadas. Entre os principais servi\u00e7os executados neste per\u00edodo de p\u00f3s-chuvas est\u00e3o: manuten\u00e7\u00e3o da limpeza de grelhas e caixas de drenagem de \u00e1gua de chuva; desobstru\u00e7\u00e3o de canais; remo\u00e7\u00e3o de \u00e1rvores com risco de queda; \u00a0drenagem de ruas e avenidas com o uso de bombas de suc\u00e7\u00e3o para auxiliar no escoamento da \u00e1gua acumulada. Esta semana, seis bombas est\u00e3o em atividade nos bairros Cosme e Dami\u00e3o, Jardim Petr\u00f3polis, Dom Avelar&hellip;","og_url":"https:\/\/blogdofarnesio.com.br\/?p=416913","og_site_name":"Blog do Farn\u00e9sio","article_publisher":"https:\/\/www.facebook.com\/BlogQuerSaberPolitica\/","article_author":"https:\/\/www.facebook.com\/?ref=tn_tnmn","article_published_time":"2026-03-12T13:23:32+00:00","og_image":[{"width":600,"height":338,"url":"https:\/\/blogdofarnesio.com.br\/wp-content\/uploads\/2026\/03\/Bomba-e1773267411906.jpeg","type":"image\/jpeg"}],"author":"Farn\u00e9sio","twitter_card":"summary_large_image","twitter_misc":{"Escrito por":"Farn\u00e9sio","Est. tempo de leitura":"2 minutos"},"schema":{"@context":"https:\/\/schema.org","@graph":[{"@type":"Article","@id":"https:\/\/blogdofarnesio.com.br\/?p=416913#article","isPartOf":{"@id":"https:\/\/blogdofarnesio.com.br\/?p=416913"},"author":{"name":"Farn\u00e9sio","@id":"https:\/\/blogdofarnesio.com.br\/#\/schema\/person\/bb9b23ae3ad0609ce8df7b6c9e76824d"},"headline":"Equipes da Prefeitura seguem atuando em \u00e1reas afetadas pelas chuvas em Petrolina","datePublished":"2026-03-12T13:23:32+00:00","mainEntityOfPage":{"@id":"https:\/\/blogdofarnesio.com.br\/?p=416913"},"wordCount":209,"commentCount":0,"publisher":{"@id":"https:\/\/blogdofarnesio.com.br\/#organization"},"image":{"@id":"https:\/\/blogdofarnesio.com.br\/?p=416913#primaryimage"},"thumbnailUrl":"https:\/\/blogdofarnesio.com.br\/wp-content\/uploads\/2026\/03\/Bomba-e1773267411906.jpeg","articleSection":["Chuvas"],"inLanguage":"pt-BR","potentialAction":[{"@type":"CommentAction","name":"Comment","target":["https:\/\/blogdofarnesio.com.br\/?p=416913#respond"]}]},{"@type":"WebPage","@id":"https:\/\/blogdofarnesio.com.br\/?p=416913","url":"https:\/\/blogdofarnesio.com.br\/?p=416913","name":"Equipes da Prefeitura seguem atuando em \u00e1reas afetadas pelas chuvas em Petrolina - Blog do Farn\u00e9sio","isPartOf":{"@id":"https:\/\/blogdofarnesio.com.br\/#website"},"primaryImageOfPage":{"@id":"https:\/\/blogdofarnesio.com.br\/?p=416913#primaryimage"},"image":{"@id":"https:\/\/blogdofarnesio.com.br\/?p=416913#primaryimage"},"thumbnailUrl":"https:\/\/blogdofarnesio.com.br\/wp-content\/uploads\/2026\/03\/Bomba-e1773267411906.jpeg","datePublished":"2026-03-12T13:23:32+00:00","breadcrumb":{"@id":"https:\/\/blogdofarnesio.com.br\/?p=416913#breadcrumb"},"inLanguage":"pt-BR","potentialAction":[{"@type":"ReadAction","target":["https:\/\/blogdofarnesio.com.br\/?p=416913"]}]},{"@type":"ImageObject","inLanguage":"pt-BR","@id":"https:\/\/blogdofarnesio.com.br\/?p=416913#primaryimage","url":"https:\/\/blogdofarnesio.com.br\/wp-content\/uploads\/2026\/03\/Bomba-e1773267411906.jpeg","contentUrl":"https:\/\/blogdofarnesio.com.br\/wp-content\/uploads\/2026\/03\/Bomba-e1773267411906.jpeg","width":600,"height":338},{"@type":"BreadcrumbList","@id":"https:\/\/blogdofarnesio.com.br\/?p=416913#breadcrumb","itemListElement":[{"@type":"ListItem","position":1,"name":"In\u00edcio","item":"https:\/\/blogdofarnesio.com.br\/"},{"@type":"ListItem","position":2,"name":"Equipes da Prefeitura seguem atuando em \u00e1reas afetadas pelas chuvas em Petrolina"}]},{"@type":"WebSite","@id":"https:\/\/blogdofarnesio.com.br\/#website","url":"https:\/\/blogdofarnesio.com.br\/","name":"Blog do Farn\u00e9sio","description":"Quer Saber Pol\u00edtica?","publisher":{"@id":"https:\/\/blogdofarnesio.com.br\/#organization"},"potentialAction":[{"@type":"SearchAction","target":{"@type":"EntryPoint","urlTemplate":"https:\/\/blogdofarnesio.com.br\/?s={search_term_string}"},"query-input":{"@type":"PropertyValueSpecification","valueRequired":true,"valueName":"search_term_string"}}],"inLanguage":"pt-BR"},{"@type":"Organization","@id":"https:\/\/blogdofarnesio.com.br\/#organization","name":"Blog do Farn\u00e9sio","url":"https:\/\/blogdofarnesio.com.br\/","logo":{"@type":"ImageObject","inLanguage":"pt-BR","@id":"https:\/\/blogdofarnesio.com.br\/#\/schema\/logo\/image\/","url":"https:\/\/blogdofarnesio.com.br\/wp-content\/uploads\/2026\/03\/cropped-logo_new-1.png","contentUrl":"https:\/\/blogdofarnesio.com.br\/wp-content\/uploads\/2026\/03\/cropped-logo_new-1.png","width":881,"height":685,"caption":"Blog do Farn\u00e9sio"},"image":{"@id":"https:\/\/blogdofarnesio.com.br\/#\/schema\/logo\/image\/"},"sameAs":["https:\/\/www.facebook.com\/BlogQuerSaberPolitica\/"]},{"@type":"Person","@id":"https:\/\/blogdofarnesio.com.br\/#\/schema\/person\/bb9b23ae3ad0609ce8df7b6c9e76824d","name":"Farn\u00e9sio","image":{"@type":"ImageObject","inLanguage":"pt-BR","@id":"https:\/\/secure.gravatar.com\/avatar\/986aa4c61ccdb66f8555bf88fc2a65609d00bcabd4d2d94377a727547345cbca?s=96&d=mm&r=g","url":"https:\/\/secure.gravatar.com\/avatar\/986aa4c61ccdb66f8555bf88fc2a65609d00bcabd4d2d94377a727547345cbca?s=96&d=mm&r=g","contentUrl":"https:\/\/secure.gravatar.com\/avatar\/986aa4c61ccdb66f8555bf88fc2a65609d00bcabd4d2d94377a727547345cbca?s=96&d=mm&r=g","caption":"Farn\u00e9sio"},"description":"Radialista blogueiro, chegou a Petrolina\/Juazeiro em setembro de 1980, Farn\u00e9sio Silva \u00e9 de Arapiraca-Alagoas.","sameAs":["http:\/\/blogdofarnesio.com.br","https:\/\/www.facebook.com\/?ref=tn_tnmn","https:\/\/www.instagram.com\/?utm_source=pwa_homescreen","https:\/\/youtube.com.br\/"],"url":"https:\/\/blogdofarnesio.com.br\/?author=2"}]}},"_links":{"self":[{"href":"https:\/\/blogdofarnesio.com.br\/index.php?rest_route=\/wp\/v2\/posts\/416913","targetHints":{"allow":["GET"]}}],"collection":[{"href":"https:\/\/blogdofarnesio.com.br\/index.php?rest_route=\/wp\/v2\/posts"}],"about":[{"href":"https:\/\/blogdofarnesio.com.br\/index.php?rest_route=\/wp\/v2\/types\/post"}],"author":[{"embeddable":true,"href":"https:\/\/blogdofarnesio.com.br\/index.php?rest_route=\/wp\/v2\/users\/2"}],"replies":[{"embeddable":true,"href":"https:\/\/blogdofarnesio.com.br\/index.php?rest_route=%2Fwp%2Fv2%2Fcomments&post=416913"}],"version-history":[{"count":1,"href":"https:\/\/blogdofarnesio.com.br\/index.php?rest_route=\/wp\/v2\/posts\/416913\/revisions"}],"predecessor-version":[{"id":416915,"href":"https:\/\/blogdofarnesio.com.br\/index.php?rest_route=\/wp\/v2\/posts\/416913\/revisions\/416915"}],"wp:featuredmedia":[{"embeddable":true,"href":"https:\/\/blogdofarnesio.com.br\/index.php?rest_route=\/wp\/v2\/media\/416914"}],"wp:attachment":[{"href":"https:\/\/blogdofarnesio.com.br\/index.php?rest_route=%2Fwp%2Fv2%2Fmedia&parent=416913"}],"wp:term":[{"taxonomy":"category","embeddable":true,"href":"https:\/\/blogdofarnesio.com.br\/index.php?rest_route=%2Fwp%2Fv2%2Fcategories&post=416913"},{"taxonomy":"post_tag","embeddable":true,"href":"https:\/\/blogdofarnesio.com.br\/index.php?rest_route=%2Fwp%2Fv2%2Ftags&post=416913"}],"curies":[{"name":"wp","href":"https:\/\/api.w.org\/{rel}","templated":true}]}}