{"id":416910,"date":"2026-03-12T08:02:02","date_gmt":"2026-03-12T11:02:02","guid":{"rendered":"https:\/\/blogdofarnesio.com.br\/?p=416910"},"modified":"2026-03-11T18:38:23","modified_gmt":"2026-03-11T21:38:23","slug":"entre-lula-e-flavio-quem-e-o-mais-honesto-o-mais-sincero-ou-radical-saiba-como-os-brasileiros-avaliam-os-candidatos","status":"publish","type":"post","link":"https:\/\/blogdofarnesio.com.br\/?p=416910","title":{"rendered":"Entre Lula e Fl\u00e1vio, quem \u00e9 o mais honesto, o mais sincero ou radical? Saiba como os brasileiros avaliam os candidatos"},"content":{"rendered":"<div class=\"sc-b4c8ccf3-0 fsXNOt\">\n<h3 class=\"sc-b4c8ccf3-1 ireAxk\"><span style=\"font-size: 16px;\">Por Edu Mota &#8211;\u00a0<\/span><\/h3>\n<\/div>\n<div class=\"sc-24c322fd-1 laZqPV\">\n<div class=\"sc-24c322fd-3 giHdVV\">\n<p>O presidente Lula (PT) \u00e9 um l\u00edder mais forte, mais sens\u00edvel, que se preocupa com as pessoas, al\u00e9m de ser competente e sincero. J\u00e1 o senador Fl\u00e1vio Bolsonaro (PL-RJ) \u00e9 visto como menos radical que Lula e mais honesto que o presidente.<\/p>\n<p>Em resumo, essas foram algumas opini\u00f5es dadas pelos entrevistados da pesquisa Quaest, em uma rodada de questionamentos sobre caracter\u00edsticas pessoas e atributos dos dois candidatos. A Quaest apresentou diversas caracter\u00edsticas e perguntou se os entrevistados concordavam ou discordavam se o atributo cabia a cada um dos candidatos.<\/p>\n<p>Um desses atributos apresentados foi a honestidade. Neste quesito, 23% concordam que Lula possui esse atributo e 69% discordam. Sobre Fl\u00e1vio Bolsonaro, 26% acham que o senador \u00e9 honesto e 62% discordam.<\/p>\n<p>O quesito em que o presidente Lula teve o maior \u00edndice de concord\u00e2ncia a seu favor foi sobre a for\u00e7a como l\u00edder. Um total de 51% concordaram que Lula \u00e9 um l\u00edder forte, contra 42% que enxergaram essa caracter\u00edstica em Fl\u00e1vio Bolsonaro.<\/p>\n<p>Confira abaixo como os entrevistados da Quaest enxergaram os dois principais candidatos da corrida presidencial deste ano:<\/p>\n<p><strong><em>\u00c9 um l\u00edder forte?<\/em><\/strong><\/p>\n<p><strong>Lula<\/strong><\/p>\n<p>Concorda: 51%<br \/>\nDiscorda: 46%<br \/>\nN\u00e3o concorda nem discorda: 1%<br \/>\nN\u00e3o sabem\/n\u00e3o responderam: 2%<\/p>\n<p><strong>Fl\u00e1vio Bolsonaro<\/strong><\/p>\n<p>Concorda: 42%<br \/>\nN\u00e3o concorda nem discorda: 2%<br \/>\nDiscorda: 49%<br \/>\nN\u00e3o sabem\/n\u00e3o responderam: 7%<\/p>\n<p><strong><em>\u00c9 radical?<\/em><\/strong><\/p>\n<p><strong>Lula<\/strong><\/p>\n<p>Concorda: 46%<br \/>\nDiscorda: 46%<br \/>\nN\u00e3o concorda nem discorda: 2%<br \/>\nN\u00e3o sabem\/n\u00e3o responderam: 6%<\/p>\n<p><strong>Fl\u00e1vio Bolsonaro<\/strong><\/p>\n<p>Concorda: 45%<br \/>\nDiscorda: 44%<br \/>\nN\u00e3o concorda nem discorda: 2%<br \/>\nN\u00e3o sabem\/n\u00e3o responderam: 9%<\/p>\n<p><strong><em>\u00c9 sens\u00edvel?<\/em><\/strong><\/p>\n<p><strong>Lula<\/strong><\/p>\n<p>Concorda: 45%<br \/>\nDiscorda: 50%<br \/>\nN\u00e3o concorda nem discorda: 2%<br \/>\nN\u00e3o sabem\/n\u00e3o responderam: 3%<\/p>\n<p><strong>Fl\u00e1vio Bolsonaro<\/strong><\/p>\n<p>Concorda: 32%<br \/>\nDiscorda: 59%<br \/>\nN\u00e3o concorda nem discorda: 2%<br \/>\nN\u00e3o sabem\/n\u00e3o responderam: 7%<\/p>\n<p><strong><em>Tem princ\u00edpios?<\/em><\/strong><\/p>\n<p><strong>Lula<\/strong><\/p>\n<p>Concorda: 42%<br \/>\nDiscorda: 53%<br \/>\nN\u00e3o concorda nem discorda: 2%<br \/>\nN\u00e3o sabem\/n\u00e3o responderam: 3%<\/p>\n<p><strong>Fl\u00e1vio Bolsonaro<\/strong><\/p>\n<p>Concorda: 41%<br \/>\nDiscorda: 50%<br \/>\nN\u00e3o concorda nem discorda: 2%<br \/>\nN\u00e3o sabem\/n\u00e3o responderam: 7%<\/p>\n<p><strong><em>Se preocupa com as pessoas?<\/em><\/strong><\/p>\n<p><strong>Lula<\/strong><\/p>\n<p>Concorda: 42%<br \/>\nDiscorda: 53%<br \/>\nN\u00e3o concorda nem discorda: 2%<br \/>\nN\u00e3o sabem\/n\u00e3o responderam: 3%<\/p>\n<p><strong>Fl\u00e1vio Bolsonaro<\/strong><\/p>\n<p>Concorda: 31%<br \/>\nDiscorda: 60%<br \/>\nN\u00e3o concorda nem discorda: 2%<br \/>\nN\u00e3o sabem\/n\u00e3o responderam: 7%<\/p>\n<p><strong><em>\u00c9 competente?<\/em><\/strong><\/p>\n<p><strong>Lula<\/strong><\/p>\n<p>Concorda: 41%<br \/>\nDiscorda: 53%<br \/>\nN\u00e3o concorda nem discorda: 3%<br \/>\nN\u00e3o sabem\/n\u00e3o responderam: 3%<\/p>\n<p><strong>Fl\u00e1vio Bolsonaro<\/strong><\/p>\n<p>Concorda: 37%<br \/>\nDiscorda: 52%<br \/>\nN\u00e3o concorda nem discorda: 3%<br \/>\nN\u00e3o sabem\/n\u00e3o responderam: 8%<\/p>\n<p><strong><em>\u00c9 sincero?<\/em><\/strong><\/p>\n<p><strong>Lula<\/strong><\/p>\n<p>Concorda: 27%<br \/>\nDiscorda: 67%<br \/>\nN\u00e3o concorda nem discorda: 2%<br \/>\nN\u00e3o sabem\/n\u00e3o responderam: 4%<\/p>\n<p><strong>Fl\u00e1vio Bolsonaro<\/strong><\/p>\n<p>Concorda: 25%<br \/>\nDiscorda: 64%<br \/>\nN\u00e3o concorda nem discorda: 3%<br \/>\nN\u00e3o sabem\/n\u00e3o responderam: 8%<\/p>\n<p><strong><em>\u00c9 honesto?<\/em><\/strong><\/p>\n<p><strong>Lula<\/strong><\/p>\n<p>Concorda: 23%<br \/>\nDiscorda: 69%<br \/>\nN\u00e3o concorda nem discorda: 3%<br \/>\nN\u00e3o sabem\/n\u00e3o responderam: 5%<\/p>\n<p><strong>Fl\u00e1vio Bolsonaro<\/strong><\/p>\n<p>Concorda: 26%<br \/>\nDiscorda: 62%<br \/>\nN\u00e3o concorda nem discorda: 3%<br \/>\nN\u00e3o sabem\/n\u00e3o responderam: 9%<\/p>\n<p>O levantamento foi encomendado pela Genial Investimentos e ouviu 2.004 pessoas com 16 anos ou mais entre os dias 5 e 9 de mar\u00e7o. A margem de erro \u00e9 de dois pontos para mais ou para menos, e o n\u00edvel de confian\u00e7a \u00e9 de 95%.<\/p>\n<\/div>\n<\/div>\n","protected":false},"excerpt":{"rendered":"<p>Por Edu Mota &#8211;\u00a0 O presidente Lula (PT) \u00e9 um l\u00edder mais forte, mais sens\u00edvel, que se preocupa com as pessoas, al\u00e9m de ser competente e sincero. J\u00e1 o senador Fl\u00e1vio Bolsonaro (PL-RJ) \u00e9 visto como menos radical que Lula e mais honesto que o presidente. Em resumo, essas foram algumas opini\u00f5es dadas pelos entrevistados da pesquisa Quaest, em uma rodada de questionamentos sobre caracter\u00edsticas pessoas e atributos dos dois candidatos. A Quaest apresentou diversas caracter\u00edsticas e perguntou se os entrevistados concordavam ou discordavam se o atributo cabia a cada um dos candidatos. Um desses atributos apresentados foi a honestidade. Neste quesito, 23% concordam que Lula possui esse atributo e 69% discordam. Sobre Fl\u00e1vio Bolsonaro, 26% acham que o senador&hellip; <\/p>\n","protected":false},"author":2,"featured_media":411327,"comment_status":"open","ping_status":"open","sticky":false,"template":"","format":"standard","meta":{"_acf_changed":false,"footnotes":""},"categories":[51],"tags":[],"class_list":["post-416910","post","type-post","status-publish","format-standard","has-post-thumbnail","hentry","category-pesquisa"],"acf":[],"yoast_head":"<!-- This site is optimized with the Yoast SEO plugin v27.4 - https:\/\/yoast.com\/product\/yoast-seo-wordpress\/ -->\n<title>Entre Lula e Fl\u00e1vio, quem \u00e9 o mais honesto, o mais sincero ou radical? Saiba como os brasileiros avaliam os candidatos - Blog do Farn\u00e9sio<\/title>\n<meta name=\"robots\" content=\"index, follow, max-snippet:-1, max-image-preview:large, max-video-preview:-1\" \/>\n<link rel=\"canonical\" href=\"https:\/\/blogdofarnesio.com.br\/?p=416910\" \/>\n<meta property=\"og:locale\" content=\"pt_BR\" \/>\n<meta property=\"og:type\" content=\"article\" \/>\n<meta property=\"og:title\" content=\"Entre Lula e Fl\u00e1vio, quem \u00e9 o mais honesto, o mais sincero ou radical? Saiba como os brasileiros avaliam os candidatos - Blog do Farn\u00e9sio\" \/>\n<meta property=\"og:description\" content=\"Por Edu Mota &#8211;\u00a0 O presidente Lula (PT) \u00e9 um l\u00edder mais forte, mais sens\u00edvel, que se preocupa com as pessoas, al\u00e9m de ser competente e sincero. J\u00e1 o senador Fl\u00e1vio Bolsonaro (PL-RJ) \u00e9 visto como menos radical que Lula e mais honesto que o presidente. Em resumo, essas foram algumas opini\u00f5es dadas pelos entrevistados da pesquisa Quaest, em uma rodada de questionamentos sobre caracter\u00edsticas pessoas e atributos dos dois candidatos. A Quaest apresentou diversas caracter\u00edsticas e perguntou se os entrevistados concordavam ou discordavam se o atributo cabia a cada um dos candidatos. Um desses atributos apresentados foi a honestidade. Neste quesito, 23% concordam que Lula possui esse atributo e 69% discordam. Sobre Fl\u00e1vio Bolsonaro, 26% acham que o senador&hellip;\" \/>\n<meta property=\"og:url\" content=\"https:\/\/blogdofarnesio.com.br\/?p=416910\" \/>\n<meta property=\"og:site_name\" content=\"Blog do Farn\u00e9sio\" \/>\n<meta property=\"article:publisher\" content=\"https:\/\/www.facebook.com\/BlogQuerSaberPolitica\/\" \/>\n<meta property=\"article:author\" content=\"https:\/\/www.facebook.com\/?ref=tn_tnmn\" \/>\n<meta property=\"article:published_time\" content=\"2026-03-12T11:02:02+00:00\" \/>\n<meta property=\"og:image\" content=\"https:\/\/blogdofarnesio.com.br\/wp-content\/uploads\/2025\/12\/blogqsplula-flavio.png\" \/>\n\t<meta property=\"og:image:width\" content=\"786\" \/>\n\t<meta property=\"og:image:height\" content=\"445\" \/>\n\t<meta property=\"og:image:type\" content=\"image\/png\" \/>\n<meta name=\"author\" content=\"Farn\u00e9sio\" \/>\n<meta name=\"twitter:card\" content=\"summary_large_image\" \/>\n<meta name=\"twitter:label1\" content=\"Escrito por\" \/>\n\t<meta name=\"twitter:data1\" content=\"Farn\u00e9sio\" \/>\n\t<meta name=\"twitter:label2\" content=\"Est. tempo de leitura\" \/>\n\t<meta name=\"twitter:data2\" content=\"3 minutos\" \/>\n<script type=\"application\/ld+json\" class=\"yoast-schema-graph\">{\"@context\":\"https:\\\/\\\/schema.org\",\"@graph\":[{\"@type\":\"Article\",\"@id\":\"https:\\\/\\\/blogdofarnesio.com.br\\\/?p=416910#article\",\"isPartOf\":{\"@id\":\"https:\\\/\\\/blogdofarnesio.com.br\\\/?p=416910\"},\"author\":{\"name\":\"Farn\u00e9sio\",\"@id\":\"https:\\\/\\\/blogdofarnesio.com.br\\\/#\\\/schema\\\/person\\\/bb9b23ae3ad0609ce8df7b6c9e76824d\"},\"headline\":\"Entre Lula e Fl\u00e1vio, quem \u00e9 o mais honesto, o mais sincero ou radical? Saiba como os brasileiros avaliam os candidatos\",\"datePublished\":\"2026-03-12T11:02:02+00:00\",\"mainEntityOfPage\":{\"@id\":\"https:\\\/\\\/blogdofarnesio.com.br\\\/?p=416910\"},\"wordCount\":508,\"commentCount\":0,\"publisher\":{\"@id\":\"https:\\\/\\\/blogdofarnesio.com.br\\\/#organization\"},\"image\":{\"@id\":\"https:\\\/\\\/blogdofarnesio.com.br\\\/?p=416910#primaryimage\"},\"thumbnailUrl\":\"https:\\\/\\\/blogdofarnesio.com.br\\\/wp-content\\\/uploads\\\/2025\\\/12\\\/blogqsplula-flavio.png\",\"articleSection\":[\"Pesquisa\"],\"inLanguage\":\"pt-BR\",\"potentialAction\":[{\"@type\":\"CommentAction\",\"name\":\"Comment\",\"target\":[\"https:\\\/\\\/blogdofarnesio.com.br\\\/?p=416910#respond\"]}]},{\"@type\":\"WebPage\",\"@id\":\"https:\\\/\\\/blogdofarnesio.com.br\\\/?p=416910\",\"url\":\"https:\\\/\\\/blogdofarnesio.com.br\\\/?p=416910\",\"name\":\"Entre Lula e Fl\u00e1vio, quem \u00e9 o mais honesto, o mais sincero ou radical? Saiba como os brasileiros avaliam os candidatos - Blog do Farn\u00e9sio\",\"isPartOf\":{\"@id\":\"https:\\\/\\\/blogdofarnesio.com.br\\\/#website\"},\"primaryImageOfPage\":{\"@id\":\"https:\\\/\\\/blogdofarnesio.com.br\\\/?p=416910#primaryimage\"},\"image\":{\"@id\":\"https:\\\/\\\/blogdofarnesio.com.br\\\/?p=416910#primaryimage\"},\"thumbnailUrl\":\"https:\\\/\\\/blogdofarnesio.com.br\\\/wp-content\\\/uploads\\\/2025\\\/12\\\/blogqsplula-flavio.png\",\"datePublished\":\"2026-03-12T11:02:02+00:00\",\"breadcrumb\":{\"@id\":\"https:\\\/\\\/blogdofarnesio.com.br\\\/?p=416910#breadcrumb\"},\"inLanguage\":\"pt-BR\",\"potentialAction\":[{\"@type\":\"ReadAction\",\"target\":[\"https:\\\/\\\/blogdofarnesio.com.br\\\/?p=416910\"]}]},{\"@type\":\"ImageObject\",\"inLanguage\":\"pt-BR\",\"@id\":\"https:\\\/\\\/blogdofarnesio.com.br\\\/?p=416910#primaryimage\",\"url\":\"https:\\\/\\\/blogdofarnesio.com.br\\\/wp-content\\\/uploads\\\/2025\\\/12\\\/blogqsplula-flavio.png\",\"contentUrl\":\"https:\\\/\\\/blogdofarnesio.com.br\\\/wp-content\\\/uploads\\\/2025\\\/12\\\/blogqsplula-flavio.png\",\"width\":786,\"height\":445},{\"@type\":\"BreadcrumbList\",\"@id\":\"https:\\\/\\\/blogdofarnesio.com.br\\\/?p=416910#breadcrumb\",\"itemListElement\":[{\"@type\":\"ListItem\",\"position\":1,\"name\":\"In\u00edcio\",\"item\":\"https:\\\/\\\/blogdofarnesio.com.br\\\/\"},{\"@type\":\"ListItem\",\"position\":2,\"name\":\"Entre Lula e Fl\u00e1vio, quem \u00e9 o mais honesto, o mais sincero ou radical? Saiba como os brasileiros avaliam os candidatos\"}]},{\"@type\":\"WebSite\",\"@id\":\"https:\\\/\\\/blogdofarnesio.com.br\\\/#website\",\"url\":\"https:\\\/\\\/blogdofarnesio.com.br\\\/\",\"name\":\"Blog do Farn\u00e9sio\",\"description\":\"Quer Saber Pol\u00edtica?\",\"publisher\":{\"@id\":\"https:\\\/\\\/blogdofarnesio.com.br\\\/#organization\"},\"potentialAction\":[{\"@type\":\"SearchAction\",\"target\":{\"@type\":\"EntryPoint\",\"urlTemplate\":\"https:\\\/\\\/blogdofarnesio.com.br\\\/?s={search_term_string}\"},\"query-input\":{\"@type\":\"PropertyValueSpecification\",\"valueRequired\":true,\"valueName\":\"search_term_string\"}}],\"inLanguage\":\"pt-BR\"},{\"@type\":\"Organization\",\"@id\":\"https:\\\/\\\/blogdofarnesio.com.br\\\/#organization\",\"name\":\"Blog do Farn\u00e9sio\",\"url\":\"https:\\\/\\\/blogdofarnesio.com.br\\\/\",\"logo\":{\"@type\":\"ImageObject\",\"inLanguage\":\"pt-BR\",\"@id\":\"https:\\\/\\\/blogdofarnesio.com.br\\\/#\\\/schema\\\/logo\\\/image\\\/\",\"url\":\"https:\\\/\\\/blogdofarnesio.com.br\\\/wp-content\\\/uploads\\\/2026\\\/03\\\/cropped-logo_new-1.png\",\"contentUrl\":\"https:\\\/\\\/blogdofarnesio.com.br\\\/wp-content\\\/uploads\\\/2026\\\/03\\\/cropped-logo_new-1.png\",\"width\":881,\"height\":685,\"caption\":\"Blog do Farn\u00e9sio\"},\"image\":{\"@id\":\"https:\\\/\\\/blogdofarnesio.com.br\\\/#\\\/schema\\\/logo\\\/image\\\/\"},\"sameAs\":[\"https:\\\/\\\/www.facebook.com\\\/BlogQuerSaberPolitica\\\/\"]},{\"@type\":\"Person\",\"@id\":\"https:\\\/\\\/blogdofarnesio.com.br\\\/#\\\/schema\\\/person\\\/bb9b23ae3ad0609ce8df7b6c9e76824d\",\"name\":\"Farn\u00e9sio\",\"image\":{\"@type\":\"ImageObject\",\"inLanguage\":\"pt-BR\",\"@id\":\"https:\\\/\\\/secure.gravatar.com\\\/avatar\\\/986aa4c61ccdb66f8555bf88fc2a65609d00bcabd4d2d94377a727547345cbca?s=96&d=mm&r=g\",\"url\":\"https:\\\/\\\/secure.gravatar.com\\\/avatar\\\/986aa4c61ccdb66f8555bf88fc2a65609d00bcabd4d2d94377a727547345cbca?s=96&d=mm&r=g\",\"contentUrl\":\"https:\\\/\\\/secure.gravatar.com\\\/avatar\\\/986aa4c61ccdb66f8555bf88fc2a65609d00bcabd4d2d94377a727547345cbca?s=96&d=mm&r=g\",\"caption\":\"Farn\u00e9sio\"},\"description\":\"Radialista blogueiro, chegou a Petrolina\\\/Juazeiro em setembro de 1980, Farn\u00e9sio Silva \u00e9 de Arapiraca-Alagoas.\",\"sameAs\":[\"http:\\\/\\\/blogdofarnesio.com.br\",\"https:\\\/\\\/www.facebook.com\\\/?ref=tn_tnmn\",\"https:\\\/\\\/www.instagram.com\\\/?utm_source=pwa_homescreen\",\"https:\\\/\\\/youtube.com.br\\\/\"],\"url\":\"https:\\\/\\\/blogdofarnesio.com.br\\\/?author=2\"}]}<\/script>\n<!-- \/ Yoast SEO plugin. -->","yoast_head_json":{"title":"Entre Lula e Fl\u00e1vio, quem \u00e9 o mais honesto, o mais sincero ou radical? Saiba como os brasileiros avaliam os candidatos - Blog do Farn\u00e9sio","robots":{"index":"index","follow":"follow","max-snippet":"max-snippet:-1","max-image-preview":"max-image-preview:large","max-video-preview":"max-video-preview:-1"},"canonical":"https:\/\/blogdofarnesio.com.br\/?p=416910","og_locale":"pt_BR","og_type":"article","og_title":"Entre Lula e Fl\u00e1vio, quem \u00e9 o mais honesto, o mais sincero ou radical? Saiba como os brasileiros avaliam os candidatos - Blog do Farn\u00e9sio","og_description":"Por Edu Mota &#8211;\u00a0 O presidente Lula (PT) \u00e9 um l\u00edder mais forte, mais sens\u00edvel, que se preocupa com as pessoas, al\u00e9m de ser competente e sincero. J\u00e1 o senador Fl\u00e1vio Bolsonaro (PL-RJ) \u00e9 visto como menos radical que Lula e mais honesto que o presidente. Em resumo, essas foram algumas opini\u00f5es dadas pelos entrevistados da pesquisa Quaest, em uma rodada de questionamentos sobre caracter\u00edsticas pessoas e atributos dos dois candidatos. A Quaest apresentou diversas caracter\u00edsticas e perguntou se os entrevistados concordavam ou discordavam se o atributo cabia a cada um dos candidatos. Um desses atributos apresentados foi a honestidade. Neste quesito, 23% concordam que Lula possui esse atributo e 69% discordam. Sobre Fl\u00e1vio Bolsonaro, 26% acham que o senador&hellip;","og_url":"https:\/\/blogdofarnesio.com.br\/?p=416910","og_site_name":"Blog do Farn\u00e9sio","article_publisher":"https:\/\/www.facebook.com\/BlogQuerSaberPolitica\/","article_author":"https:\/\/www.facebook.com\/?ref=tn_tnmn","article_published_time":"2026-03-12T11:02:02+00:00","og_image":[{"width":786,"height":445,"url":"https:\/\/blogdofarnesio.com.br\/wp-content\/uploads\/2025\/12\/blogqsplula-flavio.png","type":"image\/png"}],"author":"Farn\u00e9sio","twitter_card":"summary_large_image","twitter_misc":{"Escrito por":"Farn\u00e9sio","Est. tempo de leitura":"3 minutos"},"schema":{"@context":"https:\/\/schema.org","@graph":[{"@type":"Article","@id":"https:\/\/blogdofarnesio.com.br\/?p=416910#article","isPartOf":{"@id":"https:\/\/blogdofarnesio.com.br\/?p=416910"},"author":{"name":"Farn\u00e9sio","@id":"https:\/\/blogdofarnesio.com.br\/#\/schema\/person\/bb9b23ae3ad0609ce8df7b6c9e76824d"},"headline":"Entre Lula e Fl\u00e1vio, quem \u00e9 o mais honesto, o mais sincero ou radical? Saiba como os brasileiros avaliam os candidatos","datePublished":"2026-03-12T11:02:02+00:00","mainEntityOfPage":{"@id":"https:\/\/blogdofarnesio.com.br\/?p=416910"},"wordCount":508,"commentCount":0,"publisher":{"@id":"https:\/\/blogdofarnesio.com.br\/#organization"},"image":{"@id":"https:\/\/blogdofarnesio.com.br\/?p=416910#primaryimage"},"thumbnailUrl":"https:\/\/blogdofarnesio.com.br\/wp-content\/uploads\/2025\/12\/blogqsplula-flavio.png","articleSection":["Pesquisa"],"inLanguage":"pt-BR","potentialAction":[{"@type":"CommentAction","name":"Comment","target":["https:\/\/blogdofarnesio.com.br\/?p=416910#respond"]}]},{"@type":"WebPage","@id":"https:\/\/blogdofarnesio.com.br\/?p=416910","url":"https:\/\/blogdofarnesio.com.br\/?p=416910","name":"Entre Lula e Fl\u00e1vio, quem \u00e9 o mais honesto, o mais sincero ou radical? Saiba como os brasileiros avaliam os candidatos - Blog do Farn\u00e9sio","isPartOf":{"@id":"https:\/\/blogdofarnesio.com.br\/#website"},"primaryImageOfPage":{"@id":"https:\/\/blogdofarnesio.com.br\/?p=416910#primaryimage"},"image":{"@id":"https:\/\/blogdofarnesio.com.br\/?p=416910#primaryimage"},"thumbnailUrl":"https:\/\/blogdofarnesio.com.br\/wp-content\/uploads\/2025\/12\/blogqsplula-flavio.png","datePublished":"2026-03-12T11:02:02+00:00","breadcrumb":{"@id":"https:\/\/blogdofarnesio.com.br\/?p=416910#breadcrumb"},"inLanguage":"pt-BR","potentialAction":[{"@type":"ReadAction","target":["https:\/\/blogdofarnesio.com.br\/?p=416910"]}]},{"@type":"ImageObject","inLanguage":"pt-BR","@id":"https:\/\/blogdofarnesio.com.br\/?p=416910#primaryimage","url":"https:\/\/blogdofarnesio.com.br\/wp-content\/uploads\/2025\/12\/blogqsplula-flavio.png","contentUrl":"https:\/\/blogdofarnesio.com.br\/wp-content\/uploads\/2025\/12\/blogqsplula-flavio.png","width":786,"height":445},{"@type":"BreadcrumbList","@id":"https:\/\/blogdofarnesio.com.br\/?p=416910#breadcrumb","itemListElement":[{"@type":"ListItem","position":1,"name":"In\u00edcio","item":"https:\/\/blogdofarnesio.com.br\/"},{"@type":"ListItem","position":2,"name":"Entre Lula e Fl\u00e1vio, quem \u00e9 o mais honesto, o mais sincero ou radical? Saiba como os brasileiros avaliam os candidatos"}]},{"@type":"WebSite","@id":"https:\/\/blogdofarnesio.com.br\/#website","url":"https:\/\/blogdofarnesio.com.br\/","name":"Blog do Farn\u00e9sio","description":"Quer Saber Pol\u00edtica?","publisher":{"@id":"https:\/\/blogdofarnesio.com.br\/#organization"},"potentialAction":[{"@type":"SearchAction","target":{"@type":"EntryPoint","urlTemplate":"https:\/\/blogdofarnesio.com.br\/?s={search_term_string}"},"query-input":{"@type":"PropertyValueSpecification","valueRequired":true,"valueName":"search_term_string"}}],"inLanguage":"pt-BR"},{"@type":"Organization","@id":"https:\/\/blogdofarnesio.com.br\/#organization","name":"Blog do Farn\u00e9sio","url":"https:\/\/blogdofarnesio.com.br\/","logo":{"@type":"ImageObject","inLanguage":"pt-BR","@id":"https:\/\/blogdofarnesio.com.br\/#\/schema\/logo\/image\/","url":"https:\/\/blogdofarnesio.com.br\/wp-content\/uploads\/2026\/03\/cropped-logo_new-1.png","contentUrl":"https:\/\/blogdofarnesio.com.br\/wp-content\/uploads\/2026\/03\/cropped-logo_new-1.png","width":881,"height":685,"caption":"Blog do Farn\u00e9sio"},"image":{"@id":"https:\/\/blogdofarnesio.com.br\/#\/schema\/logo\/image\/"},"sameAs":["https:\/\/www.facebook.com\/BlogQuerSaberPolitica\/"]},{"@type":"Person","@id":"https:\/\/blogdofarnesio.com.br\/#\/schema\/person\/bb9b23ae3ad0609ce8df7b6c9e76824d","name":"Farn\u00e9sio","image":{"@type":"ImageObject","inLanguage":"pt-BR","@id":"https:\/\/secure.gravatar.com\/avatar\/986aa4c61ccdb66f8555bf88fc2a65609d00bcabd4d2d94377a727547345cbca?s=96&d=mm&r=g","url":"https:\/\/secure.gravatar.com\/avatar\/986aa4c61ccdb66f8555bf88fc2a65609d00bcabd4d2d94377a727547345cbca?s=96&d=mm&r=g","contentUrl":"https:\/\/secure.gravatar.com\/avatar\/986aa4c61ccdb66f8555bf88fc2a65609d00bcabd4d2d94377a727547345cbca?s=96&d=mm&r=g","caption":"Farn\u00e9sio"},"description":"Radialista blogueiro, chegou a Petrolina\/Juazeiro em setembro de 1980, Farn\u00e9sio Silva \u00e9 de Arapiraca-Alagoas.","sameAs":["http:\/\/blogdofarnesio.com.br","https:\/\/www.facebook.com\/?ref=tn_tnmn","https:\/\/www.instagram.com\/?utm_source=pwa_homescreen","https:\/\/youtube.com.br\/"],"url":"https:\/\/blogdofarnesio.com.br\/?author=2"}]}},"_links":{"self":[{"href":"https:\/\/blogdofarnesio.com.br\/index.php?rest_route=\/wp\/v2\/posts\/416910","targetHints":{"allow":["GET"]}}],"collection":[{"href":"https:\/\/blogdofarnesio.com.br\/index.php?rest_route=\/wp\/v2\/posts"}],"about":[{"href":"https:\/\/blogdofarnesio.com.br\/index.php?rest_route=\/wp\/v2\/types\/post"}],"author":[{"embeddable":true,"href":"https:\/\/blogdofarnesio.com.br\/index.php?rest_route=\/wp\/v2\/users\/2"}],"replies":[{"embeddable":true,"href":"https:\/\/blogdofarnesio.com.br\/index.php?rest_route=%2Fwp%2Fv2%2Fcomments&post=416910"}],"version-history":[{"count":1,"href":"https:\/\/blogdofarnesio.com.br\/index.php?rest_route=\/wp\/v2\/posts\/416910\/revisions"}],"predecessor-version":[{"id":416911,"href":"https:\/\/blogdofarnesio.com.br\/index.php?rest_route=\/wp\/v2\/posts\/416910\/revisions\/416911"}],"wp:featuredmedia":[{"embeddable":true,"href":"https:\/\/blogdofarnesio.com.br\/index.php?rest_route=\/wp\/v2\/media\/411327"}],"wp:attachment":[{"href":"https:\/\/blogdofarnesio.com.br\/index.php?rest_route=%2Fwp%2Fv2%2Fmedia&parent=416910"}],"wp:term":[{"taxonomy":"category","embeddable":true,"href":"https:\/\/blogdofarnesio.com.br\/index.php?rest_route=%2Fwp%2Fv2%2Fcategories&post=416910"},{"taxonomy":"post_tag","embeddable":true,"href":"https:\/\/blogdofarnesio.com.br\/index.php?rest_route=%2Fwp%2Fv2%2Ftags&post=416910"}],"curies":[{"name":"wp","href":"https:\/\/api.w.org\/{rel}","templated":true}]}}