{"id":416908,"date":"2026-03-12T08:33:59","date_gmt":"2026-03-12T11:33:59","guid":{"rendered":"https:\/\/blogdofarnesio.com.br\/?p=416908"},"modified":"2026-03-11T18:30:39","modified_gmt":"2026-03-11T21:30:39","slug":"toffoli-se-declara-suspeito-em-acao-sobre-cpi-do-banco-master-e-stf-escolhera-novo-relator","status":"publish","type":"post","link":"https:\/\/blogdofarnesio.com.br\/?p=416908","title":{"rendered":"Toffoli se declara suspeito em a\u00e7\u00e3o sobre CPI do Banco Master e STF escolher\u00e1 novo relator"},"content":{"rendered":"<div class=\"sc-b4c8ccf3-0 fsXNOt\"><\/div>\n<div class=\"sc-24c322fd-1 laZqPV\">\n<div class=\"sc-24c322fd-3 giHdVV\">\n<p>O ministro do Supremo Tribunal Federal (STF), Dias Toffoli, se declarou suspeito e n\u00e3o ser\u00e1 mais relator da a\u00e7\u00e3o da C\u00e2mara dos Deputados que cobra a instaura\u00e7\u00e3o de uma Comiss\u00e3o Parlamentar de Inqu\u00e9rito (CPI) para investigar o Banco Master. Nesta quarta-feira (11),\u00a0<a href=\"https:\/\/www.bahianoticias.com.br\/noticia\/314690-dias-toffoli-e-sorteado-relator-de-acao-no-stf-que-cobra-instalacao-da-cpi-do-banco-master\" target=\"_blank\" rel=\"noopener\" data-mrf-link=\"https:\/\/www.bahianoticias.com.br\/noticia\/314690-dias-toffoli-e-sorteado-relator-de-acao-no-stf-que-cobra-instalacao-da-cpi-do-banco-master\">Toffoli tinha sido sorteado para relatar o processo<\/a>.<\/p>\n<p>Em decis\u00e3o desta quarta-feira, Toffoli alegou \u201cforo \u00edntimo\u201d e n\u00e3o entrou em detalhes. Ele citou apenas um trecho do C\u00f3digo de Processo Civil que afirma que \u201cpoder\u00e1 o juiz declarar-se suspeito por motivo de foro \u00edntimo, sem necessidade de declarar suas raz\u00f5es\u201d.<\/p>\n<p>Na nota desta quarta, Toffoli fez quest\u00e3o de ressaltar, contudo, que n\u00e3o foi considerado suspeito ou impedido de relatar a Opera\u00e7\u00e3o Compliance Zero, sobre fraudes no Master. Em fevereiro, ele deixou a relatoria das investiga\u00e7\u00f5es que levaram \u00e1 primeira pris\u00e3o do dono do Master, Daniel Vorcaro, ap\u00f3s desgastes ao ser apontado como um poss\u00edvel amigo do banqueiro.<\/p>\n<p>Na \u00e9poca, o STF emitiu a seguinte nota: \u201cA pedido do Ministro Dias Toffoli, levando em conta a sua faculdade de submeter \u00e0 Presid\u00eancia do Tribunal quest\u00f5es para o bom andamento dos processos (RISTF, art. 21, III) e considerados os altos interesses institucionais, a Presid\u00eancia do Supremo Tribunal Federal, ouvidos todos os Ministros, acolhe comunica\u00e7\u00e3o de Sua Excel\u00eancia quanto ao envio dos feitos respectivos sob a sua Relatoria para que a Presid\u00eancia promova a livre redistribui\u00e7\u00e3o\u201d.<\/p>\n<\/div>\n<\/div>\n","protected":false},"excerpt":{"rendered":"<p>O ministro do Supremo Tribunal Federal (STF), Dias Toffoli, se declarou suspeito e n\u00e3o ser\u00e1 mais relator da a\u00e7\u00e3o da C\u00e2mara dos Deputados que cobra a instaura\u00e7\u00e3o de uma Comiss\u00e3o Parlamentar de Inqu\u00e9rito (CPI) para investigar o Banco Master. Nesta quarta-feira (11),\u00a0Toffoli tinha sido sorteado para relatar o processo. Em decis\u00e3o desta quarta-feira, Toffoli alegou \u201cforo \u00edntimo\u201d e n\u00e3o entrou em detalhes. Ele citou apenas um trecho do C\u00f3digo de Processo Civil que afirma que \u201cpoder\u00e1 o juiz declarar-se suspeito por motivo de foro \u00edntimo, sem necessidade de declarar suas raz\u00f5es\u201d. Na nota desta quarta, Toffoli fez quest\u00e3o de ressaltar, contudo, que n\u00e3o foi considerado suspeito ou impedido de relatar a Opera\u00e7\u00e3o Compliance Zero, sobre fraudes no Master. Em fevereiro,&hellip; <\/p>\n","protected":false},"author":2,"featured_media":412670,"comment_status":"open","ping_status":"open","sticky":false,"template":"","format":"standard","meta":{"_acf_changed":false,"footnotes":""},"categories":[23],"tags":[],"class_list":["post-416908","post","type-post","status-publish","format-standard","has-post-thumbnail","hentry","category-justica"],"acf":[],"yoast_head":"<!-- This site is optimized with the Yoast SEO plugin v27.4 - https:\/\/yoast.com\/product\/yoast-seo-wordpress\/ -->\n<title>Toffoli se declara suspeito em a\u00e7\u00e3o sobre CPI do Banco Master e STF escolher\u00e1 novo relator - Blog do Farn\u00e9sio<\/title>\n<meta name=\"robots\" content=\"index, follow, max-snippet:-1, max-image-preview:large, max-video-preview:-1\" \/>\n<link rel=\"canonical\" href=\"https:\/\/blogdofarnesio.com.br\/?p=416908\" \/>\n<meta property=\"og:locale\" content=\"pt_BR\" \/>\n<meta property=\"og:type\" content=\"article\" \/>\n<meta property=\"og:title\" content=\"Toffoli se declara suspeito em a\u00e7\u00e3o sobre CPI do Banco Master e STF escolher\u00e1 novo relator - Blog do Farn\u00e9sio\" \/>\n<meta property=\"og:description\" content=\"O ministro do Supremo Tribunal Federal (STF), Dias Toffoli, se declarou suspeito e n\u00e3o ser\u00e1 mais relator da a\u00e7\u00e3o da C\u00e2mara dos Deputados que cobra a instaura\u00e7\u00e3o de uma Comiss\u00e3o Parlamentar de Inqu\u00e9rito (CPI) para investigar o Banco Master. Nesta quarta-feira (11),\u00a0Toffoli tinha sido sorteado para relatar o processo. Em decis\u00e3o desta quarta-feira, Toffoli alegou \u201cforo \u00edntimo\u201d e n\u00e3o entrou em detalhes. Ele citou apenas um trecho do C\u00f3digo de Processo Civil que afirma que \u201cpoder\u00e1 o juiz declarar-se suspeito por motivo de foro \u00edntimo, sem necessidade de declarar suas raz\u00f5es\u201d. Na nota desta quarta, Toffoli fez quest\u00e3o de ressaltar, contudo, que n\u00e3o foi considerado suspeito ou impedido de relatar a Opera\u00e7\u00e3o Compliance Zero, sobre fraudes no Master. Em fevereiro,&hellip;\" \/>\n<meta property=\"og:url\" content=\"https:\/\/blogdofarnesio.com.br\/?p=416908\" \/>\n<meta property=\"og:site_name\" content=\"Blog do Farn\u00e9sio\" \/>\n<meta property=\"article:publisher\" content=\"https:\/\/www.facebook.com\/BlogQuerSaberPolitica\/\" \/>\n<meta property=\"article:author\" content=\"https:\/\/www.facebook.com\/?ref=tn_tnmn\" \/>\n<meta property=\"article:published_time\" content=\"2026-03-12T11:33:59+00:00\" \/>\n<meta property=\"og:image\" content=\"https:\/\/blogdofarnesio.com.br\/wp-content\/uploads\/2026\/01\/blogqspstf-dias-toffoli.png\" \/>\n\t<meta property=\"og:image:width\" content=\"785\" \/>\n\t<meta property=\"og:image:height\" content=\"440\" \/>\n\t<meta property=\"og:image:type\" content=\"image\/png\" \/>\n<meta name=\"author\" content=\"Farn\u00e9sio\" \/>\n<meta name=\"twitter:card\" content=\"summary_large_image\" \/>\n<meta name=\"twitter:label1\" content=\"Escrito por\" \/>\n\t<meta name=\"twitter:data1\" content=\"Farn\u00e9sio\" \/>\n\t<meta name=\"twitter:label2\" content=\"Est. tempo de leitura\" \/>\n\t<meta name=\"twitter:data2\" content=\"2 minutos\" \/>\n<script type=\"application\/ld+json\" class=\"yoast-schema-graph\">{\"@context\":\"https:\\\/\\\/schema.org\",\"@graph\":[{\"@type\":\"Article\",\"@id\":\"https:\\\/\\\/blogdofarnesio.com.br\\\/?p=416908#article\",\"isPartOf\":{\"@id\":\"https:\\\/\\\/blogdofarnesio.com.br\\\/?p=416908\"},\"author\":{\"name\":\"Farn\u00e9sio\",\"@id\":\"https:\\\/\\\/blogdofarnesio.com.br\\\/#\\\/schema\\\/person\\\/bb9b23ae3ad0609ce8df7b6c9e76824d\"},\"headline\":\"Toffoli se declara suspeito em a\u00e7\u00e3o sobre CPI do Banco Master e STF escolher\u00e1 novo relator\",\"datePublished\":\"2026-03-12T11:33:59+00:00\",\"mainEntityOfPage\":{\"@id\":\"https:\\\/\\\/blogdofarnesio.com.br\\\/?p=416908\"},\"wordCount\":262,\"commentCount\":0,\"publisher\":{\"@id\":\"https:\\\/\\\/blogdofarnesio.com.br\\\/#organization\"},\"image\":{\"@id\":\"https:\\\/\\\/blogdofarnesio.com.br\\\/?p=416908#primaryimage\"},\"thumbnailUrl\":\"https:\\\/\\\/blogdofarnesio.com.br\\\/wp-content\\\/uploads\\\/2026\\\/01\\\/blogqspstf-dias-toffoli.png\",\"articleSection\":[\"Justi\u00e7a\"],\"inLanguage\":\"pt-BR\",\"potentialAction\":[{\"@type\":\"CommentAction\",\"name\":\"Comment\",\"target\":[\"https:\\\/\\\/blogdofarnesio.com.br\\\/?p=416908#respond\"]}]},{\"@type\":\"WebPage\",\"@id\":\"https:\\\/\\\/blogdofarnesio.com.br\\\/?p=416908\",\"url\":\"https:\\\/\\\/blogdofarnesio.com.br\\\/?p=416908\",\"name\":\"Toffoli se declara suspeito em a\u00e7\u00e3o sobre CPI do Banco Master e STF escolher\u00e1 novo relator - Blog do Farn\u00e9sio\",\"isPartOf\":{\"@id\":\"https:\\\/\\\/blogdofarnesio.com.br\\\/#website\"},\"primaryImageOfPage\":{\"@id\":\"https:\\\/\\\/blogdofarnesio.com.br\\\/?p=416908#primaryimage\"},\"image\":{\"@id\":\"https:\\\/\\\/blogdofarnesio.com.br\\\/?p=416908#primaryimage\"},\"thumbnailUrl\":\"https:\\\/\\\/blogdofarnesio.com.br\\\/wp-content\\\/uploads\\\/2026\\\/01\\\/blogqspstf-dias-toffoli.png\",\"datePublished\":\"2026-03-12T11:33:59+00:00\",\"breadcrumb\":{\"@id\":\"https:\\\/\\\/blogdofarnesio.com.br\\\/?p=416908#breadcrumb\"},\"inLanguage\":\"pt-BR\",\"potentialAction\":[{\"@type\":\"ReadAction\",\"target\":[\"https:\\\/\\\/blogdofarnesio.com.br\\\/?p=416908\"]}]},{\"@type\":\"ImageObject\",\"inLanguage\":\"pt-BR\",\"@id\":\"https:\\\/\\\/blogdofarnesio.com.br\\\/?p=416908#primaryimage\",\"url\":\"https:\\\/\\\/blogdofarnesio.com.br\\\/wp-content\\\/uploads\\\/2026\\\/01\\\/blogqspstf-dias-toffoli.png\",\"contentUrl\":\"https:\\\/\\\/blogdofarnesio.com.br\\\/wp-content\\\/uploads\\\/2026\\\/01\\\/blogqspstf-dias-toffoli.png\",\"width\":785,\"height\":440},{\"@type\":\"BreadcrumbList\",\"@id\":\"https:\\\/\\\/blogdofarnesio.com.br\\\/?p=416908#breadcrumb\",\"itemListElement\":[{\"@type\":\"ListItem\",\"position\":1,\"name\":\"In\u00edcio\",\"item\":\"https:\\\/\\\/blogdofarnesio.com.br\\\/\"},{\"@type\":\"ListItem\",\"position\":2,\"name\":\"Toffoli se declara suspeito em a\u00e7\u00e3o sobre CPI do Banco Master e STF escolher\u00e1 novo relator\"}]},{\"@type\":\"WebSite\",\"@id\":\"https:\\\/\\\/blogdofarnesio.com.br\\\/#website\",\"url\":\"https:\\\/\\\/blogdofarnesio.com.br\\\/\",\"name\":\"Blog do Farn\u00e9sio\",\"description\":\"Quer Saber Pol\u00edtica?\",\"publisher\":{\"@id\":\"https:\\\/\\\/blogdofarnesio.com.br\\\/#organization\"},\"potentialAction\":[{\"@type\":\"SearchAction\",\"target\":{\"@type\":\"EntryPoint\",\"urlTemplate\":\"https:\\\/\\\/blogdofarnesio.com.br\\\/?s={search_term_string}\"},\"query-input\":{\"@type\":\"PropertyValueSpecification\",\"valueRequired\":true,\"valueName\":\"search_term_string\"}}],\"inLanguage\":\"pt-BR\"},{\"@type\":\"Organization\",\"@id\":\"https:\\\/\\\/blogdofarnesio.com.br\\\/#organization\",\"name\":\"Blog do Farn\u00e9sio\",\"url\":\"https:\\\/\\\/blogdofarnesio.com.br\\\/\",\"logo\":{\"@type\":\"ImageObject\",\"inLanguage\":\"pt-BR\",\"@id\":\"https:\\\/\\\/blogdofarnesio.com.br\\\/#\\\/schema\\\/logo\\\/image\\\/\",\"url\":\"https:\\\/\\\/blogdofarnesio.com.br\\\/wp-content\\\/uploads\\\/2026\\\/03\\\/cropped-logo_new-1.png\",\"contentUrl\":\"https:\\\/\\\/blogdofarnesio.com.br\\\/wp-content\\\/uploads\\\/2026\\\/03\\\/cropped-logo_new-1.png\",\"width\":881,\"height\":685,\"caption\":\"Blog do Farn\u00e9sio\"},\"image\":{\"@id\":\"https:\\\/\\\/blogdofarnesio.com.br\\\/#\\\/schema\\\/logo\\\/image\\\/\"},\"sameAs\":[\"https:\\\/\\\/www.facebook.com\\\/BlogQuerSaberPolitica\\\/\"]},{\"@type\":\"Person\",\"@id\":\"https:\\\/\\\/blogdofarnesio.com.br\\\/#\\\/schema\\\/person\\\/bb9b23ae3ad0609ce8df7b6c9e76824d\",\"name\":\"Farn\u00e9sio\",\"image\":{\"@type\":\"ImageObject\",\"inLanguage\":\"pt-BR\",\"@id\":\"https:\\\/\\\/secure.gravatar.com\\\/avatar\\\/986aa4c61ccdb66f8555bf88fc2a65609d00bcabd4d2d94377a727547345cbca?s=96&d=mm&r=g\",\"url\":\"https:\\\/\\\/secure.gravatar.com\\\/avatar\\\/986aa4c61ccdb66f8555bf88fc2a65609d00bcabd4d2d94377a727547345cbca?s=96&d=mm&r=g\",\"contentUrl\":\"https:\\\/\\\/secure.gravatar.com\\\/avatar\\\/986aa4c61ccdb66f8555bf88fc2a65609d00bcabd4d2d94377a727547345cbca?s=96&d=mm&r=g\",\"caption\":\"Farn\u00e9sio\"},\"description\":\"Radialista blogueiro, chegou a Petrolina\\\/Juazeiro em setembro de 1980, Farn\u00e9sio Silva \u00e9 de Arapiraca-Alagoas.\",\"sameAs\":[\"http:\\\/\\\/blogdofarnesio.com.br\",\"https:\\\/\\\/www.facebook.com\\\/?ref=tn_tnmn\",\"https:\\\/\\\/www.instagram.com\\\/?utm_source=pwa_homescreen\",\"https:\\\/\\\/youtube.com.br\\\/\"],\"url\":\"https:\\\/\\\/blogdofarnesio.com.br\\\/?author=2\"}]}<\/script>\n<!-- \/ Yoast SEO plugin. -->","yoast_head_json":{"title":"Toffoli se declara suspeito em a\u00e7\u00e3o sobre CPI do Banco Master e STF escolher\u00e1 novo relator - Blog do Farn\u00e9sio","robots":{"index":"index","follow":"follow","max-snippet":"max-snippet:-1","max-image-preview":"max-image-preview:large","max-video-preview":"max-video-preview:-1"},"canonical":"https:\/\/blogdofarnesio.com.br\/?p=416908","og_locale":"pt_BR","og_type":"article","og_title":"Toffoli se declara suspeito em a\u00e7\u00e3o sobre CPI do Banco Master e STF escolher\u00e1 novo relator - Blog do Farn\u00e9sio","og_description":"O ministro do Supremo Tribunal Federal (STF), Dias Toffoli, se declarou suspeito e n\u00e3o ser\u00e1 mais relator da a\u00e7\u00e3o da C\u00e2mara dos Deputados que cobra a instaura\u00e7\u00e3o de uma Comiss\u00e3o Parlamentar de Inqu\u00e9rito (CPI) para investigar o Banco Master. Nesta quarta-feira (11),\u00a0Toffoli tinha sido sorteado para relatar o processo. Em decis\u00e3o desta quarta-feira, Toffoli alegou \u201cforo \u00edntimo\u201d e n\u00e3o entrou em detalhes. Ele citou apenas um trecho do C\u00f3digo de Processo Civil que afirma que \u201cpoder\u00e1 o juiz declarar-se suspeito por motivo de foro \u00edntimo, sem necessidade de declarar suas raz\u00f5es\u201d. Na nota desta quarta, Toffoli fez quest\u00e3o de ressaltar, contudo, que n\u00e3o foi considerado suspeito ou impedido de relatar a Opera\u00e7\u00e3o Compliance Zero, sobre fraudes no Master. Em fevereiro,&hellip;","og_url":"https:\/\/blogdofarnesio.com.br\/?p=416908","og_site_name":"Blog do Farn\u00e9sio","article_publisher":"https:\/\/www.facebook.com\/BlogQuerSaberPolitica\/","article_author":"https:\/\/www.facebook.com\/?ref=tn_tnmn","article_published_time":"2026-03-12T11:33:59+00:00","og_image":[{"width":785,"height":440,"url":"https:\/\/blogdofarnesio.com.br\/wp-content\/uploads\/2026\/01\/blogqspstf-dias-toffoli.png","type":"image\/png"}],"author":"Farn\u00e9sio","twitter_card":"summary_large_image","twitter_misc":{"Escrito por":"Farn\u00e9sio","Est. tempo de leitura":"2 minutos"},"schema":{"@context":"https:\/\/schema.org","@graph":[{"@type":"Article","@id":"https:\/\/blogdofarnesio.com.br\/?p=416908#article","isPartOf":{"@id":"https:\/\/blogdofarnesio.com.br\/?p=416908"},"author":{"name":"Farn\u00e9sio","@id":"https:\/\/blogdofarnesio.com.br\/#\/schema\/person\/bb9b23ae3ad0609ce8df7b6c9e76824d"},"headline":"Toffoli se declara suspeito em a\u00e7\u00e3o sobre CPI do Banco Master e STF escolher\u00e1 novo relator","datePublished":"2026-03-12T11:33:59+00:00","mainEntityOfPage":{"@id":"https:\/\/blogdofarnesio.com.br\/?p=416908"},"wordCount":262,"commentCount":0,"publisher":{"@id":"https:\/\/blogdofarnesio.com.br\/#organization"},"image":{"@id":"https:\/\/blogdofarnesio.com.br\/?p=416908#primaryimage"},"thumbnailUrl":"https:\/\/blogdofarnesio.com.br\/wp-content\/uploads\/2026\/01\/blogqspstf-dias-toffoli.png","articleSection":["Justi\u00e7a"],"inLanguage":"pt-BR","potentialAction":[{"@type":"CommentAction","name":"Comment","target":["https:\/\/blogdofarnesio.com.br\/?p=416908#respond"]}]},{"@type":"WebPage","@id":"https:\/\/blogdofarnesio.com.br\/?p=416908","url":"https:\/\/blogdofarnesio.com.br\/?p=416908","name":"Toffoli se declara suspeito em a\u00e7\u00e3o sobre CPI do Banco Master e STF escolher\u00e1 novo relator - Blog do Farn\u00e9sio","isPartOf":{"@id":"https:\/\/blogdofarnesio.com.br\/#website"},"primaryImageOfPage":{"@id":"https:\/\/blogdofarnesio.com.br\/?p=416908#primaryimage"},"image":{"@id":"https:\/\/blogdofarnesio.com.br\/?p=416908#primaryimage"},"thumbnailUrl":"https:\/\/blogdofarnesio.com.br\/wp-content\/uploads\/2026\/01\/blogqspstf-dias-toffoli.png","datePublished":"2026-03-12T11:33:59+00:00","breadcrumb":{"@id":"https:\/\/blogdofarnesio.com.br\/?p=416908#breadcrumb"},"inLanguage":"pt-BR","potentialAction":[{"@type":"ReadAction","target":["https:\/\/blogdofarnesio.com.br\/?p=416908"]}]},{"@type":"ImageObject","inLanguage":"pt-BR","@id":"https:\/\/blogdofarnesio.com.br\/?p=416908#primaryimage","url":"https:\/\/blogdofarnesio.com.br\/wp-content\/uploads\/2026\/01\/blogqspstf-dias-toffoli.png","contentUrl":"https:\/\/blogdofarnesio.com.br\/wp-content\/uploads\/2026\/01\/blogqspstf-dias-toffoli.png","width":785,"height":440},{"@type":"BreadcrumbList","@id":"https:\/\/blogdofarnesio.com.br\/?p=416908#breadcrumb","itemListElement":[{"@type":"ListItem","position":1,"name":"In\u00edcio","item":"https:\/\/blogdofarnesio.com.br\/"},{"@type":"ListItem","position":2,"name":"Toffoli se declara suspeito em a\u00e7\u00e3o sobre CPI do Banco Master e STF escolher\u00e1 novo relator"}]},{"@type":"WebSite","@id":"https:\/\/blogdofarnesio.com.br\/#website","url":"https:\/\/blogdofarnesio.com.br\/","name":"Blog do Farn\u00e9sio","description":"Quer Saber Pol\u00edtica?","publisher":{"@id":"https:\/\/blogdofarnesio.com.br\/#organization"},"potentialAction":[{"@type":"SearchAction","target":{"@type":"EntryPoint","urlTemplate":"https:\/\/blogdofarnesio.com.br\/?s={search_term_string}"},"query-input":{"@type":"PropertyValueSpecification","valueRequired":true,"valueName":"search_term_string"}}],"inLanguage":"pt-BR"},{"@type":"Organization","@id":"https:\/\/blogdofarnesio.com.br\/#organization","name":"Blog do Farn\u00e9sio","url":"https:\/\/blogdofarnesio.com.br\/","logo":{"@type":"ImageObject","inLanguage":"pt-BR","@id":"https:\/\/blogdofarnesio.com.br\/#\/schema\/logo\/image\/","url":"https:\/\/blogdofarnesio.com.br\/wp-content\/uploads\/2026\/03\/cropped-logo_new-1.png","contentUrl":"https:\/\/blogdofarnesio.com.br\/wp-content\/uploads\/2026\/03\/cropped-logo_new-1.png","width":881,"height":685,"caption":"Blog do Farn\u00e9sio"},"image":{"@id":"https:\/\/blogdofarnesio.com.br\/#\/schema\/logo\/image\/"},"sameAs":["https:\/\/www.facebook.com\/BlogQuerSaberPolitica\/"]},{"@type":"Person","@id":"https:\/\/blogdofarnesio.com.br\/#\/schema\/person\/bb9b23ae3ad0609ce8df7b6c9e76824d","name":"Farn\u00e9sio","image":{"@type":"ImageObject","inLanguage":"pt-BR","@id":"https:\/\/secure.gravatar.com\/avatar\/986aa4c61ccdb66f8555bf88fc2a65609d00bcabd4d2d94377a727547345cbca?s=96&d=mm&r=g","url":"https:\/\/secure.gravatar.com\/avatar\/986aa4c61ccdb66f8555bf88fc2a65609d00bcabd4d2d94377a727547345cbca?s=96&d=mm&r=g","contentUrl":"https:\/\/secure.gravatar.com\/avatar\/986aa4c61ccdb66f8555bf88fc2a65609d00bcabd4d2d94377a727547345cbca?s=96&d=mm&r=g","caption":"Farn\u00e9sio"},"description":"Radialista blogueiro, chegou a Petrolina\/Juazeiro em setembro de 1980, Farn\u00e9sio Silva \u00e9 de Arapiraca-Alagoas.","sameAs":["http:\/\/blogdofarnesio.com.br","https:\/\/www.facebook.com\/?ref=tn_tnmn","https:\/\/www.instagram.com\/?utm_source=pwa_homescreen","https:\/\/youtube.com.br\/"],"url":"https:\/\/blogdofarnesio.com.br\/?author=2"}]}},"_links":{"self":[{"href":"https:\/\/blogdofarnesio.com.br\/index.php?rest_route=\/wp\/v2\/posts\/416908","targetHints":{"allow":["GET"]}}],"collection":[{"href":"https:\/\/blogdofarnesio.com.br\/index.php?rest_route=\/wp\/v2\/posts"}],"about":[{"href":"https:\/\/blogdofarnesio.com.br\/index.php?rest_route=\/wp\/v2\/types\/post"}],"author":[{"embeddable":true,"href":"https:\/\/blogdofarnesio.com.br\/index.php?rest_route=\/wp\/v2\/users\/2"}],"replies":[{"embeddable":true,"href":"https:\/\/blogdofarnesio.com.br\/index.php?rest_route=%2Fwp%2Fv2%2Fcomments&post=416908"}],"version-history":[{"count":1,"href":"https:\/\/blogdofarnesio.com.br\/index.php?rest_route=\/wp\/v2\/posts\/416908\/revisions"}],"predecessor-version":[{"id":416909,"href":"https:\/\/blogdofarnesio.com.br\/index.php?rest_route=\/wp\/v2\/posts\/416908\/revisions\/416909"}],"wp:featuredmedia":[{"embeddable":true,"href":"https:\/\/blogdofarnesio.com.br\/index.php?rest_route=\/wp\/v2\/media\/412670"}],"wp:attachment":[{"href":"https:\/\/blogdofarnesio.com.br\/index.php?rest_route=%2Fwp%2Fv2%2Fmedia&parent=416908"}],"wp:term":[{"taxonomy":"category","embeddable":true,"href":"https:\/\/blogdofarnesio.com.br\/index.php?rest_route=%2Fwp%2Fv2%2Fcategories&post=416908"},{"taxonomy":"post_tag","embeddable":true,"href":"https:\/\/blogdofarnesio.com.br\/index.php?rest_route=%2Fwp%2Fv2%2Ftags&post=416908"}],"curies":[{"name":"wp","href":"https:\/\/api.w.org\/{rel}","templated":true}]}}