{"id":416901,"date":"2026-03-17T09:22:36","date_gmt":"2026-03-17T12:22:36","guid":{"rendered":"https:\/\/blogdofarnesio.com.br\/?p=416901"},"modified":"2026-03-16T16:58:24","modified_gmt":"2026-03-16T19:58:24","slug":"movimento-azul-2026-promove-conscientizacao-e-debate-sobre-o-autismo-em-juazeiro","status":"publish","type":"post","link":"https:\/\/blogdofarnesio.com.br\/?p=416901","title":{"rendered":"Movimento Azul 2026 promover\u00e1 conscientiza\u00e7\u00e3o e debate sobre o autismo em Juazeiro"},"content":{"rendered":"<p dir=\"ltr\">A Prefeitura de Juazeiro, por meio da Secretaria de Cultura, Turismo e Esporte (Seculte), realiza o Movimento Azul 2026, iniciativa voltada \u00e0 promo\u00e7\u00e3o da inclus\u00e3o, do respeito e do protagonismo das pessoas com Transtorno do Espectro Autista (TEA). A a\u00e7\u00e3o amplia o debate p\u00fablico sobre o autismo visa construir uma sociedade mais acess\u00edvel, acolhedora e consciente sobre a import\u00e2ncia da inclus\u00e3o.<\/p>\n<p dir=\"ltr\">O projeto re\u00fane profissionais das \u00e1reas de educa\u00e7\u00e3o, direito, esporte, sa\u00fade e inclus\u00e3o social. A proposta cria um espa\u00e7o de informa\u00e7\u00e3o, di\u00e1logo e troca de experi\u00eancias entre especialistas, fam\u00edlias e a comunidade, fortalecendo a consci\u00eancia coletiva sobre o autismo e estimulando a\u00e7\u00f5es concretas de inclus\u00e3o no munic\u00edpio.<\/p>\n<p dir=\"ltr\">O evento acontece em dois dias de programa\u00e7\u00e3o tem\u00e1tica. No dia 1\u00ba de abril, as atividades abordam a conscientiza\u00e7\u00e3o, a inclus\u00e3o social e a garantia de direitos das pessoas com TEA, com destaque para a import\u00e2ncia do respeito \u00e0s diferen\u00e7as e da participa\u00e7\u00e3o plena na sociedade. J\u00e1 no dia 2 de abril, a programa\u00e7\u00e3o trata da educa\u00e7\u00e3o inclusiva como ferramenta de transforma\u00e7\u00e3o, al\u00e9m de discutir o protagonismo das pessoas com autismo e o papel da sa\u00fade no desenvolvimento e na qualidade de vida.<\/p>\n<p dir=\"ltr\">A iniciativa reflete o empenho da Prefeitura de Juazeiro com a valoriza\u00e7\u00e3o da diversidade e com o fortalecimento de pol\u00edticas p\u00fablicas que promovam inclus\u00e3o, respeito e igualdade de oportunidades, consolidando o munic\u00edpio como um espa\u00e7o cada vez mais humano, justo e acess\u00edvel para todos.<\/p>\n","protected":false},"excerpt":{"rendered":"<p>A Prefeitura de Juazeiro, por meio da Secretaria de Cultura, Turismo e Esporte (Seculte), realiza o Movimento Azul 2026, iniciativa voltada \u00e0 promo\u00e7\u00e3o da inclus\u00e3o, do respeito e do protagonismo das pessoas com Transtorno do Espectro Autista (TEA). A a\u00e7\u00e3o amplia o debate p\u00fablico sobre o autismo visa construir uma sociedade mais acess\u00edvel, acolhedora e consciente sobre a import\u00e2ncia da inclus\u00e3o. O projeto re\u00fane profissionais das \u00e1reas de educa\u00e7\u00e3o, direito, esporte, sa\u00fade e inclus\u00e3o social. A proposta cria um espa\u00e7o de informa\u00e7\u00e3o, di\u00e1logo e troca de experi\u00eancias entre especialistas, fam\u00edlias e a comunidade, fortalecendo a consci\u00eancia coletiva sobre o autismo e estimulando a\u00e7\u00f5es concretas de inclus\u00e3o no munic\u00edpio. O evento acontece em dois dias de programa\u00e7\u00e3o tem\u00e1tica. No dia 1\u00ba&hellip; <\/p>\n","protected":false},"author":2,"featured_media":365958,"comment_status":"open","ping_status":"open","sticky":false,"template":"","format":"standard","meta":{"_acf_changed":false,"footnotes":""},"categories":[4],"tags":[],"class_list":["post-416901","post","type-post","status-publish","format-standard","has-post-thumbnail","hentry","category-saude"],"acf":[],"yoast_head":"<!-- This site is optimized with the Yoast SEO plugin v27.4 - https:\/\/yoast.com\/product\/yoast-seo-wordpress\/ -->\n<title>Movimento Azul 2026 promover\u00e1 conscientiza\u00e7\u00e3o e debate sobre o autismo em Juazeiro - Blog do Farn\u00e9sio<\/title>\n<meta name=\"robots\" content=\"index, follow, max-snippet:-1, max-image-preview:large, max-video-preview:-1\" \/>\n<link rel=\"canonical\" href=\"https:\/\/blogdofarnesio.com.br\/?p=416901\" \/>\n<meta property=\"og:locale\" content=\"pt_BR\" \/>\n<meta property=\"og:type\" content=\"article\" \/>\n<meta property=\"og:title\" content=\"Movimento Azul 2026 promover\u00e1 conscientiza\u00e7\u00e3o e debate sobre o autismo em Juazeiro - Blog do Farn\u00e9sio\" \/>\n<meta property=\"og:description\" content=\"A Prefeitura de Juazeiro, por meio da Secretaria de Cultura, Turismo e Esporte (Seculte), realiza o Movimento Azul 2026, iniciativa voltada \u00e0 promo\u00e7\u00e3o da inclus\u00e3o, do respeito e do protagonismo das pessoas com Transtorno do Espectro Autista (TEA). A a\u00e7\u00e3o amplia o debate p\u00fablico sobre o autismo visa construir uma sociedade mais acess\u00edvel, acolhedora e consciente sobre a import\u00e2ncia da inclus\u00e3o. O projeto re\u00fane profissionais das \u00e1reas de educa\u00e7\u00e3o, direito, esporte, sa\u00fade e inclus\u00e3o social. A proposta cria um espa\u00e7o de informa\u00e7\u00e3o, di\u00e1logo e troca de experi\u00eancias entre especialistas, fam\u00edlias e a comunidade, fortalecendo a consci\u00eancia coletiva sobre o autismo e estimulando a\u00e7\u00f5es concretas de inclus\u00e3o no munic\u00edpio. O evento acontece em dois dias de programa\u00e7\u00e3o tem\u00e1tica. No dia 1\u00ba&hellip;\" \/>\n<meta property=\"og:url\" content=\"https:\/\/blogdofarnesio.com.br\/?p=416901\" \/>\n<meta property=\"og:site_name\" content=\"Blog do Farn\u00e9sio\" \/>\n<meta property=\"article:publisher\" content=\"https:\/\/www.facebook.com\/BlogQuerSaberPolitica\/\" \/>\n<meta property=\"article:author\" content=\"https:\/\/www.facebook.com\/?ref=tn_tnmn\" \/>\n<meta property=\"article:published_time\" content=\"2026-03-17T12:22:36+00:00\" \/>\n<meta property=\"og:image\" content=\"https:\/\/blogdofarnesio.com.br\/wp-content\/uploads\/2024\/04\/blogqspjua-abril-azul-1-e1712851068327.jpg\" \/>\n\t<meta property=\"og:image:width\" content=\"495\" \/>\n\t<meta property=\"og:image:height\" content=\"315\" \/>\n\t<meta property=\"og:image:type\" content=\"image\/jpeg\" \/>\n<meta name=\"author\" content=\"Farn\u00e9sio\" \/>\n<meta name=\"twitter:card\" content=\"summary_large_image\" \/>\n<meta name=\"twitter:label1\" content=\"Escrito por\" \/>\n\t<meta name=\"twitter:data1\" content=\"Farn\u00e9sio\" \/>\n\t<meta name=\"twitter:label2\" content=\"Est. tempo de leitura\" \/>\n\t<meta name=\"twitter:data2\" content=\"2 minutos\" \/>\n<script type=\"application\/ld+json\" class=\"yoast-schema-graph\">{\"@context\":\"https:\\\/\\\/schema.org\",\"@graph\":[{\"@type\":\"Article\",\"@id\":\"https:\\\/\\\/blogdofarnesio.com.br\\\/?p=416901#article\",\"isPartOf\":{\"@id\":\"https:\\\/\\\/blogdofarnesio.com.br\\\/?p=416901\"},\"author\":{\"name\":\"Farn\u00e9sio\",\"@id\":\"https:\\\/\\\/blogdofarnesio.com.br\\\/#\\\/schema\\\/person\\\/bb9b23ae3ad0609ce8df7b6c9e76824d\"},\"headline\":\"Movimento Azul 2026 promover\u00e1 conscientiza\u00e7\u00e3o e debate sobre o autismo em Juazeiro\",\"datePublished\":\"2026-03-17T12:22:36+00:00\",\"mainEntityOfPage\":{\"@id\":\"https:\\\/\\\/blogdofarnesio.com.br\\\/?p=416901\"},\"wordCount\":282,\"commentCount\":0,\"publisher\":{\"@id\":\"https:\\\/\\\/blogdofarnesio.com.br\\\/#organization\"},\"image\":{\"@id\":\"https:\\\/\\\/blogdofarnesio.com.br\\\/?p=416901#primaryimage\"},\"thumbnailUrl\":\"https:\\\/\\\/blogdofarnesio.com.br\\\/wp-content\\\/uploads\\\/2024\\\/04\\\/blogqspjua-abril-azul-1-e1712851068327.jpg\",\"articleSection\":[\"Sa\u00fade\"],\"inLanguage\":\"pt-BR\",\"potentialAction\":[{\"@type\":\"CommentAction\",\"name\":\"Comment\",\"target\":[\"https:\\\/\\\/blogdofarnesio.com.br\\\/?p=416901#respond\"]}]},{\"@type\":\"WebPage\",\"@id\":\"https:\\\/\\\/blogdofarnesio.com.br\\\/?p=416901\",\"url\":\"https:\\\/\\\/blogdofarnesio.com.br\\\/?p=416901\",\"name\":\"Movimento Azul 2026 promover\u00e1 conscientiza\u00e7\u00e3o e debate sobre o autismo em Juazeiro - Blog do Farn\u00e9sio\",\"isPartOf\":{\"@id\":\"https:\\\/\\\/blogdofarnesio.com.br\\\/#website\"},\"primaryImageOfPage\":{\"@id\":\"https:\\\/\\\/blogdofarnesio.com.br\\\/?p=416901#primaryimage\"},\"image\":{\"@id\":\"https:\\\/\\\/blogdofarnesio.com.br\\\/?p=416901#primaryimage\"},\"thumbnailUrl\":\"https:\\\/\\\/blogdofarnesio.com.br\\\/wp-content\\\/uploads\\\/2024\\\/04\\\/blogqspjua-abril-azul-1-e1712851068327.jpg\",\"datePublished\":\"2026-03-17T12:22:36+00:00\",\"breadcrumb\":{\"@id\":\"https:\\\/\\\/blogdofarnesio.com.br\\\/?p=416901#breadcrumb\"},\"inLanguage\":\"pt-BR\",\"potentialAction\":[{\"@type\":\"ReadAction\",\"target\":[\"https:\\\/\\\/blogdofarnesio.com.br\\\/?p=416901\"]}]},{\"@type\":\"ImageObject\",\"inLanguage\":\"pt-BR\",\"@id\":\"https:\\\/\\\/blogdofarnesio.com.br\\\/?p=416901#primaryimage\",\"url\":\"https:\\\/\\\/blogdofarnesio.com.br\\\/wp-content\\\/uploads\\\/2024\\\/04\\\/blogqspjua-abril-azul-1-e1712851068327.jpg\",\"contentUrl\":\"https:\\\/\\\/blogdofarnesio.com.br\\\/wp-content\\\/uploads\\\/2024\\\/04\\\/blogqspjua-abril-azul-1-e1712851068327.jpg\",\"width\":495,\"height\":315},{\"@type\":\"BreadcrumbList\",\"@id\":\"https:\\\/\\\/blogdofarnesio.com.br\\\/?p=416901#breadcrumb\",\"itemListElement\":[{\"@type\":\"ListItem\",\"position\":1,\"name\":\"In\u00edcio\",\"item\":\"https:\\\/\\\/blogdofarnesio.com.br\\\/\"},{\"@type\":\"ListItem\",\"position\":2,\"name\":\"Movimento Azul 2026 promover\u00e1 conscientiza\u00e7\u00e3o e debate sobre o autismo em Juazeiro\"}]},{\"@type\":\"WebSite\",\"@id\":\"https:\\\/\\\/blogdofarnesio.com.br\\\/#website\",\"url\":\"https:\\\/\\\/blogdofarnesio.com.br\\\/\",\"name\":\"Blog do Farn\u00e9sio\",\"description\":\"Quer Saber Pol\u00edtica?\",\"publisher\":{\"@id\":\"https:\\\/\\\/blogdofarnesio.com.br\\\/#organization\"},\"potentialAction\":[{\"@type\":\"SearchAction\",\"target\":{\"@type\":\"EntryPoint\",\"urlTemplate\":\"https:\\\/\\\/blogdofarnesio.com.br\\\/?s={search_term_string}\"},\"query-input\":{\"@type\":\"PropertyValueSpecification\",\"valueRequired\":true,\"valueName\":\"search_term_string\"}}],\"inLanguage\":\"pt-BR\"},{\"@type\":\"Organization\",\"@id\":\"https:\\\/\\\/blogdofarnesio.com.br\\\/#organization\",\"name\":\"Blog do Farn\u00e9sio\",\"url\":\"https:\\\/\\\/blogdofarnesio.com.br\\\/\",\"logo\":{\"@type\":\"ImageObject\",\"inLanguage\":\"pt-BR\",\"@id\":\"https:\\\/\\\/blogdofarnesio.com.br\\\/#\\\/schema\\\/logo\\\/image\\\/\",\"url\":\"https:\\\/\\\/blogdofarnesio.com.br\\\/wp-content\\\/uploads\\\/2026\\\/03\\\/cropped-logo_new-1.png\",\"contentUrl\":\"https:\\\/\\\/blogdofarnesio.com.br\\\/wp-content\\\/uploads\\\/2026\\\/03\\\/cropped-logo_new-1.png\",\"width\":881,\"height\":685,\"caption\":\"Blog do Farn\u00e9sio\"},\"image\":{\"@id\":\"https:\\\/\\\/blogdofarnesio.com.br\\\/#\\\/schema\\\/logo\\\/image\\\/\"},\"sameAs\":[\"https:\\\/\\\/www.facebook.com\\\/BlogQuerSaberPolitica\\\/\"]},{\"@type\":\"Person\",\"@id\":\"https:\\\/\\\/blogdofarnesio.com.br\\\/#\\\/schema\\\/person\\\/bb9b23ae3ad0609ce8df7b6c9e76824d\",\"name\":\"Farn\u00e9sio\",\"image\":{\"@type\":\"ImageObject\",\"inLanguage\":\"pt-BR\",\"@id\":\"https:\\\/\\\/secure.gravatar.com\\\/avatar\\\/986aa4c61ccdb66f8555bf88fc2a65609d00bcabd4d2d94377a727547345cbca?s=96&d=mm&r=g\",\"url\":\"https:\\\/\\\/secure.gravatar.com\\\/avatar\\\/986aa4c61ccdb66f8555bf88fc2a65609d00bcabd4d2d94377a727547345cbca?s=96&d=mm&r=g\",\"contentUrl\":\"https:\\\/\\\/secure.gravatar.com\\\/avatar\\\/986aa4c61ccdb66f8555bf88fc2a65609d00bcabd4d2d94377a727547345cbca?s=96&d=mm&r=g\",\"caption\":\"Farn\u00e9sio\"},\"description\":\"Radialista blogueiro, chegou a Petrolina\\\/Juazeiro em setembro de 1980, Farn\u00e9sio Silva \u00e9 de Arapiraca-Alagoas.\",\"sameAs\":[\"http:\\\/\\\/blogdofarnesio.com.br\",\"https:\\\/\\\/www.facebook.com\\\/?ref=tn_tnmn\",\"https:\\\/\\\/www.instagram.com\\\/?utm_source=pwa_homescreen\",\"https:\\\/\\\/youtube.com.br\\\/\"],\"url\":\"https:\\\/\\\/blogdofarnesio.com.br\\\/?author=2\"}]}<\/script>\n<!-- \/ Yoast SEO plugin. -->","yoast_head_json":{"title":"Movimento Azul 2026 promover\u00e1 conscientiza\u00e7\u00e3o e debate sobre o autismo em Juazeiro - Blog do Farn\u00e9sio","robots":{"index":"index","follow":"follow","max-snippet":"max-snippet:-1","max-image-preview":"max-image-preview:large","max-video-preview":"max-video-preview:-1"},"canonical":"https:\/\/blogdofarnesio.com.br\/?p=416901","og_locale":"pt_BR","og_type":"article","og_title":"Movimento Azul 2026 promover\u00e1 conscientiza\u00e7\u00e3o e debate sobre o autismo em Juazeiro - Blog do Farn\u00e9sio","og_description":"A Prefeitura de Juazeiro, por meio da Secretaria de Cultura, Turismo e Esporte (Seculte), realiza o Movimento Azul 2026, iniciativa voltada \u00e0 promo\u00e7\u00e3o da inclus\u00e3o, do respeito e do protagonismo das pessoas com Transtorno do Espectro Autista (TEA). A a\u00e7\u00e3o amplia o debate p\u00fablico sobre o autismo visa construir uma sociedade mais acess\u00edvel, acolhedora e consciente sobre a import\u00e2ncia da inclus\u00e3o. O projeto re\u00fane profissionais das \u00e1reas de educa\u00e7\u00e3o, direito, esporte, sa\u00fade e inclus\u00e3o social. A proposta cria um espa\u00e7o de informa\u00e7\u00e3o, di\u00e1logo e troca de experi\u00eancias entre especialistas, fam\u00edlias e a comunidade, fortalecendo a consci\u00eancia coletiva sobre o autismo e estimulando a\u00e7\u00f5es concretas de inclus\u00e3o no munic\u00edpio. O evento acontece em dois dias de programa\u00e7\u00e3o tem\u00e1tica. No dia 1\u00ba&hellip;","og_url":"https:\/\/blogdofarnesio.com.br\/?p=416901","og_site_name":"Blog do Farn\u00e9sio","article_publisher":"https:\/\/www.facebook.com\/BlogQuerSaberPolitica\/","article_author":"https:\/\/www.facebook.com\/?ref=tn_tnmn","article_published_time":"2026-03-17T12:22:36+00:00","og_image":[{"width":495,"height":315,"url":"https:\/\/blogdofarnesio.com.br\/wp-content\/uploads\/2024\/04\/blogqspjua-abril-azul-1-e1712851068327.jpg","type":"image\/jpeg"}],"author":"Farn\u00e9sio","twitter_card":"summary_large_image","twitter_misc":{"Escrito por":"Farn\u00e9sio","Est. tempo de leitura":"2 minutos"},"schema":{"@context":"https:\/\/schema.org","@graph":[{"@type":"Article","@id":"https:\/\/blogdofarnesio.com.br\/?p=416901#article","isPartOf":{"@id":"https:\/\/blogdofarnesio.com.br\/?p=416901"},"author":{"name":"Farn\u00e9sio","@id":"https:\/\/blogdofarnesio.com.br\/#\/schema\/person\/bb9b23ae3ad0609ce8df7b6c9e76824d"},"headline":"Movimento Azul 2026 promover\u00e1 conscientiza\u00e7\u00e3o e debate sobre o autismo em Juazeiro","datePublished":"2026-03-17T12:22:36+00:00","mainEntityOfPage":{"@id":"https:\/\/blogdofarnesio.com.br\/?p=416901"},"wordCount":282,"commentCount":0,"publisher":{"@id":"https:\/\/blogdofarnesio.com.br\/#organization"},"image":{"@id":"https:\/\/blogdofarnesio.com.br\/?p=416901#primaryimage"},"thumbnailUrl":"https:\/\/blogdofarnesio.com.br\/wp-content\/uploads\/2024\/04\/blogqspjua-abril-azul-1-e1712851068327.jpg","articleSection":["Sa\u00fade"],"inLanguage":"pt-BR","potentialAction":[{"@type":"CommentAction","name":"Comment","target":["https:\/\/blogdofarnesio.com.br\/?p=416901#respond"]}]},{"@type":"WebPage","@id":"https:\/\/blogdofarnesio.com.br\/?p=416901","url":"https:\/\/blogdofarnesio.com.br\/?p=416901","name":"Movimento Azul 2026 promover\u00e1 conscientiza\u00e7\u00e3o e debate sobre o autismo em Juazeiro - Blog do Farn\u00e9sio","isPartOf":{"@id":"https:\/\/blogdofarnesio.com.br\/#website"},"primaryImageOfPage":{"@id":"https:\/\/blogdofarnesio.com.br\/?p=416901#primaryimage"},"image":{"@id":"https:\/\/blogdofarnesio.com.br\/?p=416901#primaryimage"},"thumbnailUrl":"https:\/\/blogdofarnesio.com.br\/wp-content\/uploads\/2024\/04\/blogqspjua-abril-azul-1-e1712851068327.jpg","datePublished":"2026-03-17T12:22:36+00:00","breadcrumb":{"@id":"https:\/\/blogdofarnesio.com.br\/?p=416901#breadcrumb"},"inLanguage":"pt-BR","potentialAction":[{"@type":"ReadAction","target":["https:\/\/blogdofarnesio.com.br\/?p=416901"]}]},{"@type":"ImageObject","inLanguage":"pt-BR","@id":"https:\/\/blogdofarnesio.com.br\/?p=416901#primaryimage","url":"https:\/\/blogdofarnesio.com.br\/wp-content\/uploads\/2024\/04\/blogqspjua-abril-azul-1-e1712851068327.jpg","contentUrl":"https:\/\/blogdofarnesio.com.br\/wp-content\/uploads\/2024\/04\/blogqspjua-abril-azul-1-e1712851068327.jpg","width":495,"height":315},{"@type":"BreadcrumbList","@id":"https:\/\/blogdofarnesio.com.br\/?p=416901#breadcrumb","itemListElement":[{"@type":"ListItem","position":1,"name":"In\u00edcio","item":"https:\/\/blogdofarnesio.com.br\/"},{"@type":"ListItem","position":2,"name":"Movimento Azul 2026 promover\u00e1 conscientiza\u00e7\u00e3o e debate sobre o autismo em Juazeiro"}]},{"@type":"WebSite","@id":"https:\/\/blogdofarnesio.com.br\/#website","url":"https:\/\/blogdofarnesio.com.br\/","name":"Blog do Farn\u00e9sio","description":"Quer Saber Pol\u00edtica?","publisher":{"@id":"https:\/\/blogdofarnesio.com.br\/#organization"},"potentialAction":[{"@type":"SearchAction","target":{"@type":"EntryPoint","urlTemplate":"https:\/\/blogdofarnesio.com.br\/?s={search_term_string}"},"query-input":{"@type":"PropertyValueSpecification","valueRequired":true,"valueName":"search_term_string"}}],"inLanguage":"pt-BR"},{"@type":"Organization","@id":"https:\/\/blogdofarnesio.com.br\/#organization","name":"Blog do Farn\u00e9sio","url":"https:\/\/blogdofarnesio.com.br\/","logo":{"@type":"ImageObject","inLanguage":"pt-BR","@id":"https:\/\/blogdofarnesio.com.br\/#\/schema\/logo\/image\/","url":"https:\/\/blogdofarnesio.com.br\/wp-content\/uploads\/2026\/03\/cropped-logo_new-1.png","contentUrl":"https:\/\/blogdofarnesio.com.br\/wp-content\/uploads\/2026\/03\/cropped-logo_new-1.png","width":881,"height":685,"caption":"Blog do Farn\u00e9sio"},"image":{"@id":"https:\/\/blogdofarnesio.com.br\/#\/schema\/logo\/image\/"},"sameAs":["https:\/\/www.facebook.com\/BlogQuerSaberPolitica\/"]},{"@type":"Person","@id":"https:\/\/blogdofarnesio.com.br\/#\/schema\/person\/bb9b23ae3ad0609ce8df7b6c9e76824d","name":"Farn\u00e9sio","image":{"@type":"ImageObject","inLanguage":"pt-BR","@id":"https:\/\/secure.gravatar.com\/avatar\/986aa4c61ccdb66f8555bf88fc2a65609d00bcabd4d2d94377a727547345cbca?s=96&d=mm&r=g","url":"https:\/\/secure.gravatar.com\/avatar\/986aa4c61ccdb66f8555bf88fc2a65609d00bcabd4d2d94377a727547345cbca?s=96&d=mm&r=g","contentUrl":"https:\/\/secure.gravatar.com\/avatar\/986aa4c61ccdb66f8555bf88fc2a65609d00bcabd4d2d94377a727547345cbca?s=96&d=mm&r=g","caption":"Farn\u00e9sio"},"description":"Radialista blogueiro, chegou a Petrolina\/Juazeiro em setembro de 1980, Farn\u00e9sio Silva \u00e9 de Arapiraca-Alagoas.","sameAs":["http:\/\/blogdofarnesio.com.br","https:\/\/www.facebook.com\/?ref=tn_tnmn","https:\/\/www.instagram.com\/?utm_source=pwa_homescreen","https:\/\/youtube.com.br\/"],"url":"https:\/\/blogdofarnesio.com.br\/?author=2"}]}},"_links":{"self":[{"href":"https:\/\/blogdofarnesio.com.br\/index.php?rest_route=\/wp\/v2\/posts\/416901","targetHints":{"allow":["GET"]}}],"collection":[{"href":"https:\/\/blogdofarnesio.com.br\/index.php?rest_route=\/wp\/v2\/posts"}],"about":[{"href":"https:\/\/blogdofarnesio.com.br\/index.php?rest_route=\/wp\/v2\/types\/post"}],"author":[{"embeddable":true,"href":"https:\/\/blogdofarnesio.com.br\/index.php?rest_route=\/wp\/v2\/users\/2"}],"replies":[{"embeddable":true,"href":"https:\/\/blogdofarnesio.com.br\/index.php?rest_route=%2Fwp%2Fv2%2Fcomments&post=416901"}],"version-history":[{"count":2,"href":"https:\/\/blogdofarnesio.com.br\/index.php?rest_route=\/wp\/v2\/posts\/416901\/revisions"}],"predecessor-version":[{"id":417264,"href":"https:\/\/blogdofarnesio.com.br\/index.php?rest_route=\/wp\/v2\/posts\/416901\/revisions\/417264"}],"wp:featuredmedia":[{"embeddable":true,"href":"https:\/\/blogdofarnesio.com.br\/index.php?rest_route=\/wp\/v2\/media\/365958"}],"wp:attachment":[{"href":"https:\/\/blogdofarnesio.com.br\/index.php?rest_route=%2Fwp%2Fv2%2Fmedia&parent=416901"}],"wp:term":[{"taxonomy":"category","embeddable":true,"href":"https:\/\/blogdofarnesio.com.br\/index.php?rest_route=%2Fwp%2Fv2%2Fcategories&post=416901"},{"taxonomy":"post_tag","embeddable":true,"href":"https:\/\/blogdofarnesio.com.br\/index.php?rest_route=%2Fwp%2Fv2%2Ftags&post=416901"}],"curies":[{"name":"wp","href":"https:\/\/api.w.org\/{rel}","templated":true}]}}