{"id":416896,"date":"2026-03-12T14:01:41","date_gmt":"2026-03-12T17:01:41","guid":{"rendered":"https:\/\/blogdofarnesio.com.br\/?p=416896"},"modified":"2026-03-12T08:20:49","modified_gmt":"2026-03-12T11:20:49","slug":"iniciado-programa-de-formacao-para-medicos-da-atencao-primaria-com-foco-em-saude-mental-de-criancas-e-adolescentes-em-juazeiro","status":"publish","type":"post","link":"https:\/\/blogdofarnesio.com.br\/?p=416896","title":{"rendered":"Iniciado programa de forma\u00e7\u00e3o para m\u00e9dicos da Aten\u00e7\u00e3o Prim\u00e1ria com foco em sa\u00fade mental de crian\u00e7as e adolescentes em Juazeiro"},"content":{"rendered":"<div id=\"nav\">\n<div id=\"speedbump\">\n<div class=\"ObxnS\">\n<div class=\"MefFWe\">\n<div class=\"hbTneb\">\n<div class=\"KkSzKc\">A Secretaria Municipal de Sa\u00fade de Juazeiro (Sesau) iniciou, nesta quarta-feira (11), um processo formativo voltado aos m\u00e9dicos da Aten\u00e7\u00e3o Prim\u00e1ria \u00e0 Sa\u00fade, com foco no cuidado em sa\u00fade mental de crian\u00e7as e adolescentes.<\/div>\n<div><\/div>\n<div class=\"KkSzKc\">A atividade foi realizada na Universidade Federal do Vale do S\u00e3o Francisco (Univasf) e integra o in\u00edcio de um projeto de matriciamento entre as equipes de Sa\u00fade Mental e da Aten\u00e7\u00e3o B\u00e1sica do munic\u00edpio.<\/div>\n<\/div>\n<\/div>\n<\/div>\n<\/div>\n<\/div>\n<div id=\"views\">\n<div id=\"cv_\" class=\" q0CeU \">\n<div class=\"BMRW0e\">\n<div class=\"uQdvnb\">\n<div class=\"OM62re\">\n<div class=\"Atp2Qd\">\n<div class=\"gmSzme\" data-onclick=\"cvmsgcontainercl+23\">\n<div id=\"cvcmsg_19cdd87fcbfc6bb3\" class=\"ArwC7c\">\n<div id=\"cvcfullmsg_19cdd87fcbfc6bb3\" class=\"LnPMz\">\n<div id=\"cvcmsgbod_19cdd87fcbfc6bb3\" class=\"qgRHze\">\n<div class=\"lR4FQe\">\n<div class=\"IoGNdb Zc0jMc \" dir=\"ltr\">\n<div dir=\"ltr\">\n<div>\n<p><span dir=\"auto\">A forma\u00e7\u00e3o reunida por m\u00e9dicos da rede municipal e foi acompanhada por profissionais do Centro de Aten\u00e7\u00e3o Psicossocial (Caps), que analisou estrat\u00e9gias de acolhimento, avalia\u00e7\u00e3o e manejo de casos de sofrimento ps\u00edquico na popula\u00e7\u00e3o infantojuvenil. O encontro desta quarta-feira (11) marcou a primeira etapa da capacita\u00e7\u00e3o, que ter\u00e1 continuidade nesta quinta-feira (12), com a participa\u00e7\u00e3o de um segundo grupo de m\u00e9dicos da Aten\u00e7\u00e3o Prim\u00e1ria.<\/span><span dir=\"auto\">A iniciativa tem como objetivo fortalecer a capacidade de atendimento nas Unidades B\u00e1sicas de Sa\u00fade (UBSs), permitindo que m\u00e9dicos da aten\u00e7\u00e3o b\u00e1sica possam identificar, avaliar e acompanhar casos de sofrimento ps\u00edquico em crian\u00e7as e adolescentes, garantindo maior resolutividade e ampliando o acesso dessa popula\u00e7\u00e3o aos cuidados em sa\u00fade mental dentro da pr\u00f3pria rede municipal.<\/span><\/p>\n<p><span dir=\"auto\">De acordo com a diretora de Sa\u00fade Mental da Sesau, Karoline Barros, a forma\u00e7\u00e3o faz parte de uma estrat\u00e9gia para integrar ainda mais os servi\u00e7os da rede municipal de sa\u00fade. &#8220;Esse \u00e9 o in\u00edcio de um processo de matriciamento, ou seja, uma metodologia de trabalho no SUS onde equipes especializadas, como o Caps, oferecem suporte t\u00e9cnico-pedag\u00f3gico \u00e0s equipes de refer\u00eancia, nesse caso, a Aten\u00e7\u00e3o B\u00e1sica. Assim, a ideia \u00e9 aproximar as equipes de Sa\u00fade Mental da Aten\u00e7\u00e3o Prim\u00e1ria, com o objetivo de qualificar os profissionais da aten\u00e7\u00e3o b\u00e1sica para que eles consigam avaliar e acompanhar crian\u00e7as e adolescentes em sofrimento ps\u00edquico dentro das pr\u00f3prias unidades, garantindo mais acesso e resolutividade no cuidado&#8221;, destaca.<\/span><\/p>\n<p><span dir=\"auto\">Como parte do cronograma do projeto, na pr\u00f3xima semana ser\u00e3o realizadas novas forma\u00e7\u00f5es espec\u00edficas aos enfermeiros da Aten\u00e7\u00e3o B\u00e1sica. As atividades ser\u00e3o realizadas por profissionais do Caps Infantojuvenil, que ir\u00e3o compartilhar orienta\u00e7\u00f5es e promover um processo formativo semelhante ao realizado com os m\u00e9dicos.<\/span><\/p>\n<p><span dir=\"auto\">J\u00e1 no m\u00eas de abril, o foco das forma\u00e7\u00f5es ser\u00e1 a sa\u00fade mental de adultos, especialmente pessoas que fazem uso de subst\u00e2ncias psicoativas ou que apresentam sofrimento mental grave e persistente. As atividades contar\u00e3o com a participa\u00e7\u00e3o das equipes do Caps II, Caps AD e do Servi\u00e7o Especializado em Sa\u00fade Mental (Sesme), visando o mesmo formato de capacita\u00e7\u00e3o para m\u00e9dicos, enfermeiros e tamb\u00e9m para agentes comunit\u00e1rios de sa\u00fade.<\/span><\/p>\n<p><span dir=\"auto\">Ap\u00f3s essa etapa inicial de forma\u00e7\u00f5es, o projeto de matriciamento ser\u00e1 desenvolvido diretamente nas Unidades B\u00e1sicas de Sa\u00fade, com acompanhamento de equipes especializadas. As a\u00e7\u00f5es ser\u00e3o realizadas de acordo com as necessidades identificadas em cada territ\u00f3rio, com constru\u00e7\u00e3o conjunta de um calend\u00e1rio de atividades entre a Sa\u00fade Mental e a Aten\u00e7\u00e3o Prim\u00e1ria.<\/span><\/p>\n<\/div>\n<\/div>\n<\/div>\n<\/div>\n<\/div>\n<\/div>\n<\/div>\n<\/div>\n<\/div>\n<\/div>\n<\/div>\n<\/div>\n<\/div>\n<\/div>\n","protected":false},"excerpt":{"rendered":"<p>A Secretaria Municipal de Sa\u00fade de Juazeiro (Sesau) iniciou, nesta quarta-feira (11), um processo formativo voltado aos m\u00e9dicos da Aten\u00e7\u00e3o Prim\u00e1ria \u00e0 Sa\u00fade, com foco no cuidado em sa\u00fade mental de crian\u00e7as e adolescentes. A atividade foi realizada na Universidade Federal do Vale do S\u00e3o Francisco (Univasf) e integra o in\u00edcio de um projeto de matriciamento entre as equipes de Sa\u00fade Mental e da Aten\u00e7\u00e3o B\u00e1sica do munic\u00edpio. A forma\u00e7\u00e3o reunida por m\u00e9dicos da rede municipal e foi acompanhada por profissionais do Centro de Aten\u00e7\u00e3o Psicossocial (Caps), que analisou estrat\u00e9gias de acolhimento, avalia\u00e7\u00e3o e manejo de casos de sofrimento ps\u00edquico na popula\u00e7\u00e3o infantojuvenil. O encontro desta quarta-feira (11) marcou a primeira etapa da capacita\u00e7\u00e3o, que ter\u00e1 continuidade nesta quinta-feira (12),&hellip; <\/p>\n","protected":false},"author":2,"featured_media":416897,"comment_status":"open","ping_status":"open","sticky":false,"template":"","format":"standard","meta":{"_acf_changed":false,"footnotes":""},"categories":[4],"tags":[],"class_list":["post-416896","post","type-post","status-publish","format-standard","has-post-thumbnail","hentry","category-saude"],"acf":[],"yoast_head":"<!-- This site is optimized with the Yoast SEO plugin v27.4 - https:\/\/yoast.com\/product\/yoast-seo-wordpress\/ -->\n<title>Iniciado programa de forma\u00e7\u00e3o para m\u00e9dicos da Aten\u00e7\u00e3o Prim\u00e1ria com foco em sa\u00fade mental de crian\u00e7as e adolescentes em Juazeiro - Blog do Farn\u00e9sio<\/title>\n<meta name=\"robots\" content=\"index, follow, max-snippet:-1, max-image-preview:large, max-video-preview:-1\" \/>\n<link rel=\"canonical\" href=\"https:\/\/blogdofarnesio.com.br\/?p=416896\" \/>\n<meta property=\"og:locale\" content=\"pt_BR\" \/>\n<meta property=\"og:type\" content=\"article\" \/>\n<meta property=\"og:title\" content=\"Iniciado programa de forma\u00e7\u00e3o para m\u00e9dicos da Aten\u00e7\u00e3o Prim\u00e1ria com foco em sa\u00fade mental de crian\u00e7as e adolescentes em Juazeiro - Blog do Farn\u00e9sio\" \/>\n<meta property=\"og:description\" content=\"A Secretaria Municipal de Sa\u00fade de Juazeiro (Sesau) iniciou, nesta quarta-feira (11), um processo formativo voltado aos m\u00e9dicos da Aten\u00e7\u00e3o Prim\u00e1ria \u00e0 Sa\u00fade, com foco no cuidado em sa\u00fade mental de crian\u00e7as e adolescentes. A atividade foi realizada na Universidade Federal do Vale do S\u00e3o Francisco (Univasf) e integra o in\u00edcio de um projeto de matriciamento entre as equipes de Sa\u00fade Mental e da Aten\u00e7\u00e3o B\u00e1sica do munic\u00edpio. A forma\u00e7\u00e3o reunida por m\u00e9dicos da rede municipal e foi acompanhada por profissionais do Centro de Aten\u00e7\u00e3o Psicossocial (Caps), que analisou estrat\u00e9gias de acolhimento, avalia\u00e7\u00e3o e manejo de casos de sofrimento ps\u00edquico na popula\u00e7\u00e3o infantojuvenil. O encontro desta quarta-feira (11) marcou a primeira etapa da capacita\u00e7\u00e3o, que ter\u00e1 continuidade nesta quinta-feira (12),&hellip;\" \/>\n<meta property=\"og:url\" content=\"https:\/\/blogdofarnesio.com.br\/?p=416896\" \/>\n<meta property=\"og:site_name\" content=\"Blog do Farn\u00e9sio\" \/>\n<meta property=\"article:publisher\" content=\"https:\/\/www.facebook.com\/BlogQuerSaberPolitica\/\" \/>\n<meta property=\"article:author\" content=\"https:\/\/www.facebook.com\/?ref=tn_tnmn\" \/>\n<meta property=\"article:published_time\" content=\"2026-03-12T17:01:41+00:00\" \/>\n<meta property=\"og:image\" content=\"https:\/\/blogdofarnesio.com.br\/wp-content\/uploads\/2026\/03\/Formacao-para-medicos2.jpg\" \/>\n\t<meta property=\"og:image:width\" content=\"1600\" \/>\n\t<meta property=\"og:image:height\" content=\"1200\" \/>\n\t<meta property=\"og:image:type\" content=\"image\/jpeg\" \/>\n<meta name=\"author\" content=\"Farn\u00e9sio\" \/>\n<meta name=\"twitter:card\" content=\"summary_large_image\" \/>\n<meta name=\"twitter:label1\" content=\"Escrito por\" \/>\n\t<meta name=\"twitter:data1\" content=\"Farn\u00e9sio\" \/>\n\t<meta name=\"twitter:label2\" content=\"Est. tempo de leitura\" \/>\n\t<meta name=\"twitter:data2\" content=\"3 minutos\" \/>\n<script type=\"application\/ld+json\" class=\"yoast-schema-graph\">{\"@context\":\"https:\\\/\\\/schema.org\",\"@graph\":[{\"@type\":\"Article\",\"@id\":\"https:\\\/\\\/blogdofarnesio.com.br\\\/?p=416896#article\",\"isPartOf\":{\"@id\":\"https:\\\/\\\/blogdofarnesio.com.br\\\/?p=416896\"},\"author\":{\"name\":\"Farn\u00e9sio\",\"@id\":\"https:\\\/\\\/blogdofarnesio.com.br\\\/#\\\/schema\\\/person\\\/bb9b23ae3ad0609ce8df7b6c9e76824d\"},\"headline\":\"Iniciado programa de forma\u00e7\u00e3o para m\u00e9dicos da Aten\u00e7\u00e3o Prim\u00e1ria com foco em sa\u00fade mental de crian\u00e7as e adolescentes em Juazeiro\",\"datePublished\":\"2026-03-12T17:01:41+00:00\",\"mainEntityOfPage\":{\"@id\":\"https:\\\/\\\/blogdofarnesio.com.br\\\/?p=416896\"},\"wordCount\":571,\"commentCount\":0,\"publisher\":{\"@id\":\"https:\\\/\\\/blogdofarnesio.com.br\\\/#organization\"},\"image\":{\"@id\":\"https:\\\/\\\/blogdofarnesio.com.br\\\/?p=416896#primaryimage\"},\"thumbnailUrl\":\"https:\\\/\\\/blogdofarnesio.com.br\\\/wp-content\\\/uploads\\\/2026\\\/03\\\/Formacao-para-medicos2-e1773343090970.jpg\",\"articleSection\":[\"Sa\u00fade\"],\"inLanguage\":\"pt-BR\",\"potentialAction\":[{\"@type\":\"CommentAction\",\"name\":\"Comment\",\"target\":[\"https:\\\/\\\/blogdofarnesio.com.br\\\/?p=416896#respond\"]}]},{\"@type\":\"WebPage\",\"@id\":\"https:\\\/\\\/blogdofarnesio.com.br\\\/?p=416896\",\"url\":\"https:\\\/\\\/blogdofarnesio.com.br\\\/?p=416896\",\"name\":\"Iniciado programa de forma\u00e7\u00e3o para m\u00e9dicos da Aten\u00e7\u00e3o Prim\u00e1ria com foco em sa\u00fade mental de crian\u00e7as e adolescentes em Juazeiro - Blog do Farn\u00e9sio\",\"isPartOf\":{\"@id\":\"https:\\\/\\\/blogdofarnesio.com.br\\\/#website\"},\"primaryImageOfPage\":{\"@id\":\"https:\\\/\\\/blogdofarnesio.com.br\\\/?p=416896#primaryimage\"},\"image\":{\"@id\":\"https:\\\/\\\/blogdofarnesio.com.br\\\/?p=416896#primaryimage\"},\"thumbnailUrl\":\"https:\\\/\\\/blogdofarnesio.com.br\\\/wp-content\\\/uploads\\\/2026\\\/03\\\/Formacao-para-medicos2-e1773343090970.jpg\",\"datePublished\":\"2026-03-12T17:01:41+00:00\",\"breadcrumb\":{\"@id\":\"https:\\\/\\\/blogdofarnesio.com.br\\\/?p=416896#breadcrumb\"},\"inLanguage\":\"pt-BR\",\"potentialAction\":[{\"@type\":\"ReadAction\",\"target\":[\"https:\\\/\\\/blogdofarnesio.com.br\\\/?p=416896\"]}]},{\"@type\":\"ImageObject\",\"inLanguage\":\"pt-BR\",\"@id\":\"https:\\\/\\\/blogdofarnesio.com.br\\\/?p=416896#primaryimage\",\"url\":\"https:\\\/\\\/blogdofarnesio.com.br\\\/wp-content\\\/uploads\\\/2026\\\/03\\\/Formacao-para-medicos2-e1773343090970.jpg\",\"contentUrl\":\"https:\\\/\\\/blogdofarnesio.com.br\\\/wp-content\\\/uploads\\\/2026\\\/03\\\/Formacao-para-medicos2-e1773343090970.jpg\",\"width\":600,\"height\":450},{\"@type\":\"BreadcrumbList\",\"@id\":\"https:\\\/\\\/blogdofarnesio.com.br\\\/?p=416896#breadcrumb\",\"itemListElement\":[{\"@type\":\"ListItem\",\"position\":1,\"name\":\"In\u00edcio\",\"item\":\"https:\\\/\\\/blogdofarnesio.com.br\\\/\"},{\"@type\":\"ListItem\",\"position\":2,\"name\":\"Iniciado programa de forma\u00e7\u00e3o para m\u00e9dicos da Aten\u00e7\u00e3o Prim\u00e1ria com foco em sa\u00fade mental de crian\u00e7as e adolescentes em Juazeiro\"}]},{\"@type\":\"WebSite\",\"@id\":\"https:\\\/\\\/blogdofarnesio.com.br\\\/#website\",\"url\":\"https:\\\/\\\/blogdofarnesio.com.br\\\/\",\"name\":\"Blog do Farn\u00e9sio\",\"description\":\"Quer Saber Pol\u00edtica?\",\"publisher\":{\"@id\":\"https:\\\/\\\/blogdofarnesio.com.br\\\/#organization\"},\"potentialAction\":[{\"@type\":\"SearchAction\",\"target\":{\"@type\":\"EntryPoint\",\"urlTemplate\":\"https:\\\/\\\/blogdofarnesio.com.br\\\/?s={search_term_string}\"},\"query-input\":{\"@type\":\"PropertyValueSpecification\",\"valueRequired\":true,\"valueName\":\"search_term_string\"}}],\"inLanguage\":\"pt-BR\"},{\"@type\":\"Organization\",\"@id\":\"https:\\\/\\\/blogdofarnesio.com.br\\\/#organization\",\"name\":\"Blog do Farn\u00e9sio\",\"url\":\"https:\\\/\\\/blogdofarnesio.com.br\\\/\",\"logo\":{\"@type\":\"ImageObject\",\"inLanguage\":\"pt-BR\",\"@id\":\"https:\\\/\\\/blogdofarnesio.com.br\\\/#\\\/schema\\\/logo\\\/image\\\/\",\"url\":\"https:\\\/\\\/blogdofarnesio.com.br\\\/wp-content\\\/uploads\\\/2026\\\/03\\\/cropped-logo_new-1.png\",\"contentUrl\":\"https:\\\/\\\/blogdofarnesio.com.br\\\/wp-content\\\/uploads\\\/2026\\\/03\\\/cropped-logo_new-1.png\",\"width\":881,\"height\":685,\"caption\":\"Blog do Farn\u00e9sio\"},\"image\":{\"@id\":\"https:\\\/\\\/blogdofarnesio.com.br\\\/#\\\/schema\\\/logo\\\/image\\\/\"},\"sameAs\":[\"https:\\\/\\\/www.facebook.com\\\/BlogQuerSaberPolitica\\\/\"]},{\"@type\":\"Person\",\"@id\":\"https:\\\/\\\/blogdofarnesio.com.br\\\/#\\\/schema\\\/person\\\/bb9b23ae3ad0609ce8df7b6c9e76824d\",\"name\":\"Farn\u00e9sio\",\"image\":{\"@type\":\"ImageObject\",\"inLanguage\":\"pt-BR\",\"@id\":\"https:\\\/\\\/secure.gravatar.com\\\/avatar\\\/986aa4c61ccdb66f8555bf88fc2a65609d00bcabd4d2d94377a727547345cbca?s=96&d=mm&r=g\",\"url\":\"https:\\\/\\\/secure.gravatar.com\\\/avatar\\\/986aa4c61ccdb66f8555bf88fc2a65609d00bcabd4d2d94377a727547345cbca?s=96&d=mm&r=g\",\"contentUrl\":\"https:\\\/\\\/secure.gravatar.com\\\/avatar\\\/986aa4c61ccdb66f8555bf88fc2a65609d00bcabd4d2d94377a727547345cbca?s=96&d=mm&r=g\",\"caption\":\"Farn\u00e9sio\"},\"description\":\"Radialista blogueiro, chegou a Petrolina\\\/Juazeiro em setembro de 1980, Farn\u00e9sio Silva \u00e9 de Arapiraca-Alagoas.\",\"sameAs\":[\"http:\\\/\\\/blogdofarnesio.com.br\",\"https:\\\/\\\/www.facebook.com\\\/?ref=tn_tnmn\",\"https:\\\/\\\/www.instagram.com\\\/?utm_source=pwa_homescreen\",\"https:\\\/\\\/youtube.com.br\\\/\"],\"url\":\"https:\\\/\\\/blogdofarnesio.com.br\\\/?author=2\"}]}<\/script>\n<!-- \/ Yoast SEO plugin. -->","yoast_head_json":{"title":"Iniciado programa de forma\u00e7\u00e3o para m\u00e9dicos da Aten\u00e7\u00e3o Prim\u00e1ria com foco em sa\u00fade mental de crian\u00e7as e adolescentes em Juazeiro - Blog do Farn\u00e9sio","robots":{"index":"index","follow":"follow","max-snippet":"max-snippet:-1","max-image-preview":"max-image-preview:large","max-video-preview":"max-video-preview:-1"},"canonical":"https:\/\/blogdofarnesio.com.br\/?p=416896","og_locale":"pt_BR","og_type":"article","og_title":"Iniciado programa de forma\u00e7\u00e3o para m\u00e9dicos da Aten\u00e7\u00e3o Prim\u00e1ria com foco em sa\u00fade mental de crian\u00e7as e adolescentes em Juazeiro - Blog do Farn\u00e9sio","og_description":"A Secretaria Municipal de Sa\u00fade de Juazeiro (Sesau) iniciou, nesta quarta-feira (11), um processo formativo voltado aos m\u00e9dicos da Aten\u00e7\u00e3o Prim\u00e1ria \u00e0 Sa\u00fade, com foco no cuidado em sa\u00fade mental de crian\u00e7as e adolescentes. A atividade foi realizada na Universidade Federal do Vale do S\u00e3o Francisco (Univasf) e integra o in\u00edcio de um projeto de matriciamento entre as equipes de Sa\u00fade Mental e da Aten\u00e7\u00e3o B\u00e1sica do munic\u00edpio. A forma\u00e7\u00e3o reunida por m\u00e9dicos da rede municipal e foi acompanhada por profissionais do Centro de Aten\u00e7\u00e3o Psicossocial (Caps), que analisou estrat\u00e9gias de acolhimento, avalia\u00e7\u00e3o e manejo de casos de sofrimento ps\u00edquico na popula\u00e7\u00e3o infantojuvenil. O encontro desta quarta-feira (11) marcou a primeira etapa da capacita\u00e7\u00e3o, que ter\u00e1 continuidade nesta quinta-feira (12),&hellip;","og_url":"https:\/\/blogdofarnesio.com.br\/?p=416896","og_site_name":"Blog do Farn\u00e9sio","article_publisher":"https:\/\/www.facebook.com\/BlogQuerSaberPolitica\/","article_author":"https:\/\/www.facebook.com\/?ref=tn_tnmn","article_published_time":"2026-03-12T17:01:41+00:00","og_image":[{"width":1600,"height":1200,"url":"https:\/\/blogdofarnesio.com.br\/wp-content\/uploads\/2026\/03\/Formacao-para-medicos2.jpg","type":"image\/jpeg"}],"author":"Farn\u00e9sio","twitter_card":"summary_large_image","twitter_misc":{"Escrito por":"Farn\u00e9sio","Est. tempo de leitura":"3 minutos"},"schema":{"@context":"https:\/\/schema.org","@graph":[{"@type":"Article","@id":"https:\/\/blogdofarnesio.com.br\/?p=416896#article","isPartOf":{"@id":"https:\/\/blogdofarnesio.com.br\/?p=416896"},"author":{"name":"Farn\u00e9sio","@id":"https:\/\/blogdofarnesio.com.br\/#\/schema\/person\/bb9b23ae3ad0609ce8df7b6c9e76824d"},"headline":"Iniciado programa de forma\u00e7\u00e3o para m\u00e9dicos da Aten\u00e7\u00e3o Prim\u00e1ria com foco em sa\u00fade mental de crian\u00e7as e adolescentes em Juazeiro","datePublished":"2026-03-12T17:01:41+00:00","mainEntityOfPage":{"@id":"https:\/\/blogdofarnesio.com.br\/?p=416896"},"wordCount":571,"commentCount":0,"publisher":{"@id":"https:\/\/blogdofarnesio.com.br\/#organization"},"image":{"@id":"https:\/\/blogdofarnesio.com.br\/?p=416896#primaryimage"},"thumbnailUrl":"https:\/\/blogdofarnesio.com.br\/wp-content\/uploads\/2026\/03\/Formacao-para-medicos2-e1773343090970.jpg","articleSection":["Sa\u00fade"],"inLanguage":"pt-BR","potentialAction":[{"@type":"CommentAction","name":"Comment","target":["https:\/\/blogdofarnesio.com.br\/?p=416896#respond"]}]},{"@type":"WebPage","@id":"https:\/\/blogdofarnesio.com.br\/?p=416896","url":"https:\/\/blogdofarnesio.com.br\/?p=416896","name":"Iniciado programa de forma\u00e7\u00e3o para m\u00e9dicos da Aten\u00e7\u00e3o Prim\u00e1ria com foco em sa\u00fade mental de crian\u00e7as e adolescentes em Juazeiro - Blog do Farn\u00e9sio","isPartOf":{"@id":"https:\/\/blogdofarnesio.com.br\/#website"},"primaryImageOfPage":{"@id":"https:\/\/blogdofarnesio.com.br\/?p=416896#primaryimage"},"image":{"@id":"https:\/\/blogdofarnesio.com.br\/?p=416896#primaryimage"},"thumbnailUrl":"https:\/\/blogdofarnesio.com.br\/wp-content\/uploads\/2026\/03\/Formacao-para-medicos2-e1773343090970.jpg","datePublished":"2026-03-12T17:01:41+00:00","breadcrumb":{"@id":"https:\/\/blogdofarnesio.com.br\/?p=416896#breadcrumb"},"inLanguage":"pt-BR","potentialAction":[{"@type":"ReadAction","target":["https:\/\/blogdofarnesio.com.br\/?p=416896"]}]},{"@type":"ImageObject","inLanguage":"pt-BR","@id":"https:\/\/blogdofarnesio.com.br\/?p=416896#primaryimage","url":"https:\/\/blogdofarnesio.com.br\/wp-content\/uploads\/2026\/03\/Formacao-para-medicos2-e1773343090970.jpg","contentUrl":"https:\/\/blogdofarnesio.com.br\/wp-content\/uploads\/2026\/03\/Formacao-para-medicos2-e1773343090970.jpg","width":600,"height":450},{"@type":"BreadcrumbList","@id":"https:\/\/blogdofarnesio.com.br\/?p=416896#breadcrumb","itemListElement":[{"@type":"ListItem","position":1,"name":"In\u00edcio","item":"https:\/\/blogdofarnesio.com.br\/"},{"@type":"ListItem","position":2,"name":"Iniciado programa de forma\u00e7\u00e3o para m\u00e9dicos da Aten\u00e7\u00e3o Prim\u00e1ria com foco em sa\u00fade mental de crian\u00e7as e adolescentes em Juazeiro"}]},{"@type":"WebSite","@id":"https:\/\/blogdofarnesio.com.br\/#website","url":"https:\/\/blogdofarnesio.com.br\/","name":"Blog do Farn\u00e9sio","description":"Quer Saber Pol\u00edtica?","publisher":{"@id":"https:\/\/blogdofarnesio.com.br\/#organization"},"potentialAction":[{"@type":"SearchAction","target":{"@type":"EntryPoint","urlTemplate":"https:\/\/blogdofarnesio.com.br\/?s={search_term_string}"},"query-input":{"@type":"PropertyValueSpecification","valueRequired":true,"valueName":"search_term_string"}}],"inLanguage":"pt-BR"},{"@type":"Organization","@id":"https:\/\/blogdofarnesio.com.br\/#organization","name":"Blog do Farn\u00e9sio","url":"https:\/\/blogdofarnesio.com.br\/","logo":{"@type":"ImageObject","inLanguage":"pt-BR","@id":"https:\/\/blogdofarnesio.com.br\/#\/schema\/logo\/image\/","url":"https:\/\/blogdofarnesio.com.br\/wp-content\/uploads\/2026\/03\/cropped-logo_new-1.png","contentUrl":"https:\/\/blogdofarnesio.com.br\/wp-content\/uploads\/2026\/03\/cropped-logo_new-1.png","width":881,"height":685,"caption":"Blog do Farn\u00e9sio"},"image":{"@id":"https:\/\/blogdofarnesio.com.br\/#\/schema\/logo\/image\/"},"sameAs":["https:\/\/www.facebook.com\/BlogQuerSaberPolitica\/"]},{"@type":"Person","@id":"https:\/\/blogdofarnesio.com.br\/#\/schema\/person\/bb9b23ae3ad0609ce8df7b6c9e76824d","name":"Farn\u00e9sio","image":{"@type":"ImageObject","inLanguage":"pt-BR","@id":"https:\/\/secure.gravatar.com\/avatar\/986aa4c61ccdb66f8555bf88fc2a65609d00bcabd4d2d94377a727547345cbca?s=96&d=mm&r=g","url":"https:\/\/secure.gravatar.com\/avatar\/986aa4c61ccdb66f8555bf88fc2a65609d00bcabd4d2d94377a727547345cbca?s=96&d=mm&r=g","contentUrl":"https:\/\/secure.gravatar.com\/avatar\/986aa4c61ccdb66f8555bf88fc2a65609d00bcabd4d2d94377a727547345cbca?s=96&d=mm&r=g","caption":"Farn\u00e9sio"},"description":"Radialista blogueiro, chegou a Petrolina\/Juazeiro em setembro de 1980, Farn\u00e9sio Silva \u00e9 de Arapiraca-Alagoas.","sameAs":["http:\/\/blogdofarnesio.com.br","https:\/\/www.facebook.com\/?ref=tn_tnmn","https:\/\/www.instagram.com\/?utm_source=pwa_homescreen","https:\/\/youtube.com.br\/"],"url":"https:\/\/blogdofarnesio.com.br\/?author=2"}]}},"_links":{"self":[{"href":"https:\/\/blogdofarnesio.com.br\/index.php?rest_route=\/wp\/v2\/posts\/416896","targetHints":{"allow":["GET"]}}],"collection":[{"href":"https:\/\/blogdofarnesio.com.br\/index.php?rest_route=\/wp\/v2\/posts"}],"about":[{"href":"https:\/\/blogdofarnesio.com.br\/index.php?rest_route=\/wp\/v2\/types\/post"}],"author":[{"embeddable":true,"href":"https:\/\/blogdofarnesio.com.br\/index.php?rest_route=\/wp\/v2\/users\/2"}],"replies":[{"embeddable":true,"href":"https:\/\/blogdofarnesio.com.br\/index.php?rest_route=%2Fwp%2Fv2%2Fcomments&post=416896"}],"version-history":[{"count":3,"href":"https:\/\/blogdofarnesio.com.br\/index.php?rest_route=\/wp\/v2\/posts\/416896\/revisions"}],"predecessor-version":[{"id":416941,"href":"https:\/\/blogdofarnesio.com.br\/index.php?rest_route=\/wp\/v2\/posts\/416896\/revisions\/416941"}],"wp:featuredmedia":[{"embeddable":true,"href":"https:\/\/blogdofarnesio.com.br\/index.php?rest_route=\/wp\/v2\/media\/416897"}],"wp:attachment":[{"href":"https:\/\/blogdofarnesio.com.br\/index.php?rest_route=%2Fwp%2Fv2%2Fmedia&parent=416896"}],"wp:term":[{"taxonomy":"category","embeddable":true,"href":"https:\/\/blogdofarnesio.com.br\/index.php?rest_route=%2Fwp%2Fv2%2Fcategories&post=416896"},{"taxonomy":"post_tag","embeddable":true,"href":"https:\/\/blogdofarnesio.com.br\/index.php?rest_route=%2Fwp%2Fv2%2Ftags&post=416896"}],"curies":[{"name":"wp","href":"https:\/\/api.w.org\/{rel}","templated":true}]}}