{"id":416894,"date":"2026-03-12T09:01:04","date_gmt":"2026-03-12T12:01:04","guid":{"rendered":"https:\/\/blogdofarnesio.com.br\/?p=416894"},"modified":"2026-03-12T16:20:36","modified_gmt":"2026-03-12T19:20:36","slug":"workshop-de-planejamento-para-execucao-das-metas-do-plano-municipal-de-saude-2026-2029-aconteceu-em-juazeiro","status":"publish","type":"post","link":"https:\/\/blogdofarnesio.com.br\/2026\/03\/workshop-de-planejamento-para-execucao-das-metas-do-plano-municipal-de-saude-2026-2029-aconteceu-em-juazeiro\/","title":{"rendered":"workshop de planejamento para execu\u00e7\u00e3o das metas do Plano Municipal de Sa\u00fade 2026\u20132029 aconteceu em Juazeiro"},"content":{"rendered":"<div id=\"nav\">\n<div id=\"speedbump\">\n<div class=\"ObxnS\">\n<div class=\"MefFWe\">\n<div class=\"hbTneb\">\n<div class=\"KkSzKc\"><\/div>\n<\/div>\n<\/div>\n<\/div>\n<\/div>\n<\/div>\n<div id=\"views\">\n<div id=\"cv_\" class=\" q0CeU \">\n<div class=\"BMRW0e\">\n<div class=\"uQdvnb\">\n<div class=\"OM62re\">\n<div class=\"Atp2Qd\">\n<div class=\"gmSzme\" data-onclick=\"cvmsgcontainercl+23\">\n<div id=\"cvcmsg_19cdda9dff951d6d\" class=\"ArwC7c\">\n<div id=\"cvcfullmsg_19cdda9dff951d6d\" class=\"LnPMz\">\n<div id=\"cvcmsgbod_19cdda9dff951d6d\" class=\"qgRHze\">\n<div class=\"lR4FQe\">\n<div class=\"IoGNdb Zc0jMc \" dir=\"ltr\">\n<div dir=\"ltr\"><span dir=\"auto\">A Secretaria Municipal de Sa\u00fade de Juazeiro (Sesau) realizou quarta-feira (11), o segundo momento da Oficina de Planejamento do Plano Municipal de Sa\u00fade 2026\u20132029. <\/span><\/div>\n<div dir=\"ltr\">\n<p><span dir=\"auto\">O encontro aconteceu no audit\u00f3rio do Col\u00e9gio Codefas e reuniu uma equipe gestora da pasta com o objetivo de fortalecer o processo de organiza\u00e7\u00e3o e execu\u00e7\u00e3o de a\u00e7\u00f5es estrat\u00e9gicas que ir\u00e3o nortear as pol\u00edticas p\u00fablicas de sa\u00fade no munic\u00edpio pelos pr\u00f3ximos anos.<\/span><\/p>\n<p><span dir=\"auto\">A iniciativa integra o conjunto de a\u00e7\u00f5es voltadas ao aprimoramento da gest\u00e3o, promovendo qualifica\u00e7\u00e3o t\u00e9cnica e alinhamento entre os setores, aspectos fundamentais para a consolida\u00e7\u00e3o de um planejamento eficiente e direcionado \u00e0s reais necessidades da popula\u00e7\u00e3o.<\/span><\/p>\n<p><span dir=\"auto\">O workshop foi mediado por Joselma Alves, diretora e consultora da Avansus, que destacou a import\u00e2ncia da constru\u00e7\u00e3o coletiva do plano e da etapa atual de defini\u00e7\u00e3o das a\u00e7\u00f5es.<\/span><\/p>\n<p><span dir=\"auto\">\u201cEstamos aqui no segundo escrit\u00f3rio para o processo de planejamento do munic\u00edpio de Juazeiro. O Plano Municipal de Sa\u00fade foi feito a v\u00e1rias m\u00e3os, com os trabalhadores, com os gestores e com os usu\u00e1rios.<\/span><\/p>\n<\/div>\n<div dir=\"ltr\">\n<p><span dir=\"auto\"> Ele j\u00e1 foi conclu\u00eddo e aprovado no Conselho Municipal de Sa\u00fade. Hoje estamos no escrit\u00f3rio de &#8216;m\u00e3o na massa&#8217;, em que vamos pegar as metas e transform\u00e1-las em a\u00e7\u00f5es, programando atividades que garantam resolutividade e ampliem o acesso da popula\u00e7\u00e3o aos servi\u00e7os de sa\u00fade no munic\u00edpio\u201d,.<\/span><\/p>\n<p><span dir=\"auto\">A faz parte do cronograma de planejamento da Sesau e refor\u00e7a o compromisso da gest\u00e3o municipal com a qualifica\u00e7\u00e3o cont\u00ednua das equipes e com o fortalecimento das pol\u00edticas p\u00fablicas de sa\u00fade em Juazeiro.<\/span><\/p>\n<\/div>\n<\/div>\n<\/div>\n<\/div>\n<\/div>\n<\/div>\n<\/div>\n<\/div>\n<\/div>\n<\/div>\n<\/div>\n<\/div>\n<\/div>\n","protected":false},"excerpt":{"rendered":"<p>A Secretaria Municipal de Sa\u00fade de Juazeiro (Sesau) realizou quarta-feira (11), o segundo momento da Oficina de Planejamento do Plano Municipal de Sa\u00fade 2026\u20132029. O encontro aconteceu no audit\u00f3rio do Col\u00e9gio Codefas e reuniu uma equipe gestora da pasta com o objetivo de fortalecer o processo de organiza\u00e7\u00e3o e execu\u00e7\u00e3o de a\u00e7\u00f5es estrat\u00e9gicas que ir\u00e3o nortear as pol\u00edticas p\u00fablicas de sa\u00fade no munic\u00edpio pelos pr\u00f3ximos anos. A iniciativa integra o conjunto de a\u00e7\u00f5es voltadas ao aprimoramento da gest\u00e3o, promovendo qualifica\u00e7\u00e3o t\u00e9cnica e alinhamento entre os setores, aspectos fundamentais para a consolida\u00e7\u00e3o de um planejamento eficiente e direcionado \u00e0s reais necessidades da popula\u00e7\u00e3o. O workshop foi mediado por Joselma Alves, diretora e consultora da Avansus, que destacou a import\u00e2ncia da constru\u00e7\u00e3o&hellip; <\/p>\n","protected":false},"author":2,"featured_media":414788,"comment_status":"open","ping_status":"open","sticky":false,"template":"","format":"standard","meta":{"_acf_changed":false,"footnotes":""},"categories":[43],"tags":[],"class_list":["post-416894","post","type-post","status-publish","format-standard","has-post-thumbnail","hentry","category-sem-categoria"],"acf":[],"yoast_head":"<!-- This site is optimized with the Yoast SEO plugin v27.5 - https:\/\/yoast.com\/product\/yoast-seo-wordpress\/ -->\n<title>workshop de planejamento para execu\u00e7\u00e3o das metas do Plano Municipal de Sa\u00fade 2026\u20132029 aconteceu em Juazeiro - Blog do Farn\u00e9sio<\/title>\n<meta name=\"robots\" content=\"index, follow, max-snippet:-1, max-image-preview:large, max-video-preview:-1\" \/>\n<link rel=\"canonical\" href=\"https:\/\/blogdofarnesio.com.br\/2026\/03\/workshop-de-planejamento-para-execucao-das-metas-do-plano-municipal-de-saude-2026-2029-aconteceu-em-juazeiro\/\" \/>\n<meta property=\"og:locale\" content=\"pt_BR\" \/>\n<meta property=\"og:type\" content=\"article\" \/>\n<meta property=\"og:title\" content=\"workshop de planejamento para execu\u00e7\u00e3o das metas do Plano Municipal de Sa\u00fade 2026\u20132029 aconteceu em Juazeiro - Blog do Farn\u00e9sio\" \/>\n<meta property=\"og:description\" content=\"A Secretaria Municipal de Sa\u00fade de Juazeiro (Sesau) realizou quarta-feira (11), o segundo momento da Oficina de Planejamento do Plano Municipal de Sa\u00fade 2026\u20132029. O encontro aconteceu no audit\u00f3rio do Col\u00e9gio Codefas e reuniu uma equipe gestora da pasta com o objetivo de fortalecer o processo de organiza\u00e7\u00e3o e execu\u00e7\u00e3o de a\u00e7\u00f5es estrat\u00e9gicas que ir\u00e3o nortear as pol\u00edticas p\u00fablicas de sa\u00fade no munic\u00edpio pelos pr\u00f3ximos anos. A iniciativa integra o conjunto de a\u00e7\u00f5es voltadas ao aprimoramento da gest\u00e3o, promovendo qualifica\u00e7\u00e3o t\u00e9cnica e alinhamento entre os setores, aspectos fundamentais para a consolida\u00e7\u00e3o de um planejamento eficiente e direcionado \u00e0s reais necessidades da popula\u00e7\u00e3o. O workshop foi mediado por Joselma Alves, diretora e consultora da Avansus, que destacou a import\u00e2ncia da constru\u00e7\u00e3o&hellip;\" \/>\n<meta property=\"og:url\" content=\"https:\/\/blogdofarnesio.com.br\/2026\/03\/workshop-de-planejamento-para-execucao-das-metas-do-plano-municipal-de-saude-2026-2029-aconteceu-em-juazeiro\/\" \/>\n<meta property=\"og:site_name\" content=\"Blog do Farn\u00e9sio\" \/>\n<meta property=\"article:publisher\" content=\"https:\/\/www.facebook.com\/BlogQuerSaberPolitica\/\" \/>\n<meta property=\"article:author\" content=\"https:\/\/www.facebook.com\/?ref=tn_tnmn\" \/>\n<meta property=\"article:published_time\" content=\"2026-03-12T12:01:04+00:00\" \/>\n<meta property=\"article:modified_time\" content=\"2026-03-12T19:20:36+00:00\" \/>\n<meta property=\"og:image\" content=\"https:\/\/blogdofarnesio.com.br\/wp-content\/uploads\/2026\/02\/blogqspjua-Plano-Municipal-de-Saude-e1770830768372.jpeg\" \/>\n\t<meta property=\"og:image:width\" content=\"600\" \/>\n\t<meta property=\"og:image:height\" content=\"400\" \/>\n\t<meta property=\"og:image:type\" content=\"image\/jpeg\" \/>\n<meta name=\"author\" content=\"Farn\u00e9sio\" \/>\n<meta name=\"twitter:card\" content=\"summary_large_image\" \/>\n<meta name=\"twitter:label1\" content=\"Escrito por\" \/>\n\t<meta name=\"twitter:data1\" content=\"Farn\u00e9sio\" \/>\n\t<meta name=\"twitter:label2\" content=\"Est. tempo de leitura\" \/>\n\t<meta name=\"twitter:data2\" content=\"2 minutos\" \/>\n<script type=\"application\/ld+json\" class=\"yoast-schema-graph\">{\"@context\":\"https:\\\/\\\/schema.org\",\"@graph\":[{\"@type\":\"Article\",\"@id\":\"https:\\\/\\\/blogdofarnesio.com.br\\\/2026\\\/03\\\/workshop-de-planejamento-para-execucao-das-metas-do-plano-municipal-de-saude-2026-2029-aconteceu-em-juazeiro\\\/#article\",\"isPartOf\":{\"@id\":\"https:\\\/\\\/blogdofarnesio.com.br\\\/2026\\\/03\\\/workshop-de-planejamento-para-execucao-das-metas-do-plano-municipal-de-saude-2026-2029-aconteceu-em-juazeiro\\\/\"},\"author\":{\"name\":\"Farn\u00e9sio\",\"@id\":\"https:\\\/\\\/blogdofarnesio.com.br\\\/#\\\/schema\\\/person\\\/bb9b23ae3ad0609ce8df7b6c9e76824d\"},\"headline\":\"workshop de planejamento para execu\u00e7\u00e3o das metas do Plano Municipal de Sa\u00fade 2026\u20132029 aconteceu em Juazeiro\",\"datePublished\":\"2026-03-12T12:01:04+00:00\",\"dateModified\":\"2026-03-12T19:20:36+00:00\",\"mainEntityOfPage\":{\"@id\":\"https:\\\/\\\/blogdofarnesio.com.br\\\/2026\\\/03\\\/workshop-de-planejamento-para-execucao-das-metas-do-plano-municipal-de-saude-2026-2029-aconteceu-em-juazeiro\\\/\"},\"wordCount\":306,\"commentCount\":0,\"publisher\":{\"@id\":\"https:\\\/\\\/blogdofarnesio.com.br\\\/#organization\"},\"image\":{\"@id\":\"https:\\\/\\\/blogdofarnesio.com.br\\\/2026\\\/03\\\/workshop-de-planejamento-para-execucao-das-metas-do-plano-municipal-de-saude-2026-2029-aconteceu-em-juazeiro\\\/#primaryimage\"},\"thumbnailUrl\":\"https:\\\/\\\/blogdofarnesio.com.br\\\/wp-content\\\/uploads\\\/2026\\\/02\\\/blogqspjua-Plano-Municipal-de-Saude-e1770830768372.jpeg\",\"inLanguage\":\"pt-BR\",\"potentialAction\":[{\"@type\":\"CommentAction\",\"name\":\"Comment\",\"target\":[\"https:\\\/\\\/blogdofarnesio.com.br\\\/2026\\\/03\\\/workshop-de-planejamento-para-execucao-das-metas-do-plano-municipal-de-saude-2026-2029-aconteceu-em-juazeiro\\\/#respond\"]}]},{\"@type\":\"WebPage\",\"@id\":\"https:\\\/\\\/blogdofarnesio.com.br\\\/2026\\\/03\\\/workshop-de-planejamento-para-execucao-das-metas-do-plano-municipal-de-saude-2026-2029-aconteceu-em-juazeiro\\\/\",\"url\":\"https:\\\/\\\/blogdofarnesio.com.br\\\/2026\\\/03\\\/workshop-de-planejamento-para-execucao-das-metas-do-plano-municipal-de-saude-2026-2029-aconteceu-em-juazeiro\\\/\",\"name\":\"workshop de planejamento para execu\u00e7\u00e3o das metas do Plano Municipal de Sa\u00fade 2026\u20132029 aconteceu em Juazeiro - Blog do Farn\u00e9sio\",\"isPartOf\":{\"@id\":\"https:\\\/\\\/blogdofarnesio.com.br\\\/#website\"},\"primaryImageOfPage\":{\"@id\":\"https:\\\/\\\/blogdofarnesio.com.br\\\/2026\\\/03\\\/workshop-de-planejamento-para-execucao-das-metas-do-plano-municipal-de-saude-2026-2029-aconteceu-em-juazeiro\\\/#primaryimage\"},\"image\":{\"@id\":\"https:\\\/\\\/blogdofarnesio.com.br\\\/2026\\\/03\\\/workshop-de-planejamento-para-execucao-das-metas-do-plano-municipal-de-saude-2026-2029-aconteceu-em-juazeiro\\\/#primaryimage\"},\"thumbnailUrl\":\"https:\\\/\\\/blogdofarnesio.com.br\\\/wp-content\\\/uploads\\\/2026\\\/02\\\/blogqspjua-Plano-Municipal-de-Saude-e1770830768372.jpeg\",\"datePublished\":\"2026-03-12T12:01:04+00:00\",\"dateModified\":\"2026-03-12T19:20:36+00:00\",\"breadcrumb\":{\"@id\":\"https:\\\/\\\/blogdofarnesio.com.br\\\/2026\\\/03\\\/workshop-de-planejamento-para-execucao-das-metas-do-plano-municipal-de-saude-2026-2029-aconteceu-em-juazeiro\\\/#breadcrumb\"},\"inLanguage\":\"pt-BR\",\"potentialAction\":[{\"@type\":\"ReadAction\",\"target\":[\"https:\\\/\\\/blogdofarnesio.com.br\\\/2026\\\/03\\\/workshop-de-planejamento-para-execucao-das-metas-do-plano-municipal-de-saude-2026-2029-aconteceu-em-juazeiro\\\/\"]}]},{\"@type\":\"ImageObject\",\"inLanguage\":\"pt-BR\",\"@id\":\"https:\\\/\\\/blogdofarnesio.com.br\\\/2026\\\/03\\\/workshop-de-planejamento-para-execucao-das-metas-do-plano-municipal-de-saude-2026-2029-aconteceu-em-juazeiro\\\/#primaryimage\",\"url\":\"https:\\\/\\\/blogdofarnesio.com.br\\\/wp-content\\\/uploads\\\/2026\\\/02\\\/blogqspjua-Plano-Municipal-de-Saude-e1770830768372.jpeg\",\"contentUrl\":\"https:\\\/\\\/blogdofarnesio.com.br\\\/wp-content\\\/uploads\\\/2026\\\/02\\\/blogqspjua-Plano-Municipal-de-Saude-e1770830768372.jpeg\",\"width\":600,\"height\":400},{\"@type\":\"BreadcrumbList\",\"@id\":\"https:\\\/\\\/blogdofarnesio.com.br\\\/2026\\\/03\\\/workshop-de-planejamento-para-execucao-das-metas-do-plano-municipal-de-saude-2026-2029-aconteceu-em-juazeiro\\\/#breadcrumb\",\"itemListElement\":[{\"@type\":\"ListItem\",\"position\":1,\"name\":\"In\u00edcio\",\"item\":\"https:\\\/\\\/blogdofarnesio.com.br\\\/\"},{\"@type\":\"ListItem\",\"position\":2,\"name\":\"workshop de planejamento para execu\u00e7\u00e3o das metas do Plano Municipal de Sa\u00fade 2026\u20132029 aconteceu em Juazeiro\"}]},{\"@type\":\"WebSite\",\"@id\":\"https:\\\/\\\/blogdofarnesio.com.br\\\/#website\",\"url\":\"https:\\\/\\\/blogdofarnesio.com.br\\\/\",\"name\":\"Blog do Farn\u00e9sio\",\"description\":\"Quer Saber Pol\u00edtica?\",\"publisher\":{\"@id\":\"https:\\\/\\\/blogdofarnesio.com.br\\\/#organization\"},\"potentialAction\":[{\"@type\":\"SearchAction\",\"target\":{\"@type\":\"EntryPoint\",\"urlTemplate\":\"https:\\\/\\\/blogdofarnesio.com.br\\\/?s={search_term_string}\"},\"query-input\":{\"@type\":\"PropertyValueSpecification\",\"valueRequired\":true,\"valueName\":\"search_term_string\"}}],\"inLanguage\":\"pt-BR\"},{\"@type\":\"Organization\",\"@id\":\"https:\\\/\\\/blogdofarnesio.com.br\\\/#organization\",\"name\":\"Blog do Farn\u00e9sio\",\"url\":\"https:\\\/\\\/blogdofarnesio.com.br\\\/\",\"logo\":{\"@type\":\"ImageObject\",\"inLanguage\":\"pt-BR\",\"@id\":\"https:\\\/\\\/blogdofarnesio.com.br\\\/#\\\/schema\\\/logo\\\/image\\\/\",\"url\":\"https:\\\/\\\/blogdofarnesio.com.br\\\/wp-content\\\/uploads\\\/2026\\\/03\\\/cropped-logo_new-1.png\",\"contentUrl\":\"https:\\\/\\\/blogdofarnesio.com.br\\\/wp-content\\\/uploads\\\/2026\\\/03\\\/cropped-logo_new-1.png\",\"width\":881,\"height\":685,\"caption\":\"Blog do Farn\u00e9sio\"},\"image\":{\"@id\":\"https:\\\/\\\/blogdofarnesio.com.br\\\/#\\\/schema\\\/logo\\\/image\\\/\"},\"sameAs\":[\"https:\\\/\\\/www.facebook.com\\\/BlogQuerSaberPolitica\\\/\"]},{\"@type\":\"Person\",\"@id\":\"https:\\\/\\\/blogdofarnesio.com.br\\\/#\\\/schema\\\/person\\\/bb9b23ae3ad0609ce8df7b6c9e76824d\",\"name\":\"Farn\u00e9sio\",\"image\":{\"@type\":\"ImageObject\",\"inLanguage\":\"pt-BR\",\"@id\":\"https:\\\/\\\/secure.gravatar.com\\\/avatar\\\/986aa4c61ccdb66f8555bf88fc2a65609d00bcabd4d2d94377a727547345cbca?s=96&d=mm&r=g\",\"url\":\"https:\\\/\\\/secure.gravatar.com\\\/avatar\\\/986aa4c61ccdb66f8555bf88fc2a65609d00bcabd4d2d94377a727547345cbca?s=96&d=mm&r=g\",\"contentUrl\":\"https:\\\/\\\/secure.gravatar.com\\\/avatar\\\/986aa4c61ccdb66f8555bf88fc2a65609d00bcabd4d2d94377a727547345cbca?s=96&d=mm&r=g\",\"caption\":\"Farn\u00e9sio\"},\"description\":\"Radialista blogueiro, chegou a Petrolina\\\/Juazeiro em setembro de 1980, Farn\u00e9sio Silva \u00e9 de Arapiraca-Alagoas.\",\"sameAs\":[\"http:\\\/\\\/blogdofarnesio.com.br\",\"https:\\\/\\\/www.facebook.com\\\/?ref=tn_tnmn\",\"https:\\\/\\\/www.instagram.com\\\/?utm_source=pwa_homescreen\",\"https:\\\/\\\/youtube.com.br\\\/\"],\"url\":\"https:\\\/\\\/blogdofarnesio.com.br\\\/author\\\/farnesio-2\\\/\"}]}<\/script>\n<!-- \/ Yoast SEO plugin. -->","yoast_head_json":{"title":"workshop de planejamento para execu\u00e7\u00e3o das metas do Plano Municipal de Sa\u00fade 2026\u20132029 aconteceu em Juazeiro - Blog do Farn\u00e9sio","robots":{"index":"index","follow":"follow","max-snippet":"max-snippet:-1","max-image-preview":"max-image-preview:large","max-video-preview":"max-video-preview:-1"},"canonical":"https:\/\/blogdofarnesio.com.br\/2026\/03\/workshop-de-planejamento-para-execucao-das-metas-do-plano-municipal-de-saude-2026-2029-aconteceu-em-juazeiro\/","og_locale":"pt_BR","og_type":"article","og_title":"workshop de planejamento para execu\u00e7\u00e3o das metas do Plano Municipal de Sa\u00fade 2026\u20132029 aconteceu em Juazeiro - Blog do Farn\u00e9sio","og_description":"A Secretaria Municipal de Sa\u00fade de Juazeiro (Sesau) realizou quarta-feira (11), o segundo momento da Oficina de Planejamento do Plano Municipal de Sa\u00fade 2026\u20132029. O encontro aconteceu no audit\u00f3rio do Col\u00e9gio Codefas e reuniu uma equipe gestora da pasta com o objetivo de fortalecer o processo de organiza\u00e7\u00e3o e execu\u00e7\u00e3o de a\u00e7\u00f5es estrat\u00e9gicas que ir\u00e3o nortear as pol\u00edticas p\u00fablicas de sa\u00fade no munic\u00edpio pelos pr\u00f3ximos anos. A iniciativa integra o conjunto de a\u00e7\u00f5es voltadas ao aprimoramento da gest\u00e3o, promovendo qualifica\u00e7\u00e3o t\u00e9cnica e alinhamento entre os setores, aspectos fundamentais para a consolida\u00e7\u00e3o de um planejamento eficiente e direcionado \u00e0s reais necessidades da popula\u00e7\u00e3o. O workshop foi mediado por Joselma Alves, diretora e consultora da Avansus, que destacou a import\u00e2ncia da constru\u00e7\u00e3o&hellip;","og_url":"https:\/\/blogdofarnesio.com.br\/2026\/03\/workshop-de-planejamento-para-execucao-das-metas-do-plano-municipal-de-saude-2026-2029-aconteceu-em-juazeiro\/","og_site_name":"Blog do Farn\u00e9sio","article_publisher":"https:\/\/www.facebook.com\/BlogQuerSaberPolitica\/","article_author":"https:\/\/www.facebook.com\/?ref=tn_tnmn","article_published_time":"2026-03-12T12:01:04+00:00","article_modified_time":"2026-03-12T19:20:36+00:00","og_image":[{"width":600,"height":400,"url":"https:\/\/blogdofarnesio.com.br\/wp-content\/uploads\/2026\/02\/blogqspjua-Plano-Municipal-de-Saude-e1770830768372.jpeg","type":"image\/jpeg"}],"author":"Farn\u00e9sio","twitter_card":"summary_large_image","twitter_misc":{"Escrito por":"Farn\u00e9sio","Est. tempo de leitura":"2 minutos"},"schema":{"@context":"https:\/\/schema.org","@graph":[{"@type":"Article","@id":"https:\/\/blogdofarnesio.com.br\/2026\/03\/workshop-de-planejamento-para-execucao-das-metas-do-plano-municipal-de-saude-2026-2029-aconteceu-em-juazeiro\/#article","isPartOf":{"@id":"https:\/\/blogdofarnesio.com.br\/2026\/03\/workshop-de-planejamento-para-execucao-das-metas-do-plano-municipal-de-saude-2026-2029-aconteceu-em-juazeiro\/"},"author":{"name":"Farn\u00e9sio","@id":"https:\/\/blogdofarnesio.com.br\/#\/schema\/person\/bb9b23ae3ad0609ce8df7b6c9e76824d"},"headline":"workshop de planejamento para execu\u00e7\u00e3o das metas do Plano Municipal de Sa\u00fade 2026\u20132029 aconteceu em Juazeiro","datePublished":"2026-03-12T12:01:04+00:00","dateModified":"2026-03-12T19:20:36+00:00","mainEntityOfPage":{"@id":"https:\/\/blogdofarnesio.com.br\/2026\/03\/workshop-de-planejamento-para-execucao-das-metas-do-plano-municipal-de-saude-2026-2029-aconteceu-em-juazeiro\/"},"wordCount":306,"commentCount":0,"publisher":{"@id":"https:\/\/blogdofarnesio.com.br\/#organization"},"image":{"@id":"https:\/\/blogdofarnesio.com.br\/2026\/03\/workshop-de-planejamento-para-execucao-das-metas-do-plano-municipal-de-saude-2026-2029-aconteceu-em-juazeiro\/#primaryimage"},"thumbnailUrl":"https:\/\/blogdofarnesio.com.br\/wp-content\/uploads\/2026\/02\/blogqspjua-Plano-Municipal-de-Saude-e1770830768372.jpeg","inLanguage":"pt-BR","potentialAction":[{"@type":"CommentAction","name":"Comment","target":["https:\/\/blogdofarnesio.com.br\/2026\/03\/workshop-de-planejamento-para-execucao-das-metas-do-plano-municipal-de-saude-2026-2029-aconteceu-em-juazeiro\/#respond"]}]},{"@type":"WebPage","@id":"https:\/\/blogdofarnesio.com.br\/2026\/03\/workshop-de-planejamento-para-execucao-das-metas-do-plano-municipal-de-saude-2026-2029-aconteceu-em-juazeiro\/","url":"https:\/\/blogdofarnesio.com.br\/2026\/03\/workshop-de-planejamento-para-execucao-das-metas-do-plano-municipal-de-saude-2026-2029-aconteceu-em-juazeiro\/","name":"workshop de planejamento para execu\u00e7\u00e3o das metas do Plano Municipal de Sa\u00fade 2026\u20132029 aconteceu em Juazeiro - Blog do Farn\u00e9sio","isPartOf":{"@id":"https:\/\/blogdofarnesio.com.br\/#website"},"primaryImageOfPage":{"@id":"https:\/\/blogdofarnesio.com.br\/2026\/03\/workshop-de-planejamento-para-execucao-das-metas-do-plano-municipal-de-saude-2026-2029-aconteceu-em-juazeiro\/#primaryimage"},"image":{"@id":"https:\/\/blogdofarnesio.com.br\/2026\/03\/workshop-de-planejamento-para-execucao-das-metas-do-plano-municipal-de-saude-2026-2029-aconteceu-em-juazeiro\/#primaryimage"},"thumbnailUrl":"https:\/\/blogdofarnesio.com.br\/wp-content\/uploads\/2026\/02\/blogqspjua-Plano-Municipal-de-Saude-e1770830768372.jpeg","datePublished":"2026-03-12T12:01:04+00:00","dateModified":"2026-03-12T19:20:36+00:00","breadcrumb":{"@id":"https:\/\/blogdofarnesio.com.br\/2026\/03\/workshop-de-planejamento-para-execucao-das-metas-do-plano-municipal-de-saude-2026-2029-aconteceu-em-juazeiro\/#breadcrumb"},"inLanguage":"pt-BR","potentialAction":[{"@type":"ReadAction","target":["https:\/\/blogdofarnesio.com.br\/2026\/03\/workshop-de-planejamento-para-execucao-das-metas-do-plano-municipal-de-saude-2026-2029-aconteceu-em-juazeiro\/"]}]},{"@type":"ImageObject","inLanguage":"pt-BR","@id":"https:\/\/blogdofarnesio.com.br\/2026\/03\/workshop-de-planejamento-para-execucao-das-metas-do-plano-municipal-de-saude-2026-2029-aconteceu-em-juazeiro\/#primaryimage","url":"https:\/\/blogdofarnesio.com.br\/wp-content\/uploads\/2026\/02\/blogqspjua-Plano-Municipal-de-Saude-e1770830768372.jpeg","contentUrl":"https:\/\/blogdofarnesio.com.br\/wp-content\/uploads\/2026\/02\/blogqspjua-Plano-Municipal-de-Saude-e1770830768372.jpeg","width":600,"height":400},{"@type":"BreadcrumbList","@id":"https:\/\/blogdofarnesio.com.br\/2026\/03\/workshop-de-planejamento-para-execucao-das-metas-do-plano-municipal-de-saude-2026-2029-aconteceu-em-juazeiro\/#breadcrumb","itemListElement":[{"@type":"ListItem","position":1,"name":"In\u00edcio","item":"https:\/\/blogdofarnesio.com.br\/"},{"@type":"ListItem","position":2,"name":"workshop de planejamento para execu\u00e7\u00e3o das metas do Plano Municipal de Sa\u00fade 2026\u20132029 aconteceu em Juazeiro"}]},{"@type":"WebSite","@id":"https:\/\/blogdofarnesio.com.br\/#website","url":"https:\/\/blogdofarnesio.com.br\/","name":"Blog do Farn\u00e9sio","description":"Quer Saber Pol\u00edtica?","publisher":{"@id":"https:\/\/blogdofarnesio.com.br\/#organization"},"potentialAction":[{"@type":"SearchAction","target":{"@type":"EntryPoint","urlTemplate":"https:\/\/blogdofarnesio.com.br\/?s={search_term_string}"},"query-input":{"@type":"PropertyValueSpecification","valueRequired":true,"valueName":"search_term_string"}}],"inLanguage":"pt-BR"},{"@type":"Organization","@id":"https:\/\/blogdofarnesio.com.br\/#organization","name":"Blog do Farn\u00e9sio","url":"https:\/\/blogdofarnesio.com.br\/","logo":{"@type":"ImageObject","inLanguage":"pt-BR","@id":"https:\/\/blogdofarnesio.com.br\/#\/schema\/logo\/image\/","url":"https:\/\/blogdofarnesio.com.br\/wp-content\/uploads\/2026\/03\/cropped-logo_new-1.png","contentUrl":"https:\/\/blogdofarnesio.com.br\/wp-content\/uploads\/2026\/03\/cropped-logo_new-1.png","width":881,"height":685,"caption":"Blog do Farn\u00e9sio"},"image":{"@id":"https:\/\/blogdofarnesio.com.br\/#\/schema\/logo\/image\/"},"sameAs":["https:\/\/www.facebook.com\/BlogQuerSaberPolitica\/"]},{"@type":"Person","@id":"https:\/\/blogdofarnesio.com.br\/#\/schema\/person\/bb9b23ae3ad0609ce8df7b6c9e76824d","name":"Farn\u00e9sio","image":{"@type":"ImageObject","inLanguage":"pt-BR","@id":"https:\/\/secure.gravatar.com\/avatar\/986aa4c61ccdb66f8555bf88fc2a65609d00bcabd4d2d94377a727547345cbca?s=96&d=mm&r=g","url":"https:\/\/secure.gravatar.com\/avatar\/986aa4c61ccdb66f8555bf88fc2a65609d00bcabd4d2d94377a727547345cbca?s=96&d=mm&r=g","contentUrl":"https:\/\/secure.gravatar.com\/avatar\/986aa4c61ccdb66f8555bf88fc2a65609d00bcabd4d2d94377a727547345cbca?s=96&d=mm&r=g","caption":"Farn\u00e9sio"},"description":"Radialista blogueiro, chegou a Petrolina\/Juazeiro em setembro de 1980, Farn\u00e9sio Silva \u00e9 de Arapiraca-Alagoas.","sameAs":["http:\/\/blogdofarnesio.com.br","https:\/\/www.facebook.com\/?ref=tn_tnmn","https:\/\/www.instagram.com\/?utm_source=pwa_homescreen","https:\/\/youtube.com.br\/"],"url":"https:\/\/blogdofarnesio.com.br\/author\/farnesio-2\/"}]}},"_links":{"self":[{"href":"https:\/\/blogdofarnesio.com.br\/wp-json\/wp\/v2\/posts\/416894","targetHints":{"allow":["GET"]}}],"collection":[{"href":"https:\/\/blogdofarnesio.com.br\/wp-json\/wp\/v2\/posts"}],"about":[{"href":"https:\/\/blogdofarnesio.com.br\/wp-json\/wp\/v2\/types\/post"}],"author":[{"embeddable":true,"href":"https:\/\/blogdofarnesio.com.br\/wp-json\/wp\/v2\/users\/2"}],"replies":[{"embeddable":true,"href":"https:\/\/blogdofarnesio.com.br\/wp-json\/wp\/v2\/comments?post=416894"}],"version-history":[{"count":2,"href":"https:\/\/blogdofarnesio.com.br\/wp-json\/wp\/v2\/posts\/416894\/revisions"}],"predecessor-version":[{"id":416988,"href":"https:\/\/blogdofarnesio.com.br\/wp-json\/wp\/v2\/posts\/416894\/revisions\/416988"}],"wp:featuredmedia":[{"embeddable":true,"href":"https:\/\/blogdofarnesio.com.br\/wp-json\/wp\/v2\/media\/414788"}],"wp:attachment":[{"href":"https:\/\/blogdofarnesio.com.br\/wp-json\/wp\/v2\/media?parent=416894"}],"wp:term":[{"taxonomy":"category","embeddable":true,"href":"https:\/\/blogdofarnesio.com.br\/wp-json\/wp\/v2\/categories?post=416894"},{"taxonomy":"post_tag","embeddable":true,"href":"https:\/\/blogdofarnesio.com.br\/wp-json\/wp\/v2\/tags?post=416894"}],"curies":[{"name":"wp","href":"https:\/\/api.w.org\/{rel}","templated":true}]}}