{"id":416891,"date":"2026-03-12T14:42:18","date_gmt":"2026-03-12T17:42:18","guid":{"rendered":"https:\/\/blogdofarnesio.com.br\/?p=416891"},"modified":"2026-03-12T08:12:00","modified_gmt":"2026-03-12T11:12:00","slug":"petrolina-inaugura-creche-de-alto-padrao-no-n-10-nesta-quinta-feira","status":"publish","type":"post","link":"https:\/\/blogdofarnesio.com.br\/?p=416891","title":{"rendered":"Petrolina inaugura creche de alto padr\u00e3o no N-10 nesta quinta-feira"},"content":{"rendered":"<div id=\"nav\">\n<div id=\"speedbump\">\n<div class=\"ObxnS\">\n<div class=\"MefFWe\">\n<div class=\"hbTneb\">\n<div class=\"KkSzKc\">A Prefeitura de Petrolina realizar\u00e1, nesta quinta-feira (12), \u00e0s 18h, a inaugura\u00e7\u00e3o da Creche de Alto Padr\u00e3o do Per\u00edmetro Irrigado Senador Nilo Coelho \u2013 N\u00facleo 10, ampliando os investimentos na educa\u00e7\u00e3o infantil do munic\u00edpio e fortalecendo a rede de ensino com mais uma unidade voltada ao cuidado e ao desenvolvimento das crian\u00e7as.<\/div>\n<\/div>\n<\/div>\n<\/div>\n<\/div>\n<\/div>\n<div id=\"views\">\n<div id=\"cv_\" class=\" q0CeU \">\n<div class=\"BMRW0e\">\n<div class=\"uQdvnb\">\n<div class=\"OM62re\">\n<div class=\"Atp2Qd\">\n<div class=\"gmSzme\" data-onclick=\"cvmsgcontainercl+23\">\n<div id=\"cvcmsg_19cde7f3b08409f3\" class=\"ArwC7c\">\n<div id=\"cvcfullmsg_19cde7f3b08409f3\" class=\"LnPMz\">\n<div id=\"cvcmsgbod_19cde7f3b08409f3\" class=\"qgRHze\">\n<div class=\"lR4FQe\">\n<div class=\"IoGNdb Zc0jMc \" dir=\"ltr\">\n<div>\n<p><span dir=\"auto\">A unidade conta com uma estrutura moderna, com 10 salas de aula climatizadas, al\u00e9m de ambientes pedag\u00f3gicos e administrativos que d\u00e3o suporte ao funcionamento da creche. <\/span><\/p>\n<p><span dir=\"auto\">O espa\u00e7o tamb\u00e9m possui \u00e1reas pensadas para estimular o desenvolvimento infantil proporcionando um ambiente seguro e acolhedor para alunos e profissionais.<\/span><\/p>\n<p><span dir=\"auto\">A nova creche \u00e9 a segunda unidade entregue em 2026. A primeira foi inaugurada no bairro Monsenhor Bernardino, refor\u00e7ando o compromisso em garantir vagas mais e melhores condi\u00e7\u00f5es de aprendizagem para os pequenos. <\/span><\/p>\n<p><span dir=\"auto\">A gest\u00e3o municipal convida toda a popula\u00e7\u00e3o para participar desse momento especial.<\/span><\/p>\n<p><span dir=\"auto\">Cl\u00e9ilma Silva: Assessoria de Comunica\u00e7\u00e3o<\/span><\/p>\n<\/div>\n<\/div>\n<\/div>\n<\/div>\n<\/div>\n<\/div>\n<\/div>\n<\/div>\n<\/div>\n<\/div>\n<\/div>\n<\/div>\n<\/div>\n","protected":false},"excerpt":{"rendered":"<p>A Prefeitura de Petrolina realizar\u00e1, nesta quinta-feira (12), \u00e0s 18h, a inaugura\u00e7\u00e3o da Creche de Alto Padr\u00e3o do Per\u00edmetro Irrigado Senador Nilo Coelho \u2013 N\u00facleo 10, ampliando os investimentos na educa\u00e7\u00e3o infantil do munic\u00edpio e fortalecendo a rede de ensino com mais uma unidade voltada ao cuidado e ao desenvolvimento das crian\u00e7as. A unidade conta com uma estrutura moderna, com 10 salas de aula climatizadas, al\u00e9m de ambientes pedag\u00f3gicos e administrativos que d\u00e3o suporte ao funcionamento da creche. O espa\u00e7o tamb\u00e9m possui \u00e1reas pensadas para estimular o desenvolvimento infantil proporcionando um ambiente seguro e acolhedor para alunos e profissionais. A nova creche \u00e9 a segunda unidade entregue em 2026. A primeira foi inaugurada no bairro Monsenhor Bernardino, refor\u00e7ando o compromisso&hellip; <\/p>\n","protected":false},"author":2,"featured_media":416892,"comment_status":"open","ping_status":"open","sticky":false,"template":"","format":"standard","meta":{"_acf_changed":false,"footnotes":""},"categories":[44],"tags":[],"class_list":["post-416891","post","type-post","status-publish","format-standard","has-post-thumbnail","hentry","category-administracao"],"acf":[],"yoast_head":"<!-- This site is optimized with the Yoast SEO plugin v27.4 - https:\/\/yoast.com\/product\/yoast-seo-wordpress\/ -->\n<title>Petrolina inaugura creche de alto padr\u00e3o no N-10 nesta quinta-feira - Blog do Farn\u00e9sio<\/title>\n<meta name=\"robots\" content=\"index, follow, max-snippet:-1, max-image-preview:large, max-video-preview:-1\" \/>\n<link rel=\"canonical\" href=\"https:\/\/blogdofarnesio.com.br\/?p=416891\" \/>\n<meta property=\"og:locale\" content=\"pt_BR\" \/>\n<meta property=\"og:type\" content=\"article\" \/>\n<meta property=\"og:title\" content=\"Petrolina inaugura creche de alto padr\u00e3o no N-10 nesta quinta-feira - Blog do Farn\u00e9sio\" \/>\n<meta property=\"og:description\" content=\"A Prefeitura de Petrolina realizar\u00e1, nesta quinta-feira (12), \u00e0s 18h, a inaugura\u00e7\u00e3o da Creche de Alto Padr\u00e3o do Per\u00edmetro Irrigado Senador Nilo Coelho \u2013 N\u00facleo 10, ampliando os investimentos na educa\u00e7\u00e3o infantil do munic\u00edpio e fortalecendo a rede de ensino com mais uma unidade voltada ao cuidado e ao desenvolvimento das crian\u00e7as. A unidade conta com uma estrutura moderna, com 10 salas de aula climatizadas, al\u00e9m de ambientes pedag\u00f3gicos e administrativos que d\u00e3o suporte ao funcionamento da creche. O espa\u00e7o tamb\u00e9m possui \u00e1reas pensadas para estimular o desenvolvimento infantil proporcionando um ambiente seguro e acolhedor para alunos e profissionais. A nova creche \u00e9 a segunda unidade entregue em 2026. A primeira foi inaugurada no bairro Monsenhor Bernardino, refor\u00e7ando o compromisso&hellip;\" \/>\n<meta property=\"og:url\" content=\"https:\/\/blogdofarnesio.com.br\/?p=416891\" \/>\n<meta property=\"og:site_name\" content=\"Blog do Farn\u00e9sio\" \/>\n<meta property=\"article:publisher\" content=\"https:\/\/www.facebook.com\/BlogQuerSaberPolitica\/\" \/>\n<meta property=\"article:author\" content=\"https:\/\/www.facebook.com\/?ref=tn_tnmn\" \/>\n<meta property=\"article:published_time\" content=\"2026-03-12T17:42:18+00:00\" \/>\n<meta property=\"og:image\" content=\"https:\/\/blogdofarnesio.com.br\/wp-content\/uploads\/2026\/03\/N-10-e1773264316519.jpeg\" \/>\n\t<meta property=\"og:image:width\" content=\"480\" \/>\n\t<meta property=\"og:image:height\" content=\"449\" \/>\n\t<meta property=\"og:image:type\" content=\"image\/jpeg\" \/>\n<meta name=\"author\" content=\"Farn\u00e9sio\" \/>\n<meta name=\"twitter:card\" content=\"summary_large_image\" \/>\n<meta name=\"twitter:label1\" content=\"Escrito por\" \/>\n\t<meta name=\"twitter:data1\" content=\"Farn\u00e9sio\" \/>\n\t<meta name=\"twitter:label2\" content=\"Est. tempo de leitura\" \/>\n\t<meta name=\"twitter:data2\" content=\"2 minutos\" \/>\n<script type=\"application\/ld+json\" class=\"yoast-schema-graph\">{\"@context\":\"https:\\\/\\\/schema.org\",\"@graph\":[{\"@type\":\"Article\",\"@id\":\"https:\\\/\\\/blogdofarnesio.com.br\\\/?p=416891#article\",\"isPartOf\":{\"@id\":\"https:\\\/\\\/blogdofarnesio.com.br\\\/?p=416891\"},\"author\":{\"name\":\"Farn\u00e9sio\",\"@id\":\"https:\\\/\\\/blogdofarnesio.com.br\\\/#\\\/schema\\\/person\\\/bb9b23ae3ad0609ce8df7b6c9e76824d\"},\"headline\":\"Petrolina inaugura creche de alto padr\u00e3o no N-10 nesta quinta-feira\",\"datePublished\":\"2026-03-12T17:42:18+00:00\",\"mainEntityOfPage\":{\"@id\":\"https:\\\/\\\/blogdofarnesio.com.br\\\/?p=416891\"},\"wordCount\":172,\"commentCount\":0,\"publisher\":{\"@id\":\"https:\\\/\\\/blogdofarnesio.com.br\\\/#organization\"},\"image\":{\"@id\":\"https:\\\/\\\/blogdofarnesio.com.br\\\/?p=416891#primaryimage\"},\"thumbnailUrl\":\"https:\\\/\\\/blogdofarnesio.com.br\\\/wp-content\\\/uploads\\\/2026\\\/03\\\/N-10-e1773264316519.jpeg\",\"articleSection\":[\"Administra\u00e7\u00e3o\"],\"inLanguage\":\"pt-BR\",\"potentialAction\":[{\"@type\":\"CommentAction\",\"name\":\"Comment\",\"target\":[\"https:\\\/\\\/blogdofarnesio.com.br\\\/?p=416891#respond\"]}]},{\"@type\":\"WebPage\",\"@id\":\"https:\\\/\\\/blogdofarnesio.com.br\\\/?p=416891\",\"url\":\"https:\\\/\\\/blogdofarnesio.com.br\\\/?p=416891\",\"name\":\"Petrolina inaugura creche de alto padr\u00e3o no N-10 nesta quinta-feira - Blog do Farn\u00e9sio\",\"isPartOf\":{\"@id\":\"https:\\\/\\\/blogdofarnesio.com.br\\\/#website\"},\"primaryImageOfPage\":{\"@id\":\"https:\\\/\\\/blogdofarnesio.com.br\\\/?p=416891#primaryimage\"},\"image\":{\"@id\":\"https:\\\/\\\/blogdofarnesio.com.br\\\/?p=416891#primaryimage\"},\"thumbnailUrl\":\"https:\\\/\\\/blogdofarnesio.com.br\\\/wp-content\\\/uploads\\\/2026\\\/03\\\/N-10-e1773264316519.jpeg\",\"datePublished\":\"2026-03-12T17:42:18+00:00\",\"breadcrumb\":{\"@id\":\"https:\\\/\\\/blogdofarnesio.com.br\\\/?p=416891#breadcrumb\"},\"inLanguage\":\"pt-BR\",\"potentialAction\":[{\"@type\":\"ReadAction\",\"target\":[\"https:\\\/\\\/blogdofarnesio.com.br\\\/?p=416891\"]}]},{\"@type\":\"ImageObject\",\"inLanguage\":\"pt-BR\",\"@id\":\"https:\\\/\\\/blogdofarnesio.com.br\\\/?p=416891#primaryimage\",\"url\":\"https:\\\/\\\/blogdofarnesio.com.br\\\/wp-content\\\/uploads\\\/2026\\\/03\\\/N-10-e1773264316519.jpeg\",\"contentUrl\":\"https:\\\/\\\/blogdofarnesio.com.br\\\/wp-content\\\/uploads\\\/2026\\\/03\\\/N-10-e1773264316519.jpeg\",\"width\":480,\"height\":449},{\"@type\":\"BreadcrumbList\",\"@id\":\"https:\\\/\\\/blogdofarnesio.com.br\\\/?p=416891#breadcrumb\",\"itemListElement\":[{\"@type\":\"ListItem\",\"position\":1,\"name\":\"In\u00edcio\",\"item\":\"https:\\\/\\\/blogdofarnesio.com.br\\\/\"},{\"@type\":\"ListItem\",\"position\":2,\"name\":\"Petrolina inaugura creche de alto padr\u00e3o no N-10 nesta quinta-feira\"}]},{\"@type\":\"WebSite\",\"@id\":\"https:\\\/\\\/blogdofarnesio.com.br\\\/#website\",\"url\":\"https:\\\/\\\/blogdofarnesio.com.br\\\/\",\"name\":\"Blog do Farn\u00e9sio\",\"description\":\"Quer Saber Pol\u00edtica?\",\"publisher\":{\"@id\":\"https:\\\/\\\/blogdofarnesio.com.br\\\/#organization\"},\"potentialAction\":[{\"@type\":\"SearchAction\",\"target\":{\"@type\":\"EntryPoint\",\"urlTemplate\":\"https:\\\/\\\/blogdofarnesio.com.br\\\/?s={search_term_string}\"},\"query-input\":{\"@type\":\"PropertyValueSpecification\",\"valueRequired\":true,\"valueName\":\"search_term_string\"}}],\"inLanguage\":\"pt-BR\"},{\"@type\":\"Organization\",\"@id\":\"https:\\\/\\\/blogdofarnesio.com.br\\\/#organization\",\"name\":\"Blog do Farn\u00e9sio\",\"url\":\"https:\\\/\\\/blogdofarnesio.com.br\\\/\",\"logo\":{\"@type\":\"ImageObject\",\"inLanguage\":\"pt-BR\",\"@id\":\"https:\\\/\\\/blogdofarnesio.com.br\\\/#\\\/schema\\\/logo\\\/image\\\/\",\"url\":\"https:\\\/\\\/blogdofarnesio.com.br\\\/wp-content\\\/uploads\\\/2026\\\/03\\\/cropped-logo_new-1.png\",\"contentUrl\":\"https:\\\/\\\/blogdofarnesio.com.br\\\/wp-content\\\/uploads\\\/2026\\\/03\\\/cropped-logo_new-1.png\",\"width\":881,\"height\":685,\"caption\":\"Blog do Farn\u00e9sio\"},\"image\":{\"@id\":\"https:\\\/\\\/blogdofarnesio.com.br\\\/#\\\/schema\\\/logo\\\/image\\\/\"},\"sameAs\":[\"https:\\\/\\\/www.facebook.com\\\/BlogQuerSaberPolitica\\\/\"]},{\"@type\":\"Person\",\"@id\":\"https:\\\/\\\/blogdofarnesio.com.br\\\/#\\\/schema\\\/person\\\/bb9b23ae3ad0609ce8df7b6c9e76824d\",\"name\":\"Farn\u00e9sio\",\"image\":{\"@type\":\"ImageObject\",\"inLanguage\":\"pt-BR\",\"@id\":\"https:\\\/\\\/secure.gravatar.com\\\/avatar\\\/986aa4c61ccdb66f8555bf88fc2a65609d00bcabd4d2d94377a727547345cbca?s=96&d=mm&r=g\",\"url\":\"https:\\\/\\\/secure.gravatar.com\\\/avatar\\\/986aa4c61ccdb66f8555bf88fc2a65609d00bcabd4d2d94377a727547345cbca?s=96&d=mm&r=g\",\"contentUrl\":\"https:\\\/\\\/secure.gravatar.com\\\/avatar\\\/986aa4c61ccdb66f8555bf88fc2a65609d00bcabd4d2d94377a727547345cbca?s=96&d=mm&r=g\",\"caption\":\"Farn\u00e9sio\"},\"description\":\"Radialista blogueiro, chegou a Petrolina\\\/Juazeiro em setembro de 1980, Farn\u00e9sio Silva \u00e9 de Arapiraca-Alagoas.\",\"sameAs\":[\"http:\\\/\\\/blogdofarnesio.com.br\",\"https:\\\/\\\/www.facebook.com\\\/?ref=tn_tnmn\",\"https:\\\/\\\/www.instagram.com\\\/?utm_source=pwa_homescreen\",\"https:\\\/\\\/youtube.com.br\\\/\"],\"url\":\"https:\\\/\\\/blogdofarnesio.com.br\\\/?author=2\"}]}<\/script>\n<!-- \/ Yoast SEO plugin. -->","yoast_head_json":{"title":"Petrolina inaugura creche de alto padr\u00e3o no N-10 nesta quinta-feira - Blog do Farn\u00e9sio","robots":{"index":"index","follow":"follow","max-snippet":"max-snippet:-1","max-image-preview":"max-image-preview:large","max-video-preview":"max-video-preview:-1"},"canonical":"https:\/\/blogdofarnesio.com.br\/?p=416891","og_locale":"pt_BR","og_type":"article","og_title":"Petrolina inaugura creche de alto padr\u00e3o no N-10 nesta quinta-feira - Blog do Farn\u00e9sio","og_description":"A Prefeitura de Petrolina realizar\u00e1, nesta quinta-feira (12), \u00e0s 18h, a inaugura\u00e7\u00e3o da Creche de Alto Padr\u00e3o do Per\u00edmetro Irrigado Senador Nilo Coelho \u2013 N\u00facleo 10, ampliando os investimentos na educa\u00e7\u00e3o infantil do munic\u00edpio e fortalecendo a rede de ensino com mais uma unidade voltada ao cuidado e ao desenvolvimento das crian\u00e7as. A unidade conta com uma estrutura moderna, com 10 salas de aula climatizadas, al\u00e9m de ambientes pedag\u00f3gicos e administrativos que d\u00e3o suporte ao funcionamento da creche. O espa\u00e7o tamb\u00e9m possui \u00e1reas pensadas para estimular o desenvolvimento infantil proporcionando um ambiente seguro e acolhedor para alunos e profissionais. A nova creche \u00e9 a segunda unidade entregue em 2026. A primeira foi inaugurada no bairro Monsenhor Bernardino, refor\u00e7ando o compromisso&hellip;","og_url":"https:\/\/blogdofarnesio.com.br\/?p=416891","og_site_name":"Blog do Farn\u00e9sio","article_publisher":"https:\/\/www.facebook.com\/BlogQuerSaberPolitica\/","article_author":"https:\/\/www.facebook.com\/?ref=tn_tnmn","article_published_time":"2026-03-12T17:42:18+00:00","og_image":[{"width":480,"height":449,"url":"https:\/\/blogdofarnesio.com.br\/wp-content\/uploads\/2026\/03\/N-10-e1773264316519.jpeg","type":"image\/jpeg"}],"author":"Farn\u00e9sio","twitter_card":"summary_large_image","twitter_misc":{"Escrito por":"Farn\u00e9sio","Est. tempo de leitura":"2 minutos"},"schema":{"@context":"https:\/\/schema.org","@graph":[{"@type":"Article","@id":"https:\/\/blogdofarnesio.com.br\/?p=416891#article","isPartOf":{"@id":"https:\/\/blogdofarnesio.com.br\/?p=416891"},"author":{"name":"Farn\u00e9sio","@id":"https:\/\/blogdofarnesio.com.br\/#\/schema\/person\/bb9b23ae3ad0609ce8df7b6c9e76824d"},"headline":"Petrolina inaugura creche de alto padr\u00e3o no N-10 nesta quinta-feira","datePublished":"2026-03-12T17:42:18+00:00","mainEntityOfPage":{"@id":"https:\/\/blogdofarnesio.com.br\/?p=416891"},"wordCount":172,"commentCount":0,"publisher":{"@id":"https:\/\/blogdofarnesio.com.br\/#organization"},"image":{"@id":"https:\/\/blogdofarnesio.com.br\/?p=416891#primaryimage"},"thumbnailUrl":"https:\/\/blogdofarnesio.com.br\/wp-content\/uploads\/2026\/03\/N-10-e1773264316519.jpeg","articleSection":["Administra\u00e7\u00e3o"],"inLanguage":"pt-BR","potentialAction":[{"@type":"CommentAction","name":"Comment","target":["https:\/\/blogdofarnesio.com.br\/?p=416891#respond"]}]},{"@type":"WebPage","@id":"https:\/\/blogdofarnesio.com.br\/?p=416891","url":"https:\/\/blogdofarnesio.com.br\/?p=416891","name":"Petrolina inaugura creche de alto padr\u00e3o no N-10 nesta quinta-feira - Blog do Farn\u00e9sio","isPartOf":{"@id":"https:\/\/blogdofarnesio.com.br\/#website"},"primaryImageOfPage":{"@id":"https:\/\/blogdofarnesio.com.br\/?p=416891#primaryimage"},"image":{"@id":"https:\/\/blogdofarnesio.com.br\/?p=416891#primaryimage"},"thumbnailUrl":"https:\/\/blogdofarnesio.com.br\/wp-content\/uploads\/2026\/03\/N-10-e1773264316519.jpeg","datePublished":"2026-03-12T17:42:18+00:00","breadcrumb":{"@id":"https:\/\/blogdofarnesio.com.br\/?p=416891#breadcrumb"},"inLanguage":"pt-BR","potentialAction":[{"@type":"ReadAction","target":["https:\/\/blogdofarnesio.com.br\/?p=416891"]}]},{"@type":"ImageObject","inLanguage":"pt-BR","@id":"https:\/\/blogdofarnesio.com.br\/?p=416891#primaryimage","url":"https:\/\/blogdofarnesio.com.br\/wp-content\/uploads\/2026\/03\/N-10-e1773264316519.jpeg","contentUrl":"https:\/\/blogdofarnesio.com.br\/wp-content\/uploads\/2026\/03\/N-10-e1773264316519.jpeg","width":480,"height":449},{"@type":"BreadcrumbList","@id":"https:\/\/blogdofarnesio.com.br\/?p=416891#breadcrumb","itemListElement":[{"@type":"ListItem","position":1,"name":"In\u00edcio","item":"https:\/\/blogdofarnesio.com.br\/"},{"@type":"ListItem","position":2,"name":"Petrolina inaugura creche de alto padr\u00e3o no N-10 nesta quinta-feira"}]},{"@type":"WebSite","@id":"https:\/\/blogdofarnesio.com.br\/#website","url":"https:\/\/blogdofarnesio.com.br\/","name":"Blog do Farn\u00e9sio","description":"Quer Saber Pol\u00edtica?","publisher":{"@id":"https:\/\/blogdofarnesio.com.br\/#organization"},"potentialAction":[{"@type":"SearchAction","target":{"@type":"EntryPoint","urlTemplate":"https:\/\/blogdofarnesio.com.br\/?s={search_term_string}"},"query-input":{"@type":"PropertyValueSpecification","valueRequired":true,"valueName":"search_term_string"}}],"inLanguage":"pt-BR"},{"@type":"Organization","@id":"https:\/\/blogdofarnesio.com.br\/#organization","name":"Blog do Farn\u00e9sio","url":"https:\/\/blogdofarnesio.com.br\/","logo":{"@type":"ImageObject","inLanguage":"pt-BR","@id":"https:\/\/blogdofarnesio.com.br\/#\/schema\/logo\/image\/","url":"https:\/\/blogdofarnesio.com.br\/wp-content\/uploads\/2026\/03\/cropped-logo_new-1.png","contentUrl":"https:\/\/blogdofarnesio.com.br\/wp-content\/uploads\/2026\/03\/cropped-logo_new-1.png","width":881,"height":685,"caption":"Blog do Farn\u00e9sio"},"image":{"@id":"https:\/\/blogdofarnesio.com.br\/#\/schema\/logo\/image\/"},"sameAs":["https:\/\/www.facebook.com\/BlogQuerSaberPolitica\/"]},{"@type":"Person","@id":"https:\/\/blogdofarnesio.com.br\/#\/schema\/person\/bb9b23ae3ad0609ce8df7b6c9e76824d","name":"Farn\u00e9sio","image":{"@type":"ImageObject","inLanguage":"pt-BR","@id":"https:\/\/secure.gravatar.com\/avatar\/986aa4c61ccdb66f8555bf88fc2a65609d00bcabd4d2d94377a727547345cbca?s=96&d=mm&r=g","url":"https:\/\/secure.gravatar.com\/avatar\/986aa4c61ccdb66f8555bf88fc2a65609d00bcabd4d2d94377a727547345cbca?s=96&d=mm&r=g","contentUrl":"https:\/\/secure.gravatar.com\/avatar\/986aa4c61ccdb66f8555bf88fc2a65609d00bcabd4d2d94377a727547345cbca?s=96&d=mm&r=g","caption":"Farn\u00e9sio"},"description":"Radialista blogueiro, chegou a Petrolina\/Juazeiro em setembro de 1980, Farn\u00e9sio Silva \u00e9 de Arapiraca-Alagoas.","sameAs":["http:\/\/blogdofarnesio.com.br","https:\/\/www.facebook.com\/?ref=tn_tnmn","https:\/\/www.instagram.com\/?utm_source=pwa_homescreen","https:\/\/youtube.com.br\/"],"url":"https:\/\/blogdofarnesio.com.br\/?author=2"}]}},"_links":{"self":[{"href":"https:\/\/blogdofarnesio.com.br\/index.php?rest_route=\/wp\/v2\/posts\/416891","targetHints":{"allow":["GET"]}}],"collection":[{"href":"https:\/\/blogdofarnesio.com.br\/index.php?rest_route=\/wp\/v2\/posts"}],"about":[{"href":"https:\/\/blogdofarnesio.com.br\/index.php?rest_route=\/wp\/v2\/types\/post"}],"author":[{"embeddable":true,"href":"https:\/\/blogdofarnesio.com.br\/index.php?rest_route=\/wp\/v2\/users\/2"}],"replies":[{"embeddable":true,"href":"https:\/\/blogdofarnesio.com.br\/index.php?rest_route=%2Fwp%2Fv2%2Fcomments&post=416891"}],"version-history":[{"count":1,"href":"https:\/\/blogdofarnesio.com.br\/index.php?rest_route=\/wp\/v2\/posts\/416891\/revisions"}],"predecessor-version":[{"id":416893,"href":"https:\/\/blogdofarnesio.com.br\/index.php?rest_route=\/wp\/v2\/posts\/416891\/revisions\/416893"}],"wp:featuredmedia":[{"embeddable":true,"href":"https:\/\/blogdofarnesio.com.br\/index.php?rest_route=\/wp\/v2\/media\/416892"}],"wp:attachment":[{"href":"https:\/\/blogdofarnesio.com.br\/index.php?rest_route=%2Fwp%2Fv2%2Fmedia&parent=416891"}],"wp:term":[{"taxonomy":"category","embeddable":true,"href":"https:\/\/blogdofarnesio.com.br\/index.php?rest_route=%2Fwp%2Fv2%2Fcategories&post=416891"},{"taxonomy":"post_tag","embeddable":true,"href":"https:\/\/blogdofarnesio.com.br\/index.php?rest_route=%2Fwp%2Fv2%2Ftags&post=416891"}],"curies":[{"name":"wp","href":"https:\/\/api.w.org\/{rel}","templated":true}]}}