{"id":416873,"date":"2026-03-11T15:43:52","date_gmt":"2026-03-11T18:43:52","guid":{"rendered":"https:\/\/blogdofarnesio.com.br\/?p=416873"},"modified":"2026-03-11T13:59:06","modified_gmt":"2026-03-11T16:59:06","slug":"prestacao-de-contas-do-ipj-destaca-transparencia-e-resultado-financeiro-positivo-em-2025","status":"publish","type":"post","link":"https:\/\/blogdofarnesio.com.br\/?p=416873","title":{"rendered":"Presta\u00e7\u00e3o de contas do IPJ destaca transpar\u00eancia e resultado financeiro positivo em 2025"},"content":{"rendered":"<p>Ontem (10), o Instituto de Previd\u00eancia de Juazeiro (IPJ) realizou a apresenta\u00e7\u00e3o da presta\u00e7\u00e3o de contas referente ao exerc\u00edcio de 2025 para os conselhos Fiscal e Deliberativo. O encontro reuniu conselheiros, equipe t\u00e9cnica e representantes da gest\u00e3o para detalhar dados financeiros e administrativos do instituto, em um momento marcado pela transpar\u00eancia, pelo di\u00e1logo e pelo fortalecimento da participa\u00e7\u00e3o dos servidores no acompanhamento da gest\u00e3o previdenci\u00e1ria.<\/p>\n<p>Para o presidente do Conselho Fiscal, S\u00e9rgio dos Santos, a reuni\u00e3o teve um significado especial por representar um novo momento para o instituto. \u201c\u00c9 a primeira vez que vemos esse tipo de apresenta\u00e7\u00e3o dessa forma. A iniciativa demonstra a preocupa\u00e7\u00e3o da gest\u00e3o com a transpar\u00eancia, o que facilita o nosso trabalho de fiscaliza\u00e7\u00e3o\u201d, destacou.<\/p>\n<p>Durante a apresenta\u00e7\u00e3o t\u00e9cnica, o assessor cont\u00e1bil do IPJ, Jefferson Ferreira, detalhou o desempenho financeiro do instituto ao longo de 2025. Segundo ele, a arrecada\u00e7\u00e3o superou as estimativas iniciais, alcan\u00e7ando cerca de R$ 23 milh\u00f5es acima do previsto, impulsionada principalmente pelas aplica\u00e7\u00f5es financeiras e pelas contribui\u00e7\u00f5es patronais da Prefeitura e dos entes vinculados.<\/p>\n<p>\u201cMesmo com o crescimento natural das despesas com aposentados e pensionistas, os gastos permaneceram abaixo da arrecada\u00e7\u00e3o. O resultado foi um super\u00e1vit superior a R$ 60 milh\u00f5es, cerca de 50% maior que o registrado em 2024, o que demonstra que o IPJ segue sendo administrado com responsabilidade e equil\u00edbrio financeiro\u201d, explicou.<\/p>\n<p>O diretor-presidente do IPJ, Davi Stallone, ressaltou que os n\u00fameros refletem uma gest\u00e3o pautada no zelo com os recursos p\u00fablicos e na constru\u00e7\u00e3o coletiva das decis\u00f5es. \u201cO sentimento que queremos fortalecer \u00e9 o de pertencimento. O IPJ precisa continuar sendo constru\u00eddo com a participa\u00e7\u00e3o dos servidores e dos conselhos. Tivemos muitas conquistas e 2025 foi um ano de aprendizado. Agora, em 2026, vamos apertar ainda mais a gest\u00e3o para buscar um super\u00e1vit maior e colocar em pr\u00e1tica tudo que planejamos, sempre pensando no futuro do instituto e na seguran\u00e7a dos segurados\u201d, ressaltou.<br \/>\n_<\/p>\n","protected":false},"excerpt":{"rendered":"<p>Ontem (10), o Instituto de Previd\u00eancia de Juazeiro (IPJ) realizou a apresenta\u00e7\u00e3o da presta\u00e7\u00e3o de contas referente ao exerc\u00edcio de 2025 para os conselhos Fiscal e Deliberativo. O encontro reuniu conselheiros, equipe t\u00e9cnica e representantes da gest\u00e3o para detalhar dados financeiros e administrativos do instituto, em um momento marcado pela transpar\u00eancia, pelo di\u00e1logo e pelo fortalecimento da participa\u00e7\u00e3o dos servidores no acompanhamento da gest\u00e3o previdenci\u00e1ria. Para o presidente do Conselho Fiscal, S\u00e9rgio dos Santos, a reuni\u00e3o teve um significado especial por representar um novo momento para o instituto. \u201c\u00c9 a primeira vez que vemos esse tipo de apresenta\u00e7\u00e3o dessa forma. A iniciativa demonstra a preocupa\u00e7\u00e3o da gest\u00e3o com a transpar\u00eancia, o que facilita o nosso trabalho de fiscaliza\u00e7\u00e3o\u201d, destacou. Durante&hellip; <\/p>\n","protected":false},"author":2,"featured_media":416874,"comment_status":"open","ping_status":"open","sticky":false,"template":"","format":"standard","meta":{"_acf_changed":false,"footnotes":""},"categories":[19],"tags":[],"class_list":["post-416873","post","type-post","status-publish","format-standard","has-post-thumbnail","hentry","category-servidores"],"acf":[],"yoast_head":"<!-- This site is optimized with the Yoast SEO plugin v27.4 - https:\/\/yoast.com\/product\/yoast-seo-wordpress\/ -->\n<title>Presta\u00e7\u00e3o de contas do IPJ destaca transpar\u00eancia e resultado financeiro positivo em 2025 - Blog do Farn\u00e9sio<\/title>\n<meta name=\"robots\" content=\"index, follow, max-snippet:-1, max-image-preview:large, max-video-preview:-1\" \/>\n<link rel=\"canonical\" href=\"https:\/\/blogdofarnesio.com.br\/?p=416873\" \/>\n<meta property=\"og:locale\" content=\"pt_BR\" \/>\n<meta property=\"og:type\" content=\"article\" \/>\n<meta property=\"og:title\" content=\"Presta\u00e7\u00e3o de contas do IPJ destaca transpar\u00eancia e resultado financeiro positivo em 2025 - Blog do Farn\u00e9sio\" \/>\n<meta property=\"og:description\" content=\"Ontem (10), o Instituto de Previd\u00eancia de Juazeiro (IPJ) realizou a apresenta\u00e7\u00e3o da presta\u00e7\u00e3o de contas referente ao exerc\u00edcio de 2025 para os conselhos Fiscal e Deliberativo. O encontro reuniu conselheiros, equipe t\u00e9cnica e representantes da gest\u00e3o para detalhar dados financeiros e administrativos do instituto, em um momento marcado pela transpar\u00eancia, pelo di\u00e1logo e pelo fortalecimento da participa\u00e7\u00e3o dos servidores no acompanhamento da gest\u00e3o previdenci\u00e1ria. Para o presidente do Conselho Fiscal, S\u00e9rgio dos Santos, a reuni\u00e3o teve um significado especial por representar um novo momento para o instituto. \u201c\u00c9 a primeira vez que vemos esse tipo de apresenta\u00e7\u00e3o dessa forma. A iniciativa demonstra a preocupa\u00e7\u00e3o da gest\u00e3o com a transpar\u00eancia, o que facilita o nosso trabalho de fiscaliza\u00e7\u00e3o\u201d, destacou. Durante&hellip;\" \/>\n<meta property=\"og:url\" content=\"https:\/\/blogdofarnesio.com.br\/?p=416873\" \/>\n<meta property=\"og:site_name\" content=\"Blog do Farn\u00e9sio\" \/>\n<meta property=\"article:publisher\" content=\"https:\/\/www.facebook.com\/BlogQuerSaberPolitica\/\" \/>\n<meta property=\"article:author\" content=\"https:\/\/www.facebook.com\/?ref=tn_tnmn\" \/>\n<meta property=\"article:published_time\" content=\"2026-03-11T18:43:52+00:00\" \/>\n<meta property=\"og:image\" content=\"https:\/\/blogdofarnesio.com.br\/wp-content\/uploads\/2026\/03\/blogqspjua-ipj-pestacao-de-contas-scaled-e1773248303968.jpg\" \/>\n\t<meta property=\"og:image:width\" content=\"560\" \/>\n\t<meta property=\"og:image:height\" content=\"420\" \/>\n\t<meta property=\"og:image:type\" content=\"image\/jpeg\" \/>\n<meta name=\"author\" content=\"Farn\u00e9sio\" \/>\n<meta name=\"twitter:card\" content=\"summary_large_image\" \/>\n<meta name=\"twitter:label1\" content=\"Escrito por\" \/>\n\t<meta name=\"twitter:data1\" content=\"Farn\u00e9sio\" \/>\n\t<meta name=\"twitter:label2\" content=\"Est. tempo de leitura\" \/>\n\t<meta name=\"twitter:data2\" content=\"2 minutos\" \/>\n<script type=\"application\/ld+json\" class=\"yoast-schema-graph\">{\"@context\":\"https:\\\/\\\/schema.org\",\"@graph\":[{\"@type\":\"Article\",\"@id\":\"https:\\\/\\\/blogdofarnesio.com.br\\\/?p=416873#article\",\"isPartOf\":{\"@id\":\"https:\\\/\\\/blogdofarnesio.com.br\\\/?p=416873\"},\"author\":{\"name\":\"Farn\u00e9sio\",\"@id\":\"https:\\\/\\\/blogdofarnesio.com.br\\\/#\\\/schema\\\/person\\\/bb9b23ae3ad0609ce8df7b6c9e76824d\"},\"headline\":\"Presta\u00e7\u00e3o de contas do IPJ destaca transpar\u00eancia e resultado financeiro positivo em 2025\",\"datePublished\":\"2026-03-11T18:43:52+00:00\",\"mainEntityOfPage\":{\"@id\":\"https:\\\/\\\/blogdofarnesio.com.br\\\/?p=416873\"},\"wordCount\":359,\"commentCount\":0,\"publisher\":{\"@id\":\"https:\\\/\\\/blogdofarnesio.com.br\\\/#organization\"},\"image\":{\"@id\":\"https:\\\/\\\/blogdofarnesio.com.br\\\/?p=416873#primaryimage\"},\"thumbnailUrl\":\"https:\\\/\\\/blogdofarnesio.com.br\\\/wp-content\\\/uploads\\\/2026\\\/03\\\/blogqspjua-ipj-pestacao-de-contas-scaled-e1773248303968.jpg\",\"articleSection\":[\"Servidores\"],\"inLanguage\":\"pt-BR\",\"potentialAction\":[{\"@type\":\"CommentAction\",\"name\":\"Comment\",\"target\":[\"https:\\\/\\\/blogdofarnesio.com.br\\\/?p=416873#respond\"]}]},{\"@type\":\"WebPage\",\"@id\":\"https:\\\/\\\/blogdofarnesio.com.br\\\/?p=416873\",\"url\":\"https:\\\/\\\/blogdofarnesio.com.br\\\/?p=416873\",\"name\":\"Presta\u00e7\u00e3o de contas do IPJ destaca transpar\u00eancia e resultado financeiro positivo em 2025 - Blog do Farn\u00e9sio\",\"isPartOf\":{\"@id\":\"https:\\\/\\\/blogdofarnesio.com.br\\\/#website\"},\"primaryImageOfPage\":{\"@id\":\"https:\\\/\\\/blogdofarnesio.com.br\\\/?p=416873#primaryimage\"},\"image\":{\"@id\":\"https:\\\/\\\/blogdofarnesio.com.br\\\/?p=416873#primaryimage\"},\"thumbnailUrl\":\"https:\\\/\\\/blogdofarnesio.com.br\\\/wp-content\\\/uploads\\\/2026\\\/03\\\/blogqspjua-ipj-pestacao-de-contas-scaled-e1773248303968.jpg\",\"datePublished\":\"2026-03-11T18:43:52+00:00\",\"breadcrumb\":{\"@id\":\"https:\\\/\\\/blogdofarnesio.com.br\\\/?p=416873#breadcrumb\"},\"inLanguage\":\"pt-BR\",\"potentialAction\":[{\"@type\":\"ReadAction\",\"target\":[\"https:\\\/\\\/blogdofarnesio.com.br\\\/?p=416873\"]}]},{\"@type\":\"ImageObject\",\"inLanguage\":\"pt-BR\",\"@id\":\"https:\\\/\\\/blogdofarnesio.com.br\\\/?p=416873#primaryimage\",\"url\":\"https:\\\/\\\/blogdofarnesio.com.br\\\/wp-content\\\/uploads\\\/2026\\\/03\\\/blogqspjua-ipj-pestacao-de-contas-scaled-e1773248303968.jpg\",\"contentUrl\":\"https:\\\/\\\/blogdofarnesio.com.br\\\/wp-content\\\/uploads\\\/2026\\\/03\\\/blogqspjua-ipj-pestacao-de-contas-scaled-e1773248303968.jpg\",\"width\":560,\"height\":420},{\"@type\":\"BreadcrumbList\",\"@id\":\"https:\\\/\\\/blogdofarnesio.com.br\\\/?p=416873#breadcrumb\",\"itemListElement\":[{\"@type\":\"ListItem\",\"position\":1,\"name\":\"In\u00edcio\",\"item\":\"https:\\\/\\\/blogdofarnesio.com.br\\\/\"},{\"@type\":\"ListItem\",\"position\":2,\"name\":\"Presta\u00e7\u00e3o de contas do IPJ destaca transpar\u00eancia e resultado financeiro positivo em 2025\"}]},{\"@type\":\"WebSite\",\"@id\":\"https:\\\/\\\/blogdofarnesio.com.br\\\/#website\",\"url\":\"https:\\\/\\\/blogdofarnesio.com.br\\\/\",\"name\":\"Blog do Farn\u00e9sio\",\"description\":\"Quer Saber Pol\u00edtica?\",\"publisher\":{\"@id\":\"https:\\\/\\\/blogdofarnesio.com.br\\\/#organization\"},\"potentialAction\":[{\"@type\":\"SearchAction\",\"target\":{\"@type\":\"EntryPoint\",\"urlTemplate\":\"https:\\\/\\\/blogdofarnesio.com.br\\\/?s={search_term_string}\"},\"query-input\":{\"@type\":\"PropertyValueSpecification\",\"valueRequired\":true,\"valueName\":\"search_term_string\"}}],\"inLanguage\":\"pt-BR\"},{\"@type\":\"Organization\",\"@id\":\"https:\\\/\\\/blogdofarnesio.com.br\\\/#organization\",\"name\":\"Blog do Farn\u00e9sio\",\"url\":\"https:\\\/\\\/blogdofarnesio.com.br\\\/\",\"logo\":{\"@type\":\"ImageObject\",\"inLanguage\":\"pt-BR\",\"@id\":\"https:\\\/\\\/blogdofarnesio.com.br\\\/#\\\/schema\\\/logo\\\/image\\\/\",\"url\":\"https:\\\/\\\/blogdofarnesio.com.br\\\/wp-content\\\/uploads\\\/2026\\\/03\\\/cropped-logo_new-1.png\",\"contentUrl\":\"https:\\\/\\\/blogdofarnesio.com.br\\\/wp-content\\\/uploads\\\/2026\\\/03\\\/cropped-logo_new-1.png\",\"width\":881,\"height\":685,\"caption\":\"Blog do Farn\u00e9sio\"},\"image\":{\"@id\":\"https:\\\/\\\/blogdofarnesio.com.br\\\/#\\\/schema\\\/logo\\\/image\\\/\"},\"sameAs\":[\"https:\\\/\\\/www.facebook.com\\\/BlogQuerSaberPolitica\\\/\"]},{\"@type\":\"Person\",\"@id\":\"https:\\\/\\\/blogdofarnesio.com.br\\\/#\\\/schema\\\/person\\\/bb9b23ae3ad0609ce8df7b6c9e76824d\",\"name\":\"Farn\u00e9sio\",\"image\":{\"@type\":\"ImageObject\",\"inLanguage\":\"pt-BR\",\"@id\":\"https:\\\/\\\/secure.gravatar.com\\\/avatar\\\/986aa4c61ccdb66f8555bf88fc2a65609d00bcabd4d2d94377a727547345cbca?s=96&d=mm&r=g\",\"url\":\"https:\\\/\\\/secure.gravatar.com\\\/avatar\\\/986aa4c61ccdb66f8555bf88fc2a65609d00bcabd4d2d94377a727547345cbca?s=96&d=mm&r=g\",\"contentUrl\":\"https:\\\/\\\/secure.gravatar.com\\\/avatar\\\/986aa4c61ccdb66f8555bf88fc2a65609d00bcabd4d2d94377a727547345cbca?s=96&d=mm&r=g\",\"caption\":\"Farn\u00e9sio\"},\"description\":\"Radialista blogueiro, chegou a Petrolina\\\/Juazeiro em setembro de 1980, Farn\u00e9sio Silva \u00e9 de Arapiraca-Alagoas.\",\"sameAs\":[\"http:\\\/\\\/blogdofarnesio.com.br\",\"https:\\\/\\\/www.facebook.com\\\/?ref=tn_tnmn\",\"https:\\\/\\\/www.instagram.com\\\/?utm_source=pwa_homescreen\",\"https:\\\/\\\/youtube.com.br\\\/\"],\"url\":\"https:\\\/\\\/blogdofarnesio.com.br\\\/?author=2\"}]}<\/script>\n<!-- \/ Yoast SEO plugin. -->","yoast_head_json":{"title":"Presta\u00e7\u00e3o de contas do IPJ destaca transpar\u00eancia e resultado financeiro positivo em 2025 - Blog do Farn\u00e9sio","robots":{"index":"index","follow":"follow","max-snippet":"max-snippet:-1","max-image-preview":"max-image-preview:large","max-video-preview":"max-video-preview:-1"},"canonical":"https:\/\/blogdofarnesio.com.br\/?p=416873","og_locale":"pt_BR","og_type":"article","og_title":"Presta\u00e7\u00e3o de contas do IPJ destaca transpar\u00eancia e resultado financeiro positivo em 2025 - Blog do Farn\u00e9sio","og_description":"Ontem (10), o Instituto de Previd\u00eancia de Juazeiro (IPJ) realizou a apresenta\u00e7\u00e3o da presta\u00e7\u00e3o de contas referente ao exerc\u00edcio de 2025 para os conselhos Fiscal e Deliberativo. O encontro reuniu conselheiros, equipe t\u00e9cnica e representantes da gest\u00e3o para detalhar dados financeiros e administrativos do instituto, em um momento marcado pela transpar\u00eancia, pelo di\u00e1logo e pelo fortalecimento da participa\u00e7\u00e3o dos servidores no acompanhamento da gest\u00e3o previdenci\u00e1ria. Para o presidente do Conselho Fiscal, S\u00e9rgio dos Santos, a reuni\u00e3o teve um significado especial por representar um novo momento para o instituto. \u201c\u00c9 a primeira vez que vemos esse tipo de apresenta\u00e7\u00e3o dessa forma. A iniciativa demonstra a preocupa\u00e7\u00e3o da gest\u00e3o com a transpar\u00eancia, o que facilita o nosso trabalho de fiscaliza\u00e7\u00e3o\u201d, destacou. Durante&hellip;","og_url":"https:\/\/blogdofarnesio.com.br\/?p=416873","og_site_name":"Blog do Farn\u00e9sio","article_publisher":"https:\/\/www.facebook.com\/BlogQuerSaberPolitica\/","article_author":"https:\/\/www.facebook.com\/?ref=tn_tnmn","article_published_time":"2026-03-11T18:43:52+00:00","og_image":[{"width":560,"height":420,"url":"https:\/\/blogdofarnesio.com.br\/wp-content\/uploads\/2026\/03\/blogqspjua-ipj-pestacao-de-contas-scaled-e1773248303968.jpg","type":"image\/jpeg"}],"author":"Farn\u00e9sio","twitter_card":"summary_large_image","twitter_misc":{"Escrito por":"Farn\u00e9sio","Est. tempo de leitura":"2 minutos"},"schema":{"@context":"https:\/\/schema.org","@graph":[{"@type":"Article","@id":"https:\/\/blogdofarnesio.com.br\/?p=416873#article","isPartOf":{"@id":"https:\/\/blogdofarnesio.com.br\/?p=416873"},"author":{"name":"Farn\u00e9sio","@id":"https:\/\/blogdofarnesio.com.br\/#\/schema\/person\/bb9b23ae3ad0609ce8df7b6c9e76824d"},"headline":"Presta\u00e7\u00e3o de contas do IPJ destaca transpar\u00eancia e resultado financeiro positivo em 2025","datePublished":"2026-03-11T18:43:52+00:00","mainEntityOfPage":{"@id":"https:\/\/blogdofarnesio.com.br\/?p=416873"},"wordCount":359,"commentCount":0,"publisher":{"@id":"https:\/\/blogdofarnesio.com.br\/#organization"},"image":{"@id":"https:\/\/blogdofarnesio.com.br\/?p=416873#primaryimage"},"thumbnailUrl":"https:\/\/blogdofarnesio.com.br\/wp-content\/uploads\/2026\/03\/blogqspjua-ipj-pestacao-de-contas-scaled-e1773248303968.jpg","articleSection":["Servidores"],"inLanguage":"pt-BR","potentialAction":[{"@type":"CommentAction","name":"Comment","target":["https:\/\/blogdofarnesio.com.br\/?p=416873#respond"]}]},{"@type":"WebPage","@id":"https:\/\/blogdofarnesio.com.br\/?p=416873","url":"https:\/\/blogdofarnesio.com.br\/?p=416873","name":"Presta\u00e7\u00e3o de contas do IPJ destaca transpar\u00eancia e resultado financeiro positivo em 2025 - Blog do Farn\u00e9sio","isPartOf":{"@id":"https:\/\/blogdofarnesio.com.br\/#website"},"primaryImageOfPage":{"@id":"https:\/\/blogdofarnesio.com.br\/?p=416873#primaryimage"},"image":{"@id":"https:\/\/blogdofarnesio.com.br\/?p=416873#primaryimage"},"thumbnailUrl":"https:\/\/blogdofarnesio.com.br\/wp-content\/uploads\/2026\/03\/blogqspjua-ipj-pestacao-de-contas-scaled-e1773248303968.jpg","datePublished":"2026-03-11T18:43:52+00:00","breadcrumb":{"@id":"https:\/\/blogdofarnesio.com.br\/?p=416873#breadcrumb"},"inLanguage":"pt-BR","potentialAction":[{"@type":"ReadAction","target":["https:\/\/blogdofarnesio.com.br\/?p=416873"]}]},{"@type":"ImageObject","inLanguage":"pt-BR","@id":"https:\/\/blogdofarnesio.com.br\/?p=416873#primaryimage","url":"https:\/\/blogdofarnesio.com.br\/wp-content\/uploads\/2026\/03\/blogqspjua-ipj-pestacao-de-contas-scaled-e1773248303968.jpg","contentUrl":"https:\/\/blogdofarnesio.com.br\/wp-content\/uploads\/2026\/03\/blogqspjua-ipj-pestacao-de-contas-scaled-e1773248303968.jpg","width":560,"height":420},{"@type":"BreadcrumbList","@id":"https:\/\/blogdofarnesio.com.br\/?p=416873#breadcrumb","itemListElement":[{"@type":"ListItem","position":1,"name":"In\u00edcio","item":"https:\/\/blogdofarnesio.com.br\/"},{"@type":"ListItem","position":2,"name":"Presta\u00e7\u00e3o de contas do IPJ destaca transpar\u00eancia e resultado financeiro positivo em 2025"}]},{"@type":"WebSite","@id":"https:\/\/blogdofarnesio.com.br\/#website","url":"https:\/\/blogdofarnesio.com.br\/","name":"Blog do Farn\u00e9sio","description":"Quer Saber Pol\u00edtica?","publisher":{"@id":"https:\/\/blogdofarnesio.com.br\/#organization"},"potentialAction":[{"@type":"SearchAction","target":{"@type":"EntryPoint","urlTemplate":"https:\/\/blogdofarnesio.com.br\/?s={search_term_string}"},"query-input":{"@type":"PropertyValueSpecification","valueRequired":true,"valueName":"search_term_string"}}],"inLanguage":"pt-BR"},{"@type":"Organization","@id":"https:\/\/blogdofarnesio.com.br\/#organization","name":"Blog do Farn\u00e9sio","url":"https:\/\/blogdofarnesio.com.br\/","logo":{"@type":"ImageObject","inLanguage":"pt-BR","@id":"https:\/\/blogdofarnesio.com.br\/#\/schema\/logo\/image\/","url":"https:\/\/blogdofarnesio.com.br\/wp-content\/uploads\/2026\/03\/cropped-logo_new-1.png","contentUrl":"https:\/\/blogdofarnesio.com.br\/wp-content\/uploads\/2026\/03\/cropped-logo_new-1.png","width":881,"height":685,"caption":"Blog do Farn\u00e9sio"},"image":{"@id":"https:\/\/blogdofarnesio.com.br\/#\/schema\/logo\/image\/"},"sameAs":["https:\/\/www.facebook.com\/BlogQuerSaberPolitica\/"]},{"@type":"Person","@id":"https:\/\/blogdofarnesio.com.br\/#\/schema\/person\/bb9b23ae3ad0609ce8df7b6c9e76824d","name":"Farn\u00e9sio","image":{"@type":"ImageObject","inLanguage":"pt-BR","@id":"https:\/\/secure.gravatar.com\/avatar\/986aa4c61ccdb66f8555bf88fc2a65609d00bcabd4d2d94377a727547345cbca?s=96&d=mm&r=g","url":"https:\/\/secure.gravatar.com\/avatar\/986aa4c61ccdb66f8555bf88fc2a65609d00bcabd4d2d94377a727547345cbca?s=96&d=mm&r=g","contentUrl":"https:\/\/secure.gravatar.com\/avatar\/986aa4c61ccdb66f8555bf88fc2a65609d00bcabd4d2d94377a727547345cbca?s=96&d=mm&r=g","caption":"Farn\u00e9sio"},"description":"Radialista blogueiro, chegou a Petrolina\/Juazeiro em setembro de 1980, Farn\u00e9sio Silva \u00e9 de Arapiraca-Alagoas.","sameAs":["http:\/\/blogdofarnesio.com.br","https:\/\/www.facebook.com\/?ref=tn_tnmn","https:\/\/www.instagram.com\/?utm_source=pwa_homescreen","https:\/\/youtube.com.br\/"],"url":"https:\/\/blogdofarnesio.com.br\/?author=2"}]}},"_links":{"self":[{"href":"https:\/\/blogdofarnesio.com.br\/index.php?rest_route=\/wp\/v2\/posts\/416873","targetHints":{"allow":["GET"]}}],"collection":[{"href":"https:\/\/blogdofarnesio.com.br\/index.php?rest_route=\/wp\/v2\/posts"}],"about":[{"href":"https:\/\/blogdofarnesio.com.br\/index.php?rest_route=\/wp\/v2\/types\/post"}],"author":[{"embeddable":true,"href":"https:\/\/blogdofarnesio.com.br\/index.php?rest_route=\/wp\/v2\/users\/2"}],"replies":[{"embeddable":true,"href":"https:\/\/blogdofarnesio.com.br\/index.php?rest_route=%2Fwp%2Fv2%2Fcomments&post=416873"}],"version-history":[{"count":2,"href":"https:\/\/blogdofarnesio.com.br\/index.php?rest_route=\/wp\/v2\/posts\/416873\/revisions"}],"predecessor-version":[{"id":416876,"href":"https:\/\/blogdofarnesio.com.br\/index.php?rest_route=\/wp\/v2\/posts\/416873\/revisions\/416876"}],"wp:featuredmedia":[{"embeddable":true,"href":"https:\/\/blogdofarnesio.com.br\/index.php?rest_route=\/wp\/v2\/media\/416874"}],"wp:attachment":[{"href":"https:\/\/blogdofarnesio.com.br\/index.php?rest_route=%2Fwp%2Fv2%2Fmedia&parent=416873"}],"wp:term":[{"taxonomy":"category","embeddable":true,"href":"https:\/\/blogdofarnesio.com.br\/index.php?rest_route=%2Fwp%2Fv2%2Fcategories&post=416873"},{"taxonomy":"post_tag","embeddable":true,"href":"https:\/\/blogdofarnesio.com.br\/index.php?rest_route=%2Fwp%2Fv2%2Ftags&post=416873"}],"curies":[{"name":"wp","href":"https:\/\/api.w.org\/{rel}","templated":true}]}}