{"id":416859,"date":"2026-03-14T10:00:55","date_gmt":"2026-03-14T13:00:55","guid":{"rendered":"https:\/\/blogdofarnesio.com.br\/?p=416859"},"modified":"2026-03-13T18:20:38","modified_gmt":"2026-03-13T21:20:38","slug":"exposicao-e-sarau-celebram-neste-sabado-o-dia-municipal-da-cultura-e-da-poesia-manuca-almeida-em-juazeiro","status":"publish","type":"post","link":"https:\/\/blogdofarnesio.com.br\/2026\/03\/exposicao-e-sarau-celebram-neste-sabado-o-dia-municipal-da-cultura-e-da-poesia-manuca-almeida-em-juazeiro\/","title":{"rendered":"Exposi\u00e7\u00e3o e sarau celebram neste s\u00e1bado, o Dia Municipal da Cultura e da Poesia Manuca Almeida em Juazeiro"},"content":{"rendered":"<p>A poesia e a arte ganham espa\u00e7o em Juazeiro neste s\u00e1bado (14), com a realiza\u00e7\u00e3o da exposi\u00e7\u00e3o \u201cPoesia Al\u00e9m do Papel\u201d e do Sarau Po\u00e9tico Musical, a partir das 19h30, no Quintal do Poeta. A atividade celebra o Dia Municipal da Cultura e da Poesia Manuca Almeida, institu\u00eddo pela Lei n\u00ba 3.336\/2022, e conta com o apoio da Prefeitura de Juazeiro, por meio da Secretaria de Cultura, Turismo e Esportes (Seculte).<\/p>\n<p>A programa\u00e7\u00e3o destaca a for\u00e7a da poesia como express\u00e3o da identidade, da mem\u00f3ria e da resist\u00eancia cultural. O evento re\u00fane artistas, poetas, m\u00fasicos e o p\u00fablico em um encontro que valoriza a produ\u00e7\u00e3o art\u00edstica da regi\u00e3o e abre espa\u00e7o para apresenta\u00e7\u00f5es em formato de sarau, com palco aberto para talentos locais.<\/p>\n<p><img loading=\"lazy\" decoding=\"async\" class=\"aligncenter size-full wp-image-416857\" src=\"https:\/\/blogdofarnesio.com.br\/wp-content\/uploads\/2026\/03\/seculte-6-e1773225863161.jpeg\" alt=\"\" width=\"524\" height=\"432\" \/>Entre os destaques est\u00e3o os \u201cP\u00e9s de Poemas\u201d, interven\u00e7\u00f5es po\u00e9ticas que convidam o p\u00fablico a caminhar entre versos e sentimentos, al\u00e9m da exposi\u00e7\u00e3o \u201cPoesia Al\u00e9m do Papel\u201d, que apresenta produtos po\u00e9ticos que v\u00e3o al\u00e9m das p\u00e1ginas dos livros. A mostra inclui camisas, ecobags, quadros e publica\u00e7\u00f5es, refor\u00e7ando a presen\u00e7a da poesia no cotidiano e nos diferentes espa\u00e7os da vida.<\/p>\n<p>Ao celebrar o Dia Municipal da Cultura e da Poesia Manuca Almeida, o evento refor\u00e7a a import\u00e2ncia da arte como for\u00e7a que aproxima pessoas, ocupa espa\u00e7os e mant\u00e9m vivos os sonhos, valorizando o legado cultural e a produ\u00e7\u00e3o po\u00e9tica que marca a hist\u00f3ria de Juazeiro.<\/p>\n<p>A realiza\u00e7\u00e3o conta com apoio da ArcelorMittal, da P&amp;A Solu\u00e7\u00f5es para Limpeza e da Secretaria de Cultura, Turismo e Esportes de Juazeiro, fortalecendo iniciativas que valorizam a cultura e os artistas locais.<\/p>\n<p>_____<\/p>\n","protected":false},"excerpt":{"rendered":"<p>A poesia e a arte ganham espa\u00e7o em Juazeiro neste s\u00e1bado (14), com a realiza\u00e7\u00e3o da exposi\u00e7\u00e3o \u201cPoesia Al\u00e9m do Papel\u201d e do Sarau Po\u00e9tico Musical, a partir das 19h30, no Quintal do Poeta. A atividade celebra o Dia Municipal da Cultura e da Poesia Manuca Almeida, institu\u00eddo pela Lei n\u00ba 3.336\/2022, e conta com o apoio da Prefeitura de Juazeiro, por meio da Secretaria de Cultura, Turismo e Esportes (Seculte). A programa\u00e7\u00e3o destaca a for\u00e7a da poesia como express\u00e3o da identidade, da mem\u00f3ria e da resist\u00eancia cultural. O evento re\u00fane artistas, poetas, m\u00fasicos e o p\u00fablico em um encontro que valoriza a produ\u00e7\u00e3o art\u00edstica da regi\u00e3o e abre espa\u00e7o para apresenta\u00e7\u00f5es em formato de sarau, com palco aberto para&hellip; <\/p>\n","protected":false},"author":2,"featured_media":284681,"comment_status":"open","ping_status":"open","sticky":false,"template":"","format":"standard","meta":{"_acf_changed":false,"footnotes":""},"categories":[10],"tags":[],"class_list":["post-416859","post","type-post","status-publish","format-standard","has-post-thumbnail","hentry","category-cultura"],"acf":[],"yoast_head":"<!-- This site is optimized with the Yoast SEO plugin v27.5 - https:\/\/yoast.com\/product\/yoast-seo-wordpress\/ -->\n<title>Exposi\u00e7\u00e3o e sarau celebram neste s\u00e1bado, o Dia Municipal da Cultura e da Poesia Manuca Almeida em Juazeiro - Blog do Farn\u00e9sio<\/title>\n<meta name=\"robots\" content=\"index, follow, max-snippet:-1, max-image-preview:large, max-video-preview:-1\" \/>\n<link rel=\"canonical\" href=\"https:\/\/blogdofarnesio.com.br\/2026\/03\/exposicao-e-sarau-celebram-neste-sabado-o-dia-municipal-da-cultura-e-da-poesia-manuca-almeida-em-juazeiro\/\" \/>\n<meta property=\"og:locale\" content=\"pt_BR\" \/>\n<meta property=\"og:type\" content=\"article\" \/>\n<meta property=\"og:title\" content=\"Exposi\u00e7\u00e3o e sarau celebram neste s\u00e1bado, o Dia Municipal da Cultura e da Poesia Manuca Almeida em Juazeiro - Blog do Farn\u00e9sio\" \/>\n<meta property=\"og:description\" content=\"A poesia e a arte ganham espa\u00e7o em Juazeiro neste s\u00e1bado (14), com a realiza\u00e7\u00e3o da exposi\u00e7\u00e3o \u201cPoesia Al\u00e9m do Papel\u201d e do Sarau Po\u00e9tico Musical, a partir das 19h30, no Quintal do Poeta. A atividade celebra o Dia Municipal da Cultura e da Poesia Manuca Almeida, institu\u00eddo pela Lei n\u00ba 3.336\/2022, e conta com o apoio da Prefeitura de Juazeiro, por meio da Secretaria de Cultura, Turismo e Esportes (Seculte). A programa\u00e7\u00e3o destaca a for\u00e7a da poesia como express\u00e3o da identidade, da mem\u00f3ria e da resist\u00eancia cultural. O evento re\u00fane artistas, poetas, m\u00fasicos e o p\u00fablico em um encontro que valoriza a produ\u00e7\u00e3o art\u00edstica da regi\u00e3o e abre espa\u00e7o para apresenta\u00e7\u00f5es em formato de sarau, com palco aberto para&hellip;\" \/>\n<meta property=\"og:url\" content=\"https:\/\/blogdofarnesio.com.br\/2026\/03\/exposicao-e-sarau-celebram-neste-sabado-o-dia-municipal-da-cultura-e-da-poesia-manuca-almeida-em-juazeiro\/\" \/>\n<meta property=\"og:site_name\" content=\"Blog do Farn\u00e9sio\" \/>\n<meta property=\"article:publisher\" content=\"https:\/\/www.facebook.com\/BlogQuerSaberPolitica\/\" \/>\n<meta property=\"article:author\" content=\"https:\/\/www.facebook.com\/?ref=tn_tnmn\" \/>\n<meta property=\"article:published_time\" content=\"2026-03-14T13:00:55+00:00\" \/>\n<meta property=\"og:image\" content=\"https:\/\/blogdofarnesio.com.br\/wp-content\/uploads\/2021\/05\/blogqspmanuca-card-livro-e1620063392560.jpeg\" \/>\n\t<meta property=\"og:image:width\" content=\"700\" \/>\n\t<meta property=\"og:image:height\" content=\"488\" \/>\n\t<meta property=\"og:image:type\" content=\"image\/jpeg\" \/>\n<meta name=\"author\" content=\"Farn\u00e9sio\" \/>\n<meta name=\"twitter:card\" content=\"summary_large_image\" \/>\n<meta name=\"twitter:label1\" content=\"Escrito por\" \/>\n\t<meta name=\"twitter:data1\" content=\"Farn\u00e9sio\" \/>\n\t<meta name=\"twitter:label2\" content=\"Est. tempo de leitura\" \/>\n\t<meta name=\"twitter:data2\" content=\"2 minutos\" \/>\n<script type=\"application\/ld+json\" class=\"yoast-schema-graph\">{\"@context\":\"https:\\\/\\\/schema.org\",\"@graph\":[{\"@type\":\"Article\",\"@id\":\"https:\\\/\\\/blogdofarnesio.com.br\\\/2026\\\/03\\\/exposicao-e-sarau-celebram-neste-sabado-o-dia-municipal-da-cultura-e-da-poesia-manuca-almeida-em-juazeiro\\\/#article\",\"isPartOf\":{\"@id\":\"https:\\\/\\\/blogdofarnesio.com.br\\\/2026\\\/03\\\/exposicao-e-sarau-celebram-neste-sabado-o-dia-municipal-da-cultura-e-da-poesia-manuca-almeida-em-juazeiro\\\/\"},\"author\":{\"name\":\"Farn\u00e9sio\",\"@id\":\"https:\\\/\\\/blogdofarnesio.com.br\\\/#\\\/schema\\\/person\\\/bb9b23ae3ad0609ce8df7b6c9e76824d\"},\"headline\":\"Exposi\u00e7\u00e3o e sarau celebram neste s\u00e1bado, o Dia Municipal da Cultura e da Poesia Manuca Almeida em Juazeiro\",\"datePublished\":\"2026-03-14T13:00:55+00:00\",\"mainEntityOfPage\":{\"@id\":\"https:\\\/\\\/blogdofarnesio.com.br\\\/2026\\\/03\\\/exposicao-e-sarau-celebram-neste-sabado-o-dia-municipal-da-cultura-e-da-poesia-manuca-almeida-em-juazeiro\\\/\"},\"wordCount\":324,\"commentCount\":0,\"publisher\":{\"@id\":\"https:\\\/\\\/blogdofarnesio.com.br\\\/#organization\"},\"image\":{\"@id\":\"https:\\\/\\\/blogdofarnesio.com.br\\\/2026\\\/03\\\/exposicao-e-sarau-celebram-neste-sabado-o-dia-municipal-da-cultura-e-da-poesia-manuca-almeida-em-juazeiro\\\/#primaryimage\"},\"thumbnailUrl\":\"https:\\\/\\\/blogdofarnesio.com.br\\\/wp-content\\\/uploads\\\/2021\\\/05\\\/blogqspmanuca-card-livro-e1620063392560.jpeg\",\"articleSection\":[\"Cultura\"],\"inLanguage\":\"pt-BR\",\"potentialAction\":[{\"@type\":\"CommentAction\",\"name\":\"Comment\",\"target\":[\"https:\\\/\\\/blogdofarnesio.com.br\\\/2026\\\/03\\\/exposicao-e-sarau-celebram-neste-sabado-o-dia-municipal-da-cultura-e-da-poesia-manuca-almeida-em-juazeiro\\\/#respond\"]}]},{\"@type\":\"WebPage\",\"@id\":\"https:\\\/\\\/blogdofarnesio.com.br\\\/2026\\\/03\\\/exposicao-e-sarau-celebram-neste-sabado-o-dia-municipal-da-cultura-e-da-poesia-manuca-almeida-em-juazeiro\\\/\",\"url\":\"https:\\\/\\\/blogdofarnesio.com.br\\\/2026\\\/03\\\/exposicao-e-sarau-celebram-neste-sabado-o-dia-municipal-da-cultura-e-da-poesia-manuca-almeida-em-juazeiro\\\/\",\"name\":\"Exposi\u00e7\u00e3o e sarau celebram neste s\u00e1bado, o Dia Municipal da Cultura e da Poesia Manuca Almeida em Juazeiro - Blog do Farn\u00e9sio\",\"isPartOf\":{\"@id\":\"https:\\\/\\\/blogdofarnesio.com.br\\\/#website\"},\"primaryImageOfPage\":{\"@id\":\"https:\\\/\\\/blogdofarnesio.com.br\\\/2026\\\/03\\\/exposicao-e-sarau-celebram-neste-sabado-o-dia-municipal-da-cultura-e-da-poesia-manuca-almeida-em-juazeiro\\\/#primaryimage\"},\"image\":{\"@id\":\"https:\\\/\\\/blogdofarnesio.com.br\\\/2026\\\/03\\\/exposicao-e-sarau-celebram-neste-sabado-o-dia-municipal-da-cultura-e-da-poesia-manuca-almeida-em-juazeiro\\\/#primaryimage\"},\"thumbnailUrl\":\"https:\\\/\\\/blogdofarnesio.com.br\\\/wp-content\\\/uploads\\\/2021\\\/05\\\/blogqspmanuca-card-livro-e1620063392560.jpeg\",\"datePublished\":\"2026-03-14T13:00:55+00:00\",\"breadcrumb\":{\"@id\":\"https:\\\/\\\/blogdofarnesio.com.br\\\/2026\\\/03\\\/exposicao-e-sarau-celebram-neste-sabado-o-dia-municipal-da-cultura-e-da-poesia-manuca-almeida-em-juazeiro\\\/#breadcrumb\"},\"inLanguage\":\"pt-BR\",\"potentialAction\":[{\"@type\":\"ReadAction\",\"target\":[\"https:\\\/\\\/blogdofarnesio.com.br\\\/2026\\\/03\\\/exposicao-e-sarau-celebram-neste-sabado-o-dia-municipal-da-cultura-e-da-poesia-manuca-almeida-em-juazeiro\\\/\"]}]},{\"@type\":\"ImageObject\",\"inLanguage\":\"pt-BR\",\"@id\":\"https:\\\/\\\/blogdofarnesio.com.br\\\/2026\\\/03\\\/exposicao-e-sarau-celebram-neste-sabado-o-dia-municipal-da-cultura-e-da-poesia-manuca-almeida-em-juazeiro\\\/#primaryimage\",\"url\":\"https:\\\/\\\/blogdofarnesio.com.br\\\/wp-content\\\/uploads\\\/2021\\\/05\\\/blogqspmanuca-card-livro-e1620063392560.jpeg\",\"contentUrl\":\"https:\\\/\\\/blogdofarnesio.com.br\\\/wp-content\\\/uploads\\\/2021\\\/05\\\/blogqspmanuca-card-livro-e1620063392560.jpeg\",\"width\":700,\"height\":488},{\"@type\":\"BreadcrumbList\",\"@id\":\"https:\\\/\\\/blogdofarnesio.com.br\\\/2026\\\/03\\\/exposicao-e-sarau-celebram-neste-sabado-o-dia-municipal-da-cultura-e-da-poesia-manuca-almeida-em-juazeiro\\\/#breadcrumb\",\"itemListElement\":[{\"@type\":\"ListItem\",\"position\":1,\"name\":\"In\u00edcio\",\"item\":\"https:\\\/\\\/blogdofarnesio.com.br\\\/\"},{\"@type\":\"ListItem\",\"position\":2,\"name\":\"Exposi\u00e7\u00e3o e sarau celebram neste s\u00e1bado, o Dia Municipal da Cultura e da Poesia Manuca Almeida em Juazeiro\"}]},{\"@type\":\"WebSite\",\"@id\":\"https:\\\/\\\/blogdofarnesio.com.br\\\/#website\",\"url\":\"https:\\\/\\\/blogdofarnesio.com.br\\\/\",\"name\":\"Blog do Farn\u00e9sio\",\"description\":\"Quer Saber Pol\u00edtica?\",\"publisher\":{\"@id\":\"https:\\\/\\\/blogdofarnesio.com.br\\\/#organization\"},\"potentialAction\":[{\"@type\":\"SearchAction\",\"target\":{\"@type\":\"EntryPoint\",\"urlTemplate\":\"https:\\\/\\\/blogdofarnesio.com.br\\\/?s={search_term_string}\"},\"query-input\":{\"@type\":\"PropertyValueSpecification\",\"valueRequired\":true,\"valueName\":\"search_term_string\"}}],\"inLanguage\":\"pt-BR\"},{\"@type\":\"Organization\",\"@id\":\"https:\\\/\\\/blogdofarnesio.com.br\\\/#organization\",\"name\":\"Blog do Farn\u00e9sio\",\"url\":\"https:\\\/\\\/blogdofarnesio.com.br\\\/\",\"logo\":{\"@type\":\"ImageObject\",\"inLanguage\":\"pt-BR\",\"@id\":\"https:\\\/\\\/blogdofarnesio.com.br\\\/#\\\/schema\\\/logo\\\/image\\\/\",\"url\":\"https:\\\/\\\/blogdofarnesio.com.br\\\/wp-content\\\/uploads\\\/2026\\\/03\\\/cropped-logo_new-1.png\",\"contentUrl\":\"https:\\\/\\\/blogdofarnesio.com.br\\\/wp-content\\\/uploads\\\/2026\\\/03\\\/cropped-logo_new-1.png\",\"width\":881,\"height\":685,\"caption\":\"Blog do Farn\u00e9sio\"},\"image\":{\"@id\":\"https:\\\/\\\/blogdofarnesio.com.br\\\/#\\\/schema\\\/logo\\\/image\\\/\"},\"sameAs\":[\"https:\\\/\\\/www.facebook.com\\\/BlogQuerSaberPolitica\\\/\"]},{\"@type\":\"Person\",\"@id\":\"https:\\\/\\\/blogdofarnesio.com.br\\\/#\\\/schema\\\/person\\\/bb9b23ae3ad0609ce8df7b6c9e76824d\",\"name\":\"Farn\u00e9sio\",\"image\":{\"@type\":\"ImageObject\",\"inLanguage\":\"pt-BR\",\"@id\":\"https:\\\/\\\/secure.gravatar.com\\\/avatar\\\/986aa4c61ccdb66f8555bf88fc2a65609d00bcabd4d2d94377a727547345cbca?s=96&d=mm&r=g\",\"url\":\"https:\\\/\\\/secure.gravatar.com\\\/avatar\\\/986aa4c61ccdb66f8555bf88fc2a65609d00bcabd4d2d94377a727547345cbca?s=96&d=mm&r=g\",\"contentUrl\":\"https:\\\/\\\/secure.gravatar.com\\\/avatar\\\/986aa4c61ccdb66f8555bf88fc2a65609d00bcabd4d2d94377a727547345cbca?s=96&d=mm&r=g\",\"caption\":\"Farn\u00e9sio\"},\"description\":\"Radialista blogueiro, chegou a Petrolina\\\/Juazeiro em setembro de 1980, Farn\u00e9sio Silva \u00e9 de Arapiraca-Alagoas.\",\"sameAs\":[\"http:\\\/\\\/blogdofarnesio.com.br\",\"https:\\\/\\\/www.facebook.com\\\/?ref=tn_tnmn\",\"https:\\\/\\\/www.instagram.com\\\/?utm_source=pwa_homescreen\",\"https:\\\/\\\/youtube.com.br\\\/\"],\"url\":\"https:\\\/\\\/blogdofarnesio.com.br\\\/author\\\/farnesio-2\\\/\"}]}<\/script>\n<!-- \/ Yoast SEO plugin. -->","yoast_head_json":{"title":"Exposi\u00e7\u00e3o e sarau celebram neste s\u00e1bado, o Dia Municipal da Cultura e da Poesia Manuca Almeida em Juazeiro - Blog do Farn\u00e9sio","robots":{"index":"index","follow":"follow","max-snippet":"max-snippet:-1","max-image-preview":"max-image-preview:large","max-video-preview":"max-video-preview:-1"},"canonical":"https:\/\/blogdofarnesio.com.br\/2026\/03\/exposicao-e-sarau-celebram-neste-sabado-o-dia-municipal-da-cultura-e-da-poesia-manuca-almeida-em-juazeiro\/","og_locale":"pt_BR","og_type":"article","og_title":"Exposi\u00e7\u00e3o e sarau celebram neste s\u00e1bado, o Dia Municipal da Cultura e da Poesia Manuca Almeida em Juazeiro - Blog do Farn\u00e9sio","og_description":"A poesia e a arte ganham espa\u00e7o em Juazeiro neste s\u00e1bado (14), com a realiza\u00e7\u00e3o da exposi\u00e7\u00e3o \u201cPoesia Al\u00e9m do Papel\u201d e do Sarau Po\u00e9tico Musical, a partir das 19h30, no Quintal do Poeta. A atividade celebra o Dia Municipal da Cultura e da Poesia Manuca Almeida, institu\u00eddo pela Lei n\u00ba 3.336\/2022, e conta com o apoio da Prefeitura de Juazeiro, por meio da Secretaria de Cultura, Turismo e Esportes (Seculte). A programa\u00e7\u00e3o destaca a for\u00e7a da poesia como express\u00e3o da identidade, da mem\u00f3ria e da resist\u00eancia cultural. O evento re\u00fane artistas, poetas, m\u00fasicos e o p\u00fablico em um encontro que valoriza a produ\u00e7\u00e3o art\u00edstica da regi\u00e3o e abre espa\u00e7o para apresenta\u00e7\u00f5es em formato de sarau, com palco aberto para&hellip;","og_url":"https:\/\/blogdofarnesio.com.br\/2026\/03\/exposicao-e-sarau-celebram-neste-sabado-o-dia-municipal-da-cultura-e-da-poesia-manuca-almeida-em-juazeiro\/","og_site_name":"Blog do Farn\u00e9sio","article_publisher":"https:\/\/www.facebook.com\/BlogQuerSaberPolitica\/","article_author":"https:\/\/www.facebook.com\/?ref=tn_tnmn","article_published_time":"2026-03-14T13:00:55+00:00","og_image":[{"width":700,"height":488,"url":"https:\/\/blogdofarnesio.com.br\/wp-content\/uploads\/2021\/05\/blogqspmanuca-card-livro-e1620063392560.jpeg","type":"image\/jpeg"}],"author":"Farn\u00e9sio","twitter_card":"summary_large_image","twitter_misc":{"Escrito por":"Farn\u00e9sio","Est. tempo de leitura":"2 minutos"},"schema":{"@context":"https:\/\/schema.org","@graph":[{"@type":"Article","@id":"https:\/\/blogdofarnesio.com.br\/2026\/03\/exposicao-e-sarau-celebram-neste-sabado-o-dia-municipal-da-cultura-e-da-poesia-manuca-almeida-em-juazeiro\/#article","isPartOf":{"@id":"https:\/\/blogdofarnesio.com.br\/2026\/03\/exposicao-e-sarau-celebram-neste-sabado-o-dia-municipal-da-cultura-e-da-poesia-manuca-almeida-em-juazeiro\/"},"author":{"name":"Farn\u00e9sio","@id":"https:\/\/blogdofarnesio.com.br\/#\/schema\/person\/bb9b23ae3ad0609ce8df7b6c9e76824d"},"headline":"Exposi\u00e7\u00e3o e sarau celebram neste s\u00e1bado, o Dia Municipal da Cultura e da Poesia Manuca Almeida em Juazeiro","datePublished":"2026-03-14T13:00:55+00:00","mainEntityOfPage":{"@id":"https:\/\/blogdofarnesio.com.br\/2026\/03\/exposicao-e-sarau-celebram-neste-sabado-o-dia-municipal-da-cultura-e-da-poesia-manuca-almeida-em-juazeiro\/"},"wordCount":324,"commentCount":0,"publisher":{"@id":"https:\/\/blogdofarnesio.com.br\/#organization"},"image":{"@id":"https:\/\/blogdofarnesio.com.br\/2026\/03\/exposicao-e-sarau-celebram-neste-sabado-o-dia-municipal-da-cultura-e-da-poesia-manuca-almeida-em-juazeiro\/#primaryimage"},"thumbnailUrl":"https:\/\/blogdofarnesio.com.br\/wp-content\/uploads\/2021\/05\/blogqspmanuca-card-livro-e1620063392560.jpeg","articleSection":["Cultura"],"inLanguage":"pt-BR","potentialAction":[{"@type":"CommentAction","name":"Comment","target":["https:\/\/blogdofarnesio.com.br\/2026\/03\/exposicao-e-sarau-celebram-neste-sabado-o-dia-municipal-da-cultura-e-da-poesia-manuca-almeida-em-juazeiro\/#respond"]}]},{"@type":"WebPage","@id":"https:\/\/blogdofarnesio.com.br\/2026\/03\/exposicao-e-sarau-celebram-neste-sabado-o-dia-municipal-da-cultura-e-da-poesia-manuca-almeida-em-juazeiro\/","url":"https:\/\/blogdofarnesio.com.br\/2026\/03\/exposicao-e-sarau-celebram-neste-sabado-o-dia-municipal-da-cultura-e-da-poesia-manuca-almeida-em-juazeiro\/","name":"Exposi\u00e7\u00e3o e sarau celebram neste s\u00e1bado, o Dia Municipal da Cultura e da Poesia Manuca Almeida em Juazeiro - Blog do Farn\u00e9sio","isPartOf":{"@id":"https:\/\/blogdofarnesio.com.br\/#website"},"primaryImageOfPage":{"@id":"https:\/\/blogdofarnesio.com.br\/2026\/03\/exposicao-e-sarau-celebram-neste-sabado-o-dia-municipal-da-cultura-e-da-poesia-manuca-almeida-em-juazeiro\/#primaryimage"},"image":{"@id":"https:\/\/blogdofarnesio.com.br\/2026\/03\/exposicao-e-sarau-celebram-neste-sabado-o-dia-municipal-da-cultura-e-da-poesia-manuca-almeida-em-juazeiro\/#primaryimage"},"thumbnailUrl":"https:\/\/blogdofarnesio.com.br\/wp-content\/uploads\/2021\/05\/blogqspmanuca-card-livro-e1620063392560.jpeg","datePublished":"2026-03-14T13:00:55+00:00","breadcrumb":{"@id":"https:\/\/blogdofarnesio.com.br\/2026\/03\/exposicao-e-sarau-celebram-neste-sabado-o-dia-municipal-da-cultura-e-da-poesia-manuca-almeida-em-juazeiro\/#breadcrumb"},"inLanguage":"pt-BR","potentialAction":[{"@type":"ReadAction","target":["https:\/\/blogdofarnesio.com.br\/2026\/03\/exposicao-e-sarau-celebram-neste-sabado-o-dia-municipal-da-cultura-e-da-poesia-manuca-almeida-em-juazeiro\/"]}]},{"@type":"ImageObject","inLanguage":"pt-BR","@id":"https:\/\/blogdofarnesio.com.br\/2026\/03\/exposicao-e-sarau-celebram-neste-sabado-o-dia-municipal-da-cultura-e-da-poesia-manuca-almeida-em-juazeiro\/#primaryimage","url":"https:\/\/blogdofarnesio.com.br\/wp-content\/uploads\/2021\/05\/blogqspmanuca-card-livro-e1620063392560.jpeg","contentUrl":"https:\/\/blogdofarnesio.com.br\/wp-content\/uploads\/2021\/05\/blogqspmanuca-card-livro-e1620063392560.jpeg","width":700,"height":488},{"@type":"BreadcrumbList","@id":"https:\/\/blogdofarnesio.com.br\/2026\/03\/exposicao-e-sarau-celebram-neste-sabado-o-dia-municipal-da-cultura-e-da-poesia-manuca-almeida-em-juazeiro\/#breadcrumb","itemListElement":[{"@type":"ListItem","position":1,"name":"In\u00edcio","item":"https:\/\/blogdofarnesio.com.br\/"},{"@type":"ListItem","position":2,"name":"Exposi\u00e7\u00e3o e sarau celebram neste s\u00e1bado, o Dia Municipal da Cultura e da Poesia Manuca Almeida em Juazeiro"}]},{"@type":"WebSite","@id":"https:\/\/blogdofarnesio.com.br\/#website","url":"https:\/\/blogdofarnesio.com.br\/","name":"Blog do Farn\u00e9sio","description":"Quer Saber Pol\u00edtica?","publisher":{"@id":"https:\/\/blogdofarnesio.com.br\/#organization"},"potentialAction":[{"@type":"SearchAction","target":{"@type":"EntryPoint","urlTemplate":"https:\/\/blogdofarnesio.com.br\/?s={search_term_string}"},"query-input":{"@type":"PropertyValueSpecification","valueRequired":true,"valueName":"search_term_string"}}],"inLanguage":"pt-BR"},{"@type":"Organization","@id":"https:\/\/blogdofarnesio.com.br\/#organization","name":"Blog do Farn\u00e9sio","url":"https:\/\/blogdofarnesio.com.br\/","logo":{"@type":"ImageObject","inLanguage":"pt-BR","@id":"https:\/\/blogdofarnesio.com.br\/#\/schema\/logo\/image\/","url":"https:\/\/blogdofarnesio.com.br\/wp-content\/uploads\/2026\/03\/cropped-logo_new-1.png","contentUrl":"https:\/\/blogdofarnesio.com.br\/wp-content\/uploads\/2026\/03\/cropped-logo_new-1.png","width":881,"height":685,"caption":"Blog do Farn\u00e9sio"},"image":{"@id":"https:\/\/blogdofarnesio.com.br\/#\/schema\/logo\/image\/"},"sameAs":["https:\/\/www.facebook.com\/BlogQuerSaberPolitica\/"]},{"@type":"Person","@id":"https:\/\/blogdofarnesio.com.br\/#\/schema\/person\/bb9b23ae3ad0609ce8df7b6c9e76824d","name":"Farn\u00e9sio","image":{"@type":"ImageObject","inLanguage":"pt-BR","@id":"https:\/\/secure.gravatar.com\/avatar\/986aa4c61ccdb66f8555bf88fc2a65609d00bcabd4d2d94377a727547345cbca?s=96&d=mm&r=g","url":"https:\/\/secure.gravatar.com\/avatar\/986aa4c61ccdb66f8555bf88fc2a65609d00bcabd4d2d94377a727547345cbca?s=96&d=mm&r=g","contentUrl":"https:\/\/secure.gravatar.com\/avatar\/986aa4c61ccdb66f8555bf88fc2a65609d00bcabd4d2d94377a727547345cbca?s=96&d=mm&r=g","caption":"Farn\u00e9sio"},"description":"Radialista blogueiro, chegou a Petrolina\/Juazeiro em setembro de 1980, Farn\u00e9sio Silva \u00e9 de Arapiraca-Alagoas.","sameAs":["http:\/\/blogdofarnesio.com.br","https:\/\/www.facebook.com\/?ref=tn_tnmn","https:\/\/www.instagram.com\/?utm_source=pwa_homescreen","https:\/\/youtube.com.br\/"],"url":"https:\/\/blogdofarnesio.com.br\/author\/farnesio-2\/"}]}},"_links":{"self":[{"href":"https:\/\/blogdofarnesio.com.br\/wp-json\/wp\/v2\/posts\/416859","targetHints":{"allow":["GET"]}}],"collection":[{"href":"https:\/\/blogdofarnesio.com.br\/wp-json\/wp\/v2\/posts"}],"about":[{"href":"https:\/\/blogdofarnesio.com.br\/wp-json\/wp\/v2\/types\/post"}],"author":[{"embeddable":true,"href":"https:\/\/blogdofarnesio.com.br\/wp-json\/wp\/v2\/users\/2"}],"replies":[{"embeddable":true,"href":"https:\/\/blogdofarnesio.com.br\/wp-json\/wp\/v2\/comments?post=416859"}],"version-history":[{"count":1,"href":"https:\/\/blogdofarnesio.com.br\/wp-json\/wp\/v2\/posts\/416859\/revisions"}],"predecessor-version":[{"id":416860,"href":"https:\/\/blogdofarnesio.com.br\/wp-json\/wp\/v2\/posts\/416859\/revisions\/416860"}],"wp:featuredmedia":[{"embeddable":true,"href":"https:\/\/blogdofarnesio.com.br\/wp-json\/wp\/v2\/media\/284681"}],"wp:attachment":[{"href":"https:\/\/blogdofarnesio.com.br\/wp-json\/wp\/v2\/media?parent=416859"}],"wp:term":[{"taxonomy":"category","embeddable":true,"href":"https:\/\/blogdofarnesio.com.br\/wp-json\/wp\/v2\/categories?post=416859"},{"taxonomy":"post_tag","embeddable":true,"href":"https:\/\/blogdofarnesio.com.br\/wp-json\/wp\/v2\/tags?post=416859"}],"curies":[{"name":"wp","href":"https:\/\/api.w.org\/{rel}","templated":true}]}}