{"id":416838,"date":"2026-03-11T08:33:13","date_gmt":"2026-03-11T11:33:13","guid":{"rendered":"https:\/\/blogdofarnesio.com.br\/?p=416838"},"modified":"2026-03-10T22:11:10","modified_gmt":"2026-03-11T01:11:10","slug":"procurado-pela-justica-de-petrolina-ze-carlos-de-popo-acusado-por-homicidio-e-preso-em-itacuruba","status":"publish","type":"post","link":"https:\/\/blogdofarnesio.com.br\/?p=416838","title":{"rendered":"Procurado pela Justi\u00e7a de Petrolina, &#8220;Z\u00e9 Carlos de Pop\u00f3&#8221; , acusado por homic\u00eddio \u00e9 preso em Itacuruba"},"content":{"rendered":"<div class=\"post-header\">\n<div class=\"post-header-line-1\">Ontem, segunda-feira dia (09), a For\u00e7a Integrada de Combate ao Crime Organizado em Pernambuco (FICCO\/PE), por meio do Base Avan\u00e7ada de Petrolina, em a\u00e7\u00e3o conjunta com a Pol\u00edcia Civil (192\u00aa Circunscri\u00e7\u00e3o de Itacuruba, 187\u00aa Circunscri\u00e7\u00e3o de Floresta e 22\u00aa DESEC de Floresta) e a Pol\u00edcia Militar (1\u00aa CIPM, GATI, Malhas da Lei e GT Itacuruba), efetuou o cumprimento de mandado de pris\u00e3o criminal no munic\u00edpio de Itacuruba, em desfavor de JOSE CARLOS DE SA CARVALHO, vulgo &#8220;Z\u00e9 Carlos de Pop\u00f3&#8221; .<\/div>\n<\/div>\n<div id=\"post-body-2817455144345907846\" class=\"post-body entry-content\">\n<p>De acordo com informa\u00e7\u00f5es repassadas ao Blog O Povo com a Not\u00edcia, o alvo, conhecido pela alcunha de &#8220;Z\u00e9 Carlos de Pop\u00f3&#8221;, era procurado pela Justi\u00e7a pelo crime de homic\u00eddio (Art. 121 do C\u00f3digo Penal). O mandado foi expedido pela 4\u00aa Vara Regional de Execu\u00e7\u00e3o Penal da Comarca de Petrolina.<\/p>\n<p>O indiv\u00edduo foi localizado e capturado sem intercorr\u00eancias, sendo conduzido \u00e0 unidade policial competente para ado\u00e7\u00e3o das provid\u00eancias legais cab\u00edveis.<\/p>\n<\/div>\n","protected":false},"excerpt":{"rendered":"<p>Ontem, segunda-feira dia (09), a For\u00e7a Integrada de Combate ao Crime Organizado em Pernambuco (FICCO\/PE), por meio do Base Avan\u00e7ada de Petrolina, em a\u00e7\u00e3o conjunta com a Pol\u00edcia Civil (192\u00aa Circunscri\u00e7\u00e3o de Itacuruba, 187\u00aa Circunscri\u00e7\u00e3o de Floresta e 22\u00aa DESEC de Floresta) e a Pol\u00edcia Militar (1\u00aa CIPM, GATI, Malhas da Lei e GT Itacuruba), efetuou o cumprimento de mandado de pris\u00e3o criminal no munic\u00edpio de Itacuruba, em desfavor de JOSE CARLOS DE SA CARVALHO, vulgo &#8220;Z\u00e9 Carlos de Pop\u00f3&#8221; . De acordo com informa\u00e7\u00f5es repassadas ao Blog O Povo com a Not\u00edcia, o alvo, conhecido pela alcunha de &#8220;Z\u00e9 Carlos de Pop\u00f3&#8221;, era procurado pela Justi\u00e7a pelo crime de homic\u00eddio (Art. 121 do C\u00f3digo Penal). O mandado foi expedido&hellip; <\/p>\n","protected":false},"author":2,"featured_media":416839,"comment_status":"open","ping_status":"open","sticky":false,"template":"","format":"standard","meta":{"_acf_changed":false,"footnotes":""},"categories":[43],"tags":[],"class_list":["post-416838","post","type-post","status-publish","format-standard","has-post-thumbnail","hentry","category-sem-categoria"],"acf":[],"yoast_head":"<!-- This site is optimized with the Yoast SEO plugin v27.4 - https:\/\/yoast.com\/product\/yoast-seo-wordpress\/ -->\n<title>Procurado pela Justi\u00e7a de Petrolina, &quot;Z\u00e9 Carlos de Pop\u00f3&quot; , acusado por homic\u00eddio \u00e9 preso em Itacuruba - Blog do Farn\u00e9sio<\/title>\n<meta name=\"robots\" content=\"index, follow, max-snippet:-1, max-image-preview:large, max-video-preview:-1\" \/>\n<link rel=\"canonical\" href=\"https:\/\/blogdofarnesio.com.br\/?p=416838\" \/>\n<meta property=\"og:locale\" content=\"pt_BR\" \/>\n<meta property=\"og:type\" content=\"article\" \/>\n<meta property=\"og:title\" content=\"Procurado pela Justi\u00e7a de Petrolina, &quot;Z\u00e9 Carlos de Pop\u00f3&quot; , acusado por homic\u00eddio \u00e9 preso em Itacuruba - Blog do Farn\u00e9sio\" \/>\n<meta property=\"og:description\" content=\"Ontem, segunda-feira dia (09), a For\u00e7a Integrada de Combate ao Crime Organizado em Pernambuco (FICCO\/PE), por meio do Base Avan\u00e7ada de Petrolina, em a\u00e7\u00e3o conjunta com a Pol\u00edcia Civil (192\u00aa Circunscri\u00e7\u00e3o de Itacuruba, 187\u00aa Circunscri\u00e7\u00e3o de Floresta e 22\u00aa DESEC de Floresta) e a Pol\u00edcia Militar (1\u00aa CIPM, GATI, Malhas da Lei e GT Itacuruba), efetuou o cumprimento de mandado de pris\u00e3o criminal no munic\u00edpio de Itacuruba, em desfavor de JOSE CARLOS DE SA CARVALHO, vulgo &#8220;Z\u00e9 Carlos de Pop\u00f3&#8221; . De acordo com informa\u00e7\u00f5es repassadas ao Blog O Povo com a Not\u00edcia, o alvo, conhecido pela alcunha de &#8220;Z\u00e9 Carlos de Pop\u00f3&#8221;, era procurado pela Justi\u00e7a pelo crime de homic\u00eddio (Art. 121 do C\u00f3digo Penal). O mandado foi expedido&hellip;\" \/>\n<meta property=\"og:url\" content=\"https:\/\/blogdofarnesio.com.br\/?p=416838\" \/>\n<meta property=\"og:site_name\" content=\"Blog do Farn\u00e9sio\" \/>\n<meta property=\"article:publisher\" content=\"https:\/\/www.facebook.com\/BlogQuerSaberPolitica\/\" \/>\n<meta property=\"article:author\" content=\"https:\/\/www.facebook.com\/?ref=tn_tnmn\" \/>\n<meta property=\"article:published_time\" content=\"2026-03-11T11:33:13+00:00\" \/>\n<meta property=\"og:image\" content=\"https:\/\/blogdofarnesio.com.br\/wp-content\/uploads\/2026\/03\/blogqsppolicia-ze-popo.png\" \/>\n\t<meta property=\"og:image:width\" content=\"677\" \/>\n\t<meta property=\"og:image:height\" content=\"354\" \/>\n\t<meta property=\"og:image:type\" content=\"image\/png\" \/>\n<meta name=\"author\" content=\"Farn\u00e9sio\" \/>\n<meta name=\"twitter:card\" content=\"summary_large_image\" \/>\n<meta name=\"twitter:label1\" content=\"Escrito por\" \/>\n\t<meta name=\"twitter:data1\" content=\"Farn\u00e9sio\" \/>\n\t<meta name=\"twitter:label2\" content=\"Est. tempo de leitura\" \/>\n\t<meta name=\"twitter:data2\" content=\"2 minutos\" \/>\n<script type=\"application\/ld+json\" class=\"yoast-schema-graph\">{\"@context\":\"https:\\\/\\\/schema.org\",\"@graph\":[{\"@type\":\"Article\",\"@id\":\"https:\\\/\\\/blogdofarnesio.com.br\\\/?p=416838#article\",\"isPartOf\":{\"@id\":\"https:\\\/\\\/blogdofarnesio.com.br\\\/?p=416838\"},\"author\":{\"name\":\"Farn\u00e9sio\",\"@id\":\"https:\\\/\\\/blogdofarnesio.com.br\\\/#\\\/schema\\\/person\\\/bb9b23ae3ad0609ce8df7b6c9e76824d\"},\"headline\":\"Procurado pela Justi\u00e7a de Petrolina, &#8220;Z\u00e9 Carlos de Pop\u00f3&#8221; , acusado por homic\u00eddio \u00e9 preso em Itacuruba\",\"datePublished\":\"2026-03-11T11:33:13+00:00\",\"mainEntityOfPage\":{\"@id\":\"https:\\\/\\\/blogdofarnesio.com.br\\\/?p=416838\"},\"wordCount\":180,\"commentCount\":0,\"publisher\":{\"@id\":\"https:\\\/\\\/blogdofarnesio.com.br\\\/#organization\"},\"image\":{\"@id\":\"https:\\\/\\\/blogdofarnesio.com.br\\\/?p=416838#primaryimage\"},\"thumbnailUrl\":\"https:\\\/\\\/blogdofarnesio.com.br\\\/wp-content\\\/uploads\\\/2026\\\/03\\\/blogqsppolicia-ze-popo.png\",\"inLanguage\":\"pt-BR\",\"potentialAction\":[{\"@type\":\"CommentAction\",\"name\":\"Comment\",\"target\":[\"https:\\\/\\\/blogdofarnesio.com.br\\\/?p=416838#respond\"]}]},{\"@type\":\"WebPage\",\"@id\":\"https:\\\/\\\/blogdofarnesio.com.br\\\/?p=416838\",\"url\":\"https:\\\/\\\/blogdofarnesio.com.br\\\/?p=416838\",\"name\":\"Procurado pela Justi\u00e7a de Petrolina, \\\"Z\u00e9 Carlos de Pop\u00f3\\\" , acusado por homic\u00eddio \u00e9 preso em Itacuruba - Blog do Farn\u00e9sio\",\"isPartOf\":{\"@id\":\"https:\\\/\\\/blogdofarnesio.com.br\\\/#website\"},\"primaryImageOfPage\":{\"@id\":\"https:\\\/\\\/blogdofarnesio.com.br\\\/?p=416838#primaryimage\"},\"image\":{\"@id\":\"https:\\\/\\\/blogdofarnesio.com.br\\\/?p=416838#primaryimage\"},\"thumbnailUrl\":\"https:\\\/\\\/blogdofarnesio.com.br\\\/wp-content\\\/uploads\\\/2026\\\/03\\\/blogqsppolicia-ze-popo.png\",\"datePublished\":\"2026-03-11T11:33:13+00:00\",\"breadcrumb\":{\"@id\":\"https:\\\/\\\/blogdofarnesio.com.br\\\/?p=416838#breadcrumb\"},\"inLanguage\":\"pt-BR\",\"potentialAction\":[{\"@type\":\"ReadAction\",\"target\":[\"https:\\\/\\\/blogdofarnesio.com.br\\\/?p=416838\"]}]},{\"@type\":\"ImageObject\",\"inLanguage\":\"pt-BR\",\"@id\":\"https:\\\/\\\/blogdofarnesio.com.br\\\/?p=416838#primaryimage\",\"url\":\"https:\\\/\\\/blogdofarnesio.com.br\\\/wp-content\\\/uploads\\\/2026\\\/03\\\/blogqsppolicia-ze-popo.png\",\"contentUrl\":\"https:\\\/\\\/blogdofarnesio.com.br\\\/wp-content\\\/uploads\\\/2026\\\/03\\\/blogqsppolicia-ze-popo.png\",\"width\":677,\"height\":354},{\"@type\":\"BreadcrumbList\",\"@id\":\"https:\\\/\\\/blogdofarnesio.com.br\\\/?p=416838#breadcrumb\",\"itemListElement\":[{\"@type\":\"ListItem\",\"position\":1,\"name\":\"In\u00edcio\",\"item\":\"https:\\\/\\\/blogdofarnesio.com.br\\\/\"},{\"@type\":\"ListItem\",\"position\":2,\"name\":\"Procurado pela Justi\u00e7a de Petrolina, &#8220;Z\u00e9 Carlos de Pop\u00f3&#8221; , acusado por homic\u00eddio \u00e9 preso em Itacuruba\"}]},{\"@type\":\"WebSite\",\"@id\":\"https:\\\/\\\/blogdofarnesio.com.br\\\/#website\",\"url\":\"https:\\\/\\\/blogdofarnesio.com.br\\\/\",\"name\":\"Blog do Farn\u00e9sio\",\"description\":\"Quer Saber Pol\u00edtica?\",\"publisher\":{\"@id\":\"https:\\\/\\\/blogdofarnesio.com.br\\\/#organization\"},\"potentialAction\":[{\"@type\":\"SearchAction\",\"target\":{\"@type\":\"EntryPoint\",\"urlTemplate\":\"https:\\\/\\\/blogdofarnesio.com.br\\\/?s={search_term_string}\"},\"query-input\":{\"@type\":\"PropertyValueSpecification\",\"valueRequired\":true,\"valueName\":\"search_term_string\"}}],\"inLanguage\":\"pt-BR\"},{\"@type\":\"Organization\",\"@id\":\"https:\\\/\\\/blogdofarnesio.com.br\\\/#organization\",\"name\":\"Blog do Farn\u00e9sio\",\"url\":\"https:\\\/\\\/blogdofarnesio.com.br\\\/\",\"logo\":{\"@type\":\"ImageObject\",\"inLanguage\":\"pt-BR\",\"@id\":\"https:\\\/\\\/blogdofarnesio.com.br\\\/#\\\/schema\\\/logo\\\/image\\\/\",\"url\":\"https:\\\/\\\/blogdofarnesio.com.br\\\/wp-content\\\/uploads\\\/2026\\\/03\\\/cropped-logo_new-1.png\",\"contentUrl\":\"https:\\\/\\\/blogdofarnesio.com.br\\\/wp-content\\\/uploads\\\/2026\\\/03\\\/cropped-logo_new-1.png\",\"width\":881,\"height\":685,\"caption\":\"Blog do Farn\u00e9sio\"},\"image\":{\"@id\":\"https:\\\/\\\/blogdofarnesio.com.br\\\/#\\\/schema\\\/logo\\\/image\\\/\"},\"sameAs\":[\"https:\\\/\\\/www.facebook.com\\\/BlogQuerSaberPolitica\\\/\"]},{\"@type\":\"Person\",\"@id\":\"https:\\\/\\\/blogdofarnesio.com.br\\\/#\\\/schema\\\/person\\\/bb9b23ae3ad0609ce8df7b6c9e76824d\",\"name\":\"Farn\u00e9sio\",\"image\":{\"@type\":\"ImageObject\",\"inLanguage\":\"pt-BR\",\"@id\":\"https:\\\/\\\/secure.gravatar.com\\\/avatar\\\/986aa4c61ccdb66f8555bf88fc2a65609d00bcabd4d2d94377a727547345cbca?s=96&d=mm&r=g\",\"url\":\"https:\\\/\\\/secure.gravatar.com\\\/avatar\\\/986aa4c61ccdb66f8555bf88fc2a65609d00bcabd4d2d94377a727547345cbca?s=96&d=mm&r=g\",\"contentUrl\":\"https:\\\/\\\/secure.gravatar.com\\\/avatar\\\/986aa4c61ccdb66f8555bf88fc2a65609d00bcabd4d2d94377a727547345cbca?s=96&d=mm&r=g\",\"caption\":\"Farn\u00e9sio\"},\"description\":\"Radialista blogueiro, chegou a Petrolina\\\/Juazeiro em setembro de 1980, Farn\u00e9sio Silva \u00e9 de Arapiraca-Alagoas.\",\"sameAs\":[\"http:\\\/\\\/blogdofarnesio.com.br\",\"https:\\\/\\\/www.facebook.com\\\/?ref=tn_tnmn\",\"https:\\\/\\\/www.instagram.com\\\/?utm_source=pwa_homescreen\",\"https:\\\/\\\/youtube.com.br\\\/\"],\"url\":\"https:\\\/\\\/blogdofarnesio.com.br\\\/?author=2\"}]}<\/script>\n<!-- \/ Yoast SEO plugin. -->","yoast_head_json":{"title":"Procurado pela Justi\u00e7a de Petrolina, \"Z\u00e9 Carlos de Pop\u00f3\" , acusado por homic\u00eddio \u00e9 preso em Itacuruba - Blog do Farn\u00e9sio","robots":{"index":"index","follow":"follow","max-snippet":"max-snippet:-1","max-image-preview":"max-image-preview:large","max-video-preview":"max-video-preview:-1"},"canonical":"https:\/\/blogdofarnesio.com.br\/?p=416838","og_locale":"pt_BR","og_type":"article","og_title":"Procurado pela Justi\u00e7a de Petrolina, \"Z\u00e9 Carlos de Pop\u00f3\" , acusado por homic\u00eddio \u00e9 preso em Itacuruba - Blog do Farn\u00e9sio","og_description":"Ontem, segunda-feira dia (09), a For\u00e7a Integrada de Combate ao Crime Organizado em Pernambuco (FICCO\/PE), por meio do Base Avan\u00e7ada de Petrolina, em a\u00e7\u00e3o conjunta com a Pol\u00edcia Civil (192\u00aa Circunscri\u00e7\u00e3o de Itacuruba, 187\u00aa Circunscri\u00e7\u00e3o de Floresta e 22\u00aa DESEC de Floresta) e a Pol\u00edcia Militar (1\u00aa CIPM, GATI, Malhas da Lei e GT Itacuruba), efetuou o cumprimento de mandado de pris\u00e3o criminal no munic\u00edpio de Itacuruba, em desfavor de JOSE CARLOS DE SA CARVALHO, vulgo &#8220;Z\u00e9 Carlos de Pop\u00f3&#8221; . De acordo com informa\u00e7\u00f5es repassadas ao Blog O Povo com a Not\u00edcia, o alvo, conhecido pela alcunha de &#8220;Z\u00e9 Carlos de Pop\u00f3&#8221;, era procurado pela Justi\u00e7a pelo crime de homic\u00eddio (Art. 121 do C\u00f3digo Penal). O mandado foi expedido&hellip;","og_url":"https:\/\/blogdofarnesio.com.br\/?p=416838","og_site_name":"Blog do Farn\u00e9sio","article_publisher":"https:\/\/www.facebook.com\/BlogQuerSaberPolitica\/","article_author":"https:\/\/www.facebook.com\/?ref=tn_tnmn","article_published_time":"2026-03-11T11:33:13+00:00","og_image":[{"width":677,"height":354,"url":"https:\/\/blogdofarnesio.com.br\/wp-content\/uploads\/2026\/03\/blogqsppolicia-ze-popo.png","type":"image\/png"}],"author":"Farn\u00e9sio","twitter_card":"summary_large_image","twitter_misc":{"Escrito por":"Farn\u00e9sio","Est. tempo de leitura":"2 minutos"},"schema":{"@context":"https:\/\/schema.org","@graph":[{"@type":"Article","@id":"https:\/\/blogdofarnesio.com.br\/?p=416838#article","isPartOf":{"@id":"https:\/\/blogdofarnesio.com.br\/?p=416838"},"author":{"name":"Farn\u00e9sio","@id":"https:\/\/blogdofarnesio.com.br\/#\/schema\/person\/bb9b23ae3ad0609ce8df7b6c9e76824d"},"headline":"Procurado pela Justi\u00e7a de Petrolina, &#8220;Z\u00e9 Carlos de Pop\u00f3&#8221; , acusado por homic\u00eddio \u00e9 preso em Itacuruba","datePublished":"2026-03-11T11:33:13+00:00","mainEntityOfPage":{"@id":"https:\/\/blogdofarnesio.com.br\/?p=416838"},"wordCount":180,"commentCount":0,"publisher":{"@id":"https:\/\/blogdofarnesio.com.br\/#organization"},"image":{"@id":"https:\/\/blogdofarnesio.com.br\/?p=416838#primaryimage"},"thumbnailUrl":"https:\/\/blogdofarnesio.com.br\/wp-content\/uploads\/2026\/03\/blogqsppolicia-ze-popo.png","inLanguage":"pt-BR","potentialAction":[{"@type":"CommentAction","name":"Comment","target":["https:\/\/blogdofarnesio.com.br\/?p=416838#respond"]}]},{"@type":"WebPage","@id":"https:\/\/blogdofarnesio.com.br\/?p=416838","url":"https:\/\/blogdofarnesio.com.br\/?p=416838","name":"Procurado pela Justi\u00e7a de Petrolina, \"Z\u00e9 Carlos de Pop\u00f3\" , acusado por homic\u00eddio \u00e9 preso em Itacuruba - Blog do Farn\u00e9sio","isPartOf":{"@id":"https:\/\/blogdofarnesio.com.br\/#website"},"primaryImageOfPage":{"@id":"https:\/\/blogdofarnesio.com.br\/?p=416838#primaryimage"},"image":{"@id":"https:\/\/blogdofarnesio.com.br\/?p=416838#primaryimage"},"thumbnailUrl":"https:\/\/blogdofarnesio.com.br\/wp-content\/uploads\/2026\/03\/blogqsppolicia-ze-popo.png","datePublished":"2026-03-11T11:33:13+00:00","breadcrumb":{"@id":"https:\/\/blogdofarnesio.com.br\/?p=416838#breadcrumb"},"inLanguage":"pt-BR","potentialAction":[{"@type":"ReadAction","target":["https:\/\/blogdofarnesio.com.br\/?p=416838"]}]},{"@type":"ImageObject","inLanguage":"pt-BR","@id":"https:\/\/blogdofarnesio.com.br\/?p=416838#primaryimage","url":"https:\/\/blogdofarnesio.com.br\/wp-content\/uploads\/2026\/03\/blogqsppolicia-ze-popo.png","contentUrl":"https:\/\/blogdofarnesio.com.br\/wp-content\/uploads\/2026\/03\/blogqsppolicia-ze-popo.png","width":677,"height":354},{"@type":"BreadcrumbList","@id":"https:\/\/blogdofarnesio.com.br\/?p=416838#breadcrumb","itemListElement":[{"@type":"ListItem","position":1,"name":"In\u00edcio","item":"https:\/\/blogdofarnesio.com.br\/"},{"@type":"ListItem","position":2,"name":"Procurado pela Justi\u00e7a de Petrolina, &#8220;Z\u00e9 Carlos de Pop\u00f3&#8221; , acusado por homic\u00eddio \u00e9 preso em Itacuruba"}]},{"@type":"WebSite","@id":"https:\/\/blogdofarnesio.com.br\/#website","url":"https:\/\/blogdofarnesio.com.br\/","name":"Blog do Farn\u00e9sio","description":"Quer Saber Pol\u00edtica?","publisher":{"@id":"https:\/\/blogdofarnesio.com.br\/#organization"},"potentialAction":[{"@type":"SearchAction","target":{"@type":"EntryPoint","urlTemplate":"https:\/\/blogdofarnesio.com.br\/?s={search_term_string}"},"query-input":{"@type":"PropertyValueSpecification","valueRequired":true,"valueName":"search_term_string"}}],"inLanguage":"pt-BR"},{"@type":"Organization","@id":"https:\/\/blogdofarnesio.com.br\/#organization","name":"Blog do Farn\u00e9sio","url":"https:\/\/blogdofarnesio.com.br\/","logo":{"@type":"ImageObject","inLanguage":"pt-BR","@id":"https:\/\/blogdofarnesio.com.br\/#\/schema\/logo\/image\/","url":"https:\/\/blogdofarnesio.com.br\/wp-content\/uploads\/2026\/03\/cropped-logo_new-1.png","contentUrl":"https:\/\/blogdofarnesio.com.br\/wp-content\/uploads\/2026\/03\/cropped-logo_new-1.png","width":881,"height":685,"caption":"Blog do Farn\u00e9sio"},"image":{"@id":"https:\/\/blogdofarnesio.com.br\/#\/schema\/logo\/image\/"},"sameAs":["https:\/\/www.facebook.com\/BlogQuerSaberPolitica\/"]},{"@type":"Person","@id":"https:\/\/blogdofarnesio.com.br\/#\/schema\/person\/bb9b23ae3ad0609ce8df7b6c9e76824d","name":"Farn\u00e9sio","image":{"@type":"ImageObject","inLanguage":"pt-BR","@id":"https:\/\/secure.gravatar.com\/avatar\/986aa4c61ccdb66f8555bf88fc2a65609d00bcabd4d2d94377a727547345cbca?s=96&d=mm&r=g","url":"https:\/\/secure.gravatar.com\/avatar\/986aa4c61ccdb66f8555bf88fc2a65609d00bcabd4d2d94377a727547345cbca?s=96&d=mm&r=g","contentUrl":"https:\/\/secure.gravatar.com\/avatar\/986aa4c61ccdb66f8555bf88fc2a65609d00bcabd4d2d94377a727547345cbca?s=96&d=mm&r=g","caption":"Farn\u00e9sio"},"description":"Radialista blogueiro, chegou a Petrolina\/Juazeiro em setembro de 1980, Farn\u00e9sio Silva \u00e9 de Arapiraca-Alagoas.","sameAs":["http:\/\/blogdofarnesio.com.br","https:\/\/www.facebook.com\/?ref=tn_tnmn","https:\/\/www.instagram.com\/?utm_source=pwa_homescreen","https:\/\/youtube.com.br\/"],"url":"https:\/\/blogdofarnesio.com.br\/?author=2"}]}},"_links":{"self":[{"href":"https:\/\/blogdofarnesio.com.br\/index.php?rest_route=\/wp\/v2\/posts\/416838","targetHints":{"allow":["GET"]}}],"collection":[{"href":"https:\/\/blogdofarnesio.com.br\/index.php?rest_route=\/wp\/v2\/posts"}],"about":[{"href":"https:\/\/blogdofarnesio.com.br\/index.php?rest_route=\/wp\/v2\/types\/post"}],"author":[{"embeddable":true,"href":"https:\/\/blogdofarnesio.com.br\/index.php?rest_route=\/wp\/v2\/users\/2"}],"replies":[{"embeddable":true,"href":"https:\/\/blogdofarnesio.com.br\/index.php?rest_route=%2Fwp%2Fv2%2Fcomments&post=416838"}],"version-history":[{"count":1,"href":"https:\/\/blogdofarnesio.com.br\/index.php?rest_route=\/wp\/v2\/posts\/416838\/revisions"}],"predecessor-version":[{"id":416840,"href":"https:\/\/blogdofarnesio.com.br\/index.php?rest_route=\/wp\/v2\/posts\/416838\/revisions\/416840"}],"wp:featuredmedia":[{"embeddable":true,"href":"https:\/\/blogdofarnesio.com.br\/index.php?rest_route=\/wp\/v2\/media\/416839"}],"wp:attachment":[{"href":"https:\/\/blogdofarnesio.com.br\/index.php?rest_route=%2Fwp%2Fv2%2Fmedia&parent=416838"}],"wp:term":[{"taxonomy":"category","embeddable":true,"href":"https:\/\/blogdofarnesio.com.br\/index.php?rest_route=%2Fwp%2Fv2%2Fcategories&post=416838"},{"taxonomy":"post_tag","embeddable":true,"href":"https:\/\/blogdofarnesio.com.br\/index.php?rest_route=%2Fwp%2Fv2%2Ftags&post=416838"}],"curies":[{"name":"wp","href":"https:\/\/api.w.org\/{rel}","templated":true}]}}