{"id":416836,"date":"2026-03-11T08:02:28","date_gmt":"2026-03-11T11:02:28","guid":{"rendered":"https:\/\/blogdofarnesio.com.br\/?p=416836"},"modified":"2026-03-10T22:00:13","modified_gmt":"2026-03-11T01:00:13","slug":"pm-tem-100-do-corpo-queimado-apos-explosao-de-botijao-de-gas-dentro-de-residencia-em-paulo-afonso","status":"publish","type":"post","link":"https:\/\/blogdofarnesio.com.br\/?p=416836","title":{"rendered":"PM tem 100% do corpo queimado ap\u00f3s explos\u00e3o de botij\u00e3o de g\u00e1s dentro de resid\u00eancia em Paulo Afonso"},"content":{"rendered":"<div class=\"sc-b4c8ccf3-0 fsXNOt\"><\/div>\n<div class=\"sc-24c322fd-1 laZqPV\">\n<div class=\"sc-24c322fd-2 dQgbLd\">\n<div class=\"imgCredits\">Uma explos\u00e3o provocada por um botij\u00e3o de g\u00e1s deixou um<strong><a href=\"https:\/\/pa4.com.br\/noticias\/explosao-de-botijao-com-gas-em-residencia-deixa-policial-militar-com-100-do-corpo-queimado-em-paulo-afonso\/\" target=\"_blank\" rel=\"noopener\" data-mrf-link=\"https:\/\/pa4.com.br\/noticias\/explosao-de-botijao-com-gas-em-residencia-deixa-policial-militar-com-100-do-corpo-queimado-em-paulo-afonso\/\">\u00a0policial militar gravemente ferido\u00a0<\/a><\/strong>na tarde desta ter\u00e7a-feira (10), no Bairro Tancredo Neves 2, em Paulo Afonso, no norte da Bahia. De acordo com as informa\u00e7\u00f5es, o PM foi identificado como Mois\u00e9s Ramos da Silva, de 52 anos, e teve 100% do corpo atingido pelas chamas.<\/div>\n<\/div>\n<div class=\"sc-24c322fd-3 giHdVV\">\n<p>A Pol\u00edcia Militar da Bahia informou que uma ocorr\u00eancia foi registrada por volta das 13h50, na Rua Osvaldo Cruz. Uma guarni\u00e7\u00e3o do 20\u00ba Batalh\u00e3o foi acionada pelo CICOM para prestar apoio ao Servi\u00e7o de Atendimento M\u00f3vel de Urg\u00eancia (SAMU) ap\u00f3s a informa\u00e7\u00e3o de uma explos\u00e3o em uma resid\u00eancia.<\/p>\n<p>&nbsp;<\/p>\n<p>A reportagem do site PA4, parceiro do Bahia Not\u00edcias, informa que o militar teve 100% do corpo atingido por queimaduras de segundo e terceiro grau, sendo necess\u00e1rio realizar intuba\u00e7\u00e3o e indu\u00e7\u00e3o ao coma na Unidade de Terapia Intensiva (UTI) do Hospital Regional de Paulo Afonso.<\/p>\n<p>&nbsp;<\/p>\n<p>Uma equipe do Corpo de Bombeiros Militar da Bahia tamb\u00e9m esteve no local da ocorr\u00eancia, realizando o rescaldo e a interdi\u00e7\u00e3o da \u00e1rea atingida pela explos\u00e3o.<\/p>\n<p>&nbsp;<\/p>\n<p>Ainda de acordo com a corpora\u00e7\u00e3o, est\u00e3o sendo feitas articula\u00e7\u00f5es para a transfer\u00eancia do policial para uma unidade hospitalar de refer\u00eancia no tratamento de queimados, possivelmente o Hospital Geral do Estado (HGE), em Salvador.<\/p>\n<p>&nbsp;<\/p>\n<p>Policiais militares acompanham a situa\u00e7\u00e3o do colega no hospital e pediram ora\u00e7\u00f5es pela sua recupera\u00e7\u00e3o, destacando a mobiliza\u00e7\u00e3o da corpora\u00e7\u00e3o e de colegas de farda em apoio ao policial ferido.<\/p>\n<\/div>\n<\/div>\n","protected":false},"excerpt":{"rendered":"<p>Uma explos\u00e3o provocada por um botij\u00e3o de g\u00e1s deixou um\u00a0policial militar gravemente ferido\u00a0na tarde desta ter\u00e7a-feira (10), no Bairro Tancredo Neves 2, em Paulo Afonso, no norte da Bahia. De acordo com as informa\u00e7\u00f5es, o PM foi identificado como Mois\u00e9s Ramos da Silva, de 52 anos, e teve 100% do corpo atingido pelas chamas. A Pol\u00edcia Militar da Bahia informou que uma ocorr\u00eancia foi registrada por volta das 13h50, na Rua Osvaldo Cruz. Uma guarni\u00e7\u00e3o do 20\u00ba Batalh\u00e3o foi acionada pelo CICOM para prestar apoio ao Servi\u00e7o de Atendimento M\u00f3vel de Urg\u00eancia (SAMU) ap\u00f3s a informa\u00e7\u00e3o de uma explos\u00e3o em uma resid\u00eancia. &nbsp; A reportagem do site PA4, parceiro do Bahia Not\u00edcias, informa que o militar teve 100% do corpo&hellip; <\/p>\n","protected":false},"author":2,"featured_media":219340,"comment_status":"open","ping_status":"open","sticky":false,"template":"","format":"standard","meta":{"_acf_changed":false,"footnotes":""},"categories":[27],"tags":[],"class_list":["post-416836","post","type-post","status-publish","format-standard","has-post-thumbnail","hentry","category-cidades"],"acf":[],"yoast_head":"<!-- This site is optimized with the Yoast SEO plugin v27.4 - https:\/\/yoast.com\/product\/yoast-seo-wordpress\/ -->\n<title>PM tem 100% do corpo queimado ap\u00f3s explos\u00e3o de botij\u00e3o de g\u00e1s dentro de resid\u00eancia em Paulo Afonso - Blog do Farn\u00e9sio<\/title>\n<meta name=\"robots\" content=\"index, follow, max-snippet:-1, max-image-preview:large, max-video-preview:-1\" \/>\n<link rel=\"canonical\" href=\"https:\/\/blogdofarnesio.com.br\/?p=416836\" \/>\n<meta property=\"og:locale\" content=\"pt_BR\" \/>\n<meta property=\"og:type\" content=\"article\" \/>\n<meta property=\"og:title\" content=\"PM tem 100% do corpo queimado ap\u00f3s explos\u00e3o de botij\u00e3o de g\u00e1s dentro de resid\u00eancia em Paulo Afonso - Blog do Farn\u00e9sio\" \/>\n<meta property=\"og:description\" content=\"Uma explos\u00e3o provocada por um botij\u00e3o de g\u00e1s deixou um\u00a0policial militar gravemente ferido\u00a0na tarde desta ter\u00e7a-feira (10), no Bairro Tancredo Neves 2, em Paulo Afonso, no norte da Bahia. De acordo com as informa\u00e7\u00f5es, o PM foi identificado como Mois\u00e9s Ramos da Silva, de 52 anos, e teve 100% do corpo atingido pelas chamas. A Pol\u00edcia Militar da Bahia informou que uma ocorr\u00eancia foi registrada por volta das 13h50, na Rua Osvaldo Cruz. Uma guarni\u00e7\u00e3o do 20\u00ba Batalh\u00e3o foi acionada pelo CICOM para prestar apoio ao Servi\u00e7o de Atendimento M\u00f3vel de Urg\u00eancia (SAMU) ap\u00f3s a informa\u00e7\u00e3o de uma explos\u00e3o em uma resid\u00eancia. &nbsp; A reportagem do site PA4, parceiro do Bahia Not\u00edcias, informa que o militar teve 100% do corpo&hellip;\" \/>\n<meta property=\"og:url\" content=\"https:\/\/blogdofarnesio.com.br\/?p=416836\" \/>\n<meta property=\"og:site_name\" content=\"Blog do Farn\u00e9sio\" \/>\n<meta property=\"article:publisher\" content=\"https:\/\/www.facebook.com\/BlogQuerSaberPolitica\/\" \/>\n<meta property=\"article:author\" content=\"https:\/\/www.facebook.com\/?ref=tn_tnmn\" \/>\n<meta property=\"article:published_time\" content=\"2026-03-11T11:02:28+00:00\" \/>\n<meta property=\"og:image\" content=\"https:\/\/blogdofarnesio.com.br\/wp-content\/uploads\/2019\/01\/blogqsppauloafonsoHospital-Nair-Alves-de-Souza.jpg\" \/>\n\t<meta property=\"og:image:width\" content=\"640\" \/>\n\t<meta property=\"og:image:height\" content=\"362\" \/>\n\t<meta property=\"og:image:type\" content=\"image\/jpeg\" \/>\n<meta name=\"author\" content=\"Farn\u00e9sio\" \/>\n<meta name=\"twitter:card\" content=\"summary_large_image\" \/>\n<meta name=\"twitter:label1\" content=\"Escrito por\" \/>\n\t<meta name=\"twitter:data1\" content=\"Farn\u00e9sio\" \/>\n\t<meta name=\"twitter:label2\" content=\"Est. tempo de leitura\" \/>\n\t<meta name=\"twitter:data2\" content=\"2 minutos\" \/>\n<script type=\"application\/ld+json\" class=\"yoast-schema-graph\">{\"@context\":\"https:\\\/\\\/schema.org\",\"@graph\":[{\"@type\":\"Article\",\"@id\":\"https:\\\/\\\/blogdofarnesio.com.br\\\/?p=416836#article\",\"isPartOf\":{\"@id\":\"https:\\\/\\\/blogdofarnesio.com.br\\\/?p=416836\"},\"author\":{\"name\":\"Farn\u00e9sio\",\"@id\":\"https:\\\/\\\/blogdofarnesio.com.br\\\/#\\\/schema\\\/person\\\/bb9b23ae3ad0609ce8df7b6c9e76824d\"},\"headline\":\"PM tem 100% do corpo queimado ap\u00f3s explos\u00e3o de botij\u00e3o de g\u00e1s dentro de resid\u00eancia em Paulo Afonso\",\"datePublished\":\"2026-03-11T11:02:28+00:00\",\"mainEntityOfPage\":{\"@id\":\"https:\\\/\\\/blogdofarnesio.com.br\\\/?p=416836\"},\"wordCount\":294,\"commentCount\":0,\"publisher\":{\"@id\":\"https:\\\/\\\/blogdofarnesio.com.br\\\/#organization\"},\"image\":{\"@id\":\"https:\\\/\\\/blogdofarnesio.com.br\\\/?p=416836#primaryimage\"},\"thumbnailUrl\":\"https:\\\/\\\/blogdofarnesio.com.br\\\/wp-content\\\/uploads\\\/2019\\\/01\\\/blogqsppauloafonsoHospital-Nair-Alves-de-Souza.jpg\",\"articleSection\":[\"Cidades\"],\"inLanguage\":\"pt-BR\",\"potentialAction\":[{\"@type\":\"CommentAction\",\"name\":\"Comment\",\"target\":[\"https:\\\/\\\/blogdofarnesio.com.br\\\/?p=416836#respond\"]}]},{\"@type\":\"WebPage\",\"@id\":\"https:\\\/\\\/blogdofarnesio.com.br\\\/?p=416836\",\"url\":\"https:\\\/\\\/blogdofarnesio.com.br\\\/?p=416836\",\"name\":\"PM tem 100% do corpo queimado ap\u00f3s explos\u00e3o de botij\u00e3o de g\u00e1s dentro de resid\u00eancia em Paulo Afonso - Blog do Farn\u00e9sio\",\"isPartOf\":{\"@id\":\"https:\\\/\\\/blogdofarnesio.com.br\\\/#website\"},\"primaryImageOfPage\":{\"@id\":\"https:\\\/\\\/blogdofarnesio.com.br\\\/?p=416836#primaryimage\"},\"image\":{\"@id\":\"https:\\\/\\\/blogdofarnesio.com.br\\\/?p=416836#primaryimage\"},\"thumbnailUrl\":\"https:\\\/\\\/blogdofarnesio.com.br\\\/wp-content\\\/uploads\\\/2019\\\/01\\\/blogqsppauloafonsoHospital-Nair-Alves-de-Souza.jpg\",\"datePublished\":\"2026-03-11T11:02:28+00:00\",\"breadcrumb\":{\"@id\":\"https:\\\/\\\/blogdofarnesio.com.br\\\/?p=416836#breadcrumb\"},\"inLanguage\":\"pt-BR\",\"potentialAction\":[{\"@type\":\"ReadAction\",\"target\":[\"https:\\\/\\\/blogdofarnesio.com.br\\\/?p=416836\"]}]},{\"@type\":\"ImageObject\",\"inLanguage\":\"pt-BR\",\"@id\":\"https:\\\/\\\/blogdofarnesio.com.br\\\/?p=416836#primaryimage\",\"url\":\"https:\\\/\\\/blogdofarnesio.com.br\\\/wp-content\\\/uploads\\\/2019\\\/01\\\/blogqsppauloafonsoHospital-Nair-Alves-de-Souza.jpg\",\"contentUrl\":\"https:\\\/\\\/blogdofarnesio.com.br\\\/wp-content\\\/uploads\\\/2019\\\/01\\\/blogqsppauloafonsoHospital-Nair-Alves-de-Souza.jpg\",\"width\":640,\"height\":362},{\"@type\":\"BreadcrumbList\",\"@id\":\"https:\\\/\\\/blogdofarnesio.com.br\\\/?p=416836#breadcrumb\",\"itemListElement\":[{\"@type\":\"ListItem\",\"position\":1,\"name\":\"In\u00edcio\",\"item\":\"https:\\\/\\\/blogdofarnesio.com.br\\\/\"},{\"@type\":\"ListItem\",\"position\":2,\"name\":\"PM tem 100% do corpo queimado ap\u00f3s explos\u00e3o de botij\u00e3o de g\u00e1s dentro de resid\u00eancia em Paulo Afonso\"}]},{\"@type\":\"WebSite\",\"@id\":\"https:\\\/\\\/blogdofarnesio.com.br\\\/#website\",\"url\":\"https:\\\/\\\/blogdofarnesio.com.br\\\/\",\"name\":\"Blog do Farn\u00e9sio\",\"description\":\"Quer Saber Pol\u00edtica?\",\"publisher\":{\"@id\":\"https:\\\/\\\/blogdofarnesio.com.br\\\/#organization\"},\"potentialAction\":[{\"@type\":\"SearchAction\",\"target\":{\"@type\":\"EntryPoint\",\"urlTemplate\":\"https:\\\/\\\/blogdofarnesio.com.br\\\/?s={search_term_string}\"},\"query-input\":{\"@type\":\"PropertyValueSpecification\",\"valueRequired\":true,\"valueName\":\"search_term_string\"}}],\"inLanguage\":\"pt-BR\"},{\"@type\":\"Organization\",\"@id\":\"https:\\\/\\\/blogdofarnesio.com.br\\\/#organization\",\"name\":\"Blog do Farn\u00e9sio\",\"url\":\"https:\\\/\\\/blogdofarnesio.com.br\\\/\",\"logo\":{\"@type\":\"ImageObject\",\"inLanguage\":\"pt-BR\",\"@id\":\"https:\\\/\\\/blogdofarnesio.com.br\\\/#\\\/schema\\\/logo\\\/image\\\/\",\"url\":\"https:\\\/\\\/blogdofarnesio.com.br\\\/wp-content\\\/uploads\\\/2026\\\/03\\\/cropped-logo_new-1.png\",\"contentUrl\":\"https:\\\/\\\/blogdofarnesio.com.br\\\/wp-content\\\/uploads\\\/2026\\\/03\\\/cropped-logo_new-1.png\",\"width\":881,\"height\":685,\"caption\":\"Blog do Farn\u00e9sio\"},\"image\":{\"@id\":\"https:\\\/\\\/blogdofarnesio.com.br\\\/#\\\/schema\\\/logo\\\/image\\\/\"},\"sameAs\":[\"https:\\\/\\\/www.facebook.com\\\/BlogQuerSaberPolitica\\\/\"]},{\"@type\":\"Person\",\"@id\":\"https:\\\/\\\/blogdofarnesio.com.br\\\/#\\\/schema\\\/person\\\/bb9b23ae3ad0609ce8df7b6c9e76824d\",\"name\":\"Farn\u00e9sio\",\"image\":{\"@type\":\"ImageObject\",\"inLanguage\":\"pt-BR\",\"@id\":\"https:\\\/\\\/secure.gravatar.com\\\/avatar\\\/986aa4c61ccdb66f8555bf88fc2a65609d00bcabd4d2d94377a727547345cbca?s=96&d=mm&r=g\",\"url\":\"https:\\\/\\\/secure.gravatar.com\\\/avatar\\\/986aa4c61ccdb66f8555bf88fc2a65609d00bcabd4d2d94377a727547345cbca?s=96&d=mm&r=g\",\"contentUrl\":\"https:\\\/\\\/secure.gravatar.com\\\/avatar\\\/986aa4c61ccdb66f8555bf88fc2a65609d00bcabd4d2d94377a727547345cbca?s=96&d=mm&r=g\",\"caption\":\"Farn\u00e9sio\"},\"description\":\"Radialista blogueiro, chegou a Petrolina\\\/Juazeiro em setembro de 1980, Farn\u00e9sio Silva \u00e9 de Arapiraca-Alagoas.\",\"sameAs\":[\"http:\\\/\\\/blogdofarnesio.com.br\",\"https:\\\/\\\/www.facebook.com\\\/?ref=tn_tnmn\",\"https:\\\/\\\/www.instagram.com\\\/?utm_source=pwa_homescreen\",\"https:\\\/\\\/youtube.com.br\\\/\"],\"url\":\"https:\\\/\\\/blogdofarnesio.com.br\\\/?author=2\"}]}<\/script>\n<!-- \/ Yoast SEO plugin. -->","yoast_head_json":{"title":"PM tem 100% do corpo queimado ap\u00f3s explos\u00e3o de botij\u00e3o de g\u00e1s dentro de resid\u00eancia em Paulo Afonso - Blog do Farn\u00e9sio","robots":{"index":"index","follow":"follow","max-snippet":"max-snippet:-1","max-image-preview":"max-image-preview:large","max-video-preview":"max-video-preview:-1"},"canonical":"https:\/\/blogdofarnesio.com.br\/?p=416836","og_locale":"pt_BR","og_type":"article","og_title":"PM tem 100% do corpo queimado ap\u00f3s explos\u00e3o de botij\u00e3o de g\u00e1s dentro de resid\u00eancia em Paulo Afonso - Blog do Farn\u00e9sio","og_description":"Uma explos\u00e3o provocada por um botij\u00e3o de g\u00e1s deixou um\u00a0policial militar gravemente ferido\u00a0na tarde desta ter\u00e7a-feira (10), no Bairro Tancredo Neves 2, em Paulo Afonso, no norte da Bahia. De acordo com as informa\u00e7\u00f5es, o PM foi identificado como Mois\u00e9s Ramos da Silva, de 52 anos, e teve 100% do corpo atingido pelas chamas. A Pol\u00edcia Militar da Bahia informou que uma ocorr\u00eancia foi registrada por volta das 13h50, na Rua Osvaldo Cruz. Uma guarni\u00e7\u00e3o do 20\u00ba Batalh\u00e3o foi acionada pelo CICOM para prestar apoio ao Servi\u00e7o de Atendimento M\u00f3vel de Urg\u00eancia (SAMU) ap\u00f3s a informa\u00e7\u00e3o de uma explos\u00e3o em uma resid\u00eancia. &nbsp; A reportagem do site PA4, parceiro do Bahia Not\u00edcias, informa que o militar teve 100% do corpo&hellip;","og_url":"https:\/\/blogdofarnesio.com.br\/?p=416836","og_site_name":"Blog do Farn\u00e9sio","article_publisher":"https:\/\/www.facebook.com\/BlogQuerSaberPolitica\/","article_author":"https:\/\/www.facebook.com\/?ref=tn_tnmn","article_published_time":"2026-03-11T11:02:28+00:00","og_image":[{"width":640,"height":362,"url":"https:\/\/blogdofarnesio.com.br\/wp-content\/uploads\/2019\/01\/blogqsppauloafonsoHospital-Nair-Alves-de-Souza.jpg","type":"image\/jpeg"}],"author":"Farn\u00e9sio","twitter_card":"summary_large_image","twitter_misc":{"Escrito por":"Farn\u00e9sio","Est. tempo de leitura":"2 minutos"},"schema":{"@context":"https:\/\/schema.org","@graph":[{"@type":"Article","@id":"https:\/\/blogdofarnesio.com.br\/?p=416836#article","isPartOf":{"@id":"https:\/\/blogdofarnesio.com.br\/?p=416836"},"author":{"name":"Farn\u00e9sio","@id":"https:\/\/blogdofarnesio.com.br\/#\/schema\/person\/bb9b23ae3ad0609ce8df7b6c9e76824d"},"headline":"PM tem 100% do corpo queimado ap\u00f3s explos\u00e3o de botij\u00e3o de g\u00e1s dentro de resid\u00eancia em Paulo Afonso","datePublished":"2026-03-11T11:02:28+00:00","mainEntityOfPage":{"@id":"https:\/\/blogdofarnesio.com.br\/?p=416836"},"wordCount":294,"commentCount":0,"publisher":{"@id":"https:\/\/blogdofarnesio.com.br\/#organization"},"image":{"@id":"https:\/\/blogdofarnesio.com.br\/?p=416836#primaryimage"},"thumbnailUrl":"https:\/\/blogdofarnesio.com.br\/wp-content\/uploads\/2019\/01\/blogqsppauloafonsoHospital-Nair-Alves-de-Souza.jpg","articleSection":["Cidades"],"inLanguage":"pt-BR","potentialAction":[{"@type":"CommentAction","name":"Comment","target":["https:\/\/blogdofarnesio.com.br\/?p=416836#respond"]}]},{"@type":"WebPage","@id":"https:\/\/blogdofarnesio.com.br\/?p=416836","url":"https:\/\/blogdofarnesio.com.br\/?p=416836","name":"PM tem 100% do corpo queimado ap\u00f3s explos\u00e3o de botij\u00e3o de g\u00e1s dentro de resid\u00eancia em Paulo Afonso - Blog do Farn\u00e9sio","isPartOf":{"@id":"https:\/\/blogdofarnesio.com.br\/#website"},"primaryImageOfPage":{"@id":"https:\/\/blogdofarnesio.com.br\/?p=416836#primaryimage"},"image":{"@id":"https:\/\/blogdofarnesio.com.br\/?p=416836#primaryimage"},"thumbnailUrl":"https:\/\/blogdofarnesio.com.br\/wp-content\/uploads\/2019\/01\/blogqsppauloafonsoHospital-Nair-Alves-de-Souza.jpg","datePublished":"2026-03-11T11:02:28+00:00","breadcrumb":{"@id":"https:\/\/blogdofarnesio.com.br\/?p=416836#breadcrumb"},"inLanguage":"pt-BR","potentialAction":[{"@type":"ReadAction","target":["https:\/\/blogdofarnesio.com.br\/?p=416836"]}]},{"@type":"ImageObject","inLanguage":"pt-BR","@id":"https:\/\/blogdofarnesio.com.br\/?p=416836#primaryimage","url":"https:\/\/blogdofarnesio.com.br\/wp-content\/uploads\/2019\/01\/blogqsppauloafonsoHospital-Nair-Alves-de-Souza.jpg","contentUrl":"https:\/\/blogdofarnesio.com.br\/wp-content\/uploads\/2019\/01\/blogqsppauloafonsoHospital-Nair-Alves-de-Souza.jpg","width":640,"height":362},{"@type":"BreadcrumbList","@id":"https:\/\/blogdofarnesio.com.br\/?p=416836#breadcrumb","itemListElement":[{"@type":"ListItem","position":1,"name":"In\u00edcio","item":"https:\/\/blogdofarnesio.com.br\/"},{"@type":"ListItem","position":2,"name":"PM tem 100% do corpo queimado ap\u00f3s explos\u00e3o de botij\u00e3o de g\u00e1s dentro de resid\u00eancia em Paulo Afonso"}]},{"@type":"WebSite","@id":"https:\/\/blogdofarnesio.com.br\/#website","url":"https:\/\/blogdofarnesio.com.br\/","name":"Blog do Farn\u00e9sio","description":"Quer Saber Pol\u00edtica?","publisher":{"@id":"https:\/\/blogdofarnesio.com.br\/#organization"},"potentialAction":[{"@type":"SearchAction","target":{"@type":"EntryPoint","urlTemplate":"https:\/\/blogdofarnesio.com.br\/?s={search_term_string}"},"query-input":{"@type":"PropertyValueSpecification","valueRequired":true,"valueName":"search_term_string"}}],"inLanguage":"pt-BR"},{"@type":"Organization","@id":"https:\/\/blogdofarnesio.com.br\/#organization","name":"Blog do Farn\u00e9sio","url":"https:\/\/blogdofarnesio.com.br\/","logo":{"@type":"ImageObject","inLanguage":"pt-BR","@id":"https:\/\/blogdofarnesio.com.br\/#\/schema\/logo\/image\/","url":"https:\/\/blogdofarnesio.com.br\/wp-content\/uploads\/2026\/03\/cropped-logo_new-1.png","contentUrl":"https:\/\/blogdofarnesio.com.br\/wp-content\/uploads\/2026\/03\/cropped-logo_new-1.png","width":881,"height":685,"caption":"Blog do Farn\u00e9sio"},"image":{"@id":"https:\/\/blogdofarnesio.com.br\/#\/schema\/logo\/image\/"},"sameAs":["https:\/\/www.facebook.com\/BlogQuerSaberPolitica\/"]},{"@type":"Person","@id":"https:\/\/blogdofarnesio.com.br\/#\/schema\/person\/bb9b23ae3ad0609ce8df7b6c9e76824d","name":"Farn\u00e9sio","image":{"@type":"ImageObject","inLanguage":"pt-BR","@id":"https:\/\/secure.gravatar.com\/avatar\/986aa4c61ccdb66f8555bf88fc2a65609d00bcabd4d2d94377a727547345cbca?s=96&d=mm&r=g","url":"https:\/\/secure.gravatar.com\/avatar\/986aa4c61ccdb66f8555bf88fc2a65609d00bcabd4d2d94377a727547345cbca?s=96&d=mm&r=g","contentUrl":"https:\/\/secure.gravatar.com\/avatar\/986aa4c61ccdb66f8555bf88fc2a65609d00bcabd4d2d94377a727547345cbca?s=96&d=mm&r=g","caption":"Farn\u00e9sio"},"description":"Radialista blogueiro, chegou a Petrolina\/Juazeiro em setembro de 1980, Farn\u00e9sio Silva \u00e9 de Arapiraca-Alagoas.","sameAs":["http:\/\/blogdofarnesio.com.br","https:\/\/www.facebook.com\/?ref=tn_tnmn","https:\/\/www.instagram.com\/?utm_source=pwa_homescreen","https:\/\/youtube.com.br\/"],"url":"https:\/\/blogdofarnesio.com.br\/?author=2"}]}},"_links":{"self":[{"href":"https:\/\/blogdofarnesio.com.br\/index.php?rest_route=\/wp\/v2\/posts\/416836","targetHints":{"allow":["GET"]}}],"collection":[{"href":"https:\/\/blogdofarnesio.com.br\/index.php?rest_route=\/wp\/v2\/posts"}],"about":[{"href":"https:\/\/blogdofarnesio.com.br\/index.php?rest_route=\/wp\/v2\/types\/post"}],"author":[{"embeddable":true,"href":"https:\/\/blogdofarnesio.com.br\/index.php?rest_route=\/wp\/v2\/users\/2"}],"replies":[{"embeddable":true,"href":"https:\/\/blogdofarnesio.com.br\/index.php?rest_route=%2Fwp%2Fv2%2Fcomments&post=416836"}],"version-history":[{"count":1,"href":"https:\/\/blogdofarnesio.com.br\/index.php?rest_route=\/wp\/v2\/posts\/416836\/revisions"}],"predecessor-version":[{"id":416837,"href":"https:\/\/blogdofarnesio.com.br\/index.php?rest_route=\/wp\/v2\/posts\/416836\/revisions\/416837"}],"wp:featuredmedia":[{"embeddable":true,"href":"https:\/\/blogdofarnesio.com.br\/index.php?rest_route=\/wp\/v2\/media\/219340"}],"wp:attachment":[{"href":"https:\/\/blogdofarnesio.com.br\/index.php?rest_route=%2Fwp%2Fv2%2Fmedia&parent=416836"}],"wp:term":[{"taxonomy":"category","embeddable":true,"href":"https:\/\/blogdofarnesio.com.br\/index.php?rest_route=%2Fwp%2Fv2%2Fcategories&post=416836"},{"taxonomy":"post_tag","embeddable":true,"href":"https:\/\/blogdofarnesio.com.br\/index.php?rest_route=%2Fwp%2Fv2%2Ftags&post=416836"}],"curies":[{"name":"wp","href":"https:\/\/api.w.org\/{rel}","templated":true}]}}