{"id":416834,"date":"2026-03-11T09:22:49","date_gmt":"2026-03-11T12:22:49","guid":{"rendered":"https:\/\/blogdofarnesio.com.br\/?p=416834"},"modified":"2026-03-10T21:50:27","modified_gmt":"2026-03-11T00:50:27","slug":"solo-mais-saudavel-uvas-mais-produtivas-no-semiarido-nordestino","status":"publish","type":"post","link":"https:\/\/blogdofarnesio.com.br\/?p=416834","title":{"rendered":"Solo mais saud\u00e1vel, uvas mais produtivas no semi\u00e1rido nordestino"},"content":{"rendered":"<p style=\"font-weight: 400;\"><em>Resultados obtidos em Petrolina mostram como o uso de bioinsumos fortalecem a viticultura<\/em><em>\u00a0<\/em><\/p>\n<p style=\"font-weight: 400;\">O Vale do S\u00e3o Francisco, no semi\u00e1rido nordestino, consolidou-se como um dos principais polos de viticultura do Brasil. Em uma regi\u00e3o marcada por altas temperaturas e baixa pluviosidade, a combina\u00e7\u00e3o entre tecnologia e manejo eficiente permite a produ\u00e7\u00e3o de uvas de mesa de alta qualidade, projetando o Brasil rumo ao mercado internacional.<\/p>\n<p style=\"font-weight: 400;\">\n<p style=\"font-weight: 400;\">Yuri Daniel, Coordenador de Desenvolvimento de Mercado da Korin Agricultura e Meio Ambiente, explica que as videiras s\u00e3o estruturadas em sistema de parreiras, a cerca de 1,80 metro do solo, favorecendo a aera\u00e7\u00e3o, luminosidade e manejo. \u201cNesse modelo produtivo, o equil\u00edbrio da planta depende diretamente da qualidade do solo, n\u00e3o apenas em seus aspectos f\u00edsicos e qu\u00edmicos, mas, sobretudo, biol\u00f3gicos. A vitalidade microbiol\u00f3gica \u00e9 determinante para a sanidade das plantas, o desenvolvimento radicular e o enchimento uniforme dos cachos\u201d.<\/p>\n<p style=\"font-weight: 400;\">\n<p style=\"font-weight: 400;\">Focando na sa\u00fade do solo, Petrolina (PE) foi palco de um estudo de campo com insumo biol\u00f3gico. O objetivo foi avaliar os impactos da tecnologia nas condi\u00e7\u00f5es do solo e na produtividade das videiras.<\/p>\n<p style=\"font-weight: 400;\">\n<p style=\"font-weight: 400;\">Os resultados evidenciaram avan\u00e7os consistentes. \u201cAp\u00f3s a aplica\u00e7\u00e3o, o teor da mat\u00e9ria org\u00e2nica do solo aumentou mais de 30%. Tamb\u00e9m foi observada maior atividade biol\u00f3gica e incremento no desenvolvimento radicular, com presen\u00e7a mais intensa de ra\u00edzes novas nos primeiros 10 cent\u00edmetros do solo, regi\u00e3o estrat\u00e9gica para absor\u00e7\u00e3o de \u00e1gua e nutrientes\u201d, destaca Yuri.<\/p>\n<p style=\"font-weight: 400;\">\n<p style=\"font-weight: 400;\">A melhoria do ambiente do solo refletiu-se diretamente em desempenho produtivo. Com aplica\u00e7\u00e3o semanal, o peso m\u00e9dio dos cachos teve incremento de mais de 20%. \u201cO ganho indica n\u00e3o apenas maior produtividade, mas tamb\u00e9m aumento da rentabilidade, fator decisivo em uma cultura altamente tecnificada e orientada \u00e0 exporta\u00e7\u00e3o\u201d, completa Yuri.<\/p>\n<p style=\"font-weight: 400;\">\n<p style=\"font-weight: 400;\">Os dados refor\u00e7am que o uso de biol\u00f3gicos vai al\u00e9m da substitui\u00e7\u00e3o de insumos convencionais. Trata-se de uma estrat\u00e9gia para ter solos mais equilibrados e resilientes, capazes de sustentar ciclos produtivos intensivos com maior estabilidade e retorno econ\u00f4mico.<\/p>\n<p style=\"font-weight: 400;\">\n<p style=\"font-weight: 400;\">Em um cen\u00e1rio de crescente exig\u00eancia por qualidade, sustentabilidade e efici\u00eancia produtiva, o estudo conduzido no Vale do S\u00e3o Francisco demonstra que investir na sa\u00fade do solo \u00e9 um diferencial competitivo para a viticultura no semi\u00e1rido brasileiro.<\/p>\n<p>Lucas Lim\u00e3o<\/p>\n","protected":false},"excerpt":{"rendered":"<p>Resultados obtidos em Petrolina mostram como o uso de bioinsumos fortalecem a viticultura\u00a0 O Vale do S\u00e3o Francisco, no semi\u00e1rido nordestino, consolidou-se como um dos principais polos de viticultura do Brasil. Em uma regi\u00e3o marcada por altas temperaturas e baixa pluviosidade, a combina\u00e7\u00e3o entre tecnologia e manejo eficiente permite a produ\u00e7\u00e3o de uvas de mesa de alta qualidade, projetando o Brasil rumo ao mercado internacional. Yuri Daniel, Coordenador de Desenvolvimento de Mercado da Korin Agricultura e Meio Ambiente, explica que as videiras s\u00e3o estruturadas em sistema de parreiras, a cerca de 1,80 metro do solo, favorecendo a aera\u00e7\u00e3o, luminosidade e manejo. \u201cNesse modelo produtivo, o equil\u00edbrio da planta depende diretamente da qualidade do solo, n\u00e3o apenas em seus aspectos f\u00edsicos&hellip; <\/p>\n","protected":false},"author":2,"featured_media":96125,"comment_status":"open","ping_status":"open","sticky":false,"template":"","format":"standard","meta":{"_acf_changed":false,"footnotes":""},"categories":[13],"tags":[],"class_list":["post-416834","post","type-post","status-publish","format-standard","has-post-thumbnail","hentry","category-fruticultura"],"acf":[],"yoast_head":"<!-- This site is optimized with the Yoast SEO plugin v27.4 - https:\/\/yoast.com\/product\/yoast-seo-wordpress\/ -->\n<title>Solo mais saud\u00e1vel, uvas mais produtivas no semi\u00e1rido nordestino - Blog do Farn\u00e9sio<\/title>\n<meta name=\"robots\" content=\"index, follow, max-snippet:-1, max-image-preview:large, max-video-preview:-1\" \/>\n<link rel=\"canonical\" href=\"https:\/\/blogdofarnesio.com.br\/?p=416834\" \/>\n<meta property=\"og:locale\" content=\"pt_BR\" \/>\n<meta property=\"og:type\" content=\"article\" \/>\n<meta property=\"og:title\" content=\"Solo mais saud\u00e1vel, uvas mais produtivas no semi\u00e1rido nordestino - Blog do Farn\u00e9sio\" \/>\n<meta property=\"og:description\" content=\"Resultados obtidos em Petrolina mostram como o uso de bioinsumos fortalecem a viticultura\u00a0 O Vale do S\u00e3o Francisco, no semi\u00e1rido nordestino, consolidou-se como um dos principais polos de viticultura do Brasil. Em uma regi\u00e3o marcada por altas temperaturas e baixa pluviosidade, a combina\u00e7\u00e3o entre tecnologia e manejo eficiente permite a produ\u00e7\u00e3o de uvas de mesa de alta qualidade, projetando o Brasil rumo ao mercado internacional. Yuri Daniel, Coordenador de Desenvolvimento de Mercado da Korin Agricultura e Meio Ambiente, explica que as videiras s\u00e3o estruturadas em sistema de parreiras, a cerca de 1,80 metro do solo, favorecendo a aera\u00e7\u00e3o, luminosidade e manejo. \u201cNesse modelo produtivo, o equil\u00edbrio da planta depende diretamente da qualidade do solo, n\u00e3o apenas em seus aspectos f\u00edsicos&hellip;\" \/>\n<meta property=\"og:url\" content=\"https:\/\/blogdofarnesio.com.br\/?p=416834\" \/>\n<meta property=\"og:site_name\" content=\"Blog do Farn\u00e9sio\" \/>\n<meta property=\"article:publisher\" content=\"https:\/\/www.facebook.com\/BlogQuerSaberPolitica\/\" \/>\n<meta property=\"article:author\" content=\"https:\/\/www.facebook.com\/?ref=tn_tnmn\" \/>\n<meta property=\"article:published_time\" content=\"2026-03-11T12:22:49+00:00\" \/>\n<meta property=\"og:image\" content=\"https:\/\/blogdofarnesio.com.br\/wp-content\/uploads\/2014\/08\/unnamed288.jpg\" \/>\n\t<meta property=\"og:image:width\" content=\"448\" \/>\n\t<meta property=\"og:image:height\" content=\"298\" \/>\n\t<meta property=\"og:image:type\" content=\"image\/jpeg\" \/>\n<meta name=\"author\" content=\"Farn\u00e9sio\" \/>\n<meta name=\"twitter:card\" content=\"summary_large_image\" \/>\n<meta name=\"twitter:label1\" content=\"Escrito por\" \/>\n\t<meta name=\"twitter:data1\" content=\"Farn\u00e9sio\" \/>\n\t<meta name=\"twitter:label2\" content=\"Est. tempo de leitura\" \/>\n\t<meta name=\"twitter:data2\" content=\"3 minutos\" \/>\n<script type=\"application\/ld+json\" class=\"yoast-schema-graph\">{\"@context\":\"https:\\\/\\\/schema.org\",\"@graph\":[{\"@type\":\"Article\",\"@id\":\"https:\\\/\\\/blogdofarnesio.com.br\\\/?p=416834#article\",\"isPartOf\":{\"@id\":\"https:\\\/\\\/blogdofarnesio.com.br\\\/?p=416834\"},\"author\":{\"name\":\"Farn\u00e9sio\",\"@id\":\"https:\\\/\\\/blogdofarnesio.com.br\\\/#\\\/schema\\\/person\\\/bb9b23ae3ad0609ce8df7b6c9e76824d\"},\"headline\":\"Solo mais saud\u00e1vel, uvas mais produtivas no semi\u00e1rido nordestino\",\"datePublished\":\"2026-03-11T12:22:49+00:00\",\"mainEntityOfPage\":{\"@id\":\"https:\\\/\\\/blogdofarnesio.com.br\\\/?p=416834\"},\"wordCount\":409,\"commentCount\":0,\"publisher\":{\"@id\":\"https:\\\/\\\/blogdofarnesio.com.br\\\/#organization\"},\"image\":{\"@id\":\"https:\\\/\\\/blogdofarnesio.com.br\\\/?p=416834#primaryimage\"},\"thumbnailUrl\":\"https:\\\/\\\/blogdofarnesio.com.br\\\/wp-content\\\/uploads\\\/2014\\\/08\\\/unnamed288.jpg\",\"articleSection\":[\"Fruticultura\"],\"inLanguage\":\"pt-BR\",\"potentialAction\":[{\"@type\":\"CommentAction\",\"name\":\"Comment\",\"target\":[\"https:\\\/\\\/blogdofarnesio.com.br\\\/?p=416834#respond\"]}]},{\"@type\":\"WebPage\",\"@id\":\"https:\\\/\\\/blogdofarnesio.com.br\\\/?p=416834\",\"url\":\"https:\\\/\\\/blogdofarnesio.com.br\\\/?p=416834\",\"name\":\"Solo mais saud\u00e1vel, uvas mais produtivas no semi\u00e1rido nordestino - Blog do Farn\u00e9sio\",\"isPartOf\":{\"@id\":\"https:\\\/\\\/blogdofarnesio.com.br\\\/#website\"},\"primaryImageOfPage\":{\"@id\":\"https:\\\/\\\/blogdofarnesio.com.br\\\/?p=416834#primaryimage\"},\"image\":{\"@id\":\"https:\\\/\\\/blogdofarnesio.com.br\\\/?p=416834#primaryimage\"},\"thumbnailUrl\":\"https:\\\/\\\/blogdofarnesio.com.br\\\/wp-content\\\/uploads\\\/2014\\\/08\\\/unnamed288.jpg\",\"datePublished\":\"2026-03-11T12:22:49+00:00\",\"breadcrumb\":{\"@id\":\"https:\\\/\\\/blogdofarnesio.com.br\\\/?p=416834#breadcrumb\"},\"inLanguage\":\"pt-BR\",\"potentialAction\":[{\"@type\":\"ReadAction\",\"target\":[\"https:\\\/\\\/blogdofarnesio.com.br\\\/?p=416834\"]}]},{\"@type\":\"ImageObject\",\"inLanguage\":\"pt-BR\",\"@id\":\"https:\\\/\\\/blogdofarnesio.com.br\\\/?p=416834#primaryimage\",\"url\":\"https:\\\/\\\/blogdofarnesio.com.br\\\/wp-content\\\/uploads\\\/2014\\\/08\\\/unnamed288.jpg\",\"contentUrl\":\"https:\\\/\\\/blogdofarnesio.com.br\\\/wp-content\\\/uploads\\\/2014\\\/08\\\/unnamed288.jpg\",\"width\":448,\"height\":298,\"caption\":\"Ilustra\u00e7\u00e3o\"},{\"@type\":\"BreadcrumbList\",\"@id\":\"https:\\\/\\\/blogdofarnesio.com.br\\\/?p=416834#breadcrumb\",\"itemListElement\":[{\"@type\":\"ListItem\",\"position\":1,\"name\":\"In\u00edcio\",\"item\":\"https:\\\/\\\/blogdofarnesio.com.br\\\/\"},{\"@type\":\"ListItem\",\"position\":2,\"name\":\"Solo mais saud\u00e1vel, uvas mais produtivas no semi\u00e1rido nordestino\"}]},{\"@type\":\"WebSite\",\"@id\":\"https:\\\/\\\/blogdofarnesio.com.br\\\/#website\",\"url\":\"https:\\\/\\\/blogdofarnesio.com.br\\\/\",\"name\":\"Blog do Farn\u00e9sio\",\"description\":\"Quer Saber Pol\u00edtica?\",\"publisher\":{\"@id\":\"https:\\\/\\\/blogdofarnesio.com.br\\\/#organization\"},\"potentialAction\":[{\"@type\":\"SearchAction\",\"target\":{\"@type\":\"EntryPoint\",\"urlTemplate\":\"https:\\\/\\\/blogdofarnesio.com.br\\\/?s={search_term_string}\"},\"query-input\":{\"@type\":\"PropertyValueSpecification\",\"valueRequired\":true,\"valueName\":\"search_term_string\"}}],\"inLanguage\":\"pt-BR\"},{\"@type\":\"Organization\",\"@id\":\"https:\\\/\\\/blogdofarnesio.com.br\\\/#organization\",\"name\":\"Blog do Farn\u00e9sio\",\"url\":\"https:\\\/\\\/blogdofarnesio.com.br\\\/\",\"logo\":{\"@type\":\"ImageObject\",\"inLanguage\":\"pt-BR\",\"@id\":\"https:\\\/\\\/blogdofarnesio.com.br\\\/#\\\/schema\\\/logo\\\/image\\\/\",\"url\":\"https:\\\/\\\/blogdofarnesio.com.br\\\/wp-content\\\/uploads\\\/2026\\\/03\\\/cropped-logo_new-1.png\",\"contentUrl\":\"https:\\\/\\\/blogdofarnesio.com.br\\\/wp-content\\\/uploads\\\/2026\\\/03\\\/cropped-logo_new-1.png\",\"width\":881,\"height\":685,\"caption\":\"Blog do Farn\u00e9sio\"},\"image\":{\"@id\":\"https:\\\/\\\/blogdofarnesio.com.br\\\/#\\\/schema\\\/logo\\\/image\\\/\"},\"sameAs\":[\"https:\\\/\\\/www.facebook.com\\\/BlogQuerSaberPolitica\\\/\"]},{\"@type\":\"Person\",\"@id\":\"https:\\\/\\\/blogdofarnesio.com.br\\\/#\\\/schema\\\/person\\\/bb9b23ae3ad0609ce8df7b6c9e76824d\",\"name\":\"Farn\u00e9sio\",\"image\":{\"@type\":\"ImageObject\",\"inLanguage\":\"pt-BR\",\"@id\":\"https:\\\/\\\/secure.gravatar.com\\\/avatar\\\/986aa4c61ccdb66f8555bf88fc2a65609d00bcabd4d2d94377a727547345cbca?s=96&d=mm&r=g\",\"url\":\"https:\\\/\\\/secure.gravatar.com\\\/avatar\\\/986aa4c61ccdb66f8555bf88fc2a65609d00bcabd4d2d94377a727547345cbca?s=96&d=mm&r=g\",\"contentUrl\":\"https:\\\/\\\/secure.gravatar.com\\\/avatar\\\/986aa4c61ccdb66f8555bf88fc2a65609d00bcabd4d2d94377a727547345cbca?s=96&d=mm&r=g\",\"caption\":\"Farn\u00e9sio\"},\"description\":\"Radialista blogueiro, chegou a Petrolina\\\/Juazeiro em setembro de 1980, Farn\u00e9sio Silva \u00e9 de Arapiraca-Alagoas.\",\"sameAs\":[\"http:\\\/\\\/blogdofarnesio.com.br\",\"https:\\\/\\\/www.facebook.com\\\/?ref=tn_tnmn\",\"https:\\\/\\\/www.instagram.com\\\/?utm_source=pwa_homescreen\",\"https:\\\/\\\/youtube.com.br\\\/\"],\"url\":\"https:\\\/\\\/blogdofarnesio.com.br\\\/?author=2\"}]}<\/script>\n<!-- \/ Yoast SEO plugin. -->","yoast_head_json":{"title":"Solo mais saud\u00e1vel, uvas mais produtivas no semi\u00e1rido nordestino - Blog do Farn\u00e9sio","robots":{"index":"index","follow":"follow","max-snippet":"max-snippet:-1","max-image-preview":"max-image-preview:large","max-video-preview":"max-video-preview:-1"},"canonical":"https:\/\/blogdofarnesio.com.br\/?p=416834","og_locale":"pt_BR","og_type":"article","og_title":"Solo mais saud\u00e1vel, uvas mais produtivas no semi\u00e1rido nordestino - Blog do Farn\u00e9sio","og_description":"Resultados obtidos em Petrolina mostram como o uso de bioinsumos fortalecem a viticultura\u00a0 O Vale do S\u00e3o Francisco, no semi\u00e1rido nordestino, consolidou-se como um dos principais polos de viticultura do Brasil. Em uma regi\u00e3o marcada por altas temperaturas e baixa pluviosidade, a combina\u00e7\u00e3o entre tecnologia e manejo eficiente permite a produ\u00e7\u00e3o de uvas de mesa de alta qualidade, projetando o Brasil rumo ao mercado internacional. Yuri Daniel, Coordenador de Desenvolvimento de Mercado da Korin Agricultura e Meio Ambiente, explica que as videiras s\u00e3o estruturadas em sistema de parreiras, a cerca de 1,80 metro do solo, favorecendo a aera\u00e7\u00e3o, luminosidade e manejo. \u201cNesse modelo produtivo, o equil\u00edbrio da planta depende diretamente da qualidade do solo, n\u00e3o apenas em seus aspectos f\u00edsicos&hellip;","og_url":"https:\/\/blogdofarnesio.com.br\/?p=416834","og_site_name":"Blog do Farn\u00e9sio","article_publisher":"https:\/\/www.facebook.com\/BlogQuerSaberPolitica\/","article_author":"https:\/\/www.facebook.com\/?ref=tn_tnmn","article_published_time":"2026-03-11T12:22:49+00:00","og_image":[{"width":448,"height":298,"url":"https:\/\/blogdofarnesio.com.br\/wp-content\/uploads\/2014\/08\/unnamed288.jpg","type":"image\/jpeg"}],"author":"Farn\u00e9sio","twitter_card":"summary_large_image","twitter_misc":{"Escrito por":"Farn\u00e9sio","Est. tempo de leitura":"3 minutos"},"schema":{"@context":"https:\/\/schema.org","@graph":[{"@type":"Article","@id":"https:\/\/blogdofarnesio.com.br\/?p=416834#article","isPartOf":{"@id":"https:\/\/blogdofarnesio.com.br\/?p=416834"},"author":{"name":"Farn\u00e9sio","@id":"https:\/\/blogdofarnesio.com.br\/#\/schema\/person\/bb9b23ae3ad0609ce8df7b6c9e76824d"},"headline":"Solo mais saud\u00e1vel, uvas mais produtivas no semi\u00e1rido nordestino","datePublished":"2026-03-11T12:22:49+00:00","mainEntityOfPage":{"@id":"https:\/\/blogdofarnesio.com.br\/?p=416834"},"wordCount":409,"commentCount":0,"publisher":{"@id":"https:\/\/blogdofarnesio.com.br\/#organization"},"image":{"@id":"https:\/\/blogdofarnesio.com.br\/?p=416834#primaryimage"},"thumbnailUrl":"https:\/\/blogdofarnesio.com.br\/wp-content\/uploads\/2014\/08\/unnamed288.jpg","articleSection":["Fruticultura"],"inLanguage":"pt-BR","potentialAction":[{"@type":"CommentAction","name":"Comment","target":["https:\/\/blogdofarnesio.com.br\/?p=416834#respond"]}]},{"@type":"WebPage","@id":"https:\/\/blogdofarnesio.com.br\/?p=416834","url":"https:\/\/blogdofarnesio.com.br\/?p=416834","name":"Solo mais saud\u00e1vel, uvas mais produtivas no semi\u00e1rido nordestino - Blog do Farn\u00e9sio","isPartOf":{"@id":"https:\/\/blogdofarnesio.com.br\/#website"},"primaryImageOfPage":{"@id":"https:\/\/blogdofarnesio.com.br\/?p=416834#primaryimage"},"image":{"@id":"https:\/\/blogdofarnesio.com.br\/?p=416834#primaryimage"},"thumbnailUrl":"https:\/\/blogdofarnesio.com.br\/wp-content\/uploads\/2014\/08\/unnamed288.jpg","datePublished":"2026-03-11T12:22:49+00:00","breadcrumb":{"@id":"https:\/\/blogdofarnesio.com.br\/?p=416834#breadcrumb"},"inLanguage":"pt-BR","potentialAction":[{"@type":"ReadAction","target":["https:\/\/blogdofarnesio.com.br\/?p=416834"]}]},{"@type":"ImageObject","inLanguage":"pt-BR","@id":"https:\/\/blogdofarnesio.com.br\/?p=416834#primaryimage","url":"https:\/\/blogdofarnesio.com.br\/wp-content\/uploads\/2014\/08\/unnamed288.jpg","contentUrl":"https:\/\/blogdofarnesio.com.br\/wp-content\/uploads\/2014\/08\/unnamed288.jpg","width":448,"height":298,"caption":"Ilustra\u00e7\u00e3o"},{"@type":"BreadcrumbList","@id":"https:\/\/blogdofarnesio.com.br\/?p=416834#breadcrumb","itemListElement":[{"@type":"ListItem","position":1,"name":"In\u00edcio","item":"https:\/\/blogdofarnesio.com.br\/"},{"@type":"ListItem","position":2,"name":"Solo mais saud\u00e1vel, uvas mais produtivas no semi\u00e1rido nordestino"}]},{"@type":"WebSite","@id":"https:\/\/blogdofarnesio.com.br\/#website","url":"https:\/\/blogdofarnesio.com.br\/","name":"Blog do Farn\u00e9sio","description":"Quer Saber Pol\u00edtica?","publisher":{"@id":"https:\/\/blogdofarnesio.com.br\/#organization"},"potentialAction":[{"@type":"SearchAction","target":{"@type":"EntryPoint","urlTemplate":"https:\/\/blogdofarnesio.com.br\/?s={search_term_string}"},"query-input":{"@type":"PropertyValueSpecification","valueRequired":true,"valueName":"search_term_string"}}],"inLanguage":"pt-BR"},{"@type":"Organization","@id":"https:\/\/blogdofarnesio.com.br\/#organization","name":"Blog do Farn\u00e9sio","url":"https:\/\/blogdofarnesio.com.br\/","logo":{"@type":"ImageObject","inLanguage":"pt-BR","@id":"https:\/\/blogdofarnesio.com.br\/#\/schema\/logo\/image\/","url":"https:\/\/blogdofarnesio.com.br\/wp-content\/uploads\/2026\/03\/cropped-logo_new-1.png","contentUrl":"https:\/\/blogdofarnesio.com.br\/wp-content\/uploads\/2026\/03\/cropped-logo_new-1.png","width":881,"height":685,"caption":"Blog do Farn\u00e9sio"},"image":{"@id":"https:\/\/blogdofarnesio.com.br\/#\/schema\/logo\/image\/"},"sameAs":["https:\/\/www.facebook.com\/BlogQuerSaberPolitica\/"]},{"@type":"Person","@id":"https:\/\/blogdofarnesio.com.br\/#\/schema\/person\/bb9b23ae3ad0609ce8df7b6c9e76824d","name":"Farn\u00e9sio","image":{"@type":"ImageObject","inLanguage":"pt-BR","@id":"https:\/\/secure.gravatar.com\/avatar\/986aa4c61ccdb66f8555bf88fc2a65609d00bcabd4d2d94377a727547345cbca?s=96&d=mm&r=g","url":"https:\/\/secure.gravatar.com\/avatar\/986aa4c61ccdb66f8555bf88fc2a65609d00bcabd4d2d94377a727547345cbca?s=96&d=mm&r=g","contentUrl":"https:\/\/secure.gravatar.com\/avatar\/986aa4c61ccdb66f8555bf88fc2a65609d00bcabd4d2d94377a727547345cbca?s=96&d=mm&r=g","caption":"Farn\u00e9sio"},"description":"Radialista blogueiro, chegou a Petrolina\/Juazeiro em setembro de 1980, Farn\u00e9sio Silva \u00e9 de Arapiraca-Alagoas.","sameAs":["http:\/\/blogdofarnesio.com.br","https:\/\/www.facebook.com\/?ref=tn_tnmn","https:\/\/www.instagram.com\/?utm_source=pwa_homescreen","https:\/\/youtube.com.br\/"],"url":"https:\/\/blogdofarnesio.com.br\/?author=2"}]}},"_links":{"self":[{"href":"https:\/\/blogdofarnesio.com.br\/index.php?rest_route=\/wp\/v2\/posts\/416834","targetHints":{"allow":["GET"]}}],"collection":[{"href":"https:\/\/blogdofarnesio.com.br\/index.php?rest_route=\/wp\/v2\/posts"}],"about":[{"href":"https:\/\/blogdofarnesio.com.br\/index.php?rest_route=\/wp\/v2\/types\/post"}],"author":[{"embeddable":true,"href":"https:\/\/blogdofarnesio.com.br\/index.php?rest_route=\/wp\/v2\/users\/2"}],"replies":[{"embeddable":true,"href":"https:\/\/blogdofarnesio.com.br\/index.php?rest_route=%2Fwp%2Fv2%2Fcomments&post=416834"}],"version-history":[{"count":1,"href":"https:\/\/blogdofarnesio.com.br\/index.php?rest_route=\/wp\/v2\/posts\/416834\/revisions"}],"predecessor-version":[{"id":416835,"href":"https:\/\/blogdofarnesio.com.br\/index.php?rest_route=\/wp\/v2\/posts\/416834\/revisions\/416835"}],"wp:featuredmedia":[{"embeddable":true,"href":"https:\/\/blogdofarnesio.com.br\/index.php?rest_route=\/wp\/v2\/media\/96125"}],"wp:attachment":[{"href":"https:\/\/blogdofarnesio.com.br\/index.php?rest_route=%2Fwp%2Fv2%2Fmedia&parent=416834"}],"wp:term":[{"taxonomy":"category","embeddable":true,"href":"https:\/\/blogdofarnesio.com.br\/index.php?rest_route=%2Fwp%2Fv2%2Fcategories&post=416834"},{"taxonomy":"post_tag","embeddable":true,"href":"https:\/\/blogdofarnesio.com.br\/index.php?rest_route=%2Fwp%2Fv2%2Ftags&post=416834"}],"curies":[{"name":"wp","href":"https:\/\/api.w.org\/{rel}","templated":true}]}}