{"id":416801,"date":"2026-03-12T14:22:25","date_gmt":"2026-03-12T17:22:25","guid":{"rendered":"https:\/\/blogdofarnesio.com.br\/?p=416801"},"modified":"2026-03-12T08:34:46","modified_gmt":"2026-03-12T11:34:46","slug":"prefeitura-de-casa-nova-lanca-programa-rota-da-producao-com-missao-voltada-a-caprinovinocultura-em-dormentes-2","status":"publish","type":"post","link":"https:\/\/blogdofarnesio.com.br\/?p=416801","title":{"rendered":"Prefeitura de Casa Nova lan\u00e7a Programa Rota da Produ\u00e7\u00e3o com miss\u00e3o voltada \u00e0 caprinovinocultura em Dormentes"},"content":{"rendered":"<p style=\"font-weight: 400;\">A Prefeitura de Casa Nova, por meio da Secretaria Municipal de Agricultura, Pecu\u00e1ria e Pesca, est\u00e1 implantando o Programa Rota da Produ\u00e7\u00e3o, uma iniciativa que visa fortalecer os produtores rurais do munic\u00edpio por meio de interc\u00e2mbios, capacita\u00e7\u00f5es e troca de experi\u00eancias.<\/p>\n<p style=\"font-weight: 400;\">A primeira grande a\u00e7\u00e3o do programa acontece nesta quinta-feira (12), com a Miss\u00e3o Caprinovinocultura, realizada em parceria com a Associa\u00e7\u00e3o Comercial de Casa Nova, com atividades programadas em Dormentes e visita t\u00e9cnica ao S\u00edtio Pimenta.<\/p>\n<p style=\"font-weight: 400;\">\u201cO Programa Rota da Produ\u00e7\u00e3o \u00e9 uma iniciativa que, em parceria com institui\u00e7\u00f5es e entidades, vai promover interc\u00e2mbios e capacita\u00e7\u00f5es para nossos agricultores e criadores, permitindo conhecer experi\u00eancias de sucesso e novas tecnologias. A ideia \u00e9 fortalecer cada vez mais nossos produtores por meio do acesso a conhecimento, troca de experi\u00eancias e contato com novos mercados\u201d, explica o secret\u00e1rio municipal de Agricultura, Pecu\u00e1ria e Pesca, Jo\u00e3o Honorato.<\/p>\n<p style=\"font-weight: 400;\">Ainda neste m\u00eas de mar\u00e7o, o programa contar\u00e1 com outra a\u00e7\u00e3o estrat\u00e9gica: a Miss\u00e3o Fruticultura \u2013 Fruit Attraction S\u00e3o Paulo, realizada em parceria com o SEBRAE, voltada para ampliar oportunidades de mercado e inova\u00e7\u00e3o na produ\u00e7\u00e3o agr\u00edcola da regi\u00e3o.<\/p>\n<p style=\"font-weight: 400;\"><strong>A programa\u00e7\u00e3o<\/strong><\/p>\n<p style=\"font-weight: 400;\">Da miss\u00e3o dedicada \u00e0 caprinovinocultura inclui visita \u00e0 Feira de Animais de Dormentes, passagem pela sede da Associa\u00e7\u00e3o de Criadores (ASCCOD), visita ao rebanho da SM Dorper e, no per\u00edodo da tarde, uma visita t\u00e9cnica \u00e0 propriedade do produtor Jos\u00e9 Leonardo, no S\u00edtio Pimenta.<\/p>\n<p style=\"font-weight: 400;\">&#8212;<\/p>\n<p style=\"font-weight: 400;\">Texto: Ascom PMCN<\/p>\n","protected":false},"excerpt":{"rendered":"<p>A Prefeitura de Casa Nova, por meio da Secretaria Municipal de Agricultura, Pecu\u00e1ria e Pesca, est\u00e1 implantando o Programa Rota da Produ\u00e7\u00e3o, uma iniciativa que visa fortalecer os produtores rurais do munic\u00edpio por meio de interc\u00e2mbios, capacita\u00e7\u00f5es e troca de experi\u00eancias. A primeira grande a\u00e7\u00e3o do programa acontece nesta quinta-feira (12), com a Miss\u00e3o Caprinovinocultura, realizada em parceria com a Associa\u00e7\u00e3o Comercial de Casa Nova, com atividades programadas em Dormentes e visita t\u00e9cnica ao S\u00edtio Pimenta. \u201cO Programa Rota da Produ\u00e7\u00e3o \u00e9 uma iniciativa que, em parceria com institui\u00e7\u00f5es e entidades, vai promover interc\u00e2mbios e capacita\u00e7\u00f5es para nossos agricultores e criadores, permitindo conhecer experi\u00eancias de sucesso e novas tecnologias. A ideia \u00e9 fortalecer cada vez mais nossos produtores por meio&hellip; <\/p>\n","protected":false},"author":2,"featured_media":416799,"comment_status":"open","ping_status":"open","sticky":false,"template":"","format":"standard","meta":{"_acf_changed":false,"footnotes":""},"categories":[55],"tags":[],"class_list":["post-416801","post","type-post","status-publish","format-standard","has-post-thumbnail","hentry","category-agropecuaria"],"acf":[],"yoast_head":"<!-- This site is optimized with the Yoast SEO plugin v27.4 - https:\/\/yoast.com\/product\/yoast-seo-wordpress\/ -->\n<title>Prefeitura de Casa Nova lan\u00e7a Programa Rota da Produ\u00e7\u00e3o com miss\u00e3o voltada \u00e0 caprinovinocultura em Dormentes - Blog do Farn\u00e9sio<\/title>\n<meta name=\"robots\" content=\"index, follow, max-snippet:-1, max-image-preview:large, max-video-preview:-1\" \/>\n<link rel=\"canonical\" href=\"https:\/\/blogdofarnesio.com.br\/?p=416801\" \/>\n<meta property=\"og:locale\" content=\"pt_BR\" \/>\n<meta property=\"og:type\" content=\"article\" \/>\n<meta property=\"og:title\" content=\"Prefeitura de Casa Nova lan\u00e7a Programa Rota da Produ\u00e7\u00e3o com miss\u00e3o voltada \u00e0 caprinovinocultura em Dormentes - Blog do Farn\u00e9sio\" \/>\n<meta property=\"og:description\" content=\"A Prefeitura de Casa Nova, por meio da Secretaria Municipal de Agricultura, Pecu\u00e1ria e Pesca, est\u00e1 implantando o Programa Rota da Produ\u00e7\u00e3o, uma iniciativa que visa fortalecer os produtores rurais do munic\u00edpio por meio de interc\u00e2mbios, capacita\u00e7\u00f5es e troca de experi\u00eancias. A primeira grande a\u00e7\u00e3o do programa acontece nesta quinta-feira (12), com a Miss\u00e3o Caprinovinocultura, realizada em parceria com a Associa\u00e7\u00e3o Comercial de Casa Nova, com atividades programadas em Dormentes e visita t\u00e9cnica ao S\u00edtio Pimenta. \u201cO Programa Rota da Produ\u00e7\u00e3o \u00e9 uma iniciativa que, em parceria com institui\u00e7\u00f5es e entidades, vai promover interc\u00e2mbios e capacita\u00e7\u00f5es para nossos agricultores e criadores, permitindo conhecer experi\u00eancias de sucesso e novas tecnologias. A ideia \u00e9 fortalecer cada vez mais nossos produtores por meio&hellip;\" \/>\n<meta property=\"og:url\" content=\"https:\/\/blogdofarnesio.com.br\/?p=416801\" \/>\n<meta property=\"og:site_name\" content=\"Blog do Farn\u00e9sio\" \/>\n<meta property=\"article:publisher\" content=\"https:\/\/www.facebook.com\/BlogQuerSaberPolitica\/\" \/>\n<meta property=\"article:author\" content=\"https:\/\/www.facebook.com\/?ref=tn_tnmn\" \/>\n<meta property=\"article:published_time\" content=\"2026-03-12T17:22:25+00:00\" \/>\n<meta property=\"og:image\" content=\"https:\/\/blogdofarnesio.com.br\/wp-content\/uploads\/2026\/03\/WhatsApp-Image-2026-03-10-at-10.27.39-e1773166819413.jpeg\" \/>\n\t<meta property=\"og:image:width\" content=\"560\" \/>\n\t<meta property=\"og:image:height\" content=\"510\" \/>\n\t<meta property=\"og:image:type\" content=\"image\/jpeg\" \/>\n<meta name=\"author\" content=\"Farn\u00e9sio\" \/>\n<meta name=\"twitter:card\" content=\"summary_large_image\" \/>\n<meta name=\"twitter:label1\" content=\"Escrito por\" \/>\n\t<meta name=\"twitter:data1\" content=\"Farn\u00e9sio\" \/>\n\t<meta name=\"twitter:label2\" content=\"Est. tempo de leitura\" \/>\n\t<meta name=\"twitter:data2\" content=\"2 minutos\" \/>\n<script type=\"application\/ld+json\" class=\"yoast-schema-graph\">{\"@context\":\"https:\\\/\\\/schema.org\",\"@graph\":[{\"@type\":\"Article\",\"@id\":\"https:\\\/\\\/blogdofarnesio.com.br\\\/?p=416801#article\",\"isPartOf\":{\"@id\":\"https:\\\/\\\/blogdofarnesio.com.br\\\/?p=416801\"},\"author\":{\"name\":\"Farn\u00e9sio\",\"@id\":\"https:\\\/\\\/blogdofarnesio.com.br\\\/#\\\/schema\\\/person\\\/bb9b23ae3ad0609ce8df7b6c9e76824d\"},\"headline\":\"Prefeitura de Casa Nova lan\u00e7a Programa Rota da Produ\u00e7\u00e3o com miss\u00e3o voltada \u00e0 caprinovinocultura em Dormentes\",\"datePublished\":\"2026-03-12T17:22:25+00:00\",\"mainEntityOfPage\":{\"@id\":\"https:\\\/\\\/blogdofarnesio.com.br\\\/?p=416801\"},\"wordCount\":279,\"commentCount\":0,\"publisher\":{\"@id\":\"https:\\\/\\\/blogdofarnesio.com.br\\\/#organization\"},\"image\":{\"@id\":\"https:\\\/\\\/blogdofarnesio.com.br\\\/?p=416801#primaryimage\"},\"thumbnailUrl\":\"https:\\\/\\\/blogdofarnesio.com.br\\\/wp-content\\\/uploads\\\/2026\\\/03\\\/WhatsApp-Image-2026-03-10-at-10.27.39-e1773166819413.jpeg\",\"articleSection\":[\"Agropecu\u00e1ria\"],\"inLanguage\":\"pt-BR\",\"potentialAction\":[{\"@type\":\"CommentAction\",\"name\":\"Comment\",\"target\":[\"https:\\\/\\\/blogdofarnesio.com.br\\\/?p=416801#respond\"]}]},{\"@type\":\"WebPage\",\"@id\":\"https:\\\/\\\/blogdofarnesio.com.br\\\/?p=416801\",\"url\":\"https:\\\/\\\/blogdofarnesio.com.br\\\/?p=416801\",\"name\":\"Prefeitura de Casa Nova lan\u00e7a Programa Rota da Produ\u00e7\u00e3o com miss\u00e3o voltada \u00e0 caprinovinocultura em Dormentes - Blog do Farn\u00e9sio\",\"isPartOf\":{\"@id\":\"https:\\\/\\\/blogdofarnesio.com.br\\\/#website\"},\"primaryImageOfPage\":{\"@id\":\"https:\\\/\\\/blogdofarnesio.com.br\\\/?p=416801#primaryimage\"},\"image\":{\"@id\":\"https:\\\/\\\/blogdofarnesio.com.br\\\/?p=416801#primaryimage\"},\"thumbnailUrl\":\"https:\\\/\\\/blogdofarnesio.com.br\\\/wp-content\\\/uploads\\\/2026\\\/03\\\/WhatsApp-Image-2026-03-10-at-10.27.39-e1773166819413.jpeg\",\"datePublished\":\"2026-03-12T17:22:25+00:00\",\"breadcrumb\":{\"@id\":\"https:\\\/\\\/blogdofarnesio.com.br\\\/?p=416801#breadcrumb\"},\"inLanguage\":\"pt-BR\",\"potentialAction\":[{\"@type\":\"ReadAction\",\"target\":[\"https:\\\/\\\/blogdofarnesio.com.br\\\/?p=416801\"]}]},{\"@type\":\"ImageObject\",\"inLanguage\":\"pt-BR\",\"@id\":\"https:\\\/\\\/blogdofarnesio.com.br\\\/?p=416801#primaryimage\",\"url\":\"https:\\\/\\\/blogdofarnesio.com.br\\\/wp-content\\\/uploads\\\/2026\\\/03\\\/WhatsApp-Image-2026-03-10-at-10.27.39-e1773166819413.jpeg\",\"contentUrl\":\"https:\\\/\\\/blogdofarnesio.com.br\\\/wp-content\\\/uploads\\\/2026\\\/03\\\/WhatsApp-Image-2026-03-10-at-10.27.39-e1773166819413.jpeg\",\"width\":560,\"height\":510},{\"@type\":\"BreadcrumbList\",\"@id\":\"https:\\\/\\\/blogdofarnesio.com.br\\\/?p=416801#breadcrumb\",\"itemListElement\":[{\"@type\":\"ListItem\",\"position\":1,\"name\":\"In\u00edcio\",\"item\":\"https:\\\/\\\/blogdofarnesio.com.br\\\/\"},{\"@type\":\"ListItem\",\"position\":2,\"name\":\"Prefeitura de Casa Nova lan\u00e7a Programa Rota da Produ\u00e7\u00e3o com miss\u00e3o voltada \u00e0 caprinovinocultura em Dormentes\"}]},{\"@type\":\"WebSite\",\"@id\":\"https:\\\/\\\/blogdofarnesio.com.br\\\/#website\",\"url\":\"https:\\\/\\\/blogdofarnesio.com.br\\\/\",\"name\":\"Blog do Farn\u00e9sio\",\"description\":\"Quer Saber Pol\u00edtica?\",\"publisher\":{\"@id\":\"https:\\\/\\\/blogdofarnesio.com.br\\\/#organization\"},\"potentialAction\":[{\"@type\":\"SearchAction\",\"target\":{\"@type\":\"EntryPoint\",\"urlTemplate\":\"https:\\\/\\\/blogdofarnesio.com.br\\\/?s={search_term_string}\"},\"query-input\":{\"@type\":\"PropertyValueSpecification\",\"valueRequired\":true,\"valueName\":\"search_term_string\"}}],\"inLanguage\":\"pt-BR\"},{\"@type\":\"Organization\",\"@id\":\"https:\\\/\\\/blogdofarnesio.com.br\\\/#organization\",\"name\":\"Blog do Farn\u00e9sio\",\"url\":\"https:\\\/\\\/blogdofarnesio.com.br\\\/\",\"logo\":{\"@type\":\"ImageObject\",\"inLanguage\":\"pt-BR\",\"@id\":\"https:\\\/\\\/blogdofarnesio.com.br\\\/#\\\/schema\\\/logo\\\/image\\\/\",\"url\":\"https:\\\/\\\/blogdofarnesio.com.br\\\/wp-content\\\/uploads\\\/2026\\\/03\\\/cropped-logo_new-1.png\",\"contentUrl\":\"https:\\\/\\\/blogdofarnesio.com.br\\\/wp-content\\\/uploads\\\/2026\\\/03\\\/cropped-logo_new-1.png\",\"width\":881,\"height\":685,\"caption\":\"Blog do Farn\u00e9sio\"},\"image\":{\"@id\":\"https:\\\/\\\/blogdofarnesio.com.br\\\/#\\\/schema\\\/logo\\\/image\\\/\"},\"sameAs\":[\"https:\\\/\\\/www.facebook.com\\\/BlogQuerSaberPolitica\\\/\"]},{\"@type\":\"Person\",\"@id\":\"https:\\\/\\\/blogdofarnesio.com.br\\\/#\\\/schema\\\/person\\\/bb9b23ae3ad0609ce8df7b6c9e76824d\",\"name\":\"Farn\u00e9sio\",\"image\":{\"@type\":\"ImageObject\",\"inLanguage\":\"pt-BR\",\"@id\":\"https:\\\/\\\/secure.gravatar.com\\\/avatar\\\/986aa4c61ccdb66f8555bf88fc2a65609d00bcabd4d2d94377a727547345cbca?s=96&d=mm&r=g\",\"url\":\"https:\\\/\\\/secure.gravatar.com\\\/avatar\\\/986aa4c61ccdb66f8555bf88fc2a65609d00bcabd4d2d94377a727547345cbca?s=96&d=mm&r=g\",\"contentUrl\":\"https:\\\/\\\/secure.gravatar.com\\\/avatar\\\/986aa4c61ccdb66f8555bf88fc2a65609d00bcabd4d2d94377a727547345cbca?s=96&d=mm&r=g\",\"caption\":\"Farn\u00e9sio\"},\"description\":\"Radialista blogueiro, chegou a Petrolina\\\/Juazeiro em setembro de 1980, Farn\u00e9sio Silva \u00e9 de Arapiraca-Alagoas.\",\"sameAs\":[\"http:\\\/\\\/blogdofarnesio.com.br\",\"https:\\\/\\\/www.facebook.com\\\/?ref=tn_tnmn\",\"https:\\\/\\\/www.instagram.com\\\/?utm_source=pwa_homescreen\",\"https:\\\/\\\/youtube.com.br\\\/\"],\"url\":\"https:\\\/\\\/blogdofarnesio.com.br\\\/?author=2\"}]}<\/script>\n<!-- \/ Yoast SEO plugin. -->","yoast_head_json":{"title":"Prefeitura de Casa Nova lan\u00e7a Programa Rota da Produ\u00e7\u00e3o com miss\u00e3o voltada \u00e0 caprinovinocultura em Dormentes - Blog do Farn\u00e9sio","robots":{"index":"index","follow":"follow","max-snippet":"max-snippet:-1","max-image-preview":"max-image-preview:large","max-video-preview":"max-video-preview:-1"},"canonical":"https:\/\/blogdofarnesio.com.br\/?p=416801","og_locale":"pt_BR","og_type":"article","og_title":"Prefeitura de Casa Nova lan\u00e7a Programa Rota da Produ\u00e7\u00e3o com miss\u00e3o voltada \u00e0 caprinovinocultura em Dormentes - Blog do Farn\u00e9sio","og_description":"A Prefeitura de Casa Nova, por meio da Secretaria Municipal de Agricultura, Pecu\u00e1ria e Pesca, est\u00e1 implantando o Programa Rota da Produ\u00e7\u00e3o, uma iniciativa que visa fortalecer os produtores rurais do munic\u00edpio por meio de interc\u00e2mbios, capacita\u00e7\u00f5es e troca de experi\u00eancias. A primeira grande a\u00e7\u00e3o do programa acontece nesta quinta-feira (12), com a Miss\u00e3o Caprinovinocultura, realizada em parceria com a Associa\u00e7\u00e3o Comercial de Casa Nova, com atividades programadas em Dormentes e visita t\u00e9cnica ao S\u00edtio Pimenta. \u201cO Programa Rota da Produ\u00e7\u00e3o \u00e9 uma iniciativa que, em parceria com institui\u00e7\u00f5es e entidades, vai promover interc\u00e2mbios e capacita\u00e7\u00f5es para nossos agricultores e criadores, permitindo conhecer experi\u00eancias de sucesso e novas tecnologias. A ideia \u00e9 fortalecer cada vez mais nossos produtores por meio&hellip;","og_url":"https:\/\/blogdofarnesio.com.br\/?p=416801","og_site_name":"Blog do Farn\u00e9sio","article_publisher":"https:\/\/www.facebook.com\/BlogQuerSaberPolitica\/","article_author":"https:\/\/www.facebook.com\/?ref=tn_tnmn","article_published_time":"2026-03-12T17:22:25+00:00","og_image":[{"width":560,"height":510,"url":"https:\/\/blogdofarnesio.com.br\/wp-content\/uploads\/2026\/03\/WhatsApp-Image-2026-03-10-at-10.27.39-e1773166819413.jpeg","type":"image\/jpeg"}],"author":"Farn\u00e9sio","twitter_card":"summary_large_image","twitter_misc":{"Escrito por":"Farn\u00e9sio","Est. tempo de leitura":"2 minutos"},"schema":{"@context":"https:\/\/schema.org","@graph":[{"@type":"Article","@id":"https:\/\/blogdofarnesio.com.br\/?p=416801#article","isPartOf":{"@id":"https:\/\/blogdofarnesio.com.br\/?p=416801"},"author":{"name":"Farn\u00e9sio","@id":"https:\/\/blogdofarnesio.com.br\/#\/schema\/person\/bb9b23ae3ad0609ce8df7b6c9e76824d"},"headline":"Prefeitura de Casa Nova lan\u00e7a Programa Rota da Produ\u00e7\u00e3o com miss\u00e3o voltada \u00e0 caprinovinocultura em Dormentes","datePublished":"2026-03-12T17:22:25+00:00","mainEntityOfPage":{"@id":"https:\/\/blogdofarnesio.com.br\/?p=416801"},"wordCount":279,"commentCount":0,"publisher":{"@id":"https:\/\/blogdofarnesio.com.br\/#organization"},"image":{"@id":"https:\/\/blogdofarnesio.com.br\/?p=416801#primaryimage"},"thumbnailUrl":"https:\/\/blogdofarnesio.com.br\/wp-content\/uploads\/2026\/03\/WhatsApp-Image-2026-03-10-at-10.27.39-e1773166819413.jpeg","articleSection":["Agropecu\u00e1ria"],"inLanguage":"pt-BR","potentialAction":[{"@type":"CommentAction","name":"Comment","target":["https:\/\/blogdofarnesio.com.br\/?p=416801#respond"]}]},{"@type":"WebPage","@id":"https:\/\/blogdofarnesio.com.br\/?p=416801","url":"https:\/\/blogdofarnesio.com.br\/?p=416801","name":"Prefeitura de Casa Nova lan\u00e7a Programa Rota da Produ\u00e7\u00e3o com miss\u00e3o voltada \u00e0 caprinovinocultura em Dormentes - Blog do Farn\u00e9sio","isPartOf":{"@id":"https:\/\/blogdofarnesio.com.br\/#website"},"primaryImageOfPage":{"@id":"https:\/\/blogdofarnesio.com.br\/?p=416801#primaryimage"},"image":{"@id":"https:\/\/blogdofarnesio.com.br\/?p=416801#primaryimage"},"thumbnailUrl":"https:\/\/blogdofarnesio.com.br\/wp-content\/uploads\/2026\/03\/WhatsApp-Image-2026-03-10-at-10.27.39-e1773166819413.jpeg","datePublished":"2026-03-12T17:22:25+00:00","breadcrumb":{"@id":"https:\/\/blogdofarnesio.com.br\/?p=416801#breadcrumb"},"inLanguage":"pt-BR","potentialAction":[{"@type":"ReadAction","target":["https:\/\/blogdofarnesio.com.br\/?p=416801"]}]},{"@type":"ImageObject","inLanguage":"pt-BR","@id":"https:\/\/blogdofarnesio.com.br\/?p=416801#primaryimage","url":"https:\/\/blogdofarnesio.com.br\/wp-content\/uploads\/2026\/03\/WhatsApp-Image-2026-03-10-at-10.27.39-e1773166819413.jpeg","contentUrl":"https:\/\/blogdofarnesio.com.br\/wp-content\/uploads\/2026\/03\/WhatsApp-Image-2026-03-10-at-10.27.39-e1773166819413.jpeg","width":560,"height":510},{"@type":"BreadcrumbList","@id":"https:\/\/blogdofarnesio.com.br\/?p=416801#breadcrumb","itemListElement":[{"@type":"ListItem","position":1,"name":"In\u00edcio","item":"https:\/\/blogdofarnesio.com.br\/"},{"@type":"ListItem","position":2,"name":"Prefeitura de Casa Nova lan\u00e7a Programa Rota da Produ\u00e7\u00e3o com miss\u00e3o voltada \u00e0 caprinovinocultura em Dormentes"}]},{"@type":"WebSite","@id":"https:\/\/blogdofarnesio.com.br\/#website","url":"https:\/\/blogdofarnesio.com.br\/","name":"Blog do Farn\u00e9sio","description":"Quer Saber Pol\u00edtica?","publisher":{"@id":"https:\/\/blogdofarnesio.com.br\/#organization"},"potentialAction":[{"@type":"SearchAction","target":{"@type":"EntryPoint","urlTemplate":"https:\/\/blogdofarnesio.com.br\/?s={search_term_string}"},"query-input":{"@type":"PropertyValueSpecification","valueRequired":true,"valueName":"search_term_string"}}],"inLanguage":"pt-BR"},{"@type":"Organization","@id":"https:\/\/blogdofarnesio.com.br\/#organization","name":"Blog do Farn\u00e9sio","url":"https:\/\/blogdofarnesio.com.br\/","logo":{"@type":"ImageObject","inLanguage":"pt-BR","@id":"https:\/\/blogdofarnesio.com.br\/#\/schema\/logo\/image\/","url":"https:\/\/blogdofarnesio.com.br\/wp-content\/uploads\/2026\/03\/cropped-logo_new-1.png","contentUrl":"https:\/\/blogdofarnesio.com.br\/wp-content\/uploads\/2026\/03\/cropped-logo_new-1.png","width":881,"height":685,"caption":"Blog do Farn\u00e9sio"},"image":{"@id":"https:\/\/blogdofarnesio.com.br\/#\/schema\/logo\/image\/"},"sameAs":["https:\/\/www.facebook.com\/BlogQuerSaberPolitica\/"]},{"@type":"Person","@id":"https:\/\/blogdofarnesio.com.br\/#\/schema\/person\/bb9b23ae3ad0609ce8df7b6c9e76824d","name":"Farn\u00e9sio","image":{"@type":"ImageObject","inLanguage":"pt-BR","@id":"https:\/\/secure.gravatar.com\/avatar\/986aa4c61ccdb66f8555bf88fc2a65609d00bcabd4d2d94377a727547345cbca?s=96&d=mm&r=g","url":"https:\/\/secure.gravatar.com\/avatar\/986aa4c61ccdb66f8555bf88fc2a65609d00bcabd4d2d94377a727547345cbca?s=96&d=mm&r=g","contentUrl":"https:\/\/secure.gravatar.com\/avatar\/986aa4c61ccdb66f8555bf88fc2a65609d00bcabd4d2d94377a727547345cbca?s=96&d=mm&r=g","caption":"Farn\u00e9sio"},"description":"Radialista blogueiro, chegou a Petrolina\/Juazeiro em setembro de 1980, Farn\u00e9sio Silva \u00e9 de Arapiraca-Alagoas.","sameAs":["http:\/\/blogdofarnesio.com.br","https:\/\/www.facebook.com\/?ref=tn_tnmn","https:\/\/www.instagram.com\/?utm_source=pwa_homescreen","https:\/\/youtube.com.br\/"],"url":"https:\/\/blogdofarnesio.com.br\/?author=2"}]}},"_links":{"self":[{"href":"https:\/\/blogdofarnesio.com.br\/index.php?rest_route=\/wp\/v2\/posts\/416801","targetHints":{"allow":["GET"]}}],"collection":[{"href":"https:\/\/blogdofarnesio.com.br\/index.php?rest_route=\/wp\/v2\/posts"}],"about":[{"href":"https:\/\/blogdofarnesio.com.br\/index.php?rest_route=\/wp\/v2\/types\/post"}],"author":[{"embeddable":true,"href":"https:\/\/blogdofarnesio.com.br\/index.php?rest_route=\/wp\/v2\/users\/2"}],"replies":[{"embeddable":true,"href":"https:\/\/blogdofarnesio.com.br\/index.php?rest_route=%2Fwp%2Fv2%2Fcomments&post=416801"}],"version-history":[{"count":2,"href":"https:\/\/blogdofarnesio.com.br\/index.php?rest_route=\/wp\/v2\/posts\/416801\/revisions"}],"predecessor-version":[{"id":416947,"href":"https:\/\/blogdofarnesio.com.br\/index.php?rest_route=\/wp\/v2\/posts\/416801\/revisions\/416947"}],"wp:featuredmedia":[{"embeddable":true,"href":"https:\/\/blogdofarnesio.com.br\/index.php?rest_route=\/wp\/v2\/media\/416799"}],"wp:attachment":[{"href":"https:\/\/blogdofarnesio.com.br\/index.php?rest_route=%2Fwp%2Fv2%2Fmedia&parent=416801"}],"wp:term":[{"taxonomy":"category","embeddable":true,"href":"https:\/\/blogdofarnesio.com.br\/index.php?rest_route=%2Fwp%2Fv2%2Fcategories&post=416801"},{"taxonomy":"post_tag","embeddable":true,"href":"https:\/\/blogdofarnesio.com.br\/index.php?rest_route=%2Fwp%2Fv2%2Ftags&post=416801"}],"curies":[{"name":"wp","href":"https:\/\/api.w.org\/{rel}","templated":true}]}}