{"id":416774,"date":"2026-03-11T10:24:37","date_gmt":"2026-03-11T13:24:37","guid":{"rendered":"https:\/\/blogdofarnesio.com.br\/?p=416774"},"modified":"2026-03-10T22:16:49","modified_gmt":"2026-03-11T01:16:49","slug":"senhor-do-bonfim-publica-mais-uma-convocacao-de-aprovados-no-processo-seletivo-001-2025","status":"publish","type":"post","link":"https:\/\/blogdofarnesio.com.br\/2026\/03\/senhor-do-bonfim-publica-mais-uma-convocacao-de-aprovados-no-processo-seletivo-001-2025\/","title":{"rendered":"Senhor do Bonfim publica mais uma convoca\u00e7\u00e3o de aprovados no processo seletivo 001\/2025"},"content":{"rendered":"<p style=\"font-weight: 400;\">A Prefeitura de Senhor do Bonfim publicou no Di\u00e1rio Oficial uma nova convoca\u00e7\u00e3o de candidatos aprovados no Processo Seletivo Simplificado n\u00ba 001\/2025 para apresenta\u00e7\u00e3o de documenta\u00e7\u00e3o.<\/p>\n<p style=\"font-weight: 400;\">A medida foi oficializada por meio do Decreto n\u00ba 148\/2026, que convoca os aprovados para comparecerem \u00e0 sala de reuni\u00e3o da Prefeitura, localizada na Pra\u00e7a Nova do Congresso, n\u00ba 01, no Central Shopping, 2\u00ba andar, nos dias 11 e 12 de mar\u00e7o, das 8h \u00e0s 12h e das 14h \u00e0s 17h, munidos da documenta\u00e7\u00e3o prevista no edital.<\/p>\n<p style=\"font-weight: 400;\">Esta \u00e9 a terceira convoca\u00e7\u00e3o publicada pela gest\u00e3o municipal nos \u00faltimos dias. \u201cCom essa nova publica\u00e7\u00e3o j\u00e1 s\u00e3o tr\u00eas convoca\u00e7\u00f5es feitas nos \u00faltimos dias. Fiquem atentos \u00e0s datas. Seguimos avan\u00e7ando na recomposi\u00e7\u00e3o das equipes e garantindo que os aprovados possam assumir suas fun\u00e7\u00f5es e contribuir com o atendimento \u00e0 popula\u00e7\u00e3o\u201d, afirmou.<\/p>\n<p style=\"font-weight: 400;\">A lista completa de convocados e demais orienta\u00e7\u00f5es podem ser conferidas no Di\u00e1rio Oficial do Munic\u00edpio ou clicando AQUI.<a href=\"https:\/\/blogdofarnesio.com.br\/wp-content\/uploads\/2026\/03\/DECRETO-148-2026-2.pdf\">DECRETO 148-2026<\/a><\/p>\n","protected":false},"excerpt":{"rendered":"<p>A Prefeitura de Senhor do Bonfim publicou no Di\u00e1rio Oficial uma nova convoca\u00e7\u00e3o de candidatos aprovados no Processo Seletivo Simplificado n\u00ba 001\/2025 para apresenta\u00e7\u00e3o de documenta\u00e7\u00e3o. A medida foi oficializada por meio do Decreto n\u00ba 148\/2026, que convoca os aprovados para comparecerem \u00e0 sala de reuni\u00e3o da Prefeitura, localizada na Pra\u00e7a Nova do Congresso, n\u00ba 01, no Central Shopping, 2\u00ba andar, nos dias 11 e 12 de mar\u00e7o, das 8h \u00e0s 12h e das 14h \u00e0s 17h, munidos da documenta\u00e7\u00e3o prevista no edital. Esta \u00e9 a terceira convoca\u00e7\u00e3o publicada pela gest\u00e3o municipal nos \u00faltimos dias. \u201cCom essa nova publica\u00e7\u00e3o j\u00e1 s\u00e3o tr\u00eas convoca\u00e7\u00f5es feitas nos \u00faltimos dias. Fiquem atentos \u00e0s datas. Seguimos avan\u00e7ando na recomposi\u00e7\u00e3o das equipes e garantindo que&hellip; <\/p>\n","protected":false},"author":2,"featured_media":416777,"comment_status":"open","ping_status":"open","sticky":false,"template":"","format":"standard","meta":{"_acf_changed":false,"footnotes":""},"categories":[27],"tags":[],"class_list":["post-416774","post","type-post","status-publish","format-standard","has-post-thumbnail","hentry","category-cidades"],"acf":[],"yoast_head":"<!-- This site is optimized with the Yoast SEO plugin v27.5 - https:\/\/yoast.com\/product\/yoast-seo-wordpress\/ -->\n<title>Senhor do Bonfim publica mais uma convoca\u00e7\u00e3o de aprovados no processo seletivo 001\/2025 - Blog do Farn\u00e9sio<\/title>\n<meta name=\"robots\" content=\"index, follow, max-snippet:-1, max-image-preview:large, max-video-preview:-1\" \/>\n<link rel=\"canonical\" href=\"https:\/\/blogdofarnesio.com.br\/2026\/03\/senhor-do-bonfim-publica-mais-uma-convocacao-de-aprovados-no-processo-seletivo-001-2025\/\" \/>\n<meta property=\"og:locale\" content=\"pt_BR\" \/>\n<meta property=\"og:type\" content=\"article\" \/>\n<meta property=\"og:title\" content=\"Senhor do Bonfim publica mais uma convoca\u00e7\u00e3o de aprovados no processo seletivo 001\/2025 - Blog do Farn\u00e9sio\" \/>\n<meta property=\"og:description\" content=\"A Prefeitura de Senhor do Bonfim publicou no Di\u00e1rio Oficial uma nova convoca\u00e7\u00e3o de candidatos aprovados no Processo Seletivo Simplificado n\u00ba 001\/2025 para apresenta\u00e7\u00e3o de documenta\u00e7\u00e3o. A medida foi oficializada por meio do Decreto n\u00ba 148\/2026, que convoca os aprovados para comparecerem \u00e0 sala de reuni\u00e3o da Prefeitura, localizada na Pra\u00e7a Nova do Congresso, n\u00ba 01, no Central Shopping, 2\u00ba andar, nos dias 11 e 12 de mar\u00e7o, das 8h \u00e0s 12h e das 14h \u00e0s 17h, munidos da documenta\u00e7\u00e3o prevista no edital. Esta \u00e9 a terceira convoca\u00e7\u00e3o publicada pela gest\u00e3o municipal nos \u00faltimos dias. \u201cCom essa nova publica\u00e7\u00e3o j\u00e1 s\u00e3o tr\u00eas convoca\u00e7\u00f5es feitas nos \u00faltimos dias. Fiquem atentos \u00e0s datas. Seguimos avan\u00e7ando na recomposi\u00e7\u00e3o das equipes e garantindo que&hellip;\" \/>\n<meta property=\"og:url\" content=\"https:\/\/blogdofarnesio.com.br\/2026\/03\/senhor-do-bonfim-publica-mais-uma-convocacao-de-aprovados-no-processo-seletivo-001-2025\/\" \/>\n<meta property=\"og:site_name\" content=\"Blog do Farn\u00e9sio\" \/>\n<meta property=\"article:publisher\" content=\"https:\/\/www.facebook.com\/BlogQuerSaberPolitica\/\" \/>\n<meta property=\"article:author\" content=\"https:\/\/www.facebook.com\/?ref=tn_tnmn\" \/>\n<meta property=\"article:published_time\" content=\"2026-03-11T13:24:37+00:00\" \/>\n<meta property=\"og:image\" content=\"https:\/\/blogdofarnesio.com.br\/wp-content\/uploads\/2026\/03\/WhatsApp-Image-2026-03-09-at-09.03.18-e1773104174199.jpeg\" \/>\n\t<meta property=\"og:image:width\" content=\"480\" \/>\n\t<meta property=\"og:image:height\" content=\"414\" \/>\n\t<meta property=\"og:image:type\" content=\"image\/jpeg\" \/>\n<meta name=\"author\" content=\"Farn\u00e9sio\" \/>\n<meta name=\"twitter:card\" content=\"summary_large_image\" \/>\n<meta name=\"twitter:label1\" content=\"Escrito por\" \/>\n\t<meta name=\"twitter:data1\" content=\"Farn\u00e9sio\" \/>\n\t<meta name=\"twitter:label2\" content=\"Est. tempo de leitura\" \/>\n\t<meta name=\"twitter:data2\" content=\"2 minutos\" \/>\n<script type=\"application\/ld+json\" class=\"yoast-schema-graph\">{\"@context\":\"https:\\\/\\\/schema.org\",\"@graph\":[{\"@type\":\"Article\",\"@id\":\"https:\\\/\\\/blogdofarnesio.com.br\\\/2026\\\/03\\\/senhor-do-bonfim-publica-mais-uma-convocacao-de-aprovados-no-processo-seletivo-001-2025\\\/#article\",\"isPartOf\":{\"@id\":\"https:\\\/\\\/blogdofarnesio.com.br\\\/2026\\\/03\\\/senhor-do-bonfim-publica-mais-uma-convocacao-de-aprovados-no-processo-seletivo-001-2025\\\/\"},\"author\":{\"name\":\"Farn\u00e9sio\",\"@id\":\"https:\\\/\\\/blogdofarnesio.com.br\\\/#\\\/schema\\\/person\\\/bb9b23ae3ad0609ce8df7b6c9e76824d\"},\"headline\":\"Senhor do Bonfim publica mais uma convoca\u00e7\u00e3o de aprovados no processo seletivo 001\\\/2025\",\"datePublished\":\"2026-03-11T13:24:37+00:00\",\"mainEntityOfPage\":{\"@id\":\"https:\\\/\\\/blogdofarnesio.com.br\\\/2026\\\/03\\\/senhor-do-bonfim-publica-mais-uma-convocacao-de-aprovados-no-processo-seletivo-001-2025\\\/\"},\"wordCount\":180,\"commentCount\":0,\"publisher\":{\"@id\":\"https:\\\/\\\/blogdofarnesio.com.br\\\/#organization\"},\"image\":{\"@id\":\"https:\\\/\\\/blogdofarnesio.com.br\\\/2026\\\/03\\\/senhor-do-bonfim-publica-mais-uma-convocacao-de-aprovados-no-processo-seletivo-001-2025\\\/#primaryimage\"},\"thumbnailUrl\":\"https:\\\/\\\/blogdofarnesio.com.br\\\/wp-content\\\/uploads\\\/2026\\\/03\\\/WhatsApp-Image-2026-03-09-at-09.03.18-e1773104174199.jpeg\",\"articleSection\":[\"Cidades\"],\"inLanguage\":\"pt-BR\",\"potentialAction\":[{\"@type\":\"CommentAction\",\"name\":\"Comment\",\"target\":[\"https:\\\/\\\/blogdofarnesio.com.br\\\/2026\\\/03\\\/senhor-do-bonfim-publica-mais-uma-convocacao-de-aprovados-no-processo-seletivo-001-2025\\\/#respond\"]}]},{\"@type\":\"WebPage\",\"@id\":\"https:\\\/\\\/blogdofarnesio.com.br\\\/2026\\\/03\\\/senhor-do-bonfim-publica-mais-uma-convocacao-de-aprovados-no-processo-seletivo-001-2025\\\/\",\"url\":\"https:\\\/\\\/blogdofarnesio.com.br\\\/2026\\\/03\\\/senhor-do-bonfim-publica-mais-uma-convocacao-de-aprovados-no-processo-seletivo-001-2025\\\/\",\"name\":\"Senhor do Bonfim publica mais uma convoca\u00e7\u00e3o de aprovados no processo seletivo 001\\\/2025 - Blog do Farn\u00e9sio\",\"isPartOf\":{\"@id\":\"https:\\\/\\\/blogdofarnesio.com.br\\\/#website\"},\"primaryImageOfPage\":{\"@id\":\"https:\\\/\\\/blogdofarnesio.com.br\\\/2026\\\/03\\\/senhor-do-bonfim-publica-mais-uma-convocacao-de-aprovados-no-processo-seletivo-001-2025\\\/#primaryimage\"},\"image\":{\"@id\":\"https:\\\/\\\/blogdofarnesio.com.br\\\/2026\\\/03\\\/senhor-do-bonfim-publica-mais-uma-convocacao-de-aprovados-no-processo-seletivo-001-2025\\\/#primaryimage\"},\"thumbnailUrl\":\"https:\\\/\\\/blogdofarnesio.com.br\\\/wp-content\\\/uploads\\\/2026\\\/03\\\/WhatsApp-Image-2026-03-09-at-09.03.18-e1773104174199.jpeg\",\"datePublished\":\"2026-03-11T13:24:37+00:00\",\"breadcrumb\":{\"@id\":\"https:\\\/\\\/blogdofarnesio.com.br\\\/2026\\\/03\\\/senhor-do-bonfim-publica-mais-uma-convocacao-de-aprovados-no-processo-seletivo-001-2025\\\/#breadcrumb\"},\"inLanguage\":\"pt-BR\",\"potentialAction\":[{\"@type\":\"ReadAction\",\"target\":[\"https:\\\/\\\/blogdofarnesio.com.br\\\/2026\\\/03\\\/senhor-do-bonfim-publica-mais-uma-convocacao-de-aprovados-no-processo-seletivo-001-2025\\\/\"]}]},{\"@type\":\"ImageObject\",\"inLanguage\":\"pt-BR\",\"@id\":\"https:\\\/\\\/blogdofarnesio.com.br\\\/2026\\\/03\\\/senhor-do-bonfim-publica-mais-uma-convocacao-de-aprovados-no-processo-seletivo-001-2025\\\/#primaryimage\",\"url\":\"https:\\\/\\\/blogdofarnesio.com.br\\\/wp-content\\\/uploads\\\/2026\\\/03\\\/WhatsApp-Image-2026-03-09-at-09.03.18-e1773104174199.jpeg\",\"contentUrl\":\"https:\\\/\\\/blogdofarnesio.com.br\\\/wp-content\\\/uploads\\\/2026\\\/03\\\/WhatsApp-Image-2026-03-09-at-09.03.18-e1773104174199.jpeg\",\"width\":480,\"height\":414},{\"@type\":\"BreadcrumbList\",\"@id\":\"https:\\\/\\\/blogdofarnesio.com.br\\\/2026\\\/03\\\/senhor-do-bonfim-publica-mais-uma-convocacao-de-aprovados-no-processo-seletivo-001-2025\\\/#breadcrumb\",\"itemListElement\":[{\"@type\":\"ListItem\",\"position\":1,\"name\":\"In\u00edcio\",\"item\":\"https:\\\/\\\/blogdofarnesio.com.br\\\/\"},{\"@type\":\"ListItem\",\"position\":2,\"name\":\"Senhor do Bonfim publica mais uma convoca\u00e7\u00e3o de aprovados no processo seletivo 001\\\/2025\"}]},{\"@type\":\"WebSite\",\"@id\":\"https:\\\/\\\/blogdofarnesio.com.br\\\/#website\",\"url\":\"https:\\\/\\\/blogdofarnesio.com.br\\\/\",\"name\":\"Blog do Farn\u00e9sio\",\"description\":\"Quer Saber Pol\u00edtica?\",\"publisher\":{\"@id\":\"https:\\\/\\\/blogdofarnesio.com.br\\\/#organization\"},\"potentialAction\":[{\"@type\":\"SearchAction\",\"target\":{\"@type\":\"EntryPoint\",\"urlTemplate\":\"https:\\\/\\\/blogdofarnesio.com.br\\\/?s={search_term_string}\"},\"query-input\":{\"@type\":\"PropertyValueSpecification\",\"valueRequired\":true,\"valueName\":\"search_term_string\"}}],\"inLanguage\":\"pt-BR\"},{\"@type\":\"Organization\",\"@id\":\"https:\\\/\\\/blogdofarnesio.com.br\\\/#organization\",\"name\":\"Blog do Farn\u00e9sio\",\"url\":\"https:\\\/\\\/blogdofarnesio.com.br\\\/\",\"logo\":{\"@type\":\"ImageObject\",\"inLanguage\":\"pt-BR\",\"@id\":\"https:\\\/\\\/blogdofarnesio.com.br\\\/#\\\/schema\\\/logo\\\/image\\\/\",\"url\":\"https:\\\/\\\/blogdofarnesio.com.br\\\/wp-content\\\/uploads\\\/2026\\\/03\\\/cropped-logo_new-1.png\",\"contentUrl\":\"https:\\\/\\\/blogdofarnesio.com.br\\\/wp-content\\\/uploads\\\/2026\\\/03\\\/cropped-logo_new-1.png\",\"width\":881,\"height\":685,\"caption\":\"Blog do Farn\u00e9sio\"},\"image\":{\"@id\":\"https:\\\/\\\/blogdofarnesio.com.br\\\/#\\\/schema\\\/logo\\\/image\\\/\"},\"sameAs\":[\"https:\\\/\\\/www.facebook.com\\\/BlogQuerSaberPolitica\\\/\"]},{\"@type\":\"Person\",\"@id\":\"https:\\\/\\\/blogdofarnesio.com.br\\\/#\\\/schema\\\/person\\\/bb9b23ae3ad0609ce8df7b6c9e76824d\",\"name\":\"Farn\u00e9sio\",\"image\":{\"@type\":\"ImageObject\",\"inLanguage\":\"pt-BR\",\"@id\":\"https:\\\/\\\/secure.gravatar.com\\\/avatar\\\/986aa4c61ccdb66f8555bf88fc2a65609d00bcabd4d2d94377a727547345cbca?s=96&d=mm&r=g\",\"url\":\"https:\\\/\\\/secure.gravatar.com\\\/avatar\\\/986aa4c61ccdb66f8555bf88fc2a65609d00bcabd4d2d94377a727547345cbca?s=96&d=mm&r=g\",\"contentUrl\":\"https:\\\/\\\/secure.gravatar.com\\\/avatar\\\/986aa4c61ccdb66f8555bf88fc2a65609d00bcabd4d2d94377a727547345cbca?s=96&d=mm&r=g\",\"caption\":\"Farn\u00e9sio\"},\"description\":\"Radialista blogueiro, chegou a Petrolina\\\/Juazeiro em setembro de 1980, Farn\u00e9sio Silva \u00e9 de Arapiraca-Alagoas.\",\"sameAs\":[\"http:\\\/\\\/blogdofarnesio.com.br\",\"https:\\\/\\\/www.facebook.com\\\/?ref=tn_tnmn\",\"https:\\\/\\\/www.instagram.com\\\/?utm_source=pwa_homescreen\",\"https:\\\/\\\/youtube.com.br\\\/\"],\"url\":\"https:\\\/\\\/blogdofarnesio.com.br\\\/author\\\/farnesio-2\\\/\"}]}<\/script>\n<!-- \/ Yoast SEO plugin. -->","yoast_head_json":{"title":"Senhor do Bonfim publica mais uma convoca\u00e7\u00e3o de aprovados no processo seletivo 001\/2025 - Blog do Farn\u00e9sio","robots":{"index":"index","follow":"follow","max-snippet":"max-snippet:-1","max-image-preview":"max-image-preview:large","max-video-preview":"max-video-preview:-1"},"canonical":"https:\/\/blogdofarnesio.com.br\/2026\/03\/senhor-do-bonfim-publica-mais-uma-convocacao-de-aprovados-no-processo-seletivo-001-2025\/","og_locale":"pt_BR","og_type":"article","og_title":"Senhor do Bonfim publica mais uma convoca\u00e7\u00e3o de aprovados no processo seletivo 001\/2025 - Blog do Farn\u00e9sio","og_description":"A Prefeitura de Senhor do Bonfim publicou no Di\u00e1rio Oficial uma nova convoca\u00e7\u00e3o de candidatos aprovados no Processo Seletivo Simplificado n\u00ba 001\/2025 para apresenta\u00e7\u00e3o de documenta\u00e7\u00e3o. A medida foi oficializada por meio do Decreto n\u00ba 148\/2026, que convoca os aprovados para comparecerem \u00e0 sala de reuni\u00e3o da Prefeitura, localizada na Pra\u00e7a Nova do Congresso, n\u00ba 01, no Central Shopping, 2\u00ba andar, nos dias 11 e 12 de mar\u00e7o, das 8h \u00e0s 12h e das 14h \u00e0s 17h, munidos da documenta\u00e7\u00e3o prevista no edital. Esta \u00e9 a terceira convoca\u00e7\u00e3o publicada pela gest\u00e3o municipal nos \u00faltimos dias. \u201cCom essa nova publica\u00e7\u00e3o j\u00e1 s\u00e3o tr\u00eas convoca\u00e7\u00f5es feitas nos \u00faltimos dias. Fiquem atentos \u00e0s datas. Seguimos avan\u00e7ando na recomposi\u00e7\u00e3o das equipes e garantindo que&hellip;","og_url":"https:\/\/blogdofarnesio.com.br\/2026\/03\/senhor-do-bonfim-publica-mais-uma-convocacao-de-aprovados-no-processo-seletivo-001-2025\/","og_site_name":"Blog do Farn\u00e9sio","article_publisher":"https:\/\/www.facebook.com\/BlogQuerSaberPolitica\/","article_author":"https:\/\/www.facebook.com\/?ref=tn_tnmn","article_published_time":"2026-03-11T13:24:37+00:00","og_image":[{"width":480,"height":414,"url":"https:\/\/blogdofarnesio.com.br\/wp-content\/uploads\/2026\/03\/WhatsApp-Image-2026-03-09-at-09.03.18-e1773104174199.jpeg","type":"image\/jpeg"}],"author":"Farn\u00e9sio","twitter_card":"summary_large_image","twitter_misc":{"Escrito por":"Farn\u00e9sio","Est. tempo de leitura":"2 minutos"},"schema":{"@context":"https:\/\/schema.org","@graph":[{"@type":"Article","@id":"https:\/\/blogdofarnesio.com.br\/2026\/03\/senhor-do-bonfim-publica-mais-uma-convocacao-de-aprovados-no-processo-seletivo-001-2025\/#article","isPartOf":{"@id":"https:\/\/blogdofarnesio.com.br\/2026\/03\/senhor-do-bonfim-publica-mais-uma-convocacao-de-aprovados-no-processo-seletivo-001-2025\/"},"author":{"name":"Farn\u00e9sio","@id":"https:\/\/blogdofarnesio.com.br\/#\/schema\/person\/bb9b23ae3ad0609ce8df7b6c9e76824d"},"headline":"Senhor do Bonfim publica mais uma convoca\u00e7\u00e3o de aprovados no processo seletivo 001\/2025","datePublished":"2026-03-11T13:24:37+00:00","mainEntityOfPage":{"@id":"https:\/\/blogdofarnesio.com.br\/2026\/03\/senhor-do-bonfim-publica-mais-uma-convocacao-de-aprovados-no-processo-seletivo-001-2025\/"},"wordCount":180,"commentCount":0,"publisher":{"@id":"https:\/\/blogdofarnesio.com.br\/#organization"},"image":{"@id":"https:\/\/blogdofarnesio.com.br\/2026\/03\/senhor-do-bonfim-publica-mais-uma-convocacao-de-aprovados-no-processo-seletivo-001-2025\/#primaryimage"},"thumbnailUrl":"https:\/\/blogdofarnesio.com.br\/wp-content\/uploads\/2026\/03\/WhatsApp-Image-2026-03-09-at-09.03.18-e1773104174199.jpeg","articleSection":["Cidades"],"inLanguage":"pt-BR","potentialAction":[{"@type":"CommentAction","name":"Comment","target":["https:\/\/blogdofarnesio.com.br\/2026\/03\/senhor-do-bonfim-publica-mais-uma-convocacao-de-aprovados-no-processo-seletivo-001-2025\/#respond"]}]},{"@type":"WebPage","@id":"https:\/\/blogdofarnesio.com.br\/2026\/03\/senhor-do-bonfim-publica-mais-uma-convocacao-de-aprovados-no-processo-seletivo-001-2025\/","url":"https:\/\/blogdofarnesio.com.br\/2026\/03\/senhor-do-bonfim-publica-mais-uma-convocacao-de-aprovados-no-processo-seletivo-001-2025\/","name":"Senhor do Bonfim publica mais uma convoca\u00e7\u00e3o de aprovados no processo seletivo 001\/2025 - Blog do Farn\u00e9sio","isPartOf":{"@id":"https:\/\/blogdofarnesio.com.br\/#website"},"primaryImageOfPage":{"@id":"https:\/\/blogdofarnesio.com.br\/2026\/03\/senhor-do-bonfim-publica-mais-uma-convocacao-de-aprovados-no-processo-seletivo-001-2025\/#primaryimage"},"image":{"@id":"https:\/\/blogdofarnesio.com.br\/2026\/03\/senhor-do-bonfim-publica-mais-uma-convocacao-de-aprovados-no-processo-seletivo-001-2025\/#primaryimage"},"thumbnailUrl":"https:\/\/blogdofarnesio.com.br\/wp-content\/uploads\/2026\/03\/WhatsApp-Image-2026-03-09-at-09.03.18-e1773104174199.jpeg","datePublished":"2026-03-11T13:24:37+00:00","breadcrumb":{"@id":"https:\/\/blogdofarnesio.com.br\/2026\/03\/senhor-do-bonfim-publica-mais-uma-convocacao-de-aprovados-no-processo-seletivo-001-2025\/#breadcrumb"},"inLanguage":"pt-BR","potentialAction":[{"@type":"ReadAction","target":["https:\/\/blogdofarnesio.com.br\/2026\/03\/senhor-do-bonfim-publica-mais-uma-convocacao-de-aprovados-no-processo-seletivo-001-2025\/"]}]},{"@type":"ImageObject","inLanguage":"pt-BR","@id":"https:\/\/blogdofarnesio.com.br\/2026\/03\/senhor-do-bonfim-publica-mais-uma-convocacao-de-aprovados-no-processo-seletivo-001-2025\/#primaryimage","url":"https:\/\/blogdofarnesio.com.br\/wp-content\/uploads\/2026\/03\/WhatsApp-Image-2026-03-09-at-09.03.18-e1773104174199.jpeg","contentUrl":"https:\/\/blogdofarnesio.com.br\/wp-content\/uploads\/2026\/03\/WhatsApp-Image-2026-03-09-at-09.03.18-e1773104174199.jpeg","width":480,"height":414},{"@type":"BreadcrumbList","@id":"https:\/\/blogdofarnesio.com.br\/2026\/03\/senhor-do-bonfim-publica-mais-uma-convocacao-de-aprovados-no-processo-seletivo-001-2025\/#breadcrumb","itemListElement":[{"@type":"ListItem","position":1,"name":"In\u00edcio","item":"https:\/\/blogdofarnesio.com.br\/"},{"@type":"ListItem","position":2,"name":"Senhor do Bonfim publica mais uma convoca\u00e7\u00e3o de aprovados no processo seletivo 001\/2025"}]},{"@type":"WebSite","@id":"https:\/\/blogdofarnesio.com.br\/#website","url":"https:\/\/blogdofarnesio.com.br\/","name":"Blog do Farn\u00e9sio","description":"Quer Saber Pol\u00edtica?","publisher":{"@id":"https:\/\/blogdofarnesio.com.br\/#organization"},"potentialAction":[{"@type":"SearchAction","target":{"@type":"EntryPoint","urlTemplate":"https:\/\/blogdofarnesio.com.br\/?s={search_term_string}"},"query-input":{"@type":"PropertyValueSpecification","valueRequired":true,"valueName":"search_term_string"}}],"inLanguage":"pt-BR"},{"@type":"Organization","@id":"https:\/\/blogdofarnesio.com.br\/#organization","name":"Blog do Farn\u00e9sio","url":"https:\/\/blogdofarnesio.com.br\/","logo":{"@type":"ImageObject","inLanguage":"pt-BR","@id":"https:\/\/blogdofarnesio.com.br\/#\/schema\/logo\/image\/","url":"https:\/\/blogdofarnesio.com.br\/wp-content\/uploads\/2026\/03\/cropped-logo_new-1.png","contentUrl":"https:\/\/blogdofarnesio.com.br\/wp-content\/uploads\/2026\/03\/cropped-logo_new-1.png","width":881,"height":685,"caption":"Blog do Farn\u00e9sio"},"image":{"@id":"https:\/\/blogdofarnesio.com.br\/#\/schema\/logo\/image\/"},"sameAs":["https:\/\/www.facebook.com\/BlogQuerSaberPolitica\/"]},{"@type":"Person","@id":"https:\/\/blogdofarnesio.com.br\/#\/schema\/person\/bb9b23ae3ad0609ce8df7b6c9e76824d","name":"Farn\u00e9sio","image":{"@type":"ImageObject","inLanguage":"pt-BR","@id":"https:\/\/secure.gravatar.com\/avatar\/986aa4c61ccdb66f8555bf88fc2a65609d00bcabd4d2d94377a727547345cbca?s=96&d=mm&r=g","url":"https:\/\/secure.gravatar.com\/avatar\/986aa4c61ccdb66f8555bf88fc2a65609d00bcabd4d2d94377a727547345cbca?s=96&d=mm&r=g","contentUrl":"https:\/\/secure.gravatar.com\/avatar\/986aa4c61ccdb66f8555bf88fc2a65609d00bcabd4d2d94377a727547345cbca?s=96&d=mm&r=g","caption":"Farn\u00e9sio"},"description":"Radialista blogueiro, chegou a Petrolina\/Juazeiro em setembro de 1980, Farn\u00e9sio Silva \u00e9 de Arapiraca-Alagoas.","sameAs":["http:\/\/blogdofarnesio.com.br","https:\/\/www.facebook.com\/?ref=tn_tnmn","https:\/\/www.instagram.com\/?utm_source=pwa_homescreen","https:\/\/youtube.com.br\/"],"url":"https:\/\/blogdofarnesio.com.br\/author\/farnesio-2\/"}]}},"_links":{"self":[{"href":"https:\/\/blogdofarnesio.com.br\/wp-json\/wp\/v2\/posts\/416774","targetHints":{"allow":["GET"]}}],"collection":[{"href":"https:\/\/blogdofarnesio.com.br\/wp-json\/wp\/v2\/posts"}],"about":[{"href":"https:\/\/blogdofarnesio.com.br\/wp-json\/wp\/v2\/types\/post"}],"author":[{"embeddable":true,"href":"https:\/\/blogdofarnesio.com.br\/wp-json\/wp\/v2\/users\/2"}],"replies":[{"embeddable":true,"href":"https:\/\/blogdofarnesio.com.br\/wp-json\/wp\/v2\/comments?post=416774"}],"version-history":[{"count":1,"href":"https:\/\/blogdofarnesio.com.br\/wp-json\/wp\/v2\/posts\/416774\/revisions"}],"predecessor-version":[{"id":416778,"href":"https:\/\/blogdofarnesio.com.br\/wp-json\/wp\/v2\/posts\/416774\/revisions\/416778"}],"wp:featuredmedia":[{"embeddable":true,"href":"https:\/\/blogdofarnesio.com.br\/wp-json\/wp\/v2\/media\/416777"}],"wp:attachment":[{"href":"https:\/\/blogdofarnesio.com.br\/wp-json\/wp\/v2\/media?parent=416774"}],"wp:term":[{"taxonomy":"category","embeddable":true,"href":"https:\/\/blogdofarnesio.com.br\/wp-json\/wp\/v2\/categories?post=416774"},{"taxonomy":"post_tag","embeddable":true,"href":"https:\/\/blogdofarnesio.com.br\/wp-json\/wp\/v2\/tags?post=416774"}],"curies":[{"name":"wp","href":"https:\/\/api.w.org\/{rel}","templated":true}]}}