{"id":416747,"date":"2026-03-10T08:33:41","date_gmt":"2026-03-10T11:33:41","guid":{"rendered":"https:\/\/blogdofarnesio.com.br\/?p=416747"},"modified":"2026-03-09T20:34:29","modified_gmt":"2026-03-09T23:34:29","slug":"crianca-na-garupa-de-moto-novas-regras-preveem-mudancas-na-idade-minima-para-passageiros","status":"publish","type":"post","link":"https:\/\/blogdofarnesio.com.br\/?p=416747","title":{"rendered":"Crian\u00e7a na garupa de moto: novas regras preveem mudan\u00e7as na idade m\u00ednima para passageiros"},"content":{"rendered":"<section>\n<div class=\"container-fluid page page-noticia py-4\">\n<div class=\"container\">\n<div class=\"row\">\n<div class=\"col-xl-7 col-lg-8 noticia \">\n<div class=\"row\">\n<article class=\"p p__single post-751070 post type-post status-publish format-standard has-post-thumbnail hentry category-seu-direito tag-congresso tag-crianca tag-crianca-na-garupa tag-lei tag-moto\">\n<div class=\"p__single--content\">\n<h2><a class=\"author-link text-dark text-decoration-none\" style=\"font-size: 16px; font-weight: 400;\" href=\"https:\/\/portal6.com.br\/author\/gustavo\/\">Gustavo de Souza\u00a0<\/a><span style=\"font-size: 16px; font-weight: 400;\">&#8211;\u00a0<\/span><\/h2>\n<h2 class=\"retranca\">Projeto em an\u00e1lise na C\u00e2mara quer permitir crian\u00e7a a partir de 5 anos na garupa de motos, desde que seja sob determinados crit\u00e9rios<picture><source srcset=\"https:\/\/portal6.com.br\/wp-content\/uploads\/2026\/03\/751070-20260304-180146-add385-96x96.webp 96w, https:\/\/portal6.com.br\/wp-content\/uploads\/2026\/03\/751070-20260304-180146-add385-150x150.webp 150w, https:\/\/portal6.com.br\/wp-content\/uploads\/2026\/03\/751070-20260304-180146-add385-150x100.webp 150w, https:\/\/portal6.com.br\/wp-content\/uploads\/2026\/03\/751070-20260304-180146-add385-300x200.webp 300w, https:\/\/portal6.com.br\/wp-content\/uploads\/2026\/03\/751070-20260304-180146-add385-640x800.webp 640w, https:\/\/portal6.com.br\/wp-content\/uploads\/2026\/03\/751070-20260304-180146-add385-768x512.webp 768w, https:\/\/portal6.com.br\/wp-content\/uploads\/2026\/03\/751070-20260304-180146-add385-1024x683.webp 1024w, https:\/\/portal6.com.br\/wp-content\/uploads\/2026\/03\/751070-20260304-180146-add385.webp 1200w\" type=\"image\/webp\" sizes=\"(max-width: 1200px) 100vw, 1200px\" \/><\/picture><\/h2>\n<p>Uma proposta em an\u00e1lise na C\u00e2mara dos Deputados pode alterar uma regra importante do tr\u00e2nsito brasileiro: a idade m\u00ednima para crian\u00e7as viajarem na garupa de motocicletas. O projeto prev\u00ea a possibilidade de transportar passageiros a partir dos cinco anos de idade, desde que sejam cumpridas exig\u00eancias de seguran\u00e7a.<\/p>\n<p>Atualmente, o C\u00f3digo de Tr\u00e2nsito Brasileiro (CTB) permite que apenas crian\u00e7as com mais de 10 anos sejam transportadas em motocicletas. O descumprimento dessa norma \u00e9 considerado infra\u00e7\u00e3o grav\u00edssima, com multa de R$ 293,47, sete pontos na Carteira Nacional de Habilita\u00e7\u00e3o (CNH), suspens\u00e3o do direito de dirigir e reten\u00e7\u00e3o do ve\u00edculo.<\/p>\n<h4>O que diz o projeto de lei<\/h4>\n<p>Segundo a Ag\u00eancia C\u00e2mara de Not\u00edcias, o Projeto de Lei 6253\/25, de autoria do deputado Paulo Freire Costa (PL-SP), autoriza o transporte de crian\u00e7as em motos a partir dos cinco anos, desde que sejam observadas condi\u00e7\u00f5es m\u00ednimas de seguran\u00e7a.<\/p>\n<p>O texto determina que a crian\u00e7a utilize um dispositivo de reten\u00e7\u00e3o regulamentado pelo Conselho Nacional de Tr\u00e2nsito (Contran), o que dever\u00e1 garantir maior prote\u00e7\u00e3o durante o transporte.<\/p>\n<p>Na justificativa da proposta, o parlamentar afirma que a legisla\u00e7\u00e3o atual n\u00e3o considera a realidade socioecon\u00f4mica de muitas fam\u00edlias brasileiras.<\/p>\n<p>\u201cAo estabelecer condi\u00e7\u00f5es m\u00ednimas e objetivas para o transporte, preserva-se a prote\u00e7\u00e3o \u00e0 crian\u00e7a sem impor restri\u00e7\u00f5es incompat\u00edveis com a rotina das fam\u00edlias\u201d, declarou.<\/p>\n<h4>Compara\u00e7\u00e3o internacional<\/h4>\n<p>Para embasar o projeto, o deputado cita um estudo de 2016 da Comiss\u00e3o Econ\u00f4mica das Na\u00e7\u00f5es Unidas para a Europa. De acordo com o levantamento, pa\u00edses como B\u00e9lgica, Dinamarca, Fran\u00e7a e It\u00e1lia autorizam o transporte de crian\u00e7as em motocicletas a partir de 3, 5 ou 7 anos, desde que sejam cumpridos requisitos de seguran\u00e7a.<\/p>\n<h4>Pr\u00f3ximos passos<\/h4>\n<p>A proposta ainda est\u00e1 em tramita\u00e7\u00e3o no\u00a0<a href=\"https:\/\/portal6.com.br\/2025\/12\/24\/universidades-federais-congresso-corta-orcamento-que-tera-quase-r-400-milhoes-a-menos-em-2026\/\" target=\"_blank\" rel=\"noopener\">Congresso Nacional<\/a>. O texto ser\u00e1 analisado, em car\u00e1ter conclusivo, pela Comiss\u00e3o de Via\u00e7\u00e3o e Transportes e pela Comiss\u00e3o de Constitui\u00e7\u00e3o e Justi\u00e7a e de Cidadania.<\/p>\n<p>Para virar lei, o projeto ainda precisa ser aprovado pela C\u00e2mara dos Deputados e pelo Senado.<\/p>\n<\/div>\n<\/article>\n<\/div>\n<\/div>\n<\/div>\n<\/div>\n<\/div>\n<\/section>\n","protected":false},"excerpt":{"rendered":"<p>Gustavo de Souza\u00a0&#8211;\u00a0 Projeto em an\u00e1lise na C\u00e2mara quer permitir crian\u00e7a a partir de 5 anos na garupa de motos, desde que seja sob determinados crit\u00e9rios Uma proposta em an\u00e1lise na C\u00e2mara dos Deputados pode alterar uma regra importante do tr\u00e2nsito brasileiro: a idade m\u00ednima para crian\u00e7as viajarem na garupa de motocicletas. O projeto prev\u00ea a possibilidade de transportar passageiros a partir dos cinco anos de idade, desde que sejam cumpridas exig\u00eancias de seguran\u00e7a. Atualmente, o C\u00f3digo de Tr\u00e2nsito Brasileiro (CTB) permite que apenas crian\u00e7as com mais de 10 anos sejam transportadas em motocicletas. O descumprimento dessa norma \u00e9 considerado infra\u00e7\u00e3o grav\u00edssima, com multa de R$ 293,47, sete pontos na Carteira Nacional de Habilita\u00e7\u00e3o (CNH), suspens\u00e3o do direito de dirigir&hellip; <\/p>\n","protected":false},"author":2,"featured_media":416759,"comment_status":"open","ping_status":"open","sticky":false,"template":"","format":"standard","meta":{"_acf_changed":false,"footnotes":""},"categories":[21],"tags":[],"class_list":["post-416747","post","type-post","status-publish","format-standard","has-post-thumbnail","hentry","category-transito"],"acf":[],"yoast_head":"<!-- This site is optimized with the Yoast SEO plugin v27.4 - https:\/\/yoast.com\/product\/yoast-seo-wordpress\/ -->\n<title>Crian\u00e7a na garupa de moto: novas regras preveem mudan\u00e7as na idade m\u00ednima para passageiros - Blog do Farn\u00e9sio<\/title>\n<meta name=\"robots\" content=\"index, follow, max-snippet:-1, max-image-preview:large, max-video-preview:-1\" \/>\n<link rel=\"canonical\" href=\"https:\/\/blogdofarnesio.com.br\/?p=416747\" \/>\n<meta property=\"og:locale\" content=\"pt_BR\" \/>\n<meta property=\"og:type\" content=\"article\" \/>\n<meta property=\"og:title\" content=\"Crian\u00e7a na garupa de moto: novas regras preveem mudan\u00e7as na idade m\u00ednima para passageiros - Blog do Farn\u00e9sio\" \/>\n<meta property=\"og:description\" content=\"Gustavo de Souza\u00a0&#8211;\u00a0 Projeto em an\u00e1lise na C\u00e2mara quer permitir crian\u00e7a a partir de 5 anos na garupa de motos, desde que seja sob determinados crit\u00e9rios Uma proposta em an\u00e1lise na C\u00e2mara dos Deputados pode alterar uma regra importante do tr\u00e2nsito brasileiro: a idade m\u00ednima para crian\u00e7as viajarem na garupa de motocicletas. O projeto prev\u00ea a possibilidade de transportar passageiros a partir dos cinco anos de idade, desde que sejam cumpridas exig\u00eancias de seguran\u00e7a. Atualmente, o C\u00f3digo de Tr\u00e2nsito Brasileiro (CTB) permite que apenas crian\u00e7as com mais de 10 anos sejam transportadas em motocicletas. O descumprimento dessa norma \u00e9 considerado infra\u00e7\u00e3o grav\u00edssima, com multa de R$ 293,47, sete pontos na Carteira Nacional de Habilita\u00e7\u00e3o (CNH), suspens\u00e3o do direito de dirigir&hellip;\" \/>\n<meta property=\"og:url\" content=\"https:\/\/blogdofarnesio.com.br\/?p=416747\" \/>\n<meta property=\"og:site_name\" content=\"Blog do Farn\u00e9sio\" \/>\n<meta property=\"article:publisher\" content=\"https:\/\/www.facebook.com\/BlogQuerSaberPolitica\/\" \/>\n<meta property=\"article:author\" content=\"https:\/\/www.facebook.com\/?ref=tn_tnmn\" \/>\n<meta property=\"article:published_time\" content=\"2026-03-10T11:33:41+00:00\" \/>\n<meta property=\"og:image\" content=\"https:\/\/blogdofarnesio.com.br\/wp-content\/uploads\/2026\/03\/blogqspmoto-garupa-crianca-e1773099238568.webp\" \/>\n\t<meta property=\"og:image:width\" content=\"600\" \/>\n\t<meta property=\"og:image:height\" content=\"400\" \/>\n\t<meta property=\"og:image:type\" content=\"image\/webp\" \/>\n<meta name=\"author\" content=\"Farn\u00e9sio\" \/>\n<meta name=\"twitter:card\" content=\"summary_large_image\" \/>\n<meta name=\"twitter:label1\" content=\"Escrito por\" \/>\n\t<meta name=\"twitter:data1\" content=\"Farn\u00e9sio\" \/>\n\t<meta name=\"twitter:label2\" content=\"Est. tempo de leitura\" \/>\n\t<meta name=\"twitter:data2\" content=\"3 minutos\" \/>\n<script type=\"application\/ld+json\" class=\"yoast-schema-graph\">{\"@context\":\"https:\\\/\\\/schema.org\",\"@graph\":[{\"@type\":\"Article\",\"@id\":\"https:\\\/\\\/blogdofarnesio.com.br\\\/?p=416747#article\",\"isPartOf\":{\"@id\":\"https:\\\/\\\/blogdofarnesio.com.br\\\/?p=416747\"},\"author\":{\"name\":\"Farn\u00e9sio\",\"@id\":\"https:\\\/\\\/blogdofarnesio.com.br\\\/#\\\/schema\\\/person\\\/bb9b23ae3ad0609ce8df7b6c9e76824d\"},\"headline\":\"Crian\u00e7a na garupa de moto: novas regras preveem mudan\u00e7as na idade m\u00ednima para passageiros\",\"datePublished\":\"2026-03-10T11:33:41+00:00\",\"mainEntityOfPage\":{\"@id\":\"https:\\\/\\\/blogdofarnesio.com.br\\\/?p=416747\"},\"wordCount\":416,\"commentCount\":0,\"publisher\":{\"@id\":\"https:\\\/\\\/blogdofarnesio.com.br\\\/#organization\"},\"image\":{\"@id\":\"https:\\\/\\\/blogdofarnesio.com.br\\\/?p=416747#primaryimage\"},\"thumbnailUrl\":\"https:\\\/\\\/blogdofarnesio.com.br\\\/wp-content\\\/uploads\\\/2026\\\/03\\\/blogqspmoto-garupa-crianca-e1773099238568.webp\",\"articleSection\":[\"Tr\u00e2nsito\"],\"inLanguage\":\"pt-BR\",\"potentialAction\":[{\"@type\":\"CommentAction\",\"name\":\"Comment\",\"target\":[\"https:\\\/\\\/blogdofarnesio.com.br\\\/?p=416747#respond\"]}]},{\"@type\":\"WebPage\",\"@id\":\"https:\\\/\\\/blogdofarnesio.com.br\\\/?p=416747\",\"url\":\"https:\\\/\\\/blogdofarnesio.com.br\\\/?p=416747\",\"name\":\"Crian\u00e7a na garupa de moto: novas regras preveem mudan\u00e7as na idade m\u00ednima para passageiros - Blog do Farn\u00e9sio\",\"isPartOf\":{\"@id\":\"https:\\\/\\\/blogdofarnesio.com.br\\\/#website\"},\"primaryImageOfPage\":{\"@id\":\"https:\\\/\\\/blogdofarnesio.com.br\\\/?p=416747#primaryimage\"},\"image\":{\"@id\":\"https:\\\/\\\/blogdofarnesio.com.br\\\/?p=416747#primaryimage\"},\"thumbnailUrl\":\"https:\\\/\\\/blogdofarnesio.com.br\\\/wp-content\\\/uploads\\\/2026\\\/03\\\/blogqspmoto-garupa-crianca-e1773099238568.webp\",\"datePublished\":\"2026-03-10T11:33:41+00:00\",\"breadcrumb\":{\"@id\":\"https:\\\/\\\/blogdofarnesio.com.br\\\/?p=416747#breadcrumb\"},\"inLanguage\":\"pt-BR\",\"potentialAction\":[{\"@type\":\"ReadAction\",\"target\":[\"https:\\\/\\\/blogdofarnesio.com.br\\\/?p=416747\"]}]},{\"@type\":\"ImageObject\",\"inLanguage\":\"pt-BR\",\"@id\":\"https:\\\/\\\/blogdofarnesio.com.br\\\/?p=416747#primaryimage\",\"url\":\"https:\\\/\\\/blogdofarnesio.com.br\\\/wp-content\\\/uploads\\\/2026\\\/03\\\/blogqspmoto-garupa-crianca-e1773099238568.webp\",\"contentUrl\":\"https:\\\/\\\/blogdofarnesio.com.br\\\/wp-content\\\/uploads\\\/2026\\\/03\\\/blogqspmoto-garupa-crianca-e1773099238568.webp\",\"width\":600,\"height\":400},{\"@type\":\"BreadcrumbList\",\"@id\":\"https:\\\/\\\/blogdofarnesio.com.br\\\/?p=416747#breadcrumb\",\"itemListElement\":[{\"@type\":\"ListItem\",\"position\":1,\"name\":\"In\u00edcio\",\"item\":\"https:\\\/\\\/blogdofarnesio.com.br\\\/\"},{\"@type\":\"ListItem\",\"position\":2,\"name\":\"Crian\u00e7a na garupa de moto: novas regras preveem mudan\u00e7as na idade m\u00ednima para passageiros\"}]},{\"@type\":\"WebSite\",\"@id\":\"https:\\\/\\\/blogdofarnesio.com.br\\\/#website\",\"url\":\"https:\\\/\\\/blogdofarnesio.com.br\\\/\",\"name\":\"Blog do Farn\u00e9sio\",\"description\":\"Quer Saber Pol\u00edtica?\",\"publisher\":{\"@id\":\"https:\\\/\\\/blogdofarnesio.com.br\\\/#organization\"},\"potentialAction\":[{\"@type\":\"SearchAction\",\"target\":{\"@type\":\"EntryPoint\",\"urlTemplate\":\"https:\\\/\\\/blogdofarnesio.com.br\\\/?s={search_term_string}\"},\"query-input\":{\"@type\":\"PropertyValueSpecification\",\"valueRequired\":true,\"valueName\":\"search_term_string\"}}],\"inLanguage\":\"pt-BR\"},{\"@type\":\"Organization\",\"@id\":\"https:\\\/\\\/blogdofarnesio.com.br\\\/#organization\",\"name\":\"Blog do Farn\u00e9sio\",\"url\":\"https:\\\/\\\/blogdofarnesio.com.br\\\/\",\"logo\":{\"@type\":\"ImageObject\",\"inLanguage\":\"pt-BR\",\"@id\":\"https:\\\/\\\/blogdofarnesio.com.br\\\/#\\\/schema\\\/logo\\\/image\\\/\",\"url\":\"https:\\\/\\\/blogdofarnesio.com.br\\\/wp-content\\\/uploads\\\/2026\\\/03\\\/cropped-logo_new-1.png\",\"contentUrl\":\"https:\\\/\\\/blogdofarnesio.com.br\\\/wp-content\\\/uploads\\\/2026\\\/03\\\/cropped-logo_new-1.png\",\"width\":881,\"height\":685,\"caption\":\"Blog do Farn\u00e9sio\"},\"image\":{\"@id\":\"https:\\\/\\\/blogdofarnesio.com.br\\\/#\\\/schema\\\/logo\\\/image\\\/\"},\"sameAs\":[\"https:\\\/\\\/www.facebook.com\\\/BlogQuerSaberPolitica\\\/\"]},{\"@type\":\"Person\",\"@id\":\"https:\\\/\\\/blogdofarnesio.com.br\\\/#\\\/schema\\\/person\\\/bb9b23ae3ad0609ce8df7b6c9e76824d\",\"name\":\"Farn\u00e9sio\",\"image\":{\"@type\":\"ImageObject\",\"inLanguage\":\"pt-BR\",\"@id\":\"https:\\\/\\\/secure.gravatar.com\\\/avatar\\\/986aa4c61ccdb66f8555bf88fc2a65609d00bcabd4d2d94377a727547345cbca?s=96&d=mm&r=g\",\"url\":\"https:\\\/\\\/secure.gravatar.com\\\/avatar\\\/986aa4c61ccdb66f8555bf88fc2a65609d00bcabd4d2d94377a727547345cbca?s=96&d=mm&r=g\",\"contentUrl\":\"https:\\\/\\\/secure.gravatar.com\\\/avatar\\\/986aa4c61ccdb66f8555bf88fc2a65609d00bcabd4d2d94377a727547345cbca?s=96&d=mm&r=g\",\"caption\":\"Farn\u00e9sio\"},\"description\":\"Radialista blogueiro, chegou a Petrolina\\\/Juazeiro em setembro de 1980, Farn\u00e9sio Silva \u00e9 de Arapiraca-Alagoas.\",\"sameAs\":[\"http:\\\/\\\/blogdofarnesio.com.br\",\"https:\\\/\\\/www.facebook.com\\\/?ref=tn_tnmn\",\"https:\\\/\\\/www.instagram.com\\\/?utm_source=pwa_homescreen\",\"https:\\\/\\\/youtube.com.br\\\/\"],\"url\":\"https:\\\/\\\/blogdofarnesio.com.br\\\/?author=2\"}]}<\/script>\n<!-- \/ Yoast SEO plugin. -->","yoast_head_json":{"title":"Crian\u00e7a na garupa de moto: novas regras preveem mudan\u00e7as na idade m\u00ednima para passageiros - Blog do Farn\u00e9sio","robots":{"index":"index","follow":"follow","max-snippet":"max-snippet:-1","max-image-preview":"max-image-preview:large","max-video-preview":"max-video-preview:-1"},"canonical":"https:\/\/blogdofarnesio.com.br\/?p=416747","og_locale":"pt_BR","og_type":"article","og_title":"Crian\u00e7a na garupa de moto: novas regras preveem mudan\u00e7as na idade m\u00ednima para passageiros - Blog do Farn\u00e9sio","og_description":"Gustavo de Souza\u00a0&#8211;\u00a0 Projeto em an\u00e1lise na C\u00e2mara quer permitir crian\u00e7a a partir de 5 anos na garupa de motos, desde que seja sob determinados crit\u00e9rios Uma proposta em an\u00e1lise na C\u00e2mara dos Deputados pode alterar uma regra importante do tr\u00e2nsito brasileiro: a idade m\u00ednima para crian\u00e7as viajarem na garupa de motocicletas. O projeto prev\u00ea a possibilidade de transportar passageiros a partir dos cinco anos de idade, desde que sejam cumpridas exig\u00eancias de seguran\u00e7a. Atualmente, o C\u00f3digo de Tr\u00e2nsito Brasileiro (CTB) permite que apenas crian\u00e7as com mais de 10 anos sejam transportadas em motocicletas. O descumprimento dessa norma \u00e9 considerado infra\u00e7\u00e3o grav\u00edssima, com multa de R$ 293,47, sete pontos na Carteira Nacional de Habilita\u00e7\u00e3o (CNH), suspens\u00e3o do direito de dirigir&hellip;","og_url":"https:\/\/blogdofarnesio.com.br\/?p=416747","og_site_name":"Blog do Farn\u00e9sio","article_publisher":"https:\/\/www.facebook.com\/BlogQuerSaberPolitica\/","article_author":"https:\/\/www.facebook.com\/?ref=tn_tnmn","article_published_time":"2026-03-10T11:33:41+00:00","og_image":[{"width":600,"height":400,"url":"https:\/\/blogdofarnesio.com.br\/wp-content\/uploads\/2026\/03\/blogqspmoto-garupa-crianca-e1773099238568.webp","type":"image\/webp"}],"author":"Farn\u00e9sio","twitter_card":"summary_large_image","twitter_misc":{"Escrito por":"Farn\u00e9sio","Est. tempo de leitura":"3 minutos"},"schema":{"@context":"https:\/\/schema.org","@graph":[{"@type":"Article","@id":"https:\/\/blogdofarnesio.com.br\/?p=416747#article","isPartOf":{"@id":"https:\/\/blogdofarnesio.com.br\/?p=416747"},"author":{"name":"Farn\u00e9sio","@id":"https:\/\/blogdofarnesio.com.br\/#\/schema\/person\/bb9b23ae3ad0609ce8df7b6c9e76824d"},"headline":"Crian\u00e7a na garupa de moto: novas regras preveem mudan\u00e7as na idade m\u00ednima para passageiros","datePublished":"2026-03-10T11:33:41+00:00","mainEntityOfPage":{"@id":"https:\/\/blogdofarnesio.com.br\/?p=416747"},"wordCount":416,"commentCount":0,"publisher":{"@id":"https:\/\/blogdofarnesio.com.br\/#organization"},"image":{"@id":"https:\/\/blogdofarnesio.com.br\/?p=416747#primaryimage"},"thumbnailUrl":"https:\/\/blogdofarnesio.com.br\/wp-content\/uploads\/2026\/03\/blogqspmoto-garupa-crianca-e1773099238568.webp","articleSection":["Tr\u00e2nsito"],"inLanguage":"pt-BR","potentialAction":[{"@type":"CommentAction","name":"Comment","target":["https:\/\/blogdofarnesio.com.br\/?p=416747#respond"]}]},{"@type":"WebPage","@id":"https:\/\/blogdofarnesio.com.br\/?p=416747","url":"https:\/\/blogdofarnesio.com.br\/?p=416747","name":"Crian\u00e7a na garupa de moto: novas regras preveem mudan\u00e7as na idade m\u00ednima para passageiros - Blog do Farn\u00e9sio","isPartOf":{"@id":"https:\/\/blogdofarnesio.com.br\/#website"},"primaryImageOfPage":{"@id":"https:\/\/blogdofarnesio.com.br\/?p=416747#primaryimage"},"image":{"@id":"https:\/\/blogdofarnesio.com.br\/?p=416747#primaryimage"},"thumbnailUrl":"https:\/\/blogdofarnesio.com.br\/wp-content\/uploads\/2026\/03\/blogqspmoto-garupa-crianca-e1773099238568.webp","datePublished":"2026-03-10T11:33:41+00:00","breadcrumb":{"@id":"https:\/\/blogdofarnesio.com.br\/?p=416747#breadcrumb"},"inLanguage":"pt-BR","potentialAction":[{"@type":"ReadAction","target":["https:\/\/blogdofarnesio.com.br\/?p=416747"]}]},{"@type":"ImageObject","inLanguage":"pt-BR","@id":"https:\/\/blogdofarnesio.com.br\/?p=416747#primaryimage","url":"https:\/\/blogdofarnesio.com.br\/wp-content\/uploads\/2026\/03\/blogqspmoto-garupa-crianca-e1773099238568.webp","contentUrl":"https:\/\/blogdofarnesio.com.br\/wp-content\/uploads\/2026\/03\/blogqspmoto-garupa-crianca-e1773099238568.webp","width":600,"height":400},{"@type":"BreadcrumbList","@id":"https:\/\/blogdofarnesio.com.br\/?p=416747#breadcrumb","itemListElement":[{"@type":"ListItem","position":1,"name":"In\u00edcio","item":"https:\/\/blogdofarnesio.com.br\/"},{"@type":"ListItem","position":2,"name":"Crian\u00e7a na garupa de moto: novas regras preveem mudan\u00e7as na idade m\u00ednima para passageiros"}]},{"@type":"WebSite","@id":"https:\/\/blogdofarnesio.com.br\/#website","url":"https:\/\/blogdofarnesio.com.br\/","name":"Blog do Farn\u00e9sio","description":"Quer Saber Pol\u00edtica?","publisher":{"@id":"https:\/\/blogdofarnesio.com.br\/#organization"},"potentialAction":[{"@type":"SearchAction","target":{"@type":"EntryPoint","urlTemplate":"https:\/\/blogdofarnesio.com.br\/?s={search_term_string}"},"query-input":{"@type":"PropertyValueSpecification","valueRequired":true,"valueName":"search_term_string"}}],"inLanguage":"pt-BR"},{"@type":"Organization","@id":"https:\/\/blogdofarnesio.com.br\/#organization","name":"Blog do Farn\u00e9sio","url":"https:\/\/blogdofarnesio.com.br\/","logo":{"@type":"ImageObject","inLanguage":"pt-BR","@id":"https:\/\/blogdofarnesio.com.br\/#\/schema\/logo\/image\/","url":"https:\/\/blogdofarnesio.com.br\/wp-content\/uploads\/2026\/03\/cropped-logo_new-1.png","contentUrl":"https:\/\/blogdofarnesio.com.br\/wp-content\/uploads\/2026\/03\/cropped-logo_new-1.png","width":881,"height":685,"caption":"Blog do Farn\u00e9sio"},"image":{"@id":"https:\/\/blogdofarnesio.com.br\/#\/schema\/logo\/image\/"},"sameAs":["https:\/\/www.facebook.com\/BlogQuerSaberPolitica\/"]},{"@type":"Person","@id":"https:\/\/blogdofarnesio.com.br\/#\/schema\/person\/bb9b23ae3ad0609ce8df7b6c9e76824d","name":"Farn\u00e9sio","image":{"@type":"ImageObject","inLanguage":"pt-BR","@id":"https:\/\/secure.gravatar.com\/avatar\/986aa4c61ccdb66f8555bf88fc2a65609d00bcabd4d2d94377a727547345cbca?s=96&d=mm&r=g","url":"https:\/\/secure.gravatar.com\/avatar\/986aa4c61ccdb66f8555bf88fc2a65609d00bcabd4d2d94377a727547345cbca?s=96&d=mm&r=g","contentUrl":"https:\/\/secure.gravatar.com\/avatar\/986aa4c61ccdb66f8555bf88fc2a65609d00bcabd4d2d94377a727547345cbca?s=96&d=mm&r=g","caption":"Farn\u00e9sio"},"description":"Radialista blogueiro, chegou a Petrolina\/Juazeiro em setembro de 1980, Farn\u00e9sio Silva \u00e9 de Arapiraca-Alagoas.","sameAs":["http:\/\/blogdofarnesio.com.br","https:\/\/www.facebook.com\/?ref=tn_tnmn","https:\/\/www.instagram.com\/?utm_source=pwa_homescreen","https:\/\/youtube.com.br\/"],"url":"https:\/\/blogdofarnesio.com.br\/?author=2"}]}},"_links":{"self":[{"href":"https:\/\/blogdofarnesio.com.br\/index.php?rest_route=\/wp\/v2\/posts\/416747","targetHints":{"allow":["GET"]}}],"collection":[{"href":"https:\/\/blogdofarnesio.com.br\/index.php?rest_route=\/wp\/v2\/posts"}],"about":[{"href":"https:\/\/blogdofarnesio.com.br\/index.php?rest_route=\/wp\/v2\/types\/post"}],"author":[{"embeddable":true,"href":"https:\/\/blogdofarnesio.com.br\/index.php?rest_route=\/wp\/v2\/users\/2"}],"replies":[{"embeddable":true,"href":"https:\/\/blogdofarnesio.com.br\/index.php?rest_route=%2Fwp%2Fv2%2Fcomments&post=416747"}],"version-history":[{"count":2,"href":"https:\/\/blogdofarnesio.com.br\/index.php?rest_route=\/wp\/v2\/posts\/416747\/revisions"}],"predecessor-version":[{"id":416760,"href":"https:\/\/blogdofarnesio.com.br\/index.php?rest_route=\/wp\/v2\/posts\/416747\/revisions\/416760"}],"wp:featuredmedia":[{"embeddable":true,"href":"https:\/\/blogdofarnesio.com.br\/index.php?rest_route=\/wp\/v2\/media\/416759"}],"wp:attachment":[{"href":"https:\/\/blogdofarnesio.com.br\/index.php?rest_route=%2Fwp%2Fv2%2Fmedia&parent=416747"}],"wp:term":[{"taxonomy":"category","embeddable":true,"href":"https:\/\/blogdofarnesio.com.br\/index.php?rest_route=%2Fwp%2Fv2%2Fcategories&post=416747"},{"taxonomy":"post_tag","embeddable":true,"href":"https:\/\/blogdofarnesio.com.br\/index.php?rest_route=%2Fwp%2Fv2%2Ftags&post=416747"}],"curies":[{"name":"wp","href":"https:\/\/api.w.org\/{rel}","templated":true}]}}