{"id":416731,"date":"2026-03-09T15:23:48","date_gmt":"2026-03-09T18:23:48","guid":{"rendered":"https:\/\/blogdofarnesio.com.br\/?p=416731"},"modified":"2026-03-09T15:08:25","modified_gmt":"2026-03-09T18:08:25","slug":"regularizacao-fundiaria-integra-programacao-do-bora-petrolina-no-jose-e-maria","status":"publish","type":"post","link":"https:\/\/blogdofarnesio.com.br\/?p=416731","title":{"rendered":"Regulariza\u00e7\u00e3o Fundi\u00e1ria integra programa\u00e7\u00e3o do Bora Petrolina no Jos\u00e9 e Maria"},"content":{"rendered":"<div id=\"nav\">\n<div id=\"speedbump\">\n<div class=\"ObxnS\">\n<div class=\"MefFWe\">\n<div class=\"hbTneb\">\n<div class=\"KkSzKc\">A 20\u00aa edi\u00e7\u00e3o do Bora Petrolina, que acontece neste s\u00e1bado (14), na Escola Municipal Professor Jos\u00e9 Joaquim, no bairro Jos\u00e9 e Maria, e contar\u00e1 com uma importante a\u00e7\u00e3o de Regulariza\u00e7\u00e3o Fundi\u00e1ria da Secretaria de Desenvolvimento Urbano, Habita\u00e7\u00e3o e Sustentabilidade (SEDURBHS).<\/div>\n<div><\/div>\n<div class=\"KkSzKc\">Durante o evento, uma equipe estar\u00e1 dispon\u00edvel para atendimento e entrada de processos de Regulariza\u00e7\u00e3o Fundi\u00e1ria, al\u00e9m de coleta de documentos e esclarecimento de d\u00favidas relacionadas \u00e0 regulariza\u00e7\u00e3o de im\u00f3veis.<\/div>\n<\/div>\n<\/div>\n<\/div>\n<\/div>\n<\/div>\n<div id=\"views\">\n<div id=\"cv_\" class=\" q0CeU  \">\n<div class=\"BMRW0e\">\n<div class=\"uQdvnb\">\n<div class=\"OM62re\">\n<div class=\"Atp2Qd\">\n<div class=\"gmSzme\" data-onclick=\"cvmsgcontainercl+23\">\n<div id=\"cvcmsg_19cd3c431024cb1b\" class=\"ArwC7c\">\n<div id=\"cvcfullmsg_19cd3c431024cb1b\" class=\"LnPMz\">\n<div id=\"cvcmsgbod_19cd3c431024cb1b\" class=\"qgRHze\">\n<div class=\"lR4FQe\">\n<div class=\"IoGNdb Zc0jMc \" dir=\"ltr\">\n<p><span dir=\"auto\">Ao todo, 18 servidores atuam diretamente nos atendimentos, garantindo mais agilidade no suporte \u00e0 popula\u00e7\u00e3o que deseja iniciar ou dar andamento ao seu processo. A iniciativa refor\u00e7a o compromisso de gest\u00e3o municipal em aproximar os servi\u00e7os p\u00fablicos das comunidades, facilitando o acesso \u00e0 documenta\u00e7\u00e3o e promovendo mais seguran\u00e7a jur\u00eddica para as fam\u00edlias. A orienta\u00e7\u00e3o \u00e9 que os moradores compare\u00e7am levando documentos pessoais e toda a documenta\u00e7\u00e3o relacionada ao im\u00f3vel para melhorar o atendimento.<\/span><\/p>\n<p><span dir=\"auto\">Al\u00e9m da Regulariza\u00e7\u00e3o Fundi\u00e1ria, o Bora Petrolina oferecer\u00e1 diversos servi\u00e7os em um s\u00f3 lugar, como castra\u00e7\u00e3o e vacina\u00e7\u00e3o de animais, exames de rotina e especializados, atendimento odontol\u00f3gico e orienta\u00e7\u00f5es sobre direito do consumidor, pens\u00e3o aliment\u00edcia, processos de inclus\u00e3o e cadastro \u00fanico. O atendimento ao p\u00fablico ser\u00e1 das 8h \u00e0s 13h.<\/span><\/p>\n<\/div>\n<\/div>\n<\/div>\n<\/div>\n<\/div>\n<\/div>\n<\/div>\n<\/div>\n<\/div>\n<\/div>\n<\/div>\n<\/div>\n","protected":false},"excerpt":{"rendered":"<p>A 20\u00aa edi\u00e7\u00e3o do Bora Petrolina, que acontece neste s\u00e1bado (14), na Escola Municipal Professor Jos\u00e9 Joaquim, no bairro Jos\u00e9 e Maria, e contar\u00e1 com uma importante a\u00e7\u00e3o de Regulariza\u00e7\u00e3o Fundi\u00e1ria da Secretaria de Desenvolvimento Urbano, Habita\u00e7\u00e3o e Sustentabilidade (SEDURBHS). Durante o evento, uma equipe estar\u00e1 dispon\u00edvel para atendimento e entrada de processos de Regulariza\u00e7\u00e3o Fundi\u00e1ria, al\u00e9m de coleta de documentos e esclarecimento de d\u00favidas relacionadas \u00e0 regulariza\u00e7\u00e3o de im\u00f3veis. Ao todo, 18 servidores atuam diretamente nos atendimentos, garantindo mais agilidade no suporte \u00e0 popula\u00e7\u00e3o que deseja iniciar ou dar andamento ao seu processo. A iniciativa refor\u00e7a o compromisso de gest\u00e3o municipal em aproximar os servi\u00e7os p\u00fablicos das comunidades, facilitando o acesso \u00e0 documenta\u00e7\u00e3o e promovendo mais seguran\u00e7a jur\u00eddica para&hellip; <\/p>\n","protected":false},"author":2,"featured_media":398714,"comment_status":"open","ping_status":"open","sticky":false,"template":"","format":"standard","meta":{"_acf_changed":false,"footnotes":""},"categories":[22],"tags":[],"class_list":["post-416731","post","type-post","status-publish","format-standard","has-post-thumbnail","hentry","category-acao-social"],"acf":[],"yoast_head":"<!-- This site is optimized with the Yoast SEO plugin v27.4 - https:\/\/yoast.com\/product\/yoast-seo-wordpress\/ -->\n<title>Regulariza\u00e7\u00e3o Fundi\u00e1ria integra programa\u00e7\u00e3o do Bora Petrolina no Jos\u00e9 e Maria - Blog do Farn\u00e9sio<\/title>\n<meta name=\"robots\" content=\"index, follow, max-snippet:-1, max-image-preview:large, max-video-preview:-1\" \/>\n<link rel=\"canonical\" href=\"https:\/\/blogdofarnesio.com.br\/?p=416731\" \/>\n<meta property=\"og:locale\" content=\"pt_BR\" \/>\n<meta property=\"og:type\" content=\"article\" \/>\n<meta property=\"og:title\" content=\"Regulariza\u00e7\u00e3o Fundi\u00e1ria integra programa\u00e7\u00e3o do Bora Petrolina no Jos\u00e9 e Maria - Blog do Farn\u00e9sio\" \/>\n<meta property=\"og:description\" content=\"A 20\u00aa edi\u00e7\u00e3o do Bora Petrolina, que acontece neste s\u00e1bado (14), na Escola Municipal Professor Jos\u00e9 Joaquim, no bairro Jos\u00e9 e Maria, e contar\u00e1 com uma importante a\u00e7\u00e3o de Regulariza\u00e7\u00e3o Fundi\u00e1ria da Secretaria de Desenvolvimento Urbano, Habita\u00e7\u00e3o e Sustentabilidade (SEDURBHS). Durante o evento, uma equipe estar\u00e1 dispon\u00edvel para atendimento e entrada de processos de Regulariza\u00e7\u00e3o Fundi\u00e1ria, al\u00e9m de coleta de documentos e esclarecimento de d\u00favidas relacionadas \u00e0 regulariza\u00e7\u00e3o de im\u00f3veis. Ao todo, 18 servidores atuam diretamente nos atendimentos, garantindo mais agilidade no suporte \u00e0 popula\u00e7\u00e3o que deseja iniciar ou dar andamento ao seu processo. A iniciativa refor\u00e7a o compromisso de gest\u00e3o municipal em aproximar os servi\u00e7os p\u00fablicos das comunidades, facilitando o acesso \u00e0 documenta\u00e7\u00e3o e promovendo mais seguran\u00e7a jur\u00eddica para&hellip;\" \/>\n<meta property=\"og:url\" content=\"https:\/\/blogdofarnesio.com.br\/?p=416731\" \/>\n<meta property=\"og:site_name\" content=\"Blog do Farn\u00e9sio\" \/>\n<meta property=\"article:publisher\" content=\"https:\/\/www.facebook.com\/BlogQuerSaberPolitica\/\" \/>\n<meta property=\"article:author\" content=\"https:\/\/www.facebook.com\/?ref=tn_tnmn\" \/>\n<meta property=\"article:published_time\" content=\"2026-03-09T18:23:48+00:00\" \/>\n<meta property=\"og:image\" content=\"https:\/\/blogdofarnesio.com.br\/wp-content\/uploads\/2025\/07\/blogqsppet-legal-Erlan-Alexandre-Sao-Goncalo-9-scaled.jpeg\" \/>\n\t<meta property=\"og:image:width\" content=\"2560\" \/>\n\t<meta property=\"og:image:height\" content=\"1706\" \/>\n\t<meta property=\"og:image:type\" content=\"image\/jpeg\" \/>\n<meta name=\"author\" content=\"Farn\u00e9sio\" \/>\n<meta name=\"twitter:card\" content=\"summary_large_image\" \/>\n<meta name=\"twitter:label1\" content=\"Escrito por\" \/>\n\t<meta name=\"twitter:data1\" content=\"Farn\u00e9sio\" \/>\n\t<meta name=\"twitter:label2\" content=\"Est. tempo de leitura\" \/>\n\t<meta name=\"twitter:data2\" content=\"2 minutos\" \/>\n<script type=\"application\/ld+json\" class=\"yoast-schema-graph\">{\"@context\":\"https:\\\/\\\/schema.org\",\"@graph\":[{\"@type\":\"Article\",\"@id\":\"https:\\\/\\\/blogdofarnesio.com.br\\\/?p=416731#article\",\"isPartOf\":{\"@id\":\"https:\\\/\\\/blogdofarnesio.com.br\\\/?p=416731\"},\"author\":{\"name\":\"Farn\u00e9sio\",\"@id\":\"https:\\\/\\\/blogdofarnesio.com.br\\\/#\\\/schema\\\/person\\\/bb9b23ae3ad0609ce8df7b6c9e76824d\"},\"headline\":\"Regulariza\u00e7\u00e3o Fundi\u00e1ria integra programa\u00e7\u00e3o do Bora Petrolina no Jos\u00e9 e Maria\",\"datePublished\":\"2026-03-09T18:23:48+00:00\",\"mainEntityOfPage\":{\"@id\":\"https:\\\/\\\/blogdofarnesio.com.br\\\/?p=416731\"},\"wordCount\":238,\"commentCount\":0,\"publisher\":{\"@id\":\"https:\\\/\\\/blogdofarnesio.com.br\\\/#organization\"},\"image\":{\"@id\":\"https:\\\/\\\/blogdofarnesio.com.br\\\/?p=416731#primaryimage\"},\"thumbnailUrl\":\"https:\\\/\\\/blogdofarnesio.com.br\\\/wp-content\\\/uploads\\\/2025\\\/07\\\/blogqsppet-legal-Erlan-Alexandre-Sao-Goncalo-9-scaled.jpeg\",\"articleSection\":[\"A\u00e7\u00e3o Social\"],\"inLanguage\":\"pt-BR\",\"potentialAction\":[{\"@type\":\"CommentAction\",\"name\":\"Comment\",\"target\":[\"https:\\\/\\\/blogdofarnesio.com.br\\\/?p=416731#respond\"]}]},{\"@type\":\"WebPage\",\"@id\":\"https:\\\/\\\/blogdofarnesio.com.br\\\/?p=416731\",\"url\":\"https:\\\/\\\/blogdofarnesio.com.br\\\/?p=416731\",\"name\":\"Regulariza\u00e7\u00e3o Fundi\u00e1ria integra programa\u00e7\u00e3o do Bora Petrolina no Jos\u00e9 e Maria - Blog do Farn\u00e9sio\",\"isPartOf\":{\"@id\":\"https:\\\/\\\/blogdofarnesio.com.br\\\/#website\"},\"primaryImageOfPage\":{\"@id\":\"https:\\\/\\\/blogdofarnesio.com.br\\\/?p=416731#primaryimage\"},\"image\":{\"@id\":\"https:\\\/\\\/blogdofarnesio.com.br\\\/?p=416731#primaryimage\"},\"thumbnailUrl\":\"https:\\\/\\\/blogdofarnesio.com.br\\\/wp-content\\\/uploads\\\/2025\\\/07\\\/blogqsppet-legal-Erlan-Alexandre-Sao-Goncalo-9-scaled.jpeg\",\"datePublished\":\"2026-03-09T18:23:48+00:00\",\"breadcrumb\":{\"@id\":\"https:\\\/\\\/blogdofarnesio.com.br\\\/?p=416731#breadcrumb\"},\"inLanguage\":\"pt-BR\",\"potentialAction\":[{\"@type\":\"ReadAction\",\"target\":[\"https:\\\/\\\/blogdofarnesio.com.br\\\/?p=416731\"]}]},{\"@type\":\"ImageObject\",\"inLanguage\":\"pt-BR\",\"@id\":\"https:\\\/\\\/blogdofarnesio.com.br\\\/?p=416731#primaryimage\",\"url\":\"https:\\\/\\\/blogdofarnesio.com.br\\\/wp-content\\\/uploads\\\/2025\\\/07\\\/blogqsppet-legal-Erlan-Alexandre-Sao-Goncalo-9-scaled.jpeg\",\"contentUrl\":\"https:\\\/\\\/blogdofarnesio.com.br\\\/wp-content\\\/uploads\\\/2025\\\/07\\\/blogqsppet-legal-Erlan-Alexandre-Sao-Goncalo-9-scaled.jpeg\",\"width\":2560,\"height\":1706},{\"@type\":\"BreadcrumbList\",\"@id\":\"https:\\\/\\\/blogdofarnesio.com.br\\\/?p=416731#breadcrumb\",\"itemListElement\":[{\"@type\":\"ListItem\",\"position\":1,\"name\":\"In\u00edcio\",\"item\":\"https:\\\/\\\/blogdofarnesio.com.br\\\/\"},{\"@type\":\"ListItem\",\"position\":2,\"name\":\"Regulariza\u00e7\u00e3o Fundi\u00e1ria integra programa\u00e7\u00e3o do Bora Petrolina no Jos\u00e9 e Maria\"}]},{\"@type\":\"WebSite\",\"@id\":\"https:\\\/\\\/blogdofarnesio.com.br\\\/#website\",\"url\":\"https:\\\/\\\/blogdofarnesio.com.br\\\/\",\"name\":\"Blog do Farn\u00e9sio\",\"description\":\"Quer Saber Pol\u00edtica?\",\"publisher\":{\"@id\":\"https:\\\/\\\/blogdofarnesio.com.br\\\/#organization\"},\"potentialAction\":[{\"@type\":\"SearchAction\",\"target\":{\"@type\":\"EntryPoint\",\"urlTemplate\":\"https:\\\/\\\/blogdofarnesio.com.br\\\/?s={search_term_string}\"},\"query-input\":{\"@type\":\"PropertyValueSpecification\",\"valueRequired\":true,\"valueName\":\"search_term_string\"}}],\"inLanguage\":\"pt-BR\"},{\"@type\":\"Organization\",\"@id\":\"https:\\\/\\\/blogdofarnesio.com.br\\\/#organization\",\"name\":\"Blog do Farn\u00e9sio\",\"url\":\"https:\\\/\\\/blogdofarnesio.com.br\\\/\",\"logo\":{\"@type\":\"ImageObject\",\"inLanguage\":\"pt-BR\",\"@id\":\"https:\\\/\\\/blogdofarnesio.com.br\\\/#\\\/schema\\\/logo\\\/image\\\/\",\"url\":\"https:\\\/\\\/blogdofarnesio.com.br\\\/wp-content\\\/uploads\\\/2026\\\/03\\\/cropped-logo_new-1.png\",\"contentUrl\":\"https:\\\/\\\/blogdofarnesio.com.br\\\/wp-content\\\/uploads\\\/2026\\\/03\\\/cropped-logo_new-1.png\",\"width\":881,\"height\":685,\"caption\":\"Blog do Farn\u00e9sio\"},\"image\":{\"@id\":\"https:\\\/\\\/blogdofarnesio.com.br\\\/#\\\/schema\\\/logo\\\/image\\\/\"},\"sameAs\":[\"https:\\\/\\\/www.facebook.com\\\/BlogQuerSaberPolitica\\\/\"]},{\"@type\":\"Person\",\"@id\":\"https:\\\/\\\/blogdofarnesio.com.br\\\/#\\\/schema\\\/person\\\/bb9b23ae3ad0609ce8df7b6c9e76824d\",\"name\":\"Farn\u00e9sio\",\"image\":{\"@type\":\"ImageObject\",\"inLanguage\":\"pt-BR\",\"@id\":\"https:\\\/\\\/secure.gravatar.com\\\/avatar\\\/986aa4c61ccdb66f8555bf88fc2a65609d00bcabd4d2d94377a727547345cbca?s=96&d=mm&r=g\",\"url\":\"https:\\\/\\\/secure.gravatar.com\\\/avatar\\\/986aa4c61ccdb66f8555bf88fc2a65609d00bcabd4d2d94377a727547345cbca?s=96&d=mm&r=g\",\"contentUrl\":\"https:\\\/\\\/secure.gravatar.com\\\/avatar\\\/986aa4c61ccdb66f8555bf88fc2a65609d00bcabd4d2d94377a727547345cbca?s=96&d=mm&r=g\",\"caption\":\"Farn\u00e9sio\"},\"description\":\"Radialista blogueiro, chegou a Petrolina\\\/Juazeiro em setembro de 1980, Farn\u00e9sio Silva \u00e9 de Arapiraca-Alagoas.\",\"sameAs\":[\"http:\\\/\\\/blogdofarnesio.com.br\",\"https:\\\/\\\/www.facebook.com\\\/?ref=tn_tnmn\",\"https:\\\/\\\/www.instagram.com\\\/?utm_source=pwa_homescreen\",\"https:\\\/\\\/youtube.com.br\\\/\"],\"url\":\"https:\\\/\\\/blogdofarnesio.com.br\\\/?author=2\"}]}<\/script>\n<!-- \/ Yoast SEO plugin. -->","yoast_head_json":{"title":"Regulariza\u00e7\u00e3o Fundi\u00e1ria integra programa\u00e7\u00e3o do Bora Petrolina no Jos\u00e9 e Maria - Blog do Farn\u00e9sio","robots":{"index":"index","follow":"follow","max-snippet":"max-snippet:-1","max-image-preview":"max-image-preview:large","max-video-preview":"max-video-preview:-1"},"canonical":"https:\/\/blogdofarnesio.com.br\/?p=416731","og_locale":"pt_BR","og_type":"article","og_title":"Regulariza\u00e7\u00e3o Fundi\u00e1ria integra programa\u00e7\u00e3o do Bora Petrolina no Jos\u00e9 e Maria - Blog do Farn\u00e9sio","og_description":"A 20\u00aa edi\u00e7\u00e3o do Bora Petrolina, que acontece neste s\u00e1bado (14), na Escola Municipal Professor Jos\u00e9 Joaquim, no bairro Jos\u00e9 e Maria, e contar\u00e1 com uma importante a\u00e7\u00e3o de Regulariza\u00e7\u00e3o Fundi\u00e1ria da Secretaria de Desenvolvimento Urbano, Habita\u00e7\u00e3o e Sustentabilidade (SEDURBHS). Durante o evento, uma equipe estar\u00e1 dispon\u00edvel para atendimento e entrada de processos de Regulariza\u00e7\u00e3o Fundi\u00e1ria, al\u00e9m de coleta de documentos e esclarecimento de d\u00favidas relacionadas \u00e0 regulariza\u00e7\u00e3o de im\u00f3veis. Ao todo, 18 servidores atuam diretamente nos atendimentos, garantindo mais agilidade no suporte \u00e0 popula\u00e7\u00e3o que deseja iniciar ou dar andamento ao seu processo. A iniciativa refor\u00e7a o compromisso de gest\u00e3o municipal em aproximar os servi\u00e7os p\u00fablicos das comunidades, facilitando o acesso \u00e0 documenta\u00e7\u00e3o e promovendo mais seguran\u00e7a jur\u00eddica para&hellip;","og_url":"https:\/\/blogdofarnesio.com.br\/?p=416731","og_site_name":"Blog do Farn\u00e9sio","article_publisher":"https:\/\/www.facebook.com\/BlogQuerSaberPolitica\/","article_author":"https:\/\/www.facebook.com\/?ref=tn_tnmn","article_published_time":"2026-03-09T18:23:48+00:00","og_image":[{"width":2560,"height":1706,"url":"https:\/\/blogdofarnesio.com.br\/wp-content\/uploads\/2025\/07\/blogqsppet-legal-Erlan-Alexandre-Sao-Goncalo-9-scaled.jpeg","type":"image\/jpeg"}],"author":"Farn\u00e9sio","twitter_card":"summary_large_image","twitter_misc":{"Escrito por":"Farn\u00e9sio","Est. tempo de leitura":"2 minutos"},"schema":{"@context":"https:\/\/schema.org","@graph":[{"@type":"Article","@id":"https:\/\/blogdofarnesio.com.br\/?p=416731#article","isPartOf":{"@id":"https:\/\/blogdofarnesio.com.br\/?p=416731"},"author":{"name":"Farn\u00e9sio","@id":"https:\/\/blogdofarnesio.com.br\/#\/schema\/person\/bb9b23ae3ad0609ce8df7b6c9e76824d"},"headline":"Regulariza\u00e7\u00e3o Fundi\u00e1ria integra programa\u00e7\u00e3o do Bora Petrolina no Jos\u00e9 e Maria","datePublished":"2026-03-09T18:23:48+00:00","mainEntityOfPage":{"@id":"https:\/\/blogdofarnesio.com.br\/?p=416731"},"wordCount":238,"commentCount":0,"publisher":{"@id":"https:\/\/blogdofarnesio.com.br\/#organization"},"image":{"@id":"https:\/\/blogdofarnesio.com.br\/?p=416731#primaryimage"},"thumbnailUrl":"https:\/\/blogdofarnesio.com.br\/wp-content\/uploads\/2025\/07\/blogqsppet-legal-Erlan-Alexandre-Sao-Goncalo-9-scaled.jpeg","articleSection":["A\u00e7\u00e3o Social"],"inLanguage":"pt-BR","potentialAction":[{"@type":"CommentAction","name":"Comment","target":["https:\/\/blogdofarnesio.com.br\/?p=416731#respond"]}]},{"@type":"WebPage","@id":"https:\/\/blogdofarnesio.com.br\/?p=416731","url":"https:\/\/blogdofarnesio.com.br\/?p=416731","name":"Regulariza\u00e7\u00e3o Fundi\u00e1ria integra programa\u00e7\u00e3o do Bora Petrolina no Jos\u00e9 e Maria - Blog do Farn\u00e9sio","isPartOf":{"@id":"https:\/\/blogdofarnesio.com.br\/#website"},"primaryImageOfPage":{"@id":"https:\/\/blogdofarnesio.com.br\/?p=416731#primaryimage"},"image":{"@id":"https:\/\/blogdofarnesio.com.br\/?p=416731#primaryimage"},"thumbnailUrl":"https:\/\/blogdofarnesio.com.br\/wp-content\/uploads\/2025\/07\/blogqsppet-legal-Erlan-Alexandre-Sao-Goncalo-9-scaled.jpeg","datePublished":"2026-03-09T18:23:48+00:00","breadcrumb":{"@id":"https:\/\/blogdofarnesio.com.br\/?p=416731#breadcrumb"},"inLanguage":"pt-BR","potentialAction":[{"@type":"ReadAction","target":["https:\/\/blogdofarnesio.com.br\/?p=416731"]}]},{"@type":"ImageObject","inLanguage":"pt-BR","@id":"https:\/\/blogdofarnesio.com.br\/?p=416731#primaryimage","url":"https:\/\/blogdofarnesio.com.br\/wp-content\/uploads\/2025\/07\/blogqsppet-legal-Erlan-Alexandre-Sao-Goncalo-9-scaled.jpeg","contentUrl":"https:\/\/blogdofarnesio.com.br\/wp-content\/uploads\/2025\/07\/blogqsppet-legal-Erlan-Alexandre-Sao-Goncalo-9-scaled.jpeg","width":2560,"height":1706},{"@type":"BreadcrumbList","@id":"https:\/\/blogdofarnesio.com.br\/?p=416731#breadcrumb","itemListElement":[{"@type":"ListItem","position":1,"name":"In\u00edcio","item":"https:\/\/blogdofarnesio.com.br\/"},{"@type":"ListItem","position":2,"name":"Regulariza\u00e7\u00e3o Fundi\u00e1ria integra programa\u00e7\u00e3o do Bora Petrolina no Jos\u00e9 e Maria"}]},{"@type":"WebSite","@id":"https:\/\/blogdofarnesio.com.br\/#website","url":"https:\/\/blogdofarnesio.com.br\/","name":"Blog do Farn\u00e9sio","description":"Quer Saber Pol\u00edtica?","publisher":{"@id":"https:\/\/blogdofarnesio.com.br\/#organization"},"potentialAction":[{"@type":"SearchAction","target":{"@type":"EntryPoint","urlTemplate":"https:\/\/blogdofarnesio.com.br\/?s={search_term_string}"},"query-input":{"@type":"PropertyValueSpecification","valueRequired":true,"valueName":"search_term_string"}}],"inLanguage":"pt-BR"},{"@type":"Organization","@id":"https:\/\/blogdofarnesio.com.br\/#organization","name":"Blog do Farn\u00e9sio","url":"https:\/\/blogdofarnesio.com.br\/","logo":{"@type":"ImageObject","inLanguage":"pt-BR","@id":"https:\/\/blogdofarnesio.com.br\/#\/schema\/logo\/image\/","url":"https:\/\/blogdofarnesio.com.br\/wp-content\/uploads\/2026\/03\/cropped-logo_new-1.png","contentUrl":"https:\/\/blogdofarnesio.com.br\/wp-content\/uploads\/2026\/03\/cropped-logo_new-1.png","width":881,"height":685,"caption":"Blog do Farn\u00e9sio"},"image":{"@id":"https:\/\/blogdofarnesio.com.br\/#\/schema\/logo\/image\/"},"sameAs":["https:\/\/www.facebook.com\/BlogQuerSaberPolitica\/"]},{"@type":"Person","@id":"https:\/\/blogdofarnesio.com.br\/#\/schema\/person\/bb9b23ae3ad0609ce8df7b6c9e76824d","name":"Farn\u00e9sio","image":{"@type":"ImageObject","inLanguage":"pt-BR","@id":"https:\/\/secure.gravatar.com\/avatar\/986aa4c61ccdb66f8555bf88fc2a65609d00bcabd4d2d94377a727547345cbca?s=96&d=mm&r=g","url":"https:\/\/secure.gravatar.com\/avatar\/986aa4c61ccdb66f8555bf88fc2a65609d00bcabd4d2d94377a727547345cbca?s=96&d=mm&r=g","contentUrl":"https:\/\/secure.gravatar.com\/avatar\/986aa4c61ccdb66f8555bf88fc2a65609d00bcabd4d2d94377a727547345cbca?s=96&d=mm&r=g","caption":"Farn\u00e9sio"},"description":"Radialista blogueiro, chegou a Petrolina\/Juazeiro em setembro de 1980, Farn\u00e9sio Silva \u00e9 de Arapiraca-Alagoas.","sameAs":["http:\/\/blogdofarnesio.com.br","https:\/\/www.facebook.com\/?ref=tn_tnmn","https:\/\/www.instagram.com\/?utm_source=pwa_homescreen","https:\/\/youtube.com.br\/"],"url":"https:\/\/blogdofarnesio.com.br\/?author=2"}]}},"_links":{"self":[{"href":"https:\/\/blogdofarnesio.com.br\/index.php?rest_route=\/wp\/v2\/posts\/416731","targetHints":{"allow":["GET"]}}],"collection":[{"href":"https:\/\/blogdofarnesio.com.br\/index.php?rest_route=\/wp\/v2\/posts"}],"about":[{"href":"https:\/\/blogdofarnesio.com.br\/index.php?rest_route=\/wp\/v2\/types\/post"}],"author":[{"embeddable":true,"href":"https:\/\/blogdofarnesio.com.br\/index.php?rest_route=\/wp\/v2\/users\/2"}],"replies":[{"embeddable":true,"href":"https:\/\/blogdofarnesio.com.br\/index.php?rest_route=%2Fwp%2Fv2%2Fcomments&post=416731"}],"version-history":[{"count":1,"href":"https:\/\/blogdofarnesio.com.br\/index.php?rest_route=\/wp\/v2\/posts\/416731\/revisions"}],"predecessor-version":[{"id":416732,"href":"https:\/\/blogdofarnesio.com.br\/index.php?rest_route=\/wp\/v2\/posts\/416731\/revisions\/416732"}],"wp:featuredmedia":[{"embeddable":true,"href":"https:\/\/blogdofarnesio.com.br\/index.php?rest_route=\/wp\/v2\/media\/398714"}],"wp:attachment":[{"href":"https:\/\/blogdofarnesio.com.br\/index.php?rest_route=%2Fwp%2Fv2%2Fmedia&parent=416731"}],"wp:term":[{"taxonomy":"category","embeddable":true,"href":"https:\/\/blogdofarnesio.com.br\/index.php?rest_route=%2Fwp%2Fv2%2Fcategories&post=416731"},{"taxonomy":"post_tag","embeddable":true,"href":"https:\/\/blogdofarnesio.com.br\/index.php?rest_route=%2Fwp%2Fv2%2Ftags&post=416731"}],"curies":[{"name":"wp","href":"https:\/\/api.w.org\/{rel}","templated":true}]}}