{"id":416717,"date":"2026-03-09T14:00:28","date_gmt":"2026-03-09T17:00:28","guid":{"rendered":"https:\/\/blogdofarnesio.com.br\/?p=416717"},"modified":"2026-03-08T18:05:49","modified_gmt":"2026-03-08T21:05:49","slug":"interessados-em-fazer-parte-da-rede-municipal-de-petrolina-podem-solicitar-vagas-remanescentes-no-cadastro-reserva","status":"publish","type":"post","link":"https:\/\/blogdofarnesio.com.br\/?p=416717","title":{"rendered":"Interessados em fazer parte da rede municipal de Petrolina podem solicitar vagas remanescentes no Cadastro Reserva"},"content":{"rendered":"<p>O processo de matr\u00edcula anual da rede municipal de Educa\u00e7\u00e3o encerrou as principais atividades no m\u00eas de fevereiro, mas aqueles que buscam ingressar na rede ainda t\u00eam essa oportunidade. Pensando nos interessados nas vagas remanescentes nas unidades, bem como vagas na Educa\u00e7\u00e3o de Jovens e Adultos, a Prefeitura de Petrolina, por meio da Secretaria de Educa\u00e7\u00e3o, Cultura e Esporte (SEDUCE)\u00a0 lan\u00e7ou o Cadastro Reserva.<\/p>\n<p>A ferramenta, desenvolvida na plataforma educacional, permite que os respons\u00e1veis solicitem vagas ap\u00f3s o per\u00edodo regular de matr\u00edcula, caso a unidade pretendida n\u00e3o tenha vagas imediatas. Para realizar o cadastro, \u00e9 necess\u00e1rio se dirigir a uma unidade escolar e apresentar as principais informa\u00e7\u00f5es do estudante e do respons\u00e1vel, como RG, CPF e comprovante de resid\u00eancia. Ap\u00f3s o registro, os pais poder\u00e3o acompanhar o andamento do cadastro com transpar\u00eancia e efici\u00eancia, atrav\u00e9s do site:\u00a0<a href=\"http:\/\/www.edu.petrolina.g12.br\/\" target=\"_blank\" rel=\"noopener\" data-saferedirecturl=\"https:\/\/www.google.com\/url?q=http:\/\/www.edu.petrolina.g12.br&amp;source=gmail&amp;ust=1773085524737000&amp;usg=AOvVaw2Mgt2FTRUj81kKi6rpvCrO\">www.edu.petrolina.g12.br<\/a>.<\/p>\n<p>Al\u00e9m disso, o Cadastro Reserva tamb\u00e9m funciona como instrumento de mapeamento para identificar crian\u00e7as a partir de seis meses que buscar\u00e3o vaga nas unidades assim que completarem a idade m\u00ednima exigida, bem como estudantes interessados em transfer\u00eancia ao longo do ano letivo. O sistema de matr\u00edculas online, tem facilitado o processo de cadastro, tornando-o mais organizado, transparente e baseado em crit\u00e9rios definidos. Em caso de d\u00favidas, pais ou respons\u00e1veis podem entrar em contato pelo WhatsApp (87) 3983-6440.<\/p>\n<p>Texto: Amanda Rodrigues \u2013 Assessoria de Comunica\u00e7\u00e3o<\/p>\n","protected":false},"excerpt":{"rendered":"<p>O processo de matr\u00edcula anual da rede municipal de Educa\u00e7\u00e3o encerrou as principais atividades no m\u00eas de fevereiro, mas aqueles que buscam ingressar na rede ainda t\u00eam essa oportunidade. Pensando nos interessados nas vagas remanescentes nas unidades, bem como vagas na Educa\u00e7\u00e3o de Jovens e Adultos, a Prefeitura de Petrolina, por meio da Secretaria de Educa\u00e7\u00e3o, Cultura e Esporte (SEDUCE)\u00a0 lan\u00e7ou o Cadastro Reserva. A ferramenta, desenvolvida na plataforma educacional, permite que os respons\u00e1veis solicitem vagas ap\u00f3s o per\u00edodo regular de matr\u00edcula, caso a unidade pretendida n\u00e3o tenha vagas imediatas. Para realizar o cadastro, \u00e9 necess\u00e1rio se dirigir a uma unidade escolar e apresentar as principais informa\u00e7\u00f5es do estudante e do respons\u00e1vel, como RG, CPF e comprovante de resid\u00eancia. Ap\u00f3s&hellip; <\/p>\n","protected":false},"author":2,"featured_media":190744,"comment_status":"open","ping_status":"open","sticky":false,"template":"","format":"standard","meta":{"_acf_changed":false,"footnotes":""},"categories":[6],"tags":[],"class_list":["post-416717","post","type-post","status-publish","format-standard","has-post-thumbnail","hentry","category-educacao"],"acf":[],"yoast_head":"<!-- This site is optimized with the Yoast SEO plugin v27.4 - https:\/\/yoast.com\/product\/yoast-seo-wordpress\/ -->\n<title>Interessados em fazer parte da rede municipal de Petrolina podem solicitar vagas remanescentes no Cadastro Reserva - Blog do Farn\u00e9sio<\/title>\n<meta name=\"robots\" content=\"index, follow, max-snippet:-1, max-image-preview:large, max-video-preview:-1\" \/>\n<link rel=\"canonical\" href=\"https:\/\/blogdofarnesio.com.br\/?p=416717\" \/>\n<meta property=\"og:locale\" content=\"pt_BR\" \/>\n<meta property=\"og:type\" content=\"article\" \/>\n<meta property=\"og:title\" content=\"Interessados em fazer parte da rede municipal de Petrolina podem solicitar vagas remanescentes no Cadastro Reserva - Blog do Farn\u00e9sio\" \/>\n<meta property=\"og:description\" content=\"O processo de matr\u00edcula anual da rede municipal de Educa\u00e7\u00e3o encerrou as principais atividades no m\u00eas de fevereiro, mas aqueles que buscam ingressar na rede ainda t\u00eam essa oportunidade. Pensando nos interessados nas vagas remanescentes nas unidades, bem como vagas na Educa\u00e7\u00e3o de Jovens e Adultos, a Prefeitura de Petrolina, por meio da Secretaria de Educa\u00e7\u00e3o, Cultura e Esporte (SEDUCE)\u00a0 lan\u00e7ou o Cadastro Reserva. A ferramenta, desenvolvida na plataforma educacional, permite que os respons\u00e1veis solicitem vagas ap\u00f3s o per\u00edodo regular de matr\u00edcula, caso a unidade pretendida n\u00e3o tenha vagas imediatas. Para realizar o cadastro, \u00e9 necess\u00e1rio se dirigir a uma unidade escolar e apresentar as principais informa\u00e7\u00f5es do estudante e do respons\u00e1vel, como RG, CPF e comprovante de resid\u00eancia. Ap\u00f3s&hellip;\" \/>\n<meta property=\"og:url\" content=\"https:\/\/blogdofarnesio.com.br\/?p=416717\" \/>\n<meta property=\"og:site_name\" content=\"Blog do Farn\u00e9sio\" \/>\n<meta property=\"article:publisher\" content=\"https:\/\/www.facebook.com\/BlogQuerSaberPolitica\/\" \/>\n<meta property=\"article:author\" content=\"https:\/\/www.facebook.com\/?ref=tn_tnmn\" \/>\n<meta property=\"article:published_time\" content=\"2026-03-09T17:00:28+00:00\" \/>\n<meta property=\"og:image\" content=\"https:\/\/blogdofarnesio.com.br\/wp-content\/uploads\/2018\/03\/blogqspCadastro-de-Reserva-1.jpg\" \/>\n\t<meta property=\"og:image:width\" content=\"448\" \/>\n\t<meta property=\"og:image:height\" content=\"315\" \/>\n\t<meta property=\"og:image:type\" content=\"image\/jpeg\" \/>\n<meta name=\"author\" content=\"Farn\u00e9sio\" \/>\n<meta name=\"twitter:card\" content=\"summary_large_image\" \/>\n<meta name=\"twitter:label1\" content=\"Escrito por\" \/>\n\t<meta name=\"twitter:data1\" content=\"Farn\u00e9sio\" \/>\n\t<meta name=\"twitter:label2\" content=\"Est. tempo de leitura\" \/>\n\t<meta name=\"twitter:data2\" content=\"2 minutos\" \/>\n<script type=\"application\/ld+json\" class=\"yoast-schema-graph\">{\"@context\":\"https:\\\/\\\/schema.org\",\"@graph\":[{\"@type\":\"Article\",\"@id\":\"https:\\\/\\\/blogdofarnesio.com.br\\\/?p=416717#article\",\"isPartOf\":{\"@id\":\"https:\\\/\\\/blogdofarnesio.com.br\\\/?p=416717\"},\"author\":{\"name\":\"Farn\u00e9sio\",\"@id\":\"https:\\\/\\\/blogdofarnesio.com.br\\\/#\\\/schema\\\/person\\\/bb9b23ae3ad0609ce8df7b6c9e76824d\"},\"headline\":\"Interessados em fazer parte da rede municipal de Petrolina podem solicitar vagas remanescentes no Cadastro Reserva\",\"datePublished\":\"2026-03-09T17:00:28+00:00\",\"mainEntityOfPage\":{\"@id\":\"https:\\\/\\\/blogdofarnesio.com.br\\\/?p=416717\"},\"wordCount\":271,\"commentCount\":0,\"publisher\":{\"@id\":\"https:\\\/\\\/blogdofarnesio.com.br\\\/#organization\"},\"image\":{\"@id\":\"https:\\\/\\\/blogdofarnesio.com.br\\\/?p=416717#primaryimage\"},\"thumbnailUrl\":\"https:\\\/\\\/blogdofarnesio.com.br\\\/wp-content\\\/uploads\\\/2018\\\/03\\\/blogqspCadastro-de-Reserva-1.jpg\",\"articleSection\":[\"Educa\u00e7\u00e3o\"],\"inLanguage\":\"pt-BR\",\"potentialAction\":[{\"@type\":\"CommentAction\",\"name\":\"Comment\",\"target\":[\"https:\\\/\\\/blogdofarnesio.com.br\\\/?p=416717#respond\"]}]},{\"@type\":\"WebPage\",\"@id\":\"https:\\\/\\\/blogdofarnesio.com.br\\\/?p=416717\",\"url\":\"https:\\\/\\\/blogdofarnesio.com.br\\\/?p=416717\",\"name\":\"Interessados em fazer parte da rede municipal de Petrolina podem solicitar vagas remanescentes no Cadastro Reserva - Blog do Farn\u00e9sio\",\"isPartOf\":{\"@id\":\"https:\\\/\\\/blogdofarnesio.com.br\\\/#website\"},\"primaryImageOfPage\":{\"@id\":\"https:\\\/\\\/blogdofarnesio.com.br\\\/?p=416717#primaryimage\"},\"image\":{\"@id\":\"https:\\\/\\\/blogdofarnesio.com.br\\\/?p=416717#primaryimage\"},\"thumbnailUrl\":\"https:\\\/\\\/blogdofarnesio.com.br\\\/wp-content\\\/uploads\\\/2018\\\/03\\\/blogqspCadastro-de-Reserva-1.jpg\",\"datePublished\":\"2026-03-09T17:00:28+00:00\",\"breadcrumb\":{\"@id\":\"https:\\\/\\\/blogdofarnesio.com.br\\\/?p=416717#breadcrumb\"},\"inLanguage\":\"pt-BR\",\"potentialAction\":[{\"@type\":\"ReadAction\",\"target\":[\"https:\\\/\\\/blogdofarnesio.com.br\\\/?p=416717\"]}]},{\"@type\":\"ImageObject\",\"inLanguage\":\"pt-BR\",\"@id\":\"https:\\\/\\\/blogdofarnesio.com.br\\\/?p=416717#primaryimage\",\"url\":\"https:\\\/\\\/blogdofarnesio.com.br\\\/wp-content\\\/uploads\\\/2018\\\/03\\\/blogqspCadastro-de-Reserva-1.jpg\",\"contentUrl\":\"https:\\\/\\\/blogdofarnesio.com.br\\\/wp-content\\\/uploads\\\/2018\\\/03\\\/blogqspCadastro-de-Reserva-1.jpg\",\"width\":448,\"height\":315},{\"@type\":\"BreadcrumbList\",\"@id\":\"https:\\\/\\\/blogdofarnesio.com.br\\\/?p=416717#breadcrumb\",\"itemListElement\":[{\"@type\":\"ListItem\",\"position\":1,\"name\":\"In\u00edcio\",\"item\":\"https:\\\/\\\/blogdofarnesio.com.br\\\/\"},{\"@type\":\"ListItem\",\"position\":2,\"name\":\"Interessados em fazer parte da rede municipal de Petrolina podem solicitar vagas remanescentes no Cadastro Reserva\"}]},{\"@type\":\"WebSite\",\"@id\":\"https:\\\/\\\/blogdofarnesio.com.br\\\/#website\",\"url\":\"https:\\\/\\\/blogdofarnesio.com.br\\\/\",\"name\":\"Blog do Farn\u00e9sio\",\"description\":\"Quer Saber Pol\u00edtica?\",\"publisher\":{\"@id\":\"https:\\\/\\\/blogdofarnesio.com.br\\\/#organization\"},\"potentialAction\":[{\"@type\":\"SearchAction\",\"target\":{\"@type\":\"EntryPoint\",\"urlTemplate\":\"https:\\\/\\\/blogdofarnesio.com.br\\\/?s={search_term_string}\"},\"query-input\":{\"@type\":\"PropertyValueSpecification\",\"valueRequired\":true,\"valueName\":\"search_term_string\"}}],\"inLanguage\":\"pt-BR\"},{\"@type\":\"Organization\",\"@id\":\"https:\\\/\\\/blogdofarnesio.com.br\\\/#organization\",\"name\":\"Blog do Farn\u00e9sio\",\"url\":\"https:\\\/\\\/blogdofarnesio.com.br\\\/\",\"logo\":{\"@type\":\"ImageObject\",\"inLanguage\":\"pt-BR\",\"@id\":\"https:\\\/\\\/blogdofarnesio.com.br\\\/#\\\/schema\\\/logo\\\/image\\\/\",\"url\":\"https:\\\/\\\/blogdofarnesio.com.br\\\/wp-content\\\/uploads\\\/2026\\\/03\\\/cropped-logo_new-1.png\",\"contentUrl\":\"https:\\\/\\\/blogdofarnesio.com.br\\\/wp-content\\\/uploads\\\/2026\\\/03\\\/cropped-logo_new-1.png\",\"width\":881,\"height\":685,\"caption\":\"Blog do Farn\u00e9sio\"},\"image\":{\"@id\":\"https:\\\/\\\/blogdofarnesio.com.br\\\/#\\\/schema\\\/logo\\\/image\\\/\"},\"sameAs\":[\"https:\\\/\\\/www.facebook.com\\\/BlogQuerSaberPolitica\\\/\"]},{\"@type\":\"Person\",\"@id\":\"https:\\\/\\\/blogdofarnesio.com.br\\\/#\\\/schema\\\/person\\\/bb9b23ae3ad0609ce8df7b6c9e76824d\",\"name\":\"Farn\u00e9sio\",\"image\":{\"@type\":\"ImageObject\",\"inLanguage\":\"pt-BR\",\"@id\":\"https:\\\/\\\/secure.gravatar.com\\\/avatar\\\/986aa4c61ccdb66f8555bf88fc2a65609d00bcabd4d2d94377a727547345cbca?s=96&d=mm&r=g\",\"url\":\"https:\\\/\\\/secure.gravatar.com\\\/avatar\\\/986aa4c61ccdb66f8555bf88fc2a65609d00bcabd4d2d94377a727547345cbca?s=96&d=mm&r=g\",\"contentUrl\":\"https:\\\/\\\/secure.gravatar.com\\\/avatar\\\/986aa4c61ccdb66f8555bf88fc2a65609d00bcabd4d2d94377a727547345cbca?s=96&d=mm&r=g\",\"caption\":\"Farn\u00e9sio\"},\"description\":\"Radialista blogueiro, chegou a Petrolina\\\/Juazeiro em setembro de 1980, Farn\u00e9sio Silva \u00e9 de Arapiraca-Alagoas.\",\"sameAs\":[\"http:\\\/\\\/blogdofarnesio.com.br\",\"https:\\\/\\\/www.facebook.com\\\/?ref=tn_tnmn\",\"https:\\\/\\\/www.instagram.com\\\/?utm_source=pwa_homescreen\",\"https:\\\/\\\/youtube.com.br\\\/\"],\"url\":\"https:\\\/\\\/blogdofarnesio.com.br\\\/?author=2\"}]}<\/script>\n<!-- \/ Yoast SEO plugin. -->","yoast_head_json":{"title":"Interessados em fazer parte da rede municipal de Petrolina podem solicitar vagas remanescentes no Cadastro Reserva - Blog do Farn\u00e9sio","robots":{"index":"index","follow":"follow","max-snippet":"max-snippet:-1","max-image-preview":"max-image-preview:large","max-video-preview":"max-video-preview:-1"},"canonical":"https:\/\/blogdofarnesio.com.br\/?p=416717","og_locale":"pt_BR","og_type":"article","og_title":"Interessados em fazer parte da rede municipal de Petrolina podem solicitar vagas remanescentes no Cadastro Reserva - Blog do Farn\u00e9sio","og_description":"O processo de matr\u00edcula anual da rede municipal de Educa\u00e7\u00e3o encerrou as principais atividades no m\u00eas de fevereiro, mas aqueles que buscam ingressar na rede ainda t\u00eam essa oportunidade. Pensando nos interessados nas vagas remanescentes nas unidades, bem como vagas na Educa\u00e7\u00e3o de Jovens e Adultos, a Prefeitura de Petrolina, por meio da Secretaria de Educa\u00e7\u00e3o, Cultura e Esporte (SEDUCE)\u00a0 lan\u00e7ou o Cadastro Reserva. A ferramenta, desenvolvida na plataforma educacional, permite que os respons\u00e1veis solicitem vagas ap\u00f3s o per\u00edodo regular de matr\u00edcula, caso a unidade pretendida n\u00e3o tenha vagas imediatas. Para realizar o cadastro, \u00e9 necess\u00e1rio se dirigir a uma unidade escolar e apresentar as principais informa\u00e7\u00f5es do estudante e do respons\u00e1vel, como RG, CPF e comprovante de resid\u00eancia. Ap\u00f3s&hellip;","og_url":"https:\/\/blogdofarnesio.com.br\/?p=416717","og_site_name":"Blog do Farn\u00e9sio","article_publisher":"https:\/\/www.facebook.com\/BlogQuerSaberPolitica\/","article_author":"https:\/\/www.facebook.com\/?ref=tn_tnmn","article_published_time":"2026-03-09T17:00:28+00:00","og_image":[{"width":448,"height":315,"url":"https:\/\/blogdofarnesio.com.br\/wp-content\/uploads\/2018\/03\/blogqspCadastro-de-Reserva-1.jpg","type":"image\/jpeg"}],"author":"Farn\u00e9sio","twitter_card":"summary_large_image","twitter_misc":{"Escrito por":"Farn\u00e9sio","Est. tempo de leitura":"2 minutos"},"schema":{"@context":"https:\/\/schema.org","@graph":[{"@type":"Article","@id":"https:\/\/blogdofarnesio.com.br\/?p=416717#article","isPartOf":{"@id":"https:\/\/blogdofarnesio.com.br\/?p=416717"},"author":{"name":"Farn\u00e9sio","@id":"https:\/\/blogdofarnesio.com.br\/#\/schema\/person\/bb9b23ae3ad0609ce8df7b6c9e76824d"},"headline":"Interessados em fazer parte da rede municipal de Petrolina podem solicitar vagas remanescentes no Cadastro Reserva","datePublished":"2026-03-09T17:00:28+00:00","mainEntityOfPage":{"@id":"https:\/\/blogdofarnesio.com.br\/?p=416717"},"wordCount":271,"commentCount":0,"publisher":{"@id":"https:\/\/blogdofarnesio.com.br\/#organization"},"image":{"@id":"https:\/\/blogdofarnesio.com.br\/?p=416717#primaryimage"},"thumbnailUrl":"https:\/\/blogdofarnesio.com.br\/wp-content\/uploads\/2018\/03\/blogqspCadastro-de-Reserva-1.jpg","articleSection":["Educa\u00e7\u00e3o"],"inLanguage":"pt-BR","potentialAction":[{"@type":"CommentAction","name":"Comment","target":["https:\/\/blogdofarnesio.com.br\/?p=416717#respond"]}]},{"@type":"WebPage","@id":"https:\/\/blogdofarnesio.com.br\/?p=416717","url":"https:\/\/blogdofarnesio.com.br\/?p=416717","name":"Interessados em fazer parte da rede municipal de Petrolina podem solicitar vagas remanescentes no Cadastro Reserva - Blog do Farn\u00e9sio","isPartOf":{"@id":"https:\/\/blogdofarnesio.com.br\/#website"},"primaryImageOfPage":{"@id":"https:\/\/blogdofarnesio.com.br\/?p=416717#primaryimage"},"image":{"@id":"https:\/\/blogdofarnesio.com.br\/?p=416717#primaryimage"},"thumbnailUrl":"https:\/\/blogdofarnesio.com.br\/wp-content\/uploads\/2018\/03\/blogqspCadastro-de-Reserva-1.jpg","datePublished":"2026-03-09T17:00:28+00:00","breadcrumb":{"@id":"https:\/\/blogdofarnesio.com.br\/?p=416717#breadcrumb"},"inLanguage":"pt-BR","potentialAction":[{"@type":"ReadAction","target":["https:\/\/blogdofarnesio.com.br\/?p=416717"]}]},{"@type":"ImageObject","inLanguage":"pt-BR","@id":"https:\/\/blogdofarnesio.com.br\/?p=416717#primaryimage","url":"https:\/\/blogdofarnesio.com.br\/wp-content\/uploads\/2018\/03\/blogqspCadastro-de-Reserva-1.jpg","contentUrl":"https:\/\/blogdofarnesio.com.br\/wp-content\/uploads\/2018\/03\/blogqspCadastro-de-Reserva-1.jpg","width":448,"height":315},{"@type":"BreadcrumbList","@id":"https:\/\/blogdofarnesio.com.br\/?p=416717#breadcrumb","itemListElement":[{"@type":"ListItem","position":1,"name":"In\u00edcio","item":"https:\/\/blogdofarnesio.com.br\/"},{"@type":"ListItem","position":2,"name":"Interessados em fazer parte da rede municipal de Petrolina podem solicitar vagas remanescentes no Cadastro Reserva"}]},{"@type":"WebSite","@id":"https:\/\/blogdofarnesio.com.br\/#website","url":"https:\/\/blogdofarnesio.com.br\/","name":"Blog do Farn\u00e9sio","description":"Quer Saber Pol\u00edtica?","publisher":{"@id":"https:\/\/blogdofarnesio.com.br\/#organization"},"potentialAction":[{"@type":"SearchAction","target":{"@type":"EntryPoint","urlTemplate":"https:\/\/blogdofarnesio.com.br\/?s={search_term_string}"},"query-input":{"@type":"PropertyValueSpecification","valueRequired":true,"valueName":"search_term_string"}}],"inLanguage":"pt-BR"},{"@type":"Organization","@id":"https:\/\/blogdofarnesio.com.br\/#organization","name":"Blog do Farn\u00e9sio","url":"https:\/\/blogdofarnesio.com.br\/","logo":{"@type":"ImageObject","inLanguage":"pt-BR","@id":"https:\/\/blogdofarnesio.com.br\/#\/schema\/logo\/image\/","url":"https:\/\/blogdofarnesio.com.br\/wp-content\/uploads\/2026\/03\/cropped-logo_new-1.png","contentUrl":"https:\/\/blogdofarnesio.com.br\/wp-content\/uploads\/2026\/03\/cropped-logo_new-1.png","width":881,"height":685,"caption":"Blog do Farn\u00e9sio"},"image":{"@id":"https:\/\/blogdofarnesio.com.br\/#\/schema\/logo\/image\/"},"sameAs":["https:\/\/www.facebook.com\/BlogQuerSaberPolitica\/"]},{"@type":"Person","@id":"https:\/\/blogdofarnesio.com.br\/#\/schema\/person\/bb9b23ae3ad0609ce8df7b6c9e76824d","name":"Farn\u00e9sio","image":{"@type":"ImageObject","inLanguage":"pt-BR","@id":"https:\/\/secure.gravatar.com\/avatar\/986aa4c61ccdb66f8555bf88fc2a65609d00bcabd4d2d94377a727547345cbca?s=96&d=mm&r=g","url":"https:\/\/secure.gravatar.com\/avatar\/986aa4c61ccdb66f8555bf88fc2a65609d00bcabd4d2d94377a727547345cbca?s=96&d=mm&r=g","contentUrl":"https:\/\/secure.gravatar.com\/avatar\/986aa4c61ccdb66f8555bf88fc2a65609d00bcabd4d2d94377a727547345cbca?s=96&d=mm&r=g","caption":"Farn\u00e9sio"},"description":"Radialista blogueiro, chegou a Petrolina\/Juazeiro em setembro de 1980, Farn\u00e9sio Silva \u00e9 de Arapiraca-Alagoas.","sameAs":["http:\/\/blogdofarnesio.com.br","https:\/\/www.facebook.com\/?ref=tn_tnmn","https:\/\/www.instagram.com\/?utm_source=pwa_homescreen","https:\/\/youtube.com.br\/"],"url":"https:\/\/blogdofarnesio.com.br\/?author=2"}]}},"_links":{"self":[{"href":"https:\/\/blogdofarnesio.com.br\/index.php?rest_route=\/wp\/v2\/posts\/416717","targetHints":{"allow":["GET"]}}],"collection":[{"href":"https:\/\/blogdofarnesio.com.br\/index.php?rest_route=\/wp\/v2\/posts"}],"about":[{"href":"https:\/\/blogdofarnesio.com.br\/index.php?rest_route=\/wp\/v2\/types\/post"}],"author":[{"embeddable":true,"href":"https:\/\/blogdofarnesio.com.br\/index.php?rest_route=\/wp\/v2\/users\/2"}],"replies":[{"embeddable":true,"href":"https:\/\/blogdofarnesio.com.br\/index.php?rest_route=%2Fwp%2Fv2%2Fcomments&post=416717"}],"version-history":[{"count":1,"href":"https:\/\/blogdofarnesio.com.br\/index.php?rest_route=\/wp\/v2\/posts\/416717\/revisions"}],"predecessor-version":[{"id":416718,"href":"https:\/\/blogdofarnesio.com.br\/index.php?rest_route=\/wp\/v2\/posts\/416717\/revisions\/416718"}],"wp:featuredmedia":[{"embeddable":true,"href":"https:\/\/blogdofarnesio.com.br\/index.php?rest_route=\/wp\/v2\/media\/190744"}],"wp:attachment":[{"href":"https:\/\/blogdofarnesio.com.br\/index.php?rest_route=%2Fwp%2Fv2%2Fmedia&parent=416717"}],"wp:term":[{"taxonomy":"category","embeddable":true,"href":"https:\/\/blogdofarnesio.com.br\/index.php?rest_route=%2Fwp%2Fv2%2Fcategories&post=416717"},{"taxonomy":"post_tag","embeddable":true,"href":"https:\/\/blogdofarnesio.com.br\/index.php?rest_route=%2Fwp%2Fv2%2Ftags&post=416717"}],"curies":[{"name":"wp","href":"https:\/\/api.w.org\/{rel}","templated":true}]}}