{"id":416698,"date":"2026-03-08T16:50:42","date_gmt":"2026-03-08T19:50:42","guid":{"rendered":"https:\/\/blogdofarnesio.com.br\/?p=416698"},"modified":"2026-03-08T16:50:42","modified_gmt":"2026-03-08T19:50:42","slug":"trabalho-do-deputado-lucas-ramos-vem-mudando-o-cenario-da-agricultura-familiar-em-pernambuco","status":"publish","type":"post","link":"https:\/\/blogdofarnesio.com.br\/?p=416698","title":{"rendered":"Trabalho do deputado Lucas Ramos vem mudando o cen\u00e1rio da agricultura familiar em Pernambuco"},"content":{"rendered":"<p style=\"font-weight: 400;\">Em Pernambuco, a terra est\u00e1 sendo transformada por m\u00e1quinas que carregam esperan\u00e7a e tecnologia. Com mais de 70 tratores entregues pelo deputado federal Lucas Ramos, o parlamentar reafirma seu compromisso com o fortalecimento da agricultura familiar, levando desenvolvimento para quem sustenta a nossa economia.<\/p>\n<p style=\"font-weight: 400;\">Cada entrega tem uma hist\u00f3ria, e em\u00a0<strong>Baixa Alegre, na \u00e1rea de sequeiro de Petrolina<\/strong>, o sentimento \u00e9 de conquista. Seu\u00a0<strong>Titico<\/strong>, morador da comunidade, resume a import\u00e2ncia do momento:<\/p>\n<p style=\"font-weight: 400;\"><em>&#8220;H\u00e1 muitos anos a gente tentava conseguir esse trator para a comunidade e, agora, com Lucas Ramos, foi realizado. Quando a chuva chega, a gente j\u00e1 tem a m\u00e1quina para preparar a terra pro plantio. \u00c9 um sonho que foi realizado.&#8221;<\/em><\/p>\n<p style=\"font-weight: 400;\"><strong>Onde o progresso chega<\/strong><\/p>\n<p style=\"font-weight: 400;\">A for\u00e7a deste trabalho atravessa Pernambuco, consolidando um ciclo de prosperidade que alcan\u00e7a quem produz em cada canto do estado. Petrolina \u00e9 uma das cidades mais beneficiadas pelas a\u00e7\u00f5es do deputado. Na \u00e1rea de sequeiro ou na \u00e1rea irrigada, os investimentos batem recorde, fortalecendo os arranjos produtivos, respeitando a voca\u00e7\u00e3o regional. O compromisso se estende pelo Sert\u00e3o, com presen\u00e7a constante em munic\u00edpios como Afr\u00e2nio, Dormentes, Lagoa Grande, Santa Maria da Boa Vista, Oroc\u00f3 e Cabrob\u00f3, numa demonstra\u00e7\u00e3o clara de garantir oportunidade ao povo do S\u00e3o Francisco. Seja no Araripe, no Paje\u00fa, no Itaparica ou no Sert\u00e3o Central, as entregas garantem efici\u00eancia no preparo do solo, apoio estrat\u00e9gico tem sido o pilar para associa\u00e7\u00f5es que buscam sua autonomia produtiva. No Agreste, a transforma\u00e7\u00e3o \u00e9 vis\u00edvel em S\u00e3o Bento do Una, Gravat\u00e1 e em dezenas de outros munic\u00edpios que agora contam com novos equipamentos, elevando a capacidade de trabalho e a dignidade do homem e da mulher do campo.<\/p>\n<p style=\"font-weight: 400;\"><strong>Trabalho que vira realidade<\/strong><\/p>\n<p style=\"font-weight: 400;\">Para Lucas Ramos, as entregas s\u00e3o a tradu\u00e7\u00e3o do seu m\u00e9todo de trabalho: ouvir, acompanhar e resolver.<\/p>\n<p style=\"font-weight: 400;\">&#8220;N\u00e3o \u00e9 discurso, \u00e9 entrega. Entendemos as demandas porque estamos presentes, ouvindo o que o homem e a mulher do campo precisam. Quando levamos um trator, n\u00e3o estamos entregando apenas ferro e metal; estamos entregando a oportunidade de colher mais, de gerar mais renda e de garantir que o pequeno produtor tenha a estrutura necess\u00e1ria para prosperar, independentemente de onde ele esteja em nosso Pernambuco.&#8221;<\/p>\n<p style=\"font-weight: 400;\">Mais do que m\u00e1quinas, s\u00e3o instrumentos que impulsionam o crescimento e fortalecem a autonomia de quem vive do campo.<\/p>\n<p style=\"font-weight: 400;\">\n<p style=\"font-weight: 400;\"><strong><em>ASCOM &#8211; Lucas Ramos\u00a0<\/em><\/strong><\/p>\n","protected":false},"excerpt":{"rendered":"<p>Em Pernambuco, a terra est\u00e1 sendo transformada por m\u00e1quinas que carregam esperan\u00e7a e tecnologia. Com mais de 70 tratores entregues pelo deputado federal Lucas Ramos, o parlamentar reafirma seu compromisso com o fortalecimento da agricultura familiar, levando desenvolvimento para quem sustenta a nossa economia. Cada entrega tem uma hist\u00f3ria, e em\u00a0Baixa Alegre, na \u00e1rea de sequeiro de Petrolina, o sentimento \u00e9 de conquista. Seu\u00a0Titico, morador da comunidade, resume a import\u00e2ncia do momento: &#8220;H\u00e1 muitos anos a gente tentava conseguir esse trator para a comunidade e, agora, com Lucas Ramos, foi realizado. Quando a chuva chega, a gente j\u00e1 tem a m\u00e1quina para preparar a terra pro plantio. \u00c9 um sonho que foi realizado.&#8221; Onde o progresso chega A for\u00e7a deste&hellip; <\/p>\n","protected":false},"author":2,"featured_media":416699,"comment_status":"open","ping_status":"open","sticky":false,"template":"","format":"standard","meta":{"_acf_changed":false,"footnotes":""},"categories":[26],"tags":[],"class_list":["post-416698","post","type-post","status-publish","format-standard","has-post-thumbnail","hentry","category-agricultura"],"acf":[],"yoast_head":"<!-- This site is optimized with the Yoast SEO plugin v27.4 - https:\/\/yoast.com\/product\/yoast-seo-wordpress\/ -->\n<title>Trabalho do deputado Lucas Ramos vem mudando o cen\u00e1rio da agricultura familiar em Pernambuco - Blog do Farn\u00e9sio<\/title>\n<meta name=\"robots\" content=\"index, follow, max-snippet:-1, max-image-preview:large, max-video-preview:-1\" \/>\n<link rel=\"canonical\" href=\"https:\/\/blogdofarnesio.com.br\/?p=416698\" \/>\n<meta property=\"og:locale\" content=\"pt_BR\" \/>\n<meta property=\"og:type\" content=\"article\" \/>\n<meta property=\"og:title\" content=\"Trabalho do deputado Lucas Ramos vem mudando o cen\u00e1rio da agricultura familiar em Pernambuco - Blog do Farn\u00e9sio\" \/>\n<meta property=\"og:description\" content=\"Em Pernambuco, a terra est\u00e1 sendo transformada por m\u00e1quinas que carregam esperan\u00e7a e tecnologia. Com mais de 70 tratores entregues pelo deputado federal Lucas Ramos, o parlamentar reafirma seu compromisso com o fortalecimento da agricultura familiar, levando desenvolvimento para quem sustenta a nossa economia. Cada entrega tem uma hist\u00f3ria, e em\u00a0Baixa Alegre, na \u00e1rea de sequeiro de Petrolina, o sentimento \u00e9 de conquista. Seu\u00a0Titico, morador da comunidade, resume a import\u00e2ncia do momento: &#8220;H\u00e1 muitos anos a gente tentava conseguir esse trator para a comunidade e, agora, com Lucas Ramos, foi realizado. Quando a chuva chega, a gente j\u00e1 tem a m\u00e1quina para preparar a terra pro plantio. \u00c9 um sonho que foi realizado.&#8221; Onde o progresso chega A for\u00e7a deste&hellip;\" \/>\n<meta property=\"og:url\" content=\"https:\/\/blogdofarnesio.com.br\/?p=416698\" \/>\n<meta property=\"og:site_name\" content=\"Blog do Farn\u00e9sio\" \/>\n<meta property=\"article:publisher\" content=\"https:\/\/www.facebook.com\/BlogQuerSaberPolitica\/\" \/>\n<meta property=\"article:author\" content=\"https:\/\/www.facebook.com\/?ref=tn_tnmn\" \/>\n<meta property=\"article:published_time\" content=\"2026-03-08T19:50:42+00:00\" \/>\n<meta property=\"og:image\" content=\"https:\/\/blogdofarnesio.com.br\/wp-content\/uploads\/2026\/03\/blogqspdep-lucas-ramos-70-TRATORES-scaled-e1772999426350.png\" \/>\n\t<meta property=\"og:image:width\" content=\"707\" \/>\n\t<meta property=\"og:image:height\" content=\"497\" \/>\n\t<meta property=\"og:image:type\" content=\"image\/png\" \/>\n<meta name=\"author\" content=\"Farn\u00e9sio\" \/>\n<meta name=\"twitter:card\" content=\"summary_large_image\" \/>\n<meta name=\"twitter:label1\" content=\"Escrito por\" \/>\n\t<meta name=\"twitter:data1\" content=\"Farn\u00e9sio\" \/>\n\t<meta name=\"twitter:label2\" content=\"Est. tempo de leitura\" \/>\n\t<meta name=\"twitter:data2\" content=\"3 minutos\" \/>\n<script type=\"application\/ld+json\" class=\"yoast-schema-graph\">{\"@context\":\"https:\\\/\\\/schema.org\",\"@graph\":[{\"@type\":\"Article\",\"@id\":\"https:\\\/\\\/blogdofarnesio.com.br\\\/?p=416698#article\",\"isPartOf\":{\"@id\":\"https:\\\/\\\/blogdofarnesio.com.br\\\/?p=416698\"},\"author\":{\"name\":\"Farn\u00e9sio\",\"@id\":\"https:\\\/\\\/blogdofarnesio.com.br\\\/#\\\/schema\\\/person\\\/bb9b23ae3ad0609ce8df7b6c9e76824d\"},\"headline\":\"Trabalho do deputado Lucas Ramos vem mudando o cen\u00e1rio da agricultura familiar em Pernambuco\",\"datePublished\":\"2026-03-08T19:50:42+00:00\",\"mainEntityOfPage\":{\"@id\":\"https:\\\/\\\/blogdofarnesio.com.br\\\/?p=416698\"},\"wordCount\":424,\"commentCount\":0,\"publisher\":{\"@id\":\"https:\\\/\\\/blogdofarnesio.com.br\\\/#organization\"},\"image\":{\"@id\":\"https:\\\/\\\/blogdofarnesio.com.br\\\/?p=416698#primaryimage\"},\"thumbnailUrl\":\"https:\\\/\\\/blogdofarnesio.com.br\\\/wp-content\\\/uploads\\\/2026\\\/03\\\/blogqspdep-lucas-ramos-70-TRATORES-scaled-e1772999426350.png\",\"articleSection\":[\"Agricultura\"],\"inLanguage\":\"pt-BR\",\"potentialAction\":[{\"@type\":\"CommentAction\",\"name\":\"Comment\",\"target\":[\"https:\\\/\\\/blogdofarnesio.com.br\\\/?p=416698#respond\"]}]},{\"@type\":\"WebPage\",\"@id\":\"https:\\\/\\\/blogdofarnesio.com.br\\\/?p=416698\",\"url\":\"https:\\\/\\\/blogdofarnesio.com.br\\\/?p=416698\",\"name\":\"Trabalho do deputado Lucas Ramos vem mudando o cen\u00e1rio da agricultura familiar em Pernambuco - Blog do Farn\u00e9sio\",\"isPartOf\":{\"@id\":\"https:\\\/\\\/blogdofarnesio.com.br\\\/#website\"},\"primaryImageOfPage\":{\"@id\":\"https:\\\/\\\/blogdofarnesio.com.br\\\/?p=416698#primaryimage\"},\"image\":{\"@id\":\"https:\\\/\\\/blogdofarnesio.com.br\\\/?p=416698#primaryimage\"},\"thumbnailUrl\":\"https:\\\/\\\/blogdofarnesio.com.br\\\/wp-content\\\/uploads\\\/2026\\\/03\\\/blogqspdep-lucas-ramos-70-TRATORES-scaled-e1772999426350.png\",\"datePublished\":\"2026-03-08T19:50:42+00:00\",\"breadcrumb\":{\"@id\":\"https:\\\/\\\/blogdofarnesio.com.br\\\/?p=416698#breadcrumb\"},\"inLanguage\":\"pt-BR\",\"potentialAction\":[{\"@type\":\"ReadAction\",\"target\":[\"https:\\\/\\\/blogdofarnesio.com.br\\\/?p=416698\"]}]},{\"@type\":\"ImageObject\",\"inLanguage\":\"pt-BR\",\"@id\":\"https:\\\/\\\/blogdofarnesio.com.br\\\/?p=416698#primaryimage\",\"url\":\"https:\\\/\\\/blogdofarnesio.com.br\\\/wp-content\\\/uploads\\\/2026\\\/03\\\/blogqspdep-lucas-ramos-70-TRATORES-scaled-e1772999426350.png\",\"contentUrl\":\"https:\\\/\\\/blogdofarnesio.com.br\\\/wp-content\\\/uploads\\\/2026\\\/03\\\/blogqspdep-lucas-ramos-70-TRATORES-scaled-e1772999426350.png\",\"width\":707,\"height\":497},{\"@type\":\"BreadcrumbList\",\"@id\":\"https:\\\/\\\/blogdofarnesio.com.br\\\/?p=416698#breadcrumb\",\"itemListElement\":[{\"@type\":\"ListItem\",\"position\":1,\"name\":\"In\u00edcio\",\"item\":\"https:\\\/\\\/blogdofarnesio.com.br\\\/\"},{\"@type\":\"ListItem\",\"position\":2,\"name\":\"Trabalho do deputado Lucas Ramos vem mudando o cen\u00e1rio da agricultura familiar em Pernambuco\"}]},{\"@type\":\"WebSite\",\"@id\":\"https:\\\/\\\/blogdofarnesio.com.br\\\/#website\",\"url\":\"https:\\\/\\\/blogdofarnesio.com.br\\\/\",\"name\":\"Blog do Farn\u00e9sio\",\"description\":\"Quer Saber Pol\u00edtica?\",\"publisher\":{\"@id\":\"https:\\\/\\\/blogdofarnesio.com.br\\\/#organization\"},\"potentialAction\":[{\"@type\":\"SearchAction\",\"target\":{\"@type\":\"EntryPoint\",\"urlTemplate\":\"https:\\\/\\\/blogdofarnesio.com.br\\\/?s={search_term_string}\"},\"query-input\":{\"@type\":\"PropertyValueSpecification\",\"valueRequired\":true,\"valueName\":\"search_term_string\"}}],\"inLanguage\":\"pt-BR\"},{\"@type\":\"Organization\",\"@id\":\"https:\\\/\\\/blogdofarnesio.com.br\\\/#organization\",\"name\":\"Blog do Farn\u00e9sio\",\"url\":\"https:\\\/\\\/blogdofarnesio.com.br\\\/\",\"logo\":{\"@type\":\"ImageObject\",\"inLanguage\":\"pt-BR\",\"@id\":\"https:\\\/\\\/blogdofarnesio.com.br\\\/#\\\/schema\\\/logo\\\/image\\\/\",\"url\":\"https:\\\/\\\/blogdofarnesio.com.br\\\/wp-content\\\/uploads\\\/2026\\\/03\\\/cropped-logo_new-1.png\",\"contentUrl\":\"https:\\\/\\\/blogdofarnesio.com.br\\\/wp-content\\\/uploads\\\/2026\\\/03\\\/cropped-logo_new-1.png\",\"width\":881,\"height\":685,\"caption\":\"Blog do Farn\u00e9sio\"},\"image\":{\"@id\":\"https:\\\/\\\/blogdofarnesio.com.br\\\/#\\\/schema\\\/logo\\\/image\\\/\"},\"sameAs\":[\"https:\\\/\\\/www.facebook.com\\\/BlogQuerSaberPolitica\\\/\"]},{\"@type\":\"Person\",\"@id\":\"https:\\\/\\\/blogdofarnesio.com.br\\\/#\\\/schema\\\/person\\\/bb9b23ae3ad0609ce8df7b6c9e76824d\",\"name\":\"Farn\u00e9sio\",\"image\":{\"@type\":\"ImageObject\",\"inLanguage\":\"pt-BR\",\"@id\":\"https:\\\/\\\/secure.gravatar.com\\\/avatar\\\/986aa4c61ccdb66f8555bf88fc2a65609d00bcabd4d2d94377a727547345cbca?s=96&d=mm&r=g\",\"url\":\"https:\\\/\\\/secure.gravatar.com\\\/avatar\\\/986aa4c61ccdb66f8555bf88fc2a65609d00bcabd4d2d94377a727547345cbca?s=96&d=mm&r=g\",\"contentUrl\":\"https:\\\/\\\/secure.gravatar.com\\\/avatar\\\/986aa4c61ccdb66f8555bf88fc2a65609d00bcabd4d2d94377a727547345cbca?s=96&d=mm&r=g\",\"caption\":\"Farn\u00e9sio\"},\"description\":\"Radialista blogueiro, chegou a Petrolina\\\/Juazeiro em setembro de 1980, Farn\u00e9sio Silva \u00e9 de Arapiraca-Alagoas.\",\"sameAs\":[\"http:\\\/\\\/blogdofarnesio.com.br\",\"https:\\\/\\\/www.facebook.com\\\/?ref=tn_tnmn\",\"https:\\\/\\\/www.instagram.com\\\/?utm_source=pwa_homescreen\",\"https:\\\/\\\/youtube.com.br\\\/\"],\"url\":\"https:\\\/\\\/blogdofarnesio.com.br\\\/?author=2\"}]}<\/script>\n<!-- \/ Yoast SEO plugin. -->","yoast_head_json":{"title":"Trabalho do deputado Lucas Ramos vem mudando o cen\u00e1rio da agricultura familiar em Pernambuco - Blog do Farn\u00e9sio","robots":{"index":"index","follow":"follow","max-snippet":"max-snippet:-1","max-image-preview":"max-image-preview:large","max-video-preview":"max-video-preview:-1"},"canonical":"https:\/\/blogdofarnesio.com.br\/?p=416698","og_locale":"pt_BR","og_type":"article","og_title":"Trabalho do deputado Lucas Ramos vem mudando o cen\u00e1rio da agricultura familiar em Pernambuco - Blog do Farn\u00e9sio","og_description":"Em Pernambuco, a terra est\u00e1 sendo transformada por m\u00e1quinas que carregam esperan\u00e7a e tecnologia. Com mais de 70 tratores entregues pelo deputado federal Lucas Ramos, o parlamentar reafirma seu compromisso com o fortalecimento da agricultura familiar, levando desenvolvimento para quem sustenta a nossa economia. Cada entrega tem uma hist\u00f3ria, e em\u00a0Baixa Alegre, na \u00e1rea de sequeiro de Petrolina, o sentimento \u00e9 de conquista. Seu\u00a0Titico, morador da comunidade, resume a import\u00e2ncia do momento: &#8220;H\u00e1 muitos anos a gente tentava conseguir esse trator para a comunidade e, agora, com Lucas Ramos, foi realizado. Quando a chuva chega, a gente j\u00e1 tem a m\u00e1quina para preparar a terra pro plantio. \u00c9 um sonho que foi realizado.&#8221; Onde o progresso chega A for\u00e7a deste&hellip;","og_url":"https:\/\/blogdofarnesio.com.br\/?p=416698","og_site_name":"Blog do Farn\u00e9sio","article_publisher":"https:\/\/www.facebook.com\/BlogQuerSaberPolitica\/","article_author":"https:\/\/www.facebook.com\/?ref=tn_tnmn","article_published_time":"2026-03-08T19:50:42+00:00","og_image":[{"width":707,"height":497,"url":"https:\/\/blogdofarnesio.com.br\/wp-content\/uploads\/2026\/03\/blogqspdep-lucas-ramos-70-TRATORES-scaled-e1772999426350.png","type":"image\/png"}],"author":"Farn\u00e9sio","twitter_card":"summary_large_image","twitter_misc":{"Escrito por":"Farn\u00e9sio","Est. tempo de leitura":"3 minutos"},"schema":{"@context":"https:\/\/schema.org","@graph":[{"@type":"Article","@id":"https:\/\/blogdofarnesio.com.br\/?p=416698#article","isPartOf":{"@id":"https:\/\/blogdofarnesio.com.br\/?p=416698"},"author":{"name":"Farn\u00e9sio","@id":"https:\/\/blogdofarnesio.com.br\/#\/schema\/person\/bb9b23ae3ad0609ce8df7b6c9e76824d"},"headline":"Trabalho do deputado Lucas Ramos vem mudando o cen\u00e1rio da agricultura familiar em Pernambuco","datePublished":"2026-03-08T19:50:42+00:00","mainEntityOfPage":{"@id":"https:\/\/blogdofarnesio.com.br\/?p=416698"},"wordCount":424,"commentCount":0,"publisher":{"@id":"https:\/\/blogdofarnesio.com.br\/#organization"},"image":{"@id":"https:\/\/blogdofarnesio.com.br\/?p=416698#primaryimage"},"thumbnailUrl":"https:\/\/blogdofarnesio.com.br\/wp-content\/uploads\/2026\/03\/blogqspdep-lucas-ramos-70-TRATORES-scaled-e1772999426350.png","articleSection":["Agricultura"],"inLanguage":"pt-BR","potentialAction":[{"@type":"CommentAction","name":"Comment","target":["https:\/\/blogdofarnesio.com.br\/?p=416698#respond"]}]},{"@type":"WebPage","@id":"https:\/\/blogdofarnesio.com.br\/?p=416698","url":"https:\/\/blogdofarnesio.com.br\/?p=416698","name":"Trabalho do deputado Lucas Ramos vem mudando o cen\u00e1rio da agricultura familiar em Pernambuco - Blog do Farn\u00e9sio","isPartOf":{"@id":"https:\/\/blogdofarnesio.com.br\/#website"},"primaryImageOfPage":{"@id":"https:\/\/blogdofarnesio.com.br\/?p=416698#primaryimage"},"image":{"@id":"https:\/\/blogdofarnesio.com.br\/?p=416698#primaryimage"},"thumbnailUrl":"https:\/\/blogdofarnesio.com.br\/wp-content\/uploads\/2026\/03\/blogqspdep-lucas-ramos-70-TRATORES-scaled-e1772999426350.png","datePublished":"2026-03-08T19:50:42+00:00","breadcrumb":{"@id":"https:\/\/blogdofarnesio.com.br\/?p=416698#breadcrumb"},"inLanguage":"pt-BR","potentialAction":[{"@type":"ReadAction","target":["https:\/\/blogdofarnesio.com.br\/?p=416698"]}]},{"@type":"ImageObject","inLanguage":"pt-BR","@id":"https:\/\/blogdofarnesio.com.br\/?p=416698#primaryimage","url":"https:\/\/blogdofarnesio.com.br\/wp-content\/uploads\/2026\/03\/blogqspdep-lucas-ramos-70-TRATORES-scaled-e1772999426350.png","contentUrl":"https:\/\/blogdofarnesio.com.br\/wp-content\/uploads\/2026\/03\/blogqspdep-lucas-ramos-70-TRATORES-scaled-e1772999426350.png","width":707,"height":497},{"@type":"BreadcrumbList","@id":"https:\/\/blogdofarnesio.com.br\/?p=416698#breadcrumb","itemListElement":[{"@type":"ListItem","position":1,"name":"In\u00edcio","item":"https:\/\/blogdofarnesio.com.br\/"},{"@type":"ListItem","position":2,"name":"Trabalho do deputado Lucas Ramos vem mudando o cen\u00e1rio da agricultura familiar em Pernambuco"}]},{"@type":"WebSite","@id":"https:\/\/blogdofarnesio.com.br\/#website","url":"https:\/\/blogdofarnesio.com.br\/","name":"Blog do Farn\u00e9sio","description":"Quer Saber Pol\u00edtica?","publisher":{"@id":"https:\/\/blogdofarnesio.com.br\/#organization"},"potentialAction":[{"@type":"SearchAction","target":{"@type":"EntryPoint","urlTemplate":"https:\/\/blogdofarnesio.com.br\/?s={search_term_string}"},"query-input":{"@type":"PropertyValueSpecification","valueRequired":true,"valueName":"search_term_string"}}],"inLanguage":"pt-BR"},{"@type":"Organization","@id":"https:\/\/blogdofarnesio.com.br\/#organization","name":"Blog do Farn\u00e9sio","url":"https:\/\/blogdofarnesio.com.br\/","logo":{"@type":"ImageObject","inLanguage":"pt-BR","@id":"https:\/\/blogdofarnesio.com.br\/#\/schema\/logo\/image\/","url":"https:\/\/blogdofarnesio.com.br\/wp-content\/uploads\/2026\/03\/cropped-logo_new-1.png","contentUrl":"https:\/\/blogdofarnesio.com.br\/wp-content\/uploads\/2026\/03\/cropped-logo_new-1.png","width":881,"height":685,"caption":"Blog do Farn\u00e9sio"},"image":{"@id":"https:\/\/blogdofarnesio.com.br\/#\/schema\/logo\/image\/"},"sameAs":["https:\/\/www.facebook.com\/BlogQuerSaberPolitica\/"]},{"@type":"Person","@id":"https:\/\/blogdofarnesio.com.br\/#\/schema\/person\/bb9b23ae3ad0609ce8df7b6c9e76824d","name":"Farn\u00e9sio","image":{"@type":"ImageObject","inLanguage":"pt-BR","@id":"https:\/\/secure.gravatar.com\/avatar\/986aa4c61ccdb66f8555bf88fc2a65609d00bcabd4d2d94377a727547345cbca?s=96&d=mm&r=g","url":"https:\/\/secure.gravatar.com\/avatar\/986aa4c61ccdb66f8555bf88fc2a65609d00bcabd4d2d94377a727547345cbca?s=96&d=mm&r=g","contentUrl":"https:\/\/secure.gravatar.com\/avatar\/986aa4c61ccdb66f8555bf88fc2a65609d00bcabd4d2d94377a727547345cbca?s=96&d=mm&r=g","caption":"Farn\u00e9sio"},"description":"Radialista blogueiro, chegou a Petrolina\/Juazeiro em setembro de 1980, Farn\u00e9sio Silva \u00e9 de Arapiraca-Alagoas.","sameAs":["http:\/\/blogdofarnesio.com.br","https:\/\/www.facebook.com\/?ref=tn_tnmn","https:\/\/www.instagram.com\/?utm_source=pwa_homescreen","https:\/\/youtube.com.br\/"],"url":"https:\/\/blogdofarnesio.com.br\/?author=2"}]}},"_links":{"self":[{"href":"https:\/\/blogdofarnesio.com.br\/index.php?rest_route=\/wp\/v2\/posts\/416698","targetHints":{"allow":["GET"]}}],"collection":[{"href":"https:\/\/blogdofarnesio.com.br\/index.php?rest_route=\/wp\/v2\/posts"}],"about":[{"href":"https:\/\/blogdofarnesio.com.br\/index.php?rest_route=\/wp\/v2\/types\/post"}],"author":[{"embeddable":true,"href":"https:\/\/blogdofarnesio.com.br\/index.php?rest_route=\/wp\/v2\/users\/2"}],"replies":[{"embeddable":true,"href":"https:\/\/blogdofarnesio.com.br\/index.php?rest_route=%2Fwp%2Fv2%2Fcomments&post=416698"}],"version-history":[{"count":1,"href":"https:\/\/blogdofarnesio.com.br\/index.php?rest_route=\/wp\/v2\/posts\/416698\/revisions"}],"predecessor-version":[{"id":416700,"href":"https:\/\/blogdofarnesio.com.br\/index.php?rest_route=\/wp\/v2\/posts\/416698\/revisions\/416700"}],"wp:featuredmedia":[{"embeddable":true,"href":"https:\/\/blogdofarnesio.com.br\/index.php?rest_route=\/wp\/v2\/media\/416699"}],"wp:attachment":[{"href":"https:\/\/blogdofarnesio.com.br\/index.php?rest_route=%2Fwp%2Fv2%2Fmedia&parent=416698"}],"wp:term":[{"taxonomy":"category","embeddable":true,"href":"https:\/\/blogdofarnesio.com.br\/index.php?rest_route=%2Fwp%2Fv2%2Fcategories&post=416698"},{"taxonomy":"post_tag","embeddable":true,"href":"https:\/\/blogdofarnesio.com.br\/index.php?rest_route=%2Fwp%2Fv2%2Ftags&post=416698"}],"curies":[{"name":"wp","href":"https:\/\/api.w.org\/{rel}","templated":true}]}}