{"id":416695,"date":"2026-03-08T14:00:15","date_gmt":"2026-03-08T17:00:15","guid":{"rendered":"https:\/\/blogdofarnesio.com.br\/?p=416695"},"modified":"2026-03-08T09:19:55","modified_gmt":"2026-03-08T12:19:55","slug":"dia-da-mulher-prefeitura-de-petrolina-fortalece-protecao-autonomia-e-oportunidades-para-todas","status":"publish","type":"post","link":"https:\/\/blogdofarnesio.com.br\/?p=416695","title":{"rendered":"Dia da Mulher: Prefeitura de Petrolina fortalece prote\u00e7\u00e3o, autonomia e oportunidades para todas"},"content":{"rendered":"<p>Neste domingo, 8 de mar\u00e7o, Dia Internacional da Mulher, a Prefeitura de Petrolina, por meio da Secretaria de Assist\u00eancia Social e Combate \u00e0 Fome, refor\u00e7a seu compromisso com a prote\u00e7\u00e3o, valoriza\u00e7\u00e3o e fortalecimento das mulheres do munic\u00edpio. A gest\u00e3o municipal mant\u00e9m servi\u00e7os e projetos que garantem acolhimento, seguran\u00e7a, autonomia e oportunidades de desenvolvimento para mulheres em situa\u00e7\u00e3o de vulnerabilidade ou v\u00edtimas de viol\u00eancia, mostrando que nenhuma mulher precisa enfrentar a viol\u00eancia sozinha.<\/p>\n<p>O Centro Especializado de Atendimento \u00e0 Mulher (CEAM) \u00e9 refer\u00eancia no acolhimento humanizado e sigiloso, oferecendo suporte psicol\u00f3gico, jur\u00eddico e socioassistencial, al\u00e9m de desenvolver grupos terap\u00eauticos, cursos e a\u00e7\u00f5es de qualifica\u00e7\u00e3o que fortalecem a autoestima e a independ\u00eancia econ\u00f4mica das mulheres.<\/p>\n<p>De janeiro de 2025 a janeiro de 2026, o CEAM atendeu mais de 800 mulheres, garantindo apoio integral e promovendo a reconstru\u00e7\u00e3o da vida de cada uma. O servi\u00e7o atua em articula\u00e7\u00e3o com a Patrulha da Mulher, CRAS, CREAS e demais \u00f3rg\u00e3os da rede de prote\u00e7\u00e3o, refor\u00e7ando que nenhuma mulher enfrenta a viol\u00eancia sozinha.<\/p>\n<p>Para ampliar o acesso \u00e0 rede de prote\u00e7\u00e3o, a Prefeitura disponibiliza o WhatsApp Mulher, pelo n\u00famero (87) 99165-1803, que oferece orienta\u00e7\u00e3o, acolhimento e encaminhamento de forma sigilosa e imediata. J\u00e1 o Plant\u00e3o Mulher garante atendimento emergencial, funcionando de segunda a sexta-feira, das 8h \u00e0s 17h, e em regime 24 horas em casos de risco iminente, assegurando escuta qualificada e encaminhamento r\u00e1pido, protegendo mulheres nos momentos de maior vulnerabilidade.<\/p>\n<p>Al\u00e9m do acolhimento, a Prefeitura investe em projetos que fortalecem a autonomia e a qualidade de vida das mulheres, como o Projeto +Educa\u00e7\u00e3o \u2013 Viol\u00eancia nas Escolas Municipais, o Projeto Movimenta Mulher, o Banco de Curr\u00edculos para Mulheres V\u00edtimas de Viol\u00eancia e o programa Qualifica Mulher. Fernanda Nunes, empreendedora que participou do curso de fabrica\u00e7\u00e3o de ovos de P\u00e1scoa, destaca a import\u00e2ncia desse cuidado e aten\u00e7\u00e3o. \u201cMesmo sendo empreendedora, senti a necessidade de me atualizar e aprender novas t\u00e9cnicas. Esse curso n\u00e3o s\u00f3 trouxe conhecimento, mas renovou minha confian\u00e7a e abriu novas possibilidades para o meu neg\u00f3cio. Mostra que toda mulher pode crescer, inovar e conquistar sua independ\u00eancia\u201d, destacou.<\/p>\n<p>Neste Dia Internacional da Mulher, a Prefeitura de Petrolina refor\u00e7a seu compromisso com prote\u00e7\u00e3o, respeito, valoriza\u00e7\u00e3o e oportunidades para todas as mulheres, prioridades da gest\u00e3o municipal. Toda mulher merece viver livre da viol\u00eancia, com dignidade, e ter a chance de escrever sua pr\u00f3pria hist\u00f3ria de for\u00e7a, coragem e independ\u00eancia.<\/p>\n<p>Texto: Elaine Barbosa- Assessora de Comunica\u00e7\u00e3o da Secretaria de Assist\u00eancia Social e Combate \u00e0 Fome<\/p>\n<p>Fotos: Prefeitura de Petrolina<\/p>\n","protected":false},"excerpt":{"rendered":"<p>Neste domingo, 8 de mar\u00e7o, Dia Internacional da Mulher, a Prefeitura de Petrolina, por meio da Secretaria de Assist\u00eancia Social e Combate \u00e0 Fome, refor\u00e7a seu compromisso com a prote\u00e7\u00e3o, valoriza\u00e7\u00e3o e fortalecimento das mulheres do munic\u00edpio. A gest\u00e3o municipal mant\u00e9m servi\u00e7os e projetos que garantem acolhimento, seguran\u00e7a, autonomia e oportunidades de desenvolvimento para mulheres em situa\u00e7\u00e3o de vulnerabilidade ou v\u00edtimas de viol\u00eancia, mostrando que nenhuma mulher precisa enfrentar a viol\u00eancia sozinha. O Centro Especializado de Atendimento \u00e0 Mulher (CEAM) \u00e9 refer\u00eancia no acolhimento humanizado e sigiloso, oferecendo suporte psicol\u00f3gico, jur\u00eddico e socioassistencial, al\u00e9m de desenvolver grupos terap\u00eauticos, cursos e a\u00e7\u00f5es de qualifica\u00e7\u00e3o que fortalecem a autoestima e a independ\u00eancia econ\u00f4mica das mulheres. De janeiro de 2025 a janeiro de&hellip; <\/p>\n","protected":false},"author":2,"featured_media":416696,"comment_status":"open","ping_status":"open","sticky":false,"template":"","format":"standard","meta":{"_acf_changed":false,"footnotes":""},"categories":[61],"tags":[],"class_list":["post-416695","post","type-post","status-publish","format-standard","has-post-thumbnail","hentry","category-manifestacao"],"acf":[],"yoast_head":"<!-- This site is optimized with the Yoast SEO plugin v27.4 - https:\/\/yoast.com\/product\/yoast-seo-wordpress\/ -->\n<title>Dia da Mulher: Prefeitura de Petrolina fortalece prote\u00e7\u00e3o, autonomia e oportunidades para todas - Blog do Farn\u00e9sio<\/title>\n<meta name=\"robots\" content=\"index, follow, max-snippet:-1, max-image-preview:large, max-video-preview:-1\" \/>\n<link rel=\"canonical\" href=\"https:\/\/blogdofarnesio.com.br\/?p=416695\" \/>\n<meta property=\"og:locale\" content=\"pt_BR\" \/>\n<meta property=\"og:type\" content=\"article\" \/>\n<meta property=\"og:title\" content=\"Dia da Mulher: Prefeitura de Petrolina fortalece prote\u00e7\u00e3o, autonomia e oportunidades para todas - Blog do Farn\u00e9sio\" \/>\n<meta property=\"og:description\" content=\"Neste domingo, 8 de mar\u00e7o, Dia Internacional da Mulher, a Prefeitura de Petrolina, por meio da Secretaria de Assist\u00eancia Social e Combate \u00e0 Fome, refor\u00e7a seu compromisso com a prote\u00e7\u00e3o, valoriza\u00e7\u00e3o e fortalecimento das mulheres do munic\u00edpio. A gest\u00e3o municipal mant\u00e9m servi\u00e7os e projetos que garantem acolhimento, seguran\u00e7a, autonomia e oportunidades de desenvolvimento para mulheres em situa\u00e7\u00e3o de vulnerabilidade ou v\u00edtimas de viol\u00eancia, mostrando que nenhuma mulher precisa enfrentar a viol\u00eancia sozinha. O Centro Especializado de Atendimento \u00e0 Mulher (CEAM) \u00e9 refer\u00eancia no acolhimento humanizado e sigiloso, oferecendo suporte psicol\u00f3gico, jur\u00eddico e socioassistencial, al\u00e9m de desenvolver grupos terap\u00eauticos, cursos e a\u00e7\u00f5es de qualifica\u00e7\u00e3o que fortalecem a autoestima e a independ\u00eancia econ\u00f4mica das mulheres. De janeiro de 2025 a janeiro de&hellip;\" \/>\n<meta property=\"og:url\" content=\"https:\/\/blogdofarnesio.com.br\/?p=416695\" \/>\n<meta property=\"og:site_name\" content=\"Blog do Farn\u00e9sio\" \/>\n<meta property=\"article:publisher\" content=\"https:\/\/www.facebook.com\/BlogQuerSaberPolitica\/\" \/>\n<meta property=\"article:author\" content=\"https:\/\/www.facebook.com\/?ref=tn_tnmn\" \/>\n<meta property=\"article:published_time\" content=\"2026-03-08T17:00:15+00:00\" \/>\n<meta property=\"og:image\" content=\"https:\/\/blogdofarnesio.com.br\/wp-content\/uploads\/2026\/03\/blogqsppet-Caminhada-Lilas-scaled-e1772972361133.jpg\" \/>\n\t<meta property=\"og:image:width\" content=\"560\" \/>\n\t<meta property=\"og:image:height\" content=\"350\" \/>\n\t<meta property=\"og:image:type\" content=\"image\/jpeg\" \/>\n<meta name=\"author\" content=\"Farn\u00e9sio\" \/>\n<meta name=\"twitter:card\" content=\"summary_large_image\" \/>\n<meta name=\"twitter:label1\" content=\"Escrito por\" \/>\n\t<meta name=\"twitter:data1\" content=\"Farn\u00e9sio\" \/>\n\t<meta name=\"twitter:label2\" content=\"Est. tempo de leitura\" \/>\n\t<meta name=\"twitter:data2\" content=\"3 minutos\" \/>\n<script type=\"application\/ld+json\" class=\"yoast-schema-graph\">{\"@context\":\"https:\\\/\\\/schema.org\",\"@graph\":[{\"@type\":\"Article\",\"@id\":\"https:\\\/\\\/blogdofarnesio.com.br\\\/?p=416695#article\",\"isPartOf\":{\"@id\":\"https:\\\/\\\/blogdofarnesio.com.br\\\/?p=416695\"},\"author\":{\"name\":\"Farn\u00e9sio\",\"@id\":\"https:\\\/\\\/blogdofarnesio.com.br\\\/#\\\/schema\\\/person\\\/bb9b23ae3ad0609ce8df7b6c9e76824d\"},\"headline\":\"Dia da Mulher: Prefeitura de Petrolina fortalece prote\u00e7\u00e3o, autonomia e oportunidades para todas\",\"datePublished\":\"2026-03-08T17:00:15+00:00\",\"mainEntityOfPage\":{\"@id\":\"https:\\\/\\\/blogdofarnesio.com.br\\\/?p=416695\"},\"wordCount\":475,\"commentCount\":0,\"publisher\":{\"@id\":\"https:\\\/\\\/blogdofarnesio.com.br\\\/#organization\"},\"image\":{\"@id\":\"https:\\\/\\\/blogdofarnesio.com.br\\\/?p=416695#primaryimage\"},\"thumbnailUrl\":\"https:\\\/\\\/blogdofarnesio.com.br\\\/wp-content\\\/uploads\\\/2026\\\/03\\\/blogqsppet-Caminhada-Lilas-scaled-e1772972361133.jpg\",\"articleSection\":[\"Manifesta\u00e7\u00e3o\"],\"inLanguage\":\"pt-BR\",\"potentialAction\":[{\"@type\":\"CommentAction\",\"name\":\"Comment\",\"target\":[\"https:\\\/\\\/blogdofarnesio.com.br\\\/?p=416695#respond\"]}]},{\"@type\":\"WebPage\",\"@id\":\"https:\\\/\\\/blogdofarnesio.com.br\\\/?p=416695\",\"url\":\"https:\\\/\\\/blogdofarnesio.com.br\\\/?p=416695\",\"name\":\"Dia da Mulher: Prefeitura de Petrolina fortalece prote\u00e7\u00e3o, autonomia e oportunidades para todas - Blog do Farn\u00e9sio\",\"isPartOf\":{\"@id\":\"https:\\\/\\\/blogdofarnesio.com.br\\\/#website\"},\"primaryImageOfPage\":{\"@id\":\"https:\\\/\\\/blogdofarnesio.com.br\\\/?p=416695#primaryimage\"},\"image\":{\"@id\":\"https:\\\/\\\/blogdofarnesio.com.br\\\/?p=416695#primaryimage\"},\"thumbnailUrl\":\"https:\\\/\\\/blogdofarnesio.com.br\\\/wp-content\\\/uploads\\\/2026\\\/03\\\/blogqsppet-Caminhada-Lilas-scaled-e1772972361133.jpg\",\"datePublished\":\"2026-03-08T17:00:15+00:00\",\"breadcrumb\":{\"@id\":\"https:\\\/\\\/blogdofarnesio.com.br\\\/?p=416695#breadcrumb\"},\"inLanguage\":\"pt-BR\",\"potentialAction\":[{\"@type\":\"ReadAction\",\"target\":[\"https:\\\/\\\/blogdofarnesio.com.br\\\/?p=416695\"]}]},{\"@type\":\"ImageObject\",\"inLanguage\":\"pt-BR\",\"@id\":\"https:\\\/\\\/blogdofarnesio.com.br\\\/?p=416695#primaryimage\",\"url\":\"https:\\\/\\\/blogdofarnesio.com.br\\\/wp-content\\\/uploads\\\/2026\\\/03\\\/blogqsppet-Caminhada-Lilas-scaled-e1772972361133.jpg\",\"contentUrl\":\"https:\\\/\\\/blogdofarnesio.com.br\\\/wp-content\\\/uploads\\\/2026\\\/03\\\/blogqsppet-Caminhada-Lilas-scaled-e1772972361133.jpg\",\"width\":560,\"height\":350},{\"@type\":\"BreadcrumbList\",\"@id\":\"https:\\\/\\\/blogdofarnesio.com.br\\\/?p=416695#breadcrumb\",\"itemListElement\":[{\"@type\":\"ListItem\",\"position\":1,\"name\":\"In\u00edcio\",\"item\":\"https:\\\/\\\/blogdofarnesio.com.br\\\/\"},{\"@type\":\"ListItem\",\"position\":2,\"name\":\"Dia da Mulher: Prefeitura de Petrolina fortalece prote\u00e7\u00e3o, autonomia e oportunidades para todas\"}]},{\"@type\":\"WebSite\",\"@id\":\"https:\\\/\\\/blogdofarnesio.com.br\\\/#website\",\"url\":\"https:\\\/\\\/blogdofarnesio.com.br\\\/\",\"name\":\"Blog do Farn\u00e9sio\",\"description\":\"Quer Saber Pol\u00edtica?\",\"publisher\":{\"@id\":\"https:\\\/\\\/blogdofarnesio.com.br\\\/#organization\"},\"potentialAction\":[{\"@type\":\"SearchAction\",\"target\":{\"@type\":\"EntryPoint\",\"urlTemplate\":\"https:\\\/\\\/blogdofarnesio.com.br\\\/?s={search_term_string}\"},\"query-input\":{\"@type\":\"PropertyValueSpecification\",\"valueRequired\":true,\"valueName\":\"search_term_string\"}}],\"inLanguage\":\"pt-BR\"},{\"@type\":\"Organization\",\"@id\":\"https:\\\/\\\/blogdofarnesio.com.br\\\/#organization\",\"name\":\"Blog do Farn\u00e9sio\",\"url\":\"https:\\\/\\\/blogdofarnesio.com.br\\\/\",\"logo\":{\"@type\":\"ImageObject\",\"inLanguage\":\"pt-BR\",\"@id\":\"https:\\\/\\\/blogdofarnesio.com.br\\\/#\\\/schema\\\/logo\\\/image\\\/\",\"url\":\"https:\\\/\\\/blogdofarnesio.com.br\\\/wp-content\\\/uploads\\\/2026\\\/03\\\/cropped-logo_new-1.png\",\"contentUrl\":\"https:\\\/\\\/blogdofarnesio.com.br\\\/wp-content\\\/uploads\\\/2026\\\/03\\\/cropped-logo_new-1.png\",\"width\":881,\"height\":685,\"caption\":\"Blog do Farn\u00e9sio\"},\"image\":{\"@id\":\"https:\\\/\\\/blogdofarnesio.com.br\\\/#\\\/schema\\\/logo\\\/image\\\/\"},\"sameAs\":[\"https:\\\/\\\/www.facebook.com\\\/BlogQuerSaberPolitica\\\/\"]},{\"@type\":\"Person\",\"@id\":\"https:\\\/\\\/blogdofarnesio.com.br\\\/#\\\/schema\\\/person\\\/bb9b23ae3ad0609ce8df7b6c9e76824d\",\"name\":\"Farn\u00e9sio\",\"image\":{\"@type\":\"ImageObject\",\"inLanguage\":\"pt-BR\",\"@id\":\"https:\\\/\\\/secure.gravatar.com\\\/avatar\\\/986aa4c61ccdb66f8555bf88fc2a65609d00bcabd4d2d94377a727547345cbca?s=96&d=mm&r=g\",\"url\":\"https:\\\/\\\/secure.gravatar.com\\\/avatar\\\/986aa4c61ccdb66f8555bf88fc2a65609d00bcabd4d2d94377a727547345cbca?s=96&d=mm&r=g\",\"contentUrl\":\"https:\\\/\\\/secure.gravatar.com\\\/avatar\\\/986aa4c61ccdb66f8555bf88fc2a65609d00bcabd4d2d94377a727547345cbca?s=96&d=mm&r=g\",\"caption\":\"Farn\u00e9sio\"},\"description\":\"Radialista blogueiro, chegou a Petrolina\\\/Juazeiro em setembro de 1980, Farn\u00e9sio Silva \u00e9 de Arapiraca-Alagoas.\",\"sameAs\":[\"http:\\\/\\\/blogdofarnesio.com.br\",\"https:\\\/\\\/www.facebook.com\\\/?ref=tn_tnmn\",\"https:\\\/\\\/www.instagram.com\\\/?utm_source=pwa_homescreen\",\"https:\\\/\\\/youtube.com.br\\\/\"],\"url\":\"https:\\\/\\\/blogdofarnesio.com.br\\\/?author=2\"}]}<\/script>\n<!-- \/ Yoast SEO plugin. -->","yoast_head_json":{"title":"Dia da Mulher: Prefeitura de Petrolina fortalece prote\u00e7\u00e3o, autonomia e oportunidades para todas - Blog do Farn\u00e9sio","robots":{"index":"index","follow":"follow","max-snippet":"max-snippet:-1","max-image-preview":"max-image-preview:large","max-video-preview":"max-video-preview:-1"},"canonical":"https:\/\/blogdofarnesio.com.br\/?p=416695","og_locale":"pt_BR","og_type":"article","og_title":"Dia da Mulher: Prefeitura de Petrolina fortalece prote\u00e7\u00e3o, autonomia e oportunidades para todas - Blog do Farn\u00e9sio","og_description":"Neste domingo, 8 de mar\u00e7o, Dia Internacional da Mulher, a Prefeitura de Petrolina, por meio da Secretaria de Assist\u00eancia Social e Combate \u00e0 Fome, refor\u00e7a seu compromisso com a prote\u00e7\u00e3o, valoriza\u00e7\u00e3o e fortalecimento das mulheres do munic\u00edpio. A gest\u00e3o municipal mant\u00e9m servi\u00e7os e projetos que garantem acolhimento, seguran\u00e7a, autonomia e oportunidades de desenvolvimento para mulheres em situa\u00e7\u00e3o de vulnerabilidade ou v\u00edtimas de viol\u00eancia, mostrando que nenhuma mulher precisa enfrentar a viol\u00eancia sozinha. O Centro Especializado de Atendimento \u00e0 Mulher (CEAM) \u00e9 refer\u00eancia no acolhimento humanizado e sigiloso, oferecendo suporte psicol\u00f3gico, jur\u00eddico e socioassistencial, al\u00e9m de desenvolver grupos terap\u00eauticos, cursos e a\u00e7\u00f5es de qualifica\u00e7\u00e3o que fortalecem a autoestima e a independ\u00eancia econ\u00f4mica das mulheres. De janeiro de 2025 a janeiro de&hellip;","og_url":"https:\/\/blogdofarnesio.com.br\/?p=416695","og_site_name":"Blog do Farn\u00e9sio","article_publisher":"https:\/\/www.facebook.com\/BlogQuerSaberPolitica\/","article_author":"https:\/\/www.facebook.com\/?ref=tn_tnmn","article_published_time":"2026-03-08T17:00:15+00:00","og_image":[{"width":560,"height":350,"url":"https:\/\/blogdofarnesio.com.br\/wp-content\/uploads\/2026\/03\/blogqsppet-Caminhada-Lilas-scaled-e1772972361133.jpg","type":"image\/jpeg"}],"author":"Farn\u00e9sio","twitter_card":"summary_large_image","twitter_misc":{"Escrito por":"Farn\u00e9sio","Est. tempo de leitura":"3 minutos"},"schema":{"@context":"https:\/\/schema.org","@graph":[{"@type":"Article","@id":"https:\/\/blogdofarnesio.com.br\/?p=416695#article","isPartOf":{"@id":"https:\/\/blogdofarnesio.com.br\/?p=416695"},"author":{"name":"Farn\u00e9sio","@id":"https:\/\/blogdofarnesio.com.br\/#\/schema\/person\/bb9b23ae3ad0609ce8df7b6c9e76824d"},"headline":"Dia da Mulher: Prefeitura de Petrolina fortalece prote\u00e7\u00e3o, autonomia e oportunidades para todas","datePublished":"2026-03-08T17:00:15+00:00","mainEntityOfPage":{"@id":"https:\/\/blogdofarnesio.com.br\/?p=416695"},"wordCount":475,"commentCount":0,"publisher":{"@id":"https:\/\/blogdofarnesio.com.br\/#organization"},"image":{"@id":"https:\/\/blogdofarnesio.com.br\/?p=416695#primaryimage"},"thumbnailUrl":"https:\/\/blogdofarnesio.com.br\/wp-content\/uploads\/2026\/03\/blogqsppet-Caminhada-Lilas-scaled-e1772972361133.jpg","articleSection":["Manifesta\u00e7\u00e3o"],"inLanguage":"pt-BR","potentialAction":[{"@type":"CommentAction","name":"Comment","target":["https:\/\/blogdofarnesio.com.br\/?p=416695#respond"]}]},{"@type":"WebPage","@id":"https:\/\/blogdofarnesio.com.br\/?p=416695","url":"https:\/\/blogdofarnesio.com.br\/?p=416695","name":"Dia da Mulher: Prefeitura de Petrolina fortalece prote\u00e7\u00e3o, autonomia e oportunidades para todas - Blog do Farn\u00e9sio","isPartOf":{"@id":"https:\/\/blogdofarnesio.com.br\/#website"},"primaryImageOfPage":{"@id":"https:\/\/blogdofarnesio.com.br\/?p=416695#primaryimage"},"image":{"@id":"https:\/\/blogdofarnesio.com.br\/?p=416695#primaryimage"},"thumbnailUrl":"https:\/\/blogdofarnesio.com.br\/wp-content\/uploads\/2026\/03\/blogqsppet-Caminhada-Lilas-scaled-e1772972361133.jpg","datePublished":"2026-03-08T17:00:15+00:00","breadcrumb":{"@id":"https:\/\/blogdofarnesio.com.br\/?p=416695#breadcrumb"},"inLanguage":"pt-BR","potentialAction":[{"@type":"ReadAction","target":["https:\/\/blogdofarnesio.com.br\/?p=416695"]}]},{"@type":"ImageObject","inLanguage":"pt-BR","@id":"https:\/\/blogdofarnesio.com.br\/?p=416695#primaryimage","url":"https:\/\/blogdofarnesio.com.br\/wp-content\/uploads\/2026\/03\/blogqsppet-Caminhada-Lilas-scaled-e1772972361133.jpg","contentUrl":"https:\/\/blogdofarnesio.com.br\/wp-content\/uploads\/2026\/03\/blogqsppet-Caminhada-Lilas-scaled-e1772972361133.jpg","width":560,"height":350},{"@type":"BreadcrumbList","@id":"https:\/\/blogdofarnesio.com.br\/?p=416695#breadcrumb","itemListElement":[{"@type":"ListItem","position":1,"name":"In\u00edcio","item":"https:\/\/blogdofarnesio.com.br\/"},{"@type":"ListItem","position":2,"name":"Dia da Mulher: Prefeitura de Petrolina fortalece prote\u00e7\u00e3o, autonomia e oportunidades para todas"}]},{"@type":"WebSite","@id":"https:\/\/blogdofarnesio.com.br\/#website","url":"https:\/\/blogdofarnesio.com.br\/","name":"Blog do Farn\u00e9sio","description":"Quer Saber Pol\u00edtica?","publisher":{"@id":"https:\/\/blogdofarnesio.com.br\/#organization"},"potentialAction":[{"@type":"SearchAction","target":{"@type":"EntryPoint","urlTemplate":"https:\/\/blogdofarnesio.com.br\/?s={search_term_string}"},"query-input":{"@type":"PropertyValueSpecification","valueRequired":true,"valueName":"search_term_string"}}],"inLanguage":"pt-BR"},{"@type":"Organization","@id":"https:\/\/blogdofarnesio.com.br\/#organization","name":"Blog do Farn\u00e9sio","url":"https:\/\/blogdofarnesio.com.br\/","logo":{"@type":"ImageObject","inLanguage":"pt-BR","@id":"https:\/\/blogdofarnesio.com.br\/#\/schema\/logo\/image\/","url":"https:\/\/blogdofarnesio.com.br\/wp-content\/uploads\/2026\/03\/cropped-logo_new-1.png","contentUrl":"https:\/\/blogdofarnesio.com.br\/wp-content\/uploads\/2026\/03\/cropped-logo_new-1.png","width":881,"height":685,"caption":"Blog do Farn\u00e9sio"},"image":{"@id":"https:\/\/blogdofarnesio.com.br\/#\/schema\/logo\/image\/"},"sameAs":["https:\/\/www.facebook.com\/BlogQuerSaberPolitica\/"]},{"@type":"Person","@id":"https:\/\/blogdofarnesio.com.br\/#\/schema\/person\/bb9b23ae3ad0609ce8df7b6c9e76824d","name":"Farn\u00e9sio","image":{"@type":"ImageObject","inLanguage":"pt-BR","@id":"https:\/\/secure.gravatar.com\/avatar\/986aa4c61ccdb66f8555bf88fc2a65609d00bcabd4d2d94377a727547345cbca?s=96&d=mm&r=g","url":"https:\/\/secure.gravatar.com\/avatar\/986aa4c61ccdb66f8555bf88fc2a65609d00bcabd4d2d94377a727547345cbca?s=96&d=mm&r=g","contentUrl":"https:\/\/secure.gravatar.com\/avatar\/986aa4c61ccdb66f8555bf88fc2a65609d00bcabd4d2d94377a727547345cbca?s=96&d=mm&r=g","caption":"Farn\u00e9sio"},"description":"Radialista blogueiro, chegou a Petrolina\/Juazeiro em setembro de 1980, Farn\u00e9sio Silva \u00e9 de Arapiraca-Alagoas.","sameAs":["http:\/\/blogdofarnesio.com.br","https:\/\/www.facebook.com\/?ref=tn_tnmn","https:\/\/www.instagram.com\/?utm_source=pwa_homescreen","https:\/\/youtube.com.br\/"],"url":"https:\/\/blogdofarnesio.com.br\/?author=2"}]}},"_links":{"self":[{"href":"https:\/\/blogdofarnesio.com.br\/index.php?rest_route=\/wp\/v2\/posts\/416695","targetHints":{"allow":["GET"]}}],"collection":[{"href":"https:\/\/blogdofarnesio.com.br\/index.php?rest_route=\/wp\/v2\/posts"}],"about":[{"href":"https:\/\/blogdofarnesio.com.br\/index.php?rest_route=\/wp\/v2\/types\/post"}],"author":[{"embeddable":true,"href":"https:\/\/blogdofarnesio.com.br\/index.php?rest_route=\/wp\/v2\/users\/2"}],"replies":[{"embeddable":true,"href":"https:\/\/blogdofarnesio.com.br\/index.php?rest_route=%2Fwp%2Fv2%2Fcomments&post=416695"}],"version-history":[{"count":1,"href":"https:\/\/blogdofarnesio.com.br\/index.php?rest_route=\/wp\/v2\/posts\/416695\/revisions"}],"predecessor-version":[{"id":416697,"href":"https:\/\/blogdofarnesio.com.br\/index.php?rest_route=\/wp\/v2\/posts\/416695\/revisions\/416697"}],"wp:featuredmedia":[{"embeddable":true,"href":"https:\/\/blogdofarnesio.com.br\/index.php?rest_route=\/wp\/v2\/media\/416696"}],"wp:attachment":[{"href":"https:\/\/blogdofarnesio.com.br\/index.php?rest_route=%2Fwp%2Fv2%2Fmedia&parent=416695"}],"wp:term":[{"taxonomy":"category","embeddable":true,"href":"https:\/\/blogdofarnesio.com.br\/index.php?rest_route=%2Fwp%2Fv2%2Fcategories&post=416695"},{"taxonomy":"post_tag","embeddable":true,"href":"https:\/\/blogdofarnesio.com.br\/index.php?rest_route=%2Fwp%2Fv2%2Ftags&post=416695"}],"curies":[{"name":"wp","href":"https:\/\/api.w.org\/{rel}","templated":true}]}}