{"id":416677,"date":"2026-03-08T10:30:43","date_gmt":"2026-03-08T13:30:43","guid":{"rendered":"https:\/\/blogdofarnesio.com.br\/?p=416677"},"modified":"2026-03-08T08:00:57","modified_gmt":"2026-03-08T11:00:57","slug":"a-historia-por-tras-do-8-de-marco-quando-e-por-que-a-data-e-celebrada","status":"publish","type":"post","link":"https:\/\/blogdofarnesio.com.br\/?p=416677","title":{"rendered":"A hist\u00f3ria por tr\u00e1s do 8 de mar\u00e7o: quando e por que a data \u00e9 celebrada"},"content":{"rendered":"<div class=\"edm-middle\">\n<h1><a style=\"font-size: 16px; font-weight: 400;\" href=\"https:\/\/www.em.com.br\/autor\/juliane-aguiar\/page\/1\/\">Juliane Aguiar &#8211;\u00a0<\/a><\/h1>\n<h2 class=\"edm-sub\"><em>Muito mais que uma data comemorativa, o dia tem origem em lutas oper\u00e1rias por direitos; entenda o contexto hist\u00f3rico e a import\u00e2ncia de manter a mem\u00f3ria viva<\/em><\/h2>\n<p>O Dia Internacional da Mulher, celebrado em 8 de mar\u00e7o, \u00e9 frequentemente associado a homenagens e presentes, mas sua origem est\u00e1 longe de ser apenas comemorativa. A data nasceu de greves e manifesta\u00e7\u00f5es de mulheres oper\u00e1rias no in\u00edcio do s\u00e9culo 20, que lutavam por melhores condi\u00e7\u00f5es de trabalho, sal\u00e1rios justos e direito ao voto. \u00c9 um marco de luta pol\u00edtica e social, n\u00e3o apenas uma celebra\u00e7\u00e3o.<\/p>\n<\/div>\n<div class=\"edm-middle edm-middle-post\">\n<figure class=\"edm-featured-image\">\n<div><picture><source srcset=\"https:\/\/midias.em.com.br\/_midias\/jpg\/2026\/03\/05\/7368807-c713faeb4ecd4838b240d5bb774ca5ff-64962497.jpg 480w\" media=\"(max-width: 767px)\" \/><source srcset=\"https:\/\/midias.em.com.br\/_midias\/jpg\/2026\/03\/05\/7368807-c713faeb4ecd4838b240d5bb774ca5ff-64962497.jpg 675w\" media=\"(max-width: 1365px)\" \/><source srcset=\"https:\/\/midias.em.com.br\/_midias\/jpg\/2026\/03\/05\/7368807-c713faeb4ecd4838b240d5bb774ca5ff-64962497.jpg 820w\" media=\"(min-width: 1366px)\" \/><img class=\"news-feature-img\" title=\"Mulheres russas protestam por p\u00e3o e paz em 1917, um marco crucial para a origem do Dia Internacional da Mulher. - (cr\u00e9dito: Reprodu\u00e7\u00e3o)\" srcset=\"https:\/\/midias.em.com.br\/_midias\/jpg\/2026\/03\/05\/7368807-c713faeb4ecd4838b240d5bb774ca5ff-64962497.jpg\" alt=\"A hist\u00f3ria por tr\u00e1s do 8 de mar\u00e7o: quando e por que a data \u00e9 celebrada\" width=\"775\" height=\"435\" \/><\/picture><\/div><figcaption>Mulheres russas protestam por p\u00e3o e paz em 1917, um marco crucial para a origem do Dia Internacional da Mulher.cr\u00e9dito: Reprodu\u00e7\u00e3o<\/figcaption><\/figure>\n<div class=\"edm-cms-content tbl-forkorts-article\">\n<p class=\"texto\">Diferente do que muitos pensam, a hist\u00f3ria n\u00e3o come\u00e7ou com um inc\u00eandio em uma f\u00e1brica de Nova York em 1857. Esse evento \u00e9 considerado um mito. As ra\u00edzes hist\u00f3ricas s\u00e3o mais complexas e ligadas ao movimento socialista. Em 1910, durante a Segunda Confer\u00eancia Internacional das Mulheres Socialistas, a alem\u00e3 Clara Zetkin prop\u00f4s a cria\u00e7\u00e3o de uma jornada anual de manifesta\u00e7\u00f5es por direitos, sem definir um dia fixo.<\/p>\n<p class=\"texto\">A data 8 de mar\u00e7o se consolidou ap\u00f3s uma grande manifesta\u00e7\u00e3o de mulheres na R\u00fassia em 1917. Em 8 de mar\u00e7o daquele ano (23 de fevereiro no calend\u00e1rio russo da \u00e9poca), tecel\u00e3s e outras trabalhadoras foram \u00e0s ruas protestar contra a fome, a guerra e as m\u00e1s condi\u00e7\u00f5es de vida. O movimento foi um dos estopins da Revolu\u00e7\u00e3o Russa. A data foi oficializada pela\u00a0<a href=\"https:\/\/em.com.br\/nacional\/2024\/03\/6815478-dia-internacional-da-mulher-veja-10-mensagens-para-exaltar-a-luta-pelos-direitos-delas.html\" target=\"_blank\" rel=\"noopener noreferrer\">Organiza\u00e7\u00e3o das Na\u00e7\u00f5es Unidas (ONU)<\/a>\u00a0apenas em 1975.<\/p>\n<h2>O 8 de mar\u00e7o \u00e9 feriado?<\/h2>\n<p class=\"texto\">No Brasil, o Dia Internacional da Mulher n\u00e3o \u00e9 um feriado nacional. A data \u00e9 considerada um ponto facultativo em algumas empresas e reparti\u00e7\u00f5es p\u00fablicas, mas n\u00e3o h\u00e1 uma lei que determine a folga geral. A rotina de trabalho e estudos segue normalmente na maior parte do pa\u00eds.<\/p>\n<p class=\"texto\">A situa\u00e7\u00e3o \u00e9 diferente em outros lugares do mundo. A data \u00e9 um feriado oficial em pa\u00edses como R\u00fassia, Ucr\u00e2nia, Cuba, China e Angola. Na Alemanha, tornou-se feriado em alguns estados, como em Berlim desde 2019. Nestes locais, o 8 de mar\u00e7o \u00e9 um dia de descanso e mobiliza\u00e7\u00e3o social.<\/p>\n<h2>Por que a data \u00e9 importante?<\/h2>\n<p class=\"texto\">Manter a mem\u00f3ria da origem do 8 de mar\u00e7o \u00e9 fundamental para entender seu prop\u00f3sito. A data serve como um momento de reflex\u00e3o e cobran\u00e7a por\u00a0<a href=\"https:\/\/em.com.br\/opiniao\/2025\/03\/7079151-dia-da-mulher-e-de-cobranca-nao-de-festa.html\" target=\"_blank\" rel=\"noopener noreferrer\">igualdade de g\u00eanero<\/a>. \u00c9 um dia para dar visibilidade a pautas como o\u00a0<a href=\"https:\/\/em.com.br\/nacional\/2025\/10\/7267586-dia-de-luta-contra-a-violencia-a-mulher-e-hoje-10-10-saiba-origem.html\" target=\"_blank\" rel=\"noopener noreferrer\">combate \u00e0 viol\u00eancia contra a mulher<\/a>, a equipara\u00e7\u00e3o salarial, a maior representatividade na pol\u00edtica e a divis\u00e3o justa das tarefas dom\u00e9sticas.<\/p>\n<p class=\"texto\">Mais do que receber flores, a data convida a sociedade a debater os desafios que as mulheres ainda enfrentam e a refor\u00e7ar o compromisso com a constru\u00e7\u00e3o de um futuro mais justo e igualit\u00e1rio para todos.<\/p>\n<p class=\"texto\"><a href=\"https:\/\/whatsapp.com\/channel\/0029Va8e466AO7RPLL06EL2h\" target=\"_blank\" rel=\"noopener\"><strong>Siga nosso canal no WhatsApp e receba not\u00edcias relevantes para o seu dia<\/strong><\/a><\/p>\n<p class=\"texto\"><em>Uma ferramenta de IA foi usada para auxiliar na produ\u00e7\u00e3o desta reportagem, sob supervis\u00e3o editorial humana.<\/em><\/p>\n<\/div>\n<div class=\"edm-tags\"><\/div>\n<\/div>\n","protected":false},"excerpt":{"rendered":"<p>Juliane Aguiar &#8211;\u00a0 Muito mais que uma data comemorativa, o dia tem origem em lutas oper\u00e1rias por direitos; entenda o contexto hist\u00f3rico e a import\u00e2ncia de manter a mem\u00f3ria viva O Dia Internacional da Mulher, celebrado em 8 de mar\u00e7o, \u00e9 frequentemente associado a homenagens e presentes, mas sua origem est\u00e1 longe de ser apenas comemorativa. A data nasceu de greves e manifesta\u00e7\u00f5es de mulheres oper\u00e1rias no in\u00edcio do s\u00e9culo 20, que lutavam por melhores condi\u00e7\u00f5es de trabalho, sal\u00e1rios justos e direito ao voto. \u00c9 um marco de luta pol\u00edtica e social, n\u00e3o apenas uma celebra\u00e7\u00e3o. Mulheres russas protestam por p\u00e3o e paz em 1917, um marco crucial para a origem do Dia Internacional da Mulher.cr\u00e9dito: Reprodu\u00e7\u00e3o Diferente do que&hellip; <\/p>\n","protected":false},"author":2,"featured_media":416678,"comment_status":"open","ping_status":"open","sticky":false,"template":"","format":"standard","meta":{"_acf_changed":false,"footnotes":""},"categories":[10],"tags":[],"class_list":["post-416677","post","type-post","status-publish","format-standard","has-post-thumbnail","hentry","category-cultura"],"acf":[],"yoast_head":"<!-- This site is optimized with the Yoast SEO plugin v27.4 - https:\/\/yoast.com\/product\/yoast-seo-wordpress\/ -->\n<title>A hist\u00f3ria por tr\u00e1s do 8 de mar\u00e7o: quando e por que a data \u00e9 celebrada - Blog do Farn\u00e9sio<\/title>\n<meta name=\"robots\" content=\"index, follow, max-snippet:-1, max-image-preview:large, max-video-preview:-1\" \/>\n<link rel=\"canonical\" href=\"https:\/\/blogdofarnesio.com.br\/?p=416677\" \/>\n<meta property=\"og:locale\" content=\"pt_BR\" \/>\n<meta property=\"og:type\" content=\"article\" \/>\n<meta property=\"og:title\" content=\"A hist\u00f3ria por tr\u00e1s do 8 de mar\u00e7o: quando e por que a data \u00e9 celebrada - Blog do Farn\u00e9sio\" \/>\n<meta property=\"og:description\" content=\"Juliane Aguiar &#8211;\u00a0 Muito mais que uma data comemorativa, o dia tem origem em lutas oper\u00e1rias por direitos; entenda o contexto hist\u00f3rico e a import\u00e2ncia de manter a mem\u00f3ria viva O Dia Internacional da Mulher, celebrado em 8 de mar\u00e7o, \u00e9 frequentemente associado a homenagens e presentes, mas sua origem est\u00e1 longe de ser apenas comemorativa. A data nasceu de greves e manifesta\u00e7\u00f5es de mulheres oper\u00e1rias no in\u00edcio do s\u00e9culo 20, que lutavam por melhores condi\u00e7\u00f5es de trabalho, sal\u00e1rios justos e direito ao voto. \u00c9 um marco de luta pol\u00edtica e social, n\u00e3o apenas uma celebra\u00e7\u00e3o. Mulheres russas protestam por p\u00e3o e paz em 1917, um marco crucial para a origem do Dia Internacional da Mulher.cr\u00e9dito: Reprodu\u00e7\u00e3o Diferente do que&hellip;\" \/>\n<meta property=\"og:url\" content=\"https:\/\/blogdofarnesio.com.br\/?p=416677\" \/>\n<meta property=\"og:site_name\" content=\"Blog do Farn\u00e9sio\" \/>\n<meta property=\"article:publisher\" content=\"https:\/\/www.facebook.com\/BlogQuerSaberPolitica\/\" \/>\n<meta property=\"article:author\" content=\"https:\/\/www.facebook.com\/?ref=tn_tnmn\" \/>\n<meta property=\"article:published_time\" content=\"2026-03-08T13:30:43+00:00\" \/>\n<meta property=\"og:image\" content=\"https:\/\/blogdofarnesio.com.br\/wp-content\/uploads\/2026\/03\/mitumulher-e1772967313962.jpeg\" \/>\n\t<meta property=\"og:image:width\" content=\"400\" \/>\n\t<meta property=\"og:image:height\" content=\"602\" \/>\n\t<meta property=\"og:image:type\" content=\"image\/jpeg\" \/>\n<meta name=\"author\" content=\"Farn\u00e9sio\" \/>\n<meta name=\"twitter:card\" content=\"summary_large_image\" \/>\n<meta name=\"twitter:label1\" content=\"Escrito por\" \/>\n\t<meta name=\"twitter:data1\" content=\"Farn\u00e9sio\" \/>\n\t<meta name=\"twitter:label2\" content=\"Est. tempo de leitura\" \/>\n\t<meta name=\"twitter:data2\" content=\"4 minutos\" \/>\n<script type=\"application\/ld+json\" class=\"yoast-schema-graph\">{\"@context\":\"https:\\\/\\\/schema.org\",\"@graph\":[{\"@type\":\"Article\",\"@id\":\"https:\\\/\\\/blogdofarnesio.com.br\\\/?p=416677#article\",\"isPartOf\":{\"@id\":\"https:\\\/\\\/blogdofarnesio.com.br\\\/?p=416677\"},\"author\":{\"name\":\"Farn\u00e9sio\",\"@id\":\"https:\\\/\\\/blogdofarnesio.com.br\\\/#\\\/schema\\\/person\\\/bb9b23ae3ad0609ce8df7b6c9e76824d\"},\"headline\":\"A hist\u00f3ria por tr\u00e1s do 8 de mar\u00e7o: quando e por que a data \u00e9 celebrada\",\"datePublished\":\"2026-03-08T13:30:43+00:00\",\"mainEntityOfPage\":{\"@id\":\"https:\\\/\\\/blogdofarnesio.com.br\\\/?p=416677\"},\"wordCount\":552,\"commentCount\":0,\"publisher\":{\"@id\":\"https:\\\/\\\/blogdofarnesio.com.br\\\/#organization\"},\"image\":{\"@id\":\"https:\\\/\\\/blogdofarnesio.com.br\\\/?p=416677#primaryimage\"},\"thumbnailUrl\":\"https:\\\/\\\/blogdofarnesio.com.br\\\/wp-content\\\/uploads\\\/2026\\\/03\\\/mitumulher-e1772967313962.jpeg\",\"articleSection\":[\"Cultura\"],\"inLanguage\":\"pt-BR\",\"potentialAction\":[{\"@type\":\"CommentAction\",\"name\":\"Comment\",\"target\":[\"https:\\\/\\\/blogdofarnesio.com.br\\\/?p=416677#respond\"]}]},{\"@type\":\"WebPage\",\"@id\":\"https:\\\/\\\/blogdofarnesio.com.br\\\/?p=416677\",\"url\":\"https:\\\/\\\/blogdofarnesio.com.br\\\/?p=416677\",\"name\":\"A hist\u00f3ria por tr\u00e1s do 8 de mar\u00e7o: quando e por que a data \u00e9 celebrada - Blog do Farn\u00e9sio\",\"isPartOf\":{\"@id\":\"https:\\\/\\\/blogdofarnesio.com.br\\\/#website\"},\"primaryImageOfPage\":{\"@id\":\"https:\\\/\\\/blogdofarnesio.com.br\\\/?p=416677#primaryimage\"},\"image\":{\"@id\":\"https:\\\/\\\/blogdofarnesio.com.br\\\/?p=416677#primaryimage\"},\"thumbnailUrl\":\"https:\\\/\\\/blogdofarnesio.com.br\\\/wp-content\\\/uploads\\\/2026\\\/03\\\/mitumulher-e1772967313962.jpeg\",\"datePublished\":\"2026-03-08T13:30:43+00:00\",\"breadcrumb\":{\"@id\":\"https:\\\/\\\/blogdofarnesio.com.br\\\/?p=416677#breadcrumb\"},\"inLanguage\":\"pt-BR\",\"potentialAction\":[{\"@type\":\"ReadAction\",\"target\":[\"https:\\\/\\\/blogdofarnesio.com.br\\\/?p=416677\"]}]},{\"@type\":\"ImageObject\",\"inLanguage\":\"pt-BR\",\"@id\":\"https:\\\/\\\/blogdofarnesio.com.br\\\/?p=416677#primaryimage\",\"url\":\"https:\\\/\\\/blogdofarnesio.com.br\\\/wp-content\\\/uploads\\\/2026\\\/03\\\/mitumulher-e1772967313962.jpeg\",\"contentUrl\":\"https:\\\/\\\/blogdofarnesio.com.br\\\/wp-content\\\/uploads\\\/2026\\\/03\\\/mitumulher-e1772967313962.jpeg\",\"width\":400,\"height\":602},{\"@type\":\"BreadcrumbList\",\"@id\":\"https:\\\/\\\/blogdofarnesio.com.br\\\/?p=416677#breadcrumb\",\"itemListElement\":[{\"@type\":\"ListItem\",\"position\":1,\"name\":\"In\u00edcio\",\"item\":\"https:\\\/\\\/blogdofarnesio.com.br\\\/\"},{\"@type\":\"ListItem\",\"position\":2,\"name\":\"A hist\u00f3ria por tr\u00e1s do 8 de mar\u00e7o: quando e por que a data \u00e9 celebrada\"}]},{\"@type\":\"WebSite\",\"@id\":\"https:\\\/\\\/blogdofarnesio.com.br\\\/#website\",\"url\":\"https:\\\/\\\/blogdofarnesio.com.br\\\/\",\"name\":\"Blog do Farn\u00e9sio\",\"description\":\"Quer Saber Pol\u00edtica?\",\"publisher\":{\"@id\":\"https:\\\/\\\/blogdofarnesio.com.br\\\/#organization\"},\"potentialAction\":[{\"@type\":\"SearchAction\",\"target\":{\"@type\":\"EntryPoint\",\"urlTemplate\":\"https:\\\/\\\/blogdofarnesio.com.br\\\/?s={search_term_string}\"},\"query-input\":{\"@type\":\"PropertyValueSpecification\",\"valueRequired\":true,\"valueName\":\"search_term_string\"}}],\"inLanguage\":\"pt-BR\"},{\"@type\":\"Organization\",\"@id\":\"https:\\\/\\\/blogdofarnesio.com.br\\\/#organization\",\"name\":\"Blog do Farn\u00e9sio\",\"url\":\"https:\\\/\\\/blogdofarnesio.com.br\\\/\",\"logo\":{\"@type\":\"ImageObject\",\"inLanguage\":\"pt-BR\",\"@id\":\"https:\\\/\\\/blogdofarnesio.com.br\\\/#\\\/schema\\\/logo\\\/image\\\/\",\"url\":\"https:\\\/\\\/blogdofarnesio.com.br\\\/wp-content\\\/uploads\\\/2026\\\/03\\\/cropped-logo_new-1.png\",\"contentUrl\":\"https:\\\/\\\/blogdofarnesio.com.br\\\/wp-content\\\/uploads\\\/2026\\\/03\\\/cropped-logo_new-1.png\",\"width\":881,\"height\":685,\"caption\":\"Blog do Farn\u00e9sio\"},\"image\":{\"@id\":\"https:\\\/\\\/blogdofarnesio.com.br\\\/#\\\/schema\\\/logo\\\/image\\\/\"},\"sameAs\":[\"https:\\\/\\\/www.facebook.com\\\/BlogQuerSaberPolitica\\\/\"]},{\"@type\":\"Person\",\"@id\":\"https:\\\/\\\/blogdofarnesio.com.br\\\/#\\\/schema\\\/person\\\/bb9b23ae3ad0609ce8df7b6c9e76824d\",\"name\":\"Farn\u00e9sio\",\"image\":{\"@type\":\"ImageObject\",\"inLanguage\":\"pt-BR\",\"@id\":\"https:\\\/\\\/secure.gravatar.com\\\/avatar\\\/986aa4c61ccdb66f8555bf88fc2a65609d00bcabd4d2d94377a727547345cbca?s=96&d=mm&r=g\",\"url\":\"https:\\\/\\\/secure.gravatar.com\\\/avatar\\\/986aa4c61ccdb66f8555bf88fc2a65609d00bcabd4d2d94377a727547345cbca?s=96&d=mm&r=g\",\"contentUrl\":\"https:\\\/\\\/secure.gravatar.com\\\/avatar\\\/986aa4c61ccdb66f8555bf88fc2a65609d00bcabd4d2d94377a727547345cbca?s=96&d=mm&r=g\",\"caption\":\"Farn\u00e9sio\"},\"description\":\"Radialista blogueiro, chegou a Petrolina\\\/Juazeiro em setembro de 1980, Farn\u00e9sio Silva \u00e9 de Arapiraca-Alagoas.\",\"sameAs\":[\"http:\\\/\\\/blogdofarnesio.com.br\",\"https:\\\/\\\/www.facebook.com\\\/?ref=tn_tnmn\",\"https:\\\/\\\/www.instagram.com\\\/?utm_source=pwa_homescreen\",\"https:\\\/\\\/youtube.com.br\\\/\"],\"url\":\"https:\\\/\\\/blogdofarnesio.com.br\\\/?author=2\"}]}<\/script>\n<!-- \/ Yoast SEO plugin. -->","yoast_head_json":{"title":"A hist\u00f3ria por tr\u00e1s do 8 de mar\u00e7o: quando e por que a data \u00e9 celebrada - Blog do Farn\u00e9sio","robots":{"index":"index","follow":"follow","max-snippet":"max-snippet:-1","max-image-preview":"max-image-preview:large","max-video-preview":"max-video-preview:-1"},"canonical":"https:\/\/blogdofarnesio.com.br\/?p=416677","og_locale":"pt_BR","og_type":"article","og_title":"A hist\u00f3ria por tr\u00e1s do 8 de mar\u00e7o: quando e por que a data \u00e9 celebrada - Blog do Farn\u00e9sio","og_description":"Juliane Aguiar &#8211;\u00a0 Muito mais que uma data comemorativa, o dia tem origem em lutas oper\u00e1rias por direitos; entenda o contexto hist\u00f3rico e a import\u00e2ncia de manter a mem\u00f3ria viva O Dia Internacional da Mulher, celebrado em 8 de mar\u00e7o, \u00e9 frequentemente associado a homenagens e presentes, mas sua origem est\u00e1 longe de ser apenas comemorativa. A data nasceu de greves e manifesta\u00e7\u00f5es de mulheres oper\u00e1rias no in\u00edcio do s\u00e9culo 20, que lutavam por melhores condi\u00e7\u00f5es de trabalho, sal\u00e1rios justos e direito ao voto. \u00c9 um marco de luta pol\u00edtica e social, n\u00e3o apenas uma celebra\u00e7\u00e3o. Mulheres russas protestam por p\u00e3o e paz em 1917, um marco crucial para a origem do Dia Internacional da Mulher.cr\u00e9dito: Reprodu\u00e7\u00e3o Diferente do que&hellip;","og_url":"https:\/\/blogdofarnesio.com.br\/?p=416677","og_site_name":"Blog do Farn\u00e9sio","article_publisher":"https:\/\/www.facebook.com\/BlogQuerSaberPolitica\/","article_author":"https:\/\/www.facebook.com\/?ref=tn_tnmn","article_published_time":"2026-03-08T13:30:43+00:00","og_image":[{"width":400,"height":602,"url":"https:\/\/blogdofarnesio.com.br\/wp-content\/uploads\/2026\/03\/mitumulher-e1772967313962.jpeg","type":"image\/jpeg"}],"author":"Farn\u00e9sio","twitter_card":"summary_large_image","twitter_misc":{"Escrito por":"Farn\u00e9sio","Est. tempo de leitura":"4 minutos"},"schema":{"@context":"https:\/\/schema.org","@graph":[{"@type":"Article","@id":"https:\/\/blogdofarnesio.com.br\/?p=416677#article","isPartOf":{"@id":"https:\/\/blogdofarnesio.com.br\/?p=416677"},"author":{"name":"Farn\u00e9sio","@id":"https:\/\/blogdofarnesio.com.br\/#\/schema\/person\/bb9b23ae3ad0609ce8df7b6c9e76824d"},"headline":"A hist\u00f3ria por tr\u00e1s do 8 de mar\u00e7o: quando e por que a data \u00e9 celebrada","datePublished":"2026-03-08T13:30:43+00:00","mainEntityOfPage":{"@id":"https:\/\/blogdofarnesio.com.br\/?p=416677"},"wordCount":552,"commentCount":0,"publisher":{"@id":"https:\/\/blogdofarnesio.com.br\/#organization"},"image":{"@id":"https:\/\/blogdofarnesio.com.br\/?p=416677#primaryimage"},"thumbnailUrl":"https:\/\/blogdofarnesio.com.br\/wp-content\/uploads\/2026\/03\/mitumulher-e1772967313962.jpeg","articleSection":["Cultura"],"inLanguage":"pt-BR","potentialAction":[{"@type":"CommentAction","name":"Comment","target":["https:\/\/blogdofarnesio.com.br\/?p=416677#respond"]}]},{"@type":"WebPage","@id":"https:\/\/blogdofarnesio.com.br\/?p=416677","url":"https:\/\/blogdofarnesio.com.br\/?p=416677","name":"A hist\u00f3ria por tr\u00e1s do 8 de mar\u00e7o: quando e por que a data \u00e9 celebrada - Blog do Farn\u00e9sio","isPartOf":{"@id":"https:\/\/blogdofarnesio.com.br\/#website"},"primaryImageOfPage":{"@id":"https:\/\/blogdofarnesio.com.br\/?p=416677#primaryimage"},"image":{"@id":"https:\/\/blogdofarnesio.com.br\/?p=416677#primaryimage"},"thumbnailUrl":"https:\/\/blogdofarnesio.com.br\/wp-content\/uploads\/2026\/03\/mitumulher-e1772967313962.jpeg","datePublished":"2026-03-08T13:30:43+00:00","breadcrumb":{"@id":"https:\/\/blogdofarnesio.com.br\/?p=416677#breadcrumb"},"inLanguage":"pt-BR","potentialAction":[{"@type":"ReadAction","target":["https:\/\/blogdofarnesio.com.br\/?p=416677"]}]},{"@type":"ImageObject","inLanguage":"pt-BR","@id":"https:\/\/blogdofarnesio.com.br\/?p=416677#primaryimage","url":"https:\/\/blogdofarnesio.com.br\/wp-content\/uploads\/2026\/03\/mitumulher-e1772967313962.jpeg","contentUrl":"https:\/\/blogdofarnesio.com.br\/wp-content\/uploads\/2026\/03\/mitumulher-e1772967313962.jpeg","width":400,"height":602},{"@type":"BreadcrumbList","@id":"https:\/\/blogdofarnesio.com.br\/?p=416677#breadcrumb","itemListElement":[{"@type":"ListItem","position":1,"name":"In\u00edcio","item":"https:\/\/blogdofarnesio.com.br\/"},{"@type":"ListItem","position":2,"name":"A hist\u00f3ria por tr\u00e1s do 8 de mar\u00e7o: quando e por que a data \u00e9 celebrada"}]},{"@type":"WebSite","@id":"https:\/\/blogdofarnesio.com.br\/#website","url":"https:\/\/blogdofarnesio.com.br\/","name":"Blog do Farn\u00e9sio","description":"Quer Saber Pol\u00edtica?","publisher":{"@id":"https:\/\/blogdofarnesio.com.br\/#organization"},"potentialAction":[{"@type":"SearchAction","target":{"@type":"EntryPoint","urlTemplate":"https:\/\/blogdofarnesio.com.br\/?s={search_term_string}"},"query-input":{"@type":"PropertyValueSpecification","valueRequired":true,"valueName":"search_term_string"}}],"inLanguage":"pt-BR"},{"@type":"Organization","@id":"https:\/\/blogdofarnesio.com.br\/#organization","name":"Blog do Farn\u00e9sio","url":"https:\/\/blogdofarnesio.com.br\/","logo":{"@type":"ImageObject","inLanguage":"pt-BR","@id":"https:\/\/blogdofarnesio.com.br\/#\/schema\/logo\/image\/","url":"https:\/\/blogdofarnesio.com.br\/wp-content\/uploads\/2026\/03\/cropped-logo_new-1.png","contentUrl":"https:\/\/blogdofarnesio.com.br\/wp-content\/uploads\/2026\/03\/cropped-logo_new-1.png","width":881,"height":685,"caption":"Blog do Farn\u00e9sio"},"image":{"@id":"https:\/\/blogdofarnesio.com.br\/#\/schema\/logo\/image\/"},"sameAs":["https:\/\/www.facebook.com\/BlogQuerSaberPolitica\/"]},{"@type":"Person","@id":"https:\/\/blogdofarnesio.com.br\/#\/schema\/person\/bb9b23ae3ad0609ce8df7b6c9e76824d","name":"Farn\u00e9sio","image":{"@type":"ImageObject","inLanguage":"pt-BR","@id":"https:\/\/secure.gravatar.com\/avatar\/986aa4c61ccdb66f8555bf88fc2a65609d00bcabd4d2d94377a727547345cbca?s=96&d=mm&r=g","url":"https:\/\/secure.gravatar.com\/avatar\/986aa4c61ccdb66f8555bf88fc2a65609d00bcabd4d2d94377a727547345cbca?s=96&d=mm&r=g","contentUrl":"https:\/\/secure.gravatar.com\/avatar\/986aa4c61ccdb66f8555bf88fc2a65609d00bcabd4d2d94377a727547345cbca?s=96&d=mm&r=g","caption":"Farn\u00e9sio"},"description":"Radialista blogueiro, chegou a Petrolina\/Juazeiro em setembro de 1980, Farn\u00e9sio Silva \u00e9 de Arapiraca-Alagoas.","sameAs":["http:\/\/blogdofarnesio.com.br","https:\/\/www.facebook.com\/?ref=tn_tnmn","https:\/\/www.instagram.com\/?utm_source=pwa_homescreen","https:\/\/youtube.com.br\/"],"url":"https:\/\/blogdofarnesio.com.br\/?author=2"}]}},"_links":{"self":[{"href":"https:\/\/blogdofarnesio.com.br\/index.php?rest_route=\/wp\/v2\/posts\/416677","targetHints":{"allow":["GET"]}}],"collection":[{"href":"https:\/\/blogdofarnesio.com.br\/index.php?rest_route=\/wp\/v2\/posts"}],"about":[{"href":"https:\/\/blogdofarnesio.com.br\/index.php?rest_route=\/wp\/v2\/types\/post"}],"author":[{"embeddable":true,"href":"https:\/\/blogdofarnesio.com.br\/index.php?rest_route=\/wp\/v2\/users\/2"}],"replies":[{"embeddable":true,"href":"https:\/\/blogdofarnesio.com.br\/index.php?rest_route=%2Fwp%2Fv2%2Fcomments&post=416677"}],"version-history":[{"count":1,"href":"https:\/\/blogdofarnesio.com.br\/index.php?rest_route=\/wp\/v2\/posts\/416677\/revisions"}],"predecessor-version":[{"id":416679,"href":"https:\/\/blogdofarnesio.com.br\/index.php?rest_route=\/wp\/v2\/posts\/416677\/revisions\/416679"}],"wp:featuredmedia":[{"embeddable":true,"href":"https:\/\/blogdofarnesio.com.br\/index.php?rest_route=\/wp\/v2\/media\/416678"}],"wp:attachment":[{"href":"https:\/\/blogdofarnesio.com.br\/index.php?rest_route=%2Fwp%2Fv2%2Fmedia&parent=416677"}],"wp:term":[{"taxonomy":"category","embeddable":true,"href":"https:\/\/blogdofarnesio.com.br\/index.php?rest_route=%2Fwp%2Fv2%2Fcategories&post=416677"},{"taxonomy":"post_tag","embeddable":true,"href":"https:\/\/blogdofarnesio.com.br\/index.php?rest_route=%2Fwp%2Fv2%2Ftags&post=416677"}],"curies":[{"name":"wp","href":"https:\/\/api.w.org\/{rel}","templated":true}]}}