{"id":416643,"date":"2026-03-09T08:33:06","date_gmt":"2026-03-09T11:33:06","guid":{"rendered":"https:\/\/blogdofarnesio.com.br\/?p=416643"},"modified":"2026-03-08T16:54:35","modified_gmt":"2026-03-08T19:54:35","slug":"vereador-denuncia-suposta-rachadinha-na-prefeitura-de-sento-se","status":"publish","type":"post","link":"https:\/\/blogdofarnesio.com.br\/?p=416643","title":{"rendered":"Vereador denuncia suposta \u201crachadinha\u201d na Prefeitura de Sento S\u00e9"},"content":{"rendered":"<div class=\"s-head-large s-head-has-sep the-post-header s-head-modern s-head-large-b has-share-meta-right\">\n<div class=\"post-meta post-meta-a post-meta-left post-meta-single has-below\"><\/div>\n<\/div>\n<div class=\"ts-row\">\n<div class=\"col-8 main-content s-post-contain\">\n<div class=\"single-featured\">\n<div class=\"featured\">Uma den\u00fancia feita durante a sess\u00e3o da C\u00e2mara Municipal de Sento S\u00e9, realizada na quinta-feira (5), chamou a aten\u00e7\u00e3o dos vereadores e da popula\u00e7\u00e3o. O vereador Ismael Barros, que faz parte da base da prefeita Giselda Carvalho, afirmou na tribuna que teria recebido informa\u00e7\u00f5es sobre uma poss\u00edvel pr\u00e1tica de \u201crachadinha\u201d envolvendo servidores da prefeitura.<\/div>\n<\/div>\n<div class=\"the-post s-post-large-b s-post-large\">\n<article id=\"post-46171\" class=\"post-46171 post type-post status-publish format-video has-post-thumbnail category-sento-se category-noticias post_format-post-format-video\">\n<div class=\"post-content-wrap\">\n<div class=\"post-content cf entry-content content-spacious\">\n<p data-start=\"464\" data-end=\"742\">Segundo o parlamentar, haveria casos em que funcion\u00e1rios p\u00fablicos receberiam sal\u00e1rios e, posteriormente, parte do valor seria recolhida por outras pessoas. A pr\u00e1tica, conhecida como \u201crachadinha\u201d, ocorre quando uma parcela do sal\u00e1rio de servidores \u00e9 repassada de forma irregular.<\/p>\n<div class=\"wp-video\">\n<p><span class=\"mejs-offscreen\">Tocador de v\u00eddeo<\/span><\/p>\n<div id=\"mep_0\" class=\"mejs-container mejs-container-keyboard-inactive wp-video-shortcode mejs-android mejs-video\" tabindex=\"0\" role=\"application\" aria-label=\"Tocador de v\u00eddeo\">\n<div class=\"mejs-inner\">\n<div class=\"mejs-mediaelement\"><video id=\"video-46171-1_html5\" class=\"wp-video-shortcode\" src=\"https:\/\/sentosenoticias.com.br\/wp-content\/uploads\/2026\/03\/WhatsApp-Video-2026-03-06-at-11.25.12.mp4?_=1\" preload=\"metadata\" width=\"624\" height=\"352\" data-mce-fragment=\"1\"><\/video><\/div>\n<div class=\"mejs-layers\">\n<div class=\"mejs-overlay mejs-layer mejs-overlay-play\">\n<div class=\"mejs-overlay-button\" tabindex=\"0\" role=\"button\" aria-label=\"Reproduzir\" aria-pressed=\"false\"><\/div>\n<\/div>\n<\/div>\n<div class=\"mejs-controls\">\n<div class=\"mejs-button mejs-playpause-button mejs-play\"><\/div>\n<div class=\"mejs-time mejs-currenttime-container\" role=\"timer\" aria-live=\"off\"><span class=\"mejs-currenttime\">00:00<\/span><\/div>\n<div class=\"mejs-time-rail\"><\/div>\n<div class=\"mejs-time mejs-duration-container\"><span class=\"mejs-duration\">05:22<\/span><\/div>\n<div class=\"mejs-button mejs-fullscreen-button\"><\/div>\n<\/div>\n<\/div>\n<\/div>\n<\/div>\n<p data-start=\"744\" data-end=\"1139\">Durante o pronunciamento, o vereador disse que foi informado de situa\u00e7\u00f5es em que servidores receberiam valores elevados, enquanto outros trabalhadores teriam remunera\u00e7\u00f5es consideradas muito baixas. Como exemplo, ele citou cuidadoras de creches que, segundo afirmou, estariam recebendo cerca de R$ 600 mensais, enquanto alguns servidores teriam sal\u00e1rios que chegariam a aproximadamente R$ 17 mil.<\/p>\n<p data-start=\"1141\" data-end=\"1320\">Ismael Barros afirmou ainda que pretende levar a den\u00fancia aos \u00f3rg\u00e3os de fiscaliza\u00e7\u00e3o e controle. De acordo com ele, a iniciativa de formalizar a queixa partir\u00e1 do pr\u00f3prio mandato. O vereador tamb\u00e9m mencionou a necessidade de que a prefeita acompanhe de perto a situa\u00e7\u00e3o relatada durante a sess\u00e3o, destacando que a gest\u00e3o municipal precisa apurar os fatos.<\/p>\n<p><em>Nota<\/em><\/p>\n<p><em>A Prefeitura de Sento-S\u00e9 recebeu com surpresa as declara\u00e7\u00f5es proferidas pelo vereador Ismael Barros no plen\u00e1rio da C\u00e2mara de Vereadores durante a sess\u00e3o ordin\u00e1ria do dia 05 de mar\u00e7o de 2026.\u00a0<\/em><em>Apesar da gravidade das acusa\u00e7\u00f5es, o vereador n\u00e3o apresentou qualquer tipo de prova ou elementos m\u00ednimos que assegurem a veracidade das afirma\u00e7\u00f5es.<\/em><\/p>\n<p><em>A administra\u00e7\u00e3o Giselda Carvalho tem compromisso com a popula\u00e7\u00e3o de Sento-S\u00e9 e n\u00e3o hesitar\u00e1 em instaurar procedimentos internos para apurar qualquer tipo de ato il\u00edcito praticado por prepostos da administra\u00e7\u00e3o municipal, no entanto, n\u00e3o tem como agir com base em afirma\u00e7\u00f5es desprovidas de qualquer comprova\u00e7\u00e3o e com n\u00edtido car\u00e1ter sensacionalista.<\/em><\/p>\n<p><em>Ascom PMSSE<\/em><\/p>\n<\/div>\n<\/div>\n<\/article>\n<\/div>\n<\/div>\n<\/div>\n","protected":false},"excerpt":{"rendered":"<p>Uma den\u00fancia feita durante a sess\u00e3o da C\u00e2mara Municipal de Sento S\u00e9, realizada na quinta-feira (5), chamou a aten\u00e7\u00e3o dos vereadores e da popula\u00e7\u00e3o. O vereador Ismael Barros, que faz parte da base da prefeita Giselda Carvalho, afirmou na tribuna que teria recebido informa\u00e7\u00f5es sobre uma poss\u00edvel pr\u00e1tica de \u201crachadinha\u201d envolvendo servidores da prefeitura. Segundo o parlamentar, haveria casos em que funcion\u00e1rios p\u00fablicos receberiam sal\u00e1rios e, posteriormente, parte do valor seria recolhida por outras pessoas. A pr\u00e1tica, conhecida como \u201crachadinha\u201d, ocorre quando uma parcela do sal\u00e1rio de servidores \u00e9 repassada de forma irregular. Tocador de v\u00eddeo 00:00 05:22 Durante o pronunciamento, o vereador disse que foi informado de situa\u00e7\u00f5es em que servidores receberiam valores elevados, enquanto outros trabalhadores teriam remunera\u00e7\u00f5es&hellip; <\/p>\n","protected":false},"author":2,"featured_media":416642,"comment_status":"open","ping_status":"open","sticky":false,"template":"","format":"standard","meta":{"_acf_changed":false,"footnotes":""},"categories":[43],"tags":[],"class_list":["post-416643","post","type-post","status-publish","format-standard","has-post-thumbnail","hentry","category-sem-categoria"],"acf":[],"yoast_head":"<!-- This site is optimized with the Yoast SEO plugin v27.4 - https:\/\/yoast.com\/product\/yoast-seo-wordpress\/ -->\n<title>Vereador denuncia suposta \u201crachadinha\u201d na Prefeitura de Sento S\u00e9 - Blog do Farn\u00e9sio<\/title>\n<meta name=\"robots\" content=\"index, follow, max-snippet:-1, max-image-preview:large, max-video-preview:-1\" \/>\n<link rel=\"canonical\" href=\"https:\/\/blogdofarnesio.com.br\/?p=416643\" \/>\n<meta property=\"og:locale\" content=\"pt_BR\" \/>\n<meta property=\"og:type\" content=\"article\" \/>\n<meta property=\"og:title\" content=\"Vereador denuncia suposta \u201crachadinha\u201d na Prefeitura de Sento S\u00e9 - Blog do Farn\u00e9sio\" \/>\n<meta property=\"og:description\" content=\"Uma den\u00fancia feita durante a sess\u00e3o da C\u00e2mara Municipal de Sento S\u00e9, realizada na quinta-feira (5), chamou a aten\u00e7\u00e3o dos vereadores e da popula\u00e7\u00e3o. O vereador Ismael Barros, que faz parte da base da prefeita Giselda Carvalho, afirmou na tribuna que teria recebido informa\u00e7\u00f5es sobre uma poss\u00edvel pr\u00e1tica de \u201crachadinha\u201d envolvendo servidores da prefeitura. Segundo o parlamentar, haveria casos em que funcion\u00e1rios p\u00fablicos receberiam sal\u00e1rios e, posteriormente, parte do valor seria recolhida por outras pessoas. A pr\u00e1tica, conhecida como \u201crachadinha\u201d, ocorre quando uma parcela do sal\u00e1rio de servidores \u00e9 repassada de forma irregular. Tocador de v\u00eddeo 00:00 05:22 Durante o pronunciamento, o vereador disse que foi informado de situa\u00e7\u00f5es em que servidores receberiam valores elevados, enquanto outros trabalhadores teriam remunera\u00e7\u00f5es&hellip;\" \/>\n<meta property=\"og:url\" content=\"https:\/\/blogdofarnesio.com.br\/?p=416643\" \/>\n<meta property=\"og:site_name\" content=\"Blog do Farn\u00e9sio\" \/>\n<meta property=\"article:publisher\" content=\"https:\/\/www.facebook.com\/BlogQuerSaberPolitica\/\" \/>\n<meta property=\"article:author\" content=\"https:\/\/www.facebook.com\/?ref=tn_tnmn\" \/>\n<meta property=\"article:published_time\" content=\"2026-03-09T11:33:06+00:00\" \/>\n<meta property=\"og:image\" content=\"https:\/\/blogdofarnesio.com.br\/wp-content\/uploads\/2026\/03\/WhatsApp-Image-2026-03-06-at-11.24.41-1024x576-1-e1772891774956.jpeg\" \/>\n\t<meta property=\"og:image:width\" content=\"624\" \/>\n\t<meta property=\"og:image:height\" content=\"351\" \/>\n\t<meta property=\"og:image:type\" content=\"image\/jpeg\" \/>\n<meta name=\"author\" content=\"Farn\u00e9sio\" \/>\n<meta name=\"twitter:card\" content=\"summary_large_image\" \/>\n<meta name=\"twitter:label1\" content=\"Escrito por\" \/>\n\t<meta name=\"twitter:data1\" content=\"Farn\u00e9sio\" \/>\n\t<meta name=\"twitter:label2\" content=\"Est. tempo de leitura\" \/>\n\t<meta name=\"twitter:data2\" content=\"2 minutos\" \/>\n<script type=\"application\/ld+json\" class=\"yoast-schema-graph\">{\"@context\":\"https:\\\/\\\/schema.org\",\"@graph\":[{\"@type\":\"Article\",\"@id\":\"https:\\\/\\\/blogdofarnesio.com.br\\\/?p=416643#article\",\"isPartOf\":{\"@id\":\"https:\\\/\\\/blogdofarnesio.com.br\\\/?p=416643\"},\"author\":{\"name\":\"Farn\u00e9sio\",\"@id\":\"https:\\\/\\\/blogdofarnesio.com.br\\\/#\\\/schema\\\/person\\\/bb9b23ae3ad0609ce8df7b6c9e76824d\"},\"headline\":\"Vereador denuncia suposta \u201crachadinha\u201d na Prefeitura de Sento S\u00e9\",\"datePublished\":\"2026-03-09T11:33:06+00:00\",\"mainEntityOfPage\":{\"@id\":\"https:\\\/\\\/blogdofarnesio.com.br\\\/?p=416643\"},\"wordCount\":361,\"commentCount\":0,\"publisher\":{\"@id\":\"https:\\\/\\\/blogdofarnesio.com.br\\\/#organization\"},\"image\":{\"@id\":\"https:\\\/\\\/blogdofarnesio.com.br\\\/?p=416643#primaryimage\"},\"thumbnailUrl\":\"https:\\\/\\\/blogdofarnesio.com.br\\\/wp-content\\\/uploads\\\/2026\\\/03\\\/WhatsApp-Image-2026-03-06-at-11.24.41-1024x576-1-e1772891774956.jpeg\",\"inLanguage\":\"pt-BR\",\"potentialAction\":[{\"@type\":\"CommentAction\",\"name\":\"Comment\",\"target\":[\"https:\\\/\\\/blogdofarnesio.com.br\\\/?p=416643#respond\"]}]},{\"@type\":\"WebPage\",\"@id\":\"https:\\\/\\\/blogdofarnesio.com.br\\\/?p=416643\",\"url\":\"https:\\\/\\\/blogdofarnesio.com.br\\\/?p=416643\",\"name\":\"Vereador denuncia suposta \u201crachadinha\u201d na Prefeitura de Sento S\u00e9 - Blog do Farn\u00e9sio\",\"isPartOf\":{\"@id\":\"https:\\\/\\\/blogdofarnesio.com.br\\\/#website\"},\"primaryImageOfPage\":{\"@id\":\"https:\\\/\\\/blogdofarnesio.com.br\\\/?p=416643#primaryimage\"},\"image\":{\"@id\":\"https:\\\/\\\/blogdofarnesio.com.br\\\/?p=416643#primaryimage\"},\"thumbnailUrl\":\"https:\\\/\\\/blogdofarnesio.com.br\\\/wp-content\\\/uploads\\\/2026\\\/03\\\/WhatsApp-Image-2026-03-06-at-11.24.41-1024x576-1-e1772891774956.jpeg\",\"datePublished\":\"2026-03-09T11:33:06+00:00\",\"breadcrumb\":{\"@id\":\"https:\\\/\\\/blogdofarnesio.com.br\\\/?p=416643#breadcrumb\"},\"inLanguage\":\"pt-BR\",\"potentialAction\":[{\"@type\":\"ReadAction\",\"target\":[\"https:\\\/\\\/blogdofarnesio.com.br\\\/?p=416643\"]}]},{\"@type\":\"ImageObject\",\"inLanguage\":\"pt-BR\",\"@id\":\"https:\\\/\\\/blogdofarnesio.com.br\\\/?p=416643#primaryimage\",\"url\":\"https:\\\/\\\/blogdofarnesio.com.br\\\/wp-content\\\/uploads\\\/2026\\\/03\\\/WhatsApp-Image-2026-03-06-at-11.24.41-1024x576-1-e1772891774956.jpeg\",\"contentUrl\":\"https:\\\/\\\/blogdofarnesio.com.br\\\/wp-content\\\/uploads\\\/2026\\\/03\\\/WhatsApp-Image-2026-03-06-at-11.24.41-1024x576-1-e1772891774956.jpeg\",\"width\":624,\"height\":351},{\"@type\":\"BreadcrumbList\",\"@id\":\"https:\\\/\\\/blogdofarnesio.com.br\\\/?p=416643#breadcrumb\",\"itemListElement\":[{\"@type\":\"ListItem\",\"position\":1,\"name\":\"In\u00edcio\",\"item\":\"https:\\\/\\\/blogdofarnesio.com.br\\\/\"},{\"@type\":\"ListItem\",\"position\":2,\"name\":\"Vereador denuncia suposta \u201crachadinha\u201d na Prefeitura de Sento S\u00e9\"}]},{\"@type\":\"WebSite\",\"@id\":\"https:\\\/\\\/blogdofarnesio.com.br\\\/#website\",\"url\":\"https:\\\/\\\/blogdofarnesio.com.br\\\/\",\"name\":\"Blog do Farn\u00e9sio\",\"description\":\"Quer Saber Pol\u00edtica?\",\"publisher\":{\"@id\":\"https:\\\/\\\/blogdofarnesio.com.br\\\/#organization\"},\"potentialAction\":[{\"@type\":\"SearchAction\",\"target\":{\"@type\":\"EntryPoint\",\"urlTemplate\":\"https:\\\/\\\/blogdofarnesio.com.br\\\/?s={search_term_string}\"},\"query-input\":{\"@type\":\"PropertyValueSpecification\",\"valueRequired\":true,\"valueName\":\"search_term_string\"}}],\"inLanguage\":\"pt-BR\"},{\"@type\":\"Organization\",\"@id\":\"https:\\\/\\\/blogdofarnesio.com.br\\\/#organization\",\"name\":\"Blog do Farn\u00e9sio\",\"url\":\"https:\\\/\\\/blogdofarnesio.com.br\\\/\",\"logo\":{\"@type\":\"ImageObject\",\"inLanguage\":\"pt-BR\",\"@id\":\"https:\\\/\\\/blogdofarnesio.com.br\\\/#\\\/schema\\\/logo\\\/image\\\/\",\"url\":\"https:\\\/\\\/blogdofarnesio.com.br\\\/wp-content\\\/uploads\\\/2026\\\/03\\\/cropped-logo_new-1.png\",\"contentUrl\":\"https:\\\/\\\/blogdofarnesio.com.br\\\/wp-content\\\/uploads\\\/2026\\\/03\\\/cropped-logo_new-1.png\",\"width\":881,\"height\":685,\"caption\":\"Blog do Farn\u00e9sio\"},\"image\":{\"@id\":\"https:\\\/\\\/blogdofarnesio.com.br\\\/#\\\/schema\\\/logo\\\/image\\\/\"},\"sameAs\":[\"https:\\\/\\\/www.facebook.com\\\/BlogQuerSaberPolitica\\\/\"]},{\"@type\":\"Person\",\"@id\":\"https:\\\/\\\/blogdofarnesio.com.br\\\/#\\\/schema\\\/person\\\/bb9b23ae3ad0609ce8df7b6c9e76824d\",\"name\":\"Farn\u00e9sio\",\"image\":{\"@type\":\"ImageObject\",\"inLanguage\":\"pt-BR\",\"@id\":\"https:\\\/\\\/secure.gravatar.com\\\/avatar\\\/986aa4c61ccdb66f8555bf88fc2a65609d00bcabd4d2d94377a727547345cbca?s=96&d=mm&r=g\",\"url\":\"https:\\\/\\\/secure.gravatar.com\\\/avatar\\\/986aa4c61ccdb66f8555bf88fc2a65609d00bcabd4d2d94377a727547345cbca?s=96&d=mm&r=g\",\"contentUrl\":\"https:\\\/\\\/secure.gravatar.com\\\/avatar\\\/986aa4c61ccdb66f8555bf88fc2a65609d00bcabd4d2d94377a727547345cbca?s=96&d=mm&r=g\",\"caption\":\"Farn\u00e9sio\"},\"description\":\"Radialista blogueiro, chegou a Petrolina\\\/Juazeiro em setembro de 1980, Farn\u00e9sio Silva \u00e9 de Arapiraca-Alagoas.\",\"sameAs\":[\"http:\\\/\\\/blogdofarnesio.com.br\",\"https:\\\/\\\/www.facebook.com\\\/?ref=tn_tnmn\",\"https:\\\/\\\/www.instagram.com\\\/?utm_source=pwa_homescreen\",\"https:\\\/\\\/youtube.com.br\\\/\"],\"url\":\"https:\\\/\\\/blogdofarnesio.com.br\\\/?author=2\"}]}<\/script>\n<!-- \/ Yoast SEO plugin. -->","yoast_head_json":{"title":"Vereador denuncia suposta \u201crachadinha\u201d na Prefeitura de Sento S\u00e9 - Blog do Farn\u00e9sio","robots":{"index":"index","follow":"follow","max-snippet":"max-snippet:-1","max-image-preview":"max-image-preview:large","max-video-preview":"max-video-preview:-1"},"canonical":"https:\/\/blogdofarnesio.com.br\/?p=416643","og_locale":"pt_BR","og_type":"article","og_title":"Vereador denuncia suposta \u201crachadinha\u201d na Prefeitura de Sento S\u00e9 - Blog do Farn\u00e9sio","og_description":"Uma den\u00fancia feita durante a sess\u00e3o da C\u00e2mara Municipal de Sento S\u00e9, realizada na quinta-feira (5), chamou a aten\u00e7\u00e3o dos vereadores e da popula\u00e7\u00e3o. O vereador Ismael Barros, que faz parte da base da prefeita Giselda Carvalho, afirmou na tribuna que teria recebido informa\u00e7\u00f5es sobre uma poss\u00edvel pr\u00e1tica de \u201crachadinha\u201d envolvendo servidores da prefeitura. Segundo o parlamentar, haveria casos em que funcion\u00e1rios p\u00fablicos receberiam sal\u00e1rios e, posteriormente, parte do valor seria recolhida por outras pessoas. A pr\u00e1tica, conhecida como \u201crachadinha\u201d, ocorre quando uma parcela do sal\u00e1rio de servidores \u00e9 repassada de forma irregular. Tocador de v\u00eddeo 00:00 05:22 Durante o pronunciamento, o vereador disse que foi informado de situa\u00e7\u00f5es em que servidores receberiam valores elevados, enquanto outros trabalhadores teriam remunera\u00e7\u00f5es&hellip;","og_url":"https:\/\/blogdofarnesio.com.br\/?p=416643","og_site_name":"Blog do Farn\u00e9sio","article_publisher":"https:\/\/www.facebook.com\/BlogQuerSaberPolitica\/","article_author":"https:\/\/www.facebook.com\/?ref=tn_tnmn","article_published_time":"2026-03-09T11:33:06+00:00","og_image":[{"width":624,"height":351,"url":"https:\/\/blogdofarnesio.com.br\/wp-content\/uploads\/2026\/03\/WhatsApp-Image-2026-03-06-at-11.24.41-1024x576-1-e1772891774956.jpeg","type":"image\/jpeg"}],"author":"Farn\u00e9sio","twitter_card":"summary_large_image","twitter_misc":{"Escrito por":"Farn\u00e9sio","Est. tempo de leitura":"2 minutos"},"schema":{"@context":"https:\/\/schema.org","@graph":[{"@type":"Article","@id":"https:\/\/blogdofarnesio.com.br\/?p=416643#article","isPartOf":{"@id":"https:\/\/blogdofarnesio.com.br\/?p=416643"},"author":{"name":"Farn\u00e9sio","@id":"https:\/\/blogdofarnesio.com.br\/#\/schema\/person\/bb9b23ae3ad0609ce8df7b6c9e76824d"},"headline":"Vereador denuncia suposta \u201crachadinha\u201d na Prefeitura de Sento S\u00e9","datePublished":"2026-03-09T11:33:06+00:00","mainEntityOfPage":{"@id":"https:\/\/blogdofarnesio.com.br\/?p=416643"},"wordCount":361,"commentCount":0,"publisher":{"@id":"https:\/\/blogdofarnesio.com.br\/#organization"},"image":{"@id":"https:\/\/blogdofarnesio.com.br\/?p=416643#primaryimage"},"thumbnailUrl":"https:\/\/blogdofarnesio.com.br\/wp-content\/uploads\/2026\/03\/WhatsApp-Image-2026-03-06-at-11.24.41-1024x576-1-e1772891774956.jpeg","inLanguage":"pt-BR","potentialAction":[{"@type":"CommentAction","name":"Comment","target":["https:\/\/blogdofarnesio.com.br\/?p=416643#respond"]}]},{"@type":"WebPage","@id":"https:\/\/blogdofarnesio.com.br\/?p=416643","url":"https:\/\/blogdofarnesio.com.br\/?p=416643","name":"Vereador denuncia suposta \u201crachadinha\u201d na Prefeitura de Sento S\u00e9 - Blog do Farn\u00e9sio","isPartOf":{"@id":"https:\/\/blogdofarnesio.com.br\/#website"},"primaryImageOfPage":{"@id":"https:\/\/blogdofarnesio.com.br\/?p=416643#primaryimage"},"image":{"@id":"https:\/\/blogdofarnesio.com.br\/?p=416643#primaryimage"},"thumbnailUrl":"https:\/\/blogdofarnesio.com.br\/wp-content\/uploads\/2026\/03\/WhatsApp-Image-2026-03-06-at-11.24.41-1024x576-1-e1772891774956.jpeg","datePublished":"2026-03-09T11:33:06+00:00","breadcrumb":{"@id":"https:\/\/blogdofarnesio.com.br\/?p=416643#breadcrumb"},"inLanguage":"pt-BR","potentialAction":[{"@type":"ReadAction","target":["https:\/\/blogdofarnesio.com.br\/?p=416643"]}]},{"@type":"ImageObject","inLanguage":"pt-BR","@id":"https:\/\/blogdofarnesio.com.br\/?p=416643#primaryimage","url":"https:\/\/blogdofarnesio.com.br\/wp-content\/uploads\/2026\/03\/WhatsApp-Image-2026-03-06-at-11.24.41-1024x576-1-e1772891774956.jpeg","contentUrl":"https:\/\/blogdofarnesio.com.br\/wp-content\/uploads\/2026\/03\/WhatsApp-Image-2026-03-06-at-11.24.41-1024x576-1-e1772891774956.jpeg","width":624,"height":351},{"@type":"BreadcrumbList","@id":"https:\/\/blogdofarnesio.com.br\/?p=416643#breadcrumb","itemListElement":[{"@type":"ListItem","position":1,"name":"In\u00edcio","item":"https:\/\/blogdofarnesio.com.br\/"},{"@type":"ListItem","position":2,"name":"Vereador denuncia suposta \u201crachadinha\u201d na Prefeitura de Sento S\u00e9"}]},{"@type":"WebSite","@id":"https:\/\/blogdofarnesio.com.br\/#website","url":"https:\/\/blogdofarnesio.com.br\/","name":"Blog do Farn\u00e9sio","description":"Quer Saber Pol\u00edtica?","publisher":{"@id":"https:\/\/blogdofarnesio.com.br\/#organization"},"potentialAction":[{"@type":"SearchAction","target":{"@type":"EntryPoint","urlTemplate":"https:\/\/blogdofarnesio.com.br\/?s={search_term_string}"},"query-input":{"@type":"PropertyValueSpecification","valueRequired":true,"valueName":"search_term_string"}}],"inLanguage":"pt-BR"},{"@type":"Organization","@id":"https:\/\/blogdofarnesio.com.br\/#organization","name":"Blog do Farn\u00e9sio","url":"https:\/\/blogdofarnesio.com.br\/","logo":{"@type":"ImageObject","inLanguage":"pt-BR","@id":"https:\/\/blogdofarnesio.com.br\/#\/schema\/logo\/image\/","url":"https:\/\/blogdofarnesio.com.br\/wp-content\/uploads\/2026\/03\/cropped-logo_new-1.png","contentUrl":"https:\/\/blogdofarnesio.com.br\/wp-content\/uploads\/2026\/03\/cropped-logo_new-1.png","width":881,"height":685,"caption":"Blog do Farn\u00e9sio"},"image":{"@id":"https:\/\/blogdofarnesio.com.br\/#\/schema\/logo\/image\/"},"sameAs":["https:\/\/www.facebook.com\/BlogQuerSaberPolitica\/"]},{"@type":"Person","@id":"https:\/\/blogdofarnesio.com.br\/#\/schema\/person\/bb9b23ae3ad0609ce8df7b6c9e76824d","name":"Farn\u00e9sio","image":{"@type":"ImageObject","inLanguage":"pt-BR","@id":"https:\/\/secure.gravatar.com\/avatar\/986aa4c61ccdb66f8555bf88fc2a65609d00bcabd4d2d94377a727547345cbca?s=96&d=mm&r=g","url":"https:\/\/secure.gravatar.com\/avatar\/986aa4c61ccdb66f8555bf88fc2a65609d00bcabd4d2d94377a727547345cbca?s=96&d=mm&r=g","contentUrl":"https:\/\/secure.gravatar.com\/avatar\/986aa4c61ccdb66f8555bf88fc2a65609d00bcabd4d2d94377a727547345cbca?s=96&d=mm&r=g","caption":"Farn\u00e9sio"},"description":"Radialista blogueiro, chegou a Petrolina\/Juazeiro em setembro de 1980, Farn\u00e9sio Silva \u00e9 de Arapiraca-Alagoas.","sameAs":["http:\/\/blogdofarnesio.com.br","https:\/\/www.facebook.com\/?ref=tn_tnmn","https:\/\/www.instagram.com\/?utm_source=pwa_homescreen","https:\/\/youtube.com.br\/"],"url":"https:\/\/blogdofarnesio.com.br\/?author=2"}]}},"_links":{"self":[{"href":"https:\/\/blogdofarnesio.com.br\/index.php?rest_route=\/wp\/v2\/posts\/416643","targetHints":{"allow":["GET"]}}],"collection":[{"href":"https:\/\/blogdofarnesio.com.br\/index.php?rest_route=\/wp\/v2\/posts"}],"about":[{"href":"https:\/\/blogdofarnesio.com.br\/index.php?rest_route=\/wp\/v2\/types\/post"}],"author":[{"embeddable":true,"href":"https:\/\/blogdofarnesio.com.br\/index.php?rest_route=\/wp\/v2\/users\/2"}],"replies":[{"embeddable":true,"href":"https:\/\/blogdofarnesio.com.br\/index.php?rest_route=%2Fwp%2Fv2%2Fcomments&post=416643"}],"version-history":[{"count":2,"href":"https:\/\/blogdofarnesio.com.br\/index.php?rest_route=\/wp\/v2\/posts\/416643\/revisions"}],"predecessor-version":[{"id":416682,"href":"https:\/\/blogdofarnesio.com.br\/index.php?rest_route=\/wp\/v2\/posts\/416643\/revisions\/416682"}],"wp:featuredmedia":[{"embeddable":true,"href":"https:\/\/blogdofarnesio.com.br\/index.php?rest_route=\/wp\/v2\/media\/416642"}],"wp:attachment":[{"href":"https:\/\/blogdofarnesio.com.br\/index.php?rest_route=%2Fwp%2Fv2%2Fmedia&parent=416643"}],"wp:term":[{"taxonomy":"category","embeddable":true,"href":"https:\/\/blogdofarnesio.com.br\/index.php?rest_route=%2Fwp%2Fv2%2Fcategories&post=416643"},{"taxonomy":"post_tag","embeddable":true,"href":"https:\/\/blogdofarnesio.com.br\/index.php?rest_route=%2Fwp%2Fv2%2Ftags&post=416643"}],"curies":[{"name":"wp","href":"https:\/\/api.w.org\/{rel}","templated":true}]}}