{"id":416334,"date":"2026-03-04T09:42:02","date_gmt":"2026-03-04T12:42:02","guid":{"rendered":"https:\/\/blogdofarnesio.com.br\/?p=416334"},"modified":"2026-03-04T10:07:48","modified_gmt":"2026-03-04T13:07:48","slug":"atencao-motoristas-em-juazeiro-amtt-informa-interdicao-do-pontilhao-que-liga-a-avenida-santos-dumont-a-avenida-raul-alves-em-juazeiro-nas-proximidades-da-aabb","status":"publish","type":"post","link":"https:\/\/blogdofarnesio.com.br\/?p=416334","title":{"rendered":"Aten\u00e7\u00e3o motoristas em Juazeiro!! AMTT informa interdi\u00e7\u00e3o do pontilh\u00e3o que liga a Avenida Santos Dumont \u00e0 Avenida Raul Alves, proximidades da AABB."},"content":{"rendered":"<p>A interdi\u00e7\u00e3o come\u00e7ou na manh\u00e3 desta ter\u00e7a-feira (3) ap\u00f3s as fortes chuvas provocarem o afundamento do asfalto na sa\u00edda do pontilh\u00e3o, na Avenida Raul Alves, formando um buraco e impossibilitando o tr\u00e1fego de ve\u00edculos.<\/p>\n<p>De acordo com a AMTT, a interdi\u00e7\u00e3o j\u00e1 estava prevista pelo Departamento Nacional de Infraestrutura de Transportes (DNIT), devido ao avan\u00e7o das obras do Complexo Vi\u00e1rio de Juazeiro. O local permanecer\u00e1 fechado at\u00e9 a conclus\u00e3o dos servi\u00e7os.<\/p>\n<p>Vias alternativas<\/p>\n<p>* Motoristas que estiverem na Avenida Santos Dumont e desejarem seguir para o bairro Santo Ant\u00f4nio devem continuar pela via e utilizar o pontilh\u00e3o seguinte, pr\u00f3ximo ao Banco do Brasil.<\/p>\n<p>* J\u00e1 quem estiver no bairro Alto da Maravilha e quiser seguir em dire\u00e7\u00e3o ao bairro Piranga pode optar pela Avenida Adolfo Viana, acessando o bairro Jo\u00e3o XXIII.<\/p>\n<p>A AMTT orienta que os condutores redobrem a aten\u00e7\u00e3o e, sempre que poss\u00edvel, evitem circular pelas \u00e1reas em obras.<\/p>\n","protected":false},"excerpt":{"rendered":"<p>A interdi\u00e7\u00e3o come\u00e7ou na manh\u00e3 desta ter\u00e7a-feira (3) ap\u00f3s as fortes chuvas provocarem o afundamento do asfalto na sa\u00edda do pontilh\u00e3o, na Avenida Raul Alves, formando um buraco e impossibilitando o tr\u00e1fego de ve\u00edculos. De acordo com a AMTT, a interdi\u00e7\u00e3o j\u00e1 estava prevista pelo Departamento Nacional de Infraestrutura de Transportes (DNIT), devido ao avan\u00e7o das obras do Complexo Vi\u00e1rio de Juazeiro. O local permanecer\u00e1 fechado at\u00e9 a conclus\u00e3o dos servi\u00e7os. Vias alternativas * Motoristas que estiverem na Avenida Santos Dumont e desejarem seguir para o bairro Santo Ant\u00f4nio devem continuar pela via e utilizar o pontilh\u00e3o seguinte, pr\u00f3ximo ao Banco do Brasil. * J\u00e1 quem estiver no bairro Alto da Maravilha e quiser seguir em dire\u00e7\u00e3o ao bairro Piranga&hellip; <\/p>\n","protected":false},"author":2,"featured_media":398342,"comment_status":"open","ping_status":"open","sticky":false,"template":"","format":"standard","meta":{"_acf_changed":false,"footnotes":""},"categories":[21],"tags":[],"class_list":["post-416334","post","type-post","status-publish","format-standard","has-post-thumbnail","hentry","category-transito"],"acf":[],"yoast_head":"<!-- This site is optimized with the Yoast SEO plugin v27.4 - https:\/\/yoast.com\/product\/yoast-seo-wordpress\/ -->\n<title>Aten\u00e7\u00e3o motoristas em Juazeiro!! AMTT informa interdi\u00e7\u00e3o do pontilh\u00e3o que liga a Avenida Santos Dumont \u00e0 Avenida Raul Alves, proximidades da AABB. - Blog do Farn\u00e9sio<\/title>\n<meta name=\"robots\" content=\"index, follow, max-snippet:-1, max-image-preview:large, max-video-preview:-1\" \/>\n<link rel=\"canonical\" href=\"https:\/\/blogdofarnesio.com.br\/?p=416334\" \/>\n<meta property=\"og:locale\" content=\"pt_BR\" \/>\n<meta property=\"og:type\" content=\"article\" \/>\n<meta property=\"og:title\" content=\"Aten\u00e7\u00e3o motoristas em Juazeiro!! AMTT informa interdi\u00e7\u00e3o do pontilh\u00e3o que liga a Avenida Santos Dumont \u00e0 Avenida Raul Alves, proximidades da AABB. - Blog do Farn\u00e9sio\" \/>\n<meta property=\"og:description\" content=\"A interdi\u00e7\u00e3o come\u00e7ou na manh\u00e3 desta ter\u00e7a-feira (3) ap\u00f3s as fortes chuvas provocarem o afundamento do asfalto na sa\u00edda do pontilh\u00e3o, na Avenida Raul Alves, formando um buraco e impossibilitando o tr\u00e1fego de ve\u00edculos. De acordo com a AMTT, a interdi\u00e7\u00e3o j\u00e1 estava prevista pelo Departamento Nacional de Infraestrutura de Transportes (DNIT), devido ao avan\u00e7o das obras do Complexo Vi\u00e1rio de Juazeiro. O local permanecer\u00e1 fechado at\u00e9 a conclus\u00e3o dos servi\u00e7os. Vias alternativas * Motoristas que estiverem na Avenida Santos Dumont e desejarem seguir para o bairro Santo Ant\u00f4nio devem continuar pela via e utilizar o pontilh\u00e3o seguinte, pr\u00f3ximo ao Banco do Brasil. * J\u00e1 quem estiver no bairro Alto da Maravilha e quiser seguir em dire\u00e7\u00e3o ao bairro Piranga&hellip;\" \/>\n<meta property=\"og:url\" content=\"https:\/\/blogdofarnesio.com.br\/?p=416334\" \/>\n<meta property=\"og:site_name\" content=\"Blog do Farn\u00e9sio\" \/>\n<meta property=\"article:publisher\" content=\"https:\/\/www.facebook.com\/BlogQuerSaberPolitica\/\" \/>\n<meta property=\"article:author\" content=\"https:\/\/www.facebook.com\/?ref=tn_tnmn\" \/>\n<meta property=\"article:published_time\" content=\"2026-03-04T12:42:02+00:00\" \/>\n<meta property=\"article:modified_time\" content=\"2026-03-04T13:07:48+00:00\" \/>\n<meta name=\"author\" content=\"Farn\u00e9sio\" \/>\n<meta name=\"twitter:card\" content=\"summary_large_image\" \/>\n<meta name=\"twitter:label1\" content=\"Escrito por\" \/>\n\t<meta name=\"twitter:data1\" content=\"Farn\u00e9sio\" \/>\n\t<meta name=\"twitter:label2\" content=\"Est. tempo de leitura\" \/>\n\t<meta name=\"twitter:data2\" content=\"2 minutos\" \/>\n<script type=\"application\/ld+json\" class=\"yoast-schema-graph\">{\"@context\":\"https:\\\/\\\/schema.org\",\"@graph\":[{\"@type\":\"Article\",\"@id\":\"https:\\\/\\\/blogdofarnesio.com.br\\\/?p=416334#article\",\"isPartOf\":{\"@id\":\"https:\\\/\\\/blogdofarnesio.com.br\\\/?p=416334\"},\"author\":{\"name\":\"Farn\u00e9sio\",\"@id\":\"https:\\\/\\\/blogdofarnesio.com.br\\\/#\\\/schema\\\/person\\\/bb9b23ae3ad0609ce8df7b6c9e76824d\"},\"headline\":\"Aten\u00e7\u00e3o motoristas em Juazeiro!! AMTT informa interdi\u00e7\u00e3o do pontilh\u00e3o que liga a Avenida Santos Dumont \u00e0 Avenida Raul Alves, proximidades da AABB.\",\"datePublished\":\"2026-03-04T12:42:02+00:00\",\"dateModified\":\"2026-03-04T13:07:48+00:00\",\"mainEntityOfPage\":{\"@id\":\"https:\\\/\\\/blogdofarnesio.com.br\\\/?p=416334\"},\"wordCount\":191,\"commentCount\":0,\"publisher\":{\"@id\":\"https:\\\/\\\/blogdofarnesio.com.br\\\/#organization\"},\"image\":{\"@id\":\"https:\\\/\\\/blogdofarnesio.com.br\\\/?p=416334#primaryimage\"},\"thumbnailUrl\":\"https:\\\/\\\/blogdofarnesio.com.br\\\/wp-content\\\/uploads\\\/2025\\\/07\\\/blogqsptransito-vector-senal-stop_20412-2711-e1752254448447.avif\",\"articleSection\":[\"Tr\u00e2nsito\"],\"inLanguage\":\"pt-BR\",\"potentialAction\":[{\"@type\":\"CommentAction\",\"name\":\"Comment\",\"target\":[\"https:\\\/\\\/blogdofarnesio.com.br\\\/?p=416334#respond\"]}]},{\"@type\":\"WebPage\",\"@id\":\"https:\\\/\\\/blogdofarnesio.com.br\\\/?p=416334\",\"url\":\"https:\\\/\\\/blogdofarnesio.com.br\\\/?p=416334\",\"name\":\"Aten\u00e7\u00e3o motoristas em Juazeiro!! AMTT informa interdi\u00e7\u00e3o do pontilh\u00e3o que liga a Avenida Santos Dumont \u00e0 Avenida Raul Alves, proximidades da AABB. - Blog do Farn\u00e9sio\",\"isPartOf\":{\"@id\":\"https:\\\/\\\/blogdofarnesio.com.br\\\/#website\"},\"primaryImageOfPage\":{\"@id\":\"https:\\\/\\\/blogdofarnesio.com.br\\\/?p=416334#primaryimage\"},\"image\":{\"@id\":\"https:\\\/\\\/blogdofarnesio.com.br\\\/?p=416334#primaryimage\"},\"thumbnailUrl\":\"https:\\\/\\\/blogdofarnesio.com.br\\\/wp-content\\\/uploads\\\/2025\\\/07\\\/blogqsptransito-vector-senal-stop_20412-2711-e1752254448447.avif\",\"datePublished\":\"2026-03-04T12:42:02+00:00\",\"dateModified\":\"2026-03-04T13:07:48+00:00\",\"breadcrumb\":{\"@id\":\"https:\\\/\\\/blogdofarnesio.com.br\\\/?p=416334#breadcrumb\"},\"inLanguage\":\"pt-BR\",\"potentialAction\":[{\"@type\":\"ReadAction\",\"target\":[\"https:\\\/\\\/blogdofarnesio.com.br\\\/?p=416334\"]}]},{\"@type\":\"ImageObject\",\"inLanguage\":\"pt-BR\",\"@id\":\"https:\\\/\\\/blogdofarnesio.com.br\\\/?p=416334#primaryimage\",\"url\":\"https:\\\/\\\/blogdofarnesio.com.br\\\/wp-content\\\/uploads\\\/2025\\\/07\\\/blogqsptransito-vector-senal-stop_20412-2711-e1752254448447.avif\",\"contentUrl\":\"https:\\\/\\\/blogdofarnesio.com.br\\\/wp-content\\\/uploads\\\/2025\\\/07\\\/blogqsptransito-vector-senal-stop_20412-2711-e1752254448447.avif\",\"width\":600,\"height\":506},{\"@type\":\"BreadcrumbList\",\"@id\":\"https:\\\/\\\/blogdofarnesio.com.br\\\/?p=416334#breadcrumb\",\"itemListElement\":[{\"@type\":\"ListItem\",\"position\":1,\"name\":\"In\u00edcio\",\"item\":\"https:\\\/\\\/blogdofarnesio.com.br\\\/\"},{\"@type\":\"ListItem\",\"position\":2,\"name\":\"Aten\u00e7\u00e3o motoristas em Juazeiro!! AMTT informa interdi\u00e7\u00e3o do pontilh\u00e3o que liga a Avenida Santos Dumont \u00e0 Avenida Raul Alves, proximidades da AABB.\"}]},{\"@type\":\"WebSite\",\"@id\":\"https:\\\/\\\/blogdofarnesio.com.br\\\/#website\",\"url\":\"https:\\\/\\\/blogdofarnesio.com.br\\\/\",\"name\":\"Blog do Farn\u00e9sio\",\"description\":\"Quer Saber Pol\u00edtica?\",\"publisher\":{\"@id\":\"https:\\\/\\\/blogdofarnesio.com.br\\\/#organization\"},\"potentialAction\":[{\"@type\":\"SearchAction\",\"target\":{\"@type\":\"EntryPoint\",\"urlTemplate\":\"https:\\\/\\\/blogdofarnesio.com.br\\\/?s={search_term_string}\"},\"query-input\":{\"@type\":\"PropertyValueSpecification\",\"valueRequired\":true,\"valueName\":\"search_term_string\"}}],\"inLanguage\":\"pt-BR\"},{\"@type\":\"Organization\",\"@id\":\"https:\\\/\\\/blogdofarnesio.com.br\\\/#organization\",\"name\":\"Blog do Farn\u00e9sio\",\"url\":\"https:\\\/\\\/blogdofarnesio.com.br\\\/\",\"logo\":{\"@type\":\"ImageObject\",\"inLanguage\":\"pt-BR\",\"@id\":\"https:\\\/\\\/blogdofarnesio.com.br\\\/#\\\/schema\\\/logo\\\/image\\\/\",\"url\":\"https:\\\/\\\/blogdofarnesio.com.br\\\/wp-content\\\/uploads\\\/2026\\\/03\\\/cropped-logo_new-1.png\",\"contentUrl\":\"https:\\\/\\\/blogdofarnesio.com.br\\\/wp-content\\\/uploads\\\/2026\\\/03\\\/cropped-logo_new-1.png\",\"width\":881,\"height\":685,\"caption\":\"Blog do Farn\u00e9sio\"},\"image\":{\"@id\":\"https:\\\/\\\/blogdofarnesio.com.br\\\/#\\\/schema\\\/logo\\\/image\\\/\"},\"sameAs\":[\"https:\\\/\\\/www.facebook.com\\\/BlogQuerSaberPolitica\\\/\"]},{\"@type\":\"Person\",\"@id\":\"https:\\\/\\\/blogdofarnesio.com.br\\\/#\\\/schema\\\/person\\\/bb9b23ae3ad0609ce8df7b6c9e76824d\",\"name\":\"Farn\u00e9sio\",\"image\":{\"@type\":\"ImageObject\",\"inLanguage\":\"pt-BR\",\"@id\":\"https:\\\/\\\/secure.gravatar.com\\\/avatar\\\/986aa4c61ccdb66f8555bf88fc2a65609d00bcabd4d2d94377a727547345cbca?s=96&d=mm&r=g\",\"url\":\"https:\\\/\\\/secure.gravatar.com\\\/avatar\\\/986aa4c61ccdb66f8555bf88fc2a65609d00bcabd4d2d94377a727547345cbca?s=96&d=mm&r=g\",\"contentUrl\":\"https:\\\/\\\/secure.gravatar.com\\\/avatar\\\/986aa4c61ccdb66f8555bf88fc2a65609d00bcabd4d2d94377a727547345cbca?s=96&d=mm&r=g\",\"caption\":\"Farn\u00e9sio\"},\"description\":\"Radialista blogueiro, chegou a Petrolina\\\/Juazeiro em setembro de 1980, Farn\u00e9sio Silva \u00e9 de Arapiraca-Alagoas.\",\"sameAs\":[\"http:\\\/\\\/blogdofarnesio.com.br\",\"https:\\\/\\\/www.facebook.com\\\/?ref=tn_tnmn\",\"https:\\\/\\\/www.instagram.com\\\/?utm_source=pwa_homescreen\",\"https:\\\/\\\/youtube.com.br\\\/\"],\"url\":\"https:\\\/\\\/blogdofarnesio.com.br\\\/?author=2\"}]}<\/script>\n<!-- \/ Yoast SEO plugin. -->","yoast_head_json":{"title":"Aten\u00e7\u00e3o motoristas em Juazeiro!! AMTT informa interdi\u00e7\u00e3o do pontilh\u00e3o que liga a Avenida Santos Dumont \u00e0 Avenida Raul Alves, proximidades da AABB. - Blog do Farn\u00e9sio","robots":{"index":"index","follow":"follow","max-snippet":"max-snippet:-1","max-image-preview":"max-image-preview:large","max-video-preview":"max-video-preview:-1"},"canonical":"https:\/\/blogdofarnesio.com.br\/?p=416334","og_locale":"pt_BR","og_type":"article","og_title":"Aten\u00e7\u00e3o motoristas em Juazeiro!! AMTT informa interdi\u00e7\u00e3o do pontilh\u00e3o que liga a Avenida Santos Dumont \u00e0 Avenida Raul Alves, proximidades da AABB. - Blog do Farn\u00e9sio","og_description":"A interdi\u00e7\u00e3o come\u00e7ou na manh\u00e3 desta ter\u00e7a-feira (3) ap\u00f3s as fortes chuvas provocarem o afundamento do asfalto na sa\u00edda do pontilh\u00e3o, na Avenida Raul Alves, formando um buraco e impossibilitando o tr\u00e1fego de ve\u00edculos. De acordo com a AMTT, a interdi\u00e7\u00e3o j\u00e1 estava prevista pelo Departamento Nacional de Infraestrutura de Transportes (DNIT), devido ao avan\u00e7o das obras do Complexo Vi\u00e1rio de Juazeiro. O local permanecer\u00e1 fechado at\u00e9 a conclus\u00e3o dos servi\u00e7os. Vias alternativas * Motoristas que estiverem na Avenida Santos Dumont e desejarem seguir para o bairro Santo Ant\u00f4nio devem continuar pela via e utilizar o pontilh\u00e3o seguinte, pr\u00f3ximo ao Banco do Brasil. * J\u00e1 quem estiver no bairro Alto da Maravilha e quiser seguir em dire\u00e7\u00e3o ao bairro Piranga&hellip;","og_url":"https:\/\/blogdofarnesio.com.br\/?p=416334","og_site_name":"Blog do Farn\u00e9sio","article_publisher":"https:\/\/www.facebook.com\/BlogQuerSaberPolitica\/","article_author":"https:\/\/www.facebook.com\/?ref=tn_tnmn","article_published_time":"2026-03-04T12:42:02+00:00","article_modified_time":"2026-03-04T13:07:48+00:00","author":"Farn\u00e9sio","twitter_card":"summary_large_image","twitter_misc":{"Escrito por":"Farn\u00e9sio","Est. tempo de leitura":"2 minutos"},"schema":{"@context":"https:\/\/schema.org","@graph":[{"@type":"Article","@id":"https:\/\/blogdofarnesio.com.br\/?p=416334#article","isPartOf":{"@id":"https:\/\/blogdofarnesio.com.br\/?p=416334"},"author":{"name":"Farn\u00e9sio","@id":"https:\/\/blogdofarnesio.com.br\/#\/schema\/person\/bb9b23ae3ad0609ce8df7b6c9e76824d"},"headline":"Aten\u00e7\u00e3o motoristas em Juazeiro!! AMTT informa interdi\u00e7\u00e3o do pontilh\u00e3o que liga a Avenida Santos Dumont \u00e0 Avenida Raul Alves, proximidades da AABB.","datePublished":"2026-03-04T12:42:02+00:00","dateModified":"2026-03-04T13:07:48+00:00","mainEntityOfPage":{"@id":"https:\/\/blogdofarnesio.com.br\/?p=416334"},"wordCount":191,"commentCount":0,"publisher":{"@id":"https:\/\/blogdofarnesio.com.br\/#organization"},"image":{"@id":"https:\/\/blogdofarnesio.com.br\/?p=416334#primaryimage"},"thumbnailUrl":"https:\/\/blogdofarnesio.com.br\/wp-content\/uploads\/2025\/07\/blogqsptransito-vector-senal-stop_20412-2711-e1752254448447.avif","articleSection":["Tr\u00e2nsito"],"inLanguage":"pt-BR","potentialAction":[{"@type":"CommentAction","name":"Comment","target":["https:\/\/blogdofarnesio.com.br\/?p=416334#respond"]}]},{"@type":"WebPage","@id":"https:\/\/blogdofarnesio.com.br\/?p=416334","url":"https:\/\/blogdofarnesio.com.br\/?p=416334","name":"Aten\u00e7\u00e3o motoristas em Juazeiro!! AMTT informa interdi\u00e7\u00e3o do pontilh\u00e3o que liga a Avenida Santos Dumont \u00e0 Avenida Raul Alves, proximidades da AABB. - Blog do Farn\u00e9sio","isPartOf":{"@id":"https:\/\/blogdofarnesio.com.br\/#website"},"primaryImageOfPage":{"@id":"https:\/\/blogdofarnesio.com.br\/?p=416334#primaryimage"},"image":{"@id":"https:\/\/blogdofarnesio.com.br\/?p=416334#primaryimage"},"thumbnailUrl":"https:\/\/blogdofarnesio.com.br\/wp-content\/uploads\/2025\/07\/blogqsptransito-vector-senal-stop_20412-2711-e1752254448447.avif","datePublished":"2026-03-04T12:42:02+00:00","dateModified":"2026-03-04T13:07:48+00:00","breadcrumb":{"@id":"https:\/\/blogdofarnesio.com.br\/?p=416334#breadcrumb"},"inLanguage":"pt-BR","potentialAction":[{"@type":"ReadAction","target":["https:\/\/blogdofarnesio.com.br\/?p=416334"]}]},{"@type":"ImageObject","inLanguage":"pt-BR","@id":"https:\/\/blogdofarnesio.com.br\/?p=416334#primaryimage","url":"https:\/\/blogdofarnesio.com.br\/wp-content\/uploads\/2025\/07\/blogqsptransito-vector-senal-stop_20412-2711-e1752254448447.avif","contentUrl":"https:\/\/blogdofarnesio.com.br\/wp-content\/uploads\/2025\/07\/blogqsptransito-vector-senal-stop_20412-2711-e1752254448447.avif","width":600,"height":506},{"@type":"BreadcrumbList","@id":"https:\/\/blogdofarnesio.com.br\/?p=416334#breadcrumb","itemListElement":[{"@type":"ListItem","position":1,"name":"In\u00edcio","item":"https:\/\/blogdofarnesio.com.br\/"},{"@type":"ListItem","position":2,"name":"Aten\u00e7\u00e3o motoristas em Juazeiro!! AMTT informa interdi\u00e7\u00e3o do pontilh\u00e3o que liga a Avenida Santos Dumont \u00e0 Avenida Raul Alves, proximidades da AABB."}]},{"@type":"WebSite","@id":"https:\/\/blogdofarnesio.com.br\/#website","url":"https:\/\/blogdofarnesio.com.br\/","name":"Blog do Farn\u00e9sio","description":"Quer Saber Pol\u00edtica?","publisher":{"@id":"https:\/\/blogdofarnesio.com.br\/#organization"},"potentialAction":[{"@type":"SearchAction","target":{"@type":"EntryPoint","urlTemplate":"https:\/\/blogdofarnesio.com.br\/?s={search_term_string}"},"query-input":{"@type":"PropertyValueSpecification","valueRequired":true,"valueName":"search_term_string"}}],"inLanguage":"pt-BR"},{"@type":"Organization","@id":"https:\/\/blogdofarnesio.com.br\/#organization","name":"Blog do Farn\u00e9sio","url":"https:\/\/blogdofarnesio.com.br\/","logo":{"@type":"ImageObject","inLanguage":"pt-BR","@id":"https:\/\/blogdofarnesio.com.br\/#\/schema\/logo\/image\/","url":"https:\/\/blogdofarnesio.com.br\/wp-content\/uploads\/2026\/03\/cropped-logo_new-1.png","contentUrl":"https:\/\/blogdofarnesio.com.br\/wp-content\/uploads\/2026\/03\/cropped-logo_new-1.png","width":881,"height":685,"caption":"Blog do Farn\u00e9sio"},"image":{"@id":"https:\/\/blogdofarnesio.com.br\/#\/schema\/logo\/image\/"},"sameAs":["https:\/\/www.facebook.com\/BlogQuerSaberPolitica\/"]},{"@type":"Person","@id":"https:\/\/blogdofarnesio.com.br\/#\/schema\/person\/bb9b23ae3ad0609ce8df7b6c9e76824d","name":"Farn\u00e9sio","image":{"@type":"ImageObject","inLanguage":"pt-BR","@id":"https:\/\/secure.gravatar.com\/avatar\/986aa4c61ccdb66f8555bf88fc2a65609d00bcabd4d2d94377a727547345cbca?s=96&d=mm&r=g","url":"https:\/\/secure.gravatar.com\/avatar\/986aa4c61ccdb66f8555bf88fc2a65609d00bcabd4d2d94377a727547345cbca?s=96&d=mm&r=g","contentUrl":"https:\/\/secure.gravatar.com\/avatar\/986aa4c61ccdb66f8555bf88fc2a65609d00bcabd4d2d94377a727547345cbca?s=96&d=mm&r=g","caption":"Farn\u00e9sio"},"description":"Radialista blogueiro, chegou a Petrolina\/Juazeiro em setembro de 1980, Farn\u00e9sio Silva \u00e9 de Arapiraca-Alagoas.","sameAs":["http:\/\/blogdofarnesio.com.br","https:\/\/www.facebook.com\/?ref=tn_tnmn","https:\/\/www.instagram.com\/?utm_source=pwa_homescreen","https:\/\/youtube.com.br\/"],"url":"https:\/\/blogdofarnesio.com.br\/?author=2"}]}},"_links":{"self":[{"href":"https:\/\/blogdofarnesio.com.br\/index.php?rest_route=\/wp\/v2\/posts\/416334","targetHints":{"allow":["GET"]}}],"collection":[{"href":"https:\/\/blogdofarnesio.com.br\/index.php?rest_route=\/wp\/v2\/posts"}],"about":[{"href":"https:\/\/blogdofarnesio.com.br\/index.php?rest_route=\/wp\/v2\/types\/post"}],"author":[{"embeddable":true,"href":"https:\/\/blogdofarnesio.com.br\/index.php?rest_route=\/wp\/v2\/users\/2"}],"replies":[{"embeddable":true,"href":"https:\/\/blogdofarnesio.com.br\/index.php?rest_route=%2Fwp%2Fv2%2Fcomments&post=416334"}],"version-history":[{"count":3,"href":"https:\/\/blogdofarnesio.com.br\/index.php?rest_route=\/wp\/v2\/posts\/416334\/revisions"}],"predecessor-version":[{"id":416362,"href":"https:\/\/blogdofarnesio.com.br\/index.php?rest_route=\/wp\/v2\/posts\/416334\/revisions\/416362"}],"wp:featuredmedia":[{"embeddable":true,"href":"https:\/\/blogdofarnesio.com.br\/index.php?rest_route=\/wp\/v2\/media\/398342"}],"wp:attachment":[{"href":"https:\/\/blogdofarnesio.com.br\/index.php?rest_route=%2Fwp%2Fv2%2Fmedia&parent=416334"}],"wp:term":[{"taxonomy":"category","embeddable":true,"href":"https:\/\/blogdofarnesio.com.br\/index.php?rest_route=%2Fwp%2Fv2%2Fcategories&post=416334"},{"taxonomy":"post_tag","embeddable":true,"href":"https:\/\/blogdofarnesio.com.br\/index.php?rest_route=%2Fwp%2Fv2%2Ftags&post=416334"}],"curies":[{"name":"wp","href":"https:\/\/api.w.org\/{rel}","templated":true}]}}