{"id":416077,"date":"2026-03-13T08:02:56","date_gmt":"2026-03-13T11:02:56","guid":{"rendered":"https:\/\/blogdofarnesio.com.br\/?p=416077"},"modified":"2026-03-10T07:13:47","modified_gmt":"2026-03-10T10:13:47","slug":"secretarias-de-administracao-e-de-saude-de-pernambuco-abrem-selecao-publica-simplificada-para-contratacao-temporaria-de-831-profissionais-de-niveis-superior-e-tecnico","status":"publish","type":"post","link":"https:\/\/blogdofarnesio.com.br\/?p=416077","title":{"rendered":"Secretarias de Administra\u00e7\u00e3o e de Sa\u00fade de Pernambuco abrem sele\u00e7\u00e3o p\u00fablica simplificada para  831 profissionais de n\u00edveis superior e t\u00e9cnico"},"content":{"rendered":"<p><span style=\"font-family: Liberation Serif, serif;\">As Secretarias de Administra\u00e7\u00e3o (SAD) e de Sa\u00fade (SES) publicaram, no Di\u00e1rio Oficial do Estado (DOE) da \u00faltima quarta-feira (25.02), portaria conjunta que abriu sele\u00e7\u00e3o p\u00fablica simplificada para a contrata\u00e7\u00e3o tempor\u00e1ria de 831 profissionais de n\u00edveis superior e t\u00e9cnico, incluindo m\u00e9dicos de diversas especialidades, analistas e assistentes em sa\u00fade, entre outras \u00e1reas. <\/span><\/p>\n<p><span style=\"font-family: Liberation Serif, serif;\">As inscri\u00e7\u00f5es poder\u00e3o ser realizadas a partir de hoje (13) a 27 de mar\u00e7o, no endere\u00e7o <a href=\"https:\/\/selecionases.saude.pe.gov.br\/\" target=\"_blank\" rel=\"noopener\" data-saferedirecturl=\"https:\/\/www.google.com\/url?q=https:\/\/selecionases.saude.pe.gov.br\/&amp;source=gmail&amp;ust=1772362477993000&amp;usg=AOvVaw16F8w9qqwd4dJ3D1K9Dpu3\">https:\/\/selecionases.saude.pe.<wbr \/>gov.br\/<\/a>\u00a0.<\/span><\/p>\n<p><span style=\"font-family: Liberation Serif, serif;\">As remunera\u00e7\u00f5es variam de R$ 1.621,00 a R$ 12.366,61, com carga hor\u00e1ria definida de acordo com a fun\u00e7\u00e3o. \u201cEssa \u00e9 mais uma a\u00e7\u00e3o promovida pela Secretaria de Administra\u00e7\u00e3o para aprimorar os servi\u00e7os p\u00fablicos. Os profissionais selecionados contribuir\u00e3o para a melhoria dos atendimentos oferecidos \u00e0 popula\u00e7\u00e3o em diversas Ger\u00eancias Regionais de Sa\u00fade (Geres) distribu\u00eddas no Estado\u201d, informou a secret\u00e1ria de Administra\u00e7\u00e3o do Estado, Ana Mara\u00edza.<\/span><\/p>\n<p><span style=\"font-family: Liberation Serif, serif;\">Os contratos ter\u00e3o dura\u00e7\u00e3o de at\u00e9 12 meses, podendo ser renovados de acordo com os prazos da Lei n\u00b0 14.547\/2011. A sele\u00e7\u00e3o ser\u00e1 realizada em etapa \u00fanica classificat\u00f3ria e eliminat\u00f3ria, de avalia\u00e7\u00e3o curricular.<\/span><span style=\"font-family: Liberation Serif, serif;\"><br \/>\n\u201cA sa\u00fade \u00e9 viva e feita pelas pessoas, e \u00e9 importante que a gente lembre que precisamos fortalecer e renovar sempre o nosso quadro profissional do Estado. Agora a not\u00edcia \u00e9 excelente. Estamos lan\u00e7ando mais de 800 vagas de profissionais de sa\u00fade nas mais diversas \u00e1reas, melhorando cada vez mais a assist\u00eancia. <\/span><\/p>\n<p><span style=\"font-family: Liberation Serif, serif;\">N\u00e3o somente a reforma nos hospitais, a troca de mobili\u00e1rio, a aquisi\u00e7\u00e3o de equipamentos, a troca de parque tecnol\u00f3gico, a estrutura f\u00edsica dos hospitais, os elevadores, as ambul\u00e2ncias, o aumento do n\u00famero de cirurgias, mas tamb\u00e9m um refor\u00e7o de profissionais de sa\u00fade, que s\u00e3o a sa\u00fade viva, gente que cuida de gente. Como diz a nossa governadora, Raquel Lyra, ningu\u00e9m faz nada sozinho e seguimos cuidando das pessoas\u201d, disse a secret\u00e1ria de Sa\u00fade, Zilda Cavalcanti.<\/span><\/p>\n","protected":false},"excerpt":{"rendered":"<p>As Secretarias de Administra\u00e7\u00e3o (SAD) e de Sa\u00fade (SES) publicaram, no Di\u00e1rio Oficial do Estado (DOE) da \u00faltima quarta-feira (25.02), portaria conjunta que abriu sele\u00e7\u00e3o p\u00fablica simplificada para a contrata\u00e7\u00e3o tempor\u00e1ria de 831 profissionais de n\u00edveis superior e t\u00e9cnico, incluindo m\u00e9dicos de diversas especialidades, analistas e assistentes em sa\u00fade, entre outras \u00e1reas. As inscri\u00e7\u00f5es poder\u00e3o ser realizadas a partir de hoje (13) a 27 de mar\u00e7o, no endere\u00e7o https:\/\/selecionases.saude.pe.gov.br\/\u00a0. As remunera\u00e7\u00f5es variam de R$ 1.621,00 a R$ 12.366,61, com carga hor\u00e1ria definida de acordo com a fun\u00e7\u00e3o. \u201cEssa \u00e9 mais uma a\u00e7\u00e3o promovida pela Secretaria de Administra\u00e7\u00e3o para aprimorar os servi\u00e7os p\u00fablicos. Os profissionais selecionados contribuir\u00e3o para a melhoria dos atendimentos oferecidos \u00e0 popula\u00e7\u00e3o em diversas Ger\u00eancias Regionais de Sa\u00fade&hellip; <\/p>\n","protected":false},"author":2,"featured_media":365766,"comment_status":"open","ping_status":"open","sticky":false,"template":"","format":"standard","meta":{"_acf_changed":false,"footnotes":""},"categories":[31],"tags":[],"class_list":["post-416077","post","type-post","status-publish","format-standard","has-post-thumbnail","hentry","category-concursos"],"acf":[],"yoast_head":"<!-- This site is optimized with the Yoast SEO plugin v27.4 - https:\/\/yoast.com\/product\/yoast-seo-wordpress\/ -->\n<title>Secretarias de Administra\u00e7\u00e3o e de Sa\u00fade de Pernambuco abrem sele\u00e7\u00e3o p\u00fablica simplificada para 831 profissionais de n\u00edveis superior e t\u00e9cnico - Blog do Farn\u00e9sio<\/title>\n<meta name=\"robots\" content=\"index, follow, max-snippet:-1, max-image-preview:large, max-video-preview:-1\" \/>\n<link rel=\"canonical\" href=\"https:\/\/blogdofarnesio.com.br\/?p=416077\" \/>\n<meta property=\"og:locale\" content=\"pt_BR\" \/>\n<meta property=\"og:type\" content=\"article\" \/>\n<meta property=\"og:title\" content=\"Secretarias de Administra\u00e7\u00e3o e de Sa\u00fade de Pernambuco abrem sele\u00e7\u00e3o p\u00fablica simplificada para 831 profissionais de n\u00edveis superior e t\u00e9cnico - Blog do Farn\u00e9sio\" \/>\n<meta property=\"og:description\" content=\"As Secretarias de Administra\u00e7\u00e3o (SAD) e de Sa\u00fade (SES) publicaram, no Di\u00e1rio Oficial do Estado (DOE) da \u00faltima quarta-feira (25.02), portaria conjunta que abriu sele\u00e7\u00e3o p\u00fablica simplificada para a contrata\u00e7\u00e3o tempor\u00e1ria de 831 profissionais de n\u00edveis superior e t\u00e9cnico, incluindo m\u00e9dicos de diversas especialidades, analistas e assistentes em sa\u00fade, entre outras \u00e1reas. As inscri\u00e7\u00f5es poder\u00e3o ser realizadas a partir de hoje (13) a 27 de mar\u00e7o, no endere\u00e7o https:\/\/selecionases.saude.pe.gov.br\/\u00a0. As remunera\u00e7\u00f5es variam de R$ 1.621,00 a R$ 12.366,61, com carga hor\u00e1ria definida de acordo com a fun\u00e7\u00e3o. \u201cEssa \u00e9 mais uma a\u00e7\u00e3o promovida pela Secretaria de Administra\u00e7\u00e3o para aprimorar os servi\u00e7os p\u00fablicos. Os profissionais selecionados contribuir\u00e3o para a melhoria dos atendimentos oferecidos \u00e0 popula\u00e7\u00e3o em diversas Ger\u00eancias Regionais de Sa\u00fade&hellip;\" \/>\n<meta property=\"og:url\" content=\"https:\/\/blogdofarnesio.com.br\/?p=416077\" \/>\n<meta property=\"og:site_name\" content=\"Blog do Farn\u00e9sio\" \/>\n<meta property=\"article:publisher\" content=\"https:\/\/www.facebook.com\/BlogQuerSaberPolitica\/\" \/>\n<meta property=\"article:author\" content=\"https:\/\/www.facebook.com\/?ref=tn_tnmn\" \/>\n<meta property=\"article:published_time\" content=\"2026-03-13T11:02:56+00:00\" \/>\n<meta property=\"og:image\" content=\"https:\/\/blogdofarnesio.com.br\/wp-content\/uploads\/2024\/04\/Processo-Seletivo-e1712697427278.jpg\" \/>\n\t<meta property=\"og:image:width\" content=\"500\" \/>\n\t<meta property=\"og:image:height\" content=\"381\" \/>\n\t<meta property=\"og:image:type\" content=\"image\/jpeg\" \/>\n<meta name=\"author\" content=\"Farn\u00e9sio\" \/>\n<meta name=\"twitter:card\" content=\"summary_large_image\" \/>\n<meta name=\"twitter:label1\" content=\"Escrito por\" \/>\n\t<meta name=\"twitter:data1\" content=\"Farn\u00e9sio\" \/>\n\t<meta name=\"twitter:label2\" content=\"Est. tempo de leitura\" \/>\n\t<meta name=\"twitter:data2\" content=\"2 minutos\" \/>\n<script type=\"application\/ld+json\" class=\"yoast-schema-graph\">{\"@context\":\"https:\\\/\\\/schema.org\",\"@graph\":[{\"@type\":\"Article\",\"@id\":\"https:\\\/\\\/blogdofarnesio.com.br\\\/?p=416077#article\",\"isPartOf\":{\"@id\":\"https:\\\/\\\/blogdofarnesio.com.br\\\/?p=416077\"},\"author\":{\"name\":\"Farn\u00e9sio\",\"@id\":\"https:\\\/\\\/blogdofarnesio.com.br\\\/#\\\/schema\\\/person\\\/bb9b23ae3ad0609ce8df7b6c9e76824d\"},\"headline\":\"Secretarias de Administra\u00e7\u00e3o e de Sa\u00fade de Pernambuco abrem sele\u00e7\u00e3o p\u00fablica simplificada para 831 profissionais de n\u00edveis superior e t\u00e9cnico\",\"datePublished\":\"2026-03-13T11:02:56+00:00\",\"mainEntityOfPage\":{\"@id\":\"https:\\\/\\\/blogdofarnesio.com.br\\\/?p=416077\"},\"wordCount\":365,\"commentCount\":0,\"publisher\":{\"@id\":\"https:\\\/\\\/blogdofarnesio.com.br\\\/#organization\"},\"image\":{\"@id\":\"https:\\\/\\\/blogdofarnesio.com.br\\\/?p=416077#primaryimage\"},\"thumbnailUrl\":\"https:\\\/\\\/blogdofarnesio.com.br\\\/wp-content\\\/uploads\\\/2024\\\/04\\\/Processo-Seletivo-e1712697427278.jpg\",\"articleSection\":[\"Concursos\"],\"inLanguage\":\"pt-BR\",\"potentialAction\":[{\"@type\":\"CommentAction\",\"name\":\"Comment\",\"target\":[\"https:\\\/\\\/blogdofarnesio.com.br\\\/?p=416077#respond\"]}]},{\"@type\":\"WebPage\",\"@id\":\"https:\\\/\\\/blogdofarnesio.com.br\\\/?p=416077\",\"url\":\"https:\\\/\\\/blogdofarnesio.com.br\\\/?p=416077\",\"name\":\"Secretarias de Administra\u00e7\u00e3o e de Sa\u00fade de Pernambuco abrem sele\u00e7\u00e3o p\u00fablica simplificada para 831 profissionais de n\u00edveis superior e t\u00e9cnico - Blog do Farn\u00e9sio\",\"isPartOf\":{\"@id\":\"https:\\\/\\\/blogdofarnesio.com.br\\\/#website\"},\"primaryImageOfPage\":{\"@id\":\"https:\\\/\\\/blogdofarnesio.com.br\\\/?p=416077#primaryimage\"},\"image\":{\"@id\":\"https:\\\/\\\/blogdofarnesio.com.br\\\/?p=416077#primaryimage\"},\"thumbnailUrl\":\"https:\\\/\\\/blogdofarnesio.com.br\\\/wp-content\\\/uploads\\\/2024\\\/04\\\/Processo-Seletivo-e1712697427278.jpg\",\"datePublished\":\"2026-03-13T11:02:56+00:00\",\"breadcrumb\":{\"@id\":\"https:\\\/\\\/blogdofarnesio.com.br\\\/?p=416077#breadcrumb\"},\"inLanguage\":\"pt-BR\",\"potentialAction\":[{\"@type\":\"ReadAction\",\"target\":[\"https:\\\/\\\/blogdofarnesio.com.br\\\/?p=416077\"]}]},{\"@type\":\"ImageObject\",\"inLanguage\":\"pt-BR\",\"@id\":\"https:\\\/\\\/blogdofarnesio.com.br\\\/?p=416077#primaryimage\",\"url\":\"https:\\\/\\\/blogdofarnesio.com.br\\\/wp-content\\\/uploads\\\/2024\\\/04\\\/Processo-Seletivo-e1712697427278.jpg\",\"contentUrl\":\"https:\\\/\\\/blogdofarnesio.com.br\\\/wp-content\\\/uploads\\\/2024\\\/04\\\/Processo-Seletivo-e1712697427278.jpg\",\"width\":500,\"height\":381},{\"@type\":\"BreadcrumbList\",\"@id\":\"https:\\\/\\\/blogdofarnesio.com.br\\\/?p=416077#breadcrumb\",\"itemListElement\":[{\"@type\":\"ListItem\",\"position\":1,\"name\":\"In\u00edcio\",\"item\":\"https:\\\/\\\/blogdofarnesio.com.br\\\/\"},{\"@type\":\"ListItem\",\"position\":2,\"name\":\"Secretarias de Administra\u00e7\u00e3o e de Sa\u00fade de Pernambuco abrem sele\u00e7\u00e3o p\u00fablica simplificada para 831 profissionais de n\u00edveis superior e t\u00e9cnico\"}]},{\"@type\":\"WebSite\",\"@id\":\"https:\\\/\\\/blogdofarnesio.com.br\\\/#website\",\"url\":\"https:\\\/\\\/blogdofarnesio.com.br\\\/\",\"name\":\"Blog do Farn\u00e9sio\",\"description\":\"Quer Saber Pol\u00edtica?\",\"publisher\":{\"@id\":\"https:\\\/\\\/blogdofarnesio.com.br\\\/#organization\"},\"potentialAction\":[{\"@type\":\"SearchAction\",\"target\":{\"@type\":\"EntryPoint\",\"urlTemplate\":\"https:\\\/\\\/blogdofarnesio.com.br\\\/?s={search_term_string}\"},\"query-input\":{\"@type\":\"PropertyValueSpecification\",\"valueRequired\":true,\"valueName\":\"search_term_string\"}}],\"inLanguage\":\"pt-BR\"},{\"@type\":\"Organization\",\"@id\":\"https:\\\/\\\/blogdofarnesio.com.br\\\/#organization\",\"name\":\"Blog do Farn\u00e9sio\",\"url\":\"https:\\\/\\\/blogdofarnesio.com.br\\\/\",\"logo\":{\"@type\":\"ImageObject\",\"inLanguage\":\"pt-BR\",\"@id\":\"https:\\\/\\\/blogdofarnesio.com.br\\\/#\\\/schema\\\/logo\\\/image\\\/\",\"url\":\"https:\\\/\\\/blogdofarnesio.com.br\\\/wp-content\\\/uploads\\\/2026\\\/03\\\/cropped-logo_new-1.png\",\"contentUrl\":\"https:\\\/\\\/blogdofarnesio.com.br\\\/wp-content\\\/uploads\\\/2026\\\/03\\\/cropped-logo_new-1.png\",\"width\":881,\"height\":685,\"caption\":\"Blog do Farn\u00e9sio\"},\"image\":{\"@id\":\"https:\\\/\\\/blogdofarnesio.com.br\\\/#\\\/schema\\\/logo\\\/image\\\/\"},\"sameAs\":[\"https:\\\/\\\/www.facebook.com\\\/BlogQuerSaberPolitica\\\/\"]},{\"@type\":\"Person\",\"@id\":\"https:\\\/\\\/blogdofarnesio.com.br\\\/#\\\/schema\\\/person\\\/bb9b23ae3ad0609ce8df7b6c9e76824d\",\"name\":\"Farn\u00e9sio\",\"image\":{\"@type\":\"ImageObject\",\"inLanguage\":\"pt-BR\",\"@id\":\"https:\\\/\\\/secure.gravatar.com\\\/avatar\\\/986aa4c61ccdb66f8555bf88fc2a65609d00bcabd4d2d94377a727547345cbca?s=96&d=mm&r=g\",\"url\":\"https:\\\/\\\/secure.gravatar.com\\\/avatar\\\/986aa4c61ccdb66f8555bf88fc2a65609d00bcabd4d2d94377a727547345cbca?s=96&d=mm&r=g\",\"contentUrl\":\"https:\\\/\\\/secure.gravatar.com\\\/avatar\\\/986aa4c61ccdb66f8555bf88fc2a65609d00bcabd4d2d94377a727547345cbca?s=96&d=mm&r=g\",\"caption\":\"Farn\u00e9sio\"},\"description\":\"Radialista blogueiro, chegou a Petrolina\\\/Juazeiro em setembro de 1980, Farn\u00e9sio Silva \u00e9 de Arapiraca-Alagoas.\",\"sameAs\":[\"http:\\\/\\\/blogdofarnesio.com.br\",\"https:\\\/\\\/www.facebook.com\\\/?ref=tn_tnmn\",\"https:\\\/\\\/www.instagram.com\\\/?utm_source=pwa_homescreen\",\"https:\\\/\\\/youtube.com.br\\\/\"],\"url\":\"https:\\\/\\\/blogdofarnesio.com.br\\\/?author=2\"}]}<\/script>\n<!-- \/ Yoast SEO plugin. -->","yoast_head_json":{"title":"Secretarias de Administra\u00e7\u00e3o e de Sa\u00fade de Pernambuco abrem sele\u00e7\u00e3o p\u00fablica simplificada para 831 profissionais de n\u00edveis superior e t\u00e9cnico - Blog do Farn\u00e9sio","robots":{"index":"index","follow":"follow","max-snippet":"max-snippet:-1","max-image-preview":"max-image-preview:large","max-video-preview":"max-video-preview:-1"},"canonical":"https:\/\/blogdofarnesio.com.br\/?p=416077","og_locale":"pt_BR","og_type":"article","og_title":"Secretarias de Administra\u00e7\u00e3o e de Sa\u00fade de Pernambuco abrem sele\u00e7\u00e3o p\u00fablica simplificada para 831 profissionais de n\u00edveis superior e t\u00e9cnico - Blog do Farn\u00e9sio","og_description":"As Secretarias de Administra\u00e7\u00e3o (SAD) e de Sa\u00fade (SES) publicaram, no Di\u00e1rio Oficial do Estado (DOE) da \u00faltima quarta-feira (25.02), portaria conjunta que abriu sele\u00e7\u00e3o p\u00fablica simplificada para a contrata\u00e7\u00e3o tempor\u00e1ria de 831 profissionais de n\u00edveis superior e t\u00e9cnico, incluindo m\u00e9dicos de diversas especialidades, analistas e assistentes em sa\u00fade, entre outras \u00e1reas. As inscri\u00e7\u00f5es poder\u00e3o ser realizadas a partir de hoje (13) a 27 de mar\u00e7o, no endere\u00e7o https:\/\/selecionases.saude.pe.gov.br\/\u00a0. As remunera\u00e7\u00f5es variam de R$ 1.621,00 a R$ 12.366,61, com carga hor\u00e1ria definida de acordo com a fun\u00e7\u00e3o. \u201cEssa \u00e9 mais uma a\u00e7\u00e3o promovida pela Secretaria de Administra\u00e7\u00e3o para aprimorar os servi\u00e7os p\u00fablicos. Os profissionais selecionados contribuir\u00e3o para a melhoria dos atendimentos oferecidos \u00e0 popula\u00e7\u00e3o em diversas Ger\u00eancias Regionais de Sa\u00fade&hellip;","og_url":"https:\/\/blogdofarnesio.com.br\/?p=416077","og_site_name":"Blog do Farn\u00e9sio","article_publisher":"https:\/\/www.facebook.com\/BlogQuerSaberPolitica\/","article_author":"https:\/\/www.facebook.com\/?ref=tn_tnmn","article_published_time":"2026-03-13T11:02:56+00:00","og_image":[{"width":500,"height":381,"url":"https:\/\/blogdofarnesio.com.br\/wp-content\/uploads\/2024\/04\/Processo-Seletivo-e1712697427278.jpg","type":"image\/jpeg"}],"author":"Farn\u00e9sio","twitter_card":"summary_large_image","twitter_misc":{"Escrito por":"Farn\u00e9sio","Est. tempo de leitura":"2 minutos"},"schema":{"@context":"https:\/\/schema.org","@graph":[{"@type":"Article","@id":"https:\/\/blogdofarnesio.com.br\/?p=416077#article","isPartOf":{"@id":"https:\/\/blogdofarnesio.com.br\/?p=416077"},"author":{"name":"Farn\u00e9sio","@id":"https:\/\/blogdofarnesio.com.br\/#\/schema\/person\/bb9b23ae3ad0609ce8df7b6c9e76824d"},"headline":"Secretarias de Administra\u00e7\u00e3o e de Sa\u00fade de Pernambuco abrem sele\u00e7\u00e3o p\u00fablica simplificada para 831 profissionais de n\u00edveis superior e t\u00e9cnico","datePublished":"2026-03-13T11:02:56+00:00","mainEntityOfPage":{"@id":"https:\/\/blogdofarnesio.com.br\/?p=416077"},"wordCount":365,"commentCount":0,"publisher":{"@id":"https:\/\/blogdofarnesio.com.br\/#organization"},"image":{"@id":"https:\/\/blogdofarnesio.com.br\/?p=416077#primaryimage"},"thumbnailUrl":"https:\/\/blogdofarnesio.com.br\/wp-content\/uploads\/2024\/04\/Processo-Seletivo-e1712697427278.jpg","articleSection":["Concursos"],"inLanguage":"pt-BR","potentialAction":[{"@type":"CommentAction","name":"Comment","target":["https:\/\/blogdofarnesio.com.br\/?p=416077#respond"]}]},{"@type":"WebPage","@id":"https:\/\/blogdofarnesio.com.br\/?p=416077","url":"https:\/\/blogdofarnesio.com.br\/?p=416077","name":"Secretarias de Administra\u00e7\u00e3o e de Sa\u00fade de Pernambuco abrem sele\u00e7\u00e3o p\u00fablica simplificada para 831 profissionais de n\u00edveis superior e t\u00e9cnico - Blog do Farn\u00e9sio","isPartOf":{"@id":"https:\/\/blogdofarnesio.com.br\/#website"},"primaryImageOfPage":{"@id":"https:\/\/blogdofarnesio.com.br\/?p=416077#primaryimage"},"image":{"@id":"https:\/\/blogdofarnesio.com.br\/?p=416077#primaryimage"},"thumbnailUrl":"https:\/\/blogdofarnesio.com.br\/wp-content\/uploads\/2024\/04\/Processo-Seletivo-e1712697427278.jpg","datePublished":"2026-03-13T11:02:56+00:00","breadcrumb":{"@id":"https:\/\/blogdofarnesio.com.br\/?p=416077#breadcrumb"},"inLanguage":"pt-BR","potentialAction":[{"@type":"ReadAction","target":["https:\/\/blogdofarnesio.com.br\/?p=416077"]}]},{"@type":"ImageObject","inLanguage":"pt-BR","@id":"https:\/\/blogdofarnesio.com.br\/?p=416077#primaryimage","url":"https:\/\/blogdofarnesio.com.br\/wp-content\/uploads\/2024\/04\/Processo-Seletivo-e1712697427278.jpg","contentUrl":"https:\/\/blogdofarnesio.com.br\/wp-content\/uploads\/2024\/04\/Processo-Seletivo-e1712697427278.jpg","width":500,"height":381},{"@type":"BreadcrumbList","@id":"https:\/\/blogdofarnesio.com.br\/?p=416077#breadcrumb","itemListElement":[{"@type":"ListItem","position":1,"name":"In\u00edcio","item":"https:\/\/blogdofarnesio.com.br\/"},{"@type":"ListItem","position":2,"name":"Secretarias de Administra\u00e7\u00e3o e de Sa\u00fade de Pernambuco abrem sele\u00e7\u00e3o p\u00fablica simplificada para 831 profissionais de n\u00edveis superior e t\u00e9cnico"}]},{"@type":"WebSite","@id":"https:\/\/blogdofarnesio.com.br\/#website","url":"https:\/\/blogdofarnesio.com.br\/","name":"Blog do Farn\u00e9sio","description":"Quer Saber Pol\u00edtica?","publisher":{"@id":"https:\/\/blogdofarnesio.com.br\/#organization"},"potentialAction":[{"@type":"SearchAction","target":{"@type":"EntryPoint","urlTemplate":"https:\/\/blogdofarnesio.com.br\/?s={search_term_string}"},"query-input":{"@type":"PropertyValueSpecification","valueRequired":true,"valueName":"search_term_string"}}],"inLanguage":"pt-BR"},{"@type":"Organization","@id":"https:\/\/blogdofarnesio.com.br\/#organization","name":"Blog do Farn\u00e9sio","url":"https:\/\/blogdofarnesio.com.br\/","logo":{"@type":"ImageObject","inLanguage":"pt-BR","@id":"https:\/\/blogdofarnesio.com.br\/#\/schema\/logo\/image\/","url":"https:\/\/blogdofarnesio.com.br\/wp-content\/uploads\/2026\/03\/cropped-logo_new-1.png","contentUrl":"https:\/\/blogdofarnesio.com.br\/wp-content\/uploads\/2026\/03\/cropped-logo_new-1.png","width":881,"height":685,"caption":"Blog do Farn\u00e9sio"},"image":{"@id":"https:\/\/blogdofarnesio.com.br\/#\/schema\/logo\/image\/"},"sameAs":["https:\/\/www.facebook.com\/BlogQuerSaberPolitica\/"]},{"@type":"Person","@id":"https:\/\/blogdofarnesio.com.br\/#\/schema\/person\/bb9b23ae3ad0609ce8df7b6c9e76824d","name":"Farn\u00e9sio","image":{"@type":"ImageObject","inLanguage":"pt-BR","@id":"https:\/\/secure.gravatar.com\/avatar\/986aa4c61ccdb66f8555bf88fc2a65609d00bcabd4d2d94377a727547345cbca?s=96&d=mm&r=g","url":"https:\/\/secure.gravatar.com\/avatar\/986aa4c61ccdb66f8555bf88fc2a65609d00bcabd4d2d94377a727547345cbca?s=96&d=mm&r=g","contentUrl":"https:\/\/secure.gravatar.com\/avatar\/986aa4c61ccdb66f8555bf88fc2a65609d00bcabd4d2d94377a727547345cbca?s=96&d=mm&r=g","caption":"Farn\u00e9sio"},"description":"Radialista blogueiro, chegou a Petrolina\/Juazeiro em setembro de 1980, Farn\u00e9sio Silva \u00e9 de Arapiraca-Alagoas.","sameAs":["http:\/\/blogdofarnesio.com.br","https:\/\/www.facebook.com\/?ref=tn_tnmn","https:\/\/www.instagram.com\/?utm_source=pwa_homescreen","https:\/\/youtube.com.br\/"],"url":"https:\/\/blogdofarnesio.com.br\/?author=2"}]}},"_links":{"self":[{"href":"https:\/\/blogdofarnesio.com.br\/index.php?rest_route=\/wp\/v2\/posts\/416077","targetHints":{"allow":["GET"]}}],"collection":[{"href":"https:\/\/blogdofarnesio.com.br\/index.php?rest_route=\/wp\/v2\/posts"}],"about":[{"href":"https:\/\/blogdofarnesio.com.br\/index.php?rest_route=\/wp\/v2\/types\/post"}],"author":[{"embeddable":true,"href":"https:\/\/blogdofarnesio.com.br\/index.php?rest_route=\/wp\/v2\/users\/2"}],"replies":[{"embeddable":true,"href":"https:\/\/blogdofarnesio.com.br\/index.php?rest_route=%2Fwp%2Fv2%2Fcomments&post=416077"}],"version-history":[{"count":3,"href":"https:\/\/blogdofarnesio.com.br\/index.php?rest_route=\/wp\/v2\/posts\/416077\/revisions"}],"predecessor-version":[{"id":416795,"href":"https:\/\/blogdofarnesio.com.br\/index.php?rest_route=\/wp\/v2\/posts\/416077\/revisions\/416795"}],"wp:featuredmedia":[{"embeddable":true,"href":"https:\/\/blogdofarnesio.com.br\/index.php?rest_route=\/wp\/v2\/media\/365766"}],"wp:attachment":[{"href":"https:\/\/blogdofarnesio.com.br\/index.php?rest_route=%2Fwp%2Fv2%2Fmedia&parent=416077"}],"wp:term":[{"taxonomy":"category","embeddable":true,"href":"https:\/\/blogdofarnesio.com.br\/index.php?rest_route=%2Fwp%2Fv2%2Fcategories&post=416077"},{"taxonomy":"post_tag","embeddable":true,"href":"https:\/\/blogdofarnesio.com.br\/index.php?rest_route=%2Fwp%2Fv2%2Ftags&post=416077"}],"curies":[{"name":"wp","href":"https:\/\/api.w.org\/{rel}","templated":true}]}}