{"id":414270,"date":"2026-02-04T16:00:28","date_gmt":"2026-02-04T19:00:28","guid":{"rendered":"https:\/\/blogdofarnesio.com.br\/?p=414270"},"modified":"2026-02-04T15:02:45","modified_gmt":"2026-02-04T18:02:45","slug":"flavio-bolsonaro-cresce-e-empata-tecnicamente-com-lula-no-2o-turno-diz-pesquisa","status":"publish","type":"post","link":"https:\/\/blogdofarnesio.com.br\/2026\/02\/flavio-bolsonaro-cresce-e-empata-tecnicamente-com-lula-no-2o-turno-diz-pesquisa\/","title":{"rendered":"Fl\u00e1vio Bolsonaro cresce e empata tecnicamente com Lula no 2\u00ba turno, diz pesquisa"},"content":{"rendered":"<div id=\"post-body-4397257777410029765\" class=\"post-body entry-content\">\n<p>Senador e pr\u00e9-candidato a presidente, Fl\u00e1vio Bolsonaro (PL-RJ) cresceu na pesquisa Meio\/Ideia divulgada nesta quarta-feira, 4, e est\u00e1 tecnicamente empatado com o presidente Luiz In\u00e1cio Lula da Silva (PT) nas inten\u00e7\u00f5es de voto em um eventual segundo turno das elei\u00e7\u00f5es deste ano. O governador de S\u00e3o Paulo, Tarc\u00edsio de Freitas (Republicanos) e a ex-primeira-dama Michelle Bolsonaro (PL) tamb\u00e9m empatam com o petista na margem de erro.<\/p>\n<p class=\"_aupe copyable-text x15bjb6t x1n2onr6\"><span class=\"_aupe copyable-text xkrh14z\">Lula tem 45,8% contra 41,1% de Fl\u00e1vio. A margem de erro \u00e9 de 2,5 pontos porcentuais para mais ou para menos. Com isso, o petista pode ter de 43,3% a 48,3% das inten\u00e7\u00f5es de voto, enquanto Fl\u00e1vio pode ter de 38,6% a 43,6%. Na primeira rodada da pesquisa, realizada entre os dias 8 e 12 de janeiro, o placar era de 46,2% a 36%.<\/span><\/p>\n<p class=\"_aupe copyable-text x15bjb6t x1n2onr6\"><span class=\"_aupe copyable-text xkrh14z\">No levantamento de fevereiro, o atual presidente vence Tarc\u00edsio por 44,7% a 42,2% e Michelle por 45% a 40,7%.<\/span><\/p>\n<p class=\"_aupe copyable-text x15bjb6t x1n2onr6\"><span class=\"_aupe copyable-text xkrh14z\">O Meio\/Ideia entrevistou 1.500 pessoas por meio de entrevistas por telefone entre os dias 30 de janeiro e 2 de fevereiro. O n\u00edvel de confian\u00e7a \u00e9 de 95%. O levantamento foi registrado no Tribunal Superior Eleitoral sob o protocolo BR-08425\/2026.<\/span><\/p>\n<p class=\"_aupe copyable-text x15bjb6t x1n2onr6\"><span class=\"_aupe copyable-text xkrh14z\">No primeiro turno, Lula empata por 38,7% a 35,3% com Fl\u00e1vio no cen\u00e1rio com o governador do Rio Grande do Sul, Eduardo Leite, candidato pelo PSD. O presidente tamb\u00e9m empata no limite da margem com Tarc\u00edsio (40% a 35%) se o PSD n\u00e3o tiver candidato a presidente.<\/span><\/p>\n<p class=\"_aupe copyable-text x15bjb6t x1n2onr6\"><span class=\"_aupe copyable-text xkrh14z\">Nos demais cen\u00e1rios, o atual chefe do Executivo federal lidera com uma vantagem superior \u00e0 margem de erro.<\/span><\/p>\n<p class=\"_aupe copyable-text x15bjb6t x1n2onr6\"><strong><span class=\"_aupe copyable-text xkrh14z\">Outros candidatos<\/span><\/strong><\/p>\n<p class=\"_aupe copyable-text x15bjb6t x1n2onr6\"><span class=\"_aupe copyable-text xkrh14z\">Fora os candidatos da fam\u00edlia Bolsonaro e Tarc\u00edsio, quem tem melhor desempenho contra Lula no segundo turno \u00e9 o governador do Paran\u00e1, Ratinho Jr. (PSD). Ele perderia para o presidente por 45% a 38%.<\/span><\/p>\n<p class=\"_aupe copyable-text x15bjb6t x1n2onr6\"><span class=\"_aupe copyable-text xkrh14z\">Romeu Zema (Novo-MG) vem logo atr\u00e1s (45% a 34,5%), seguido de Ronaldo Caiado (45% a 34%) e Eduardo Leite (45,4% a 21%). Os tr\u00eas tamb\u00e9m perdem para Lula.<\/span><\/p>\n<p class=\"_aupe copyable-text x15bjb6t x1n2onr6\"><span class=\"_aupe copyable-text xkrh14z\">A pesquisa tamb\u00e9m testou o ministro da Fazenda, Fernando Haddad (PT), como candidato governista no lugar de Lula. O petista aparece tecnicamente empatado com candidatos de direita nos tr\u00eas cen\u00e1rios testados.<\/span><\/p>\n<p class=\"_aupe copyable-text x15bjb6t x1n2onr6\"><span class=\"_aupe copyable-text xkrh14z\">No segundo turno, Haddad tem 41,8% contra 40% de Fl\u00e1vio; 40,5% contra 44,5% de Tarc\u00edsio; e 42% contra 39% de Ratinho Jr. (Via: <\/span>Estad\u00e3o Conte\u00fado<\/p>\n<\/div>\n","protected":false},"excerpt":{"rendered":"<p>Senador e pr\u00e9-candidato a presidente, Fl\u00e1vio Bolsonaro (PL-RJ) cresceu na pesquisa Meio\/Ideia divulgada nesta quarta-feira, 4, e est\u00e1 tecnicamente empatado com o presidente Luiz In\u00e1cio Lula da Silva (PT) nas inten\u00e7\u00f5es de voto em um eventual segundo turno das elei\u00e7\u00f5es deste ano. O governador de S\u00e3o Paulo, Tarc\u00edsio de Freitas (Republicanos) e a ex-primeira-dama Michelle Bolsonaro (PL) tamb\u00e9m empatam com o petista na margem de erro. Lula tem 45,8% contra 41,1% de Fl\u00e1vio. A margem de erro \u00e9 de 2,5 pontos porcentuais para mais ou para menos. Com isso, o petista pode ter de 43,3% a 48,3% das inten\u00e7\u00f5es de voto, enquanto Fl\u00e1vio pode ter de 38,6% a 43,6%. Na primeira rodada da pesquisa, realizada entre os dias 8 e&hellip; <\/p>\n","protected":false},"author":2,"featured_media":411327,"comment_status":"open","ping_status":"open","sticky":false,"template":"","format":"standard","meta":{"_acf_changed":false,"footnotes":""},"categories":[51],"tags":[],"class_list":["post-414270","post","type-post","status-publish","format-standard","has-post-thumbnail","hentry","category-pesquisa"],"acf":[],"yoast_head":"<!-- This site is optimized with the Yoast SEO plugin v27.5 - https:\/\/yoast.com\/product\/yoast-seo-wordpress\/ -->\n<title>Fl\u00e1vio Bolsonaro cresce e empata tecnicamente com Lula no 2\u00ba turno, diz pesquisa - Blog do Farn\u00e9sio<\/title>\n<meta name=\"robots\" content=\"index, follow, max-snippet:-1, max-image-preview:large, max-video-preview:-1\" \/>\n<link rel=\"canonical\" href=\"https:\/\/blogdofarnesio.com.br\/2026\/02\/flavio-bolsonaro-cresce-e-empata-tecnicamente-com-lula-no-2o-turno-diz-pesquisa\/\" \/>\n<meta property=\"og:locale\" content=\"pt_BR\" \/>\n<meta property=\"og:type\" content=\"article\" \/>\n<meta property=\"og:title\" content=\"Fl\u00e1vio Bolsonaro cresce e empata tecnicamente com Lula no 2\u00ba turno, diz pesquisa - Blog do Farn\u00e9sio\" \/>\n<meta property=\"og:description\" content=\"Senador e pr\u00e9-candidato a presidente, Fl\u00e1vio Bolsonaro (PL-RJ) cresceu na pesquisa Meio\/Ideia divulgada nesta quarta-feira, 4, e est\u00e1 tecnicamente empatado com o presidente Luiz In\u00e1cio Lula da Silva (PT) nas inten\u00e7\u00f5es de voto em um eventual segundo turno das elei\u00e7\u00f5es deste ano. O governador de S\u00e3o Paulo, Tarc\u00edsio de Freitas (Republicanos) e a ex-primeira-dama Michelle Bolsonaro (PL) tamb\u00e9m empatam com o petista na margem de erro. Lula tem 45,8% contra 41,1% de Fl\u00e1vio. A margem de erro \u00e9 de 2,5 pontos porcentuais para mais ou para menos. Com isso, o petista pode ter de 43,3% a 48,3% das inten\u00e7\u00f5es de voto, enquanto Fl\u00e1vio pode ter de 38,6% a 43,6%. Na primeira rodada da pesquisa, realizada entre os dias 8 e&hellip;\" \/>\n<meta property=\"og:url\" content=\"https:\/\/blogdofarnesio.com.br\/2026\/02\/flavio-bolsonaro-cresce-e-empata-tecnicamente-com-lula-no-2o-turno-diz-pesquisa\/\" \/>\n<meta property=\"og:site_name\" content=\"Blog do Farn\u00e9sio\" \/>\n<meta property=\"article:publisher\" content=\"https:\/\/www.facebook.com\/BlogQuerSaberPolitica\/\" \/>\n<meta property=\"article:author\" content=\"https:\/\/www.facebook.com\/?ref=tn_tnmn\" \/>\n<meta property=\"article:published_time\" content=\"2026-02-04T19:00:28+00:00\" \/>\n<meta property=\"og:image\" content=\"https:\/\/blogdofarnesio.com.br\/wp-content\/uploads\/2025\/12\/blogqsplula-flavio.png\" \/>\n\t<meta property=\"og:image:width\" content=\"786\" \/>\n\t<meta property=\"og:image:height\" content=\"445\" \/>\n\t<meta property=\"og:image:type\" content=\"image\/png\" \/>\n<meta name=\"author\" content=\"Farn\u00e9sio\" \/>\n<meta name=\"twitter:card\" content=\"summary_large_image\" \/>\n<meta name=\"twitter:label1\" content=\"Escrito por\" \/>\n\t<meta name=\"twitter:data1\" content=\"Farn\u00e9sio\" \/>\n\t<meta name=\"twitter:label2\" content=\"Est. tempo de leitura\" \/>\n\t<meta name=\"twitter:data2\" content=\"3 minutos\" \/>\n<script type=\"application\/ld+json\" class=\"yoast-schema-graph\">{\"@context\":\"https:\\\/\\\/schema.org\",\"@graph\":[{\"@type\":\"Article\",\"@id\":\"https:\\\/\\\/blogdofarnesio.com.br\\\/2026\\\/02\\\/flavio-bolsonaro-cresce-e-empata-tecnicamente-com-lula-no-2o-turno-diz-pesquisa\\\/#article\",\"isPartOf\":{\"@id\":\"https:\\\/\\\/blogdofarnesio.com.br\\\/2026\\\/02\\\/flavio-bolsonaro-cresce-e-empata-tecnicamente-com-lula-no-2o-turno-diz-pesquisa\\\/\"},\"author\":{\"name\":\"Farn\u00e9sio\",\"@id\":\"https:\\\/\\\/blogdofarnesio.com.br\\\/#\\\/schema\\\/person\\\/bb9b23ae3ad0609ce8df7b6c9e76824d\"},\"headline\":\"Fl\u00e1vio Bolsonaro cresce e empata tecnicamente com Lula no 2\u00ba turno, diz pesquisa\",\"datePublished\":\"2026-02-04T19:00:28+00:00\",\"mainEntityOfPage\":{\"@id\":\"https:\\\/\\\/blogdofarnesio.com.br\\\/2026\\\/02\\\/flavio-bolsonaro-cresce-e-empata-tecnicamente-com-lula-no-2o-turno-diz-pesquisa\\\/\"},\"wordCount\":379,\"commentCount\":0,\"publisher\":{\"@id\":\"https:\\\/\\\/blogdofarnesio.com.br\\\/#organization\"},\"image\":{\"@id\":\"https:\\\/\\\/blogdofarnesio.com.br\\\/2026\\\/02\\\/flavio-bolsonaro-cresce-e-empata-tecnicamente-com-lula-no-2o-turno-diz-pesquisa\\\/#primaryimage\"},\"thumbnailUrl\":\"https:\\\/\\\/blogdofarnesio.com.br\\\/wp-content\\\/uploads\\\/2025\\\/12\\\/blogqsplula-flavio.png\",\"articleSection\":[\"Pesquisa\"],\"inLanguage\":\"pt-BR\",\"potentialAction\":[{\"@type\":\"CommentAction\",\"name\":\"Comment\",\"target\":[\"https:\\\/\\\/blogdofarnesio.com.br\\\/2026\\\/02\\\/flavio-bolsonaro-cresce-e-empata-tecnicamente-com-lula-no-2o-turno-diz-pesquisa\\\/#respond\"]}]},{\"@type\":\"WebPage\",\"@id\":\"https:\\\/\\\/blogdofarnesio.com.br\\\/2026\\\/02\\\/flavio-bolsonaro-cresce-e-empata-tecnicamente-com-lula-no-2o-turno-diz-pesquisa\\\/\",\"url\":\"https:\\\/\\\/blogdofarnesio.com.br\\\/2026\\\/02\\\/flavio-bolsonaro-cresce-e-empata-tecnicamente-com-lula-no-2o-turno-diz-pesquisa\\\/\",\"name\":\"Fl\u00e1vio Bolsonaro cresce e empata tecnicamente com Lula no 2\u00ba turno, diz pesquisa - Blog do Farn\u00e9sio\",\"isPartOf\":{\"@id\":\"https:\\\/\\\/blogdofarnesio.com.br\\\/#website\"},\"primaryImageOfPage\":{\"@id\":\"https:\\\/\\\/blogdofarnesio.com.br\\\/2026\\\/02\\\/flavio-bolsonaro-cresce-e-empata-tecnicamente-com-lula-no-2o-turno-diz-pesquisa\\\/#primaryimage\"},\"image\":{\"@id\":\"https:\\\/\\\/blogdofarnesio.com.br\\\/2026\\\/02\\\/flavio-bolsonaro-cresce-e-empata-tecnicamente-com-lula-no-2o-turno-diz-pesquisa\\\/#primaryimage\"},\"thumbnailUrl\":\"https:\\\/\\\/blogdofarnesio.com.br\\\/wp-content\\\/uploads\\\/2025\\\/12\\\/blogqsplula-flavio.png\",\"datePublished\":\"2026-02-04T19:00:28+00:00\",\"breadcrumb\":{\"@id\":\"https:\\\/\\\/blogdofarnesio.com.br\\\/2026\\\/02\\\/flavio-bolsonaro-cresce-e-empata-tecnicamente-com-lula-no-2o-turno-diz-pesquisa\\\/#breadcrumb\"},\"inLanguage\":\"pt-BR\",\"potentialAction\":[{\"@type\":\"ReadAction\",\"target\":[\"https:\\\/\\\/blogdofarnesio.com.br\\\/2026\\\/02\\\/flavio-bolsonaro-cresce-e-empata-tecnicamente-com-lula-no-2o-turno-diz-pesquisa\\\/\"]}]},{\"@type\":\"ImageObject\",\"inLanguage\":\"pt-BR\",\"@id\":\"https:\\\/\\\/blogdofarnesio.com.br\\\/2026\\\/02\\\/flavio-bolsonaro-cresce-e-empata-tecnicamente-com-lula-no-2o-turno-diz-pesquisa\\\/#primaryimage\",\"url\":\"https:\\\/\\\/blogdofarnesio.com.br\\\/wp-content\\\/uploads\\\/2025\\\/12\\\/blogqsplula-flavio.png\",\"contentUrl\":\"https:\\\/\\\/blogdofarnesio.com.br\\\/wp-content\\\/uploads\\\/2025\\\/12\\\/blogqsplula-flavio.png\",\"width\":786,\"height\":445},{\"@type\":\"BreadcrumbList\",\"@id\":\"https:\\\/\\\/blogdofarnesio.com.br\\\/2026\\\/02\\\/flavio-bolsonaro-cresce-e-empata-tecnicamente-com-lula-no-2o-turno-diz-pesquisa\\\/#breadcrumb\",\"itemListElement\":[{\"@type\":\"ListItem\",\"position\":1,\"name\":\"In\u00edcio\",\"item\":\"https:\\\/\\\/blogdofarnesio.com.br\\\/\"},{\"@type\":\"ListItem\",\"position\":2,\"name\":\"Fl\u00e1vio Bolsonaro cresce e empata tecnicamente com Lula no 2\u00ba turno, diz pesquisa\"}]},{\"@type\":\"WebSite\",\"@id\":\"https:\\\/\\\/blogdofarnesio.com.br\\\/#website\",\"url\":\"https:\\\/\\\/blogdofarnesio.com.br\\\/\",\"name\":\"Blog do Farn\u00e9sio\",\"description\":\"Quer Saber Pol\u00edtica?\",\"publisher\":{\"@id\":\"https:\\\/\\\/blogdofarnesio.com.br\\\/#organization\"},\"potentialAction\":[{\"@type\":\"SearchAction\",\"target\":{\"@type\":\"EntryPoint\",\"urlTemplate\":\"https:\\\/\\\/blogdofarnesio.com.br\\\/?s={search_term_string}\"},\"query-input\":{\"@type\":\"PropertyValueSpecification\",\"valueRequired\":true,\"valueName\":\"search_term_string\"}}],\"inLanguage\":\"pt-BR\"},{\"@type\":\"Organization\",\"@id\":\"https:\\\/\\\/blogdofarnesio.com.br\\\/#organization\",\"name\":\"Blog do Farn\u00e9sio\",\"url\":\"https:\\\/\\\/blogdofarnesio.com.br\\\/\",\"logo\":{\"@type\":\"ImageObject\",\"inLanguage\":\"pt-BR\",\"@id\":\"https:\\\/\\\/blogdofarnesio.com.br\\\/#\\\/schema\\\/logo\\\/image\\\/\",\"url\":\"https:\\\/\\\/blogdofarnesio.com.br\\\/wp-content\\\/uploads\\\/2026\\\/03\\\/cropped-logo_new-1.png\",\"contentUrl\":\"https:\\\/\\\/blogdofarnesio.com.br\\\/wp-content\\\/uploads\\\/2026\\\/03\\\/cropped-logo_new-1.png\",\"width\":881,\"height\":685,\"caption\":\"Blog do Farn\u00e9sio\"},\"image\":{\"@id\":\"https:\\\/\\\/blogdofarnesio.com.br\\\/#\\\/schema\\\/logo\\\/image\\\/\"},\"sameAs\":[\"https:\\\/\\\/www.facebook.com\\\/BlogQuerSaberPolitica\\\/\"]},{\"@type\":\"Person\",\"@id\":\"https:\\\/\\\/blogdofarnesio.com.br\\\/#\\\/schema\\\/person\\\/bb9b23ae3ad0609ce8df7b6c9e76824d\",\"name\":\"Farn\u00e9sio\",\"image\":{\"@type\":\"ImageObject\",\"inLanguage\":\"pt-BR\",\"@id\":\"https:\\\/\\\/secure.gravatar.com\\\/avatar\\\/986aa4c61ccdb66f8555bf88fc2a65609d00bcabd4d2d94377a727547345cbca?s=96&d=mm&r=g\",\"url\":\"https:\\\/\\\/secure.gravatar.com\\\/avatar\\\/986aa4c61ccdb66f8555bf88fc2a65609d00bcabd4d2d94377a727547345cbca?s=96&d=mm&r=g\",\"contentUrl\":\"https:\\\/\\\/secure.gravatar.com\\\/avatar\\\/986aa4c61ccdb66f8555bf88fc2a65609d00bcabd4d2d94377a727547345cbca?s=96&d=mm&r=g\",\"caption\":\"Farn\u00e9sio\"},\"description\":\"Radialista blogueiro, chegou a Petrolina\\\/Juazeiro em setembro de 1980, Farn\u00e9sio Silva \u00e9 de Arapiraca-Alagoas.\",\"sameAs\":[\"http:\\\/\\\/blogdofarnesio.com.br\",\"https:\\\/\\\/www.facebook.com\\\/?ref=tn_tnmn\",\"https:\\\/\\\/www.instagram.com\\\/?utm_source=pwa_homescreen\",\"https:\\\/\\\/youtube.com.br\\\/\"],\"url\":\"https:\\\/\\\/blogdofarnesio.com.br\\\/author\\\/farnesio-2\\\/\"}]}<\/script>\n<!-- \/ Yoast SEO plugin. -->","yoast_head_json":{"title":"Fl\u00e1vio Bolsonaro cresce e empata tecnicamente com Lula no 2\u00ba turno, diz pesquisa - Blog do Farn\u00e9sio","robots":{"index":"index","follow":"follow","max-snippet":"max-snippet:-1","max-image-preview":"max-image-preview:large","max-video-preview":"max-video-preview:-1"},"canonical":"https:\/\/blogdofarnesio.com.br\/2026\/02\/flavio-bolsonaro-cresce-e-empata-tecnicamente-com-lula-no-2o-turno-diz-pesquisa\/","og_locale":"pt_BR","og_type":"article","og_title":"Fl\u00e1vio Bolsonaro cresce e empata tecnicamente com Lula no 2\u00ba turno, diz pesquisa - Blog do Farn\u00e9sio","og_description":"Senador e pr\u00e9-candidato a presidente, Fl\u00e1vio Bolsonaro (PL-RJ) cresceu na pesquisa Meio\/Ideia divulgada nesta quarta-feira, 4, e est\u00e1 tecnicamente empatado com o presidente Luiz In\u00e1cio Lula da Silva (PT) nas inten\u00e7\u00f5es de voto em um eventual segundo turno das elei\u00e7\u00f5es deste ano. O governador de S\u00e3o Paulo, Tarc\u00edsio de Freitas (Republicanos) e a ex-primeira-dama Michelle Bolsonaro (PL) tamb\u00e9m empatam com o petista na margem de erro. Lula tem 45,8% contra 41,1% de Fl\u00e1vio. A margem de erro \u00e9 de 2,5 pontos porcentuais para mais ou para menos. Com isso, o petista pode ter de 43,3% a 48,3% das inten\u00e7\u00f5es de voto, enquanto Fl\u00e1vio pode ter de 38,6% a 43,6%. Na primeira rodada da pesquisa, realizada entre os dias 8 e&hellip;","og_url":"https:\/\/blogdofarnesio.com.br\/2026\/02\/flavio-bolsonaro-cresce-e-empata-tecnicamente-com-lula-no-2o-turno-diz-pesquisa\/","og_site_name":"Blog do Farn\u00e9sio","article_publisher":"https:\/\/www.facebook.com\/BlogQuerSaberPolitica\/","article_author":"https:\/\/www.facebook.com\/?ref=tn_tnmn","article_published_time":"2026-02-04T19:00:28+00:00","og_image":[{"width":786,"height":445,"url":"https:\/\/blogdofarnesio.com.br\/wp-content\/uploads\/2025\/12\/blogqsplula-flavio.png","type":"image\/png"}],"author":"Farn\u00e9sio","twitter_card":"summary_large_image","twitter_misc":{"Escrito por":"Farn\u00e9sio","Est. tempo de leitura":"3 minutos"},"schema":{"@context":"https:\/\/schema.org","@graph":[{"@type":"Article","@id":"https:\/\/blogdofarnesio.com.br\/2026\/02\/flavio-bolsonaro-cresce-e-empata-tecnicamente-com-lula-no-2o-turno-diz-pesquisa\/#article","isPartOf":{"@id":"https:\/\/blogdofarnesio.com.br\/2026\/02\/flavio-bolsonaro-cresce-e-empata-tecnicamente-com-lula-no-2o-turno-diz-pesquisa\/"},"author":{"name":"Farn\u00e9sio","@id":"https:\/\/blogdofarnesio.com.br\/#\/schema\/person\/bb9b23ae3ad0609ce8df7b6c9e76824d"},"headline":"Fl\u00e1vio Bolsonaro cresce e empata tecnicamente com Lula no 2\u00ba turno, diz pesquisa","datePublished":"2026-02-04T19:00:28+00:00","mainEntityOfPage":{"@id":"https:\/\/blogdofarnesio.com.br\/2026\/02\/flavio-bolsonaro-cresce-e-empata-tecnicamente-com-lula-no-2o-turno-diz-pesquisa\/"},"wordCount":379,"commentCount":0,"publisher":{"@id":"https:\/\/blogdofarnesio.com.br\/#organization"},"image":{"@id":"https:\/\/blogdofarnesio.com.br\/2026\/02\/flavio-bolsonaro-cresce-e-empata-tecnicamente-com-lula-no-2o-turno-diz-pesquisa\/#primaryimage"},"thumbnailUrl":"https:\/\/blogdofarnesio.com.br\/wp-content\/uploads\/2025\/12\/blogqsplula-flavio.png","articleSection":["Pesquisa"],"inLanguage":"pt-BR","potentialAction":[{"@type":"CommentAction","name":"Comment","target":["https:\/\/blogdofarnesio.com.br\/2026\/02\/flavio-bolsonaro-cresce-e-empata-tecnicamente-com-lula-no-2o-turno-diz-pesquisa\/#respond"]}]},{"@type":"WebPage","@id":"https:\/\/blogdofarnesio.com.br\/2026\/02\/flavio-bolsonaro-cresce-e-empata-tecnicamente-com-lula-no-2o-turno-diz-pesquisa\/","url":"https:\/\/blogdofarnesio.com.br\/2026\/02\/flavio-bolsonaro-cresce-e-empata-tecnicamente-com-lula-no-2o-turno-diz-pesquisa\/","name":"Fl\u00e1vio Bolsonaro cresce e empata tecnicamente com Lula no 2\u00ba turno, diz pesquisa - Blog do Farn\u00e9sio","isPartOf":{"@id":"https:\/\/blogdofarnesio.com.br\/#website"},"primaryImageOfPage":{"@id":"https:\/\/blogdofarnesio.com.br\/2026\/02\/flavio-bolsonaro-cresce-e-empata-tecnicamente-com-lula-no-2o-turno-diz-pesquisa\/#primaryimage"},"image":{"@id":"https:\/\/blogdofarnesio.com.br\/2026\/02\/flavio-bolsonaro-cresce-e-empata-tecnicamente-com-lula-no-2o-turno-diz-pesquisa\/#primaryimage"},"thumbnailUrl":"https:\/\/blogdofarnesio.com.br\/wp-content\/uploads\/2025\/12\/blogqsplula-flavio.png","datePublished":"2026-02-04T19:00:28+00:00","breadcrumb":{"@id":"https:\/\/blogdofarnesio.com.br\/2026\/02\/flavio-bolsonaro-cresce-e-empata-tecnicamente-com-lula-no-2o-turno-diz-pesquisa\/#breadcrumb"},"inLanguage":"pt-BR","potentialAction":[{"@type":"ReadAction","target":["https:\/\/blogdofarnesio.com.br\/2026\/02\/flavio-bolsonaro-cresce-e-empata-tecnicamente-com-lula-no-2o-turno-diz-pesquisa\/"]}]},{"@type":"ImageObject","inLanguage":"pt-BR","@id":"https:\/\/blogdofarnesio.com.br\/2026\/02\/flavio-bolsonaro-cresce-e-empata-tecnicamente-com-lula-no-2o-turno-diz-pesquisa\/#primaryimage","url":"https:\/\/blogdofarnesio.com.br\/wp-content\/uploads\/2025\/12\/blogqsplula-flavio.png","contentUrl":"https:\/\/blogdofarnesio.com.br\/wp-content\/uploads\/2025\/12\/blogqsplula-flavio.png","width":786,"height":445},{"@type":"BreadcrumbList","@id":"https:\/\/blogdofarnesio.com.br\/2026\/02\/flavio-bolsonaro-cresce-e-empata-tecnicamente-com-lula-no-2o-turno-diz-pesquisa\/#breadcrumb","itemListElement":[{"@type":"ListItem","position":1,"name":"In\u00edcio","item":"https:\/\/blogdofarnesio.com.br\/"},{"@type":"ListItem","position":2,"name":"Fl\u00e1vio Bolsonaro cresce e empata tecnicamente com Lula no 2\u00ba turno, diz pesquisa"}]},{"@type":"WebSite","@id":"https:\/\/blogdofarnesio.com.br\/#website","url":"https:\/\/blogdofarnesio.com.br\/","name":"Blog do Farn\u00e9sio","description":"Quer Saber Pol\u00edtica?","publisher":{"@id":"https:\/\/blogdofarnesio.com.br\/#organization"},"potentialAction":[{"@type":"SearchAction","target":{"@type":"EntryPoint","urlTemplate":"https:\/\/blogdofarnesio.com.br\/?s={search_term_string}"},"query-input":{"@type":"PropertyValueSpecification","valueRequired":true,"valueName":"search_term_string"}}],"inLanguage":"pt-BR"},{"@type":"Organization","@id":"https:\/\/blogdofarnesio.com.br\/#organization","name":"Blog do Farn\u00e9sio","url":"https:\/\/blogdofarnesio.com.br\/","logo":{"@type":"ImageObject","inLanguage":"pt-BR","@id":"https:\/\/blogdofarnesio.com.br\/#\/schema\/logo\/image\/","url":"https:\/\/blogdofarnesio.com.br\/wp-content\/uploads\/2026\/03\/cropped-logo_new-1.png","contentUrl":"https:\/\/blogdofarnesio.com.br\/wp-content\/uploads\/2026\/03\/cropped-logo_new-1.png","width":881,"height":685,"caption":"Blog do Farn\u00e9sio"},"image":{"@id":"https:\/\/blogdofarnesio.com.br\/#\/schema\/logo\/image\/"},"sameAs":["https:\/\/www.facebook.com\/BlogQuerSaberPolitica\/"]},{"@type":"Person","@id":"https:\/\/blogdofarnesio.com.br\/#\/schema\/person\/bb9b23ae3ad0609ce8df7b6c9e76824d","name":"Farn\u00e9sio","image":{"@type":"ImageObject","inLanguage":"pt-BR","@id":"https:\/\/secure.gravatar.com\/avatar\/986aa4c61ccdb66f8555bf88fc2a65609d00bcabd4d2d94377a727547345cbca?s=96&d=mm&r=g","url":"https:\/\/secure.gravatar.com\/avatar\/986aa4c61ccdb66f8555bf88fc2a65609d00bcabd4d2d94377a727547345cbca?s=96&d=mm&r=g","contentUrl":"https:\/\/secure.gravatar.com\/avatar\/986aa4c61ccdb66f8555bf88fc2a65609d00bcabd4d2d94377a727547345cbca?s=96&d=mm&r=g","caption":"Farn\u00e9sio"},"description":"Radialista blogueiro, chegou a Petrolina\/Juazeiro em setembro de 1980, Farn\u00e9sio Silva \u00e9 de Arapiraca-Alagoas.","sameAs":["http:\/\/blogdofarnesio.com.br","https:\/\/www.facebook.com\/?ref=tn_tnmn","https:\/\/www.instagram.com\/?utm_source=pwa_homescreen","https:\/\/youtube.com.br\/"],"url":"https:\/\/blogdofarnesio.com.br\/author\/farnesio-2\/"}]}},"_links":{"self":[{"href":"https:\/\/blogdofarnesio.com.br\/wp-json\/wp\/v2\/posts\/414270","targetHints":{"allow":["GET"]}}],"collection":[{"href":"https:\/\/blogdofarnesio.com.br\/wp-json\/wp\/v2\/posts"}],"about":[{"href":"https:\/\/blogdofarnesio.com.br\/wp-json\/wp\/v2\/types\/post"}],"author":[{"embeddable":true,"href":"https:\/\/blogdofarnesio.com.br\/wp-json\/wp\/v2\/users\/2"}],"replies":[{"embeddable":true,"href":"https:\/\/blogdofarnesio.com.br\/wp-json\/wp\/v2\/comments?post=414270"}],"version-history":[{"count":2,"href":"https:\/\/blogdofarnesio.com.br\/wp-json\/wp\/v2\/posts\/414270\/revisions"}],"predecessor-version":[{"id":414273,"href":"https:\/\/blogdofarnesio.com.br\/wp-json\/wp\/v2\/posts\/414270\/revisions\/414273"}],"wp:featuredmedia":[{"embeddable":true,"href":"https:\/\/blogdofarnesio.com.br\/wp-json\/wp\/v2\/media\/411327"}],"wp:attachment":[{"href":"https:\/\/blogdofarnesio.com.br\/wp-json\/wp\/v2\/media?parent=414270"}],"wp:term":[{"taxonomy":"category","embeddable":true,"href":"https:\/\/blogdofarnesio.com.br\/wp-json\/wp\/v2\/categories?post=414270"},{"taxonomy":"post_tag","embeddable":true,"href":"https:\/\/blogdofarnesio.com.br\/wp-json\/wp\/v2\/tags?post=414270"}],"curies":[{"name":"wp","href":"https:\/\/api.w.org\/{rel}","templated":true}]}}