{"id":412265,"date":"2026-01-10T10:31:23","date_gmt":"2026-01-10T13:31:23","guid":{"rendered":"https:\/\/blogdofarnesio.com.br\/?p=412265"},"modified":"2026-01-10T07:47:32","modified_gmt":"2026-01-10T10:47:32","slug":"lagoa-grande-conquista-2a-colocacao-no-id-cras-2024-no-estado-de-pernambuco","status":"publish","type":"post","link":"https:\/\/blogdofarnesio.com.br\/2026\/01\/lagoa-grande-conquista-2a-colocacao-no-id-cras-2024-no-estado-de-pernambuco\/","title":{"rendered":"Lagoa Grande conquista 2\u00aa coloca\u00e7\u00e3o no ID CRAS 2024 no Estado de Pernambuco"},"content":{"rendered":"<p>A Prefeitura de Lagoa Grande, juntamente com a Secretaria de Assist\u00eancia Social, comemoram o excelente desempenho do munic\u00edpio no \u00cdndice de Desenvolvimento do CRAS (ID CRAS) 2024, alcan\u00e7ando a 2\u00aa coloca\u00e7\u00e3o entre os munic\u00edpios de pequeno porte II do Estado de Pernambuco, conforme dados do Diagn\u00f3stico Situacional 2025, divulgado pela Vigil\u00e2ncia Socioassistencial do Minist\u00e9rio do Desenvolvimento Social (MDS).<\/p>\n<p>O ID CRAS \u00e9 um indicador nacional que avalia a qualidade da oferta dos servi\u00e7os da prote\u00e7\u00e3o social b\u00e1sica nos Centros de Refer\u00eancia de Assist\u00eancia Social, considerando crit\u00e9rios como estrutura f\u00edsica das unidades, servi\u00e7os e benef\u00edcios ofertados \u00e0 popula\u00e7\u00e3o e qualifica\u00e7\u00e3o dos recursos humanos, em uma escala que varia de 1 a 5.<\/p>\n<p>Os dados revelam uma evolu\u00e7\u00e3o significativa nos servi\u00e7os oferecidos pelo munic\u00edpio nos \u00faltimos anos, consolidando Lagoa Grande como refer\u00eancia estadual em pol\u00edticas p\u00fablicas de assist\u00eancia social. Em 2020, o munic\u00edpio obteve \u00edndice 3,84, ocupando a 8\u00aa posi\u00e7\u00e3o no ranking estadual. Em 2021, registrou 3,50 (13\u00aa posi\u00e7\u00e3o), avan\u00e7ando para 3,67 em 2022 (10\u00aa posi\u00e7\u00e3o). O salto mais expressivo ocorreu em 2023, com \u00edndice 4,50 e 3\u00aa coloca\u00e7\u00e3o, culminando em 2024 com ID CRAS 4,67 e 2\u00ba lugar no ranking estadual.<\/p>\n<p>No resultado de 2024, Lagoa Grande alcan\u00e7ou nota m\u00e1xima (5,0) na dimens\u00e3o Servi\u00e7os e Benef\u00edcios, al\u00e9m de \u00edndices elevados em Estrutura F\u00edsica (4,5) e Recursos Humanos (4,5), evidenciando o fortalecimento da rede socioassistencial e a qualifica\u00e7\u00e3o cont\u00ednua das equipes.<\/p>\n<p>Para a secret\u00e1ria de Assist\u00eancia Social, Eliene Neri Martins, o resultado \u00e9 reflexo do trabalho coletivo e do compromisso da gest\u00e3o com o fortalecimento do Sistema \u00danico de Assist\u00eancia Social (SUAS).<\/p>\n<p>\u201cEsse desempenho expressivo \u00e9 fruto de planejamento, investimentos e do empenho di\u00e1rio das nossas equipes. Agradecemos \u00e0 prefeita Catharina Garziera pelo apoio e confian\u00e7a, e parabenizo todos os profissionais, gestores e parceiros que contribu\u00edram para que Lagoa Grande alcan\u00e7asse esse importante reconhecimento\u201d, destacou a secret\u00e1ria.<\/p>\n<p>A prefeita de Lagoa Grande, Catharina Garziera, ressaltou que a conquista confirma a prioridade dada \u00e0 assist\u00eancia social na gest\u00e3o municipal. Segundo a gestora, \u00e9 um resultado que reafirma o compromisso da Prefeitura de Lagoa Grande com a melhoria cont\u00ednua dos servi\u00e7os socioassistenciais, fortalecendo o SUAS e assegurando uma pol\u00edtica p\u00fablica cada vez mais eficiente, humanizada e pr\u00f3xima da popula\u00e7\u00e3o.<\/p>\n<p>\u201cEsse resultado demonstra que estamos no caminho certo. Investir na assist\u00eancia social \u00e9 investir em pessoas, garantindo direitos, dignidade e inclus\u00e3o \u00e0s fam\u00edlias que mais precisam. O avan\u00e7o no ID CRAS consolida Lagoa Grande como refer\u00eancia em pol\u00edticas sociais no estado , e posso reafirmar que avan\u00e7ar ainda muito mais este ano. O foco de nossa gest\u00e3o est\u00e1 nas pessoas. Isso \u00e9 o que importa\u201d, destacou Catharina Garziera.<\/p>\n<p>&nbsp;<\/p>\n<p>Assessoria de Comunica\u00e7\u00e3o da Prefeitura de Lagoa Grande<\/p>\n","protected":false},"excerpt":{"rendered":"<p>A Prefeitura de Lagoa Grande, juntamente com a Secretaria de Assist\u00eancia Social, comemoram o excelente desempenho do munic\u00edpio no \u00cdndice de Desenvolvimento do CRAS (ID CRAS) 2024, alcan\u00e7ando a 2\u00aa coloca\u00e7\u00e3o entre os munic\u00edpios de pequeno porte II do Estado de Pernambuco, conforme dados do Diagn\u00f3stico Situacional 2025, divulgado pela Vigil\u00e2ncia Socioassistencial do Minist\u00e9rio do Desenvolvimento Social (MDS). O ID CRAS \u00e9 um indicador nacional que avalia a qualidade da oferta dos servi\u00e7os da prote\u00e7\u00e3o social b\u00e1sica nos Centros de Refer\u00eancia de Assist\u00eancia Social, considerando crit\u00e9rios como estrutura f\u00edsica das unidades, servi\u00e7os e benef\u00edcios ofertados \u00e0 popula\u00e7\u00e3o e qualifica\u00e7\u00e3o dos recursos humanos, em uma escala que varia de 1 a 5. Os dados revelam uma evolu\u00e7\u00e3o significativa nos servi\u00e7os oferecidos&hellip; <\/p>\n","protected":false},"author":2,"featured_media":412266,"comment_status":"open","ping_status":"open","sticky":false,"template":"","format":"standard","meta":{"_acf_changed":false,"footnotes":""},"categories":[27],"tags":[],"class_list":["post-412265","post","type-post","status-publish","format-standard","has-post-thumbnail","hentry","category-cidades"],"acf":[],"yoast_head":"<!-- This site is optimized with the Yoast SEO plugin v27.5 - https:\/\/yoast.com\/product\/yoast-seo-wordpress\/ -->\n<title>Lagoa Grande conquista 2\u00aa coloca\u00e7\u00e3o no ID CRAS 2024 no Estado de Pernambuco - Blog do Farn\u00e9sio<\/title>\n<meta name=\"robots\" content=\"index, follow, max-snippet:-1, max-image-preview:large, max-video-preview:-1\" \/>\n<link rel=\"canonical\" href=\"https:\/\/blogdofarnesio.com.br\/2026\/01\/lagoa-grande-conquista-2a-colocacao-no-id-cras-2024-no-estado-de-pernambuco\/\" \/>\n<meta property=\"og:locale\" content=\"pt_BR\" \/>\n<meta property=\"og:type\" content=\"article\" \/>\n<meta property=\"og:title\" content=\"Lagoa Grande conquista 2\u00aa coloca\u00e7\u00e3o no ID CRAS 2024 no Estado de Pernambuco - Blog do Farn\u00e9sio\" \/>\n<meta property=\"og:description\" content=\"A Prefeitura de Lagoa Grande, juntamente com a Secretaria de Assist\u00eancia Social, comemoram o excelente desempenho do munic\u00edpio no \u00cdndice de Desenvolvimento do CRAS (ID CRAS) 2024, alcan\u00e7ando a 2\u00aa coloca\u00e7\u00e3o entre os munic\u00edpios de pequeno porte II do Estado de Pernambuco, conforme dados do Diagn\u00f3stico Situacional 2025, divulgado pela Vigil\u00e2ncia Socioassistencial do Minist\u00e9rio do Desenvolvimento Social (MDS). O ID CRAS \u00e9 um indicador nacional que avalia a qualidade da oferta dos servi\u00e7os da prote\u00e7\u00e3o social b\u00e1sica nos Centros de Refer\u00eancia de Assist\u00eancia Social, considerando crit\u00e9rios como estrutura f\u00edsica das unidades, servi\u00e7os e benef\u00edcios ofertados \u00e0 popula\u00e7\u00e3o e qualifica\u00e7\u00e3o dos recursos humanos, em uma escala que varia de 1 a 5. Os dados revelam uma evolu\u00e7\u00e3o significativa nos servi\u00e7os oferecidos&hellip;\" \/>\n<meta property=\"og:url\" content=\"https:\/\/blogdofarnesio.com.br\/2026\/01\/lagoa-grande-conquista-2a-colocacao-no-id-cras-2024-no-estado-de-pernambuco\/\" \/>\n<meta property=\"og:site_name\" content=\"Blog do Farn\u00e9sio\" \/>\n<meta property=\"article:publisher\" content=\"https:\/\/www.facebook.com\/BlogQuerSaberPolitica\/\" \/>\n<meta property=\"article:author\" content=\"https:\/\/www.facebook.com\/?ref=tn_tnmn\" \/>\n<meta property=\"article:published_time\" content=\"2026-01-10T13:31:23+00:00\" \/>\n<meta property=\"og:image\" content=\"https:\/\/blogdofarnesio.com.br\/wp-content\/uploads\/2026\/01\/blogqsplgrande-CRAS.jpeg\" \/>\n\t<meta property=\"og:image:width\" content=\"700\" \/>\n\t<meta property=\"og:image:height\" content=\"400\" \/>\n\t<meta property=\"og:image:type\" content=\"image\/jpeg\" \/>\n<meta name=\"author\" content=\"Farn\u00e9sio\" \/>\n<meta name=\"twitter:card\" content=\"summary_large_image\" \/>\n<meta name=\"twitter:label1\" content=\"Escrito por\" \/>\n\t<meta name=\"twitter:data1\" content=\"Farn\u00e9sio\" \/>\n\t<meta name=\"twitter:label2\" content=\"Est. tempo de leitura\" \/>\n\t<meta name=\"twitter:data2\" content=\"3 minutos\" \/>\n<script type=\"application\/ld+json\" class=\"yoast-schema-graph\">{\"@context\":\"https:\\\/\\\/schema.org\",\"@graph\":[{\"@type\":\"Article\",\"@id\":\"https:\\\/\\\/blogdofarnesio.com.br\\\/2026\\\/01\\\/lagoa-grande-conquista-2a-colocacao-no-id-cras-2024-no-estado-de-pernambuco\\\/#article\",\"isPartOf\":{\"@id\":\"https:\\\/\\\/blogdofarnesio.com.br\\\/2026\\\/01\\\/lagoa-grande-conquista-2a-colocacao-no-id-cras-2024-no-estado-de-pernambuco\\\/\"},\"author\":{\"name\":\"Farn\u00e9sio\",\"@id\":\"https:\\\/\\\/blogdofarnesio.com.br\\\/#\\\/schema\\\/person\\\/bb9b23ae3ad0609ce8df7b6c9e76824d\"},\"headline\":\"Lagoa Grande conquista 2\u00aa coloca\u00e7\u00e3o no ID CRAS 2024 no Estado de Pernambuco\",\"datePublished\":\"2026-01-10T13:31:23+00:00\",\"mainEntityOfPage\":{\"@id\":\"https:\\\/\\\/blogdofarnesio.com.br\\\/2026\\\/01\\\/lagoa-grande-conquista-2a-colocacao-no-id-cras-2024-no-estado-de-pernambuco\\\/\"},\"wordCount\":487,\"commentCount\":0,\"publisher\":{\"@id\":\"https:\\\/\\\/blogdofarnesio.com.br\\\/#organization\"},\"image\":{\"@id\":\"https:\\\/\\\/blogdofarnesio.com.br\\\/2026\\\/01\\\/lagoa-grande-conquista-2a-colocacao-no-id-cras-2024-no-estado-de-pernambuco\\\/#primaryimage\"},\"thumbnailUrl\":\"https:\\\/\\\/blogdofarnesio.com.br\\\/wp-content\\\/uploads\\\/2026\\\/01\\\/blogqsplgrande-CRAS.jpeg\",\"articleSection\":[\"Cidades\"],\"inLanguage\":\"pt-BR\",\"potentialAction\":[{\"@type\":\"CommentAction\",\"name\":\"Comment\",\"target\":[\"https:\\\/\\\/blogdofarnesio.com.br\\\/2026\\\/01\\\/lagoa-grande-conquista-2a-colocacao-no-id-cras-2024-no-estado-de-pernambuco\\\/#respond\"]}]},{\"@type\":\"WebPage\",\"@id\":\"https:\\\/\\\/blogdofarnesio.com.br\\\/2026\\\/01\\\/lagoa-grande-conquista-2a-colocacao-no-id-cras-2024-no-estado-de-pernambuco\\\/\",\"url\":\"https:\\\/\\\/blogdofarnesio.com.br\\\/2026\\\/01\\\/lagoa-grande-conquista-2a-colocacao-no-id-cras-2024-no-estado-de-pernambuco\\\/\",\"name\":\"Lagoa Grande conquista 2\u00aa coloca\u00e7\u00e3o no ID CRAS 2024 no Estado de Pernambuco - Blog do Farn\u00e9sio\",\"isPartOf\":{\"@id\":\"https:\\\/\\\/blogdofarnesio.com.br\\\/#website\"},\"primaryImageOfPage\":{\"@id\":\"https:\\\/\\\/blogdofarnesio.com.br\\\/2026\\\/01\\\/lagoa-grande-conquista-2a-colocacao-no-id-cras-2024-no-estado-de-pernambuco\\\/#primaryimage\"},\"image\":{\"@id\":\"https:\\\/\\\/blogdofarnesio.com.br\\\/2026\\\/01\\\/lagoa-grande-conquista-2a-colocacao-no-id-cras-2024-no-estado-de-pernambuco\\\/#primaryimage\"},\"thumbnailUrl\":\"https:\\\/\\\/blogdofarnesio.com.br\\\/wp-content\\\/uploads\\\/2026\\\/01\\\/blogqsplgrande-CRAS.jpeg\",\"datePublished\":\"2026-01-10T13:31:23+00:00\",\"breadcrumb\":{\"@id\":\"https:\\\/\\\/blogdofarnesio.com.br\\\/2026\\\/01\\\/lagoa-grande-conquista-2a-colocacao-no-id-cras-2024-no-estado-de-pernambuco\\\/#breadcrumb\"},\"inLanguage\":\"pt-BR\",\"potentialAction\":[{\"@type\":\"ReadAction\",\"target\":[\"https:\\\/\\\/blogdofarnesio.com.br\\\/2026\\\/01\\\/lagoa-grande-conquista-2a-colocacao-no-id-cras-2024-no-estado-de-pernambuco\\\/\"]}]},{\"@type\":\"ImageObject\",\"inLanguage\":\"pt-BR\",\"@id\":\"https:\\\/\\\/blogdofarnesio.com.br\\\/2026\\\/01\\\/lagoa-grande-conquista-2a-colocacao-no-id-cras-2024-no-estado-de-pernambuco\\\/#primaryimage\",\"url\":\"https:\\\/\\\/blogdofarnesio.com.br\\\/wp-content\\\/uploads\\\/2026\\\/01\\\/blogqsplgrande-CRAS.jpeg\",\"contentUrl\":\"https:\\\/\\\/blogdofarnesio.com.br\\\/wp-content\\\/uploads\\\/2026\\\/01\\\/blogqsplgrande-CRAS.jpeg\",\"width\":700,\"height\":400},{\"@type\":\"BreadcrumbList\",\"@id\":\"https:\\\/\\\/blogdofarnesio.com.br\\\/2026\\\/01\\\/lagoa-grande-conquista-2a-colocacao-no-id-cras-2024-no-estado-de-pernambuco\\\/#breadcrumb\",\"itemListElement\":[{\"@type\":\"ListItem\",\"position\":1,\"name\":\"In\u00edcio\",\"item\":\"https:\\\/\\\/blogdofarnesio.com.br\\\/\"},{\"@type\":\"ListItem\",\"position\":2,\"name\":\"Lagoa Grande conquista 2\u00aa coloca\u00e7\u00e3o no ID CRAS 2024 no Estado de Pernambuco\"}]},{\"@type\":\"WebSite\",\"@id\":\"https:\\\/\\\/blogdofarnesio.com.br\\\/#website\",\"url\":\"https:\\\/\\\/blogdofarnesio.com.br\\\/\",\"name\":\"Blog do Farn\u00e9sio\",\"description\":\"Quer Saber Pol\u00edtica?\",\"publisher\":{\"@id\":\"https:\\\/\\\/blogdofarnesio.com.br\\\/#organization\"},\"potentialAction\":[{\"@type\":\"SearchAction\",\"target\":{\"@type\":\"EntryPoint\",\"urlTemplate\":\"https:\\\/\\\/blogdofarnesio.com.br\\\/?s={search_term_string}\"},\"query-input\":{\"@type\":\"PropertyValueSpecification\",\"valueRequired\":true,\"valueName\":\"search_term_string\"}}],\"inLanguage\":\"pt-BR\"},{\"@type\":\"Organization\",\"@id\":\"https:\\\/\\\/blogdofarnesio.com.br\\\/#organization\",\"name\":\"Blog do Farn\u00e9sio\",\"url\":\"https:\\\/\\\/blogdofarnesio.com.br\\\/\",\"logo\":{\"@type\":\"ImageObject\",\"inLanguage\":\"pt-BR\",\"@id\":\"https:\\\/\\\/blogdofarnesio.com.br\\\/#\\\/schema\\\/logo\\\/image\\\/\",\"url\":\"https:\\\/\\\/blogdofarnesio.com.br\\\/wp-content\\\/uploads\\\/2026\\\/03\\\/cropped-logo_new-1.png\",\"contentUrl\":\"https:\\\/\\\/blogdofarnesio.com.br\\\/wp-content\\\/uploads\\\/2026\\\/03\\\/cropped-logo_new-1.png\",\"width\":881,\"height\":685,\"caption\":\"Blog do Farn\u00e9sio\"},\"image\":{\"@id\":\"https:\\\/\\\/blogdofarnesio.com.br\\\/#\\\/schema\\\/logo\\\/image\\\/\"},\"sameAs\":[\"https:\\\/\\\/www.facebook.com\\\/BlogQuerSaberPolitica\\\/\"]},{\"@type\":\"Person\",\"@id\":\"https:\\\/\\\/blogdofarnesio.com.br\\\/#\\\/schema\\\/person\\\/bb9b23ae3ad0609ce8df7b6c9e76824d\",\"name\":\"Farn\u00e9sio\",\"image\":{\"@type\":\"ImageObject\",\"inLanguage\":\"pt-BR\",\"@id\":\"https:\\\/\\\/secure.gravatar.com\\\/avatar\\\/986aa4c61ccdb66f8555bf88fc2a65609d00bcabd4d2d94377a727547345cbca?s=96&d=mm&r=g\",\"url\":\"https:\\\/\\\/secure.gravatar.com\\\/avatar\\\/986aa4c61ccdb66f8555bf88fc2a65609d00bcabd4d2d94377a727547345cbca?s=96&d=mm&r=g\",\"contentUrl\":\"https:\\\/\\\/secure.gravatar.com\\\/avatar\\\/986aa4c61ccdb66f8555bf88fc2a65609d00bcabd4d2d94377a727547345cbca?s=96&d=mm&r=g\",\"caption\":\"Farn\u00e9sio\"},\"description\":\"Radialista blogueiro, chegou a Petrolina\\\/Juazeiro em setembro de 1980, Farn\u00e9sio Silva \u00e9 de Arapiraca-Alagoas.\",\"sameAs\":[\"http:\\\/\\\/blogdofarnesio.com.br\",\"https:\\\/\\\/www.facebook.com\\\/?ref=tn_tnmn\",\"https:\\\/\\\/www.instagram.com\\\/?utm_source=pwa_homescreen\",\"https:\\\/\\\/youtube.com.br\\\/\"],\"url\":\"https:\\\/\\\/blogdofarnesio.com.br\\\/author\\\/farnesio-2\\\/\"}]}<\/script>\n<!-- \/ Yoast SEO plugin. -->","yoast_head_json":{"title":"Lagoa Grande conquista 2\u00aa coloca\u00e7\u00e3o no ID CRAS 2024 no Estado de Pernambuco - Blog do Farn\u00e9sio","robots":{"index":"index","follow":"follow","max-snippet":"max-snippet:-1","max-image-preview":"max-image-preview:large","max-video-preview":"max-video-preview:-1"},"canonical":"https:\/\/blogdofarnesio.com.br\/2026\/01\/lagoa-grande-conquista-2a-colocacao-no-id-cras-2024-no-estado-de-pernambuco\/","og_locale":"pt_BR","og_type":"article","og_title":"Lagoa Grande conquista 2\u00aa coloca\u00e7\u00e3o no ID CRAS 2024 no Estado de Pernambuco - Blog do Farn\u00e9sio","og_description":"A Prefeitura de Lagoa Grande, juntamente com a Secretaria de Assist\u00eancia Social, comemoram o excelente desempenho do munic\u00edpio no \u00cdndice de Desenvolvimento do CRAS (ID CRAS) 2024, alcan\u00e7ando a 2\u00aa coloca\u00e7\u00e3o entre os munic\u00edpios de pequeno porte II do Estado de Pernambuco, conforme dados do Diagn\u00f3stico Situacional 2025, divulgado pela Vigil\u00e2ncia Socioassistencial do Minist\u00e9rio do Desenvolvimento Social (MDS). O ID CRAS \u00e9 um indicador nacional que avalia a qualidade da oferta dos servi\u00e7os da prote\u00e7\u00e3o social b\u00e1sica nos Centros de Refer\u00eancia de Assist\u00eancia Social, considerando crit\u00e9rios como estrutura f\u00edsica das unidades, servi\u00e7os e benef\u00edcios ofertados \u00e0 popula\u00e7\u00e3o e qualifica\u00e7\u00e3o dos recursos humanos, em uma escala que varia de 1 a 5. Os dados revelam uma evolu\u00e7\u00e3o significativa nos servi\u00e7os oferecidos&hellip;","og_url":"https:\/\/blogdofarnesio.com.br\/2026\/01\/lagoa-grande-conquista-2a-colocacao-no-id-cras-2024-no-estado-de-pernambuco\/","og_site_name":"Blog do Farn\u00e9sio","article_publisher":"https:\/\/www.facebook.com\/BlogQuerSaberPolitica\/","article_author":"https:\/\/www.facebook.com\/?ref=tn_tnmn","article_published_time":"2026-01-10T13:31:23+00:00","og_image":[{"width":700,"height":400,"url":"https:\/\/blogdofarnesio.com.br\/wp-content\/uploads\/2026\/01\/blogqsplgrande-CRAS.jpeg","type":"image\/jpeg"}],"author":"Farn\u00e9sio","twitter_card":"summary_large_image","twitter_misc":{"Escrito por":"Farn\u00e9sio","Est. tempo de leitura":"3 minutos"},"schema":{"@context":"https:\/\/schema.org","@graph":[{"@type":"Article","@id":"https:\/\/blogdofarnesio.com.br\/2026\/01\/lagoa-grande-conquista-2a-colocacao-no-id-cras-2024-no-estado-de-pernambuco\/#article","isPartOf":{"@id":"https:\/\/blogdofarnesio.com.br\/2026\/01\/lagoa-grande-conquista-2a-colocacao-no-id-cras-2024-no-estado-de-pernambuco\/"},"author":{"name":"Farn\u00e9sio","@id":"https:\/\/blogdofarnesio.com.br\/#\/schema\/person\/bb9b23ae3ad0609ce8df7b6c9e76824d"},"headline":"Lagoa Grande conquista 2\u00aa coloca\u00e7\u00e3o no ID CRAS 2024 no Estado de Pernambuco","datePublished":"2026-01-10T13:31:23+00:00","mainEntityOfPage":{"@id":"https:\/\/blogdofarnesio.com.br\/2026\/01\/lagoa-grande-conquista-2a-colocacao-no-id-cras-2024-no-estado-de-pernambuco\/"},"wordCount":487,"commentCount":0,"publisher":{"@id":"https:\/\/blogdofarnesio.com.br\/#organization"},"image":{"@id":"https:\/\/blogdofarnesio.com.br\/2026\/01\/lagoa-grande-conquista-2a-colocacao-no-id-cras-2024-no-estado-de-pernambuco\/#primaryimage"},"thumbnailUrl":"https:\/\/blogdofarnesio.com.br\/wp-content\/uploads\/2026\/01\/blogqsplgrande-CRAS.jpeg","articleSection":["Cidades"],"inLanguage":"pt-BR","potentialAction":[{"@type":"CommentAction","name":"Comment","target":["https:\/\/blogdofarnesio.com.br\/2026\/01\/lagoa-grande-conquista-2a-colocacao-no-id-cras-2024-no-estado-de-pernambuco\/#respond"]}]},{"@type":"WebPage","@id":"https:\/\/blogdofarnesio.com.br\/2026\/01\/lagoa-grande-conquista-2a-colocacao-no-id-cras-2024-no-estado-de-pernambuco\/","url":"https:\/\/blogdofarnesio.com.br\/2026\/01\/lagoa-grande-conquista-2a-colocacao-no-id-cras-2024-no-estado-de-pernambuco\/","name":"Lagoa Grande conquista 2\u00aa coloca\u00e7\u00e3o no ID CRAS 2024 no Estado de Pernambuco - Blog do Farn\u00e9sio","isPartOf":{"@id":"https:\/\/blogdofarnesio.com.br\/#website"},"primaryImageOfPage":{"@id":"https:\/\/blogdofarnesio.com.br\/2026\/01\/lagoa-grande-conquista-2a-colocacao-no-id-cras-2024-no-estado-de-pernambuco\/#primaryimage"},"image":{"@id":"https:\/\/blogdofarnesio.com.br\/2026\/01\/lagoa-grande-conquista-2a-colocacao-no-id-cras-2024-no-estado-de-pernambuco\/#primaryimage"},"thumbnailUrl":"https:\/\/blogdofarnesio.com.br\/wp-content\/uploads\/2026\/01\/blogqsplgrande-CRAS.jpeg","datePublished":"2026-01-10T13:31:23+00:00","breadcrumb":{"@id":"https:\/\/blogdofarnesio.com.br\/2026\/01\/lagoa-grande-conquista-2a-colocacao-no-id-cras-2024-no-estado-de-pernambuco\/#breadcrumb"},"inLanguage":"pt-BR","potentialAction":[{"@type":"ReadAction","target":["https:\/\/blogdofarnesio.com.br\/2026\/01\/lagoa-grande-conquista-2a-colocacao-no-id-cras-2024-no-estado-de-pernambuco\/"]}]},{"@type":"ImageObject","inLanguage":"pt-BR","@id":"https:\/\/blogdofarnesio.com.br\/2026\/01\/lagoa-grande-conquista-2a-colocacao-no-id-cras-2024-no-estado-de-pernambuco\/#primaryimage","url":"https:\/\/blogdofarnesio.com.br\/wp-content\/uploads\/2026\/01\/blogqsplgrande-CRAS.jpeg","contentUrl":"https:\/\/blogdofarnesio.com.br\/wp-content\/uploads\/2026\/01\/blogqsplgrande-CRAS.jpeg","width":700,"height":400},{"@type":"BreadcrumbList","@id":"https:\/\/blogdofarnesio.com.br\/2026\/01\/lagoa-grande-conquista-2a-colocacao-no-id-cras-2024-no-estado-de-pernambuco\/#breadcrumb","itemListElement":[{"@type":"ListItem","position":1,"name":"In\u00edcio","item":"https:\/\/blogdofarnesio.com.br\/"},{"@type":"ListItem","position":2,"name":"Lagoa Grande conquista 2\u00aa coloca\u00e7\u00e3o no ID CRAS 2024 no Estado de Pernambuco"}]},{"@type":"WebSite","@id":"https:\/\/blogdofarnesio.com.br\/#website","url":"https:\/\/blogdofarnesio.com.br\/","name":"Blog do Farn\u00e9sio","description":"Quer Saber Pol\u00edtica?","publisher":{"@id":"https:\/\/blogdofarnesio.com.br\/#organization"},"potentialAction":[{"@type":"SearchAction","target":{"@type":"EntryPoint","urlTemplate":"https:\/\/blogdofarnesio.com.br\/?s={search_term_string}"},"query-input":{"@type":"PropertyValueSpecification","valueRequired":true,"valueName":"search_term_string"}}],"inLanguage":"pt-BR"},{"@type":"Organization","@id":"https:\/\/blogdofarnesio.com.br\/#organization","name":"Blog do Farn\u00e9sio","url":"https:\/\/blogdofarnesio.com.br\/","logo":{"@type":"ImageObject","inLanguage":"pt-BR","@id":"https:\/\/blogdofarnesio.com.br\/#\/schema\/logo\/image\/","url":"https:\/\/blogdofarnesio.com.br\/wp-content\/uploads\/2026\/03\/cropped-logo_new-1.png","contentUrl":"https:\/\/blogdofarnesio.com.br\/wp-content\/uploads\/2026\/03\/cropped-logo_new-1.png","width":881,"height":685,"caption":"Blog do Farn\u00e9sio"},"image":{"@id":"https:\/\/blogdofarnesio.com.br\/#\/schema\/logo\/image\/"},"sameAs":["https:\/\/www.facebook.com\/BlogQuerSaberPolitica\/"]},{"@type":"Person","@id":"https:\/\/blogdofarnesio.com.br\/#\/schema\/person\/bb9b23ae3ad0609ce8df7b6c9e76824d","name":"Farn\u00e9sio","image":{"@type":"ImageObject","inLanguage":"pt-BR","@id":"https:\/\/secure.gravatar.com\/avatar\/986aa4c61ccdb66f8555bf88fc2a65609d00bcabd4d2d94377a727547345cbca?s=96&d=mm&r=g","url":"https:\/\/secure.gravatar.com\/avatar\/986aa4c61ccdb66f8555bf88fc2a65609d00bcabd4d2d94377a727547345cbca?s=96&d=mm&r=g","contentUrl":"https:\/\/secure.gravatar.com\/avatar\/986aa4c61ccdb66f8555bf88fc2a65609d00bcabd4d2d94377a727547345cbca?s=96&d=mm&r=g","caption":"Farn\u00e9sio"},"description":"Radialista blogueiro, chegou a Petrolina\/Juazeiro em setembro de 1980, Farn\u00e9sio Silva \u00e9 de Arapiraca-Alagoas.","sameAs":["http:\/\/blogdofarnesio.com.br","https:\/\/www.facebook.com\/?ref=tn_tnmn","https:\/\/www.instagram.com\/?utm_source=pwa_homescreen","https:\/\/youtube.com.br\/"],"url":"https:\/\/blogdofarnesio.com.br\/author\/farnesio-2\/"}]}},"_links":{"self":[{"href":"https:\/\/blogdofarnesio.com.br\/wp-json\/wp\/v2\/posts\/412265","targetHints":{"allow":["GET"]}}],"collection":[{"href":"https:\/\/blogdofarnesio.com.br\/wp-json\/wp\/v2\/posts"}],"about":[{"href":"https:\/\/blogdofarnesio.com.br\/wp-json\/wp\/v2\/types\/post"}],"author":[{"embeddable":true,"href":"https:\/\/blogdofarnesio.com.br\/wp-json\/wp\/v2\/users\/2"}],"replies":[{"embeddable":true,"href":"https:\/\/blogdofarnesio.com.br\/wp-json\/wp\/v2\/comments?post=412265"}],"version-history":[{"count":1,"href":"https:\/\/blogdofarnesio.com.br\/wp-json\/wp\/v2\/posts\/412265\/revisions"}],"predecessor-version":[{"id":412267,"href":"https:\/\/blogdofarnesio.com.br\/wp-json\/wp\/v2\/posts\/412265\/revisions\/412267"}],"wp:featuredmedia":[{"embeddable":true,"href":"https:\/\/blogdofarnesio.com.br\/wp-json\/wp\/v2\/media\/412266"}],"wp:attachment":[{"href":"https:\/\/blogdofarnesio.com.br\/wp-json\/wp\/v2\/media?parent=412265"}],"wp:term":[{"taxonomy":"category","embeddable":true,"href":"https:\/\/blogdofarnesio.com.br\/wp-json\/wp\/v2\/categories?post=412265"},{"taxonomy":"post_tag","embeddable":true,"href":"https:\/\/blogdofarnesio.com.br\/wp-json\/wp\/v2\/tags?post=412265"}],"curies":[{"name":"wp","href":"https:\/\/api.w.org\/{rel}","templated":true}]}}