{"id":409527,"date":"2025-12-02T16:23:27","date_gmt":"2025-12-02T19:23:27","guid":{"rendered":"https:\/\/blogdofarnesio.com.br\/?p=409527"},"modified":"2025-12-02T13:08:56","modified_gmt":"2025-12-02T16:08:56","slug":"age-petrolina-abre-inscricoes-para-a-vila-do-empreendedor-na-1a-edicao-do-para-cima-juventude","status":"publish","type":"post","link":"https:\/\/blogdofarnesio.com.br\/2025\/12\/age-petrolina-abre-inscricoes-para-a-vila-do-empreendedor-na-1a-edicao-do-para-cima-juventude\/","title":{"rendered":"AGE Petrolina abre inscri\u00e7\u00f5es para a Vila do Empreendedor na 1\u00aa edi\u00e7\u00e3o do \u2018Para Cima, Juventude!\u2019"},"content":{"rendered":"<p>A Ag\u00eancia Municipal de Empreendedorismo (AGE Petrolina) abriu as inscri\u00e7\u00f5es para mais uma edi\u00e7\u00e3o da Vila do Empreendedor que, desta vez, integrar\u00e1 a programa\u00e7\u00e3o do evento \u201cPra Cima, Juventude!\u201d, iniciativa in\u00e9dita da Prefeitura de Petrolina promovida pela Secretaria de Assist\u00eancia Social e Combate \u00e0 Fome. A a\u00e7\u00e3o acontecer\u00e1 no pr\u00f3ximo s\u00e1bado (6), no Parque do Povo Rafael Coelho, reunindo cultura, lazer, esportes, servi\u00e7os essenciais e oportunidades de gera\u00e7\u00e3o de renda.<\/p>\n<p>Ser\u00e3o disponibilizadas 20 vagas, com prioridade para empreendedores jovens, que poder\u00e3o expor e comercializar seus produtos dentro da Feira do Empreendedorismo Jovem. O objetivo \u00e9 fortalecer a economia familiar, incentivar a autonomia financeira e fomentar o empreendedorismo local, oferecendo aos participantes um ambiente de visibilidade, conex\u00e3o e aprendizado. As inscri\u00e7\u00f5es s\u00e3o totalmente gratuitas e online, e podem ser feitas pelo link:\u00a0<a href=\"https:\/\/forms.gle\/BvmRZtYRbuF2kJWVA\" target=\"_blank\" rel=\"noopener\" data-saferedirecturl=\"https:\/\/www.google.com\/url?q=https:\/\/forms.gle\/BvmRZtYRbuF2kJWVA&amp;source=gmail&amp;ust=1764714286147000&amp;usg=AOvVaw3dNBpPXaS9u1EHhs0CWhBu\">https:\/\/forms.gle\/<wbr \/>BvmRZtYRbuF2kJWVA<\/a><\/p>\n<p>O evento contar\u00e1 ainda com uma ampla programa\u00e7\u00e3o voltada \u00e0 juventude, incluindo oficinas de graffiti e hip hop, atividades esportivas e diversos servi\u00e7os gratuitos de sa\u00fade e cidadania, como vacina\u00e7\u00e3o, testagem r\u00e1pida, aferi\u00e7\u00e3o de press\u00e3o e glicemia, orienta\u00e7\u00f5es nutricionais, al\u00e9m de atendimentos jur\u00eddicos, sociais e psicol\u00f3gicos. Tamb\u00e9m haver\u00e1 a\u00e7\u00f5es para quem est\u00e1 em busca do primeiro emprego.<\/p>\n<p>Com mais essa edi\u00e7\u00e3o da Vila do Empreendedor, a AGE Petrolina reafirma seu compromisso com a promo\u00e7\u00e3o de oportunidades, o fortalecimento dos pequenos neg\u00f3cios e o incentivo ao protagonismo jovem na constru\u00e7\u00e3o de uma cidade mais criativa, inclusiva e empreendedora.<\/p>\n","protected":false},"excerpt":{"rendered":"<p>A Ag\u00eancia Municipal de Empreendedorismo (AGE Petrolina) abriu as inscri\u00e7\u00f5es para mais uma edi\u00e7\u00e3o da Vila do Empreendedor que, desta vez, integrar\u00e1 a programa\u00e7\u00e3o do evento \u201cPra Cima, Juventude!\u201d, iniciativa in\u00e9dita da Prefeitura de Petrolina promovida pela Secretaria de Assist\u00eancia Social e Combate \u00e0 Fome. A a\u00e7\u00e3o acontecer\u00e1 no pr\u00f3ximo s\u00e1bado (6), no Parque do Povo Rafael Coelho, reunindo cultura, lazer, esportes, servi\u00e7os essenciais e oportunidades de gera\u00e7\u00e3o de renda. Ser\u00e3o disponibilizadas 20 vagas, com prioridade para empreendedores jovens, que poder\u00e3o expor e comercializar seus produtos dentro da Feira do Empreendedorismo Jovem. O objetivo \u00e9 fortalecer a economia familiar, incentivar a autonomia financeira e fomentar o empreendedorismo local, oferecendo aos participantes um ambiente de visibilidade, conex\u00e3o e aprendizado. As inscri\u00e7\u00f5es&hellip; <\/p>\n","protected":false},"author":2,"featured_media":389220,"comment_status":"open","ping_status":"open","sticky":false,"template":"","format":"standard","meta":{"_acf_changed":false,"footnotes":""},"categories":[20],"tags":[],"class_list":["post-409527","post","type-post","status-publish","format-standard","has-post-thumbnail","hentry","category-economia"],"acf":[],"yoast_head":"<!-- This site is optimized with the Yoast SEO plugin v27.5 - https:\/\/yoast.com\/product\/yoast-seo-wordpress\/ -->\n<title>AGE Petrolina abre inscri\u00e7\u00f5es para a Vila do Empreendedor na 1\u00aa edi\u00e7\u00e3o do \u2018Para Cima, Juventude!\u2019 - Blog do Farn\u00e9sio<\/title>\n<meta name=\"robots\" content=\"index, follow, max-snippet:-1, max-image-preview:large, max-video-preview:-1\" \/>\n<link rel=\"canonical\" href=\"https:\/\/blogdofarnesio.com.br\/2025\/12\/age-petrolina-abre-inscricoes-para-a-vila-do-empreendedor-na-1a-edicao-do-para-cima-juventude\/\" \/>\n<meta property=\"og:locale\" content=\"pt_BR\" \/>\n<meta property=\"og:type\" content=\"article\" \/>\n<meta property=\"og:title\" content=\"AGE Petrolina abre inscri\u00e7\u00f5es para a Vila do Empreendedor na 1\u00aa edi\u00e7\u00e3o do \u2018Para Cima, Juventude!\u2019 - Blog do Farn\u00e9sio\" \/>\n<meta property=\"og:description\" content=\"A Ag\u00eancia Municipal de Empreendedorismo (AGE Petrolina) abriu as inscri\u00e7\u00f5es para mais uma edi\u00e7\u00e3o da Vila do Empreendedor que, desta vez, integrar\u00e1 a programa\u00e7\u00e3o do evento \u201cPra Cima, Juventude!\u201d, iniciativa in\u00e9dita da Prefeitura de Petrolina promovida pela Secretaria de Assist\u00eancia Social e Combate \u00e0 Fome. A a\u00e7\u00e3o acontecer\u00e1 no pr\u00f3ximo s\u00e1bado (6), no Parque do Povo Rafael Coelho, reunindo cultura, lazer, esportes, servi\u00e7os essenciais e oportunidades de gera\u00e7\u00e3o de renda. Ser\u00e3o disponibilizadas 20 vagas, com prioridade para empreendedores jovens, que poder\u00e3o expor e comercializar seus produtos dentro da Feira do Empreendedorismo Jovem. O objetivo \u00e9 fortalecer a economia familiar, incentivar a autonomia financeira e fomentar o empreendedorismo local, oferecendo aos participantes um ambiente de visibilidade, conex\u00e3o e aprendizado. As inscri\u00e7\u00f5es&hellip;\" \/>\n<meta property=\"og:url\" content=\"https:\/\/blogdofarnesio.com.br\/2025\/12\/age-petrolina-abre-inscricoes-para-a-vila-do-empreendedor-na-1a-edicao-do-para-cima-juventude\/\" \/>\n<meta property=\"og:site_name\" content=\"Blog do Farn\u00e9sio\" \/>\n<meta property=\"article:publisher\" content=\"https:\/\/www.facebook.com\/BlogQuerSaberPolitica\/\" \/>\n<meta property=\"article:author\" content=\"https:\/\/www.facebook.com\/?ref=tn_tnmn\" \/>\n<meta property=\"article:published_time\" content=\"2025-12-02T19:23:27+00:00\" \/>\n<meta property=\"og:image\" content=\"https:\/\/blogdofarnesio.com.br\/wp-content\/uploads\/2025\/03\/FEIRA-DO-EMPREENDEDOR_-ARQUIVO-PMP-2-e1741433291454.jpeg\" \/>\n\t<meta property=\"og:image:width\" content=\"600\" \/>\n\t<meta property=\"og:image:height\" content=\"452\" \/>\n\t<meta property=\"og:image:type\" content=\"image\/jpeg\" \/>\n<meta name=\"author\" content=\"Farn\u00e9sio\" \/>\n<meta name=\"twitter:card\" content=\"summary_large_image\" \/>\n<meta name=\"twitter:label1\" content=\"Escrito por\" \/>\n\t<meta name=\"twitter:data1\" content=\"Farn\u00e9sio\" \/>\n\t<meta name=\"twitter:label2\" content=\"Est. tempo de leitura\" \/>\n\t<meta name=\"twitter:data2\" content=\"2 minutos\" \/>\n<script type=\"application\/ld+json\" class=\"yoast-schema-graph\">{\"@context\":\"https:\\\/\\\/schema.org\",\"@graph\":[{\"@type\":\"Article\",\"@id\":\"https:\\\/\\\/blogdofarnesio.com.br\\\/2025\\\/12\\\/age-petrolina-abre-inscricoes-para-a-vila-do-empreendedor-na-1a-edicao-do-para-cima-juventude\\\/#article\",\"isPartOf\":{\"@id\":\"https:\\\/\\\/blogdofarnesio.com.br\\\/2025\\\/12\\\/age-petrolina-abre-inscricoes-para-a-vila-do-empreendedor-na-1a-edicao-do-para-cima-juventude\\\/\"},\"author\":{\"name\":\"Farn\u00e9sio\",\"@id\":\"https:\\\/\\\/blogdofarnesio.com.br\\\/#\\\/schema\\\/person\\\/bb9b23ae3ad0609ce8df7b6c9e76824d\"},\"headline\":\"AGE Petrolina abre inscri\u00e7\u00f5es para a Vila do Empreendedor na 1\u00aa edi\u00e7\u00e3o do \u2018Para Cima, Juventude!\u2019\",\"datePublished\":\"2025-12-02T19:23:27+00:00\",\"mainEntityOfPage\":{\"@id\":\"https:\\\/\\\/blogdofarnesio.com.br\\\/2025\\\/12\\\/age-petrolina-abre-inscricoes-para-a-vila-do-empreendedor-na-1a-edicao-do-para-cima-juventude\\\/\"},\"wordCount\":278,\"commentCount\":0,\"publisher\":{\"@id\":\"https:\\\/\\\/blogdofarnesio.com.br\\\/#organization\"},\"image\":{\"@id\":\"https:\\\/\\\/blogdofarnesio.com.br\\\/2025\\\/12\\\/age-petrolina-abre-inscricoes-para-a-vila-do-empreendedor-na-1a-edicao-do-para-cima-juventude\\\/#primaryimage\"},\"thumbnailUrl\":\"https:\\\/\\\/blogdofarnesio.com.br\\\/wp-content\\\/uploads\\\/2025\\\/03\\\/FEIRA-DO-EMPREENDEDOR_-ARQUIVO-PMP-2-e1741433291454.jpeg\",\"articleSection\":[\"Economia\"],\"inLanguage\":\"pt-BR\",\"potentialAction\":[{\"@type\":\"CommentAction\",\"name\":\"Comment\",\"target\":[\"https:\\\/\\\/blogdofarnesio.com.br\\\/2025\\\/12\\\/age-petrolina-abre-inscricoes-para-a-vila-do-empreendedor-na-1a-edicao-do-para-cima-juventude\\\/#respond\"]}]},{\"@type\":\"WebPage\",\"@id\":\"https:\\\/\\\/blogdofarnesio.com.br\\\/2025\\\/12\\\/age-petrolina-abre-inscricoes-para-a-vila-do-empreendedor-na-1a-edicao-do-para-cima-juventude\\\/\",\"url\":\"https:\\\/\\\/blogdofarnesio.com.br\\\/2025\\\/12\\\/age-petrolina-abre-inscricoes-para-a-vila-do-empreendedor-na-1a-edicao-do-para-cima-juventude\\\/\",\"name\":\"AGE Petrolina abre inscri\u00e7\u00f5es para a Vila do Empreendedor na 1\u00aa edi\u00e7\u00e3o do \u2018Para Cima, Juventude!\u2019 - Blog do Farn\u00e9sio\",\"isPartOf\":{\"@id\":\"https:\\\/\\\/blogdofarnesio.com.br\\\/#website\"},\"primaryImageOfPage\":{\"@id\":\"https:\\\/\\\/blogdofarnesio.com.br\\\/2025\\\/12\\\/age-petrolina-abre-inscricoes-para-a-vila-do-empreendedor-na-1a-edicao-do-para-cima-juventude\\\/#primaryimage\"},\"image\":{\"@id\":\"https:\\\/\\\/blogdofarnesio.com.br\\\/2025\\\/12\\\/age-petrolina-abre-inscricoes-para-a-vila-do-empreendedor-na-1a-edicao-do-para-cima-juventude\\\/#primaryimage\"},\"thumbnailUrl\":\"https:\\\/\\\/blogdofarnesio.com.br\\\/wp-content\\\/uploads\\\/2025\\\/03\\\/FEIRA-DO-EMPREENDEDOR_-ARQUIVO-PMP-2-e1741433291454.jpeg\",\"datePublished\":\"2025-12-02T19:23:27+00:00\",\"breadcrumb\":{\"@id\":\"https:\\\/\\\/blogdofarnesio.com.br\\\/2025\\\/12\\\/age-petrolina-abre-inscricoes-para-a-vila-do-empreendedor-na-1a-edicao-do-para-cima-juventude\\\/#breadcrumb\"},\"inLanguage\":\"pt-BR\",\"potentialAction\":[{\"@type\":\"ReadAction\",\"target\":[\"https:\\\/\\\/blogdofarnesio.com.br\\\/2025\\\/12\\\/age-petrolina-abre-inscricoes-para-a-vila-do-empreendedor-na-1a-edicao-do-para-cima-juventude\\\/\"]}]},{\"@type\":\"ImageObject\",\"inLanguage\":\"pt-BR\",\"@id\":\"https:\\\/\\\/blogdofarnesio.com.br\\\/2025\\\/12\\\/age-petrolina-abre-inscricoes-para-a-vila-do-empreendedor-na-1a-edicao-do-para-cima-juventude\\\/#primaryimage\",\"url\":\"https:\\\/\\\/blogdofarnesio.com.br\\\/wp-content\\\/uploads\\\/2025\\\/03\\\/FEIRA-DO-EMPREENDEDOR_-ARQUIVO-PMP-2-e1741433291454.jpeg\",\"contentUrl\":\"https:\\\/\\\/blogdofarnesio.com.br\\\/wp-content\\\/uploads\\\/2025\\\/03\\\/FEIRA-DO-EMPREENDEDOR_-ARQUIVO-PMP-2-e1741433291454.jpeg\",\"width\":600,\"height\":452},{\"@type\":\"BreadcrumbList\",\"@id\":\"https:\\\/\\\/blogdofarnesio.com.br\\\/2025\\\/12\\\/age-petrolina-abre-inscricoes-para-a-vila-do-empreendedor-na-1a-edicao-do-para-cima-juventude\\\/#breadcrumb\",\"itemListElement\":[{\"@type\":\"ListItem\",\"position\":1,\"name\":\"In\u00edcio\",\"item\":\"https:\\\/\\\/blogdofarnesio.com.br\\\/\"},{\"@type\":\"ListItem\",\"position\":2,\"name\":\"AGE Petrolina abre inscri\u00e7\u00f5es para a Vila do Empreendedor na 1\u00aa edi\u00e7\u00e3o do \u2018Para Cima, Juventude!\u2019\"}]},{\"@type\":\"WebSite\",\"@id\":\"https:\\\/\\\/blogdofarnesio.com.br\\\/#website\",\"url\":\"https:\\\/\\\/blogdofarnesio.com.br\\\/\",\"name\":\"Blog do Farn\u00e9sio\",\"description\":\"Quer Saber Pol\u00edtica?\",\"publisher\":{\"@id\":\"https:\\\/\\\/blogdofarnesio.com.br\\\/#organization\"},\"potentialAction\":[{\"@type\":\"SearchAction\",\"target\":{\"@type\":\"EntryPoint\",\"urlTemplate\":\"https:\\\/\\\/blogdofarnesio.com.br\\\/?s={search_term_string}\"},\"query-input\":{\"@type\":\"PropertyValueSpecification\",\"valueRequired\":true,\"valueName\":\"search_term_string\"}}],\"inLanguage\":\"pt-BR\"},{\"@type\":\"Organization\",\"@id\":\"https:\\\/\\\/blogdofarnesio.com.br\\\/#organization\",\"name\":\"Blog do Farn\u00e9sio\",\"url\":\"https:\\\/\\\/blogdofarnesio.com.br\\\/\",\"logo\":{\"@type\":\"ImageObject\",\"inLanguage\":\"pt-BR\",\"@id\":\"https:\\\/\\\/blogdofarnesio.com.br\\\/#\\\/schema\\\/logo\\\/image\\\/\",\"url\":\"https:\\\/\\\/blogdofarnesio.com.br\\\/wp-content\\\/uploads\\\/2026\\\/03\\\/cropped-logo_new-1.png\",\"contentUrl\":\"https:\\\/\\\/blogdofarnesio.com.br\\\/wp-content\\\/uploads\\\/2026\\\/03\\\/cropped-logo_new-1.png\",\"width\":881,\"height\":685,\"caption\":\"Blog do Farn\u00e9sio\"},\"image\":{\"@id\":\"https:\\\/\\\/blogdofarnesio.com.br\\\/#\\\/schema\\\/logo\\\/image\\\/\"},\"sameAs\":[\"https:\\\/\\\/www.facebook.com\\\/BlogQuerSaberPolitica\\\/\"]},{\"@type\":\"Person\",\"@id\":\"https:\\\/\\\/blogdofarnesio.com.br\\\/#\\\/schema\\\/person\\\/bb9b23ae3ad0609ce8df7b6c9e76824d\",\"name\":\"Farn\u00e9sio\",\"image\":{\"@type\":\"ImageObject\",\"inLanguage\":\"pt-BR\",\"@id\":\"https:\\\/\\\/secure.gravatar.com\\\/avatar\\\/986aa4c61ccdb66f8555bf88fc2a65609d00bcabd4d2d94377a727547345cbca?s=96&d=mm&r=g\",\"url\":\"https:\\\/\\\/secure.gravatar.com\\\/avatar\\\/986aa4c61ccdb66f8555bf88fc2a65609d00bcabd4d2d94377a727547345cbca?s=96&d=mm&r=g\",\"contentUrl\":\"https:\\\/\\\/secure.gravatar.com\\\/avatar\\\/986aa4c61ccdb66f8555bf88fc2a65609d00bcabd4d2d94377a727547345cbca?s=96&d=mm&r=g\",\"caption\":\"Farn\u00e9sio\"},\"description\":\"Radialista blogueiro, chegou a Petrolina\\\/Juazeiro em setembro de 1980, Farn\u00e9sio Silva \u00e9 de Arapiraca-Alagoas.\",\"sameAs\":[\"http:\\\/\\\/blogdofarnesio.com.br\",\"https:\\\/\\\/www.facebook.com\\\/?ref=tn_tnmn\",\"https:\\\/\\\/www.instagram.com\\\/?utm_source=pwa_homescreen\",\"https:\\\/\\\/youtube.com.br\\\/\"],\"url\":\"https:\\\/\\\/blogdofarnesio.com.br\\\/author\\\/farnesio-2\\\/\"}]}<\/script>\n<!-- \/ Yoast SEO plugin. -->","yoast_head_json":{"title":"AGE Petrolina abre inscri\u00e7\u00f5es para a Vila do Empreendedor na 1\u00aa edi\u00e7\u00e3o do \u2018Para Cima, Juventude!\u2019 - Blog do Farn\u00e9sio","robots":{"index":"index","follow":"follow","max-snippet":"max-snippet:-1","max-image-preview":"max-image-preview:large","max-video-preview":"max-video-preview:-1"},"canonical":"https:\/\/blogdofarnesio.com.br\/2025\/12\/age-petrolina-abre-inscricoes-para-a-vila-do-empreendedor-na-1a-edicao-do-para-cima-juventude\/","og_locale":"pt_BR","og_type":"article","og_title":"AGE Petrolina abre inscri\u00e7\u00f5es para a Vila do Empreendedor na 1\u00aa edi\u00e7\u00e3o do \u2018Para Cima, Juventude!\u2019 - Blog do Farn\u00e9sio","og_description":"A Ag\u00eancia Municipal de Empreendedorismo (AGE Petrolina) abriu as inscri\u00e7\u00f5es para mais uma edi\u00e7\u00e3o da Vila do Empreendedor que, desta vez, integrar\u00e1 a programa\u00e7\u00e3o do evento \u201cPra Cima, Juventude!\u201d, iniciativa in\u00e9dita da Prefeitura de Petrolina promovida pela Secretaria de Assist\u00eancia Social e Combate \u00e0 Fome. A a\u00e7\u00e3o acontecer\u00e1 no pr\u00f3ximo s\u00e1bado (6), no Parque do Povo Rafael Coelho, reunindo cultura, lazer, esportes, servi\u00e7os essenciais e oportunidades de gera\u00e7\u00e3o de renda. Ser\u00e3o disponibilizadas 20 vagas, com prioridade para empreendedores jovens, que poder\u00e3o expor e comercializar seus produtos dentro da Feira do Empreendedorismo Jovem. O objetivo \u00e9 fortalecer a economia familiar, incentivar a autonomia financeira e fomentar o empreendedorismo local, oferecendo aos participantes um ambiente de visibilidade, conex\u00e3o e aprendizado. As inscri\u00e7\u00f5es&hellip;","og_url":"https:\/\/blogdofarnesio.com.br\/2025\/12\/age-petrolina-abre-inscricoes-para-a-vila-do-empreendedor-na-1a-edicao-do-para-cima-juventude\/","og_site_name":"Blog do Farn\u00e9sio","article_publisher":"https:\/\/www.facebook.com\/BlogQuerSaberPolitica\/","article_author":"https:\/\/www.facebook.com\/?ref=tn_tnmn","article_published_time":"2025-12-02T19:23:27+00:00","og_image":[{"width":600,"height":452,"url":"https:\/\/blogdofarnesio.com.br\/wp-content\/uploads\/2025\/03\/FEIRA-DO-EMPREENDEDOR_-ARQUIVO-PMP-2-e1741433291454.jpeg","type":"image\/jpeg"}],"author":"Farn\u00e9sio","twitter_card":"summary_large_image","twitter_misc":{"Escrito por":"Farn\u00e9sio","Est. tempo de leitura":"2 minutos"},"schema":{"@context":"https:\/\/schema.org","@graph":[{"@type":"Article","@id":"https:\/\/blogdofarnesio.com.br\/2025\/12\/age-petrolina-abre-inscricoes-para-a-vila-do-empreendedor-na-1a-edicao-do-para-cima-juventude\/#article","isPartOf":{"@id":"https:\/\/blogdofarnesio.com.br\/2025\/12\/age-petrolina-abre-inscricoes-para-a-vila-do-empreendedor-na-1a-edicao-do-para-cima-juventude\/"},"author":{"name":"Farn\u00e9sio","@id":"https:\/\/blogdofarnesio.com.br\/#\/schema\/person\/bb9b23ae3ad0609ce8df7b6c9e76824d"},"headline":"AGE Petrolina abre inscri\u00e7\u00f5es para a Vila do Empreendedor na 1\u00aa edi\u00e7\u00e3o do \u2018Para Cima, Juventude!\u2019","datePublished":"2025-12-02T19:23:27+00:00","mainEntityOfPage":{"@id":"https:\/\/blogdofarnesio.com.br\/2025\/12\/age-petrolina-abre-inscricoes-para-a-vila-do-empreendedor-na-1a-edicao-do-para-cima-juventude\/"},"wordCount":278,"commentCount":0,"publisher":{"@id":"https:\/\/blogdofarnesio.com.br\/#organization"},"image":{"@id":"https:\/\/blogdofarnesio.com.br\/2025\/12\/age-petrolina-abre-inscricoes-para-a-vila-do-empreendedor-na-1a-edicao-do-para-cima-juventude\/#primaryimage"},"thumbnailUrl":"https:\/\/blogdofarnesio.com.br\/wp-content\/uploads\/2025\/03\/FEIRA-DO-EMPREENDEDOR_-ARQUIVO-PMP-2-e1741433291454.jpeg","articleSection":["Economia"],"inLanguage":"pt-BR","potentialAction":[{"@type":"CommentAction","name":"Comment","target":["https:\/\/blogdofarnesio.com.br\/2025\/12\/age-petrolina-abre-inscricoes-para-a-vila-do-empreendedor-na-1a-edicao-do-para-cima-juventude\/#respond"]}]},{"@type":"WebPage","@id":"https:\/\/blogdofarnesio.com.br\/2025\/12\/age-petrolina-abre-inscricoes-para-a-vila-do-empreendedor-na-1a-edicao-do-para-cima-juventude\/","url":"https:\/\/blogdofarnesio.com.br\/2025\/12\/age-petrolina-abre-inscricoes-para-a-vila-do-empreendedor-na-1a-edicao-do-para-cima-juventude\/","name":"AGE Petrolina abre inscri\u00e7\u00f5es para a Vila do Empreendedor na 1\u00aa edi\u00e7\u00e3o do \u2018Para Cima, Juventude!\u2019 - Blog do Farn\u00e9sio","isPartOf":{"@id":"https:\/\/blogdofarnesio.com.br\/#website"},"primaryImageOfPage":{"@id":"https:\/\/blogdofarnesio.com.br\/2025\/12\/age-petrolina-abre-inscricoes-para-a-vila-do-empreendedor-na-1a-edicao-do-para-cima-juventude\/#primaryimage"},"image":{"@id":"https:\/\/blogdofarnesio.com.br\/2025\/12\/age-petrolina-abre-inscricoes-para-a-vila-do-empreendedor-na-1a-edicao-do-para-cima-juventude\/#primaryimage"},"thumbnailUrl":"https:\/\/blogdofarnesio.com.br\/wp-content\/uploads\/2025\/03\/FEIRA-DO-EMPREENDEDOR_-ARQUIVO-PMP-2-e1741433291454.jpeg","datePublished":"2025-12-02T19:23:27+00:00","breadcrumb":{"@id":"https:\/\/blogdofarnesio.com.br\/2025\/12\/age-petrolina-abre-inscricoes-para-a-vila-do-empreendedor-na-1a-edicao-do-para-cima-juventude\/#breadcrumb"},"inLanguage":"pt-BR","potentialAction":[{"@type":"ReadAction","target":["https:\/\/blogdofarnesio.com.br\/2025\/12\/age-petrolina-abre-inscricoes-para-a-vila-do-empreendedor-na-1a-edicao-do-para-cima-juventude\/"]}]},{"@type":"ImageObject","inLanguage":"pt-BR","@id":"https:\/\/blogdofarnesio.com.br\/2025\/12\/age-petrolina-abre-inscricoes-para-a-vila-do-empreendedor-na-1a-edicao-do-para-cima-juventude\/#primaryimage","url":"https:\/\/blogdofarnesio.com.br\/wp-content\/uploads\/2025\/03\/FEIRA-DO-EMPREENDEDOR_-ARQUIVO-PMP-2-e1741433291454.jpeg","contentUrl":"https:\/\/blogdofarnesio.com.br\/wp-content\/uploads\/2025\/03\/FEIRA-DO-EMPREENDEDOR_-ARQUIVO-PMP-2-e1741433291454.jpeg","width":600,"height":452},{"@type":"BreadcrumbList","@id":"https:\/\/blogdofarnesio.com.br\/2025\/12\/age-petrolina-abre-inscricoes-para-a-vila-do-empreendedor-na-1a-edicao-do-para-cima-juventude\/#breadcrumb","itemListElement":[{"@type":"ListItem","position":1,"name":"In\u00edcio","item":"https:\/\/blogdofarnesio.com.br\/"},{"@type":"ListItem","position":2,"name":"AGE Petrolina abre inscri\u00e7\u00f5es para a Vila do Empreendedor na 1\u00aa edi\u00e7\u00e3o do \u2018Para Cima, Juventude!\u2019"}]},{"@type":"WebSite","@id":"https:\/\/blogdofarnesio.com.br\/#website","url":"https:\/\/blogdofarnesio.com.br\/","name":"Blog do Farn\u00e9sio","description":"Quer Saber Pol\u00edtica?","publisher":{"@id":"https:\/\/blogdofarnesio.com.br\/#organization"},"potentialAction":[{"@type":"SearchAction","target":{"@type":"EntryPoint","urlTemplate":"https:\/\/blogdofarnesio.com.br\/?s={search_term_string}"},"query-input":{"@type":"PropertyValueSpecification","valueRequired":true,"valueName":"search_term_string"}}],"inLanguage":"pt-BR"},{"@type":"Organization","@id":"https:\/\/blogdofarnesio.com.br\/#organization","name":"Blog do Farn\u00e9sio","url":"https:\/\/blogdofarnesio.com.br\/","logo":{"@type":"ImageObject","inLanguage":"pt-BR","@id":"https:\/\/blogdofarnesio.com.br\/#\/schema\/logo\/image\/","url":"https:\/\/blogdofarnesio.com.br\/wp-content\/uploads\/2026\/03\/cropped-logo_new-1.png","contentUrl":"https:\/\/blogdofarnesio.com.br\/wp-content\/uploads\/2026\/03\/cropped-logo_new-1.png","width":881,"height":685,"caption":"Blog do Farn\u00e9sio"},"image":{"@id":"https:\/\/blogdofarnesio.com.br\/#\/schema\/logo\/image\/"},"sameAs":["https:\/\/www.facebook.com\/BlogQuerSaberPolitica\/"]},{"@type":"Person","@id":"https:\/\/blogdofarnesio.com.br\/#\/schema\/person\/bb9b23ae3ad0609ce8df7b6c9e76824d","name":"Farn\u00e9sio","image":{"@type":"ImageObject","inLanguage":"pt-BR","@id":"https:\/\/secure.gravatar.com\/avatar\/986aa4c61ccdb66f8555bf88fc2a65609d00bcabd4d2d94377a727547345cbca?s=96&d=mm&r=g","url":"https:\/\/secure.gravatar.com\/avatar\/986aa4c61ccdb66f8555bf88fc2a65609d00bcabd4d2d94377a727547345cbca?s=96&d=mm&r=g","contentUrl":"https:\/\/secure.gravatar.com\/avatar\/986aa4c61ccdb66f8555bf88fc2a65609d00bcabd4d2d94377a727547345cbca?s=96&d=mm&r=g","caption":"Farn\u00e9sio"},"description":"Radialista blogueiro, chegou a Petrolina\/Juazeiro em setembro de 1980, Farn\u00e9sio Silva \u00e9 de Arapiraca-Alagoas.","sameAs":["http:\/\/blogdofarnesio.com.br","https:\/\/www.facebook.com\/?ref=tn_tnmn","https:\/\/www.instagram.com\/?utm_source=pwa_homescreen","https:\/\/youtube.com.br\/"],"url":"https:\/\/blogdofarnesio.com.br\/author\/farnesio-2\/"}]}},"_links":{"self":[{"href":"https:\/\/blogdofarnesio.com.br\/wp-json\/wp\/v2\/posts\/409527","targetHints":{"allow":["GET"]}}],"collection":[{"href":"https:\/\/blogdofarnesio.com.br\/wp-json\/wp\/v2\/posts"}],"about":[{"href":"https:\/\/blogdofarnesio.com.br\/wp-json\/wp\/v2\/types\/post"}],"author":[{"embeddable":true,"href":"https:\/\/blogdofarnesio.com.br\/wp-json\/wp\/v2\/users\/2"}],"replies":[{"embeddable":true,"href":"https:\/\/blogdofarnesio.com.br\/wp-json\/wp\/v2\/comments?post=409527"}],"version-history":[{"count":1,"href":"https:\/\/blogdofarnesio.com.br\/wp-json\/wp\/v2\/posts\/409527\/revisions"}],"predecessor-version":[{"id":409528,"href":"https:\/\/blogdofarnesio.com.br\/wp-json\/wp\/v2\/posts\/409527\/revisions\/409528"}],"wp:featuredmedia":[{"embeddable":true,"href":"https:\/\/blogdofarnesio.com.br\/wp-json\/wp\/v2\/media\/389220"}],"wp:attachment":[{"href":"https:\/\/blogdofarnesio.com.br\/wp-json\/wp\/v2\/media?parent=409527"}],"wp:term":[{"taxonomy":"category","embeddable":true,"href":"https:\/\/blogdofarnesio.com.br\/wp-json\/wp\/v2\/categories?post=409527"},{"taxonomy":"post_tag","embeddable":true,"href":"https:\/\/blogdofarnesio.com.br\/wp-json\/wp\/v2\/tags?post=409527"}],"curies":[{"name":"wp","href":"https:\/\/api.w.org\/{rel}","templated":true}]}}