{"id":408008,"date":"2025-11-12T09:43:01","date_gmt":"2025-11-12T12:43:01","guid":{"rendered":"https:\/\/blogdofarnesio.com.br\/?p=408008"},"modified":"2025-11-12T09:59:39","modified_gmt":"2025-11-12T12:59:39","slug":"pesquisadores-do-brasil-e-do-exterior-se-reunem-para-debater-avancos-em-plantas-medicinais-no-x-plamevasf","status":"publish","type":"post","link":"https:\/\/blogdofarnesio.com.br\/2025\/11\/pesquisadores-do-brasil-e-do-exterior-se-reunem-para-debater-avancos-em-plantas-medicinais-no-x-plamevasf\/","title":{"rendered":"Pesquisadores do Brasil e do exterior se re\u00fanem para debater avan\u00e7os em plantas medicinais no X Plamevasf"},"content":{"rendered":"<div class=\"newsLeftPane\">A partir desta quarta feira (12), a Universidade Federal do Vale do S\u00e3o Francisco (Univasf) realizar\u00e1 um dos mais importantes eventos cient\u00edficos do pa\u00eds sobre plantas medicinais. O X Simp\u00f3sio de Plantas Medicinais do Vale do S\u00e3o Francisco (Plamevasf) reunir\u00e1 pesquisadores do Brasil, Fran\u00e7a, Su\u00ed\u00e7a e Portugal para discutir temas ligados \u00e0 pesquisa, inova\u00e7\u00e3o e aplica\u00e7\u00f5es terap\u00eauticas de produtos naturais e fitoter\u00e1picos.<\/div>\n<div><\/div>\n<div class=\"newsLeftPane\">O encontro, que segue at\u00e9 s\u00e1bado(15), ser\u00e1 realizado no Complexo Multieventos do Campus Juazeiro. Promovido pelo N\u00facleo de Estudos e Pesquisas de Plantas Medicinais (Neplame), o evento ocorrer\u00e1 simultaneamente ao 5th France-Brazil Meeting on Natural Products, promovendo o interc\u00e2mbio cient\u00edfico entre institui\u00e7\u00f5es integrantes da Rede Franco-Brasileira de Produtos Naturais.<\/div>\n<div>\n<p>O simp\u00f3sio recebeu 468 inscri\u00e7\u00f5es e contar\u00e1 com a apresenta\u00e7\u00e3o de 307 trabalhos cient\u00edficos. A abertura oficial acontecer\u00e1 \u00e0s 18h desta quarta-feira, no Complexo Multieventos. \u00c0s 19h, ser\u00e1 realizada a Confer\u00eancia de Abertura, intitulada \u201cBeyond beauty: natural products for innovative dermocosmetics application\u201d, ministrada pelo professor Laurent Picot, da La Rochelle Universit\u00e9 (Fran\u00e7a).<\/p>\n<p>A programa\u00e7\u00e3o do X Plamevasf ser\u00e1 marcada por cursos, palestras e mesas tem\u00e1ticas que abordar\u00e3o desde o potencial econ\u00f4mico e terap\u00eautico das plantas medicinais at\u00e9 o uso de tecnologias inovadoras na pesquisa com produtos naturais.<\/p>\n<p>Ser\u00e3o apresentadas, por exemplo, palestras sobre o desenvolvimento de solu\u00e7\u00f5es sustent\u00e1veis para a agropecu\u00e1ria, o aproveitamento da quimiodiversidade do semi\u00e1rido como fonte de novos medicamentos e cosm\u00e9ticos naturais, al\u00e9m de estudos sobre \u00f3leos essenciais do Cerrado maranhense, atividade farmacol\u00f3gica de produtos naturais e avan\u00e7os cient\u00edficos em torno da pr\u00f3polis vermelha e de sua biodiversidade terap\u00eautica. As atividades se encerram no s\u00e1bado (15), com a cerim\u00f4nia de encerramento e entrega de premia\u00e7\u00f5es. A programa\u00e7\u00e3o completa est\u00e1 dispon\u00edvel no\u00a0<a class=\"external-link\" title=\"\" href=\"https:\/\/plamevasf.univasf.edu.br\/programacao\" target=\"_blank\" rel=\"noopener\">site<\/a>\u00a0do evento.<\/p>\n<p>Segundo o professor Jackson Guedes, do Colegiado de Farm\u00e1cia (CFarm), coordenador do evento e presidente eleito da Sociedade Brasileira de Plantas Medicinais (SBPM), esta ser\u00e1 uma edi\u00e7\u00e3o marcante.\u00a0\u201cEssa vai ser uma edi\u00e7\u00e3o hist\u00f3rica do Plamevasf. Primeiro porque se trata da d\u00e9cima edi\u00e7\u00e3o, o que mostra que o evento est\u00e1 consolidado, vem mantendo sua regularidade a cada dois anos e se fortalece como um evento internacional. Nesta edi\u00e7\u00e3o, vamos receber pesquisadores franceses, su\u00ed\u00e7os e portugueses, o que refor\u00e7a o car\u00e1ter global do simp\u00f3sio\u201d, destacou.<\/p>\n<\/div>\n","protected":false},"excerpt":{"rendered":"<p>A partir desta quarta feira (12), a Universidade Federal do Vale do S\u00e3o Francisco (Univasf) realizar\u00e1 um dos mais importantes eventos cient\u00edficos do pa\u00eds sobre plantas medicinais. O X Simp\u00f3sio de Plantas Medicinais do Vale do S\u00e3o Francisco (Plamevasf) reunir\u00e1 pesquisadores do Brasil, Fran\u00e7a, Su\u00ed\u00e7a e Portugal para discutir temas ligados \u00e0 pesquisa, inova\u00e7\u00e3o e aplica\u00e7\u00f5es terap\u00eauticas de produtos naturais e fitoter\u00e1picos. O encontro, que segue at\u00e9 s\u00e1bado(15), ser\u00e1 realizado no Complexo Multieventos do Campus Juazeiro. Promovido pelo N\u00facleo de Estudos e Pesquisas de Plantas Medicinais (Neplame), o evento ocorrer\u00e1 simultaneamente ao 5th France-Brazil Meeting on Natural Products, promovendo o interc\u00e2mbio cient\u00edfico entre institui\u00e7\u00f5es integrantes da Rede Franco-Brasileira de Produtos Naturais. O simp\u00f3sio recebeu 468 inscri\u00e7\u00f5es e contar\u00e1 com a&hellip; <\/p>\n","protected":false},"author":2,"featured_media":408009,"comment_status":"open","ping_status":"open","sticky":false,"template":"","format":"standard","meta":{"_acf_changed":false,"footnotes":""},"categories":[29],"tags":[],"class_list":["post-408008","post","type-post","status-publish","format-standard","has-post-thumbnail","hentry","category-meio-ambiente"],"acf":[],"yoast_head":"<!-- This site is optimized with the Yoast SEO plugin v27.5 - https:\/\/yoast.com\/product\/yoast-seo-wordpress\/ -->\n<title>Pesquisadores do Brasil e do exterior se re\u00fanem para debater avan\u00e7os em plantas medicinais no X Plamevasf - Blog do Farn\u00e9sio<\/title>\n<meta name=\"robots\" content=\"index, follow, max-snippet:-1, max-image-preview:large, max-video-preview:-1\" \/>\n<link rel=\"canonical\" href=\"https:\/\/blogdofarnesio.com.br\/2025\/11\/pesquisadores-do-brasil-e-do-exterior-se-reunem-para-debater-avancos-em-plantas-medicinais-no-x-plamevasf\/\" \/>\n<meta property=\"og:locale\" content=\"pt_BR\" \/>\n<meta property=\"og:type\" content=\"article\" \/>\n<meta property=\"og:title\" content=\"Pesquisadores do Brasil e do exterior se re\u00fanem para debater avan\u00e7os em plantas medicinais no X Plamevasf - Blog do Farn\u00e9sio\" \/>\n<meta property=\"og:description\" content=\"A partir desta quarta feira (12), a Universidade Federal do Vale do S\u00e3o Francisco (Univasf) realizar\u00e1 um dos mais importantes eventos cient\u00edficos do pa\u00eds sobre plantas medicinais. O X Simp\u00f3sio de Plantas Medicinais do Vale do S\u00e3o Francisco (Plamevasf) reunir\u00e1 pesquisadores do Brasil, Fran\u00e7a, Su\u00ed\u00e7a e Portugal para discutir temas ligados \u00e0 pesquisa, inova\u00e7\u00e3o e aplica\u00e7\u00f5es terap\u00eauticas de produtos naturais e fitoter\u00e1picos. O encontro, que segue at\u00e9 s\u00e1bado(15), ser\u00e1 realizado no Complexo Multieventos do Campus Juazeiro. Promovido pelo N\u00facleo de Estudos e Pesquisas de Plantas Medicinais (Neplame), o evento ocorrer\u00e1 simultaneamente ao 5th France-Brazil Meeting on Natural Products, promovendo o interc\u00e2mbio cient\u00edfico entre institui\u00e7\u00f5es integrantes da Rede Franco-Brasileira de Produtos Naturais. O simp\u00f3sio recebeu 468 inscri\u00e7\u00f5es e contar\u00e1 com a&hellip;\" \/>\n<meta property=\"og:url\" content=\"https:\/\/blogdofarnesio.com.br\/2025\/11\/pesquisadores-do-brasil-e-do-exterior-se-reunem-para-debater-avancos-em-plantas-medicinais-no-x-plamevasf\/\" \/>\n<meta property=\"og:site_name\" content=\"Blog do Farn\u00e9sio\" \/>\n<meta property=\"article:publisher\" content=\"https:\/\/www.facebook.com\/BlogQuerSaberPolitica\/\" \/>\n<meta property=\"article:author\" content=\"https:\/\/www.facebook.com\/?ref=tn_tnmn\" \/>\n<meta property=\"article:published_time\" content=\"2025-11-12T12:43:01+00:00\" \/>\n<meta property=\"article:modified_time\" content=\"2025-11-12T12:59:39+00:00\" \/>\n<meta property=\"og:image\" content=\"https:\/\/blogdofarnesio.com.br\/wp-content\/uploads\/2025\/11\/blogqspunivasf-x-simposio-plantas-medicinais.gif\" \/>\n\t<meta property=\"og:image:width\" content=\"472\" \/>\n\t<meta property=\"og:image:height\" content=\"384\" \/>\n\t<meta property=\"og:image:type\" content=\"image\/gif\" \/>\n<meta name=\"author\" content=\"Farn\u00e9sio\" \/>\n<meta name=\"twitter:card\" content=\"summary_large_image\" \/>\n<meta name=\"twitter:label1\" content=\"Escrito por\" \/>\n\t<meta name=\"twitter:data1\" content=\"Farn\u00e9sio\" \/>\n\t<meta name=\"twitter:label2\" content=\"Est. tempo de leitura\" \/>\n\t<meta name=\"twitter:data2\" content=\"3 minutos\" \/>\n<script type=\"application\/ld+json\" class=\"yoast-schema-graph\">{\"@context\":\"https:\\\/\\\/schema.org\",\"@graph\":[{\"@type\":\"Article\",\"@id\":\"https:\\\/\\\/blogdofarnesio.com.br\\\/2025\\\/11\\\/pesquisadores-do-brasil-e-do-exterior-se-reunem-para-debater-avancos-em-plantas-medicinais-no-x-plamevasf\\\/#article\",\"isPartOf\":{\"@id\":\"https:\\\/\\\/blogdofarnesio.com.br\\\/2025\\\/11\\\/pesquisadores-do-brasil-e-do-exterior-se-reunem-para-debater-avancos-em-plantas-medicinais-no-x-plamevasf\\\/\"},\"author\":{\"name\":\"Farn\u00e9sio\",\"@id\":\"https:\\\/\\\/blogdofarnesio.com.br\\\/#\\\/schema\\\/person\\\/bb9b23ae3ad0609ce8df7b6c9e76824d\"},\"headline\":\"Pesquisadores do Brasil e do exterior se re\u00fanem para debater avan\u00e7os em plantas medicinais no X Plamevasf\",\"datePublished\":\"2025-11-12T12:43:01+00:00\",\"dateModified\":\"2025-11-12T12:59:39+00:00\",\"mainEntityOfPage\":{\"@id\":\"https:\\\/\\\/blogdofarnesio.com.br\\\/2025\\\/11\\\/pesquisadores-do-brasil-e-do-exterior-se-reunem-para-debater-avancos-em-plantas-medicinais-no-x-plamevasf\\\/\"},\"wordCount\":431,\"commentCount\":0,\"publisher\":{\"@id\":\"https:\\\/\\\/blogdofarnesio.com.br\\\/#organization\"},\"image\":{\"@id\":\"https:\\\/\\\/blogdofarnesio.com.br\\\/2025\\\/11\\\/pesquisadores-do-brasil-e-do-exterior-se-reunem-para-debater-avancos-em-plantas-medicinais-no-x-plamevasf\\\/#primaryimage\"},\"thumbnailUrl\":\"https:\\\/\\\/blogdofarnesio.com.br\\\/wp-content\\\/uploads\\\/2025\\\/11\\\/blogqspunivasf-x-simposio-plantas-medicinais.gif\",\"articleSection\":[\"Meio Ambiente\"],\"inLanguage\":\"pt-BR\",\"potentialAction\":[{\"@type\":\"CommentAction\",\"name\":\"Comment\",\"target\":[\"https:\\\/\\\/blogdofarnesio.com.br\\\/2025\\\/11\\\/pesquisadores-do-brasil-e-do-exterior-se-reunem-para-debater-avancos-em-plantas-medicinais-no-x-plamevasf\\\/#respond\"]}]},{\"@type\":\"WebPage\",\"@id\":\"https:\\\/\\\/blogdofarnesio.com.br\\\/2025\\\/11\\\/pesquisadores-do-brasil-e-do-exterior-se-reunem-para-debater-avancos-em-plantas-medicinais-no-x-plamevasf\\\/\",\"url\":\"https:\\\/\\\/blogdofarnesio.com.br\\\/2025\\\/11\\\/pesquisadores-do-brasil-e-do-exterior-se-reunem-para-debater-avancos-em-plantas-medicinais-no-x-plamevasf\\\/\",\"name\":\"Pesquisadores do Brasil e do exterior se re\u00fanem para debater avan\u00e7os em plantas medicinais no X Plamevasf - Blog do Farn\u00e9sio\",\"isPartOf\":{\"@id\":\"https:\\\/\\\/blogdofarnesio.com.br\\\/#website\"},\"primaryImageOfPage\":{\"@id\":\"https:\\\/\\\/blogdofarnesio.com.br\\\/2025\\\/11\\\/pesquisadores-do-brasil-e-do-exterior-se-reunem-para-debater-avancos-em-plantas-medicinais-no-x-plamevasf\\\/#primaryimage\"},\"image\":{\"@id\":\"https:\\\/\\\/blogdofarnesio.com.br\\\/2025\\\/11\\\/pesquisadores-do-brasil-e-do-exterior-se-reunem-para-debater-avancos-em-plantas-medicinais-no-x-plamevasf\\\/#primaryimage\"},\"thumbnailUrl\":\"https:\\\/\\\/blogdofarnesio.com.br\\\/wp-content\\\/uploads\\\/2025\\\/11\\\/blogqspunivasf-x-simposio-plantas-medicinais.gif\",\"datePublished\":\"2025-11-12T12:43:01+00:00\",\"dateModified\":\"2025-11-12T12:59:39+00:00\",\"breadcrumb\":{\"@id\":\"https:\\\/\\\/blogdofarnesio.com.br\\\/2025\\\/11\\\/pesquisadores-do-brasil-e-do-exterior-se-reunem-para-debater-avancos-em-plantas-medicinais-no-x-plamevasf\\\/#breadcrumb\"},\"inLanguage\":\"pt-BR\",\"potentialAction\":[{\"@type\":\"ReadAction\",\"target\":[\"https:\\\/\\\/blogdofarnesio.com.br\\\/2025\\\/11\\\/pesquisadores-do-brasil-e-do-exterior-se-reunem-para-debater-avancos-em-plantas-medicinais-no-x-plamevasf\\\/\"]}]},{\"@type\":\"ImageObject\",\"inLanguage\":\"pt-BR\",\"@id\":\"https:\\\/\\\/blogdofarnesio.com.br\\\/2025\\\/11\\\/pesquisadores-do-brasil-e-do-exterior-se-reunem-para-debater-avancos-em-plantas-medicinais-no-x-plamevasf\\\/#primaryimage\",\"url\":\"https:\\\/\\\/blogdofarnesio.com.br\\\/wp-content\\\/uploads\\\/2025\\\/11\\\/blogqspunivasf-x-simposio-plantas-medicinais.gif\",\"contentUrl\":\"https:\\\/\\\/blogdofarnesio.com.br\\\/wp-content\\\/uploads\\\/2025\\\/11\\\/blogqspunivasf-x-simposio-plantas-medicinais.gif\",\"width\":472,\"height\":384},{\"@type\":\"BreadcrumbList\",\"@id\":\"https:\\\/\\\/blogdofarnesio.com.br\\\/2025\\\/11\\\/pesquisadores-do-brasil-e-do-exterior-se-reunem-para-debater-avancos-em-plantas-medicinais-no-x-plamevasf\\\/#breadcrumb\",\"itemListElement\":[{\"@type\":\"ListItem\",\"position\":1,\"name\":\"In\u00edcio\",\"item\":\"https:\\\/\\\/blogdofarnesio.com.br\\\/\"},{\"@type\":\"ListItem\",\"position\":2,\"name\":\"Pesquisadores do Brasil e do exterior se re\u00fanem para debater avan\u00e7os em plantas medicinais no X Plamevasf\"}]},{\"@type\":\"WebSite\",\"@id\":\"https:\\\/\\\/blogdofarnesio.com.br\\\/#website\",\"url\":\"https:\\\/\\\/blogdofarnesio.com.br\\\/\",\"name\":\"Blog do Farn\u00e9sio\",\"description\":\"Quer Saber Pol\u00edtica?\",\"publisher\":{\"@id\":\"https:\\\/\\\/blogdofarnesio.com.br\\\/#organization\"},\"potentialAction\":[{\"@type\":\"SearchAction\",\"target\":{\"@type\":\"EntryPoint\",\"urlTemplate\":\"https:\\\/\\\/blogdofarnesio.com.br\\\/?s={search_term_string}\"},\"query-input\":{\"@type\":\"PropertyValueSpecification\",\"valueRequired\":true,\"valueName\":\"search_term_string\"}}],\"inLanguage\":\"pt-BR\"},{\"@type\":\"Organization\",\"@id\":\"https:\\\/\\\/blogdofarnesio.com.br\\\/#organization\",\"name\":\"Blog do Farn\u00e9sio\",\"url\":\"https:\\\/\\\/blogdofarnesio.com.br\\\/\",\"logo\":{\"@type\":\"ImageObject\",\"inLanguage\":\"pt-BR\",\"@id\":\"https:\\\/\\\/blogdofarnesio.com.br\\\/#\\\/schema\\\/logo\\\/image\\\/\",\"url\":\"https:\\\/\\\/blogdofarnesio.com.br\\\/wp-content\\\/uploads\\\/2026\\\/03\\\/cropped-logo_new-1.png\",\"contentUrl\":\"https:\\\/\\\/blogdofarnesio.com.br\\\/wp-content\\\/uploads\\\/2026\\\/03\\\/cropped-logo_new-1.png\",\"width\":881,\"height\":685,\"caption\":\"Blog do Farn\u00e9sio\"},\"image\":{\"@id\":\"https:\\\/\\\/blogdofarnesio.com.br\\\/#\\\/schema\\\/logo\\\/image\\\/\"},\"sameAs\":[\"https:\\\/\\\/www.facebook.com\\\/BlogQuerSaberPolitica\\\/\"]},{\"@type\":\"Person\",\"@id\":\"https:\\\/\\\/blogdofarnesio.com.br\\\/#\\\/schema\\\/person\\\/bb9b23ae3ad0609ce8df7b6c9e76824d\",\"name\":\"Farn\u00e9sio\",\"image\":{\"@type\":\"ImageObject\",\"inLanguage\":\"pt-BR\",\"@id\":\"https:\\\/\\\/secure.gravatar.com\\\/avatar\\\/986aa4c61ccdb66f8555bf88fc2a65609d00bcabd4d2d94377a727547345cbca?s=96&d=mm&r=g\",\"url\":\"https:\\\/\\\/secure.gravatar.com\\\/avatar\\\/986aa4c61ccdb66f8555bf88fc2a65609d00bcabd4d2d94377a727547345cbca?s=96&d=mm&r=g\",\"contentUrl\":\"https:\\\/\\\/secure.gravatar.com\\\/avatar\\\/986aa4c61ccdb66f8555bf88fc2a65609d00bcabd4d2d94377a727547345cbca?s=96&d=mm&r=g\",\"caption\":\"Farn\u00e9sio\"},\"description\":\"Radialista blogueiro, chegou a Petrolina\\\/Juazeiro em setembro de 1980, Farn\u00e9sio Silva \u00e9 de Arapiraca-Alagoas.\",\"sameAs\":[\"http:\\\/\\\/blogdofarnesio.com.br\",\"https:\\\/\\\/www.facebook.com\\\/?ref=tn_tnmn\",\"https:\\\/\\\/www.instagram.com\\\/?utm_source=pwa_homescreen\",\"https:\\\/\\\/youtube.com.br\\\/\"],\"url\":\"https:\\\/\\\/blogdofarnesio.com.br\\\/author\\\/farnesio-2\\\/\"}]}<\/script>\n<!-- \/ Yoast SEO plugin. -->","yoast_head_json":{"title":"Pesquisadores do Brasil e do exterior se re\u00fanem para debater avan\u00e7os em plantas medicinais no X Plamevasf - Blog do Farn\u00e9sio","robots":{"index":"index","follow":"follow","max-snippet":"max-snippet:-1","max-image-preview":"max-image-preview:large","max-video-preview":"max-video-preview:-1"},"canonical":"https:\/\/blogdofarnesio.com.br\/2025\/11\/pesquisadores-do-brasil-e-do-exterior-se-reunem-para-debater-avancos-em-plantas-medicinais-no-x-plamevasf\/","og_locale":"pt_BR","og_type":"article","og_title":"Pesquisadores do Brasil e do exterior se re\u00fanem para debater avan\u00e7os em plantas medicinais no X Plamevasf - Blog do Farn\u00e9sio","og_description":"A partir desta quarta feira (12), a Universidade Federal do Vale do S\u00e3o Francisco (Univasf) realizar\u00e1 um dos mais importantes eventos cient\u00edficos do pa\u00eds sobre plantas medicinais. O X Simp\u00f3sio de Plantas Medicinais do Vale do S\u00e3o Francisco (Plamevasf) reunir\u00e1 pesquisadores do Brasil, Fran\u00e7a, Su\u00ed\u00e7a e Portugal para discutir temas ligados \u00e0 pesquisa, inova\u00e7\u00e3o e aplica\u00e7\u00f5es terap\u00eauticas de produtos naturais e fitoter\u00e1picos. O encontro, que segue at\u00e9 s\u00e1bado(15), ser\u00e1 realizado no Complexo Multieventos do Campus Juazeiro. Promovido pelo N\u00facleo de Estudos e Pesquisas de Plantas Medicinais (Neplame), o evento ocorrer\u00e1 simultaneamente ao 5th France-Brazil Meeting on Natural Products, promovendo o interc\u00e2mbio cient\u00edfico entre institui\u00e7\u00f5es integrantes da Rede Franco-Brasileira de Produtos Naturais. O simp\u00f3sio recebeu 468 inscri\u00e7\u00f5es e contar\u00e1 com a&hellip;","og_url":"https:\/\/blogdofarnesio.com.br\/2025\/11\/pesquisadores-do-brasil-e-do-exterior-se-reunem-para-debater-avancos-em-plantas-medicinais-no-x-plamevasf\/","og_site_name":"Blog do Farn\u00e9sio","article_publisher":"https:\/\/www.facebook.com\/BlogQuerSaberPolitica\/","article_author":"https:\/\/www.facebook.com\/?ref=tn_tnmn","article_published_time":"2025-11-12T12:43:01+00:00","article_modified_time":"2025-11-12T12:59:39+00:00","og_image":[{"width":472,"height":384,"url":"https:\/\/blogdofarnesio.com.br\/wp-content\/uploads\/2025\/11\/blogqspunivasf-x-simposio-plantas-medicinais.gif","type":"image\/gif"}],"author":"Farn\u00e9sio","twitter_card":"summary_large_image","twitter_misc":{"Escrito por":"Farn\u00e9sio","Est. tempo de leitura":"3 minutos"},"schema":{"@context":"https:\/\/schema.org","@graph":[{"@type":"Article","@id":"https:\/\/blogdofarnesio.com.br\/2025\/11\/pesquisadores-do-brasil-e-do-exterior-se-reunem-para-debater-avancos-em-plantas-medicinais-no-x-plamevasf\/#article","isPartOf":{"@id":"https:\/\/blogdofarnesio.com.br\/2025\/11\/pesquisadores-do-brasil-e-do-exterior-se-reunem-para-debater-avancos-em-plantas-medicinais-no-x-plamevasf\/"},"author":{"name":"Farn\u00e9sio","@id":"https:\/\/blogdofarnesio.com.br\/#\/schema\/person\/bb9b23ae3ad0609ce8df7b6c9e76824d"},"headline":"Pesquisadores do Brasil e do exterior se re\u00fanem para debater avan\u00e7os em plantas medicinais no X Plamevasf","datePublished":"2025-11-12T12:43:01+00:00","dateModified":"2025-11-12T12:59:39+00:00","mainEntityOfPage":{"@id":"https:\/\/blogdofarnesio.com.br\/2025\/11\/pesquisadores-do-brasil-e-do-exterior-se-reunem-para-debater-avancos-em-plantas-medicinais-no-x-plamevasf\/"},"wordCount":431,"commentCount":0,"publisher":{"@id":"https:\/\/blogdofarnesio.com.br\/#organization"},"image":{"@id":"https:\/\/blogdofarnesio.com.br\/2025\/11\/pesquisadores-do-brasil-e-do-exterior-se-reunem-para-debater-avancos-em-plantas-medicinais-no-x-plamevasf\/#primaryimage"},"thumbnailUrl":"https:\/\/blogdofarnesio.com.br\/wp-content\/uploads\/2025\/11\/blogqspunivasf-x-simposio-plantas-medicinais.gif","articleSection":["Meio Ambiente"],"inLanguage":"pt-BR","potentialAction":[{"@type":"CommentAction","name":"Comment","target":["https:\/\/blogdofarnesio.com.br\/2025\/11\/pesquisadores-do-brasil-e-do-exterior-se-reunem-para-debater-avancos-em-plantas-medicinais-no-x-plamevasf\/#respond"]}]},{"@type":"WebPage","@id":"https:\/\/blogdofarnesio.com.br\/2025\/11\/pesquisadores-do-brasil-e-do-exterior-se-reunem-para-debater-avancos-em-plantas-medicinais-no-x-plamevasf\/","url":"https:\/\/blogdofarnesio.com.br\/2025\/11\/pesquisadores-do-brasil-e-do-exterior-se-reunem-para-debater-avancos-em-plantas-medicinais-no-x-plamevasf\/","name":"Pesquisadores do Brasil e do exterior se re\u00fanem para debater avan\u00e7os em plantas medicinais no X Plamevasf - Blog do Farn\u00e9sio","isPartOf":{"@id":"https:\/\/blogdofarnesio.com.br\/#website"},"primaryImageOfPage":{"@id":"https:\/\/blogdofarnesio.com.br\/2025\/11\/pesquisadores-do-brasil-e-do-exterior-se-reunem-para-debater-avancos-em-plantas-medicinais-no-x-plamevasf\/#primaryimage"},"image":{"@id":"https:\/\/blogdofarnesio.com.br\/2025\/11\/pesquisadores-do-brasil-e-do-exterior-se-reunem-para-debater-avancos-em-plantas-medicinais-no-x-plamevasf\/#primaryimage"},"thumbnailUrl":"https:\/\/blogdofarnesio.com.br\/wp-content\/uploads\/2025\/11\/blogqspunivasf-x-simposio-plantas-medicinais.gif","datePublished":"2025-11-12T12:43:01+00:00","dateModified":"2025-11-12T12:59:39+00:00","breadcrumb":{"@id":"https:\/\/blogdofarnesio.com.br\/2025\/11\/pesquisadores-do-brasil-e-do-exterior-se-reunem-para-debater-avancos-em-plantas-medicinais-no-x-plamevasf\/#breadcrumb"},"inLanguage":"pt-BR","potentialAction":[{"@type":"ReadAction","target":["https:\/\/blogdofarnesio.com.br\/2025\/11\/pesquisadores-do-brasil-e-do-exterior-se-reunem-para-debater-avancos-em-plantas-medicinais-no-x-plamevasf\/"]}]},{"@type":"ImageObject","inLanguage":"pt-BR","@id":"https:\/\/blogdofarnesio.com.br\/2025\/11\/pesquisadores-do-brasil-e-do-exterior-se-reunem-para-debater-avancos-em-plantas-medicinais-no-x-plamevasf\/#primaryimage","url":"https:\/\/blogdofarnesio.com.br\/wp-content\/uploads\/2025\/11\/blogqspunivasf-x-simposio-plantas-medicinais.gif","contentUrl":"https:\/\/blogdofarnesio.com.br\/wp-content\/uploads\/2025\/11\/blogqspunivasf-x-simposio-plantas-medicinais.gif","width":472,"height":384},{"@type":"BreadcrumbList","@id":"https:\/\/blogdofarnesio.com.br\/2025\/11\/pesquisadores-do-brasil-e-do-exterior-se-reunem-para-debater-avancos-em-plantas-medicinais-no-x-plamevasf\/#breadcrumb","itemListElement":[{"@type":"ListItem","position":1,"name":"In\u00edcio","item":"https:\/\/blogdofarnesio.com.br\/"},{"@type":"ListItem","position":2,"name":"Pesquisadores do Brasil e do exterior se re\u00fanem para debater avan\u00e7os em plantas medicinais no X Plamevasf"}]},{"@type":"WebSite","@id":"https:\/\/blogdofarnesio.com.br\/#website","url":"https:\/\/blogdofarnesio.com.br\/","name":"Blog do Farn\u00e9sio","description":"Quer Saber Pol\u00edtica?","publisher":{"@id":"https:\/\/blogdofarnesio.com.br\/#organization"},"potentialAction":[{"@type":"SearchAction","target":{"@type":"EntryPoint","urlTemplate":"https:\/\/blogdofarnesio.com.br\/?s={search_term_string}"},"query-input":{"@type":"PropertyValueSpecification","valueRequired":true,"valueName":"search_term_string"}}],"inLanguage":"pt-BR"},{"@type":"Organization","@id":"https:\/\/blogdofarnesio.com.br\/#organization","name":"Blog do Farn\u00e9sio","url":"https:\/\/blogdofarnesio.com.br\/","logo":{"@type":"ImageObject","inLanguage":"pt-BR","@id":"https:\/\/blogdofarnesio.com.br\/#\/schema\/logo\/image\/","url":"https:\/\/blogdofarnesio.com.br\/wp-content\/uploads\/2026\/03\/cropped-logo_new-1.png","contentUrl":"https:\/\/blogdofarnesio.com.br\/wp-content\/uploads\/2026\/03\/cropped-logo_new-1.png","width":881,"height":685,"caption":"Blog do Farn\u00e9sio"},"image":{"@id":"https:\/\/blogdofarnesio.com.br\/#\/schema\/logo\/image\/"},"sameAs":["https:\/\/www.facebook.com\/BlogQuerSaberPolitica\/"]},{"@type":"Person","@id":"https:\/\/blogdofarnesio.com.br\/#\/schema\/person\/bb9b23ae3ad0609ce8df7b6c9e76824d","name":"Farn\u00e9sio","image":{"@type":"ImageObject","inLanguage":"pt-BR","@id":"https:\/\/secure.gravatar.com\/avatar\/986aa4c61ccdb66f8555bf88fc2a65609d00bcabd4d2d94377a727547345cbca?s=96&d=mm&r=g","url":"https:\/\/secure.gravatar.com\/avatar\/986aa4c61ccdb66f8555bf88fc2a65609d00bcabd4d2d94377a727547345cbca?s=96&d=mm&r=g","contentUrl":"https:\/\/secure.gravatar.com\/avatar\/986aa4c61ccdb66f8555bf88fc2a65609d00bcabd4d2d94377a727547345cbca?s=96&d=mm&r=g","caption":"Farn\u00e9sio"},"description":"Radialista blogueiro, chegou a Petrolina\/Juazeiro em setembro de 1980, Farn\u00e9sio Silva \u00e9 de Arapiraca-Alagoas.","sameAs":["http:\/\/blogdofarnesio.com.br","https:\/\/www.facebook.com\/?ref=tn_tnmn","https:\/\/www.instagram.com\/?utm_source=pwa_homescreen","https:\/\/youtube.com.br\/"],"url":"https:\/\/blogdofarnesio.com.br\/author\/farnesio-2\/"}]}},"_links":{"self":[{"href":"https:\/\/blogdofarnesio.com.br\/wp-json\/wp\/v2\/posts\/408008","targetHints":{"allow":["GET"]}}],"collection":[{"href":"https:\/\/blogdofarnesio.com.br\/wp-json\/wp\/v2\/posts"}],"about":[{"href":"https:\/\/blogdofarnesio.com.br\/wp-json\/wp\/v2\/types\/post"}],"author":[{"embeddable":true,"href":"https:\/\/blogdofarnesio.com.br\/wp-json\/wp\/v2\/users\/2"}],"replies":[{"embeddable":true,"href":"https:\/\/blogdofarnesio.com.br\/wp-json\/wp\/v2\/comments?post=408008"}],"version-history":[{"count":1,"href":"https:\/\/blogdofarnesio.com.br\/wp-json\/wp\/v2\/posts\/408008\/revisions"}],"predecessor-version":[{"id":408010,"href":"https:\/\/blogdofarnesio.com.br\/wp-json\/wp\/v2\/posts\/408008\/revisions\/408010"}],"wp:featuredmedia":[{"embeddable":true,"href":"https:\/\/blogdofarnesio.com.br\/wp-json\/wp\/v2\/media\/408009"}],"wp:attachment":[{"href":"https:\/\/blogdofarnesio.com.br\/wp-json\/wp\/v2\/media?parent=408008"}],"wp:term":[{"taxonomy":"category","embeddable":true,"href":"https:\/\/blogdofarnesio.com.br\/wp-json\/wp\/v2\/categories?post=408008"},{"taxonomy":"post_tag","embeddable":true,"href":"https:\/\/blogdofarnesio.com.br\/wp-json\/wp\/v2\/tags?post=408008"}],"curies":[{"name":"wp","href":"https:\/\/api.w.org\/{rel}","templated":true}]}}