{"id":407977,"date":"2025-11-12T09:01:30","date_gmt":"2025-11-12T12:01:30","guid":{"rendered":"https:\/\/blogdofarnesio.com.br\/?p=407977"},"modified":"2025-11-12T09:01:54","modified_gmt":"2025-11-12T12:01:54","slug":"juazeiro-divulga-programacao-do-novembro-negro-2025-com-acoes-de-valorizacao-da-cultura-negra-justica-racial-e-igualdade","status":"publish","type":"post","link":"https:\/\/blogdofarnesio.com.br\/2025\/11\/juazeiro-divulga-programacao-do-novembro-negro-2025-com-acoes-de-valorizacao-da-cultura-negra-justica-racial-e-igualdade\/","title":{"rendered":"Juazeiro divulga programa\u00e7\u00e3o do Novembro Negro 2025 com a\u00e7\u00f5es a partir de hoje, de valoriza\u00e7\u00e3o da cultura negra, justi\u00e7a racial e igualdade"},"content":{"rendered":"<p style=\"font-weight: 400;\">A Prefeitura de Juazeiro, por meio da Secretaria de Desenvolvimento Social, Diversidade, Igualdade Racial e Combate \u00e0 Fome\/SEDES, realiza ao longo deste m\u00eas a Campanha Novembro Negro 2025, com o tema \u201cIgualdade e Democracia: Repara\u00e7\u00e3o e Justi\u00e7a Racial\u201d.<\/p>\n<p style=\"font-weight: 400;\">A iniciativa, que integra tamb\u00e9m parcerias com as Secretarias de Mulher e Juventude\/SMJ, Educa\u00e7\u00e3o\/SEDUC e Sa\u00fade\/SESAU, al\u00e9m do governo da Bahia, por meio da Secretaria de Promo\u00e7\u00e3o da Igualdade Racial e dos Povos e Comunidades Tradicionais\/SEPROMI contar\u00e1 com uma ampla programa\u00e7\u00e3o de palestras, mutir\u00f5es de servi\u00e7os, atividades culturais e rodas de di\u00e1logo voltadas \u00e0 promo\u00e7\u00e3o da igualdade racial, \u00e0 valoriza\u00e7\u00e3o da cultura afro-brasileira e ao enfrentamento de todas as formas de discrimina\u00e7\u00e3o.<\/p>\n<p style=\"font-weight: 400;\"><strong>Programa\u00e7\u00e3o completa do Novembro Negro 2025<\/strong><\/p>\n<p style=\"font-weight: 400;\">&#8211; 12\/11 (quarta-feira)<\/p>\n<p style=\"font-weight: 400;\">Tardezinha com os Povos de Terreiro<\/p>\n<p style=\"font-weight: 400;\">Local: Gabinete da SEDES | Hor\u00e1rio: 15h<\/p>\n<p style=\"font-weight: 400;\">Encontro com lideran\u00e7as religiosas afro-brasileiras e entrega de homenagens \u00e0s ialorix\u00e1s.<\/p>\n<p style=\"font-weight: 400;\">&#8211; 12\/11 (quarta-feira)<\/p>\n<p style=\"font-weight: 400;\">Palestra educativa sobre enfrentamento ao racismo<\/p>\n<p style=\"font-weight: 400;\">Local: CRAS Itaberaba | Hor\u00e1rio: 14h<\/p>\n<p style=\"font-weight: 400;\">&#8211; 13\/11 (quinta-feira)<\/p>\n<p style=\"font-weight: 400;\">Palestra educativa sobre enfrentamento ao racismo<\/p>\n<p style=\"font-weight: 400;\">Local: CRAS Jo\u00e3o Paulo II | Hor\u00e1rio: 10h<\/p>\n<p style=\"font-weight: 400;\">&#8211; 14\/11 (sexta-feira)<\/p>\n<p style=\"font-weight: 400;\">Lan\u00e7amento do Curso de Capoeira<\/p>\n<p style=\"font-weight: 400;\">Local: CRAS Quid\u00e9 | Hor\u00e1rio: 15h \u00e0s 17h<\/p>\n<p style=\"font-weight: 400;\">Atividade em parceria com a Superintend\u00eancia de Pol\u00edticas Inclusivas (SEDUC), com apresenta\u00e7\u00f5es culturais e inscri\u00e7\u00f5es abertas ao p\u00fablico.<\/p>\n<p style=\"font-weight: 400;\">&#8211; 18\/11 (ter\u00e7a-feira)<\/p>\n<p style=\"font-weight: 400;\">Palestra educativa sobre enfrentamento ao racismo<\/p>\n<p style=\"font-weight: 400;\">Local: CRAS Quid\u00e9 | Hor\u00e1rio: 14h<\/p>\n<p style=\"font-weight: 400;\">&#8211; 21\/11 (sexta-feira)<\/p>\n<p style=\"font-weight: 400;\">Palestra educativa sobre enfrentamento ao racismo<\/p>\n<p style=\"font-weight: 400;\">Local: CRAS Tabuleiro | Hor\u00e1rio: 13h<\/p>\n<p style=\"font-weight: 400;\">&#8211; 21 a 23\/11 (sexta a domingo)<\/p>\n<p style=\"font-weight: 400;\">1\u00ba Bahiafro \u2013 Evento de Capoeira \u201cSementes da Esperan\u00e7a\u201d<\/p>\n<p style=\"font-weight: 400;\">Local: Col\u00e9gio Professor Paulo Jos\u00e9 | Hor\u00e1rios:\u00a021\/11 \u2013 19h \u00e0s 19h30 | 22\/11 \u2013 8h \u00e0s 19h | 23\/11 \u2013 8h \u00e0s 10h<\/p>\n<p style=\"font-weight: 400;\">Atividades de musicalidade, rodas, apresenta\u00e7\u00f5es culturais e batizado de capoeiristas.<\/p>\n<p style=\"font-weight: 400;\">&#8211; 25\/11 (ter\u00e7a-feira)<\/p>\n<p style=\"font-weight: 400;\">Palestra sobre racismo institucional e estrat\u00e9gias de enfrentamento<\/p>\n<p style=\"font-weight: 400;\">Local: Centro de Cultura Jo\u00e3o Gilberto | Hor\u00e1rio: 9h<\/p>\n<p style=\"font-weight: 400;\">Voltada a servidores p\u00fablicos e sociedade civil, com apresenta\u00e7\u00e3o art\u00edstica do grupo da Pol\u00edcia Militar.<\/p>\n<p style=\"font-weight: 400;\">&#8211; 25\/11 (ter\u00e7a-feira)<\/p>\n<p style=\"font-weight: 400;\">Palestra sobre racismo contra pessoas em situa\u00e7\u00e3o de rua<\/p>\n<p style=\"font-weight: 400;\">Local: Centro Pop | Hor\u00e1rio: 10h \u00e0s 12h<\/p>\n<p style=\"font-weight: 400;\">&#8211; 27\/11 (quinta-feira)<\/p>\n<p style=\"font-weight: 400;\">Oficina e cadastramento do CREDIAFRO<\/p>\n<p style=\"font-weight: 400;\">Local: Centro de Cultura Jo\u00e3o Gilberto | Hor\u00e1rio: 8h \u00e0s 17h<\/p>\n<p style=\"font-weight: 400;\">Oficina de facilita\u00e7\u00e3o e cadastramento de empreendedores(as) negros(as) interessados(as) em acessar cr\u00e9dito de R$ 3 mil a R$ 50 mil para fortalecimento de neg\u00f3cios.<\/p>\n<p style=\"font-weight: 400;\">&#8211; 28\/11 (sexta-feira)<\/p>\n<p style=\"font-weight: 400;\">Palestra educativa sobre enfrentamento ao racismo<\/p>\n<p style=\"font-weight: 400;\">Local: CREAS | Hor\u00e1rio: 10h<\/p>\n<p style=\"font-weight: 400;\">&#8211; 29\/11 (s\u00e1bado)<\/p>\n<p style=\"font-weight: 400;\">Mutir\u00e3o de servi\u00e7os nas comunidades quilombolas<\/p>\n<p style=\"font-weight: 400;\">Local: Comunidade Quilombola do Alagadi\u00e7o | Hor\u00e1rio: 8h \u00e0s 12h<\/p>\n<p style=\"font-weight: 400;\">Atendimentos socioassistenciais, servi\u00e7os de sa\u00fade, palestras e orienta\u00e7\u00f5es jur\u00eddicas em parceria com a UNEB e a SEPROMI.<\/p>\n<p style=\"font-weight: 400;\"><strong>______<\/strong><\/p>\n<p style=\"font-weight: 400;\"><strong>Texto: Diana Silva\/Ascom PMJ<\/strong><\/p>\n","protected":false},"excerpt":{"rendered":"<p>A Prefeitura de Juazeiro, por meio da Secretaria de Desenvolvimento Social, Diversidade, Igualdade Racial e Combate \u00e0 Fome\/SEDES, realiza ao longo deste m\u00eas a Campanha Novembro Negro 2025, com o tema \u201cIgualdade e Democracia: Repara\u00e7\u00e3o e Justi\u00e7a Racial\u201d. A iniciativa, que integra tamb\u00e9m parcerias com as Secretarias de Mulher e Juventude\/SMJ, Educa\u00e7\u00e3o\/SEDUC e Sa\u00fade\/SESAU, al\u00e9m do governo da Bahia, por meio da Secretaria de Promo\u00e7\u00e3o da Igualdade Racial e dos Povos e Comunidades Tradicionais\/SEPROMI contar\u00e1 com uma ampla programa\u00e7\u00e3o de palestras, mutir\u00f5es de servi\u00e7os, atividades culturais e rodas de di\u00e1logo voltadas \u00e0 promo\u00e7\u00e3o da igualdade racial, \u00e0 valoriza\u00e7\u00e3o da cultura afro-brasileira e ao enfrentamento de todas as formas de discrimina\u00e7\u00e3o. Programa\u00e7\u00e3o completa do Novembro Negro 2025 &#8211; 12\/11 (quarta-feira) Tardezinha&hellip; <\/p>\n","protected":false},"author":2,"featured_media":407978,"comment_status":"open","ping_status":"open","sticky":false,"template":"","format":"standard","meta":{"_acf_changed":false,"footnotes":""},"categories":[32],"tags":[],"class_list":["post-407977","post","type-post","status-publish","format-standard","has-post-thumbnail","hentry","category-costumes"],"acf":[],"yoast_head":"<!-- This site is optimized with the Yoast SEO plugin v27.5 - https:\/\/yoast.com\/product\/yoast-seo-wordpress\/ -->\n<title>Juazeiro divulga programa\u00e7\u00e3o do Novembro Negro 2025 com a\u00e7\u00f5es a partir de hoje, de valoriza\u00e7\u00e3o da cultura negra, justi\u00e7a racial e igualdade - Blog do Farn\u00e9sio<\/title>\n<meta name=\"robots\" content=\"index, follow, max-snippet:-1, max-image-preview:large, max-video-preview:-1\" \/>\n<link rel=\"canonical\" href=\"https:\/\/blogdofarnesio.com.br\/2025\/11\/juazeiro-divulga-programacao-do-novembro-negro-2025-com-acoes-de-valorizacao-da-cultura-negra-justica-racial-e-igualdade\/\" \/>\n<meta property=\"og:locale\" content=\"pt_BR\" \/>\n<meta property=\"og:type\" content=\"article\" \/>\n<meta property=\"og:title\" content=\"Juazeiro divulga programa\u00e7\u00e3o do Novembro Negro 2025 com a\u00e7\u00f5es a partir de hoje, de valoriza\u00e7\u00e3o da cultura negra, justi\u00e7a racial e igualdade - Blog do Farn\u00e9sio\" \/>\n<meta property=\"og:description\" content=\"A Prefeitura de Juazeiro, por meio da Secretaria de Desenvolvimento Social, Diversidade, Igualdade Racial e Combate \u00e0 Fome\/SEDES, realiza ao longo deste m\u00eas a Campanha Novembro Negro 2025, com o tema \u201cIgualdade e Democracia: Repara\u00e7\u00e3o e Justi\u00e7a Racial\u201d. A iniciativa, que integra tamb\u00e9m parcerias com as Secretarias de Mulher e Juventude\/SMJ, Educa\u00e7\u00e3o\/SEDUC e Sa\u00fade\/SESAU, al\u00e9m do governo da Bahia, por meio da Secretaria de Promo\u00e7\u00e3o da Igualdade Racial e dos Povos e Comunidades Tradicionais\/SEPROMI contar\u00e1 com uma ampla programa\u00e7\u00e3o de palestras, mutir\u00f5es de servi\u00e7os, atividades culturais e rodas de di\u00e1logo voltadas \u00e0 promo\u00e7\u00e3o da igualdade racial, \u00e0 valoriza\u00e7\u00e3o da cultura afro-brasileira e ao enfrentamento de todas as formas de discrimina\u00e7\u00e3o. Programa\u00e7\u00e3o completa do Novembro Negro 2025 &#8211; 12\/11 (quarta-feira) Tardezinha&hellip;\" \/>\n<meta property=\"og:url\" content=\"https:\/\/blogdofarnesio.com.br\/2025\/11\/juazeiro-divulga-programacao-do-novembro-negro-2025-com-acoes-de-valorizacao-da-cultura-negra-justica-racial-e-igualdade\/\" \/>\n<meta property=\"og:site_name\" content=\"Blog do Farn\u00e9sio\" \/>\n<meta property=\"article:publisher\" content=\"https:\/\/www.facebook.com\/BlogQuerSaberPolitica\/\" \/>\n<meta property=\"article:author\" content=\"https:\/\/www.facebook.com\/?ref=tn_tnmn\" \/>\n<meta property=\"article:published_time\" content=\"2025-11-12T12:01:30+00:00\" \/>\n<meta property=\"article:modified_time\" content=\"2025-11-12T12:01:54+00:00\" \/>\n<meta property=\"og:image\" content=\"https:\/\/blogdofarnesio.com.br\/wp-content\/uploads\/2025\/11\/Prefeitura-de-Juazeiro-divulga-programacao-do-Novembro-Negro-2025-e1762882781452.jpeg\" \/>\n\t<meta property=\"og:image:width\" content=\"480\" \/>\n\t<meta property=\"og:image:height\" content=\"414\" \/>\n\t<meta property=\"og:image:type\" content=\"image\/jpeg\" \/>\n<meta name=\"author\" content=\"Farn\u00e9sio\" \/>\n<meta name=\"twitter:card\" content=\"summary_large_image\" \/>\n<meta name=\"twitter:label1\" content=\"Escrito por\" \/>\n\t<meta name=\"twitter:data1\" content=\"Farn\u00e9sio\" \/>\n\t<meta name=\"twitter:label2\" content=\"Est. tempo de leitura\" \/>\n\t<meta name=\"twitter:data2\" content=\"3 minutos\" \/>\n<script type=\"application\/ld+json\" class=\"yoast-schema-graph\">{\"@context\":\"https:\\\/\\\/schema.org\",\"@graph\":[{\"@type\":\"Article\",\"@id\":\"https:\\\/\\\/blogdofarnesio.com.br\\\/2025\\\/11\\\/juazeiro-divulga-programacao-do-novembro-negro-2025-com-acoes-de-valorizacao-da-cultura-negra-justica-racial-e-igualdade\\\/#article\",\"isPartOf\":{\"@id\":\"https:\\\/\\\/blogdofarnesio.com.br\\\/2025\\\/11\\\/juazeiro-divulga-programacao-do-novembro-negro-2025-com-acoes-de-valorizacao-da-cultura-negra-justica-racial-e-igualdade\\\/\"},\"author\":{\"name\":\"Farn\u00e9sio\",\"@id\":\"https:\\\/\\\/blogdofarnesio.com.br\\\/#\\\/schema\\\/person\\\/bb9b23ae3ad0609ce8df7b6c9e76824d\"},\"headline\":\"Juazeiro divulga programa\u00e7\u00e3o do Novembro Negro 2025 com a\u00e7\u00f5es a partir de hoje, de valoriza\u00e7\u00e3o da cultura negra, justi\u00e7a racial e igualdade\",\"datePublished\":\"2025-11-12T12:01:30+00:00\",\"dateModified\":\"2025-11-12T12:01:54+00:00\",\"mainEntityOfPage\":{\"@id\":\"https:\\\/\\\/blogdofarnesio.com.br\\\/2025\\\/11\\\/juazeiro-divulga-programacao-do-novembro-negro-2025-com-acoes-de-valorizacao-da-cultura-negra-justica-racial-e-igualdade\\\/\"},\"wordCount\":495,\"commentCount\":0,\"publisher\":{\"@id\":\"https:\\\/\\\/blogdofarnesio.com.br\\\/#organization\"},\"image\":{\"@id\":\"https:\\\/\\\/blogdofarnesio.com.br\\\/2025\\\/11\\\/juazeiro-divulga-programacao-do-novembro-negro-2025-com-acoes-de-valorizacao-da-cultura-negra-justica-racial-e-igualdade\\\/#primaryimage\"},\"thumbnailUrl\":\"https:\\\/\\\/blogdofarnesio.com.br\\\/wp-content\\\/uploads\\\/2025\\\/11\\\/Prefeitura-de-Juazeiro-divulga-programacao-do-Novembro-Negro-2025-e1762882781452.jpeg\",\"articleSection\":[\"Costumes\"],\"inLanguage\":\"pt-BR\",\"potentialAction\":[{\"@type\":\"CommentAction\",\"name\":\"Comment\",\"target\":[\"https:\\\/\\\/blogdofarnesio.com.br\\\/2025\\\/11\\\/juazeiro-divulga-programacao-do-novembro-negro-2025-com-acoes-de-valorizacao-da-cultura-negra-justica-racial-e-igualdade\\\/#respond\"]}]},{\"@type\":\"WebPage\",\"@id\":\"https:\\\/\\\/blogdofarnesio.com.br\\\/2025\\\/11\\\/juazeiro-divulga-programacao-do-novembro-negro-2025-com-acoes-de-valorizacao-da-cultura-negra-justica-racial-e-igualdade\\\/\",\"url\":\"https:\\\/\\\/blogdofarnesio.com.br\\\/2025\\\/11\\\/juazeiro-divulga-programacao-do-novembro-negro-2025-com-acoes-de-valorizacao-da-cultura-negra-justica-racial-e-igualdade\\\/\",\"name\":\"Juazeiro divulga programa\u00e7\u00e3o do Novembro Negro 2025 com a\u00e7\u00f5es a partir de hoje, de valoriza\u00e7\u00e3o da cultura negra, justi\u00e7a racial e igualdade - Blog do Farn\u00e9sio\",\"isPartOf\":{\"@id\":\"https:\\\/\\\/blogdofarnesio.com.br\\\/#website\"},\"primaryImageOfPage\":{\"@id\":\"https:\\\/\\\/blogdofarnesio.com.br\\\/2025\\\/11\\\/juazeiro-divulga-programacao-do-novembro-negro-2025-com-acoes-de-valorizacao-da-cultura-negra-justica-racial-e-igualdade\\\/#primaryimage\"},\"image\":{\"@id\":\"https:\\\/\\\/blogdofarnesio.com.br\\\/2025\\\/11\\\/juazeiro-divulga-programacao-do-novembro-negro-2025-com-acoes-de-valorizacao-da-cultura-negra-justica-racial-e-igualdade\\\/#primaryimage\"},\"thumbnailUrl\":\"https:\\\/\\\/blogdofarnesio.com.br\\\/wp-content\\\/uploads\\\/2025\\\/11\\\/Prefeitura-de-Juazeiro-divulga-programacao-do-Novembro-Negro-2025-e1762882781452.jpeg\",\"datePublished\":\"2025-11-12T12:01:30+00:00\",\"dateModified\":\"2025-11-12T12:01:54+00:00\",\"breadcrumb\":{\"@id\":\"https:\\\/\\\/blogdofarnesio.com.br\\\/2025\\\/11\\\/juazeiro-divulga-programacao-do-novembro-negro-2025-com-acoes-de-valorizacao-da-cultura-negra-justica-racial-e-igualdade\\\/#breadcrumb\"},\"inLanguage\":\"pt-BR\",\"potentialAction\":[{\"@type\":\"ReadAction\",\"target\":[\"https:\\\/\\\/blogdofarnesio.com.br\\\/2025\\\/11\\\/juazeiro-divulga-programacao-do-novembro-negro-2025-com-acoes-de-valorizacao-da-cultura-negra-justica-racial-e-igualdade\\\/\"]}]},{\"@type\":\"ImageObject\",\"inLanguage\":\"pt-BR\",\"@id\":\"https:\\\/\\\/blogdofarnesio.com.br\\\/2025\\\/11\\\/juazeiro-divulga-programacao-do-novembro-negro-2025-com-acoes-de-valorizacao-da-cultura-negra-justica-racial-e-igualdade\\\/#primaryimage\",\"url\":\"https:\\\/\\\/blogdofarnesio.com.br\\\/wp-content\\\/uploads\\\/2025\\\/11\\\/Prefeitura-de-Juazeiro-divulga-programacao-do-Novembro-Negro-2025-e1762882781452.jpeg\",\"contentUrl\":\"https:\\\/\\\/blogdofarnesio.com.br\\\/wp-content\\\/uploads\\\/2025\\\/11\\\/Prefeitura-de-Juazeiro-divulga-programacao-do-Novembro-Negro-2025-e1762882781452.jpeg\",\"width\":480,\"height\":414},{\"@type\":\"BreadcrumbList\",\"@id\":\"https:\\\/\\\/blogdofarnesio.com.br\\\/2025\\\/11\\\/juazeiro-divulga-programacao-do-novembro-negro-2025-com-acoes-de-valorizacao-da-cultura-negra-justica-racial-e-igualdade\\\/#breadcrumb\",\"itemListElement\":[{\"@type\":\"ListItem\",\"position\":1,\"name\":\"In\u00edcio\",\"item\":\"https:\\\/\\\/blogdofarnesio.com.br\\\/\"},{\"@type\":\"ListItem\",\"position\":2,\"name\":\"Juazeiro divulga programa\u00e7\u00e3o do Novembro Negro 2025 com a\u00e7\u00f5es a partir de hoje, de valoriza\u00e7\u00e3o da cultura negra, justi\u00e7a racial e igualdade\"}]},{\"@type\":\"WebSite\",\"@id\":\"https:\\\/\\\/blogdofarnesio.com.br\\\/#website\",\"url\":\"https:\\\/\\\/blogdofarnesio.com.br\\\/\",\"name\":\"Blog do Farn\u00e9sio\",\"description\":\"Quer Saber Pol\u00edtica?\",\"publisher\":{\"@id\":\"https:\\\/\\\/blogdofarnesio.com.br\\\/#organization\"},\"potentialAction\":[{\"@type\":\"SearchAction\",\"target\":{\"@type\":\"EntryPoint\",\"urlTemplate\":\"https:\\\/\\\/blogdofarnesio.com.br\\\/?s={search_term_string}\"},\"query-input\":{\"@type\":\"PropertyValueSpecification\",\"valueRequired\":true,\"valueName\":\"search_term_string\"}}],\"inLanguage\":\"pt-BR\"},{\"@type\":\"Organization\",\"@id\":\"https:\\\/\\\/blogdofarnesio.com.br\\\/#organization\",\"name\":\"Blog do Farn\u00e9sio\",\"url\":\"https:\\\/\\\/blogdofarnesio.com.br\\\/\",\"logo\":{\"@type\":\"ImageObject\",\"inLanguage\":\"pt-BR\",\"@id\":\"https:\\\/\\\/blogdofarnesio.com.br\\\/#\\\/schema\\\/logo\\\/image\\\/\",\"url\":\"https:\\\/\\\/blogdofarnesio.com.br\\\/wp-content\\\/uploads\\\/2026\\\/03\\\/cropped-logo_new-1.png\",\"contentUrl\":\"https:\\\/\\\/blogdofarnesio.com.br\\\/wp-content\\\/uploads\\\/2026\\\/03\\\/cropped-logo_new-1.png\",\"width\":881,\"height\":685,\"caption\":\"Blog do Farn\u00e9sio\"},\"image\":{\"@id\":\"https:\\\/\\\/blogdofarnesio.com.br\\\/#\\\/schema\\\/logo\\\/image\\\/\"},\"sameAs\":[\"https:\\\/\\\/www.facebook.com\\\/BlogQuerSaberPolitica\\\/\"]},{\"@type\":\"Person\",\"@id\":\"https:\\\/\\\/blogdofarnesio.com.br\\\/#\\\/schema\\\/person\\\/bb9b23ae3ad0609ce8df7b6c9e76824d\",\"name\":\"Farn\u00e9sio\",\"image\":{\"@type\":\"ImageObject\",\"inLanguage\":\"pt-BR\",\"@id\":\"https:\\\/\\\/secure.gravatar.com\\\/avatar\\\/986aa4c61ccdb66f8555bf88fc2a65609d00bcabd4d2d94377a727547345cbca?s=96&d=mm&r=g\",\"url\":\"https:\\\/\\\/secure.gravatar.com\\\/avatar\\\/986aa4c61ccdb66f8555bf88fc2a65609d00bcabd4d2d94377a727547345cbca?s=96&d=mm&r=g\",\"contentUrl\":\"https:\\\/\\\/secure.gravatar.com\\\/avatar\\\/986aa4c61ccdb66f8555bf88fc2a65609d00bcabd4d2d94377a727547345cbca?s=96&d=mm&r=g\",\"caption\":\"Farn\u00e9sio\"},\"description\":\"Radialista blogueiro, chegou a Petrolina\\\/Juazeiro em setembro de 1980, Farn\u00e9sio Silva \u00e9 de Arapiraca-Alagoas.\",\"sameAs\":[\"http:\\\/\\\/blogdofarnesio.com.br\",\"https:\\\/\\\/www.facebook.com\\\/?ref=tn_tnmn\",\"https:\\\/\\\/www.instagram.com\\\/?utm_source=pwa_homescreen\",\"https:\\\/\\\/youtube.com.br\\\/\"],\"url\":\"https:\\\/\\\/blogdofarnesio.com.br\\\/author\\\/farnesio-2\\\/\"}]}<\/script>\n<!-- \/ Yoast SEO plugin. -->","yoast_head_json":{"title":"Juazeiro divulga programa\u00e7\u00e3o do Novembro Negro 2025 com a\u00e7\u00f5es a partir de hoje, de valoriza\u00e7\u00e3o da cultura negra, justi\u00e7a racial e igualdade - Blog do Farn\u00e9sio","robots":{"index":"index","follow":"follow","max-snippet":"max-snippet:-1","max-image-preview":"max-image-preview:large","max-video-preview":"max-video-preview:-1"},"canonical":"https:\/\/blogdofarnesio.com.br\/2025\/11\/juazeiro-divulga-programacao-do-novembro-negro-2025-com-acoes-de-valorizacao-da-cultura-negra-justica-racial-e-igualdade\/","og_locale":"pt_BR","og_type":"article","og_title":"Juazeiro divulga programa\u00e7\u00e3o do Novembro Negro 2025 com a\u00e7\u00f5es a partir de hoje, de valoriza\u00e7\u00e3o da cultura negra, justi\u00e7a racial e igualdade - Blog do Farn\u00e9sio","og_description":"A Prefeitura de Juazeiro, por meio da Secretaria de Desenvolvimento Social, Diversidade, Igualdade Racial e Combate \u00e0 Fome\/SEDES, realiza ao longo deste m\u00eas a Campanha Novembro Negro 2025, com o tema \u201cIgualdade e Democracia: Repara\u00e7\u00e3o e Justi\u00e7a Racial\u201d. A iniciativa, que integra tamb\u00e9m parcerias com as Secretarias de Mulher e Juventude\/SMJ, Educa\u00e7\u00e3o\/SEDUC e Sa\u00fade\/SESAU, al\u00e9m do governo da Bahia, por meio da Secretaria de Promo\u00e7\u00e3o da Igualdade Racial e dos Povos e Comunidades Tradicionais\/SEPROMI contar\u00e1 com uma ampla programa\u00e7\u00e3o de palestras, mutir\u00f5es de servi\u00e7os, atividades culturais e rodas de di\u00e1logo voltadas \u00e0 promo\u00e7\u00e3o da igualdade racial, \u00e0 valoriza\u00e7\u00e3o da cultura afro-brasileira e ao enfrentamento de todas as formas de discrimina\u00e7\u00e3o. Programa\u00e7\u00e3o completa do Novembro Negro 2025 &#8211; 12\/11 (quarta-feira) Tardezinha&hellip;","og_url":"https:\/\/blogdofarnesio.com.br\/2025\/11\/juazeiro-divulga-programacao-do-novembro-negro-2025-com-acoes-de-valorizacao-da-cultura-negra-justica-racial-e-igualdade\/","og_site_name":"Blog do Farn\u00e9sio","article_publisher":"https:\/\/www.facebook.com\/BlogQuerSaberPolitica\/","article_author":"https:\/\/www.facebook.com\/?ref=tn_tnmn","article_published_time":"2025-11-12T12:01:30+00:00","article_modified_time":"2025-11-12T12:01:54+00:00","og_image":[{"width":480,"height":414,"url":"https:\/\/blogdofarnesio.com.br\/wp-content\/uploads\/2025\/11\/Prefeitura-de-Juazeiro-divulga-programacao-do-Novembro-Negro-2025-e1762882781452.jpeg","type":"image\/jpeg"}],"author":"Farn\u00e9sio","twitter_card":"summary_large_image","twitter_misc":{"Escrito por":"Farn\u00e9sio","Est. tempo de leitura":"3 minutos"},"schema":{"@context":"https:\/\/schema.org","@graph":[{"@type":"Article","@id":"https:\/\/blogdofarnesio.com.br\/2025\/11\/juazeiro-divulga-programacao-do-novembro-negro-2025-com-acoes-de-valorizacao-da-cultura-negra-justica-racial-e-igualdade\/#article","isPartOf":{"@id":"https:\/\/blogdofarnesio.com.br\/2025\/11\/juazeiro-divulga-programacao-do-novembro-negro-2025-com-acoes-de-valorizacao-da-cultura-negra-justica-racial-e-igualdade\/"},"author":{"name":"Farn\u00e9sio","@id":"https:\/\/blogdofarnesio.com.br\/#\/schema\/person\/bb9b23ae3ad0609ce8df7b6c9e76824d"},"headline":"Juazeiro divulga programa\u00e7\u00e3o do Novembro Negro 2025 com a\u00e7\u00f5es a partir de hoje, de valoriza\u00e7\u00e3o da cultura negra, justi\u00e7a racial e igualdade","datePublished":"2025-11-12T12:01:30+00:00","dateModified":"2025-11-12T12:01:54+00:00","mainEntityOfPage":{"@id":"https:\/\/blogdofarnesio.com.br\/2025\/11\/juazeiro-divulga-programacao-do-novembro-negro-2025-com-acoes-de-valorizacao-da-cultura-negra-justica-racial-e-igualdade\/"},"wordCount":495,"commentCount":0,"publisher":{"@id":"https:\/\/blogdofarnesio.com.br\/#organization"},"image":{"@id":"https:\/\/blogdofarnesio.com.br\/2025\/11\/juazeiro-divulga-programacao-do-novembro-negro-2025-com-acoes-de-valorizacao-da-cultura-negra-justica-racial-e-igualdade\/#primaryimage"},"thumbnailUrl":"https:\/\/blogdofarnesio.com.br\/wp-content\/uploads\/2025\/11\/Prefeitura-de-Juazeiro-divulga-programacao-do-Novembro-Negro-2025-e1762882781452.jpeg","articleSection":["Costumes"],"inLanguage":"pt-BR","potentialAction":[{"@type":"CommentAction","name":"Comment","target":["https:\/\/blogdofarnesio.com.br\/2025\/11\/juazeiro-divulga-programacao-do-novembro-negro-2025-com-acoes-de-valorizacao-da-cultura-negra-justica-racial-e-igualdade\/#respond"]}]},{"@type":"WebPage","@id":"https:\/\/blogdofarnesio.com.br\/2025\/11\/juazeiro-divulga-programacao-do-novembro-negro-2025-com-acoes-de-valorizacao-da-cultura-negra-justica-racial-e-igualdade\/","url":"https:\/\/blogdofarnesio.com.br\/2025\/11\/juazeiro-divulga-programacao-do-novembro-negro-2025-com-acoes-de-valorizacao-da-cultura-negra-justica-racial-e-igualdade\/","name":"Juazeiro divulga programa\u00e7\u00e3o do Novembro Negro 2025 com a\u00e7\u00f5es a partir de hoje, de valoriza\u00e7\u00e3o da cultura negra, justi\u00e7a racial e igualdade - Blog do Farn\u00e9sio","isPartOf":{"@id":"https:\/\/blogdofarnesio.com.br\/#website"},"primaryImageOfPage":{"@id":"https:\/\/blogdofarnesio.com.br\/2025\/11\/juazeiro-divulga-programacao-do-novembro-negro-2025-com-acoes-de-valorizacao-da-cultura-negra-justica-racial-e-igualdade\/#primaryimage"},"image":{"@id":"https:\/\/blogdofarnesio.com.br\/2025\/11\/juazeiro-divulga-programacao-do-novembro-negro-2025-com-acoes-de-valorizacao-da-cultura-negra-justica-racial-e-igualdade\/#primaryimage"},"thumbnailUrl":"https:\/\/blogdofarnesio.com.br\/wp-content\/uploads\/2025\/11\/Prefeitura-de-Juazeiro-divulga-programacao-do-Novembro-Negro-2025-e1762882781452.jpeg","datePublished":"2025-11-12T12:01:30+00:00","dateModified":"2025-11-12T12:01:54+00:00","breadcrumb":{"@id":"https:\/\/blogdofarnesio.com.br\/2025\/11\/juazeiro-divulga-programacao-do-novembro-negro-2025-com-acoes-de-valorizacao-da-cultura-negra-justica-racial-e-igualdade\/#breadcrumb"},"inLanguage":"pt-BR","potentialAction":[{"@type":"ReadAction","target":["https:\/\/blogdofarnesio.com.br\/2025\/11\/juazeiro-divulga-programacao-do-novembro-negro-2025-com-acoes-de-valorizacao-da-cultura-negra-justica-racial-e-igualdade\/"]}]},{"@type":"ImageObject","inLanguage":"pt-BR","@id":"https:\/\/blogdofarnesio.com.br\/2025\/11\/juazeiro-divulga-programacao-do-novembro-negro-2025-com-acoes-de-valorizacao-da-cultura-negra-justica-racial-e-igualdade\/#primaryimage","url":"https:\/\/blogdofarnesio.com.br\/wp-content\/uploads\/2025\/11\/Prefeitura-de-Juazeiro-divulga-programacao-do-Novembro-Negro-2025-e1762882781452.jpeg","contentUrl":"https:\/\/blogdofarnesio.com.br\/wp-content\/uploads\/2025\/11\/Prefeitura-de-Juazeiro-divulga-programacao-do-Novembro-Negro-2025-e1762882781452.jpeg","width":480,"height":414},{"@type":"BreadcrumbList","@id":"https:\/\/blogdofarnesio.com.br\/2025\/11\/juazeiro-divulga-programacao-do-novembro-negro-2025-com-acoes-de-valorizacao-da-cultura-negra-justica-racial-e-igualdade\/#breadcrumb","itemListElement":[{"@type":"ListItem","position":1,"name":"In\u00edcio","item":"https:\/\/blogdofarnesio.com.br\/"},{"@type":"ListItem","position":2,"name":"Juazeiro divulga programa\u00e7\u00e3o do Novembro Negro 2025 com a\u00e7\u00f5es a partir de hoje, de valoriza\u00e7\u00e3o da cultura negra, justi\u00e7a racial e igualdade"}]},{"@type":"WebSite","@id":"https:\/\/blogdofarnesio.com.br\/#website","url":"https:\/\/blogdofarnesio.com.br\/","name":"Blog do Farn\u00e9sio","description":"Quer Saber Pol\u00edtica?","publisher":{"@id":"https:\/\/blogdofarnesio.com.br\/#organization"},"potentialAction":[{"@type":"SearchAction","target":{"@type":"EntryPoint","urlTemplate":"https:\/\/blogdofarnesio.com.br\/?s={search_term_string}"},"query-input":{"@type":"PropertyValueSpecification","valueRequired":true,"valueName":"search_term_string"}}],"inLanguage":"pt-BR"},{"@type":"Organization","@id":"https:\/\/blogdofarnesio.com.br\/#organization","name":"Blog do Farn\u00e9sio","url":"https:\/\/blogdofarnesio.com.br\/","logo":{"@type":"ImageObject","inLanguage":"pt-BR","@id":"https:\/\/blogdofarnesio.com.br\/#\/schema\/logo\/image\/","url":"https:\/\/blogdofarnesio.com.br\/wp-content\/uploads\/2026\/03\/cropped-logo_new-1.png","contentUrl":"https:\/\/blogdofarnesio.com.br\/wp-content\/uploads\/2026\/03\/cropped-logo_new-1.png","width":881,"height":685,"caption":"Blog do Farn\u00e9sio"},"image":{"@id":"https:\/\/blogdofarnesio.com.br\/#\/schema\/logo\/image\/"},"sameAs":["https:\/\/www.facebook.com\/BlogQuerSaberPolitica\/"]},{"@type":"Person","@id":"https:\/\/blogdofarnesio.com.br\/#\/schema\/person\/bb9b23ae3ad0609ce8df7b6c9e76824d","name":"Farn\u00e9sio","image":{"@type":"ImageObject","inLanguage":"pt-BR","@id":"https:\/\/secure.gravatar.com\/avatar\/986aa4c61ccdb66f8555bf88fc2a65609d00bcabd4d2d94377a727547345cbca?s=96&d=mm&r=g","url":"https:\/\/secure.gravatar.com\/avatar\/986aa4c61ccdb66f8555bf88fc2a65609d00bcabd4d2d94377a727547345cbca?s=96&d=mm&r=g","contentUrl":"https:\/\/secure.gravatar.com\/avatar\/986aa4c61ccdb66f8555bf88fc2a65609d00bcabd4d2d94377a727547345cbca?s=96&d=mm&r=g","caption":"Farn\u00e9sio"},"description":"Radialista blogueiro, chegou a Petrolina\/Juazeiro em setembro de 1980, Farn\u00e9sio Silva \u00e9 de Arapiraca-Alagoas.","sameAs":["http:\/\/blogdofarnesio.com.br","https:\/\/www.facebook.com\/?ref=tn_tnmn","https:\/\/www.instagram.com\/?utm_source=pwa_homescreen","https:\/\/youtube.com.br\/"],"url":"https:\/\/blogdofarnesio.com.br\/author\/farnesio-2\/"}]}},"_links":{"self":[{"href":"https:\/\/blogdofarnesio.com.br\/wp-json\/wp\/v2\/posts\/407977","targetHints":{"allow":["GET"]}}],"collection":[{"href":"https:\/\/blogdofarnesio.com.br\/wp-json\/wp\/v2\/posts"}],"about":[{"href":"https:\/\/blogdofarnesio.com.br\/wp-json\/wp\/v2\/types\/post"}],"author":[{"embeddable":true,"href":"https:\/\/blogdofarnesio.com.br\/wp-json\/wp\/v2\/users\/2"}],"replies":[{"embeddable":true,"href":"https:\/\/blogdofarnesio.com.br\/wp-json\/wp\/v2\/comments?post=407977"}],"version-history":[{"count":3,"href":"https:\/\/blogdofarnesio.com.br\/wp-json\/wp\/v2\/posts\/407977\/revisions"}],"predecessor-version":[{"id":407992,"href":"https:\/\/blogdofarnesio.com.br\/wp-json\/wp\/v2\/posts\/407977\/revisions\/407992"}],"wp:featuredmedia":[{"embeddable":true,"href":"https:\/\/blogdofarnesio.com.br\/wp-json\/wp\/v2\/media\/407978"}],"wp:attachment":[{"href":"https:\/\/blogdofarnesio.com.br\/wp-json\/wp\/v2\/media?parent=407977"}],"wp:term":[{"taxonomy":"category","embeddable":true,"href":"https:\/\/blogdofarnesio.com.br\/wp-json\/wp\/v2\/categories?post=407977"},{"taxonomy":"post_tag","embeddable":true,"href":"https:\/\/blogdofarnesio.com.br\/wp-json\/wp\/v2\/tags?post=407977"}],"curies":[{"name":"wp","href":"https:\/\/api.w.org\/{rel}","templated":true}]}}