{"id":407709,"date":"2025-11-10T13:06:50","date_gmt":"2025-11-10T16:06:50","guid":{"rendered":"https:\/\/blogdofarnesio.com.br\/?p=407709"},"modified":"2025-11-10T13:07:09","modified_gmt":"2025-11-10T16:07:09","slug":"o-jumento-no-nordeste-entre-o-abandono-e-a-revalorizacao-produtiva","status":"publish","type":"post","link":"https:\/\/blogdofarnesio.com.br\/2025\/11\/o-jumento-no-nordeste-entre-o-abandono-e-a-revalorizacao-produtiva\/","title":{"rendered":"O jumento no Nordeste: entre o abandono e a revaloriza\u00e7\u00e3o produtiva"},"content":{"rendered":"<div class=\"sc-10bafe01-0 jCZFOF\">\n<h1><span style=\"font-size: 16px;\">Por Alex Bastos &#8211;\u00a0<\/span><\/h1>\n<\/div>\n<div class=\"sc-728bcce4-0 bCHrja\">\n<div id=\"news-body-content\" class=\"sc-728bcce4-3 fPTWjD\">\n<div id=\"firstHalf\">\n<p>Nos \u00faltimos anos, tem-se debatido amplamente a suposta redu\u00e7\u00e3o do n\u00famero de jumentos no Nordeste brasileiro. Contudo, n\u00e3o h\u00e1 estudos cient\u00edficos recentes nem levantamentos oficiais capazes de confirmar, com precis\u00e3o, se essa diminui\u00e7\u00e3o realmente ocorreu, tampouco em que propor\u00e7\u00e3o.<\/p>\n<p>A aus\u00eancia de estat\u00edsticas atualizadas e confi\u00e1veis impede afirmar se a popula\u00e7\u00e3o de asininos cresceu, estabilizou-se ou reduziu nos \u00faltimos anos, bem como estabelecer uma rela\u00e7\u00e3o direta entre essa din\u00e2mica e a reabertura dos frigor\u00edficos de abate regulamentado, que seguem a legisla\u00e7\u00e3o vigente e atendem \u00e0s exig\u00eancias do mercado internacional.<\/p>\n<p>Na pr\u00e1tica, as informa\u00e7\u00f5es dispon\u00edveis sobre o n\u00famero de jumentos no semi\u00e1rido s\u00e3o fragmentadas e baseadas, em grande parte, em percep\u00e7\u00f5es regionais, n\u00e3o em dados consolidados. As estimativas variam amplamente, o que inviabiliza comprovar que o abate atual tenha sido respons\u00e1vel por qualquer eventual redu\u00e7\u00e3o populacional. Ao contr\u00e1rio, levantamentos existentes sugerem que o decl\u00ednio se acentuou justamente em per\u00edodos em que n\u00e3o havia atividades frigor\u00edficas em funcionamento pleno.<\/p>\n<p>Segundo o Censo Agropecu\u00e1rio do IBGE (Instituto Brasileiro de Geografia e Estat\u00edstica), em 1980 o rebanho efetivo de asininos no pa\u00eds era de 1.185.183 animais. J\u00e1 em 2006, esse n\u00famero caiu para 654.714, representando uma redu\u00e7\u00e3o de mais de 55% no per\u00edodo. Na \u00faltima atualiza\u00e7\u00e3o oficial, em 2017, o rebanho somava 376.874 animais cadastrados, uma queda total de cerca de 69% em rela\u00e7\u00e3o a 1980.<\/p>\n<p>Vale ressaltar que, ao longo desse intervalo, os n\u00fameros de abate foram insignificantes e o Brasil nunca teve tradi\u00e7\u00e3o no consumo dessa prote\u00edna. Em outras palavras, os dados indicam que a redu\u00e7\u00e3o da popula\u00e7\u00e3o de jumentos no pa\u00eds n\u00e3o pode ser atribu\u00edda \u00e0s atividades dos frigor\u00edficos.<\/p>\n<p>Na verdade, as transforma\u00e7\u00f5es na din\u00e2mica populacional dos jumentos nordestinos v\u00eam ocorrendo h\u00e1 d\u00e9cadas, impulsionadas por m\u00faltiplos fatores socioecon\u00f4micos e ambientais. A mecaniza\u00e7\u00e3o do campo substituiu o trabalho animal por tratores, motocicletas e ve\u00edculos utilit\u00e1rios, tornando o jumento economicamente obsoleto em muitas atividades agr\u00edcolas e de transporte rural. Sem fun\u00e7\u00e3o produtiva, milhares de animais foram simplesmente abandonados &#8211; um processo silencioso, agravado pelo \u00eaxodo rural e pela urbaniza\u00e7\u00e3o.<\/p>\n<\/div>\n<div id=\"secondHalf\">\n<p>O abandono em massa resultou na forma\u00e7\u00e3o de popula\u00e7\u00f5es errantes, que se reproduzem sem qualquer controle zoot\u00e9cnico. A escassez de alimento e \u00e1gua, o envelhecimento dos rebanhos, a aus\u00eancia de manejo reprodutivo e sanit\u00e1rio e os frequentes acidentes em rodovias agravaram o quadro de vulnerabilidade e sofrimento animal.<\/p>\n<p>Diante desse cen\u00e1rio, \u00e9 fundamental que o debate sobre os jumentos no Nordeste seja conduzido com responsabilidade t\u00e9cnica e transpar\u00eancia, evitando conclus\u00f5es precipitadas ou narrativas baseadas apenas em emo\u00e7\u00e3o ou ideologia. A quest\u00e3o vai muito al\u00e9m de \u201cacabar ou n\u00e3o com o abate\u201d: trata-se de compreender como transformar uma situa\u00e7\u00e3o de abandono em uma pol\u00edtica p\u00fablica de manejo sustent\u00e1vel, com foco no bem-estar animal, no controle populacional e sanit\u00e1rio, na seguran\u00e7a vi\u00e1ria e no desenvolvimento regional.<\/p>\n<p>Do abandono n\u00e3o intencional \u00e0 oportunidade de revaloriza\u00e7\u00e3o produtiva dos asininos, o desafio que se imp\u00f5e \u00e9 ressignificar o papel do jumento na economia e na cultura nordestina.<\/p>\n<p><em>*Alex Bastos \u00e9 zootecnista formado pelas Faculdades Associadas de Uberaba (MG) e administrador do setor pecu\u00e1rio<\/em><\/p>\n<p><em>*Os artigos reproduzidos neste espa\u00e7o n\u00e3o representam, necessariamente, a opini\u00e3o do Bahia Not\u00edcias<\/em><\/p>\n<\/div>\n<\/div>\n<\/div>\n","protected":false},"excerpt":{"rendered":"<p>Por Alex Bastos &#8211;\u00a0 Nos \u00faltimos anos, tem-se debatido amplamente a suposta redu\u00e7\u00e3o do n\u00famero de jumentos no Nordeste brasileiro. Contudo, n\u00e3o h\u00e1 estudos cient\u00edficos recentes nem levantamentos oficiais capazes de confirmar, com precis\u00e3o, se essa diminui\u00e7\u00e3o realmente ocorreu, tampouco em que propor\u00e7\u00e3o. A aus\u00eancia de estat\u00edsticas atualizadas e confi\u00e1veis impede afirmar se a popula\u00e7\u00e3o de asininos cresceu, estabilizou-se ou reduziu nos \u00faltimos anos, bem como estabelecer uma rela\u00e7\u00e3o direta entre essa din\u00e2mica e a reabertura dos frigor\u00edficos de abate regulamentado, que seguem a legisla\u00e7\u00e3o vigente e atendem \u00e0s exig\u00eancias do mercado internacional. Na pr\u00e1tica, as informa\u00e7\u00f5es dispon\u00edveis sobre o n\u00famero de jumentos no semi\u00e1rido s\u00e3o fragmentadas e baseadas, em grande parte, em percep\u00e7\u00f5es regionais, n\u00e3o em dados consolidados. As&hellip; <\/p>\n","protected":false},"author":2,"featured_media":349621,"comment_status":"open","ping_status":"open","sticky":false,"template":"","format":"standard","meta":{"_acf_changed":false,"footnotes":""},"categories":[32,29],"tags":[],"class_list":["post-407709","post","type-post","status-publish","format-standard","has-post-thumbnail","hentry","category-costumes","category-meio-ambiente"],"acf":[],"yoast_head":"<!-- This site is optimized with the Yoast SEO plugin v27.5 - https:\/\/yoast.com\/product\/yoast-seo-wordpress\/ -->\n<title>O jumento no Nordeste: entre o abandono e a revaloriza\u00e7\u00e3o produtiva - Blog do Farn\u00e9sio<\/title>\n<meta name=\"robots\" content=\"index, follow, max-snippet:-1, max-image-preview:large, max-video-preview:-1\" \/>\n<link rel=\"canonical\" href=\"https:\/\/blogdofarnesio.com.br\/2025\/11\/o-jumento-no-nordeste-entre-o-abandono-e-a-revalorizacao-produtiva\/\" \/>\n<meta property=\"og:locale\" content=\"pt_BR\" \/>\n<meta property=\"og:type\" content=\"article\" \/>\n<meta property=\"og:title\" content=\"O jumento no Nordeste: entre o abandono e a revaloriza\u00e7\u00e3o produtiva - Blog do Farn\u00e9sio\" \/>\n<meta property=\"og:description\" content=\"Por Alex Bastos &#8211;\u00a0 Nos \u00faltimos anos, tem-se debatido amplamente a suposta redu\u00e7\u00e3o do n\u00famero de jumentos no Nordeste brasileiro. Contudo, n\u00e3o h\u00e1 estudos cient\u00edficos recentes nem levantamentos oficiais capazes de confirmar, com precis\u00e3o, se essa diminui\u00e7\u00e3o realmente ocorreu, tampouco em que propor\u00e7\u00e3o. A aus\u00eancia de estat\u00edsticas atualizadas e confi\u00e1veis impede afirmar se a popula\u00e7\u00e3o de asininos cresceu, estabilizou-se ou reduziu nos \u00faltimos anos, bem como estabelecer uma rela\u00e7\u00e3o direta entre essa din\u00e2mica e a reabertura dos frigor\u00edficos de abate regulamentado, que seguem a legisla\u00e7\u00e3o vigente e atendem \u00e0s exig\u00eancias do mercado internacional. Na pr\u00e1tica, as informa\u00e7\u00f5es dispon\u00edveis sobre o n\u00famero de jumentos no semi\u00e1rido s\u00e3o fragmentadas e baseadas, em grande parte, em percep\u00e7\u00f5es regionais, n\u00e3o em dados consolidados. As&hellip;\" \/>\n<meta property=\"og:url\" content=\"https:\/\/blogdofarnesio.com.br\/2025\/11\/o-jumento-no-nordeste-entre-o-abandono-e-a-revalorizacao-produtiva\/\" \/>\n<meta property=\"og:site_name\" content=\"Blog do Farn\u00e9sio\" \/>\n<meta property=\"article:publisher\" content=\"https:\/\/www.facebook.com\/BlogQuerSaberPolitica\/\" \/>\n<meta property=\"article:author\" content=\"https:\/\/www.facebook.com\/?ref=tn_tnmn\" \/>\n<meta property=\"article:published_time\" content=\"2025-11-10T16:06:50+00:00\" \/>\n<meta property=\"article:modified_time\" content=\"2025-11-10T16:07:09+00:00\" \/>\n<meta property=\"og:image\" content=\"https:\/\/blogdofarnesio.com.br\/wp-content\/uploads\/2023\/09\/blogqsp-jumento-beatles-e1694004725833.jpeg\" \/>\n\t<meta property=\"og:image:width\" content=\"440\" \/>\n\t<meta property=\"og:image:height\" content=\"338\" \/>\n\t<meta property=\"og:image:type\" content=\"image\/jpeg\" \/>\n<meta name=\"author\" content=\"Farn\u00e9sio\" \/>\n<meta name=\"twitter:card\" content=\"summary_large_image\" \/>\n<meta name=\"twitter:label1\" content=\"Escrito por\" \/>\n\t<meta name=\"twitter:data1\" content=\"Farn\u00e9sio\" \/>\n\t<meta name=\"twitter:label2\" content=\"Est. tempo de leitura\" \/>\n\t<meta name=\"twitter:data2\" content=\"4 minutos\" \/>\n<script type=\"application\/ld+json\" class=\"yoast-schema-graph\">{\"@context\":\"https:\\\/\\\/schema.org\",\"@graph\":[{\"@type\":\"Article\",\"@id\":\"https:\\\/\\\/blogdofarnesio.com.br\\\/2025\\\/11\\\/o-jumento-no-nordeste-entre-o-abandono-e-a-revalorizacao-produtiva\\\/#article\",\"isPartOf\":{\"@id\":\"https:\\\/\\\/blogdofarnesio.com.br\\\/2025\\\/11\\\/o-jumento-no-nordeste-entre-o-abandono-e-a-revalorizacao-produtiva\\\/\"},\"author\":{\"name\":\"Farn\u00e9sio\",\"@id\":\"https:\\\/\\\/blogdofarnesio.com.br\\\/#\\\/schema\\\/person\\\/bb9b23ae3ad0609ce8df7b6c9e76824d\"},\"headline\":\"O jumento no Nordeste: entre o abandono e a revaloriza\u00e7\u00e3o produtiva\",\"datePublished\":\"2025-11-10T16:06:50+00:00\",\"dateModified\":\"2025-11-10T16:07:09+00:00\",\"mainEntityOfPage\":{\"@id\":\"https:\\\/\\\/blogdofarnesio.com.br\\\/2025\\\/11\\\/o-jumento-no-nordeste-entre-o-abandono-e-a-revalorizacao-produtiva\\\/\"},\"wordCount\":608,\"commentCount\":0,\"publisher\":{\"@id\":\"https:\\\/\\\/blogdofarnesio.com.br\\\/#organization\"},\"image\":{\"@id\":\"https:\\\/\\\/blogdofarnesio.com.br\\\/2025\\\/11\\\/o-jumento-no-nordeste-entre-o-abandono-e-a-revalorizacao-produtiva\\\/#primaryimage\"},\"thumbnailUrl\":\"https:\\\/\\\/blogdofarnesio.com.br\\\/wp-content\\\/uploads\\\/2023\\\/09\\\/blogqsp-jumento-beatles-e1694004725833.jpeg\",\"articleSection\":[\"Costumes\",\"Meio Ambiente\"],\"inLanguage\":\"pt-BR\",\"potentialAction\":[{\"@type\":\"CommentAction\",\"name\":\"Comment\",\"target\":[\"https:\\\/\\\/blogdofarnesio.com.br\\\/2025\\\/11\\\/o-jumento-no-nordeste-entre-o-abandono-e-a-revalorizacao-produtiva\\\/#respond\"]}]},{\"@type\":\"WebPage\",\"@id\":\"https:\\\/\\\/blogdofarnesio.com.br\\\/2025\\\/11\\\/o-jumento-no-nordeste-entre-o-abandono-e-a-revalorizacao-produtiva\\\/\",\"url\":\"https:\\\/\\\/blogdofarnesio.com.br\\\/2025\\\/11\\\/o-jumento-no-nordeste-entre-o-abandono-e-a-revalorizacao-produtiva\\\/\",\"name\":\"O jumento no Nordeste: entre o abandono e a revaloriza\u00e7\u00e3o produtiva - Blog do Farn\u00e9sio\",\"isPartOf\":{\"@id\":\"https:\\\/\\\/blogdofarnesio.com.br\\\/#website\"},\"primaryImageOfPage\":{\"@id\":\"https:\\\/\\\/blogdofarnesio.com.br\\\/2025\\\/11\\\/o-jumento-no-nordeste-entre-o-abandono-e-a-revalorizacao-produtiva\\\/#primaryimage\"},\"image\":{\"@id\":\"https:\\\/\\\/blogdofarnesio.com.br\\\/2025\\\/11\\\/o-jumento-no-nordeste-entre-o-abandono-e-a-revalorizacao-produtiva\\\/#primaryimage\"},\"thumbnailUrl\":\"https:\\\/\\\/blogdofarnesio.com.br\\\/wp-content\\\/uploads\\\/2023\\\/09\\\/blogqsp-jumento-beatles-e1694004725833.jpeg\",\"datePublished\":\"2025-11-10T16:06:50+00:00\",\"dateModified\":\"2025-11-10T16:07:09+00:00\",\"breadcrumb\":{\"@id\":\"https:\\\/\\\/blogdofarnesio.com.br\\\/2025\\\/11\\\/o-jumento-no-nordeste-entre-o-abandono-e-a-revalorizacao-produtiva\\\/#breadcrumb\"},\"inLanguage\":\"pt-BR\",\"potentialAction\":[{\"@type\":\"ReadAction\",\"target\":[\"https:\\\/\\\/blogdofarnesio.com.br\\\/2025\\\/11\\\/o-jumento-no-nordeste-entre-o-abandono-e-a-revalorizacao-produtiva\\\/\"]}]},{\"@type\":\"ImageObject\",\"inLanguage\":\"pt-BR\",\"@id\":\"https:\\\/\\\/blogdofarnesio.com.br\\\/2025\\\/11\\\/o-jumento-no-nordeste-entre-o-abandono-e-a-revalorizacao-produtiva\\\/#primaryimage\",\"url\":\"https:\\\/\\\/blogdofarnesio.com.br\\\/wp-content\\\/uploads\\\/2023\\\/09\\\/blogqsp-jumento-beatles-e1694004725833.jpeg\",\"contentUrl\":\"https:\\\/\\\/blogdofarnesio.com.br\\\/wp-content\\\/uploads\\\/2023\\\/09\\\/blogqsp-jumento-beatles-e1694004725833.jpeg\",\"width\":440,\"height\":338},{\"@type\":\"BreadcrumbList\",\"@id\":\"https:\\\/\\\/blogdofarnesio.com.br\\\/2025\\\/11\\\/o-jumento-no-nordeste-entre-o-abandono-e-a-revalorizacao-produtiva\\\/#breadcrumb\",\"itemListElement\":[{\"@type\":\"ListItem\",\"position\":1,\"name\":\"In\u00edcio\",\"item\":\"https:\\\/\\\/blogdofarnesio.com.br\\\/\"},{\"@type\":\"ListItem\",\"position\":2,\"name\":\"O jumento no Nordeste: entre o abandono e a revaloriza\u00e7\u00e3o produtiva\"}]},{\"@type\":\"WebSite\",\"@id\":\"https:\\\/\\\/blogdofarnesio.com.br\\\/#website\",\"url\":\"https:\\\/\\\/blogdofarnesio.com.br\\\/\",\"name\":\"Blog do Farn\u00e9sio\",\"description\":\"Quer Saber Pol\u00edtica?\",\"publisher\":{\"@id\":\"https:\\\/\\\/blogdofarnesio.com.br\\\/#organization\"},\"potentialAction\":[{\"@type\":\"SearchAction\",\"target\":{\"@type\":\"EntryPoint\",\"urlTemplate\":\"https:\\\/\\\/blogdofarnesio.com.br\\\/?s={search_term_string}\"},\"query-input\":{\"@type\":\"PropertyValueSpecification\",\"valueRequired\":true,\"valueName\":\"search_term_string\"}}],\"inLanguage\":\"pt-BR\"},{\"@type\":\"Organization\",\"@id\":\"https:\\\/\\\/blogdofarnesio.com.br\\\/#organization\",\"name\":\"Blog do Farn\u00e9sio\",\"url\":\"https:\\\/\\\/blogdofarnesio.com.br\\\/\",\"logo\":{\"@type\":\"ImageObject\",\"inLanguage\":\"pt-BR\",\"@id\":\"https:\\\/\\\/blogdofarnesio.com.br\\\/#\\\/schema\\\/logo\\\/image\\\/\",\"url\":\"https:\\\/\\\/blogdofarnesio.com.br\\\/wp-content\\\/uploads\\\/2026\\\/03\\\/cropped-logo_new-1.png\",\"contentUrl\":\"https:\\\/\\\/blogdofarnesio.com.br\\\/wp-content\\\/uploads\\\/2026\\\/03\\\/cropped-logo_new-1.png\",\"width\":881,\"height\":685,\"caption\":\"Blog do Farn\u00e9sio\"},\"image\":{\"@id\":\"https:\\\/\\\/blogdofarnesio.com.br\\\/#\\\/schema\\\/logo\\\/image\\\/\"},\"sameAs\":[\"https:\\\/\\\/www.facebook.com\\\/BlogQuerSaberPolitica\\\/\"]},{\"@type\":\"Person\",\"@id\":\"https:\\\/\\\/blogdofarnesio.com.br\\\/#\\\/schema\\\/person\\\/bb9b23ae3ad0609ce8df7b6c9e76824d\",\"name\":\"Farn\u00e9sio\",\"image\":{\"@type\":\"ImageObject\",\"inLanguage\":\"pt-BR\",\"@id\":\"https:\\\/\\\/secure.gravatar.com\\\/avatar\\\/986aa4c61ccdb66f8555bf88fc2a65609d00bcabd4d2d94377a727547345cbca?s=96&d=mm&r=g\",\"url\":\"https:\\\/\\\/secure.gravatar.com\\\/avatar\\\/986aa4c61ccdb66f8555bf88fc2a65609d00bcabd4d2d94377a727547345cbca?s=96&d=mm&r=g\",\"contentUrl\":\"https:\\\/\\\/secure.gravatar.com\\\/avatar\\\/986aa4c61ccdb66f8555bf88fc2a65609d00bcabd4d2d94377a727547345cbca?s=96&d=mm&r=g\",\"caption\":\"Farn\u00e9sio\"},\"description\":\"Radialista blogueiro, chegou a Petrolina\\\/Juazeiro em setembro de 1980, Farn\u00e9sio Silva \u00e9 de Arapiraca-Alagoas.\",\"sameAs\":[\"http:\\\/\\\/blogdofarnesio.com.br\",\"https:\\\/\\\/www.facebook.com\\\/?ref=tn_tnmn\",\"https:\\\/\\\/www.instagram.com\\\/?utm_source=pwa_homescreen\",\"https:\\\/\\\/youtube.com.br\\\/\"],\"url\":\"https:\\\/\\\/blogdofarnesio.com.br\\\/author\\\/farnesio-2\\\/\"}]}<\/script>\n<!-- \/ Yoast SEO plugin. -->","yoast_head_json":{"title":"O jumento no Nordeste: entre o abandono e a revaloriza\u00e7\u00e3o produtiva - Blog do Farn\u00e9sio","robots":{"index":"index","follow":"follow","max-snippet":"max-snippet:-1","max-image-preview":"max-image-preview:large","max-video-preview":"max-video-preview:-1"},"canonical":"https:\/\/blogdofarnesio.com.br\/2025\/11\/o-jumento-no-nordeste-entre-o-abandono-e-a-revalorizacao-produtiva\/","og_locale":"pt_BR","og_type":"article","og_title":"O jumento no Nordeste: entre o abandono e a revaloriza\u00e7\u00e3o produtiva - Blog do Farn\u00e9sio","og_description":"Por Alex Bastos &#8211;\u00a0 Nos \u00faltimos anos, tem-se debatido amplamente a suposta redu\u00e7\u00e3o do n\u00famero de jumentos no Nordeste brasileiro. Contudo, n\u00e3o h\u00e1 estudos cient\u00edficos recentes nem levantamentos oficiais capazes de confirmar, com precis\u00e3o, se essa diminui\u00e7\u00e3o realmente ocorreu, tampouco em que propor\u00e7\u00e3o. A aus\u00eancia de estat\u00edsticas atualizadas e confi\u00e1veis impede afirmar se a popula\u00e7\u00e3o de asininos cresceu, estabilizou-se ou reduziu nos \u00faltimos anos, bem como estabelecer uma rela\u00e7\u00e3o direta entre essa din\u00e2mica e a reabertura dos frigor\u00edficos de abate regulamentado, que seguem a legisla\u00e7\u00e3o vigente e atendem \u00e0s exig\u00eancias do mercado internacional. Na pr\u00e1tica, as informa\u00e7\u00f5es dispon\u00edveis sobre o n\u00famero de jumentos no semi\u00e1rido s\u00e3o fragmentadas e baseadas, em grande parte, em percep\u00e7\u00f5es regionais, n\u00e3o em dados consolidados. As&hellip;","og_url":"https:\/\/blogdofarnesio.com.br\/2025\/11\/o-jumento-no-nordeste-entre-o-abandono-e-a-revalorizacao-produtiva\/","og_site_name":"Blog do Farn\u00e9sio","article_publisher":"https:\/\/www.facebook.com\/BlogQuerSaberPolitica\/","article_author":"https:\/\/www.facebook.com\/?ref=tn_tnmn","article_published_time":"2025-11-10T16:06:50+00:00","article_modified_time":"2025-11-10T16:07:09+00:00","og_image":[{"width":440,"height":338,"url":"https:\/\/blogdofarnesio.com.br\/wp-content\/uploads\/2023\/09\/blogqsp-jumento-beatles-e1694004725833.jpeg","type":"image\/jpeg"}],"author":"Farn\u00e9sio","twitter_card":"summary_large_image","twitter_misc":{"Escrito por":"Farn\u00e9sio","Est. tempo de leitura":"4 minutos"},"schema":{"@context":"https:\/\/schema.org","@graph":[{"@type":"Article","@id":"https:\/\/blogdofarnesio.com.br\/2025\/11\/o-jumento-no-nordeste-entre-o-abandono-e-a-revalorizacao-produtiva\/#article","isPartOf":{"@id":"https:\/\/blogdofarnesio.com.br\/2025\/11\/o-jumento-no-nordeste-entre-o-abandono-e-a-revalorizacao-produtiva\/"},"author":{"name":"Farn\u00e9sio","@id":"https:\/\/blogdofarnesio.com.br\/#\/schema\/person\/bb9b23ae3ad0609ce8df7b6c9e76824d"},"headline":"O jumento no Nordeste: entre o abandono e a revaloriza\u00e7\u00e3o produtiva","datePublished":"2025-11-10T16:06:50+00:00","dateModified":"2025-11-10T16:07:09+00:00","mainEntityOfPage":{"@id":"https:\/\/blogdofarnesio.com.br\/2025\/11\/o-jumento-no-nordeste-entre-o-abandono-e-a-revalorizacao-produtiva\/"},"wordCount":608,"commentCount":0,"publisher":{"@id":"https:\/\/blogdofarnesio.com.br\/#organization"},"image":{"@id":"https:\/\/blogdofarnesio.com.br\/2025\/11\/o-jumento-no-nordeste-entre-o-abandono-e-a-revalorizacao-produtiva\/#primaryimage"},"thumbnailUrl":"https:\/\/blogdofarnesio.com.br\/wp-content\/uploads\/2023\/09\/blogqsp-jumento-beatles-e1694004725833.jpeg","articleSection":["Costumes","Meio Ambiente"],"inLanguage":"pt-BR","potentialAction":[{"@type":"CommentAction","name":"Comment","target":["https:\/\/blogdofarnesio.com.br\/2025\/11\/o-jumento-no-nordeste-entre-o-abandono-e-a-revalorizacao-produtiva\/#respond"]}]},{"@type":"WebPage","@id":"https:\/\/blogdofarnesio.com.br\/2025\/11\/o-jumento-no-nordeste-entre-o-abandono-e-a-revalorizacao-produtiva\/","url":"https:\/\/blogdofarnesio.com.br\/2025\/11\/o-jumento-no-nordeste-entre-o-abandono-e-a-revalorizacao-produtiva\/","name":"O jumento no Nordeste: entre o abandono e a revaloriza\u00e7\u00e3o produtiva - Blog do Farn\u00e9sio","isPartOf":{"@id":"https:\/\/blogdofarnesio.com.br\/#website"},"primaryImageOfPage":{"@id":"https:\/\/blogdofarnesio.com.br\/2025\/11\/o-jumento-no-nordeste-entre-o-abandono-e-a-revalorizacao-produtiva\/#primaryimage"},"image":{"@id":"https:\/\/blogdofarnesio.com.br\/2025\/11\/o-jumento-no-nordeste-entre-o-abandono-e-a-revalorizacao-produtiva\/#primaryimage"},"thumbnailUrl":"https:\/\/blogdofarnesio.com.br\/wp-content\/uploads\/2023\/09\/blogqsp-jumento-beatles-e1694004725833.jpeg","datePublished":"2025-11-10T16:06:50+00:00","dateModified":"2025-11-10T16:07:09+00:00","breadcrumb":{"@id":"https:\/\/blogdofarnesio.com.br\/2025\/11\/o-jumento-no-nordeste-entre-o-abandono-e-a-revalorizacao-produtiva\/#breadcrumb"},"inLanguage":"pt-BR","potentialAction":[{"@type":"ReadAction","target":["https:\/\/blogdofarnesio.com.br\/2025\/11\/o-jumento-no-nordeste-entre-o-abandono-e-a-revalorizacao-produtiva\/"]}]},{"@type":"ImageObject","inLanguage":"pt-BR","@id":"https:\/\/blogdofarnesio.com.br\/2025\/11\/o-jumento-no-nordeste-entre-o-abandono-e-a-revalorizacao-produtiva\/#primaryimage","url":"https:\/\/blogdofarnesio.com.br\/wp-content\/uploads\/2023\/09\/blogqsp-jumento-beatles-e1694004725833.jpeg","contentUrl":"https:\/\/blogdofarnesio.com.br\/wp-content\/uploads\/2023\/09\/blogqsp-jumento-beatles-e1694004725833.jpeg","width":440,"height":338},{"@type":"BreadcrumbList","@id":"https:\/\/blogdofarnesio.com.br\/2025\/11\/o-jumento-no-nordeste-entre-o-abandono-e-a-revalorizacao-produtiva\/#breadcrumb","itemListElement":[{"@type":"ListItem","position":1,"name":"In\u00edcio","item":"https:\/\/blogdofarnesio.com.br\/"},{"@type":"ListItem","position":2,"name":"O jumento no Nordeste: entre o abandono e a revaloriza\u00e7\u00e3o produtiva"}]},{"@type":"WebSite","@id":"https:\/\/blogdofarnesio.com.br\/#website","url":"https:\/\/blogdofarnesio.com.br\/","name":"Blog do Farn\u00e9sio","description":"Quer Saber Pol\u00edtica?","publisher":{"@id":"https:\/\/blogdofarnesio.com.br\/#organization"},"potentialAction":[{"@type":"SearchAction","target":{"@type":"EntryPoint","urlTemplate":"https:\/\/blogdofarnesio.com.br\/?s={search_term_string}"},"query-input":{"@type":"PropertyValueSpecification","valueRequired":true,"valueName":"search_term_string"}}],"inLanguage":"pt-BR"},{"@type":"Organization","@id":"https:\/\/blogdofarnesio.com.br\/#organization","name":"Blog do Farn\u00e9sio","url":"https:\/\/blogdofarnesio.com.br\/","logo":{"@type":"ImageObject","inLanguage":"pt-BR","@id":"https:\/\/blogdofarnesio.com.br\/#\/schema\/logo\/image\/","url":"https:\/\/blogdofarnesio.com.br\/wp-content\/uploads\/2026\/03\/cropped-logo_new-1.png","contentUrl":"https:\/\/blogdofarnesio.com.br\/wp-content\/uploads\/2026\/03\/cropped-logo_new-1.png","width":881,"height":685,"caption":"Blog do Farn\u00e9sio"},"image":{"@id":"https:\/\/blogdofarnesio.com.br\/#\/schema\/logo\/image\/"},"sameAs":["https:\/\/www.facebook.com\/BlogQuerSaberPolitica\/"]},{"@type":"Person","@id":"https:\/\/blogdofarnesio.com.br\/#\/schema\/person\/bb9b23ae3ad0609ce8df7b6c9e76824d","name":"Farn\u00e9sio","image":{"@type":"ImageObject","inLanguage":"pt-BR","@id":"https:\/\/secure.gravatar.com\/avatar\/986aa4c61ccdb66f8555bf88fc2a65609d00bcabd4d2d94377a727547345cbca?s=96&d=mm&r=g","url":"https:\/\/secure.gravatar.com\/avatar\/986aa4c61ccdb66f8555bf88fc2a65609d00bcabd4d2d94377a727547345cbca?s=96&d=mm&r=g","contentUrl":"https:\/\/secure.gravatar.com\/avatar\/986aa4c61ccdb66f8555bf88fc2a65609d00bcabd4d2d94377a727547345cbca?s=96&d=mm&r=g","caption":"Farn\u00e9sio"},"description":"Radialista blogueiro, chegou a Petrolina\/Juazeiro em setembro de 1980, Farn\u00e9sio Silva \u00e9 de Arapiraca-Alagoas.","sameAs":["http:\/\/blogdofarnesio.com.br","https:\/\/www.facebook.com\/?ref=tn_tnmn","https:\/\/www.instagram.com\/?utm_source=pwa_homescreen","https:\/\/youtube.com.br\/"],"url":"https:\/\/blogdofarnesio.com.br\/author\/farnesio-2\/"}]}},"_links":{"self":[{"href":"https:\/\/blogdofarnesio.com.br\/wp-json\/wp\/v2\/posts\/407709","targetHints":{"allow":["GET"]}}],"collection":[{"href":"https:\/\/blogdofarnesio.com.br\/wp-json\/wp\/v2\/posts"}],"about":[{"href":"https:\/\/blogdofarnesio.com.br\/wp-json\/wp\/v2\/types\/post"}],"author":[{"embeddable":true,"href":"https:\/\/blogdofarnesio.com.br\/wp-json\/wp\/v2\/users\/2"}],"replies":[{"embeddable":true,"href":"https:\/\/blogdofarnesio.com.br\/wp-json\/wp\/v2\/comments?post=407709"}],"version-history":[{"count":2,"href":"https:\/\/blogdofarnesio.com.br\/wp-json\/wp\/v2\/posts\/407709\/revisions"}],"predecessor-version":[{"id":407831,"href":"https:\/\/blogdofarnesio.com.br\/wp-json\/wp\/v2\/posts\/407709\/revisions\/407831"}],"wp:featuredmedia":[{"embeddable":true,"href":"https:\/\/blogdofarnesio.com.br\/wp-json\/wp\/v2\/media\/349621"}],"wp:attachment":[{"href":"https:\/\/blogdofarnesio.com.br\/wp-json\/wp\/v2\/media?parent=407709"}],"wp:term":[{"taxonomy":"category","embeddable":true,"href":"https:\/\/blogdofarnesio.com.br\/wp-json\/wp\/v2\/categories?post=407709"},{"taxonomy":"post_tag","embeddable":true,"href":"https:\/\/blogdofarnesio.com.br\/wp-json\/wp\/v2\/tags?post=407709"}],"curies":[{"name":"wp","href":"https:\/\/api.w.org\/{rel}","templated":true}]}}