{"id":407400,"date":"2025-11-04T15:01:16","date_gmt":"2025-11-04T18:01:16","guid":{"rendered":"https:\/\/blogdofarnesio.com.br\/?p=407400"},"modified":"2025-11-04T14:07:36","modified_gmt":"2025-11-04T17:07:36","slug":"black-friday-indecente-da-tim-tem-hotlist-com-caua-reymond-para-destacar-iphone-16e-por-r-1-999","status":"publish","type":"post","link":"https:\/\/blogdofarnesio.com.br\/2025\/11\/black-friday-indecente-da-tim-tem-hotlist-com-caua-reymond-para-destacar-iphone-16e-por-r-1-999\/","title":{"rendered":"Black Friday \u201cindecente\u201d da TIM tem hotlist com Cau\u00e3 Reymond para destacar iPhone 16e por R$ 1.999"},"content":{"rendered":"<div id=\"nav\">\n<div id=\"speedbump\">\n<div class=\"ObxnS\">\n<div class=\"MefFWe\">\n<div class=\"hbTneb\">\n<div class=\"KkSzKc\"><\/div>\n<\/div>\n<\/div>\n<\/div>\n<\/div>\n<\/div>\n<div id=\"views\">\n<div id=\"cv_\" class=\" q0CeU  \">\n<div class=\"BMRW0e\">\n<div class=\"uQdvnb\">\n<div class=\"OM62re\">\n<div class=\"Atp2Qd\">\n<div class=\"gmSzme\" data-onclick=\"cvmsgcontainercl+23\">\n<div id=\"cvcmsg_19a4f5fe89917608\" class=\"ArwC7c\">\n<div id=\"cvcfullmsg_19a4f5fe89917608\" class=\"LnPMz\">\n<div id=\"cvcmsgbod_19a4f5fe89917608\" class=\"qgRHze\">\n<div class=\"lR4FQe\">\n<div class=\"IoGNdb Zc0jMc \" dir=\"ltr\">\n<div>\n<table width=\"801\" align=\"center\">\n<tbody>\n<tr>\n<td>\n<div id=\"views\">\n<div id=\"cv_\" class=\" q0CeU  \">\n<div class=\"BMRW0e\">\n<div class=\"uQdvnb\">\n<div class=\"OM62re\">\n<div class=\"Atp2Qd\">\n<div class=\"gmSzme\" data-onclick=\"cvmsgcontainercl+23\">\n<div id=\"cvcmsg_19a4f5fe89917608\" class=\"ArwC7c\">\n<div id=\"cvcfullmsg_19a4f5fe89917608\" class=\"LnPMz\">\n<div id=\"cvcmsgbod_19a4f5fe89917608\" class=\"qgRHze\">\n<div class=\"lR4FQe\">\n<div class=\"IoGNdb Zc0jMc \" dir=\"ltr\">\n<div>\n<table width=\"801\" align=\"center\">\n<tbody>\n<tr>\n<td><span dir=\"auto\">Combinando ofertas surpreendentes e uma nova linha de comunica\u00e7\u00e3o, a\u00a0<\/span><strong><span dir=\"auto\">TIM<\/span><\/strong><span dir=\"auto\">\u00a0apresenta sua\u00a0<\/span><strong><span dir=\"auto\">Black Friday Indecente<\/span><\/strong><span dir=\"auto\">\u00a0. O foco s\u00e3o os descontos que chegam a quase 80% em smartphones e outros\u00a0<\/span><i><span dir=\"auto\">dispositivos<\/span><\/i><span dir=\"auto\">\u00a0super desejados pelos brasileiros, incluindo caixas de som, fones e at\u00e9 smart TV. E para \u201cpersonificar\u201d toda essa ousadia, a operadora lan\u00e7a uma ampla campanha estrelada por\u00a0<\/span><strong><span dir=\"auto\">Cau\u00e3 Reymond<\/span><\/strong><span dir=\"auto\">\u00a0, ao lado das j\u00e1 embaixadoras da marca IZA e Ivete Sangalo.\u00a0<\/span><span dir=\"auto\">A a\u00e7\u00e3o posiciona as ofertas da empresa como\u00a0<\/span><span dir=\"auto\">\u201ct\u00e3o boas que chegam a ser indecentes\u201d e vai contar com 700\u00a0<\/span><i><span dir=\"auto\">criadores<\/span><\/i><span dir=\"auto\">\u00a0para reverberar a mensagem.<\/span><br \/>\n<span dir=\"auto\">O principal destaque \u00e9 o\u00a0<\/span><strong><span dir=\"auto\">iPhone 16e de 256GB<\/span><\/strong><span dir=\"auto\">\u00a0por\u00a0<\/span><strong><span dir=\"auto\">R$ 1.999<\/span><\/strong><span dir=\"auto\">\u00a0\u2013 ou 21 vezes de R$ 96 \u2013 no plano\u00a0<\/span><strong><span dir=\"auto\">TIM Black Fam\u00edlia com Apple One<\/span><\/strong><span dir=\"auto\">\u00a0. A operadora vai trazer novidades ao longo de todo o m\u00eas de novembro, incluindo uma oferta muito vantajosa de Playstation 5 \u2013 buscando se destacar ainda mais na data, que j\u00e1 \u00e9 considerada a principal do varejo no Brasil.<\/span><\/p>\n<p><i><span dir=\"auto\">&#8220;Desenvolvemos as melhores ofertas do mercado para que mais pessoas possam ter acesso aos principais objetos de desejo do mundo da tecnologia. Imaginamos novas possibilidades e chegamos com for\u00e7a total nessa Black Friday, combinando pre\u00e7os in\u00e9ditos no pa\u00eds \u2013 como iPhone 16e 256Gb por menos de R$ 2mil \u2013 com nossos planos de servi\u00e7os e a melhor e maior rede 5G do Brasil\u201d,<\/span><\/i><span dir=\"auto\">\u00a0destaca\u00a0<\/span><strong><span dir=\"auto\">Fabio Avellar<\/span><\/strong><span dir=\"auto\">\u00a0,\u00a0<\/span><strong><span dir=\"auto\">VP de Receitas<\/span><\/strong><span dir=\"auto\">\u00a0da empresa.<\/span><\/p>\n<p><strong><span dir=\"auto\">Campanha multicanal e digital-first<\/span><\/strong><\/p>\n<p><span dir=\"auto\">Para apresentar como ofertas, a campanha de Black Friday marca uma nova fase de comunica\u00e7\u00e3o da TIM. A ideia \u00e9 ser cada vez mais multicanal \u2013 contando, inclusive, com uma plataforma de mais de 700 \u201ccriadores\u201d, que ir\u00e1 pulverizar a mensagem da empresa com a linguagem espec\u00edfica de suas comunidades \u2013 e construir narrativas sequenciais, que misturam diversas m\u00eddias e envolvem o p\u00fablico.<\/span><\/p>\n<p><span dir=\"auto\">Desenvolvida pela\u00a0<\/span><strong><span dir=\"auto\">BETC HAVAS<\/span><\/strong><span dir=\"auto\">\u00a0, uma a\u00e7\u00e3o foi constru\u00edda em etapas para gerar expectativa. Cau\u00e3 Reymond apareceu, ainda no meio de outubro, na grava\u00e7\u00e3o na loja-conceito da operadora Oscar Freire, em S\u00e3o Paulo. A conversa evoluiu nas redes sociais em torno do tema \u201csaudade dessa indec\u00eancia\u201d, capitalizando a repercuss\u00e3o p\u00fablica do ator como o C\u00e9sar da novela \u201cVale Tudo\u201d. O ponto central da fase de aquecimento foi o convite do pr\u00f3prio Cau\u00e3 na quarta-feira, dia 29, para que o p\u00fablico entrasse em uma &#8220;hotlist&#8221; exclusiva, onde ele revelaria um &#8220;projeto indecente&#8221;, priorizando o lan\u00e7amento das ofertas nesse canal de transmiss\u00e3o.<\/span><\/p>\n<p><span dir=\"auto\">A partir da\u00ed, a comunica\u00e7\u00e3o tamb\u00e9m entra na TV aberta, com a estreia em um momento de grande audi\u00eancia: o intervalo da \u00faltima edi\u00e7\u00e3o de William Bonner no Jornal Nacional nesta sexta-feira (31). Ser\u00e3o dois filmes: no primeiro, algumas pessoas \u2013 dentre elas, as embaixadoras da marca IZA e Ivete Sangalo \u2013 aparecem surpresas com algo n\u00e3o identificado, enquanto palavras como \u201cousada\u201d, \u201cchocante\u201d e \u201csedutora\u201d surgem na tela. No fim, Cau\u00e3 entra em cena, tamb\u00e9m reagindo com surpresa. Na sequ\u00eancia, ainda no\u00a0<\/span><i><span dir=\"auto\">break<\/span><\/i><span dir=\"auto\">\u00a0do JN, o segundo filme traz o ator na loja-conceito da TIM comprando o iPhone 16e e aproveitando o pre\u00e7o indecente.<\/span><\/p>\n<p><i><span dir=\"auto\">\u201cA Black Friday \u00e9 uma batalha de aten\u00e7\u00e3o e quisemos fugir do \u00f3bvio, com uma comunica\u00e7\u00e3o provocante para gerar conversa, simples para ser lembrada e forte para trazer engajamento\u201d<\/span><\/i><span dir=\"auto\">\u00a0, explica\u00a0<\/span><strong><span dir=\"auto\">Marcos Lacerda<\/span><\/strong><span dir=\"auto\">\u00a0,\u00a0<\/span><strong><span dir=\"auto\">VP de Marca e Comunica\u00e7\u00e3o da TIM<\/span><\/strong><span dir=\"auto\">\u00a0, que est\u00e1 liderando sua primeira grande campanha desde que trabalhou na carga na companhia, h\u00e1 pouco mais de tr\u00eas meses. O executivo destaca o desafio do excesso de est\u00edmulos na data e foca em uma estrat\u00e9gia \u201cbrandformance\u201d:\u00a0<\/span><i><span dir=\"auto\">\u201cpresen\u00e7a institucional e produto caminham juntos. Nessa campanha, seguimos trabalhando a constru\u00e7\u00e3o de marca e focamos nos indicadores de venda no mesmo movimento. Quando a marca provoca, a conversa acontece. E quando a oferta \u00e9 indecente, o resultado aparece\u201d<\/span><\/i><span dir=\"auto\">\u00a0, resume.<\/span><\/p>\n<p><strong><span dir=\"auto\">Andr\u00e9 Gomes<\/span><\/strong><span dir=\"auto\">\u00a0,\u00a0<\/span><strong><span dir=\"auto\">Chief Business Officer da BETC HAVAS<\/span><\/strong><span dir=\"auto\">\u00a0, complementa sobre o conceito criativo da a\u00e7\u00e3o:\u00a0<\/span><i><span dir=\"auto\">&#8220;nosso ponto de partida foi a ousadia. Criamos uma campanha que provoca de forma bem-humorada. A ideia da &#8216;indec\u00eancia&#8217; traduz essa mistura de surpresa e humor diante de ofertas irresist\u00edveis&#8221;<\/span><\/i><span dir=\"auto\">\u00a0.<\/span><\/p>\n<p><strong><span dir=\"auto\">Ofertas indecentes<\/span><\/strong><\/p>\n<p><span dir=\"auto\">As ofertas indecentes j\u00e1 est\u00e3o dispon\u00edveis em todas as lojas TIM, com descontos que justificam o mote da campanha. O grande destaque \u00e9 o\u00a0<\/span><strong><span dir=\"auto\">iPhone 16e 256GB<\/span><\/strong><span dir=\"auto\"> , que no TIM Black Fam\u00edlia com Apple One com at\u00e9 210GB sai de R$ 6.599 por R$ 1.999 \u2013 ou at\u00e9 21 vezes de R$ 96. O plano \u00e9 o primeiro da Am\u00e9rica Latina a incluir assinatura Apple One (Apple TV+, Apple Music, Apple Arcade e iCloud+) sem custo adicional. O pacote de internet tem WhatsApp sem descontar a franquia e pode ser compartilhado pelo titular com at\u00e9 tr\u00eas dependentes. O titular ainda tem 10GB para redes sociais e roaming internacional nas Am\u00e9ricas e Europa, tudo por R$ 304,99 mensabis.<\/span><\/p>\n<p><span dir=\"auto\">Outra grande vantagem \u00e9 o\u00a0<\/span><strong><span dir=\"auto\">Samsung Galaxy S25 FE 256GB<\/span><\/strong><span dir=\"auto\">\u00a0, com desconto quase 80% de desconto: de R$ 5.699 por apenas R$ 1.299 no TIM Black Fam\u00edlia Premium. A TIM aproveita ainda a data para um lan\u00e7amento exclusivo com a\u00a0<\/span><strong><span dir=\"auto\">Motorola<\/span><\/strong><span dir=\"auto\">\u00a0: o\u00a0<\/span><strong><span dir=\"auto\">Edge 60 Neo<\/span><\/strong><span dir=\"auto\">\u00a0. O smartphone, que tem design compacto e ultrarresistente, c\u00e2mera com sensor Sony &#8211; LYTIA\u2122 de 50 MP com o melhor zoom da categoria e intelig\u00eancia artificial, ser\u00e1 comercializado por R$ 999 tamb\u00e9m no TIM Black Fam\u00edlia Premium.<\/span><\/p>\n<p><span dir=\"auto\">H\u00e1 ainda ofertas no TIM Controle e descontos em caixas de som, TVs, fones e outros dispositivos. A &#8220;indec\u00eancia&#8221; da campanha se traduz tamb\u00e9m em incremento de internet nos planos. O TIM Black Fam\u00edlia Premium e o TIM Black Fam\u00edlia com Apple One podem chegar a um total de 210GB por R$ 304,99 mensais e o TIM Black Premium a 125GB por R$ 159,99 mensais. J\u00e1 no TIM Controle Plus e no TIM Controle Redes Sociais, o cliente pode acumular um pacote de at\u00e9 54GB de internet por at\u00e9 R$ 69,99. No pr\u00e9-pago, a plataforma Recarga Premiada ter\u00e1 sorteios semanais de com celulares Samsung Galaxy S25 256GB e um sorteio final de R$ 100 mil.<\/span><br \/>\n<span dir=\"auto\">A\u00a0<\/span><strong><span dir=\"auto\">TIM Ultrafibra<\/span><\/strong><span dir=\"auto\">\u00a0tamb\u00e9m ter\u00e1 promo\u00e7\u00f5es para a data. A principal novidade \u00e9 a extens\u00e3o do desconto em smartphones e acess\u00f3rios para clientes do servi\u00e7o, que variam de acordo com o plano contratado mediante fideliza\u00e7\u00e3o de 12 meses. Al\u00e9m disso, a operadora oferece um plano exclusivo de Black Friday com velocidade de 1 Giga por R$ 129,99 mensais e assinatura Globoplay inclusa.<\/span><\/p>\n<p><span dir=\"auto\">Todas as ofertas dispon\u00edveis est\u00e3o\u00a0<\/span><span dir=\"auto\">em\u00a0<\/span><a href=\"https:\/\/www.tim.com.br\/\" target=\"_blank\" rel=\"noopener\" data-saferedirecturl=\"https:\/\/www.google.com\/url?hl=pt-BR&amp;q=https:\/\/www.tim.com.br&amp;source=gmail&amp;ust=1762361568276000&amp;usg=AOvVaw0S8jLcBpgIIV7E5BfrPMVj\"><u><span dir=\"auto\">www.tim.com.br.<\/span><\/u><\/a><\/td>\n<\/tr>\n<\/tbody>\n<\/table>\n<\/div>\n<\/div>\n<\/div>\n<\/div>\n<\/div>\n<\/div>\n<\/div>\n<\/div>\n<\/div>\n<\/div>\n<\/div>\n<\/div>\n<\/div>\n<p><strong><span dir=\"auto\">R$ 1.999<\/span><\/strong><\/p>\n<ul>\n<li><i><strong><span dir=\"auto\">Operadora avan\u00e7ou em nova fase da comunica\u00e7\u00e3o e aposta em estrat\u00e9gia digital-first, com &#8220;hotlist&#8221; exclusiva do ator apresentando as ofertas antes da estreia na TV<\/span><\/strong><\/i><\/li>\n<li><i><strong><span dir=\"auto\">Pre\u00e7os \u201cindecentes\u201d no p\u00f3s-pago incluem iPhone 16e com mais de 65% de desconto, Samsung S25 FE por R$ 1.299 e lan\u00e7amento exclusivo da Motorola<\/span><\/strong><\/i><\/li>\n<\/ul>\n<p><span dir=\"auto\">Combinando ofertas surpreendentes e uma nova linha de comunica\u00e7\u00e3o, a\u00a0<\/span><strong><span dir=\"auto\">TIM<\/span><\/strong><span dir=\"auto\">\u00a0apresenta sua\u00a0<\/span><strong><span dir=\"auto\">Black Friday Indecente<\/span><\/strong><span dir=\"auto\">\u00a0. O foco s\u00e3o os descontos que chegam a quase 80% em smartphones e outros\u00a0<\/span><i><span dir=\"auto\">dispositivos<\/span><\/i><span dir=\"auto\">\u00a0super desejados pelos brasileiros, incluindo caixas de som, fones e at\u00e9 smart TV. E para \u201cpersonificar\u201d toda essa ousadia, a operadora lan\u00e7a uma ampla campanha estrelada por\u00a0<\/span><strong><span dir=\"auto\">Cau\u00e3 Reymond<\/span><\/strong><span dir=\"auto\">\u00a0, ao lado das j\u00e1 embaixadoras da marca IZA e Ivete Sangalo.\u00a0<\/span><span dir=\"auto\">A a\u00e7\u00e3o posiciona as ofertas da empresa como\u00a0<\/span><span dir=\"auto\">\u201ct\u00e3o boas que chegam a ser indecentes\u201d e vai contar com 700\u00a0<\/span><i><span dir=\"auto\">criadores<\/span><\/i><span dir=\"auto\">\u00a0para reverberar a mensagem.<\/span><br \/>\n<span dir=\"auto\">O principal destaque \u00e9 o\u00a0<\/span><strong><span dir=\"auto\">iPhone 16e de 256GB<\/span><\/strong><span dir=\"auto\">\u00a0por\u00a0<\/span><strong><span dir=\"auto\">R$ 1.999<\/span><\/strong><span dir=\"auto\">\u00a0\u2013 ou 21 vezes de R$ 96 \u2013 no plano\u00a0<\/span><strong><span dir=\"auto\">TIM Black Fam\u00edlia com Apple One<\/span><\/strong><span dir=\"auto\">\u00a0. A operadora vai trazer novidades ao longo de todo o m\u00eas de novembro, incluindo uma oferta muito vantajosa de Playstation 5 \u2013 buscando se destacar ainda mais na data, que j\u00e1 \u00e9 considerada a principal do varejo no Brasil.<\/span><\/p>\n<p><i><span dir=\"auto\">&#8220;Desenvolvemos as melhores ofertas do mercado para que mais pessoas possam ter acesso aos principais objetos de desejo do mundo da tecnologia. Imaginamos novas possibilidades e chegamos com for\u00e7a total nessa Black Friday, combinando pre\u00e7os in\u00e9ditos no pa\u00eds \u2013 como iPhone 16e 256Gb por menos de R$ 2mil \u2013 com nossos planos de servi\u00e7os e a melhor e maior rede 5G do Brasil\u201d,<\/span><\/i><span dir=\"auto\">\u00a0destaca\u00a0<\/span><strong><span dir=\"auto\">Fabio Avellar<\/span><\/strong><span dir=\"auto\">\u00a0,\u00a0<\/span><strong><span dir=\"auto\">VP de Receitas<\/span><\/strong><span dir=\"auto\">\u00a0da empresa.<\/span><\/p>\n<p><strong><span dir=\"auto\">Campanha multicanal e digital-first<\/span><\/strong><\/p>\n<p><span dir=\"auto\">Para apresentar como ofertas, a campanha de Black Friday marca uma nova fase de comunica\u00e7\u00e3o da TIM. A ideia \u00e9 ser cada vez mais multicanal \u2013 contando, inclusive, com uma plataforma de mais de 700 \u201ccriadores\u201d, que ir\u00e1 pulverizar a mensagem da empresa com a linguagem espec\u00edfica de suas comunidades \u2013 e construir narrativas sequenciais, que misturam diversas m\u00eddias e envolvem o p\u00fablico.<\/span><\/p>\n<p><span dir=\"auto\">Desenvolvida pela\u00a0<\/span><strong><span dir=\"auto\">BETC HAVAS<\/span><\/strong><span dir=\"auto\">\u00a0, uma a\u00e7\u00e3o foi constru\u00edda em etapas para gerar expectativa. Cau\u00e3 Reymond apareceu, ainda no meio de outubro, na grava\u00e7\u00e3o na loja-conceito da operadora Oscar Freire, em S\u00e3o Paulo. A conversa evoluiu nas redes sociais em torno do tema \u201csaudade dessa indec\u00eancia\u201d, capitalizando a repercuss\u00e3o p\u00fablica do ator como o C\u00e9sar da novela \u201cVale Tudo\u201d. O ponto central da fase de aquecimento foi o convite do pr\u00f3prio Cau\u00e3 na quarta-feira, dia 29, para que o p\u00fablico entrasse em uma &#8220;hotlist&#8221; exclusiva, onde ele revelaria um &#8220;projeto indecente&#8221;, priorizando o lan\u00e7amento das ofertas nesse canal de transmiss\u00e3o.<\/span><\/p>\n<p><span dir=\"auto\">A partir da\u00ed, a comunica\u00e7\u00e3o tamb\u00e9m entra na TV aberta, com a estreia em um momento de grande audi\u00eancia: o intervalo da \u00faltima edi\u00e7\u00e3o de William Bonner no Jornal Nacional nesta sexta-feira (31). Ser\u00e3o dois filmes: no primeiro, algumas pessoas \u2013 dentre elas, as embaixadoras da marca IZA e Ivete Sangalo \u2013 aparecem surpresas com algo n\u00e3o identificado, enquanto palavras como \u201cousada\u201d, \u201cchocante\u201d e \u201csedutora\u201d surgem na tela. No fim, Cau\u00e3 entra em cena, tamb\u00e9m reagindo com surpresa. Na sequ\u00eancia, ainda no\u00a0<\/span><i><span dir=\"auto\">break<\/span><\/i><span dir=\"auto\">\u00a0do JN, o segundo filme traz o ator na loja-conceito da TIM comprando o iPhone 16e e aproveitando o pre\u00e7o indecente.<\/span><\/p>\n<p><i><span dir=\"auto\">\u201cA Black Friday \u00e9 uma batalha de aten\u00e7\u00e3o e quisemos fugir do \u00f3bvio, com uma comunica\u00e7\u00e3o provocante para gerar conversa, simples para ser lembrada e forte para trazer engajamento\u201d<\/span><\/i><span dir=\"auto\">\u00a0, explica\u00a0<\/span><strong><span dir=\"auto\">Marcos Lacerda<\/span><\/strong><span dir=\"auto\">\u00a0,\u00a0<\/span><strong><span dir=\"auto\">VP de Marca e Comunica\u00e7\u00e3o da TIM<\/span><\/strong><span dir=\"auto\">\u00a0, que est\u00e1 liderando sua primeira grande campanha desde que trabalhou na carga na companhia, h\u00e1 pouco mais de tr\u00eas meses. O executivo destaca o desafio do excesso de est\u00edmulos na data e foca em uma estrat\u00e9gia \u201cbrandformance\u201d:\u00a0<\/span><i><span dir=\"auto\">\u201cpresen\u00e7a institucional e produto caminham juntos. Nessa campanha, seguimos trabalhando a constru\u00e7\u00e3o de marca e focamos nos indicadores de venda no mesmo movimento. Quando a marca provoca, a conversa acontece. E quando a oferta \u00e9 indecente, o resultado aparece\u201d<\/span><\/i><span dir=\"auto\">\u00a0, resume.<\/span><\/p>\n<p><strong><span dir=\"auto\">Andr\u00e9 Gomes<\/span><\/strong><span dir=\"auto\">\u00a0,\u00a0<\/span><strong><span dir=\"auto\">Chief Business Officer da BETC HAVAS<\/span><\/strong><span dir=\"auto\">\u00a0, complementa sobre o conceito criativo da a\u00e7\u00e3o:\u00a0<\/span><i><span dir=\"auto\">&#8220;nosso ponto de partida foi a ousadia. Criamos uma campanha que provoca de forma bem-humorada. A ideia da &#8216;indec\u00eancia&#8217; traduz essa mistura de surpresa e humor diante de ofertas irresist\u00edveis&#8221;<\/span><\/i><span dir=\"auto\">\u00a0.<\/span><\/p>\n<p><strong><span dir=\"auto\">Ofertas indecentes<\/span><\/strong><\/p>\n<p><span dir=\"auto\">As ofertas indecentes j\u00e1 est\u00e3o dispon\u00edveis em todas as lojas TIM, com descontos que justificam o mote da campanha. O grande destaque \u00e9 o\u00a0<\/span><strong><span dir=\"auto\">iPhone 16e 256GB<\/span><\/strong><span dir=\"auto\">\u00a0, que no TIM Black Fam\u00edlia com Apple One com at\u00e9 210GB sai de R$ 6.599 por R$ 1.999 \u2013 ou at\u00e9 21 vezes de R$ 96. O plano \u00e9 o primeiro da Am\u00e9rica Latina a incluir assinatura Apple One (Apple TV+, Apple Music, Apple Arcade e iCloud+) sem custo adicional. O pacote de internet tem WhatsApp sem descontar a franquia e pode ser compartilhado pelo titular com at\u00e9 tr\u00eas dependentes. O titular ainda tem 10GB para redes sociais e roaming internacional nas Am\u00e9ricas e Europa, tudo por R$ 304,99 mensais.<\/span><\/p>\n<p><span dir=\"auto\">Outra grande vantagem \u00e9 o\u00a0<\/span><strong><span dir=\"auto\">Samsung Galaxy S25 FE 256GB<\/span><\/strong><span dir=\"auto\">\u00a0, com desconto quase 80% de desconto: de R$ 5.699 por apenas R$ 1.299 no TIM Black Fam\u00edlia Premium. A TIM aproveita ainda a data para um lan\u00e7amento exclusivo com a\u00a0<\/span><strong><span dir=\"auto\">Motorola<\/span><\/strong><span dir=\"auto\">\u00a0: o\u00a0<\/span><strong><span dir=\"auto\">Edge 60 Neo<\/span><\/strong><span dir=\"auto\">\u00a0. O smartphone, que tem design compacto e ultrarresistente, c\u00e2mera com sensor Sony &#8211; LYTIA\u2122 de 50 MP com o melhor zoom da categoria e intelig\u00eancia artificial, ser\u00e1 comercializado por R$ 999 tamb\u00e9m no TIM Black Fam\u00edlia Premium.<\/span><\/p>\n<p><span dir=\"auto\">H\u00e1 ainda ofertas no TIM Controle e descontos em caixas de som, TVs, fones e outros dispositivos. A &#8220;indec\u00eancia&#8221; da campanha se traduz tamb\u00e9m em incremento de internet nos planos. O TIM Black Fam\u00edlia Premium e o TIM Black Fam\u00edlia com Apple One podem chegar a um total de 210GB por R$ 304,99 mensais e o TIM Black Premium a 125GB por R$ 159,99 mensais. J\u00e1 no TIM Controle Plus e no TIM Controle Redes Sociais, o cliente pode acumular um pacote de at\u00e9 54GB de internet por at\u00e9 R$ 69,99. No pr\u00e9-pago, a plataforma Recarga Premiada ter\u00e1 sorteios semanais de com celulares Samsung Galaxy S25 256GB e um sorteio final de R$ 100 mil.<\/span><br \/>\n<span dir=\"auto\">A\u00a0<\/span><strong><span dir=\"auto\">TIM Ultrafibra<\/span><\/strong><span dir=\"auto\">\u00a0tamb\u00e9m ter\u00e1 promo\u00e7\u00f5es para a data. A principal novidade \u00e9 a extens\u00e3o do desconto em smartphones e acess\u00f3rios para clientes do servi\u00e7o, que variam de acordo com o plano contratado mediante fideliza\u00e7\u00e3o de 12 meses. Al\u00e9m disso, a operadora oferece um plano exclusivo de Black Friday com velocidade de 1 Giga por R$ 129,99 mensais e assinatura Globoplay inclusa.<\/span><\/p>\n<p><span dir=\"auto\">Todas as ofertas dispon\u00edveis est\u00e3o\u00a0<\/span><span dir=\"auto\">em\u00a0<\/span><a href=\"https:\/\/www.tim.com.br\/\" target=\"_blank\" rel=\"noopener\" data-saferedirecturl=\"https:\/\/www.google.com\/url?hl=pt-BR&amp;q=https:\/\/www.tim.com.br&amp;source=gmail&amp;ust=1762361568276000&amp;usg=AOvVaw0S8jLcBpgIIV7E5BfrPMVj\"><u><span dir=\"auto\">www.tim.com.br.<\/span><\/u><\/a><\/td>\n<\/tr>\n<\/tbody>\n<\/table>\n<\/div>\n<\/div>\n<\/div>\n<\/div>\n<\/div>\n<\/div>\n<\/div>\n<\/div>\n<\/div>\n<\/div>\n<\/div>\n<\/div>\n<\/div>\n","protected":false},"excerpt":{"rendered":"<p>Combinando ofertas surpreendentes e uma nova linha de comunica\u00e7\u00e3o, a\u00a0TIM\u00a0apresenta sua\u00a0Black Friday Indecente\u00a0. O foco s\u00e3o os descontos que chegam a quase 80% em smartphones e outros\u00a0dispositivos\u00a0super desejados pelos brasileiros, incluindo caixas de som, fones e at\u00e9 smart TV. E para \u201cpersonificar\u201d toda essa ousadia, a operadora lan\u00e7a uma ampla campanha estrelada por\u00a0Cau\u00e3 Reymond\u00a0, ao lado das j\u00e1 embaixadoras da marca IZA e Ivete Sangalo.\u00a0A a\u00e7\u00e3o posiciona as ofertas da empresa como\u00a0\u201ct\u00e3o boas que chegam a ser indecentes\u201d e vai contar com 700\u00a0criadores\u00a0para reverberar a mensagem. O principal destaque \u00e9 o\u00a0iPhone 16e de 256GB\u00a0por\u00a0R$ 1.999\u00a0\u2013 ou 21 vezes de R$ 96 \u2013 no plano\u00a0TIM Black Fam\u00edlia com Apple One\u00a0. A operadora vai trazer novidades ao longo de todo o m\u00eas&hellip; <\/p>\n","protected":false},"author":2,"featured_media":177063,"comment_status":"open","ping_status":"open","sticky":false,"template":"","format":"standard","meta":{"_acf_changed":false,"footnotes":""},"categories":[20],"tags":[],"class_list":["post-407400","post","type-post","status-publish","format-standard","has-post-thumbnail","hentry","category-economia"],"acf":[],"yoast_head":"<!-- This site is optimized with the Yoast SEO plugin v27.5 - https:\/\/yoast.com\/product\/yoast-seo-wordpress\/ -->\n<title>Black Friday \u201cindecente\u201d da TIM tem hotlist com Cau\u00e3 Reymond para destacar iPhone 16e por R$ 1.999 - Blog do Farn\u00e9sio<\/title>\n<meta name=\"robots\" content=\"index, follow, max-snippet:-1, max-image-preview:large, max-video-preview:-1\" \/>\n<link rel=\"canonical\" href=\"https:\/\/blogdofarnesio.com.br\/2025\/11\/black-friday-indecente-da-tim-tem-hotlist-com-caua-reymond-para-destacar-iphone-16e-por-r-1-999\/\" \/>\n<meta property=\"og:locale\" content=\"pt_BR\" \/>\n<meta property=\"og:type\" content=\"article\" \/>\n<meta property=\"og:title\" content=\"Black Friday \u201cindecente\u201d da TIM tem hotlist com Cau\u00e3 Reymond para destacar iPhone 16e por R$ 1.999 - Blog do Farn\u00e9sio\" \/>\n<meta property=\"og:description\" content=\"Combinando ofertas surpreendentes e uma nova linha de comunica\u00e7\u00e3o, a\u00a0TIM\u00a0apresenta sua\u00a0Black Friday Indecente\u00a0. O foco s\u00e3o os descontos que chegam a quase 80% em smartphones e outros\u00a0dispositivos\u00a0super desejados pelos brasileiros, incluindo caixas de som, fones e at\u00e9 smart TV. E para \u201cpersonificar\u201d toda essa ousadia, a operadora lan\u00e7a uma ampla campanha estrelada por\u00a0Cau\u00e3 Reymond\u00a0, ao lado das j\u00e1 embaixadoras da marca IZA e Ivete Sangalo.\u00a0A a\u00e7\u00e3o posiciona as ofertas da empresa como\u00a0\u201ct\u00e3o boas que chegam a ser indecentes\u201d e vai contar com 700\u00a0criadores\u00a0para reverberar a mensagem. O principal destaque \u00e9 o\u00a0iPhone 16e de 256GB\u00a0por\u00a0R$ 1.999\u00a0\u2013 ou 21 vezes de R$ 96 \u2013 no plano\u00a0TIM Black Fam\u00edlia com Apple One\u00a0. A operadora vai trazer novidades ao longo de todo o m\u00eas&hellip;\" \/>\n<meta property=\"og:url\" content=\"https:\/\/blogdofarnesio.com.br\/2025\/11\/black-friday-indecente-da-tim-tem-hotlist-com-caua-reymond-para-destacar-iphone-16e-por-r-1-999\/\" \/>\n<meta property=\"og:site_name\" content=\"Blog do Farn\u00e9sio\" \/>\n<meta property=\"article:publisher\" content=\"https:\/\/www.facebook.com\/BlogQuerSaberPolitica\/\" \/>\n<meta property=\"article:author\" content=\"https:\/\/www.facebook.com\/?ref=tn_tnmn\" \/>\n<meta property=\"article:published_time\" content=\"2025-11-04T18:01:16+00:00\" \/>\n<meta property=\"og:image\" content=\"https:\/\/blogdofarnesio.com.br\/wp-content\/uploads\/2017\/09\/blogqspoqueoops0.png\" \/>\n\t<meta property=\"og:image:width\" content=\"512\" \/>\n\t<meta property=\"og:image:height\" content=\"512\" \/>\n\t<meta property=\"og:image:type\" content=\"image\/png\" \/>\n<meta name=\"author\" content=\"Farn\u00e9sio\" \/>\n<meta name=\"twitter:card\" content=\"summary_large_image\" \/>\n<meta name=\"twitter:label1\" content=\"Escrito por\" \/>\n\t<meta name=\"twitter:data1\" content=\"Farn\u00e9sio\" \/>\n\t<meta name=\"twitter:label2\" content=\"Est. tempo de leitura\" \/>\n\t<meta name=\"twitter:data2\" content=\"12 minutos\" \/>\n<script type=\"application\/ld+json\" class=\"yoast-schema-graph\">{\"@context\":\"https:\\\/\\\/schema.org\",\"@graph\":[{\"@type\":\"Article\",\"@id\":\"https:\\\/\\\/blogdofarnesio.com.br\\\/2025\\\/11\\\/black-friday-indecente-da-tim-tem-hotlist-com-caua-reymond-para-destacar-iphone-16e-por-r-1-999\\\/#article\",\"isPartOf\":{\"@id\":\"https:\\\/\\\/blogdofarnesio.com.br\\\/2025\\\/11\\\/black-friday-indecente-da-tim-tem-hotlist-com-caua-reymond-para-destacar-iphone-16e-por-r-1-999\\\/\"},\"author\":{\"name\":\"Farn\u00e9sio\",\"@id\":\"https:\\\/\\\/blogdofarnesio.com.br\\\/#\\\/schema\\\/person\\\/bb9b23ae3ad0609ce8df7b6c9e76824d\"},\"headline\":\"Black Friday \u201cindecente\u201d da TIM tem hotlist com Cau\u00e3 Reymond para destacar iPhone 16e por R$ 1.999\",\"datePublished\":\"2025-11-04T18:01:16+00:00\",\"mainEntityOfPage\":{\"@id\":\"https:\\\/\\\/blogdofarnesio.com.br\\\/2025\\\/11\\\/black-friday-indecente-da-tim-tem-hotlist-com-caua-reymond-para-destacar-iphone-16e-por-r-1-999\\\/\"},\"wordCount\":2232,\"commentCount\":0,\"publisher\":{\"@id\":\"https:\\\/\\\/blogdofarnesio.com.br\\\/#organization\"},\"image\":{\"@id\":\"https:\\\/\\\/blogdofarnesio.com.br\\\/2025\\\/11\\\/black-friday-indecente-da-tim-tem-hotlist-com-caua-reymond-para-destacar-iphone-16e-por-r-1-999\\\/#primaryimage\"},\"thumbnailUrl\":\"https:\\\/\\\/blogdofarnesio.com.br\\\/wp-content\\\/uploads\\\/2017\\\/09\\\/blogqspoqueoops0.png\",\"articleSection\":[\"Economia\"],\"inLanguage\":\"pt-BR\",\"potentialAction\":[{\"@type\":\"CommentAction\",\"name\":\"Comment\",\"target\":[\"https:\\\/\\\/blogdofarnesio.com.br\\\/2025\\\/11\\\/black-friday-indecente-da-tim-tem-hotlist-com-caua-reymond-para-destacar-iphone-16e-por-r-1-999\\\/#respond\"]}]},{\"@type\":\"WebPage\",\"@id\":\"https:\\\/\\\/blogdofarnesio.com.br\\\/2025\\\/11\\\/black-friday-indecente-da-tim-tem-hotlist-com-caua-reymond-para-destacar-iphone-16e-por-r-1-999\\\/\",\"url\":\"https:\\\/\\\/blogdofarnesio.com.br\\\/2025\\\/11\\\/black-friday-indecente-da-tim-tem-hotlist-com-caua-reymond-para-destacar-iphone-16e-por-r-1-999\\\/\",\"name\":\"Black Friday \u201cindecente\u201d da TIM tem hotlist com Cau\u00e3 Reymond para destacar iPhone 16e por R$ 1.999 - Blog do Farn\u00e9sio\",\"isPartOf\":{\"@id\":\"https:\\\/\\\/blogdofarnesio.com.br\\\/#website\"},\"primaryImageOfPage\":{\"@id\":\"https:\\\/\\\/blogdofarnesio.com.br\\\/2025\\\/11\\\/black-friday-indecente-da-tim-tem-hotlist-com-caua-reymond-para-destacar-iphone-16e-por-r-1-999\\\/#primaryimage\"},\"image\":{\"@id\":\"https:\\\/\\\/blogdofarnesio.com.br\\\/2025\\\/11\\\/black-friday-indecente-da-tim-tem-hotlist-com-caua-reymond-para-destacar-iphone-16e-por-r-1-999\\\/#primaryimage\"},\"thumbnailUrl\":\"https:\\\/\\\/blogdofarnesio.com.br\\\/wp-content\\\/uploads\\\/2017\\\/09\\\/blogqspoqueoops0.png\",\"datePublished\":\"2025-11-04T18:01:16+00:00\",\"breadcrumb\":{\"@id\":\"https:\\\/\\\/blogdofarnesio.com.br\\\/2025\\\/11\\\/black-friday-indecente-da-tim-tem-hotlist-com-caua-reymond-para-destacar-iphone-16e-por-r-1-999\\\/#breadcrumb\"},\"inLanguage\":\"pt-BR\",\"potentialAction\":[{\"@type\":\"ReadAction\",\"target\":[\"https:\\\/\\\/blogdofarnesio.com.br\\\/2025\\\/11\\\/black-friday-indecente-da-tim-tem-hotlist-com-caua-reymond-para-destacar-iphone-16e-por-r-1-999\\\/\"]}]},{\"@type\":\"ImageObject\",\"inLanguage\":\"pt-BR\",\"@id\":\"https:\\\/\\\/blogdofarnesio.com.br\\\/2025\\\/11\\\/black-friday-indecente-da-tim-tem-hotlist-com-caua-reymond-para-destacar-iphone-16e-por-r-1-999\\\/#primaryimage\",\"url\":\"https:\\\/\\\/blogdofarnesio.com.br\\\/wp-content\\\/uploads\\\/2017\\\/09\\\/blogqspoqueoops0.png\",\"contentUrl\":\"https:\\\/\\\/blogdofarnesio.com.br\\\/wp-content\\\/uploads\\\/2017\\\/09\\\/blogqspoqueoops0.png\",\"width\":512,\"height\":512},{\"@type\":\"BreadcrumbList\",\"@id\":\"https:\\\/\\\/blogdofarnesio.com.br\\\/2025\\\/11\\\/black-friday-indecente-da-tim-tem-hotlist-com-caua-reymond-para-destacar-iphone-16e-por-r-1-999\\\/#breadcrumb\",\"itemListElement\":[{\"@type\":\"ListItem\",\"position\":1,\"name\":\"In\u00edcio\",\"item\":\"https:\\\/\\\/blogdofarnesio.com.br\\\/\"},{\"@type\":\"ListItem\",\"position\":2,\"name\":\"Black Friday \u201cindecente\u201d da TIM tem hotlist com Cau\u00e3 Reymond para destacar iPhone 16e por R$ 1.999\"}]},{\"@type\":\"WebSite\",\"@id\":\"https:\\\/\\\/blogdofarnesio.com.br\\\/#website\",\"url\":\"https:\\\/\\\/blogdofarnesio.com.br\\\/\",\"name\":\"Blog do Farn\u00e9sio\",\"description\":\"Quer Saber Pol\u00edtica?\",\"publisher\":{\"@id\":\"https:\\\/\\\/blogdofarnesio.com.br\\\/#organization\"},\"potentialAction\":[{\"@type\":\"SearchAction\",\"target\":{\"@type\":\"EntryPoint\",\"urlTemplate\":\"https:\\\/\\\/blogdofarnesio.com.br\\\/?s={search_term_string}\"},\"query-input\":{\"@type\":\"PropertyValueSpecification\",\"valueRequired\":true,\"valueName\":\"search_term_string\"}}],\"inLanguage\":\"pt-BR\"},{\"@type\":\"Organization\",\"@id\":\"https:\\\/\\\/blogdofarnesio.com.br\\\/#organization\",\"name\":\"Blog do Farn\u00e9sio\",\"url\":\"https:\\\/\\\/blogdofarnesio.com.br\\\/\",\"logo\":{\"@type\":\"ImageObject\",\"inLanguage\":\"pt-BR\",\"@id\":\"https:\\\/\\\/blogdofarnesio.com.br\\\/#\\\/schema\\\/logo\\\/image\\\/\",\"url\":\"https:\\\/\\\/blogdofarnesio.com.br\\\/wp-content\\\/uploads\\\/2026\\\/03\\\/cropped-logo_new-1.png\",\"contentUrl\":\"https:\\\/\\\/blogdofarnesio.com.br\\\/wp-content\\\/uploads\\\/2026\\\/03\\\/cropped-logo_new-1.png\",\"width\":881,\"height\":685,\"caption\":\"Blog do Farn\u00e9sio\"},\"image\":{\"@id\":\"https:\\\/\\\/blogdofarnesio.com.br\\\/#\\\/schema\\\/logo\\\/image\\\/\"},\"sameAs\":[\"https:\\\/\\\/www.facebook.com\\\/BlogQuerSaberPolitica\\\/\"]},{\"@type\":\"Person\",\"@id\":\"https:\\\/\\\/blogdofarnesio.com.br\\\/#\\\/schema\\\/person\\\/bb9b23ae3ad0609ce8df7b6c9e76824d\",\"name\":\"Farn\u00e9sio\",\"image\":{\"@type\":\"ImageObject\",\"inLanguage\":\"pt-BR\",\"@id\":\"https:\\\/\\\/secure.gravatar.com\\\/avatar\\\/986aa4c61ccdb66f8555bf88fc2a65609d00bcabd4d2d94377a727547345cbca?s=96&d=mm&r=g\",\"url\":\"https:\\\/\\\/secure.gravatar.com\\\/avatar\\\/986aa4c61ccdb66f8555bf88fc2a65609d00bcabd4d2d94377a727547345cbca?s=96&d=mm&r=g\",\"contentUrl\":\"https:\\\/\\\/secure.gravatar.com\\\/avatar\\\/986aa4c61ccdb66f8555bf88fc2a65609d00bcabd4d2d94377a727547345cbca?s=96&d=mm&r=g\",\"caption\":\"Farn\u00e9sio\"},\"description\":\"Radialista blogueiro, chegou a Petrolina\\\/Juazeiro em setembro de 1980, Farn\u00e9sio Silva \u00e9 de Arapiraca-Alagoas.\",\"sameAs\":[\"http:\\\/\\\/blogdofarnesio.com.br\",\"https:\\\/\\\/www.facebook.com\\\/?ref=tn_tnmn\",\"https:\\\/\\\/www.instagram.com\\\/?utm_source=pwa_homescreen\",\"https:\\\/\\\/youtube.com.br\\\/\"],\"url\":\"https:\\\/\\\/blogdofarnesio.com.br\\\/author\\\/farnesio-2\\\/\"}]}<\/script>\n<!-- \/ Yoast SEO plugin. -->","yoast_head_json":{"title":"Black Friday \u201cindecente\u201d da TIM tem hotlist com Cau\u00e3 Reymond para destacar iPhone 16e por R$ 1.999 - Blog do Farn\u00e9sio","robots":{"index":"index","follow":"follow","max-snippet":"max-snippet:-1","max-image-preview":"max-image-preview:large","max-video-preview":"max-video-preview:-1"},"canonical":"https:\/\/blogdofarnesio.com.br\/2025\/11\/black-friday-indecente-da-tim-tem-hotlist-com-caua-reymond-para-destacar-iphone-16e-por-r-1-999\/","og_locale":"pt_BR","og_type":"article","og_title":"Black Friday \u201cindecente\u201d da TIM tem hotlist com Cau\u00e3 Reymond para destacar iPhone 16e por R$ 1.999 - Blog do Farn\u00e9sio","og_description":"Combinando ofertas surpreendentes e uma nova linha de comunica\u00e7\u00e3o, a\u00a0TIM\u00a0apresenta sua\u00a0Black Friday Indecente\u00a0. O foco s\u00e3o os descontos que chegam a quase 80% em smartphones e outros\u00a0dispositivos\u00a0super desejados pelos brasileiros, incluindo caixas de som, fones e at\u00e9 smart TV. E para \u201cpersonificar\u201d toda essa ousadia, a operadora lan\u00e7a uma ampla campanha estrelada por\u00a0Cau\u00e3 Reymond\u00a0, ao lado das j\u00e1 embaixadoras da marca IZA e Ivete Sangalo.\u00a0A a\u00e7\u00e3o posiciona as ofertas da empresa como\u00a0\u201ct\u00e3o boas que chegam a ser indecentes\u201d e vai contar com 700\u00a0criadores\u00a0para reverberar a mensagem. O principal destaque \u00e9 o\u00a0iPhone 16e de 256GB\u00a0por\u00a0R$ 1.999\u00a0\u2013 ou 21 vezes de R$ 96 \u2013 no plano\u00a0TIM Black Fam\u00edlia com Apple One\u00a0. A operadora vai trazer novidades ao longo de todo o m\u00eas&hellip;","og_url":"https:\/\/blogdofarnesio.com.br\/2025\/11\/black-friday-indecente-da-tim-tem-hotlist-com-caua-reymond-para-destacar-iphone-16e-por-r-1-999\/","og_site_name":"Blog do Farn\u00e9sio","article_publisher":"https:\/\/www.facebook.com\/BlogQuerSaberPolitica\/","article_author":"https:\/\/www.facebook.com\/?ref=tn_tnmn","article_published_time":"2025-11-04T18:01:16+00:00","og_image":[{"width":512,"height":512,"url":"https:\/\/blogdofarnesio.com.br\/wp-content\/uploads\/2017\/09\/blogqspoqueoops0.png","type":"image\/png"}],"author":"Farn\u00e9sio","twitter_card":"summary_large_image","twitter_misc":{"Escrito por":"Farn\u00e9sio","Est. tempo de leitura":"12 minutos"},"schema":{"@context":"https:\/\/schema.org","@graph":[{"@type":"Article","@id":"https:\/\/blogdofarnesio.com.br\/2025\/11\/black-friday-indecente-da-tim-tem-hotlist-com-caua-reymond-para-destacar-iphone-16e-por-r-1-999\/#article","isPartOf":{"@id":"https:\/\/blogdofarnesio.com.br\/2025\/11\/black-friday-indecente-da-tim-tem-hotlist-com-caua-reymond-para-destacar-iphone-16e-por-r-1-999\/"},"author":{"name":"Farn\u00e9sio","@id":"https:\/\/blogdofarnesio.com.br\/#\/schema\/person\/bb9b23ae3ad0609ce8df7b6c9e76824d"},"headline":"Black Friday \u201cindecente\u201d da TIM tem hotlist com Cau\u00e3 Reymond para destacar iPhone 16e por R$ 1.999","datePublished":"2025-11-04T18:01:16+00:00","mainEntityOfPage":{"@id":"https:\/\/blogdofarnesio.com.br\/2025\/11\/black-friday-indecente-da-tim-tem-hotlist-com-caua-reymond-para-destacar-iphone-16e-por-r-1-999\/"},"wordCount":2232,"commentCount":0,"publisher":{"@id":"https:\/\/blogdofarnesio.com.br\/#organization"},"image":{"@id":"https:\/\/blogdofarnesio.com.br\/2025\/11\/black-friday-indecente-da-tim-tem-hotlist-com-caua-reymond-para-destacar-iphone-16e-por-r-1-999\/#primaryimage"},"thumbnailUrl":"https:\/\/blogdofarnesio.com.br\/wp-content\/uploads\/2017\/09\/blogqspoqueoops0.png","articleSection":["Economia"],"inLanguage":"pt-BR","potentialAction":[{"@type":"CommentAction","name":"Comment","target":["https:\/\/blogdofarnesio.com.br\/2025\/11\/black-friday-indecente-da-tim-tem-hotlist-com-caua-reymond-para-destacar-iphone-16e-por-r-1-999\/#respond"]}]},{"@type":"WebPage","@id":"https:\/\/blogdofarnesio.com.br\/2025\/11\/black-friday-indecente-da-tim-tem-hotlist-com-caua-reymond-para-destacar-iphone-16e-por-r-1-999\/","url":"https:\/\/blogdofarnesio.com.br\/2025\/11\/black-friday-indecente-da-tim-tem-hotlist-com-caua-reymond-para-destacar-iphone-16e-por-r-1-999\/","name":"Black Friday \u201cindecente\u201d da TIM tem hotlist com Cau\u00e3 Reymond para destacar iPhone 16e por R$ 1.999 - Blog do Farn\u00e9sio","isPartOf":{"@id":"https:\/\/blogdofarnesio.com.br\/#website"},"primaryImageOfPage":{"@id":"https:\/\/blogdofarnesio.com.br\/2025\/11\/black-friday-indecente-da-tim-tem-hotlist-com-caua-reymond-para-destacar-iphone-16e-por-r-1-999\/#primaryimage"},"image":{"@id":"https:\/\/blogdofarnesio.com.br\/2025\/11\/black-friday-indecente-da-tim-tem-hotlist-com-caua-reymond-para-destacar-iphone-16e-por-r-1-999\/#primaryimage"},"thumbnailUrl":"https:\/\/blogdofarnesio.com.br\/wp-content\/uploads\/2017\/09\/blogqspoqueoops0.png","datePublished":"2025-11-04T18:01:16+00:00","breadcrumb":{"@id":"https:\/\/blogdofarnesio.com.br\/2025\/11\/black-friday-indecente-da-tim-tem-hotlist-com-caua-reymond-para-destacar-iphone-16e-por-r-1-999\/#breadcrumb"},"inLanguage":"pt-BR","potentialAction":[{"@type":"ReadAction","target":["https:\/\/blogdofarnesio.com.br\/2025\/11\/black-friday-indecente-da-tim-tem-hotlist-com-caua-reymond-para-destacar-iphone-16e-por-r-1-999\/"]}]},{"@type":"ImageObject","inLanguage":"pt-BR","@id":"https:\/\/blogdofarnesio.com.br\/2025\/11\/black-friday-indecente-da-tim-tem-hotlist-com-caua-reymond-para-destacar-iphone-16e-por-r-1-999\/#primaryimage","url":"https:\/\/blogdofarnesio.com.br\/wp-content\/uploads\/2017\/09\/blogqspoqueoops0.png","contentUrl":"https:\/\/blogdofarnesio.com.br\/wp-content\/uploads\/2017\/09\/blogqspoqueoops0.png","width":512,"height":512},{"@type":"BreadcrumbList","@id":"https:\/\/blogdofarnesio.com.br\/2025\/11\/black-friday-indecente-da-tim-tem-hotlist-com-caua-reymond-para-destacar-iphone-16e-por-r-1-999\/#breadcrumb","itemListElement":[{"@type":"ListItem","position":1,"name":"In\u00edcio","item":"https:\/\/blogdofarnesio.com.br\/"},{"@type":"ListItem","position":2,"name":"Black Friday \u201cindecente\u201d da TIM tem hotlist com Cau\u00e3 Reymond para destacar iPhone 16e por R$ 1.999"}]},{"@type":"WebSite","@id":"https:\/\/blogdofarnesio.com.br\/#website","url":"https:\/\/blogdofarnesio.com.br\/","name":"Blog do Farn\u00e9sio","description":"Quer Saber Pol\u00edtica?","publisher":{"@id":"https:\/\/blogdofarnesio.com.br\/#organization"},"potentialAction":[{"@type":"SearchAction","target":{"@type":"EntryPoint","urlTemplate":"https:\/\/blogdofarnesio.com.br\/?s={search_term_string}"},"query-input":{"@type":"PropertyValueSpecification","valueRequired":true,"valueName":"search_term_string"}}],"inLanguage":"pt-BR"},{"@type":"Organization","@id":"https:\/\/blogdofarnesio.com.br\/#organization","name":"Blog do Farn\u00e9sio","url":"https:\/\/blogdofarnesio.com.br\/","logo":{"@type":"ImageObject","inLanguage":"pt-BR","@id":"https:\/\/blogdofarnesio.com.br\/#\/schema\/logo\/image\/","url":"https:\/\/blogdofarnesio.com.br\/wp-content\/uploads\/2026\/03\/cropped-logo_new-1.png","contentUrl":"https:\/\/blogdofarnesio.com.br\/wp-content\/uploads\/2026\/03\/cropped-logo_new-1.png","width":881,"height":685,"caption":"Blog do Farn\u00e9sio"},"image":{"@id":"https:\/\/blogdofarnesio.com.br\/#\/schema\/logo\/image\/"},"sameAs":["https:\/\/www.facebook.com\/BlogQuerSaberPolitica\/"]},{"@type":"Person","@id":"https:\/\/blogdofarnesio.com.br\/#\/schema\/person\/bb9b23ae3ad0609ce8df7b6c9e76824d","name":"Farn\u00e9sio","image":{"@type":"ImageObject","inLanguage":"pt-BR","@id":"https:\/\/secure.gravatar.com\/avatar\/986aa4c61ccdb66f8555bf88fc2a65609d00bcabd4d2d94377a727547345cbca?s=96&d=mm&r=g","url":"https:\/\/secure.gravatar.com\/avatar\/986aa4c61ccdb66f8555bf88fc2a65609d00bcabd4d2d94377a727547345cbca?s=96&d=mm&r=g","contentUrl":"https:\/\/secure.gravatar.com\/avatar\/986aa4c61ccdb66f8555bf88fc2a65609d00bcabd4d2d94377a727547345cbca?s=96&d=mm&r=g","caption":"Farn\u00e9sio"},"description":"Radialista blogueiro, chegou a Petrolina\/Juazeiro em setembro de 1980, Farn\u00e9sio Silva \u00e9 de Arapiraca-Alagoas.","sameAs":["http:\/\/blogdofarnesio.com.br","https:\/\/www.facebook.com\/?ref=tn_tnmn","https:\/\/www.instagram.com\/?utm_source=pwa_homescreen","https:\/\/youtube.com.br\/"],"url":"https:\/\/blogdofarnesio.com.br\/author\/farnesio-2\/"}]}},"_links":{"self":[{"href":"https:\/\/blogdofarnesio.com.br\/wp-json\/wp\/v2\/posts\/407400","targetHints":{"allow":["GET"]}}],"collection":[{"href":"https:\/\/blogdofarnesio.com.br\/wp-json\/wp\/v2\/posts"}],"about":[{"href":"https:\/\/blogdofarnesio.com.br\/wp-json\/wp\/v2\/types\/post"}],"author":[{"embeddable":true,"href":"https:\/\/blogdofarnesio.com.br\/wp-json\/wp\/v2\/users\/2"}],"replies":[{"embeddable":true,"href":"https:\/\/blogdofarnesio.com.br\/wp-json\/wp\/v2\/comments?post=407400"}],"version-history":[{"count":2,"href":"https:\/\/blogdofarnesio.com.br\/wp-json\/wp\/v2\/posts\/407400\/revisions"}],"predecessor-version":[{"id":407402,"href":"https:\/\/blogdofarnesio.com.br\/wp-json\/wp\/v2\/posts\/407400\/revisions\/407402"}],"wp:featuredmedia":[{"embeddable":true,"href":"https:\/\/blogdofarnesio.com.br\/wp-json\/wp\/v2\/media\/177063"}],"wp:attachment":[{"href":"https:\/\/blogdofarnesio.com.br\/wp-json\/wp\/v2\/media?parent=407400"}],"wp:term":[{"taxonomy":"category","embeddable":true,"href":"https:\/\/blogdofarnesio.com.br\/wp-json\/wp\/v2\/categories?post=407400"},{"taxonomy":"post_tag","embeddable":true,"href":"https:\/\/blogdofarnesio.com.br\/wp-json\/wp\/v2\/tags?post=407400"}],"curies":[{"name":"wp","href":"https:\/\/api.w.org\/{rel}","templated":true}]}}