{"id":406321,"date":"2025-10-28T08:00:26","date_gmt":"2025-10-28T11:00:26","guid":{"rendered":"https:\/\/blogdofarnesio.com.br\/?p=406321"},"modified":"2025-10-27T18:07:46","modified_gmt":"2025-10-27T21:07:46","slug":"juazeiro-divulga-processo-seletivo-para-profissionais-de-saude-confira-aqui-o-edital","status":"publish","type":"post","link":"https:\/\/blogdofarnesio.com.br\/?p=406321","title":{"rendered":"Veja o Edital do processo seletivo de Juazeiro para profissionais de sa\u00fade"},"content":{"rendered":"<p>A Prefeitura de Juazeiro, por meio da Secretaria Municipal de Sa\u00fade (Sesau) informa que est\u00e1 aberto o processo seletivo simplificado realizado pelo Instituto de Gest\u00e3o Aplicada (IGA) para contrata\u00e7\u00e3o de profissionais destinados a atuar nos servi\u00e7os de sa\u00fade do munic\u00edpio. A iniciativa \u00e9 parte do Termo de Colabora\u00e7\u00e3o n\u00ba 483\/2025, firmado entre o IGA e a gest\u00e3o municipal, e tem como objetivo refor\u00e7ar o quadro de profissionais que atuam na Aten\u00e7\u00e3o B\u00e1sica e nos servi\u00e7os odontol\u00f3gicos da rede p\u00fablica.<\/p>\n<p>O processo seletivo visa o preenchimento imediato de vagas e a forma\u00e7\u00e3o de um banco de talentos para futuras contrata\u00e7\u00f5es. As oportunidades abrangem diversos cargos, incluindo agente social, motorista, auxiliar e assistente administrativo, auxiliar de servi\u00e7os gerais, gerente de projeto, supervisor m\u00f3vel, enfermeiro, t\u00e9cnico de enfermagem, m\u00e9dico cl\u00ednico, fisioterapeuta, fonoaudi\u00f3logo, farmac\u00eautico, psic\u00f3logo, nutricionista, odont\u00f3logo, terapeuta ocupacional, entre outros.<\/p>\n<p>As inscri\u00e7\u00f5es s\u00e3o gratuitas seguem abertas enquanto houver vagas dispon\u00edveis ou para composi\u00e7\u00e3o do Banco de Talentos. Os interessados devem enviar o curr\u00edculo atualizado e demais documentos para\u00a0<a href=\"mailto:curriculo.juazeiro@igasaude.org\" target=\"_blank\" rel=\"noopener\">curriculo.juazeiro@<wbr \/>igasaude.org<\/a>, informando no assunto o n\u00famero do edital e o cargo pretendido.<\/p>\n<p>A sele\u00e7\u00e3o ser\u00e1 conduzida pela Coordena\u00e7\u00e3o de Recursos Humanos do IGA e compreender\u00e1 an\u00e1lise curricular e entrevista, ambas de car\u00e1ter classificat\u00f3rio e eliminat\u00f3rio. Os candidatos aprovados poder\u00e3o ser convocados conforme a necessidade do Instituto, durante a vig\u00eancia do Termo de Colabora\u00e7\u00e3o.<\/p>\n<p>O edital completo, com todas as informa\u00e7\u00f5es sobre os cargos, pr\u00e9-requisitos e etapas do processo, est\u00e1 dispon\u00edvel nos canais oficiais da Prefeitura e do Instituto de Gest\u00e3o Aplicada (IGA).<\/p>\n<p>Texto: Camila Santana &#8211; Ascom PMJ\/Sesau<\/p>\n","protected":false},"excerpt":{"rendered":"<p>A Prefeitura de Juazeiro, por meio da Secretaria Municipal de Sa\u00fade (Sesau) informa que est\u00e1 aberto o processo seletivo simplificado realizado pelo Instituto de Gest\u00e3o Aplicada (IGA) para contrata\u00e7\u00e3o de profissionais destinados a atuar nos servi\u00e7os de sa\u00fade do munic\u00edpio. A iniciativa \u00e9 parte do Termo de Colabora\u00e7\u00e3o n\u00ba 483\/2025, firmado entre o IGA e a gest\u00e3o municipal, e tem como objetivo refor\u00e7ar o quadro de profissionais que atuam na Aten\u00e7\u00e3o B\u00e1sica e nos servi\u00e7os odontol\u00f3gicos da rede p\u00fablica. O processo seletivo visa o preenchimento imediato de vagas e a forma\u00e7\u00e3o de um banco de talentos para futuras contrata\u00e7\u00f5es. As oportunidades abrangem diversos cargos, incluindo agente social, motorista, auxiliar e assistente administrativo, auxiliar de servi\u00e7os gerais, gerente de projeto, supervisor&hellip; <\/p>\n","protected":false},"author":2,"featured_media":374900,"comment_status":"open","ping_status":"open","sticky":false,"template":"","format":"standard","meta":{"_acf_changed":false,"footnotes":""},"categories":[31],"tags":[],"class_list":["post-406321","post","type-post","status-publish","format-standard","has-post-thumbnail","hentry","category-concursos"],"acf":[],"yoast_head":"<!-- This site is optimized with the Yoast SEO plugin v27.4 - https:\/\/yoast.com\/product\/yoast-seo-wordpress\/ -->\n<title>Veja o Edital do processo seletivo de Juazeiro para profissionais de sa\u00fade - Blog do Farn\u00e9sio<\/title>\n<meta name=\"robots\" content=\"index, follow, max-snippet:-1, max-image-preview:large, max-video-preview:-1\" \/>\n<link rel=\"canonical\" href=\"https:\/\/blogdofarnesio.com.br\/?p=406321\" \/>\n<meta property=\"og:locale\" content=\"pt_BR\" \/>\n<meta property=\"og:type\" content=\"article\" \/>\n<meta property=\"og:title\" content=\"Veja o Edital do processo seletivo de Juazeiro para profissionais de sa\u00fade - Blog do Farn\u00e9sio\" \/>\n<meta property=\"og:description\" content=\"A Prefeitura de Juazeiro, por meio da Secretaria Municipal de Sa\u00fade (Sesau) informa que est\u00e1 aberto o processo seletivo simplificado realizado pelo Instituto de Gest\u00e3o Aplicada (IGA) para contrata\u00e7\u00e3o de profissionais destinados a atuar nos servi\u00e7os de sa\u00fade do munic\u00edpio. A iniciativa \u00e9 parte do Termo de Colabora\u00e7\u00e3o n\u00ba 483\/2025, firmado entre o IGA e a gest\u00e3o municipal, e tem como objetivo refor\u00e7ar o quadro de profissionais que atuam na Aten\u00e7\u00e3o B\u00e1sica e nos servi\u00e7os odontol\u00f3gicos da rede p\u00fablica. O processo seletivo visa o preenchimento imediato de vagas e a forma\u00e7\u00e3o de um banco de talentos para futuras contrata\u00e7\u00f5es. As oportunidades abrangem diversos cargos, incluindo agente social, motorista, auxiliar e assistente administrativo, auxiliar de servi\u00e7os gerais, gerente de projeto, supervisor&hellip;\" \/>\n<meta property=\"og:url\" content=\"https:\/\/blogdofarnesio.com.br\/?p=406321\" \/>\n<meta property=\"og:site_name\" content=\"Blog do Farn\u00e9sio\" \/>\n<meta property=\"article:publisher\" content=\"https:\/\/www.facebook.com\/BlogQuerSaberPolitica\/\" \/>\n<meta property=\"article:author\" content=\"https:\/\/www.facebook.com\/?ref=tn_tnmn\" \/>\n<meta property=\"article:published_time\" content=\"2025-10-28T11:00:26+00:00\" \/>\n<meta property=\"og:image\" content=\"https:\/\/blogdofarnesio.com.br\/wp-content\/uploads\/2024\/08\/blogqspConcursos_edital-e1760035329206.png\" \/>\n\t<meta property=\"og:image:width\" content=\"510\" \/>\n\t<meta property=\"og:image:height\" content=\"283\" \/>\n\t<meta property=\"og:image:type\" content=\"image\/png\" \/>\n<meta name=\"author\" content=\"Farn\u00e9sio\" \/>\n<meta name=\"twitter:card\" content=\"summary_large_image\" \/>\n<meta name=\"twitter:label1\" content=\"Escrito por\" \/>\n\t<meta name=\"twitter:data1\" content=\"Farn\u00e9sio\" \/>\n\t<meta name=\"twitter:label2\" content=\"Est. tempo de leitura\" \/>\n\t<meta name=\"twitter:data2\" content=\"2 minutos\" \/>\n<script type=\"application\/ld+json\" class=\"yoast-schema-graph\">{\"@context\":\"https:\\\/\\\/schema.org\",\"@graph\":[{\"@type\":\"Article\",\"@id\":\"https:\\\/\\\/blogdofarnesio.com.br\\\/?p=406321#article\",\"isPartOf\":{\"@id\":\"https:\\\/\\\/blogdofarnesio.com.br\\\/?p=406321\"},\"author\":{\"name\":\"Farn\u00e9sio\",\"@id\":\"https:\\\/\\\/blogdofarnesio.com.br\\\/#\\\/schema\\\/person\\\/bb9b23ae3ad0609ce8df7b6c9e76824d\"},\"headline\":\"Veja o Edital do processo seletivo de Juazeiro para profissionais de sa\u00fade\",\"datePublished\":\"2025-10-28T11:00:26+00:00\",\"mainEntityOfPage\":{\"@id\":\"https:\\\/\\\/blogdofarnesio.com.br\\\/?p=406321\"},\"wordCount\":312,\"commentCount\":0,\"publisher\":{\"@id\":\"https:\\\/\\\/blogdofarnesio.com.br\\\/#organization\"},\"image\":{\"@id\":\"https:\\\/\\\/blogdofarnesio.com.br\\\/?p=406321#primaryimage\"},\"thumbnailUrl\":\"https:\\\/\\\/blogdofarnesio.com.br\\\/wp-content\\\/uploads\\\/2024\\\/08\\\/blogqspConcursos_edital-e1760035329206.png\",\"articleSection\":[\"Concursos\"],\"inLanguage\":\"pt-BR\",\"potentialAction\":[{\"@type\":\"CommentAction\",\"name\":\"Comment\",\"target\":[\"https:\\\/\\\/blogdofarnesio.com.br\\\/?p=406321#respond\"]}]},{\"@type\":\"WebPage\",\"@id\":\"https:\\\/\\\/blogdofarnesio.com.br\\\/?p=406321\",\"url\":\"https:\\\/\\\/blogdofarnesio.com.br\\\/?p=406321\",\"name\":\"Veja o Edital do processo seletivo de Juazeiro para profissionais de sa\u00fade - Blog do Farn\u00e9sio\",\"isPartOf\":{\"@id\":\"https:\\\/\\\/blogdofarnesio.com.br\\\/#website\"},\"primaryImageOfPage\":{\"@id\":\"https:\\\/\\\/blogdofarnesio.com.br\\\/?p=406321#primaryimage\"},\"image\":{\"@id\":\"https:\\\/\\\/blogdofarnesio.com.br\\\/?p=406321#primaryimage\"},\"thumbnailUrl\":\"https:\\\/\\\/blogdofarnesio.com.br\\\/wp-content\\\/uploads\\\/2024\\\/08\\\/blogqspConcursos_edital-e1760035329206.png\",\"datePublished\":\"2025-10-28T11:00:26+00:00\",\"breadcrumb\":{\"@id\":\"https:\\\/\\\/blogdofarnesio.com.br\\\/?p=406321#breadcrumb\"},\"inLanguage\":\"pt-BR\",\"potentialAction\":[{\"@type\":\"ReadAction\",\"target\":[\"https:\\\/\\\/blogdofarnesio.com.br\\\/?p=406321\"]}]},{\"@type\":\"ImageObject\",\"inLanguage\":\"pt-BR\",\"@id\":\"https:\\\/\\\/blogdofarnesio.com.br\\\/?p=406321#primaryimage\",\"url\":\"https:\\\/\\\/blogdofarnesio.com.br\\\/wp-content\\\/uploads\\\/2024\\\/08\\\/blogqspConcursos_edital-e1760035329206.png\",\"contentUrl\":\"https:\\\/\\\/blogdofarnesio.com.br\\\/wp-content\\\/uploads\\\/2024\\\/08\\\/blogqspConcursos_edital-e1760035329206.png\",\"width\":510,\"height\":283},{\"@type\":\"BreadcrumbList\",\"@id\":\"https:\\\/\\\/blogdofarnesio.com.br\\\/?p=406321#breadcrumb\",\"itemListElement\":[{\"@type\":\"ListItem\",\"position\":1,\"name\":\"In\u00edcio\",\"item\":\"https:\\\/\\\/blogdofarnesio.com.br\\\/\"},{\"@type\":\"ListItem\",\"position\":2,\"name\":\"Veja o Edital do processo seletivo de Juazeiro para profissionais de sa\u00fade\"}]},{\"@type\":\"WebSite\",\"@id\":\"https:\\\/\\\/blogdofarnesio.com.br\\\/#website\",\"url\":\"https:\\\/\\\/blogdofarnesio.com.br\\\/\",\"name\":\"Blog do Farn\u00e9sio\",\"description\":\"Quer Saber Pol\u00edtica?\",\"publisher\":{\"@id\":\"https:\\\/\\\/blogdofarnesio.com.br\\\/#organization\"},\"potentialAction\":[{\"@type\":\"SearchAction\",\"target\":{\"@type\":\"EntryPoint\",\"urlTemplate\":\"https:\\\/\\\/blogdofarnesio.com.br\\\/?s={search_term_string}\"},\"query-input\":{\"@type\":\"PropertyValueSpecification\",\"valueRequired\":true,\"valueName\":\"search_term_string\"}}],\"inLanguage\":\"pt-BR\"},{\"@type\":\"Organization\",\"@id\":\"https:\\\/\\\/blogdofarnesio.com.br\\\/#organization\",\"name\":\"Blog do Farn\u00e9sio\",\"url\":\"https:\\\/\\\/blogdofarnesio.com.br\\\/\",\"logo\":{\"@type\":\"ImageObject\",\"inLanguage\":\"pt-BR\",\"@id\":\"https:\\\/\\\/blogdofarnesio.com.br\\\/#\\\/schema\\\/logo\\\/image\\\/\",\"url\":\"https:\\\/\\\/blogdofarnesio.com.br\\\/wp-content\\\/uploads\\\/2026\\\/03\\\/cropped-logo_new-1.png\",\"contentUrl\":\"https:\\\/\\\/blogdofarnesio.com.br\\\/wp-content\\\/uploads\\\/2026\\\/03\\\/cropped-logo_new-1.png\",\"width\":881,\"height\":685,\"caption\":\"Blog do Farn\u00e9sio\"},\"image\":{\"@id\":\"https:\\\/\\\/blogdofarnesio.com.br\\\/#\\\/schema\\\/logo\\\/image\\\/\"},\"sameAs\":[\"https:\\\/\\\/www.facebook.com\\\/BlogQuerSaberPolitica\\\/\"]},{\"@type\":\"Person\",\"@id\":\"https:\\\/\\\/blogdofarnesio.com.br\\\/#\\\/schema\\\/person\\\/bb9b23ae3ad0609ce8df7b6c9e76824d\",\"name\":\"Farn\u00e9sio\",\"image\":{\"@type\":\"ImageObject\",\"inLanguage\":\"pt-BR\",\"@id\":\"https:\\\/\\\/secure.gravatar.com\\\/avatar\\\/986aa4c61ccdb66f8555bf88fc2a65609d00bcabd4d2d94377a727547345cbca?s=96&d=mm&r=g\",\"url\":\"https:\\\/\\\/secure.gravatar.com\\\/avatar\\\/986aa4c61ccdb66f8555bf88fc2a65609d00bcabd4d2d94377a727547345cbca?s=96&d=mm&r=g\",\"contentUrl\":\"https:\\\/\\\/secure.gravatar.com\\\/avatar\\\/986aa4c61ccdb66f8555bf88fc2a65609d00bcabd4d2d94377a727547345cbca?s=96&d=mm&r=g\",\"caption\":\"Farn\u00e9sio\"},\"description\":\"Radialista blogueiro, chegou a Petrolina\\\/Juazeiro em setembro de 1980, Farn\u00e9sio Silva \u00e9 de Arapiraca-Alagoas.\",\"sameAs\":[\"http:\\\/\\\/blogdofarnesio.com.br\",\"https:\\\/\\\/www.facebook.com\\\/?ref=tn_tnmn\",\"https:\\\/\\\/www.instagram.com\\\/?utm_source=pwa_homescreen\",\"https:\\\/\\\/youtube.com.br\\\/\"],\"url\":\"https:\\\/\\\/blogdofarnesio.com.br\\\/?author=2\"}]}<\/script>\n<!-- \/ Yoast SEO plugin. -->","yoast_head_json":{"title":"Veja o Edital do processo seletivo de Juazeiro para profissionais de sa\u00fade - Blog do Farn\u00e9sio","robots":{"index":"index","follow":"follow","max-snippet":"max-snippet:-1","max-image-preview":"max-image-preview:large","max-video-preview":"max-video-preview:-1"},"canonical":"https:\/\/blogdofarnesio.com.br\/?p=406321","og_locale":"pt_BR","og_type":"article","og_title":"Veja o Edital do processo seletivo de Juazeiro para profissionais de sa\u00fade - Blog do Farn\u00e9sio","og_description":"A Prefeitura de Juazeiro, por meio da Secretaria Municipal de Sa\u00fade (Sesau) informa que est\u00e1 aberto o processo seletivo simplificado realizado pelo Instituto de Gest\u00e3o Aplicada (IGA) para contrata\u00e7\u00e3o de profissionais destinados a atuar nos servi\u00e7os de sa\u00fade do munic\u00edpio. A iniciativa \u00e9 parte do Termo de Colabora\u00e7\u00e3o n\u00ba 483\/2025, firmado entre o IGA e a gest\u00e3o municipal, e tem como objetivo refor\u00e7ar o quadro de profissionais que atuam na Aten\u00e7\u00e3o B\u00e1sica e nos servi\u00e7os odontol\u00f3gicos da rede p\u00fablica. O processo seletivo visa o preenchimento imediato de vagas e a forma\u00e7\u00e3o de um banco de talentos para futuras contrata\u00e7\u00f5es. As oportunidades abrangem diversos cargos, incluindo agente social, motorista, auxiliar e assistente administrativo, auxiliar de servi\u00e7os gerais, gerente de projeto, supervisor&hellip;","og_url":"https:\/\/blogdofarnesio.com.br\/?p=406321","og_site_name":"Blog do Farn\u00e9sio","article_publisher":"https:\/\/www.facebook.com\/BlogQuerSaberPolitica\/","article_author":"https:\/\/www.facebook.com\/?ref=tn_tnmn","article_published_time":"2025-10-28T11:00:26+00:00","og_image":[{"width":510,"height":283,"url":"https:\/\/blogdofarnesio.com.br\/wp-content\/uploads\/2024\/08\/blogqspConcursos_edital-e1760035329206.png","type":"image\/png"}],"author":"Farn\u00e9sio","twitter_card":"summary_large_image","twitter_misc":{"Escrito por":"Farn\u00e9sio","Est. tempo de leitura":"2 minutos"},"schema":{"@context":"https:\/\/schema.org","@graph":[{"@type":"Article","@id":"https:\/\/blogdofarnesio.com.br\/?p=406321#article","isPartOf":{"@id":"https:\/\/blogdofarnesio.com.br\/?p=406321"},"author":{"name":"Farn\u00e9sio","@id":"https:\/\/blogdofarnesio.com.br\/#\/schema\/person\/bb9b23ae3ad0609ce8df7b6c9e76824d"},"headline":"Veja o Edital do processo seletivo de Juazeiro para profissionais de sa\u00fade","datePublished":"2025-10-28T11:00:26+00:00","mainEntityOfPage":{"@id":"https:\/\/blogdofarnesio.com.br\/?p=406321"},"wordCount":312,"commentCount":0,"publisher":{"@id":"https:\/\/blogdofarnesio.com.br\/#organization"},"image":{"@id":"https:\/\/blogdofarnesio.com.br\/?p=406321#primaryimage"},"thumbnailUrl":"https:\/\/blogdofarnesio.com.br\/wp-content\/uploads\/2024\/08\/blogqspConcursos_edital-e1760035329206.png","articleSection":["Concursos"],"inLanguage":"pt-BR","potentialAction":[{"@type":"CommentAction","name":"Comment","target":["https:\/\/blogdofarnesio.com.br\/?p=406321#respond"]}]},{"@type":"WebPage","@id":"https:\/\/blogdofarnesio.com.br\/?p=406321","url":"https:\/\/blogdofarnesio.com.br\/?p=406321","name":"Veja o Edital do processo seletivo de Juazeiro para profissionais de sa\u00fade - Blog do Farn\u00e9sio","isPartOf":{"@id":"https:\/\/blogdofarnesio.com.br\/#website"},"primaryImageOfPage":{"@id":"https:\/\/blogdofarnesio.com.br\/?p=406321#primaryimage"},"image":{"@id":"https:\/\/blogdofarnesio.com.br\/?p=406321#primaryimage"},"thumbnailUrl":"https:\/\/blogdofarnesio.com.br\/wp-content\/uploads\/2024\/08\/blogqspConcursos_edital-e1760035329206.png","datePublished":"2025-10-28T11:00:26+00:00","breadcrumb":{"@id":"https:\/\/blogdofarnesio.com.br\/?p=406321#breadcrumb"},"inLanguage":"pt-BR","potentialAction":[{"@type":"ReadAction","target":["https:\/\/blogdofarnesio.com.br\/?p=406321"]}]},{"@type":"ImageObject","inLanguage":"pt-BR","@id":"https:\/\/blogdofarnesio.com.br\/?p=406321#primaryimage","url":"https:\/\/blogdofarnesio.com.br\/wp-content\/uploads\/2024\/08\/blogqspConcursos_edital-e1760035329206.png","contentUrl":"https:\/\/blogdofarnesio.com.br\/wp-content\/uploads\/2024\/08\/blogqspConcursos_edital-e1760035329206.png","width":510,"height":283},{"@type":"BreadcrumbList","@id":"https:\/\/blogdofarnesio.com.br\/?p=406321#breadcrumb","itemListElement":[{"@type":"ListItem","position":1,"name":"In\u00edcio","item":"https:\/\/blogdofarnesio.com.br\/"},{"@type":"ListItem","position":2,"name":"Veja o Edital do processo seletivo de Juazeiro para profissionais de sa\u00fade"}]},{"@type":"WebSite","@id":"https:\/\/blogdofarnesio.com.br\/#website","url":"https:\/\/blogdofarnesio.com.br\/","name":"Blog do Farn\u00e9sio","description":"Quer Saber Pol\u00edtica?","publisher":{"@id":"https:\/\/blogdofarnesio.com.br\/#organization"},"potentialAction":[{"@type":"SearchAction","target":{"@type":"EntryPoint","urlTemplate":"https:\/\/blogdofarnesio.com.br\/?s={search_term_string}"},"query-input":{"@type":"PropertyValueSpecification","valueRequired":true,"valueName":"search_term_string"}}],"inLanguage":"pt-BR"},{"@type":"Organization","@id":"https:\/\/blogdofarnesio.com.br\/#organization","name":"Blog do Farn\u00e9sio","url":"https:\/\/blogdofarnesio.com.br\/","logo":{"@type":"ImageObject","inLanguage":"pt-BR","@id":"https:\/\/blogdofarnesio.com.br\/#\/schema\/logo\/image\/","url":"https:\/\/blogdofarnesio.com.br\/wp-content\/uploads\/2026\/03\/cropped-logo_new-1.png","contentUrl":"https:\/\/blogdofarnesio.com.br\/wp-content\/uploads\/2026\/03\/cropped-logo_new-1.png","width":881,"height":685,"caption":"Blog do Farn\u00e9sio"},"image":{"@id":"https:\/\/blogdofarnesio.com.br\/#\/schema\/logo\/image\/"},"sameAs":["https:\/\/www.facebook.com\/BlogQuerSaberPolitica\/"]},{"@type":"Person","@id":"https:\/\/blogdofarnesio.com.br\/#\/schema\/person\/bb9b23ae3ad0609ce8df7b6c9e76824d","name":"Farn\u00e9sio","image":{"@type":"ImageObject","inLanguage":"pt-BR","@id":"https:\/\/secure.gravatar.com\/avatar\/986aa4c61ccdb66f8555bf88fc2a65609d00bcabd4d2d94377a727547345cbca?s=96&d=mm&r=g","url":"https:\/\/secure.gravatar.com\/avatar\/986aa4c61ccdb66f8555bf88fc2a65609d00bcabd4d2d94377a727547345cbca?s=96&d=mm&r=g","contentUrl":"https:\/\/secure.gravatar.com\/avatar\/986aa4c61ccdb66f8555bf88fc2a65609d00bcabd4d2d94377a727547345cbca?s=96&d=mm&r=g","caption":"Farn\u00e9sio"},"description":"Radialista blogueiro, chegou a Petrolina\/Juazeiro em setembro de 1980, Farn\u00e9sio Silva \u00e9 de Arapiraca-Alagoas.","sameAs":["http:\/\/blogdofarnesio.com.br","https:\/\/www.facebook.com\/?ref=tn_tnmn","https:\/\/www.instagram.com\/?utm_source=pwa_homescreen","https:\/\/youtube.com.br\/"],"url":"https:\/\/blogdofarnesio.com.br\/?author=2"}]}},"_links":{"self":[{"href":"https:\/\/blogdofarnesio.com.br\/index.php?rest_route=\/wp\/v2\/posts\/406321","targetHints":{"allow":["GET"]}}],"collection":[{"href":"https:\/\/blogdofarnesio.com.br\/index.php?rest_route=\/wp\/v2\/posts"}],"about":[{"href":"https:\/\/blogdofarnesio.com.br\/index.php?rest_route=\/wp\/v2\/types\/post"}],"author":[{"embeddable":true,"href":"https:\/\/blogdofarnesio.com.br\/index.php?rest_route=\/wp\/v2\/users\/2"}],"replies":[{"embeddable":true,"href":"https:\/\/blogdofarnesio.com.br\/index.php?rest_route=%2Fwp%2Fv2%2Fcomments&post=406321"}],"version-history":[{"count":0,"href":"https:\/\/blogdofarnesio.com.br\/index.php?rest_route=\/wp\/v2\/posts\/406321\/revisions"}],"wp:featuredmedia":[{"embeddable":true,"href":"https:\/\/blogdofarnesio.com.br\/index.php?rest_route=\/wp\/v2\/media\/374900"}],"wp:attachment":[{"href":"https:\/\/blogdofarnesio.com.br\/index.php?rest_route=%2Fwp%2Fv2%2Fmedia&parent=406321"}],"wp:term":[{"taxonomy":"category","embeddable":true,"href":"https:\/\/blogdofarnesio.com.br\/index.php?rest_route=%2Fwp%2Fv2%2Fcategories&post=406321"},{"taxonomy":"post_tag","embeddable":true,"href":"https:\/\/blogdofarnesio.com.br\/index.php?rest_route=%2Fwp%2Fv2%2Ftags&post=406321"}],"curies":[{"name":"wp","href":"https:\/\/api.w.org\/{rel}","templated":true}]}}