{"id":406310,"date":"2025-10-20T15:03:52","date_gmt":"2025-10-20T18:03:52","guid":{"rendered":"https:\/\/blogdofarnesio.com.br\/?p=406310"},"modified":"2025-10-20T14:51:00","modified_gmt":"2025-10-20T17:51:00","slug":"prefeitura-de-parnamirim-pe-publica-edital-de-processo-seletivo","status":"publish","type":"post","link":"https:\/\/blogdofarnesio.com.br\/?p=406310","title":{"rendered":"Prefeitura de Parnamirim &#8211; PE publica edital de Processo Seletivo"},"content":{"rendered":"<p>A <a href=\"https:\/\/parnamirim.pe.gov.br\/\" target=\"_blank\" rel=\"noopener\">Prefeitura de Parnamirim<\/a>, no Estado de Pernambuco, divulga a abertura de um Processo Seletivo, com o objetivo de formar cadastro de reserva para profissionais de n\u00edveis fundamental, m\u00e9dio e superior.<\/p>\n<div>\n<p><img decoding=\"async\" class=\"noticia-img\" title=\"Prefeitura de Parnamirim - PE publica edital de Processo Seletivo\" src=\"https:\/\/cdn.pci.app.br\/img\/i\/3a90e49e4cea6945770aa22ab5e9bd73.png\" alt=\"Prefeitura de Parnamirim - PE publica edital de Processo Seletivo\" \/><\/p>\n<p>De acordo com o edital, as oportunidades s\u00e3o para os seguintes cargos:<\/p>\n<ul>\n<li>Pintor<\/li>\n<li>Pedreiro<\/li>\n<li>Operador de M\u00e1quinas Pesadas<\/li>\n<li>Operador de Sistemas<\/li>\n<li>Monitor de Digita\u00e7\u00e3o<\/li>\n<li>Mec\u00e2nico de Ve\u00edculos<\/li>\n<li>Mec\u00e2nico de M\u00e1quinas Pesadas<\/li>\n<li>Eletricista<\/li>\n<li>Auxiliar de Mec\u00e2nico<\/li>\n<li>Agente de Servi\u00e7os Auxiliares<\/li>\n<li>Top\u00f3grafo<\/li>\n<li>Cozinheiro<\/li>\n<li>Auxiliar de Cozinha<\/li>\n<li>Porteiro<\/li>\n<li>Recepcionista<\/li>\n<li>Diretor-geral de Projetos e Planejamento da Aten\u00e7\u00e3o Prim\u00e1ria e Secund\u00e1ria em Sa\u00fade<\/li>\n<li>Merendeira<\/li>\n<li>Cuidador de Crian\u00e7as com Necessidades Especiais<\/li>\n<li>Coordenador da Central de Regula\u00e7\u00e3o da Secretaria Municipal de Sa\u00fade<\/li>\n<li>Coordenador do Setor de Compras\/Almoxarifado da SMS<\/li>\n<\/ul>\n<p>Para participar da sele\u00e7\u00e3o, \u00e9 necess\u00e1rio que o candidato comprove o n\u00edvel de escolaridade exigido para a fun\u00e7\u00e3o em que pretende atuar e atenda a outros requisitos estabelecidos no edital.<\/p>\n<p>Ao serem contratados, os profissionais dever\u00e3o cumprir jornada de 40 horas semanais e receber\u00e3o remunera\u00e7\u00f5es mensais de R$ 1.518,00 a R$ 3.000,00.<\/p>\n<p><b><u>Inscri\u00e7\u00e3o e Sele\u00e7\u00e3o<\/u><\/b><\/p>\n<p>Os interessados poder\u00e3o se inscrever entre os dias 20 e 21 de outubro de 2025. O candidato dever\u00e1 utilizar a ficha de inscri\u00e7\u00e3o constante no anexo III do edital, preench\u00ea-la e entreg\u00e1-la no seguinte endere\u00e7o: Rua Dr. Miguel, n\u00ba 22, Centro.<\/p>\n<p>\u00c9 importante destacar que a taxa de inscri\u00e7\u00e3o varia de R$ 80,00 a R$ 150,00.<\/p>\n<p>A sele\u00e7\u00e3o dos candidatos ser\u00e1 feita por meio de prova objetiva, prevista para o dia 28 de outubro de 2025, al\u00e9m de an\u00e1lise curricular\/avalia\u00e7\u00e3o de t\u00edtulos.<\/p>\n<p>Mais informa\u00e7\u00f5es podem ser obtidas no edital completo, dispon\u00edvel em anexo<\/p>\n<\/div>\n","protected":false},"excerpt":{"rendered":"<p>A Prefeitura de Parnamirim, no Estado de Pernambuco, divulga a abertura de um Processo Seletivo, com o objetivo de formar cadastro de reserva para profissionais de n\u00edveis fundamental, m\u00e9dio e superior. De acordo com o edital, as oportunidades s\u00e3o para os seguintes cargos: Pintor Pedreiro Operador de M\u00e1quinas Pesadas Operador de Sistemas Monitor de Digita\u00e7\u00e3o Mec\u00e2nico de Ve\u00edculos Mec\u00e2nico de M\u00e1quinas Pesadas Eletricista Auxiliar de Mec\u00e2nico Agente de Servi\u00e7os Auxiliares Top\u00f3grafo Cozinheiro Auxiliar de Cozinha Porteiro Recepcionista Diretor-geral de Projetos e Planejamento da Aten\u00e7\u00e3o Prim\u00e1ria e Secund\u00e1ria em Sa\u00fade Merendeira Cuidador de Crian\u00e7as com Necessidades Especiais Coordenador da Central de Regula\u00e7\u00e3o da Secretaria Municipal de Sa\u00fade Coordenador do Setor de Compras\/Almoxarifado da SMS Para participar da sele\u00e7\u00e3o, \u00e9 necess\u00e1rio que&hellip; <\/p>\n","protected":false},"author":2,"featured_media":397563,"comment_status":"open","ping_status":"open","sticky":false,"template":"","format":"standard","meta":{"_acf_changed":false,"footnotes":""},"categories":[31],"tags":[],"class_list":["post-406310","post","type-post","status-publish","format-standard","has-post-thumbnail","hentry","category-concursos"],"acf":[],"yoast_head":"<!-- This site is optimized with the Yoast SEO plugin v27.4 - https:\/\/yoast.com\/product\/yoast-seo-wordpress\/ -->\n<title>Prefeitura de Parnamirim - PE publica edital de Processo Seletivo - Blog do Farn\u00e9sio<\/title>\n<meta name=\"robots\" content=\"index, follow, max-snippet:-1, max-image-preview:large, max-video-preview:-1\" \/>\n<link rel=\"canonical\" href=\"https:\/\/blogdofarnesio.com.br\/?p=406310\" \/>\n<meta property=\"og:locale\" content=\"pt_BR\" \/>\n<meta property=\"og:type\" content=\"article\" \/>\n<meta property=\"og:title\" content=\"Prefeitura de Parnamirim - PE publica edital de Processo Seletivo - Blog do Farn\u00e9sio\" \/>\n<meta property=\"og:description\" content=\"A Prefeitura de Parnamirim, no Estado de Pernambuco, divulga a abertura de um Processo Seletivo, com o objetivo de formar cadastro de reserva para profissionais de n\u00edveis fundamental, m\u00e9dio e superior. De acordo com o edital, as oportunidades s\u00e3o para os seguintes cargos: Pintor Pedreiro Operador de M\u00e1quinas Pesadas Operador de Sistemas Monitor de Digita\u00e7\u00e3o Mec\u00e2nico de Ve\u00edculos Mec\u00e2nico de M\u00e1quinas Pesadas Eletricista Auxiliar de Mec\u00e2nico Agente de Servi\u00e7os Auxiliares Top\u00f3grafo Cozinheiro Auxiliar de Cozinha Porteiro Recepcionista Diretor-geral de Projetos e Planejamento da Aten\u00e7\u00e3o Prim\u00e1ria e Secund\u00e1ria em Sa\u00fade Merendeira Cuidador de Crian\u00e7as com Necessidades Especiais Coordenador da Central de Regula\u00e7\u00e3o da Secretaria Municipal de Sa\u00fade Coordenador do Setor de Compras\/Almoxarifado da SMS Para participar da sele\u00e7\u00e3o, \u00e9 necess\u00e1rio que&hellip;\" \/>\n<meta property=\"og:url\" content=\"https:\/\/blogdofarnesio.com.br\/?p=406310\" \/>\n<meta property=\"og:site_name\" content=\"Blog do Farn\u00e9sio\" \/>\n<meta property=\"article:publisher\" content=\"https:\/\/www.facebook.com\/BlogQuerSaberPolitica\/\" \/>\n<meta property=\"article:author\" content=\"https:\/\/www.facebook.com\/?ref=tn_tnmn\" \/>\n<meta property=\"article:published_time\" content=\"2025-10-20T18:03:52+00:00\" \/>\n<meta property=\"og:image\" content=\"https:\/\/blogdofarnesio.com.br\/wp-content\/uploads\/2025\/07\/Parnamirim.jpg\" \/>\n\t<meta property=\"og:image:width\" content=\"640\" \/>\n\t<meta property=\"og:image:height\" content=\"425\" \/>\n\t<meta property=\"og:image:type\" content=\"image\/jpeg\" \/>\n<meta name=\"author\" content=\"Farn\u00e9sio\" \/>\n<meta name=\"twitter:card\" content=\"summary_large_image\" \/>\n<meta name=\"twitter:label1\" content=\"Escrito por\" \/>\n\t<meta name=\"twitter:data1\" content=\"Farn\u00e9sio\" \/>\n\t<meta name=\"twitter:label2\" content=\"Est. tempo de leitura\" \/>\n\t<meta name=\"twitter:data2\" content=\"2 minutos\" \/>\n<script type=\"application\/ld+json\" class=\"yoast-schema-graph\">{\"@context\":\"https:\\\/\\\/schema.org\",\"@graph\":[{\"@type\":\"Article\",\"@id\":\"https:\\\/\\\/blogdofarnesio.com.br\\\/?p=406310#article\",\"isPartOf\":{\"@id\":\"https:\\\/\\\/blogdofarnesio.com.br\\\/?p=406310\"},\"author\":{\"name\":\"Farn\u00e9sio\",\"@id\":\"https:\\\/\\\/blogdofarnesio.com.br\\\/#\\\/schema\\\/person\\\/bb9b23ae3ad0609ce8df7b6c9e76824d\"},\"headline\":\"Prefeitura de Parnamirim &#8211; PE publica edital de Processo Seletivo\",\"datePublished\":\"2025-10-20T18:03:52+00:00\",\"mainEntityOfPage\":{\"@id\":\"https:\\\/\\\/blogdofarnesio.com.br\\\/?p=406310\"},\"wordCount\":301,\"commentCount\":0,\"publisher\":{\"@id\":\"https:\\\/\\\/blogdofarnesio.com.br\\\/#organization\"},\"image\":{\"@id\":\"https:\\\/\\\/blogdofarnesio.com.br\\\/?p=406310#primaryimage\"},\"thumbnailUrl\":\"https:\\\/\\\/blogdofarnesio.com.br\\\/wp-content\\\/uploads\\\/2025\\\/07\\\/Parnamirim.jpg\",\"articleSection\":[\"Concursos\"],\"inLanguage\":\"pt-BR\",\"potentialAction\":[{\"@type\":\"CommentAction\",\"name\":\"Comment\",\"target\":[\"https:\\\/\\\/blogdofarnesio.com.br\\\/?p=406310#respond\"]}]},{\"@type\":\"WebPage\",\"@id\":\"https:\\\/\\\/blogdofarnesio.com.br\\\/?p=406310\",\"url\":\"https:\\\/\\\/blogdofarnesio.com.br\\\/?p=406310\",\"name\":\"Prefeitura de Parnamirim - PE publica edital de Processo Seletivo - Blog do Farn\u00e9sio\",\"isPartOf\":{\"@id\":\"https:\\\/\\\/blogdofarnesio.com.br\\\/#website\"},\"primaryImageOfPage\":{\"@id\":\"https:\\\/\\\/blogdofarnesio.com.br\\\/?p=406310#primaryimage\"},\"image\":{\"@id\":\"https:\\\/\\\/blogdofarnesio.com.br\\\/?p=406310#primaryimage\"},\"thumbnailUrl\":\"https:\\\/\\\/blogdofarnesio.com.br\\\/wp-content\\\/uploads\\\/2025\\\/07\\\/Parnamirim.jpg\",\"datePublished\":\"2025-10-20T18:03:52+00:00\",\"breadcrumb\":{\"@id\":\"https:\\\/\\\/blogdofarnesio.com.br\\\/?p=406310#breadcrumb\"},\"inLanguage\":\"pt-BR\",\"potentialAction\":[{\"@type\":\"ReadAction\",\"target\":[\"https:\\\/\\\/blogdofarnesio.com.br\\\/?p=406310\"]}]},{\"@type\":\"ImageObject\",\"inLanguage\":\"pt-BR\",\"@id\":\"https:\\\/\\\/blogdofarnesio.com.br\\\/?p=406310#primaryimage\",\"url\":\"https:\\\/\\\/blogdofarnesio.com.br\\\/wp-content\\\/uploads\\\/2025\\\/07\\\/Parnamirim.jpg\",\"contentUrl\":\"https:\\\/\\\/blogdofarnesio.com.br\\\/wp-content\\\/uploads\\\/2025\\\/07\\\/Parnamirim.jpg\",\"width\":640,\"height\":425},{\"@type\":\"BreadcrumbList\",\"@id\":\"https:\\\/\\\/blogdofarnesio.com.br\\\/?p=406310#breadcrumb\",\"itemListElement\":[{\"@type\":\"ListItem\",\"position\":1,\"name\":\"In\u00edcio\",\"item\":\"https:\\\/\\\/blogdofarnesio.com.br\\\/\"},{\"@type\":\"ListItem\",\"position\":2,\"name\":\"Prefeitura de Parnamirim &#8211; PE publica edital de Processo Seletivo\"}]},{\"@type\":\"WebSite\",\"@id\":\"https:\\\/\\\/blogdofarnesio.com.br\\\/#website\",\"url\":\"https:\\\/\\\/blogdofarnesio.com.br\\\/\",\"name\":\"Blog do Farn\u00e9sio\",\"description\":\"Quer Saber Pol\u00edtica?\",\"publisher\":{\"@id\":\"https:\\\/\\\/blogdofarnesio.com.br\\\/#organization\"},\"potentialAction\":[{\"@type\":\"SearchAction\",\"target\":{\"@type\":\"EntryPoint\",\"urlTemplate\":\"https:\\\/\\\/blogdofarnesio.com.br\\\/?s={search_term_string}\"},\"query-input\":{\"@type\":\"PropertyValueSpecification\",\"valueRequired\":true,\"valueName\":\"search_term_string\"}}],\"inLanguage\":\"pt-BR\"},{\"@type\":\"Organization\",\"@id\":\"https:\\\/\\\/blogdofarnesio.com.br\\\/#organization\",\"name\":\"Blog do Farn\u00e9sio\",\"url\":\"https:\\\/\\\/blogdofarnesio.com.br\\\/\",\"logo\":{\"@type\":\"ImageObject\",\"inLanguage\":\"pt-BR\",\"@id\":\"https:\\\/\\\/blogdofarnesio.com.br\\\/#\\\/schema\\\/logo\\\/image\\\/\",\"url\":\"https:\\\/\\\/blogdofarnesio.com.br\\\/wp-content\\\/uploads\\\/2026\\\/03\\\/cropped-logo_new-1.png\",\"contentUrl\":\"https:\\\/\\\/blogdofarnesio.com.br\\\/wp-content\\\/uploads\\\/2026\\\/03\\\/cropped-logo_new-1.png\",\"width\":881,\"height\":685,\"caption\":\"Blog do Farn\u00e9sio\"},\"image\":{\"@id\":\"https:\\\/\\\/blogdofarnesio.com.br\\\/#\\\/schema\\\/logo\\\/image\\\/\"},\"sameAs\":[\"https:\\\/\\\/www.facebook.com\\\/BlogQuerSaberPolitica\\\/\"]},{\"@type\":\"Person\",\"@id\":\"https:\\\/\\\/blogdofarnesio.com.br\\\/#\\\/schema\\\/person\\\/bb9b23ae3ad0609ce8df7b6c9e76824d\",\"name\":\"Farn\u00e9sio\",\"image\":{\"@type\":\"ImageObject\",\"inLanguage\":\"pt-BR\",\"@id\":\"https:\\\/\\\/secure.gravatar.com\\\/avatar\\\/986aa4c61ccdb66f8555bf88fc2a65609d00bcabd4d2d94377a727547345cbca?s=96&d=mm&r=g\",\"url\":\"https:\\\/\\\/secure.gravatar.com\\\/avatar\\\/986aa4c61ccdb66f8555bf88fc2a65609d00bcabd4d2d94377a727547345cbca?s=96&d=mm&r=g\",\"contentUrl\":\"https:\\\/\\\/secure.gravatar.com\\\/avatar\\\/986aa4c61ccdb66f8555bf88fc2a65609d00bcabd4d2d94377a727547345cbca?s=96&d=mm&r=g\",\"caption\":\"Farn\u00e9sio\"},\"description\":\"Radialista blogueiro, chegou a Petrolina\\\/Juazeiro em setembro de 1980, Farn\u00e9sio Silva \u00e9 de Arapiraca-Alagoas.\",\"sameAs\":[\"http:\\\/\\\/blogdofarnesio.com.br\",\"https:\\\/\\\/www.facebook.com\\\/?ref=tn_tnmn\",\"https:\\\/\\\/www.instagram.com\\\/?utm_source=pwa_homescreen\",\"https:\\\/\\\/youtube.com.br\\\/\"],\"url\":\"https:\\\/\\\/blogdofarnesio.com.br\\\/?author=2\"}]}<\/script>\n<!-- \/ Yoast SEO plugin. -->","yoast_head_json":{"title":"Prefeitura de Parnamirim - PE publica edital de Processo Seletivo - Blog do Farn\u00e9sio","robots":{"index":"index","follow":"follow","max-snippet":"max-snippet:-1","max-image-preview":"max-image-preview:large","max-video-preview":"max-video-preview:-1"},"canonical":"https:\/\/blogdofarnesio.com.br\/?p=406310","og_locale":"pt_BR","og_type":"article","og_title":"Prefeitura de Parnamirim - PE publica edital de Processo Seletivo - Blog do Farn\u00e9sio","og_description":"A Prefeitura de Parnamirim, no Estado de Pernambuco, divulga a abertura de um Processo Seletivo, com o objetivo de formar cadastro de reserva para profissionais de n\u00edveis fundamental, m\u00e9dio e superior. De acordo com o edital, as oportunidades s\u00e3o para os seguintes cargos: Pintor Pedreiro Operador de M\u00e1quinas Pesadas Operador de Sistemas Monitor de Digita\u00e7\u00e3o Mec\u00e2nico de Ve\u00edculos Mec\u00e2nico de M\u00e1quinas Pesadas Eletricista Auxiliar de Mec\u00e2nico Agente de Servi\u00e7os Auxiliares Top\u00f3grafo Cozinheiro Auxiliar de Cozinha Porteiro Recepcionista Diretor-geral de Projetos e Planejamento da Aten\u00e7\u00e3o Prim\u00e1ria e Secund\u00e1ria em Sa\u00fade Merendeira Cuidador de Crian\u00e7as com Necessidades Especiais Coordenador da Central de Regula\u00e7\u00e3o da Secretaria Municipal de Sa\u00fade Coordenador do Setor de Compras\/Almoxarifado da SMS Para participar da sele\u00e7\u00e3o, \u00e9 necess\u00e1rio que&hellip;","og_url":"https:\/\/blogdofarnesio.com.br\/?p=406310","og_site_name":"Blog do Farn\u00e9sio","article_publisher":"https:\/\/www.facebook.com\/BlogQuerSaberPolitica\/","article_author":"https:\/\/www.facebook.com\/?ref=tn_tnmn","article_published_time":"2025-10-20T18:03:52+00:00","og_image":[{"width":640,"height":425,"url":"https:\/\/blogdofarnesio.com.br\/wp-content\/uploads\/2025\/07\/Parnamirim.jpg","type":"image\/jpeg"}],"author":"Farn\u00e9sio","twitter_card":"summary_large_image","twitter_misc":{"Escrito por":"Farn\u00e9sio","Est. tempo de leitura":"2 minutos"},"schema":{"@context":"https:\/\/schema.org","@graph":[{"@type":"Article","@id":"https:\/\/blogdofarnesio.com.br\/?p=406310#article","isPartOf":{"@id":"https:\/\/blogdofarnesio.com.br\/?p=406310"},"author":{"name":"Farn\u00e9sio","@id":"https:\/\/blogdofarnesio.com.br\/#\/schema\/person\/bb9b23ae3ad0609ce8df7b6c9e76824d"},"headline":"Prefeitura de Parnamirim &#8211; PE publica edital de Processo Seletivo","datePublished":"2025-10-20T18:03:52+00:00","mainEntityOfPage":{"@id":"https:\/\/blogdofarnesio.com.br\/?p=406310"},"wordCount":301,"commentCount":0,"publisher":{"@id":"https:\/\/blogdofarnesio.com.br\/#organization"},"image":{"@id":"https:\/\/blogdofarnesio.com.br\/?p=406310#primaryimage"},"thumbnailUrl":"https:\/\/blogdofarnesio.com.br\/wp-content\/uploads\/2025\/07\/Parnamirim.jpg","articleSection":["Concursos"],"inLanguage":"pt-BR","potentialAction":[{"@type":"CommentAction","name":"Comment","target":["https:\/\/blogdofarnesio.com.br\/?p=406310#respond"]}]},{"@type":"WebPage","@id":"https:\/\/blogdofarnesio.com.br\/?p=406310","url":"https:\/\/blogdofarnesio.com.br\/?p=406310","name":"Prefeitura de Parnamirim - PE publica edital de Processo Seletivo - Blog do Farn\u00e9sio","isPartOf":{"@id":"https:\/\/blogdofarnesio.com.br\/#website"},"primaryImageOfPage":{"@id":"https:\/\/blogdofarnesio.com.br\/?p=406310#primaryimage"},"image":{"@id":"https:\/\/blogdofarnesio.com.br\/?p=406310#primaryimage"},"thumbnailUrl":"https:\/\/blogdofarnesio.com.br\/wp-content\/uploads\/2025\/07\/Parnamirim.jpg","datePublished":"2025-10-20T18:03:52+00:00","breadcrumb":{"@id":"https:\/\/blogdofarnesio.com.br\/?p=406310#breadcrumb"},"inLanguage":"pt-BR","potentialAction":[{"@type":"ReadAction","target":["https:\/\/blogdofarnesio.com.br\/?p=406310"]}]},{"@type":"ImageObject","inLanguage":"pt-BR","@id":"https:\/\/blogdofarnesio.com.br\/?p=406310#primaryimage","url":"https:\/\/blogdofarnesio.com.br\/wp-content\/uploads\/2025\/07\/Parnamirim.jpg","contentUrl":"https:\/\/blogdofarnesio.com.br\/wp-content\/uploads\/2025\/07\/Parnamirim.jpg","width":640,"height":425},{"@type":"BreadcrumbList","@id":"https:\/\/blogdofarnesio.com.br\/?p=406310#breadcrumb","itemListElement":[{"@type":"ListItem","position":1,"name":"In\u00edcio","item":"https:\/\/blogdofarnesio.com.br\/"},{"@type":"ListItem","position":2,"name":"Prefeitura de Parnamirim &#8211; PE publica edital de Processo Seletivo"}]},{"@type":"WebSite","@id":"https:\/\/blogdofarnesio.com.br\/#website","url":"https:\/\/blogdofarnesio.com.br\/","name":"Blog do Farn\u00e9sio","description":"Quer Saber Pol\u00edtica?","publisher":{"@id":"https:\/\/blogdofarnesio.com.br\/#organization"},"potentialAction":[{"@type":"SearchAction","target":{"@type":"EntryPoint","urlTemplate":"https:\/\/blogdofarnesio.com.br\/?s={search_term_string}"},"query-input":{"@type":"PropertyValueSpecification","valueRequired":true,"valueName":"search_term_string"}}],"inLanguage":"pt-BR"},{"@type":"Organization","@id":"https:\/\/blogdofarnesio.com.br\/#organization","name":"Blog do Farn\u00e9sio","url":"https:\/\/blogdofarnesio.com.br\/","logo":{"@type":"ImageObject","inLanguage":"pt-BR","@id":"https:\/\/blogdofarnesio.com.br\/#\/schema\/logo\/image\/","url":"https:\/\/blogdofarnesio.com.br\/wp-content\/uploads\/2026\/03\/cropped-logo_new-1.png","contentUrl":"https:\/\/blogdofarnesio.com.br\/wp-content\/uploads\/2026\/03\/cropped-logo_new-1.png","width":881,"height":685,"caption":"Blog do Farn\u00e9sio"},"image":{"@id":"https:\/\/blogdofarnesio.com.br\/#\/schema\/logo\/image\/"},"sameAs":["https:\/\/www.facebook.com\/BlogQuerSaberPolitica\/"]},{"@type":"Person","@id":"https:\/\/blogdofarnesio.com.br\/#\/schema\/person\/bb9b23ae3ad0609ce8df7b6c9e76824d","name":"Farn\u00e9sio","image":{"@type":"ImageObject","inLanguage":"pt-BR","@id":"https:\/\/secure.gravatar.com\/avatar\/986aa4c61ccdb66f8555bf88fc2a65609d00bcabd4d2d94377a727547345cbca?s=96&d=mm&r=g","url":"https:\/\/secure.gravatar.com\/avatar\/986aa4c61ccdb66f8555bf88fc2a65609d00bcabd4d2d94377a727547345cbca?s=96&d=mm&r=g","contentUrl":"https:\/\/secure.gravatar.com\/avatar\/986aa4c61ccdb66f8555bf88fc2a65609d00bcabd4d2d94377a727547345cbca?s=96&d=mm&r=g","caption":"Farn\u00e9sio"},"description":"Radialista blogueiro, chegou a Petrolina\/Juazeiro em setembro de 1980, Farn\u00e9sio Silva \u00e9 de Arapiraca-Alagoas.","sameAs":["http:\/\/blogdofarnesio.com.br","https:\/\/www.facebook.com\/?ref=tn_tnmn","https:\/\/www.instagram.com\/?utm_source=pwa_homescreen","https:\/\/youtube.com.br\/"],"url":"https:\/\/blogdofarnesio.com.br\/?author=2"}]}},"_links":{"self":[{"href":"https:\/\/blogdofarnesio.com.br\/index.php?rest_route=\/wp\/v2\/posts\/406310","targetHints":{"allow":["GET"]}}],"collection":[{"href":"https:\/\/blogdofarnesio.com.br\/index.php?rest_route=\/wp\/v2\/posts"}],"about":[{"href":"https:\/\/blogdofarnesio.com.br\/index.php?rest_route=\/wp\/v2\/types\/post"}],"author":[{"embeddable":true,"href":"https:\/\/blogdofarnesio.com.br\/index.php?rest_route=\/wp\/v2\/users\/2"}],"replies":[{"embeddable":true,"href":"https:\/\/blogdofarnesio.com.br\/index.php?rest_route=%2Fwp%2Fv2%2Fcomments&post=406310"}],"version-history":[{"count":0,"href":"https:\/\/blogdofarnesio.com.br\/index.php?rest_route=\/wp\/v2\/posts\/406310\/revisions"}],"wp:featuredmedia":[{"embeddable":true,"href":"https:\/\/blogdofarnesio.com.br\/index.php?rest_route=\/wp\/v2\/media\/397563"}],"wp:attachment":[{"href":"https:\/\/blogdofarnesio.com.br\/index.php?rest_route=%2Fwp%2Fv2%2Fmedia&parent=406310"}],"wp:term":[{"taxonomy":"category","embeddable":true,"href":"https:\/\/blogdofarnesio.com.br\/index.php?rest_route=%2Fwp%2Fv2%2Fcategories&post=406310"},{"taxonomy":"post_tag","embeddable":true,"href":"https:\/\/blogdofarnesio.com.br\/index.php?rest_route=%2Fwp%2Fv2%2Ftags&post=406310"}],"curies":[{"name":"wp","href":"https:\/\/api.w.org\/{rel}","templated":true}]}}