{"id":40548,"date":"2013-05-16T07:00:19","date_gmt":"2013-05-16T10:00:19","guid":{"rendered":"http:\/\/www.quersaberpolitica.com.br\/?p=40548"},"modified":"2013-05-15T22:21:53","modified_gmt":"2013-05-16T01:21:53","slug":"projeto-pontal-vai-integrar-agricultores-familiares-em-25-de-area-irrigavel","status":"publish","type":"post","link":"https:\/\/blogdofarnesio.com.br\/?p=40548","title":{"rendered":"PROJETO PONTAL VAI INTEGRAR AGRICULTORES FAMILIARES EM 25% DE \u00c1REA IRRIG\u00c1VEL"},"content":{"rendered":"<p style=\"text-align: justify\"><a href=\"http:\/\/www.quersaberpolitica.com.br\/2016\/wp-content\/uploads\/2013\/05\/blogqspfenagri-2013-Foto-Farn\u00e9sio-Silva-21.jpg\"><img loading=\"lazy\" decoding=\"async\" class=\"alignleft size-medium wp-image-40558\" alt=\"blogqspfenagri 2013 Foto Farn\u00e9sio Silva (21)\" src=\"http:\/\/www.quersaberpolitica.com.br\/2016\/wp-content\/uploads\/2013\/05\/blogqspfenagri-2013-Foto-Farn\u00e9sio-Silva-21-300x168.jpg\" width=\"300\" height=\"168\" srcset=\"https:\/\/blogdofarnesio.com.br\/wp-content\/uploads\/2013\/05\/blogqspfenagri-2013-Foto-Farn\u00e9sio-Silva-21-300x168.jpg 300w, https:\/\/blogdofarnesio.com.br\/wp-content\/uploads\/2013\/05\/blogqspfenagri-2013-Foto-Farn\u00e9sio-Silva-21.jpg 448w\" sizes=\"auto, (max-width: 300px) 100vw, 300px\" \/><\/a>Novo modelo de explora\u00e7\u00e3o das terras estimula a fun\u00e7\u00e3o social e o desenvolvimento econ\u00f4mico da regi\u00e3o, em especial da comunidade<\/p>\n<p style=\"text-align: justify\">O ministro da Integra\u00e7\u00e3o Nacional, Fernando Bezerra Coelho, assinou, na noite desta quarta-feira (15), o contrato para ocupa\u00e7\u00e3o agr\u00edcola do projeto Pontal &#8211; per\u00edmetro irrigado localizado na \u00e1rea rural de Petrolina, no Vale do S\u00e3o Francisco.<\/p>\n<p style=\"text-align: justify\">O ato aconteceu durante a abertura da 24\u00aa Feira Nacional da Agricultura Irrigada (Fenagri), em Juazeiro (BA). A empresa vencedora, selecionada via processo p\u00fablico, vai gerir 10.680 hectares num empreendimento que prev\u00ea a cria\u00e7\u00e3o de 2,5 mil empregos diretos e integrar\u00e1 agricultores familiares em 25% da \u00e1rea irrig\u00e1vel.<!--more--><\/p>\n<p style=\"text-align: justify\">O projeto vencedor promover\u00e1 o desenvolvimento da fruticultura brasileira por meio da produ\u00e7\u00e3o integrada com agricultores familiares. Eles participar\u00e3o n\u00e3o apenas do cultivo dos pomares, mas tamb\u00e9m da cadeia de processamento, beneficiando-se assim do valor agregado ao produto final. Para isto, os produtores ser\u00e3o capacitados pela empresa \u00e2ncora. Caju, castanhas e sucos tropicais ser\u00e3o alguns dos produtos que passar\u00e3o a integrar o leque do projeto Pontal.<\/p>\n<p style=\"text-align: justify\">A instala\u00e7\u00e3o de duas f\u00e1bricas para beneficiar os produtos cultivados no per\u00edmetro ser\u00e1 respons\u00e1vel pela cria\u00e7\u00e3o de outros 550 postos de trabalho. Uma delas produzir\u00e1 mais de 15 mil toneladas de castanha de caju, anualmente, enquanto a outra processar\u00e1 cerca de 180 mil toneladas de frutas tropicais para produzir sucos e concentrados.<\/p>\n<p style=\"text-align: justify\">A integra\u00e7\u00e3o com os agricultores familiares busca melhoria de processos, qualidade dos produtos e assiduidade de oferta com pre\u00e7os competitivos. Nesse modelo, o agricultor integrado n\u00e3o paga pelo uso da terra e a empresa respons\u00e1vel pela gest\u00e3o do per\u00edmetro n\u00e3o pode cobrar um valor superior ao que ela paga a t\u00edtulo de Tarifa Vari\u00e1vel, que s\u00e3o os custos diretos pagos mensalmente \u00e0 Codevasf [Companhia de Desenvolvimento dos Vales do S\u00e3o Francisco e Parna\u00edba], pelo consumo da \u00e1gua e da energia usada para bombe\u00e1-la.<\/p>\n<p style=\"text-align: justify\">Uma das vantagens \u00e9 que o projeto ser\u00e1 implantado de forma estruturada, com a integra\u00e7\u00e3o entre a empresa \u00e2ncora e os produtores rurais. Al\u00e9m de um plano de explora\u00e7\u00e3o agr\u00edcola com padr\u00f5es de qualidade definidos e maior escala de produ\u00e7\u00e3o, o contrato garante a assist\u00eancia t\u00e9cnica aos agricultores integrados.<\/p>\n<p style=\"text-align: justify\">Assist\u00eancia &#8211; A empresa vencedora apresentou a maior oferta anual para a tarifa de servi\u00e7os de irriga\u00e7\u00e3o por hectare &#8211; ser\u00e1 respons\u00e1vel, durante 45 anos, pela gest\u00e3o dos 10.680 hectares do projeto. Da \u00e1rea total, 7.811 hectares s\u00e3o irrig\u00e1veis, sendo 25% (1.975 hectares) destinados obrigatoriamente a agricultores familiares, em lotes com \u00e1rea entre cinco e 20 hectares por produtor.<\/p>\n<p style=\"text-align: justify\">Os agricultores familiares, dentre outras obriga\u00e7\u00f5es, dever\u00e3o promover o aproveitamento econ\u00f4mico de seu lote, produzindo conforme os padr\u00f5es determinados pela empresa que faz a gest\u00e3o da \u00e1rea e adequados \u00e0s condi\u00e7\u00f5es da regi\u00e3o. A produ\u00e7\u00e3o agr\u00edcola ser\u00e1 vendida \u00e0 gestora do per\u00edmetro, observando os percentuais definidos em contrato.<\/p>\n<p style=\"text-align: justify\">A assist\u00eancia t\u00e9cnica aos agricultores irrigados \u00e9 uma das obriga\u00e7\u00f5es da empresa \u00e2ncora &#8211; seguindo a estrutura da Codevasf &#8211; para assegurar a qualidade da produ\u00e7\u00e3o e a renda da cajucultura. Ela tamb\u00e9m fornecer\u00e1 o abastecimento de \u00e1gua para o consumo humano nos lotes e manter\u00e1 o controle para que essa \u00e1gua n\u00e3o seja usada na irriga\u00e7\u00e3o.<\/p>\n<p style=\"text-align: justify\">Novo modelo &#8211; O contrato de CDRU [Concess\u00e3o de Direito Real de Uso] para o Pontal cria condi\u00e7\u00f5es que possibilitam o uso produtivo das \u00e1reas irrig\u00e1veis e n\u00e3o irrig\u00e1veis por meio de empreendimentos agr\u00edcolas, agropecu\u00e1rios e agroindustriais. Com a escolha desse modelo, o Minist\u00e9rio da Integra\u00e7\u00e3o Nacional estimula a fun\u00e7\u00e3o social da terra e o desenvolvimento econ\u00f4mico da regi\u00e3o e de sua comunidade.<\/p>\n<p style=\"text-align: justify\">A Concess\u00e3o de Direito Real de Uso pressup\u00f5e a explora\u00e7\u00e3o das terras em sistema de gest\u00e3o produtiva e negocial. Se desviada ou n\u00e3o atingida, poder\u00e1 causar o t\u00e9rmino da concess\u00e3o, respeitando-se o prazo estabelecido para ocupa\u00e7\u00e3o agr\u00edcola. Pelo programa Mais Irriga\u00e7\u00e3o, este \u00e9 o primeiro projeto licitado na modalidade de CDRU, com regras de ocupa\u00e7\u00e3o e responsabilidade estabelecidas visando resultados de efici\u00eancia da produ\u00e7\u00e3o e, sobretudo, a integra\u00e7\u00e3o social e econ\u00f4mica dos pequenos agricultores.<\/p>\n<p style=\"text-align: justify\">A partir de agora, a explora\u00e7\u00e3o da agricultura irrig\u00e1vel ocorrer\u00e1 em duas fases distintas. Na primeira, na \u00e1rea denominada Pontal Sul, a ocupa\u00e7\u00e3o da \u00e1rea que j\u00e1 possui infraestrutura de irriga\u00e7\u00e3o dever\u00e1 ter in\u00edcio no prazo de 60 dias, a contar da notifica\u00e7\u00e3o pela Codevasf. Na segunda etapa, em Pontal Norte e parte de Pontal Sul, a ocupa\u00e7\u00e3o dever\u00e1 ser iniciada no prazo de 60 dias ap\u00f3s a conclus\u00e3o das obras de expans\u00e3o da infraestrutura de irriga\u00e7\u00e3o de uso comum e da disponibiliza\u00e7\u00e3o do servi\u00e7o de irriga\u00e7\u00e3o.<\/p>\n<p style=\"text-align: justify\">Projeto &#8211; O Pontal est\u00e1 localizado na margem esquerda do rio S\u00e3o Francisco. O acesso ao per\u00edmetro ocorre pela BR 122\/428, que liga Petrolina a Recife, ou pela BR 407, que vai de Petrolina a Picos. A dist\u00e2ncia entre a sede do munic\u00edpio e os acessos do projeto \u00e9 de aproximadamente 30 km. O aeroporto internacional de Petrolina &#8211; uma das principais vias para o escoamento da produ\u00e7\u00e3o agr\u00edcola da regi\u00e3o para pa\u00edses da Europa e Am\u00e9rica do Norte &#8211; fica a 75 km do Pontal.<\/p>\n<p style=\"text-align: justify\">O territ\u00f3rio da CDRU compreende as \u00e1reas irrig\u00e1veis e n\u00e3o irrig\u00e1veis do projeto. O objetivo \u00e9 o desenvolvimento hidroagr\u00edcola da regi\u00e3o. Ele foi concebido para o aproveitamento de manchas de solos aptos \u00e0 agricultura irrigada. A fonte h\u00eddrica do per\u00edmetro \u00e9 o rio S\u00e3o Francisco, abrangendo duas grandes \u00e1reas cont\u00edguas, harmonicamente integradas, Pontal Norte e Pontal Sul, separadas pelo riacho Pontal, afluente do rio S\u00e3o Francisco.<\/p>\n<p style=\"text-align: justify\">N\u00facleo de Comunica\u00e7\u00e3o do Minist\u00e9rio da Integra\u00e7\u00e3o Nacional &#8211; Nordeste<\/p>\n<p style=\"text-align: justify\">\n","protected":false},"excerpt":{"rendered":"<p>Novo modelo de explora\u00e7\u00e3o das terras estimula a fun\u00e7\u00e3o social e o desenvolvimento econ\u00f4mico da regi\u00e3o, em especial da comunidade O ministro da Integra\u00e7\u00e3o Nacional, Fernando Bezerra Coelho, assinou, na noite desta quarta-feira (15), o contrato para ocupa\u00e7\u00e3o agr\u00edcola do projeto Pontal &#8211; per\u00edmetro irrigado localizado na \u00e1rea rural de Petrolina, no Vale do S\u00e3o Francisco. O ato aconteceu durante a abertura da 24\u00aa Feira Nacional da Agricultura Irrigada (Fenagri), em Juazeiro (BA). A empresa vencedora, selecionada via processo p\u00fablico, vai gerir 10.680 hectares num empreendimento que prev\u00ea a cria\u00e7\u00e3o de 2,5 mil empregos diretos e integrar\u00e1 agricultores familiares em 25% da \u00e1rea irrig\u00e1vel.<\/p>\n","protected":false},"author":3,"featured_media":0,"comment_status":"open","ping_status":"open","sticky":false,"template":"","format":"standard","meta":{"_acf_changed":false,"footnotes":""},"categories":[26],"tags":[],"class_list":["post-40548","post","type-post","status-publish","format-standard","hentry","category-agricultura"],"acf":[],"yoast_head":"<!-- This site is optimized with the Yoast SEO plugin v27.4 - https:\/\/yoast.com\/product\/yoast-seo-wordpress\/ -->\n<title>PROJETO PONTAL VAI INTEGRAR AGRICULTORES FAMILIARES EM 25% DE \u00c1REA IRRIG\u00c1VEL - Blog do Farn\u00e9sio<\/title>\n<meta name=\"robots\" content=\"index, follow, max-snippet:-1, max-image-preview:large, max-video-preview:-1\" \/>\n<link rel=\"canonical\" href=\"https:\/\/blogdofarnesio.com.br\/?p=40548\" \/>\n<meta property=\"og:locale\" content=\"pt_BR\" \/>\n<meta property=\"og:type\" content=\"article\" \/>\n<meta property=\"og:title\" content=\"PROJETO PONTAL VAI INTEGRAR AGRICULTORES FAMILIARES EM 25% DE \u00c1REA IRRIG\u00c1VEL - Blog do Farn\u00e9sio\" \/>\n<meta property=\"og:description\" content=\"Novo modelo de explora\u00e7\u00e3o das terras estimula a fun\u00e7\u00e3o social e o desenvolvimento econ\u00f4mico da regi\u00e3o, em especial da comunidade O ministro da Integra\u00e7\u00e3o Nacional, Fernando Bezerra Coelho, assinou, na noite desta quarta-feira (15), o contrato para ocupa\u00e7\u00e3o agr\u00edcola do projeto Pontal &#8211; per\u00edmetro irrigado localizado na \u00e1rea rural de Petrolina, no Vale do S\u00e3o Francisco. O ato aconteceu durante a abertura da 24\u00aa Feira Nacional da Agricultura Irrigada (Fenagri), em Juazeiro (BA). A empresa vencedora, selecionada via processo p\u00fablico, vai gerir 10.680 hectares num empreendimento que prev\u00ea a cria\u00e7\u00e3o de 2,5 mil empregos diretos e integrar\u00e1 agricultores familiares em 25% da \u00e1rea irrig\u00e1vel.\" \/>\n<meta property=\"og:url\" content=\"https:\/\/blogdofarnesio.com.br\/?p=40548\" \/>\n<meta property=\"og:site_name\" content=\"Blog do Farn\u00e9sio\" \/>\n<meta property=\"article:publisher\" content=\"https:\/\/www.facebook.com\/BlogQuerSaberPolitica\/\" \/>\n<meta property=\"article:published_time\" content=\"2013-05-16T10:00:19+00:00\" \/>\n<meta name=\"author\" content=\"teste\" \/>\n<meta name=\"twitter:card\" content=\"summary_large_image\" \/>\n<meta name=\"twitter:label1\" content=\"Escrito por\" \/>\n\t<meta name=\"twitter:data1\" content=\"teste\" \/>\n\t<meta name=\"twitter:label2\" content=\"Est. tempo de leitura\" \/>\n\t<meta name=\"twitter:data2\" content=\"5 minutos\" \/>\n<script type=\"application\/ld+json\" class=\"yoast-schema-graph\">{\"@context\":\"https:\\\/\\\/schema.org\",\"@graph\":[{\"@type\":\"Article\",\"@id\":\"https:\\\/\\\/blogdofarnesio.com.br\\\/?p=40548#article\",\"isPartOf\":{\"@id\":\"https:\\\/\\\/blogdofarnesio.com.br\\\/?p=40548\"},\"author\":{\"name\":\"teste\",\"@id\":\"https:\\\/\\\/blogdofarnesio.com.br\\\/#\\\/schema\\\/person\\\/dd1bf5eba40b687199ba45ca6b97dff9\"},\"headline\":\"PROJETO PONTAL VAI INTEGRAR AGRICULTORES FAMILIARES EM 25% DE \u00c1REA IRRIG\u00c1VEL\",\"datePublished\":\"2013-05-16T10:00:19+00:00\",\"mainEntityOfPage\":{\"@id\":\"https:\\\/\\\/blogdofarnesio.com.br\\\/?p=40548\"},\"wordCount\":1020,\"commentCount\":0,\"publisher\":{\"@id\":\"https:\\\/\\\/blogdofarnesio.com.br\\\/#organization\"},\"articleSection\":[\"Agricultura\"],\"inLanguage\":\"pt-BR\",\"potentialAction\":[{\"@type\":\"CommentAction\",\"name\":\"Comment\",\"target\":[\"https:\\\/\\\/blogdofarnesio.com.br\\\/?p=40548#respond\"]}]},{\"@type\":\"WebPage\",\"@id\":\"https:\\\/\\\/blogdofarnesio.com.br\\\/?p=40548\",\"url\":\"https:\\\/\\\/blogdofarnesio.com.br\\\/?p=40548\",\"name\":\"PROJETO PONTAL VAI INTEGRAR AGRICULTORES FAMILIARES EM 25% DE \u00c1REA IRRIG\u00c1VEL - Blog do Farn\u00e9sio\",\"isPartOf\":{\"@id\":\"https:\\\/\\\/blogdofarnesio.com.br\\\/#website\"},\"datePublished\":\"2013-05-16T10:00:19+00:00\",\"breadcrumb\":{\"@id\":\"https:\\\/\\\/blogdofarnesio.com.br\\\/?p=40548#breadcrumb\"},\"inLanguage\":\"pt-BR\",\"potentialAction\":[{\"@type\":\"ReadAction\",\"target\":[\"https:\\\/\\\/blogdofarnesio.com.br\\\/?p=40548\"]}]},{\"@type\":\"BreadcrumbList\",\"@id\":\"https:\\\/\\\/blogdofarnesio.com.br\\\/?p=40548#breadcrumb\",\"itemListElement\":[{\"@type\":\"ListItem\",\"position\":1,\"name\":\"In\u00edcio\",\"item\":\"https:\\\/\\\/blogdofarnesio.com.br\\\/\"},{\"@type\":\"ListItem\",\"position\":2,\"name\":\"PROJETO PONTAL VAI INTEGRAR AGRICULTORES FAMILIARES EM 25% DE \u00c1REA IRRIG\u00c1VEL\"}]},{\"@type\":\"WebSite\",\"@id\":\"https:\\\/\\\/blogdofarnesio.com.br\\\/#website\",\"url\":\"https:\\\/\\\/blogdofarnesio.com.br\\\/\",\"name\":\"Blog do Farn\u00e9sio\",\"description\":\"Quer Saber Pol\u00edtica?\",\"publisher\":{\"@id\":\"https:\\\/\\\/blogdofarnesio.com.br\\\/#organization\"},\"potentialAction\":[{\"@type\":\"SearchAction\",\"target\":{\"@type\":\"EntryPoint\",\"urlTemplate\":\"https:\\\/\\\/blogdofarnesio.com.br\\\/?s={search_term_string}\"},\"query-input\":{\"@type\":\"PropertyValueSpecification\",\"valueRequired\":true,\"valueName\":\"search_term_string\"}}],\"inLanguage\":\"pt-BR\"},{\"@type\":\"Organization\",\"@id\":\"https:\\\/\\\/blogdofarnesio.com.br\\\/#organization\",\"name\":\"Blog do Farn\u00e9sio\",\"url\":\"https:\\\/\\\/blogdofarnesio.com.br\\\/\",\"logo\":{\"@type\":\"ImageObject\",\"inLanguage\":\"pt-BR\",\"@id\":\"https:\\\/\\\/blogdofarnesio.com.br\\\/#\\\/schema\\\/logo\\\/image\\\/\",\"url\":\"https:\\\/\\\/blogdofarnesio.com.br\\\/wp-content\\\/uploads\\\/2026\\\/03\\\/cropped-logo_new-1.png\",\"contentUrl\":\"https:\\\/\\\/blogdofarnesio.com.br\\\/wp-content\\\/uploads\\\/2026\\\/03\\\/cropped-logo_new-1.png\",\"width\":881,\"height\":685,\"caption\":\"Blog do Farn\u00e9sio\"},\"image\":{\"@id\":\"https:\\\/\\\/blogdofarnesio.com.br\\\/#\\\/schema\\\/logo\\\/image\\\/\"},\"sameAs\":[\"https:\\\/\\\/www.facebook.com\\\/BlogQuerSaberPolitica\\\/\"]},{\"@type\":\"Person\",\"@id\":\"https:\\\/\\\/blogdofarnesio.com.br\\\/#\\\/schema\\\/person\\\/dd1bf5eba40b687199ba45ca6b97dff9\",\"name\":\"teste\",\"image\":{\"@type\":\"ImageObject\",\"inLanguage\":\"pt-BR\",\"@id\":\"https:\\\/\\\/secure.gravatar.com\\\/avatar\\\/2172498d4914b51e1d89a0f97957b035ac4938723a5cac208135d389b6972a6d?s=96&d=mm&r=g\",\"url\":\"https:\\\/\\\/secure.gravatar.com\\\/avatar\\\/2172498d4914b51e1d89a0f97957b035ac4938723a5cac208135d389b6972a6d?s=96&d=mm&r=g\",\"contentUrl\":\"https:\\\/\\\/secure.gravatar.com\\\/avatar\\\/2172498d4914b51e1d89a0f97957b035ac4938723a5cac208135d389b6972a6d?s=96&d=mm&r=g\",\"caption\":\"teste\"},\"url\":\"https:\\\/\\\/blogdofarnesio.com.br\\\/?author=3\"}]}<\/script>\n<!-- \/ Yoast SEO plugin. -->","yoast_head_json":{"title":"PROJETO PONTAL VAI INTEGRAR AGRICULTORES FAMILIARES EM 25% DE \u00c1REA IRRIG\u00c1VEL - Blog do Farn\u00e9sio","robots":{"index":"index","follow":"follow","max-snippet":"max-snippet:-1","max-image-preview":"max-image-preview:large","max-video-preview":"max-video-preview:-1"},"canonical":"https:\/\/blogdofarnesio.com.br\/?p=40548","og_locale":"pt_BR","og_type":"article","og_title":"PROJETO PONTAL VAI INTEGRAR AGRICULTORES FAMILIARES EM 25% DE \u00c1REA IRRIG\u00c1VEL - Blog do Farn\u00e9sio","og_description":"Novo modelo de explora\u00e7\u00e3o das terras estimula a fun\u00e7\u00e3o social e o desenvolvimento econ\u00f4mico da regi\u00e3o, em especial da comunidade O ministro da Integra\u00e7\u00e3o Nacional, Fernando Bezerra Coelho, assinou, na noite desta quarta-feira (15), o contrato para ocupa\u00e7\u00e3o agr\u00edcola do projeto Pontal &#8211; per\u00edmetro irrigado localizado na \u00e1rea rural de Petrolina, no Vale do S\u00e3o Francisco. O ato aconteceu durante a abertura da 24\u00aa Feira Nacional da Agricultura Irrigada (Fenagri), em Juazeiro (BA). A empresa vencedora, selecionada via processo p\u00fablico, vai gerir 10.680 hectares num empreendimento que prev\u00ea a cria\u00e7\u00e3o de 2,5 mil empregos diretos e integrar\u00e1 agricultores familiares em 25% da \u00e1rea irrig\u00e1vel.","og_url":"https:\/\/blogdofarnesio.com.br\/?p=40548","og_site_name":"Blog do Farn\u00e9sio","article_publisher":"https:\/\/www.facebook.com\/BlogQuerSaberPolitica\/","article_published_time":"2013-05-16T10:00:19+00:00","author":"teste","twitter_card":"summary_large_image","twitter_misc":{"Escrito por":"teste","Est. tempo de leitura":"5 minutos"},"schema":{"@context":"https:\/\/schema.org","@graph":[{"@type":"Article","@id":"https:\/\/blogdofarnesio.com.br\/?p=40548#article","isPartOf":{"@id":"https:\/\/blogdofarnesio.com.br\/?p=40548"},"author":{"name":"teste","@id":"https:\/\/blogdofarnesio.com.br\/#\/schema\/person\/dd1bf5eba40b687199ba45ca6b97dff9"},"headline":"PROJETO PONTAL VAI INTEGRAR AGRICULTORES FAMILIARES EM 25% DE \u00c1REA IRRIG\u00c1VEL","datePublished":"2013-05-16T10:00:19+00:00","mainEntityOfPage":{"@id":"https:\/\/blogdofarnesio.com.br\/?p=40548"},"wordCount":1020,"commentCount":0,"publisher":{"@id":"https:\/\/blogdofarnesio.com.br\/#organization"},"articleSection":["Agricultura"],"inLanguage":"pt-BR","potentialAction":[{"@type":"CommentAction","name":"Comment","target":["https:\/\/blogdofarnesio.com.br\/?p=40548#respond"]}]},{"@type":"WebPage","@id":"https:\/\/blogdofarnesio.com.br\/?p=40548","url":"https:\/\/blogdofarnesio.com.br\/?p=40548","name":"PROJETO PONTAL VAI INTEGRAR AGRICULTORES FAMILIARES EM 25% DE \u00c1REA IRRIG\u00c1VEL - Blog do Farn\u00e9sio","isPartOf":{"@id":"https:\/\/blogdofarnesio.com.br\/#website"},"datePublished":"2013-05-16T10:00:19+00:00","breadcrumb":{"@id":"https:\/\/blogdofarnesio.com.br\/?p=40548#breadcrumb"},"inLanguage":"pt-BR","potentialAction":[{"@type":"ReadAction","target":["https:\/\/blogdofarnesio.com.br\/?p=40548"]}]},{"@type":"BreadcrumbList","@id":"https:\/\/blogdofarnesio.com.br\/?p=40548#breadcrumb","itemListElement":[{"@type":"ListItem","position":1,"name":"In\u00edcio","item":"https:\/\/blogdofarnesio.com.br\/"},{"@type":"ListItem","position":2,"name":"PROJETO PONTAL VAI INTEGRAR AGRICULTORES FAMILIARES EM 25% DE \u00c1REA IRRIG\u00c1VEL"}]},{"@type":"WebSite","@id":"https:\/\/blogdofarnesio.com.br\/#website","url":"https:\/\/blogdofarnesio.com.br\/","name":"Blog do Farn\u00e9sio","description":"Quer Saber Pol\u00edtica?","publisher":{"@id":"https:\/\/blogdofarnesio.com.br\/#organization"},"potentialAction":[{"@type":"SearchAction","target":{"@type":"EntryPoint","urlTemplate":"https:\/\/blogdofarnesio.com.br\/?s={search_term_string}"},"query-input":{"@type":"PropertyValueSpecification","valueRequired":true,"valueName":"search_term_string"}}],"inLanguage":"pt-BR"},{"@type":"Organization","@id":"https:\/\/blogdofarnesio.com.br\/#organization","name":"Blog do Farn\u00e9sio","url":"https:\/\/blogdofarnesio.com.br\/","logo":{"@type":"ImageObject","inLanguage":"pt-BR","@id":"https:\/\/blogdofarnesio.com.br\/#\/schema\/logo\/image\/","url":"https:\/\/blogdofarnesio.com.br\/wp-content\/uploads\/2026\/03\/cropped-logo_new-1.png","contentUrl":"https:\/\/blogdofarnesio.com.br\/wp-content\/uploads\/2026\/03\/cropped-logo_new-1.png","width":881,"height":685,"caption":"Blog do Farn\u00e9sio"},"image":{"@id":"https:\/\/blogdofarnesio.com.br\/#\/schema\/logo\/image\/"},"sameAs":["https:\/\/www.facebook.com\/BlogQuerSaberPolitica\/"]},{"@type":"Person","@id":"https:\/\/blogdofarnesio.com.br\/#\/schema\/person\/dd1bf5eba40b687199ba45ca6b97dff9","name":"teste","image":{"@type":"ImageObject","inLanguage":"pt-BR","@id":"https:\/\/secure.gravatar.com\/avatar\/2172498d4914b51e1d89a0f97957b035ac4938723a5cac208135d389b6972a6d?s=96&d=mm&r=g","url":"https:\/\/secure.gravatar.com\/avatar\/2172498d4914b51e1d89a0f97957b035ac4938723a5cac208135d389b6972a6d?s=96&d=mm&r=g","contentUrl":"https:\/\/secure.gravatar.com\/avatar\/2172498d4914b51e1d89a0f97957b035ac4938723a5cac208135d389b6972a6d?s=96&d=mm&r=g","caption":"teste"},"url":"https:\/\/blogdofarnesio.com.br\/?author=3"}]}},"_links":{"self":[{"href":"https:\/\/blogdofarnesio.com.br\/index.php?rest_route=\/wp\/v2\/posts\/40548","targetHints":{"allow":["GET"]}}],"collection":[{"href":"https:\/\/blogdofarnesio.com.br\/index.php?rest_route=\/wp\/v2\/posts"}],"about":[{"href":"https:\/\/blogdofarnesio.com.br\/index.php?rest_route=\/wp\/v2\/types\/post"}],"author":[{"embeddable":true,"href":"https:\/\/blogdofarnesio.com.br\/index.php?rest_route=\/wp\/v2\/users\/3"}],"replies":[{"embeddable":true,"href":"https:\/\/blogdofarnesio.com.br\/index.php?rest_route=%2Fwp%2Fv2%2Fcomments&post=40548"}],"version-history":[{"count":0,"href":"https:\/\/blogdofarnesio.com.br\/index.php?rest_route=\/wp\/v2\/posts\/40548\/revisions"}],"wp:attachment":[{"href":"https:\/\/blogdofarnesio.com.br\/index.php?rest_route=%2Fwp%2Fv2%2Fmedia&parent=40548"}],"wp:term":[{"taxonomy":"category","embeddable":true,"href":"https:\/\/blogdofarnesio.com.br\/index.php?rest_route=%2Fwp%2Fv2%2Fcategories&post=40548"},{"taxonomy":"post_tag","embeddable":true,"href":"https:\/\/blogdofarnesio.com.br\/index.php?rest_route=%2Fwp%2Fv2%2Ftags&post=40548"}],"curies":[{"name":"wp","href":"https:\/\/api.w.org\/{rel}","templated":true}]}}