{"id":405175,"date":"2025-10-06T09:00:40","date_gmt":"2025-10-06T12:00:40","guid":{"rendered":"https:\/\/blogdofarnesio.com.br\/?p=405175"},"modified":"2025-10-05T21:26:02","modified_gmt":"2025-10-06T00:26:02","slug":"paratleta-juazeirense-entra-em-seleto-grupo-ao-nadar-40-km-de-sobradinho-a-juazeiro-e-faz-historia","status":"publish","type":"post","link":"https:\/\/blogdofarnesio.com.br\/?p=405175","title":{"rendered":"Paratleta juazeirense entra em seleto grupo, ao nadar 40 km de Sobradinho a Juazeiro e faz hist\u00f3ria"},"content":{"rendered":"<p>No dia em que o Velho Chico celebrou seus 524 anos, o rio ganhou mais uma p\u00e1gina de supera\u00e7\u00e3o e amor \u00e0 vida. O paratleta Ivo Santos realizou um feito in\u00e9dito: tornou-se o primeiro paratleta a percorrer, a nado, o trajeto de 40 km entre Sobradinho e Juazeiro.<\/p>\n<p>\u201cEu sonhei em fazer esse percurso. Comecei tem uns sete meses, mais ou menos. Pensei que n\u00e3o ia conseguir no come\u00e7o, porque a \u00e1gua \u00e9 muito parada, forcei muito, mas deu certo. Queria agradecer ao pessoal que me deu o apoio, a for\u00e7a, a moral, tudo mesmo de cora\u00e7\u00e3o\u201d, contou Ivo, emocionado.<\/p>\n<p><img loading=\"lazy\" decoding=\"async\" class=\"size-full wp-image-405176 aligncenter\" src=\"https:\/\/blogdofarnesio.com.br\/wp-content\/uploads\/2025\/10\/blogqspparatleta-ivo-santos-sobradinho-juazeirio-2-e1759699801216.jpeg\" alt=\"\" width=\"580\" height=\"465\" \/>Foram 9 horas, 38 minutos e 50 segundos de um desafio intenso, com marolas, vento e muito esfor\u00e7o f\u00edsico e mental. Mas, acima de tudo, um percurso marcado por emo\u00e7\u00e3o, f\u00e9 e supera\u00e7\u00e3o. Antes de cair nas \u00e1guas, Ivo subiu de barco de Juazeiro at\u00e9 Sobradinho, no pequeno barquinho que costuma usar em seus treinos. De l\u00e1, desceu nadando, guiado por uma equipe comprometida com a seguran\u00e7a e com a realiza\u00e7\u00e3o desse sonho.<\/p>\n<p>Ivo destacou, ainda, que a conquista, al\u00e9m de uma realiza\u00e7\u00e3o pessoal, tamb\u00e9m \u00e9 uma oportunidade de dar visibilidade ao paradesporto e fortalecer a representatividade. \u201cO objetivo desse sonho tamb\u00e9m \u00e9 abrir portas para outros paratletas e estimular o esporte\u201c, disse.<\/p>\n<p>A travessia contou com o apoio da Prefeitura de Juazeiro, atrav\u00e9s da Secretaria de Cultura, Turismo e Esporte (Seculte), Marinha durante todo o percurso, al\u00e9m do suporte da Capitania Fluvial de Juazeiro (CFJ), Corpo de Bombeiros, Z2 Assessoria Esportiva e do Centro de Treinamento Lourival Quirino.<\/p>\n<p>O professor Rilton Ribeiro, treinador da Z2 e do CT Lourival Quirino, acompanhou cada etapa do processo. \u201cFoi muito emocionante. Foram meses de prepara\u00e7\u00e3o, tanto na parte t\u00e1tica quanto na pr\u00e1tica. Trabalhamos treinos intervalados, resist\u00eancia, testamos suplementa\u00e7\u00e3o, tudo para que o Ivo conseguisse completar o percurso com sucesso. Era um sonho pra ele, e a gente agregou a esse sonho. S\u00f3 temos a agradecer pela oportunidade de fazer parte disso. Agora \u00e9 continuar, porque ele tem potencial para se tornar um ultramaratonista em breve\u201d, destacou Rilton.<\/p>\n<p>A coordenadora de Esportes da Secretaria de Cultura, Turismo e Esportes de Juazeiro, Alice Rocha, ressaltou a import\u00e2ncia simb\u00f3lica e inspiradora da travessia. \u201cO que o Ivo fez \u00e9 muito mais do que um feito esportivo, \u00e9 um exemplo de coragem e representatividade. Ele mostra que o esporte \u00e9 para todos e que as limita\u00e7\u00f5es n\u00e3o definem at\u00e9 onde podemos ir. Num dia t\u00e3o especial para o nosso rio, ver um juazeirense como ele cruzando essas \u00e1guas \u00e9 motivo de orgulho e inspira\u00e7\u00e3o para toda a cidade\u201d, afirmou.<\/p>\n<p><b>Atletas que j\u00e1 fizeram o percurso<br \/>\n<\/b><br \/>\nA travessia Sobradinho-Juazeiro \u00e9 um desafio que poucos atletas conseguiram completar. Entre eles est\u00e3o Lourival Quirino, refer\u00eancia da nata\u00e7\u00e3o regional, Alessandra Melo, que tamb\u00e9m deixou sua marca nesse trajeto, e Jarlei Barros, que nadou ao lado de Ivo nesta edi\u00e7\u00e3o.<\/p>\n<div><\/div>\n<div>Ascom\/PMJ<\/div>\n","protected":false},"excerpt":{"rendered":"<p>No dia em que o Velho Chico celebrou seus 524 anos, o rio ganhou mais uma p\u00e1gina de supera\u00e7\u00e3o e amor \u00e0 vida. O paratleta Ivo Santos realizou um feito in\u00e9dito: tornou-se o primeiro paratleta a percorrer, a nado, o trajeto de 40 km entre Sobradinho e Juazeiro. \u201cEu sonhei em fazer esse percurso. Comecei tem uns sete meses, mais ou menos. Pensei que n\u00e3o ia conseguir no come\u00e7o, porque a \u00e1gua \u00e9 muito parada, forcei muito, mas deu certo. Queria agradecer ao pessoal que me deu o apoio, a for\u00e7a, a moral, tudo mesmo de cora\u00e7\u00e3o\u201d, contou Ivo, emocionado. Foram 9 horas, 38 minutos e 50 segundos de um desafio intenso, com marolas, vento e muito esfor\u00e7o f\u00edsico e&hellip; <\/p>\n","protected":false},"author":2,"featured_media":405177,"comment_status":"open","ping_status":"open","sticky":false,"template":"","format":"standard","meta":{"_acf_changed":false,"footnotes":""},"categories":[8],"tags":[],"class_list":["post-405175","post","type-post","status-publish","format-standard","has-post-thumbnail","hentry","category-esportes"],"acf":[],"yoast_head":"<!-- This site is optimized with the Yoast SEO plugin v27.4 - https:\/\/yoast.com\/product\/yoast-seo-wordpress\/ -->\n<title>Paratleta juazeirense entra em seleto grupo, ao nadar 40 km de Sobradinho a Juazeiro e faz hist\u00f3ria - Blog do Farn\u00e9sio<\/title>\n<meta name=\"robots\" content=\"index, follow, max-snippet:-1, max-image-preview:large, max-video-preview:-1\" \/>\n<link rel=\"canonical\" href=\"https:\/\/blogdofarnesio.com.br\/?p=405175\" \/>\n<meta property=\"og:locale\" content=\"pt_BR\" \/>\n<meta property=\"og:type\" content=\"article\" \/>\n<meta property=\"og:title\" content=\"Paratleta juazeirense entra em seleto grupo, ao nadar 40 km de Sobradinho a Juazeiro e faz hist\u00f3ria - Blog do Farn\u00e9sio\" \/>\n<meta property=\"og:description\" content=\"No dia em que o Velho Chico celebrou seus 524 anos, o rio ganhou mais uma p\u00e1gina de supera\u00e7\u00e3o e amor \u00e0 vida. O paratleta Ivo Santos realizou um feito in\u00e9dito: tornou-se o primeiro paratleta a percorrer, a nado, o trajeto de 40 km entre Sobradinho e Juazeiro. \u201cEu sonhei em fazer esse percurso. Comecei tem uns sete meses, mais ou menos. Pensei que n\u00e3o ia conseguir no come\u00e7o, porque a \u00e1gua \u00e9 muito parada, forcei muito, mas deu certo. Queria agradecer ao pessoal que me deu o apoio, a for\u00e7a, a moral, tudo mesmo de cora\u00e7\u00e3o\u201d, contou Ivo, emocionado. Foram 9 horas, 38 minutos e 50 segundos de um desafio intenso, com marolas, vento e muito esfor\u00e7o f\u00edsico e&hellip;\" \/>\n<meta property=\"og:url\" content=\"https:\/\/blogdofarnesio.com.br\/?p=405175\" \/>\n<meta property=\"og:site_name\" content=\"Blog do Farn\u00e9sio\" \/>\n<meta property=\"article:publisher\" content=\"https:\/\/www.facebook.com\/BlogQuerSaberPolitica\/\" \/>\n<meta property=\"article:author\" content=\"https:\/\/www.facebook.com\/?ref=tn_tnmn\" \/>\n<meta property=\"article:published_time\" content=\"2025-10-06T12:00:40+00:00\" \/>\n<meta property=\"og:image\" content=\"https:\/\/blogdofarnesio.com.br\/wp-content\/uploads\/2025\/10\/blogqspparatleta-ivo-santos-sobradinho-juazeirio-1-e1759699744505.jpeg\" \/>\n\t<meta property=\"og:image:width\" content=\"579\" \/>\n\t<meta property=\"og:image:height\" content=\"467\" \/>\n\t<meta property=\"og:image:type\" content=\"image\/jpeg\" \/>\n<meta name=\"author\" content=\"Farn\u00e9sio\" \/>\n<meta name=\"twitter:card\" content=\"summary_large_image\" \/>\n<meta name=\"twitter:label1\" content=\"Escrito por\" \/>\n\t<meta name=\"twitter:data1\" content=\"Farn\u00e9sio\" \/>\n\t<meta name=\"twitter:label2\" content=\"Est. tempo de leitura\" \/>\n\t<meta name=\"twitter:data2\" content=\"4 minutos\" \/>\n<script type=\"application\/ld+json\" class=\"yoast-schema-graph\">{\"@context\":\"https:\\\/\\\/schema.org\",\"@graph\":[{\"@type\":\"Article\",\"@id\":\"https:\\\/\\\/blogdofarnesio.com.br\\\/?p=405175#article\",\"isPartOf\":{\"@id\":\"https:\\\/\\\/blogdofarnesio.com.br\\\/?p=405175\"},\"author\":{\"name\":\"Farn\u00e9sio\",\"@id\":\"https:\\\/\\\/blogdofarnesio.com.br\\\/#\\\/schema\\\/person\\\/bb9b23ae3ad0609ce8df7b6c9e76824d\"},\"headline\":\"Paratleta juazeirense entra em seleto grupo, ao nadar 40 km de Sobradinho a Juazeiro e faz hist\u00f3ria\",\"datePublished\":\"2025-10-06T12:00:40+00:00\",\"mainEntityOfPage\":{\"@id\":\"https:\\\/\\\/blogdofarnesio.com.br\\\/?p=405175\"},\"wordCount\":518,\"commentCount\":0,\"publisher\":{\"@id\":\"https:\\\/\\\/blogdofarnesio.com.br\\\/#organization\"},\"image\":{\"@id\":\"https:\\\/\\\/blogdofarnesio.com.br\\\/?p=405175#primaryimage\"},\"thumbnailUrl\":\"https:\\\/\\\/blogdofarnesio.com.br\\\/wp-content\\\/uploads\\\/2025\\\/10\\\/blogqspparatleta-ivo-santos-sobradinho-juazeirio-1-e1759699744505.jpeg\",\"articleSection\":[\"Esportes\"],\"inLanguage\":\"pt-BR\",\"potentialAction\":[{\"@type\":\"CommentAction\",\"name\":\"Comment\",\"target\":[\"https:\\\/\\\/blogdofarnesio.com.br\\\/?p=405175#respond\"]}]},{\"@type\":\"WebPage\",\"@id\":\"https:\\\/\\\/blogdofarnesio.com.br\\\/?p=405175\",\"url\":\"https:\\\/\\\/blogdofarnesio.com.br\\\/?p=405175\",\"name\":\"Paratleta juazeirense entra em seleto grupo, ao nadar 40 km de Sobradinho a Juazeiro e faz hist\u00f3ria - Blog do Farn\u00e9sio\",\"isPartOf\":{\"@id\":\"https:\\\/\\\/blogdofarnesio.com.br\\\/#website\"},\"primaryImageOfPage\":{\"@id\":\"https:\\\/\\\/blogdofarnesio.com.br\\\/?p=405175#primaryimage\"},\"image\":{\"@id\":\"https:\\\/\\\/blogdofarnesio.com.br\\\/?p=405175#primaryimage\"},\"thumbnailUrl\":\"https:\\\/\\\/blogdofarnesio.com.br\\\/wp-content\\\/uploads\\\/2025\\\/10\\\/blogqspparatleta-ivo-santos-sobradinho-juazeirio-1-e1759699744505.jpeg\",\"datePublished\":\"2025-10-06T12:00:40+00:00\",\"breadcrumb\":{\"@id\":\"https:\\\/\\\/blogdofarnesio.com.br\\\/?p=405175#breadcrumb\"},\"inLanguage\":\"pt-BR\",\"potentialAction\":[{\"@type\":\"ReadAction\",\"target\":[\"https:\\\/\\\/blogdofarnesio.com.br\\\/?p=405175\"]}]},{\"@type\":\"ImageObject\",\"inLanguage\":\"pt-BR\",\"@id\":\"https:\\\/\\\/blogdofarnesio.com.br\\\/?p=405175#primaryimage\",\"url\":\"https:\\\/\\\/blogdofarnesio.com.br\\\/wp-content\\\/uploads\\\/2025\\\/10\\\/blogqspparatleta-ivo-santos-sobradinho-juazeirio-1-e1759699744505.jpeg\",\"contentUrl\":\"https:\\\/\\\/blogdofarnesio.com.br\\\/wp-content\\\/uploads\\\/2025\\\/10\\\/blogqspparatleta-ivo-santos-sobradinho-juazeirio-1-e1759699744505.jpeg\",\"width\":579,\"height\":467},{\"@type\":\"BreadcrumbList\",\"@id\":\"https:\\\/\\\/blogdofarnesio.com.br\\\/?p=405175#breadcrumb\",\"itemListElement\":[{\"@type\":\"ListItem\",\"position\":1,\"name\":\"In\u00edcio\",\"item\":\"https:\\\/\\\/blogdofarnesio.com.br\\\/\"},{\"@type\":\"ListItem\",\"position\":2,\"name\":\"Paratleta juazeirense entra em seleto grupo, ao nadar 40 km de Sobradinho a Juazeiro e faz hist\u00f3ria\"}]},{\"@type\":\"WebSite\",\"@id\":\"https:\\\/\\\/blogdofarnesio.com.br\\\/#website\",\"url\":\"https:\\\/\\\/blogdofarnesio.com.br\\\/\",\"name\":\"Blog do Farn\u00e9sio\",\"description\":\"Quer Saber Pol\u00edtica?\",\"publisher\":{\"@id\":\"https:\\\/\\\/blogdofarnesio.com.br\\\/#organization\"},\"potentialAction\":[{\"@type\":\"SearchAction\",\"target\":{\"@type\":\"EntryPoint\",\"urlTemplate\":\"https:\\\/\\\/blogdofarnesio.com.br\\\/?s={search_term_string}\"},\"query-input\":{\"@type\":\"PropertyValueSpecification\",\"valueRequired\":true,\"valueName\":\"search_term_string\"}}],\"inLanguage\":\"pt-BR\"},{\"@type\":\"Organization\",\"@id\":\"https:\\\/\\\/blogdofarnesio.com.br\\\/#organization\",\"name\":\"Blog do Farn\u00e9sio\",\"url\":\"https:\\\/\\\/blogdofarnesio.com.br\\\/\",\"logo\":{\"@type\":\"ImageObject\",\"inLanguage\":\"pt-BR\",\"@id\":\"https:\\\/\\\/blogdofarnesio.com.br\\\/#\\\/schema\\\/logo\\\/image\\\/\",\"url\":\"https:\\\/\\\/blogdofarnesio.com.br\\\/wp-content\\\/uploads\\\/2026\\\/03\\\/cropped-logo_new-1.png\",\"contentUrl\":\"https:\\\/\\\/blogdofarnesio.com.br\\\/wp-content\\\/uploads\\\/2026\\\/03\\\/cropped-logo_new-1.png\",\"width\":881,\"height\":685,\"caption\":\"Blog do Farn\u00e9sio\"},\"image\":{\"@id\":\"https:\\\/\\\/blogdofarnesio.com.br\\\/#\\\/schema\\\/logo\\\/image\\\/\"},\"sameAs\":[\"https:\\\/\\\/www.facebook.com\\\/BlogQuerSaberPolitica\\\/\"]},{\"@type\":\"Person\",\"@id\":\"https:\\\/\\\/blogdofarnesio.com.br\\\/#\\\/schema\\\/person\\\/bb9b23ae3ad0609ce8df7b6c9e76824d\",\"name\":\"Farn\u00e9sio\",\"image\":{\"@type\":\"ImageObject\",\"inLanguage\":\"pt-BR\",\"@id\":\"https:\\\/\\\/secure.gravatar.com\\\/avatar\\\/986aa4c61ccdb66f8555bf88fc2a65609d00bcabd4d2d94377a727547345cbca?s=96&d=mm&r=g\",\"url\":\"https:\\\/\\\/secure.gravatar.com\\\/avatar\\\/986aa4c61ccdb66f8555bf88fc2a65609d00bcabd4d2d94377a727547345cbca?s=96&d=mm&r=g\",\"contentUrl\":\"https:\\\/\\\/secure.gravatar.com\\\/avatar\\\/986aa4c61ccdb66f8555bf88fc2a65609d00bcabd4d2d94377a727547345cbca?s=96&d=mm&r=g\",\"caption\":\"Farn\u00e9sio\"},\"description\":\"Radialista blogueiro, chegou a Petrolina\\\/Juazeiro em setembro de 1980, Farn\u00e9sio Silva \u00e9 de Arapiraca-Alagoas.\",\"sameAs\":[\"http:\\\/\\\/blogdofarnesio.com.br\",\"https:\\\/\\\/www.facebook.com\\\/?ref=tn_tnmn\",\"https:\\\/\\\/www.instagram.com\\\/?utm_source=pwa_homescreen\",\"https:\\\/\\\/youtube.com.br\\\/\"],\"url\":\"https:\\\/\\\/blogdofarnesio.com.br\\\/?author=2\"}]}<\/script>\n<!-- \/ Yoast SEO plugin. -->","yoast_head_json":{"title":"Paratleta juazeirense entra em seleto grupo, ao nadar 40 km de Sobradinho a Juazeiro e faz hist\u00f3ria - Blog do Farn\u00e9sio","robots":{"index":"index","follow":"follow","max-snippet":"max-snippet:-1","max-image-preview":"max-image-preview:large","max-video-preview":"max-video-preview:-1"},"canonical":"https:\/\/blogdofarnesio.com.br\/?p=405175","og_locale":"pt_BR","og_type":"article","og_title":"Paratleta juazeirense entra em seleto grupo, ao nadar 40 km de Sobradinho a Juazeiro e faz hist\u00f3ria - Blog do Farn\u00e9sio","og_description":"No dia em que o Velho Chico celebrou seus 524 anos, o rio ganhou mais uma p\u00e1gina de supera\u00e7\u00e3o e amor \u00e0 vida. O paratleta Ivo Santos realizou um feito in\u00e9dito: tornou-se o primeiro paratleta a percorrer, a nado, o trajeto de 40 km entre Sobradinho e Juazeiro. \u201cEu sonhei em fazer esse percurso. Comecei tem uns sete meses, mais ou menos. Pensei que n\u00e3o ia conseguir no come\u00e7o, porque a \u00e1gua \u00e9 muito parada, forcei muito, mas deu certo. Queria agradecer ao pessoal que me deu o apoio, a for\u00e7a, a moral, tudo mesmo de cora\u00e7\u00e3o\u201d, contou Ivo, emocionado. Foram 9 horas, 38 minutos e 50 segundos de um desafio intenso, com marolas, vento e muito esfor\u00e7o f\u00edsico e&hellip;","og_url":"https:\/\/blogdofarnesio.com.br\/?p=405175","og_site_name":"Blog do Farn\u00e9sio","article_publisher":"https:\/\/www.facebook.com\/BlogQuerSaberPolitica\/","article_author":"https:\/\/www.facebook.com\/?ref=tn_tnmn","article_published_time":"2025-10-06T12:00:40+00:00","og_image":[{"width":579,"height":467,"url":"https:\/\/blogdofarnesio.com.br\/wp-content\/uploads\/2025\/10\/blogqspparatleta-ivo-santos-sobradinho-juazeirio-1-e1759699744505.jpeg","type":"image\/jpeg"}],"author":"Farn\u00e9sio","twitter_card":"summary_large_image","twitter_misc":{"Escrito por":"Farn\u00e9sio","Est. tempo de leitura":"4 minutos"},"schema":{"@context":"https:\/\/schema.org","@graph":[{"@type":"Article","@id":"https:\/\/blogdofarnesio.com.br\/?p=405175#article","isPartOf":{"@id":"https:\/\/blogdofarnesio.com.br\/?p=405175"},"author":{"name":"Farn\u00e9sio","@id":"https:\/\/blogdofarnesio.com.br\/#\/schema\/person\/bb9b23ae3ad0609ce8df7b6c9e76824d"},"headline":"Paratleta juazeirense entra em seleto grupo, ao nadar 40 km de Sobradinho a Juazeiro e faz hist\u00f3ria","datePublished":"2025-10-06T12:00:40+00:00","mainEntityOfPage":{"@id":"https:\/\/blogdofarnesio.com.br\/?p=405175"},"wordCount":518,"commentCount":0,"publisher":{"@id":"https:\/\/blogdofarnesio.com.br\/#organization"},"image":{"@id":"https:\/\/blogdofarnesio.com.br\/?p=405175#primaryimage"},"thumbnailUrl":"https:\/\/blogdofarnesio.com.br\/wp-content\/uploads\/2025\/10\/blogqspparatleta-ivo-santos-sobradinho-juazeirio-1-e1759699744505.jpeg","articleSection":["Esportes"],"inLanguage":"pt-BR","potentialAction":[{"@type":"CommentAction","name":"Comment","target":["https:\/\/blogdofarnesio.com.br\/?p=405175#respond"]}]},{"@type":"WebPage","@id":"https:\/\/blogdofarnesio.com.br\/?p=405175","url":"https:\/\/blogdofarnesio.com.br\/?p=405175","name":"Paratleta juazeirense entra em seleto grupo, ao nadar 40 km de Sobradinho a Juazeiro e faz hist\u00f3ria - Blog do Farn\u00e9sio","isPartOf":{"@id":"https:\/\/blogdofarnesio.com.br\/#website"},"primaryImageOfPage":{"@id":"https:\/\/blogdofarnesio.com.br\/?p=405175#primaryimage"},"image":{"@id":"https:\/\/blogdofarnesio.com.br\/?p=405175#primaryimage"},"thumbnailUrl":"https:\/\/blogdofarnesio.com.br\/wp-content\/uploads\/2025\/10\/blogqspparatleta-ivo-santos-sobradinho-juazeirio-1-e1759699744505.jpeg","datePublished":"2025-10-06T12:00:40+00:00","breadcrumb":{"@id":"https:\/\/blogdofarnesio.com.br\/?p=405175#breadcrumb"},"inLanguage":"pt-BR","potentialAction":[{"@type":"ReadAction","target":["https:\/\/blogdofarnesio.com.br\/?p=405175"]}]},{"@type":"ImageObject","inLanguage":"pt-BR","@id":"https:\/\/blogdofarnesio.com.br\/?p=405175#primaryimage","url":"https:\/\/blogdofarnesio.com.br\/wp-content\/uploads\/2025\/10\/blogqspparatleta-ivo-santos-sobradinho-juazeirio-1-e1759699744505.jpeg","contentUrl":"https:\/\/blogdofarnesio.com.br\/wp-content\/uploads\/2025\/10\/blogqspparatleta-ivo-santos-sobradinho-juazeirio-1-e1759699744505.jpeg","width":579,"height":467},{"@type":"BreadcrumbList","@id":"https:\/\/blogdofarnesio.com.br\/?p=405175#breadcrumb","itemListElement":[{"@type":"ListItem","position":1,"name":"In\u00edcio","item":"https:\/\/blogdofarnesio.com.br\/"},{"@type":"ListItem","position":2,"name":"Paratleta juazeirense entra em seleto grupo, ao nadar 40 km de Sobradinho a Juazeiro e faz hist\u00f3ria"}]},{"@type":"WebSite","@id":"https:\/\/blogdofarnesio.com.br\/#website","url":"https:\/\/blogdofarnesio.com.br\/","name":"Blog do Farn\u00e9sio","description":"Quer Saber Pol\u00edtica?","publisher":{"@id":"https:\/\/blogdofarnesio.com.br\/#organization"},"potentialAction":[{"@type":"SearchAction","target":{"@type":"EntryPoint","urlTemplate":"https:\/\/blogdofarnesio.com.br\/?s={search_term_string}"},"query-input":{"@type":"PropertyValueSpecification","valueRequired":true,"valueName":"search_term_string"}}],"inLanguage":"pt-BR"},{"@type":"Organization","@id":"https:\/\/blogdofarnesio.com.br\/#organization","name":"Blog do Farn\u00e9sio","url":"https:\/\/blogdofarnesio.com.br\/","logo":{"@type":"ImageObject","inLanguage":"pt-BR","@id":"https:\/\/blogdofarnesio.com.br\/#\/schema\/logo\/image\/","url":"https:\/\/blogdofarnesio.com.br\/wp-content\/uploads\/2026\/03\/cropped-logo_new-1.png","contentUrl":"https:\/\/blogdofarnesio.com.br\/wp-content\/uploads\/2026\/03\/cropped-logo_new-1.png","width":881,"height":685,"caption":"Blog do Farn\u00e9sio"},"image":{"@id":"https:\/\/blogdofarnesio.com.br\/#\/schema\/logo\/image\/"},"sameAs":["https:\/\/www.facebook.com\/BlogQuerSaberPolitica\/"]},{"@type":"Person","@id":"https:\/\/blogdofarnesio.com.br\/#\/schema\/person\/bb9b23ae3ad0609ce8df7b6c9e76824d","name":"Farn\u00e9sio","image":{"@type":"ImageObject","inLanguage":"pt-BR","@id":"https:\/\/secure.gravatar.com\/avatar\/986aa4c61ccdb66f8555bf88fc2a65609d00bcabd4d2d94377a727547345cbca?s=96&d=mm&r=g","url":"https:\/\/secure.gravatar.com\/avatar\/986aa4c61ccdb66f8555bf88fc2a65609d00bcabd4d2d94377a727547345cbca?s=96&d=mm&r=g","contentUrl":"https:\/\/secure.gravatar.com\/avatar\/986aa4c61ccdb66f8555bf88fc2a65609d00bcabd4d2d94377a727547345cbca?s=96&d=mm&r=g","caption":"Farn\u00e9sio"},"description":"Radialista blogueiro, chegou a Petrolina\/Juazeiro em setembro de 1980, Farn\u00e9sio Silva \u00e9 de Arapiraca-Alagoas.","sameAs":["http:\/\/blogdofarnesio.com.br","https:\/\/www.facebook.com\/?ref=tn_tnmn","https:\/\/www.instagram.com\/?utm_source=pwa_homescreen","https:\/\/youtube.com.br\/"],"url":"https:\/\/blogdofarnesio.com.br\/?author=2"}]}},"_links":{"self":[{"href":"https:\/\/blogdofarnesio.com.br\/index.php?rest_route=\/wp\/v2\/posts\/405175","targetHints":{"allow":["GET"]}}],"collection":[{"href":"https:\/\/blogdofarnesio.com.br\/index.php?rest_route=\/wp\/v2\/posts"}],"about":[{"href":"https:\/\/blogdofarnesio.com.br\/index.php?rest_route=\/wp\/v2\/types\/post"}],"author":[{"embeddable":true,"href":"https:\/\/blogdofarnesio.com.br\/index.php?rest_route=\/wp\/v2\/users\/2"}],"replies":[{"embeddable":true,"href":"https:\/\/blogdofarnesio.com.br\/index.php?rest_route=%2Fwp%2Fv2%2Fcomments&post=405175"}],"version-history":[{"count":0,"href":"https:\/\/blogdofarnesio.com.br\/index.php?rest_route=\/wp\/v2\/posts\/405175\/revisions"}],"wp:featuredmedia":[{"embeddable":true,"href":"https:\/\/blogdofarnesio.com.br\/index.php?rest_route=\/wp\/v2\/media\/405177"}],"wp:attachment":[{"href":"https:\/\/blogdofarnesio.com.br\/index.php?rest_route=%2Fwp%2Fv2%2Fmedia&parent=405175"}],"wp:term":[{"taxonomy":"category","embeddable":true,"href":"https:\/\/blogdofarnesio.com.br\/index.php?rest_route=%2Fwp%2Fv2%2Fcategories&post=405175"},{"taxonomy":"post_tag","embeddable":true,"href":"https:\/\/blogdofarnesio.com.br\/index.php?rest_route=%2Fwp%2Fv2%2Ftags&post=405175"}],"curies":[{"name":"wp","href":"https:\/\/api.w.org\/{rel}","templated":true}]}}