{"id":403283,"date":"2025-09-12T16:43:20","date_gmt":"2025-09-12T19:43:20","guid":{"rendered":"https:\/\/blogdofarnesio.com.br\/?p=403283"},"modified":"2025-09-12T13:03:34","modified_gmt":"2025-09-12T16:03:34","slug":"juazeiro-e-a-unica-cidade-da-bahia-a-participar-de-seminario-nacional-sobre-governanca-climatica-em-brasilia","status":"publish","type":"post","link":"https:\/\/blogdofarnesio.com.br\/2025\/09\/juazeiro-e-a-unica-cidade-da-bahia-a-participar-de-seminario-nacional-sobre-governanca-climatica-em-brasilia\/","title":{"rendered":"Juazeiro \u00e9 a \u00fanica cidade da Bahia a participar de Semin\u00e1rio Nacional sobre governan\u00e7a clim\u00e1tica, em Bras\u00edlia"},"content":{"rendered":"<p>Juazeiro est\u00e1 entre as 50 cidades brasileiras selecionadas para integrar o programa Cidades Verdes Resilientes e, nesta semana, marca presen\u00e7a em Bras\u00edlia (DF)em um dos mais importantes eventos do calend\u00e1rio ambiental do pa\u00eds, o semin\u00e1rio \u201cA Governan\u00e7a Clim\u00e1tica que o Brasil Precisa\u201d, que come\u00e7ou na ter\u00e7a-feira (9) e termina nesta quinta-feira (11). O encontro re\u00fane gestores p\u00fablicos, especialistas e autoridades nacionais para discutir estrat\u00e9gias e pol\u00edticas de enfrentamento \u00e0s mudan\u00e7as clim\u00e1ticas.<\/p>\n<p>Representando o munic\u00edpio, o secret\u00e1rio de Meio Ambiente, Cl\u00e1udio Fernandes, tem oportunidade de participar das discuss\u00f5es e refor\u00e7ar o compromisso de Juazeiro com pr\u00e1ticas de sustentabilidade e adapta\u00e7\u00e3o clim\u00e1tica. \u201cJuazeiro se destaca por estar atento a essas discuss\u00f5es. Ser a \u00fanica cidade da Bahia participando do programa Cidades Verdes Resilientes nos coloca em evid\u00eancia e refor\u00e7a a import\u00e2ncia de investir em pol\u00edticas ambientais integradas, que dialoguem com as necessidades do semi\u00e1rido e da nossa popula\u00e7\u00e3o\u201d, afirmou.<\/p>\n<p>A programa\u00e7\u00e3o do evento inclui o 2\u00ba Encontro Cidades Verdes Resilientes e o lan\u00e7amento das C\u00e2maras Consultivas do Comit\u00ea Interministerial sobre Mudan\u00e7a do Clima\/CIM, com a participa\u00e7\u00e3o da Ministra do Meio Ambiente, Marina Silva, outros ministros de Estado e especialistas de diferentes \u00e1reas.<\/p>\n<div><\/div>\n<p>De acordo com Cl\u00e1udio Fernandes, a presen\u00e7a de Juazeiro nesses espa\u00e7os \u00e9 estrat\u00e9gica para consolidar parcerias e acessar novas oportunidades de investimento em projetos de sustentabilidade urbana para Juazeiro. \u201cEstamos falando de pol\u00edticas que envolvem planejamento urbano sustent\u00e1vel, efici\u00eancia energ\u00e9tica, conserva\u00e7\u00e3o da biodiversidade e seguran\u00e7a h\u00eddrica. Para uma cidade como a nossa, isso significa abrir caminhos para melhorar a qualidade de vida da popula\u00e7\u00e3o e preparar o futuro diante das mudan\u00e7as clim\u00e1ticas\u201d, destacou.<\/p>\n<p>Com a participa\u00e7\u00e3o ativa em debates nacionais, Juazeiro reafirma seu papel de lideran\u00e7a quando o assunto \u00e9 contribuir para as discuss\u00f5es sobre os importantes temas que est\u00e3o em alta no Brasil e no Mundo.<\/p>\n<p><b>O Evento<\/b><\/p>\n<p>Organizado pelo Minist\u00e9rio do Meio Ambiente e Mudan\u00e7a do Clima\/MMA, Minist\u00e9rio das Cidades e Minist\u00e9rio da Ci\u00eancia, Tecnologia e Inova\u00e7\u00e3o, o semin\u00e1rio \u201cA Governan\u00e7a Clim\u00e1tica que o Brasil Precisa\u201d, tem como prop\u00f3sito apresentar a constru\u00e7\u00e3o da governan\u00e7a clim\u00e1tica brasileira, avaliar os avan\u00e7os do Plano Clima de V\u00e1rzea Resiliente e do financiamento clim\u00e1tico, al\u00e9m de fortalecer a articula\u00e7\u00e3o entre Uni\u00e3o, estados e munic\u00edpios na agenda clim\u00e1tica, reunindo autoridades, especialistas, sociedade civil e parceiros internacionais para debater adapta\u00e7\u00e3o e mitiga\u00e7\u00e3o clim\u00e1tica, financiamento, instrumentos econ\u00f4micos e avalia\u00e7\u00e3o do Plano Clima.<\/p>\n","protected":false},"excerpt":{"rendered":"<p>Juazeiro est\u00e1 entre as 50 cidades brasileiras selecionadas para integrar o programa Cidades Verdes Resilientes e, nesta semana, marca presen\u00e7a em Bras\u00edlia (DF)em um dos mais importantes eventos do calend\u00e1rio ambiental do pa\u00eds, o semin\u00e1rio \u201cA Governan\u00e7a Clim\u00e1tica que o Brasil Precisa\u201d, que come\u00e7ou na ter\u00e7a-feira (9) e termina nesta quinta-feira (11). O encontro re\u00fane gestores p\u00fablicos, especialistas e autoridades nacionais para discutir estrat\u00e9gias e pol\u00edticas de enfrentamento \u00e0s mudan\u00e7as clim\u00e1ticas. Representando o munic\u00edpio, o secret\u00e1rio de Meio Ambiente, Cl\u00e1udio Fernandes, tem oportunidade de participar das discuss\u00f5es e refor\u00e7ar o compromisso de Juazeiro com pr\u00e1ticas de sustentabilidade e adapta\u00e7\u00e3o clim\u00e1tica. \u201cJuazeiro se destaca por estar atento a essas discuss\u00f5es. Ser a \u00fanica cidade da Bahia participando do programa Cidades Verdes&hellip; <\/p>\n","protected":false},"author":2,"featured_media":403284,"comment_status":"open","ping_status":"open","sticky":false,"template":"","format":"standard","meta":{"_acf_changed":false,"footnotes":""},"categories":[29],"tags":[],"class_list":["post-403283","post","type-post","status-publish","format-standard","has-post-thumbnail","hentry","category-meio-ambiente"],"acf":[],"yoast_head":"<!-- This site is optimized with the Yoast SEO plugin v27.5 - https:\/\/yoast.com\/product\/yoast-seo-wordpress\/ -->\n<title>Juazeiro \u00e9 a \u00fanica cidade da Bahia a participar de Semin\u00e1rio Nacional sobre governan\u00e7a clim\u00e1tica, em Bras\u00edlia - Blog do Farn\u00e9sio<\/title>\n<meta name=\"robots\" content=\"index, follow, max-snippet:-1, max-image-preview:large, max-video-preview:-1\" \/>\n<link rel=\"canonical\" href=\"https:\/\/blogdofarnesio.com.br\/2025\/09\/juazeiro-e-a-unica-cidade-da-bahia-a-participar-de-seminario-nacional-sobre-governanca-climatica-em-brasilia\/\" \/>\n<meta property=\"og:locale\" content=\"pt_BR\" \/>\n<meta property=\"og:type\" content=\"article\" \/>\n<meta property=\"og:title\" content=\"Juazeiro \u00e9 a \u00fanica cidade da Bahia a participar de Semin\u00e1rio Nacional sobre governan\u00e7a clim\u00e1tica, em Bras\u00edlia - Blog do Farn\u00e9sio\" \/>\n<meta property=\"og:description\" content=\"Juazeiro est\u00e1 entre as 50 cidades brasileiras selecionadas para integrar o programa Cidades Verdes Resilientes e, nesta semana, marca presen\u00e7a em Bras\u00edlia (DF)em um dos mais importantes eventos do calend\u00e1rio ambiental do pa\u00eds, o semin\u00e1rio \u201cA Governan\u00e7a Clim\u00e1tica que o Brasil Precisa\u201d, que come\u00e7ou na ter\u00e7a-feira (9) e termina nesta quinta-feira (11). O encontro re\u00fane gestores p\u00fablicos, especialistas e autoridades nacionais para discutir estrat\u00e9gias e pol\u00edticas de enfrentamento \u00e0s mudan\u00e7as clim\u00e1ticas. Representando o munic\u00edpio, o secret\u00e1rio de Meio Ambiente, Cl\u00e1udio Fernandes, tem oportunidade de participar das discuss\u00f5es e refor\u00e7ar o compromisso de Juazeiro com pr\u00e1ticas de sustentabilidade e adapta\u00e7\u00e3o clim\u00e1tica. \u201cJuazeiro se destaca por estar atento a essas discuss\u00f5es. Ser a \u00fanica cidade da Bahia participando do programa Cidades Verdes&hellip;\" \/>\n<meta property=\"og:url\" content=\"https:\/\/blogdofarnesio.com.br\/2025\/09\/juazeiro-e-a-unica-cidade-da-bahia-a-participar-de-seminario-nacional-sobre-governanca-climatica-em-brasilia\/\" \/>\n<meta property=\"og:site_name\" content=\"Blog do Farn\u00e9sio\" \/>\n<meta property=\"article:publisher\" content=\"https:\/\/www.facebook.com\/BlogQuerSaberPolitica\/\" \/>\n<meta property=\"article:author\" content=\"https:\/\/www.facebook.com\/?ref=tn_tnmn\" \/>\n<meta property=\"article:published_time\" content=\"2025-09-12T19:43:20+00:00\" \/>\n<meta property=\"og:image\" content=\"https:\/\/blogdofarnesio.com.br\/wp-content\/uploads\/2025\/09\/blogqspclima-e1757692992216.png\" \/>\n\t<meta property=\"og:image:width\" content=\"547\" \/>\n\t<meta property=\"og:image:height\" content=\"321\" \/>\n\t<meta property=\"og:image:type\" content=\"image\/png\" \/>\n<meta name=\"author\" content=\"Farn\u00e9sio\" \/>\n<meta name=\"twitter:card\" content=\"summary_large_image\" \/>\n<meta name=\"twitter:label1\" content=\"Escrito por\" \/>\n\t<meta name=\"twitter:data1\" content=\"Farn\u00e9sio\" \/>\n\t<meta name=\"twitter:label2\" content=\"Est. tempo de leitura\" \/>\n\t<meta name=\"twitter:data2\" content=\"3 minutos\" \/>\n<script type=\"application\/ld+json\" class=\"yoast-schema-graph\">{\"@context\":\"https:\\\/\\\/schema.org\",\"@graph\":[{\"@type\":\"Article\",\"@id\":\"https:\\\/\\\/blogdofarnesio.com.br\\\/2025\\\/09\\\/juazeiro-e-a-unica-cidade-da-bahia-a-participar-de-seminario-nacional-sobre-governanca-climatica-em-brasilia\\\/#article\",\"isPartOf\":{\"@id\":\"https:\\\/\\\/blogdofarnesio.com.br\\\/2025\\\/09\\\/juazeiro-e-a-unica-cidade-da-bahia-a-participar-de-seminario-nacional-sobre-governanca-climatica-em-brasilia\\\/\"},\"author\":{\"name\":\"Farn\u00e9sio\",\"@id\":\"https:\\\/\\\/blogdofarnesio.com.br\\\/#\\\/schema\\\/person\\\/bb9b23ae3ad0609ce8df7b6c9e76824d\"},\"headline\":\"Juazeiro \u00e9 a \u00fanica cidade da Bahia a participar de Semin\u00e1rio Nacional sobre governan\u00e7a clim\u00e1tica, em Bras\u00edlia\",\"datePublished\":\"2025-09-12T19:43:20+00:00\",\"mainEntityOfPage\":{\"@id\":\"https:\\\/\\\/blogdofarnesio.com.br\\\/2025\\\/09\\\/juazeiro-e-a-unica-cidade-da-bahia-a-participar-de-seminario-nacional-sobre-governanca-climatica-em-brasilia\\\/\"},\"wordCount\":482,\"commentCount\":0,\"publisher\":{\"@id\":\"https:\\\/\\\/blogdofarnesio.com.br\\\/#organization\"},\"image\":{\"@id\":\"https:\\\/\\\/blogdofarnesio.com.br\\\/2025\\\/09\\\/juazeiro-e-a-unica-cidade-da-bahia-a-participar-de-seminario-nacional-sobre-governanca-climatica-em-brasilia\\\/#primaryimage\"},\"thumbnailUrl\":\"https:\\\/\\\/blogdofarnesio.com.br\\\/wp-content\\\/uploads\\\/2025\\\/09\\\/blogqspclima-e1757692992216.png\",\"articleSection\":[\"Meio Ambiente\"],\"inLanguage\":\"pt-BR\",\"potentialAction\":[{\"@type\":\"CommentAction\",\"name\":\"Comment\",\"target\":[\"https:\\\/\\\/blogdofarnesio.com.br\\\/2025\\\/09\\\/juazeiro-e-a-unica-cidade-da-bahia-a-participar-de-seminario-nacional-sobre-governanca-climatica-em-brasilia\\\/#respond\"]}]},{\"@type\":\"WebPage\",\"@id\":\"https:\\\/\\\/blogdofarnesio.com.br\\\/2025\\\/09\\\/juazeiro-e-a-unica-cidade-da-bahia-a-participar-de-seminario-nacional-sobre-governanca-climatica-em-brasilia\\\/\",\"url\":\"https:\\\/\\\/blogdofarnesio.com.br\\\/2025\\\/09\\\/juazeiro-e-a-unica-cidade-da-bahia-a-participar-de-seminario-nacional-sobre-governanca-climatica-em-brasilia\\\/\",\"name\":\"Juazeiro \u00e9 a \u00fanica cidade da Bahia a participar de Semin\u00e1rio Nacional sobre governan\u00e7a clim\u00e1tica, em Bras\u00edlia - Blog do Farn\u00e9sio\",\"isPartOf\":{\"@id\":\"https:\\\/\\\/blogdofarnesio.com.br\\\/#website\"},\"primaryImageOfPage\":{\"@id\":\"https:\\\/\\\/blogdofarnesio.com.br\\\/2025\\\/09\\\/juazeiro-e-a-unica-cidade-da-bahia-a-participar-de-seminario-nacional-sobre-governanca-climatica-em-brasilia\\\/#primaryimage\"},\"image\":{\"@id\":\"https:\\\/\\\/blogdofarnesio.com.br\\\/2025\\\/09\\\/juazeiro-e-a-unica-cidade-da-bahia-a-participar-de-seminario-nacional-sobre-governanca-climatica-em-brasilia\\\/#primaryimage\"},\"thumbnailUrl\":\"https:\\\/\\\/blogdofarnesio.com.br\\\/wp-content\\\/uploads\\\/2025\\\/09\\\/blogqspclima-e1757692992216.png\",\"datePublished\":\"2025-09-12T19:43:20+00:00\",\"breadcrumb\":{\"@id\":\"https:\\\/\\\/blogdofarnesio.com.br\\\/2025\\\/09\\\/juazeiro-e-a-unica-cidade-da-bahia-a-participar-de-seminario-nacional-sobre-governanca-climatica-em-brasilia\\\/#breadcrumb\"},\"inLanguage\":\"pt-BR\",\"potentialAction\":[{\"@type\":\"ReadAction\",\"target\":[\"https:\\\/\\\/blogdofarnesio.com.br\\\/2025\\\/09\\\/juazeiro-e-a-unica-cidade-da-bahia-a-participar-de-seminario-nacional-sobre-governanca-climatica-em-brasilia\\\/\"]}]},{\"@type\":\"ImageObject\",\"inLanguage\":\"pt-BR\",\"@id\":\"https:\\\/\\\/blogdofarnesio.com.br\\\/2025\\\/09\\\/juazeiro-e-a-unica-cidade-da-bahia-a-participar-de-seminario-nacional-sobre-governanca-climatica-em-brasilia\\\/#primaryimage\",\"url\":\"https:\\\/\\\/blogdofarnesio.com.br\\\/wp-content\\\/uploads\\\/2025\\\/09\\\/blogqspclima-e1757692992216.png\",\"contentUrl\":\"https:\\\/\\\/blogdofarnesio.com.br\\\/wp-content\\\/uploads\\\/2025\\\/09\\\/blogqspclima-e1757692992216.png\",\"width\":547,\"height\":321},{\"@type\":\"BreadcrumbList\",\"@id\":\"https:\\\/\\\/blogdofarnesio.com.br\\\/2025\\\/09\\\/juazeiro-e-a-unica-cidade-da-bahia-a-participar-de-seminario-nacional-sobre-governanca-climatica-em-brasilia\\\/#breadcrumb\",\"itemListElement\":[{\"@type\":\"ListItem\",\"position\":1,\"name\":\"In\u00edcio\",\"item\":\"https:\\\/\\\/blogdofarnesio.com.br\\\/\"},{\"@type\":\"ListItem\",\"position\":2,\"name\":\"Juazeiro \u00e9 a \u00fanica cidade da Bahia a participar de Semin\u00e1rio Nacional sobre governan\u00e7a clim\u00e1tica, em Bras\u00edlia\"}]},{\"@type\":\"WebSite\",\"@id\":\"https:\\\/\\\/blogdofarnesio.com.br\\\/#website\",\"url\":\"https:\\\/\\\/blogdofarnesio.com.br\\\/\",\"name\":\"Blog do Farn\u00e9sio\",\"description\":\"Quer Saber Pol\u00edtica?\",\"publisher\":{\"@id\":\"https:\\\/\\\/blogdofarnesio.com.br\\\/#organization\"},\"potentialAction\":[{\"@type\":\"SearchAction\",\"target\":{\"@type\":\"EntryPoint\",\"urlTemplate\":\"https:\\\/\\\/blogdofarnesio.com.br\\\/?s={search_term_string}\"},\"query-input\":{\"@type\":\"PropertyValueSpecification\",\"valueRequired\":true,\"valueName\":\"search_term_string\"}}],\"inLanguage\":\"pt-BR\"},{\"@type\":\"Organization\",\"@id\":\"https:\\\/\\\/blogdofarnesio.com.br\\\/#organization\",\"name\":\"Blog do Farn\u00e9sio\",\"url\":\"https:\\\/\\\/blogdofarnesio.com.br\\\/\",\"logo\":{\"@type\":\"ImageObject\",\"inLanguage\":\"pt-BR\",\"@id\":\"https:\\\/\\\/blogdofarnesio.com.br\\\/#\\\/schema\\\/logo\\\/image\\\/\",\"url\":\"https:\\\/\\\/blogdofarnesio.com.br\\\/wp-content\\\/uploads\\\/2026\\\/03\\\/cropped-logo_new-1.png\",\"contentUrl\":\"https:\\\/\\\/blogdofarnesio.com.br\\\/wp-content\\\/uploads\\\/2026\\\/03\\\/cropped-logo_new-1.png\",\"width\":881,\"height\":685,\"caption\":\"Blog do Farn\u00e9sio\"},\"image\":{\"@id\":\"https:\\\/\\\/blogdofarnesio.com.br\\\/#\\\/schema\\\/logo\\\/image\\\/\"},\"sameAs\":[\"https:\\\/\\\/www.facebook.com\\\/BlogQuerSaberPolitica\\\/\"]},{\"@type\":\"Person\",\"@id\":\"https:\\\/\\\/blogdofarnesio.com.br\\\/#\\\/schema\\\/person\\\/bb9b23ae3ad0609ce8df7b6c9e76824d\",\"name\":\"Farn\u00e9sio\",\"image\":{\"@type\":\"ImageObject\",\"inLanguage\":\"pt-BR\",\"@id\":\"https:\\\/\\\/secure.gravatar.com\\\/avatar\\\/986aa4c61ccdb66f8555bf88fc2a65609d00bcabd4d2d94377a727547345cbca?s=96&d=mm&r=g\",\"url\":\"https:\\\/\\\/secure.gravatar.com\\\/avatar\\\/986aa4c61ccdb66f8555bf88fc2a65609d00bcabd4d2d94377a727547345cbca?s=96&d=mm&r=g\",\"contentUrl\":\"https:\\\/\\\/secure.gravatar.com\\\/avatar\\\/986aa4c61ccdb66f8555bf88fc2a65609d00bcabd4d2d94377a727547345cbca?s=96&d=mm&r=g\",\"caption\":\"Farn\u00e9sio\"},\"description\":\"Radialista blogueiro, chegou a Petrolina\\\/Juazeiro em setembro de 1980, Farn\u00e9sio Silva \u00e9 de Arapiraca-Alagoas.\",\"sameAs\":[\"http:\\\/\\\/blogdofarnesio.com.br\",\"https:\\\/\\\/www.facebook.com\\\/?ref=tn_tnmn\",\"https:\\\/\\\/www.instagram.com\\\/?utm_source=pwa_homescreen\",\"https:\\\/\\\/youtube.com.br\\\/\"],\"url\":\"https:\\\/\\\/blogdofarnesio.com.br\\\/author\\\/farnesio-2\\\/\"}]}<\/script>\n<!-- \/ Yoast SEO plugin. -->","yoast_head_json":{"title":"Juazeiro \u00e9 a \u00fanica cidade da Bahia a participar de Semin\u00e1rio Nacional sobre governan\u00e7a clim\u00e1tica, em Bras\u00edlia - Blog do Farn\u00e9sio","robots":{"index":"index","follow":"follow","max-snippet":"max-snippet:-1","max-image-preview":"max-image-preview:large","max-video-preview":"max-video-preview:-1"},"canonical":"https:\/\/blogdofarnesio.com.br\/2025\/09\/juazeiro-e-a-unica-cidade-da-bahia-a-participar-de-seminario-nacional-sobre-governanca-climatica-em-brasilia\/","og_locale":"pt_BR","og_type":"article","og_title":"Juazeiro \u00e9 a \u00fanica cidade da Bahia a participar de Semin\u00e1rio Nacional sobre governan\u00e7a clim\u00e1tica, em Bras\u00edlia - Blog do Farn\u00e9sio","og_description":"Juazeiro est\u00e1 entre as 50 cidades brasileiras selecionadas para integrar o programa Cidades Verdes Resilientes e, nesta semana, marca presen\u00e7a em Bras\u00edlia (DF)em um dos mais importantes eventos do calend\u00e1rio ambiental do pa\u00eds, o semin\u00e1rio \u201cA Governan\u00e7a Clim\u00e1tica que o Brasil Precisa\u201d, que come\u00e7ou na ter\u00e7a-feira (9) e termina nesta quinta-feira (11). O encontro re\u00fane gestores p\u00fablicos, especialistas e autoridades nacionais para discutir estrat\u00e9gias e pol\u00edticas de enfrentamento \u00e0s mudan\u00e7as clim\u00e1ticas. Representando o munic\u00edpio, o secret\u00e1rio de Meio Ambiente, Cl\u00e1udio Fernandes, tem oportunidade de participar das discuss\u00f5es e refor\u00e7ar o compromisso de Juazeiro com pr\u00e1ticas de sustentabilidade e adapta\u00e7\u00e3o clim\u00e1tica. \u201cJuazeiro se destaca por estar atento a essas discuss\u00f5es. Ser a \u00fanica cidade da Bahia participando do programa Cidades Verdes&hellip;","og_url":"https:\/\/blogdofarnesio.com.br\/2025\/09\/juazeiro-e-a-unica-cidade-da-bahia-a-participar-de-seminario-nacional-sobre-governanca-climatica-em-brasilia\/","og_site_name":"Blog do Farn\u00e9sio","article_publisher":"https:\/\/www.facebook.com\/BlogQuerSaberPolitica\/","article_author":"https:\/\/www.facebook.com\/?ref=tn_tnmn","article_published_time":"2025-09-12T19:43:20+00:00","og_image":[{"width":547,"height":321,"url":"https:\/\/blogdofarnesio.com.br\/wp-content\/uploads\/2025\/09\/blogqspclima-e1757692992216.png","type":"image\/png"}],"author":"Farn\u00e9sio","twitter_card":"summary_large_image","twitter_misc":{"Escrito por":"Farn\u00e9sio","Est. tempo de leitura":"3 minutos"},"schema":{"@context":"https:\/\/schema.org","@graph":[{"@type":"Article","@id":"https:\/\/blogdofarnesio.com.br\/2025\/09\/juazeiro-e-a-unica-cidade-da-bahia-a-participar-de-seminario-nacional-sobre-governanca-climatica-em-brasilia\/#article","isPartOf":{"@id":"https:\/\/blogdofarnesio.com.br\/2025\/09\/juazeiro-e-a-unica-cidade-da-bahia-a-participar-de-seminario-nacional-sobre-governanca-climatica-em-brasilia\/"},"author":{"name":"Farn\u00e9sio","@id":"https:\/\/blogdofarnesio.com.br\/#\/schema\/person\/bb9b23ae3ad0609ce8df7b6c9e76824d"},"headline":"Juazeiro \u00e9 a \u00fanica cidade da Bahia a participar de Semin\u00e1rio Nacional sobre governan\u00e7a clim\u00e1tica, em Bras\u00edlia","datePublished":"2025-09-12T19:43:20+00:00","mainEntityOfPage":{"@id":"https:\/\/blogdofarnesio.com.br\/2025\/09\/juazeiro-e-a-unica-cidade-da-bahia-a-participar-de-seminario-nacional-sobre-governanca-climatica-em-brasilia\/"},"wordCount":482,"commentCount":0,"publisher":{"@id":"https:\/\/blogdofarnesio.com.br\/#organization"},"image":{"@id":"https:\/\/blogdofarnesio.com.br\/2025\/09\/juazeiro-e-a-unica-cidade-da-bahia-a-participar-de-seminario-nacional-sobre-governanca-climatica-em-brasilia\/#primaryimage"},"thumbnailUrl":"https:\/\/blogdofarnesio.com.br\/wp-content\/uploads\/2025\/09\/blogqspclima-e1757692992216.png","articleSection":["Meio Ambiente"],"inLanguage":"pt-BR","potentialAction":[{"@type":"CommentAction","name":"Comment","target":["https:\/\/blogdofarnesio.com.br\/2025\/09\/juazeiro-e-a-unica-cidade-da-bahia-a-participar-de-seminario-nacional-sobre-governanca-climatica-em-brasilia\/#respond"]}]},{"@type":"WebPage","@id":"https:\/\/blogdofarnesio.com.br\/2025\/09\/juazeiro-e-a-unica-cidade-da-bahia-a-participar-de-seminario-nacional-sobre-governanca-climatica-em-brasilia\/","url":"https:\/\/blogdofarnesio.com.br\/2025\/09\/juazeiro-e-a-unica-cidade-da-bahia-a-participar-de-seminario-nacional-sobre-governanca-climatica-em-brasilia\/","name":"Juazeiro \u00e9 a \u00fanica cidade da Bahia a participar de Semin\u00e1rio Nacional sobre governan\u00e7a clim\u00e1tica, em Bras\u00edlia - Blog do Farn\u00e9sio","isPartOf":{"@id":"https:\/\/blogdofarnesio.com.br\/#website"},"primaryImageOfPage":{"@id":"https:\/\/blogdofarnesio.com.br\/2025\/09\/juazeiro-e-a-unica-cidade-da-bahia-a-participar-de-seminario-nacional-sobre-governanca-climatica-em-brasilia\/#primaryimage"},"image":{"@id":"https:\/\/blogdofarnesio.com.br\/2025\/09\/juazeiro-e-a-unica-cidade-da-bahia-a-participar-de-seminario-nacional-sobre-governanca-climatica-em-brasilia\/#primaryimage"},"thumbnailUrl":"https:\/\/blogdofarnesio.com.br\/wp-content\/uploads\/2025\/09\/blogqspclima-e1757692992216.png","datePublished":"2025-09-12T19:43:20+00:00","breadcrumb":{"@id":"https:\/\/blogdofarnesio.com.br\/2025\/09\/juazeiro-e-a-unica-cidade-da-bahia-a-participar-de-seminario-nacional-sobre-governanca-climatica-em-brasilia\/#breadcrumb"},"inLanguage":"pt-BR","potentialAction":[{"@type":"ReadAction","target":["https:\/\/blogdofarnesio.com.br\/2025\/09\/juazeiro-e-a-unica-cidade-da-bahia-a-participar-de-seminario-nacional-sobre-governanca-climatica-em-brasilia\/"]}]},{"@type":"ImageObject","inLanguage":"pt-BR","@id":"https:\/\/blogdofarnesio.com.br\/2025\/09\/juazeiro-e-a-unica-cidade-da-bahia-a-participar-de-seminario-nacional-sobre-governanca-climatica-em-brasilia\/#primaryimage","url":"https:\/\/blogdofarnesio.com.br\/wp-content\/uploads\/2025\/09\/blogqspclima-e1757692992216.png","contentUrl":"https:\/\/blogdofarnesio.com.br\/wp-content\/uploads\/2025\/09\/blogqspclima-e1757692992216.png","width":547,"height":321},{"@type":"BreadcrumbList","@id":"https:\/\/blogdofarnesio.com.br\/2025\/09\/juazeiro-e-a-unica-cidade-da-bahia-a-participar-de-seminario-nacional-sobre-governanca-climatica-em-brasilia\/#breadcrumb","itemListElement":[{"@type":"ListItem","position":1,"name":"In\u00edcio","item":"https:\/\/blogdofarnesio.com.br\/"},{"@type":"ListItem","position":2,"name":"Juazeiro \u00e9 a \u00fanica cidade da Bahia a participar de Semin\u00e1rio Nacional sobre governan\u00e7a clim\u00e1tica, em Bras\u00edlia"}]},{"@type":"WebSite","@id":"https:\/\/blogdofarnesio.com.br\/#website","url":"https:\/\/blogdofarnesio.com.br\/","name":"Blog do Farn\u00e9sio","description":"Quer Saber Pol\u00edtica?","publisher":{"@id":"https:\/\/blogdofarnesio.com.br\/#organization"},"potentialAction":[{"@type":"SearchAction","target":{"@type":"EntryPoint","urlTemplate":"https:\/\/blogdofarnesio.com.br\/?s={search_term_string}"},"query-input":{"@type":"PropertyValueSpecification","valueRequired":true,"valueName":"search_term_string"}}],"inLanguage":"pt-BR"},{"@type":"Organization","@id":"https:\/\/blogdofarnesio.com.br\/#organization","name":"Blog do Farn\u00e9sio","url":"https:\/\/blogdofarnesio.com.br\/","logo":{"@type":"ImageObject","inLanguage":"pt-BR","@id":"https:\/\/blogdofarnesio.com.br\/#\/schema\/logo\/image\/","url":"https:\/\/blogdofarnesio.com.br\/wp-content\/uploads\/2026\/03\/cropped-logo_new-1.png","contentUrl":"https:\/\/blogdofarnesio.com.br\/wp-content\/uploads\/2026\/03\/cropped-logo_new-1.png","width":881,"height":685,"caption":"Blog do Farn\u00e9sio"},"image":{"@id":"https:\/\/blogdofarnesio.com.br\/#\/schema\/logo\/image\/"},"sameAs":["https:\/\/www.facebook.com\/BlogQuerSaberPolitica\/"]},{"@type":"Person","@id":"https:\/\/blogdofarnesio.com.br\/#\/schema\/person\/bb9b23ae3ad0609ce8df7b6c9e76824d","name":"Farn\u00e9sio","image":{"@type":"ImageObject","inLanguage":"pt-BR","@id":"https:\/\/secure.gravatar.com\/avatar\/986aa4c61ccdb66f8555bf88fc2a65609d00bcabd4d2d94377a727547345cbca?s=96&d=mm&r=g","url":"https:\/\/secure.gravatar.com\/avatar\/986aa4c61ccdb66f8555bf88fc2a65609d00bcabd4d2d94377a727547345cbca?s=96&d=mm&r=g","contentUrl":"https:\/\/secure.gravatar.com\/avatar\/986aa4c61ccdb66f8555bf88fc2a65609d00bcabd4d2d94377a727547345cbca?s=96&d=mm&r=g","caption":"Farn\u00e9sio"},"description":"Radialista blogueiro, chegou a Petrolina\/Juazeiro em setembro de 1980, Farn\u00e9sio Silva \u00e9 de Arapiraca-Alagoas.","sameAs":["http:\/\/blogdofarnesio.com.br","https:\/\/www.facebook.com\/?ref=tn_tnmn","https:\/\/www.instagram.com\/?utm_source=pwa_homescreen","https:\/\/youtube.com.br\/"],"url":"https:\/\/blogdofarnesio.com.br\/author\/farnesio-2\/"}]}},"_links":{"self":[{"href":"https:\/\/blogdofarnesio.com.br\/wp-json\/wp\/v2\/posts\/403283","targetHints":{"allow":["GET"]}}],"collection":[{"href":"https:\/\/blogdofarnesio.com.br\/wp-json\/wp\/v2\/posts"}],"about":[{"href":"https:\/\/blogdofarnesio.com.br\/wp-json\/wp\/v2\/types\/post"}],"author":[{"embeddable":true,"href":"https:\/\/blogdofarnesio.com.br\/wp-json\/wp\/v2\/users\/2"}],"replies":[{"embeddable":true,"href":"https:\/\/blogdofarnesio.com.br\/wp-json\/wp\/v2\/comments?post=403283"}],"version-history":[{"count":0,"href":"https:\/\/blogdofarnesio.com.br\/wp-json\/wp\/v2\/posts\/403283\/revisions"}],"wp:featuredmedia":[{"embeddable":true,"href":"https:\/\/blogdofarnesio.com.br\/wp-json\/wp\/v2\/media\/403284"}],"wp:attachment":[{"href":"https:\/\/blogdofarnesio.com.br\/wp-json\/wp\/v2\/media?parent=403283"}],"wp:term":[{"taxonomy":"category","embeddable":true,"href":"https:\/\/blogdofarnesio.com.br\/wp-json\/wp\/v2\/categories?post=403283"},{"taxonomy":"post_tag","embeddable":true,"href":"https:\/\/blogdofarnesio.com.br\/wp-json\/wp\/v2\/tags?post=403283"}],"curies":[{"name":"wp","href":"https:\/\/api.w.org\/{rel}","templated":true}]}}