{"id":402961,"date":"2025-09-09T16:04:48","date_gmt":"2025-09-09T19:04:48","guid":{"rendered":"https:\/\/blogdofarnesio.com.br\/?p=402961"},"modified":"2025-09-09T15:04:04","modified_gmt":"2025-09-09T18:04:04","slug":"mp-pede-que-tcu-apure-nomeacao-a-codevasf-de-ex-assessor-de-motta-condenado-por-desvios","status":"publish","type":"post","link":"https:\/\/blogdofarnesio.com.br\/?p=402961","title":{"rendered":"MP pede que TCU apure nomea\u00e7\u00e3o \u00e0 Codevasf de ex-assessor de Motta condenado por desvios"},"content":{"rendered":"<section class=\"elementor-section elementor-inner-section elementor-element elementor-element-7e25a070 elementor-section-boxed elementor-section-height-default elementor-section-height-default\" data-id=\"7e25a070\" data-element_type=\"section\">\n<div class=\"elementor-container elementor-column-gap-default\">\n<div class=\"elementor-column elementor-col-50 elementor-inner-column elementor-element elementor-element-24f401b5\" data-id=\"24f401b5\" data-element_type=\"column\">\n<div class=\"elementor-widget-wrap elementor-element-populated\">\n<div class=\"elementor-element elementor-element-6b34b66e elementor-share-buttons--view-icon elementor-share-buttons--skin-flat elementor-share-buttons--align-right elementor-share-buttons--shape-square elementor-grid-0 elementor-share-buttons--color-official elementor-widget elementor-widget-share-buttons\" data-id=\"6b34b66e\" data-element_type=\"widget\" data-settings=\"{&quot;share_url&quot;:{&quot;url&quot;:&quot;https:\\\/\\\/blogdomagno.com.br\\\/mp-pede-que-tcu-apure-nomeacao-a-codevasf-de-ex-assessor-de-motta-condenado-por-desvios\\\/&quot;,&quot;is_external&quot;:&quot;&quot;,&quot;nofollow&quot;:&quot;&quot;,&quot;custom_attributes&quot;:&quot;&quot;}}\" data-widget_type=\"share-buttons.default\">\n<div class=\"elementor-widget-container\">O Minist\u00e9rio P\u00fablico junto ao TCU pediu que o tribunal apure se h\u00e1 irregularidade na nomea\u00e7\u00e3o de Fred Queiroga, bra\u00e7o-direito de Hugo Motta e seu pai Nabor Wanderley, \u00e0 superintend\u00eancia da Codevasf na Para\u00edba.<\/div>\n<\/div>\n<\/div>\n<\/div>\n<\/div>\n<\/section>\n<div class=\"elementor-element elementor-element-746f5ae4 elementor-widget elementor-widget-theme-post-content\" data-id=\"746f5ae4\" data-element_type=\"widget\" data-widget_type=\"theme-post-content.default\">\n<div class=\"elementor-widget-container\">\n<div id=\"ub-expand-ede0a544-0906-4c1e-a82e-a32beda67fa6\" class=\"wp-block-ub-expand ub-expand\" data-scroll-type=\"false\" data-scroll-amount=\"\" data-scroll-target=\"\">\n<div id=\"ub-expand-full-b736e46e-7850-4de9-8410-92aafcf61fc1\" class=\"ub-expand-portion ub-expand-partial wp-block-ub-expand-portion\" tabindex=\"0\" role=\"button\" aria-expanded=\"false\" aria-controls=\"ub-expand-full-b736e46e-7850-4de9-8410-92aafcf61fc1\">\n<p>Indicado pelo presidente da C\u00e2mara, Queiroga j\u00e1 foi condenado por desvio de recursos p\u00fablicos, relacionados a fraudes em licita\u00e7\u00f5es e contratos de loca\u00e7\u00e3o. As informa\u00e7\u00f5es s\u00e3o do jornal O Globo.<\/p>\n<\/div>\n<div id=\"ub-expand-full-b736e46e-7850-4de9-8410-92aafcf61fc1\" class=\"ub-expand-portion ub-expand-full wp-block-ub-expand-portion\" tabindex=\"0\" role=\"button\" aria-expanded=\"false\" aria-controls=\"ub-expand-full-b736e46e-7850-4de9-8410-92aafcf61fc1\">\n<p>O caso ainda n\u00e3o transitou em julgado. mas a condena\u00e7\u00e3o o impede de assumir cargos p\u00fablicos por cinco anos, como mostrou o rep\u00f3rter Bernardo Mello.<\/p>\n<p><img loading=\"lazy\" decoding=\"async\" class=\"attachment-full size-full aligncenter\" src=\"https:\/\/blogdomagno.com.br\/wp-content\/uploads\/2025\/09\/IMG_5780.jpeg\" sizes=\"auto, (max-width: 681px) 100vw, 681px\" srcset=\"https:\/\/blogdomagno.com.br\/wp-content\/uploads\/2025\/09\/IMG_5780.jpeg 681w, https:\/\/blogdomagno.com.br\/wp-content\/uploads\/2025\/09\/IMG_5780-300x198.jpeg 300w\" alt=\"\" width=\"681\" height=\"450\" \/>Em primeira inst\u00e2ncia, Queiroga recebeu 9 anos e 9 meses de reclus\u00e3o, em regime inicial fechado, al\u00e9m de 5 anos de inabilita\u00e7\u00e3o para o exerc\u00edcio de cargo p\u00fablico. No ano passado, o TJ-PB reduziu a pena para 5 anos e 4 meses em regime semiaberto. O pr\u00f3prio aliado de Motta recorreu, mas STF e STJ rejeitaram. Ainda h\u00e1 recursos pendentes contra essas decis\u00f5es.<\/p>\n<p>O MPTCU sustenta que as condutas atribu\u00eddas a Queiroga \u2014entre elas manipula\u00e7\u00e3o de licita\u00e7\u00f5es e uso de documentos falsificados \u2014 n\u00e3o apenas configuram \u201cgraves viola\u00e7\u00f5es\u201d \u00e0 moralidade administrativa, como comprometem a confian\u00e7a da sociedade nas institui\u00e7\u00f5es p\u00fablicas.<\/p>\n<p>Para o subprocurador-geral Lucas Furtado, \u201ca nomea\u00e7\u00e3o de um indiv\u00edduo com hist\u00f3rico de condena\u00e7\u00e3o por improbidade administrativa para um cargo de alta relev\u00e2ncia na administra\u00e7\u00e3o p\u00fablica federal \u00e9, no m\u00ednimo, incompat\u00edvel com os princ\u00edpios que regem a administra\u00e7\u00e3o p\u00fablica, especialmente os da moralidade e da efici\u00eancia\u201d.<\/p>\n<p>O \u00f3rg\u00e3o quer ainda que, se confirmada alguma irregularidade na nomea\u00e7\u00e3o, seja instaurada uma tomada de contas especial para apurar eventual dano aos cofres p\u00fablicos e a responsabiliza\u00e7\u00e3o dos envolvidos, incluindo Motta.<\/p>\n<p>Diz a representa\u00e7\u00e3o:<\/p>\n<p>\u201cComo nordestino, n\u00e3o posso deixar de expressar minha indigna\u00e7\u00e3o ao ver a Codevasf, uma institui\u00e7\u00e3o de extrema import\u00e2ncia para o desenvolvimento da regi\u00e3o, ser utilizada como moeda de troca em pr\u00e1ticas de \u201ctoma l\u00e1, d\u00e1 c\u00e1\u201d. Essa pr\u00e1tica, al\u00e9m de desrespeitar os princ\u00edpios constitucionais que regem a administra\u00e7\u00e3o p\u00fablica, compromete o desenvolvimento e a dignidade do povo nordestino, que merece mais respeito e seriedade por parte de seus representantes\u201d.<\/p>\n<p><em>Blogdomagno<\/em><\/p>\n<\/div>\n<\/div>\n<\/div>\n<\/div>\n","protected":false},"excerpt":{"rendered":"<p>O Minist\u00e9rio P\u00fablico junto ao TCU pediu que o tribunal apure se h\u00e1 irregularidade na nomea\u00e7\u00e3o de Fred Queiroga, bra\u00e7o-direito de Hugo Motta e seu pai Nabor Wanderley, \u00e0 superintend\u00eancia da Codevasf na Para\u00edba. Indicado pelo presidente da C\u00e2mara, Queiroga j\u00e1 foi condenado por desvio de recursos p\u00fablicos, relacionados a fraudes em licita\u00e7\u00f5es e contratos de loca\u00e7\u00e3o. As informa\u00e7\u00f5es s\u00e3o do jornal O Globo. O caso ainda n\u00e3o transitou em julgado. mas a condena\u00e7\u00e3o o impede de assumir cargos p\u00fablicos por cinco anos, como mostrou o rep\u00f3rter Bernardo Mello. Em primeira inst\u00e2ncia, Queiroga recebeu 9 anos e 9 meses de reclus\u00e3o, em regime inicial fechado, al\u00e9m de 5 anos de inabilita\u00e7\u00e3o para o exerc\u00edcio de cargo p\u00fablico. No ano passado,&hellip; <\/p>\n","protected":false},"author":2,"featured_media":387235,"comment_status":"open","ping_status":"open","sticky":false,"template":"","format":"standard","meta":{"_acf_changed":false,"footnotes":""},"categories":[1],"tags":[],"class_list":["post-402961","post","type-post","status-publish","format-standard","has-post-thumbnail","hentry","category-politica"],"acf":[],"yoast_head":"<!-- This site is optimized with the Yoast SEO plugin v27.4 - https:\/\/yoast.com\/product\/yoast-seo-wordpress\/ -->\n<title>MP pede que TCU apure nomea\u00e7\u00e3o \u00e0 Codevasf de ex-assessor de Motta condenado por desvios - Blog do Farn\u00e9sio<\/title>\n<meta name=\"robots\" content=\"index, follow, max-snippet:-1, max-image-preview:large, max-video-preview:-1\" \/>\n<link rel=\"canonical\" href=\"http:\/\/blogdofarnesio.com.br\/?p=402961\" \/>\n<meta property=\"og:locale\" content=\"pt_BR\" \/>\n<meta property=\"og:type\" content=\"article\" \/>\n<meta property=\"og:title\" content=\"MP pede que TCU apure nomea\u00e7\u00e3o \u00e0 Codevasf de ex-assessor de Motta condenado por desvios - Blog do Farn\u00e9sio\" \/>\n<meta property=\"og:description\" content=\"O Minist\u00e9rio P\u00fablico junto ao TCU pediu que o tribunal apure se h\u00e1 irregularidade na nomea\u00e7\u00e3o de Fred Queiroga, bra\u00e7o-direito de Hugo Motta e seu pai Nabor Wanderley, \u00e0 superintend\u00eancia da Codevasf na Para\u00edba. Indicado pelo presidente da C\u00e2mara, Queiroga j\u00e1 foi condenado por desvio de recursos p\u00fablicos, relacionados a fraudes em licita\u00e7\u00f5es e contratos de loca\u00e7\u00e3o. As informa\u00e7\u00f5es s\u00e3o do jornal O Globo. O caso ainda n\u00e3o transitou em julgado. mas a condena\u00e7\u00e3o o impede de assumir cargos p\u00fablicos por cinco anos, como mostrou o rep\u00f3rter Bernardo Mello. Em primeira inst\u00e2ncia, Queiroga recebeu 9 anos e 9 meses de reclus\u00e3o, em regime inicial fechado, al\u00e9m de 5 anos de inabilita\u00e7\u00e3o para o exerc\u00edcio de cargo p\u00fablico. No ano passado,&hellip;\" \/>\n<meta property=\"og:url\" content=\"http:\/\/blogdofarnesio.com.br\/?p=402961\" \/>\n<meta property=\"og:site_name\" content=\"Blog do Farn\u00e9sio\" \/>\n<meta property=\"article:publisher\" content=\"https:\/\/www.facebook.com\/BlogQuerSaberPolitica\/\" \/>\n<meta property=\"article:author\" content=\"https:\/\/www.facebook.com\/?ref=tn_tnmn\" \/>\n<meta property=\"article:published_time\" content=\"2025-09-09T19:04:48+00:00\" \/>\n<meta property=\"og:image\" content=\"http:\/\/blogdofarnesio.com.br\/wp-content\/uploads\/2025\/02\/blogqspcamara-pres-hugo-Motta-e1739017506826.jpg\" \/>\n\t<meta property=\"og:image:width\" content=\"524\" \/>\n\t<meta property=\"og:image:height\" content=\"350\" \/>\n\t<meta property=\"og:image:type\" content=\"image\/jpeg\" \/>\n<meta name=\"author\" content=\"Farn\u00e9sio\" \/>\n<meta name=\"twitter:card\" content=\"summary_large_image\" \/>\n<meta name=\"twitter:label1\" content=\"Escrito por\" \/>\n\t<meta name=\"twitter:data1\" content=\"Farn\u00e9sio\" \/>\n\t<meta name=\"twitter:label2\" content=\"Est. tempo de leitura\" \/>\n\t<meta name=\"twitter:data2\" content=\"3 minutos\" \/>\n<script type=\"application\/ld+json\" class=\"yoast-schema-graph\">{\"@context\":\"https:\\\/\\\/schema.org\",\"@graph\":[{\"@type\":\"Article\",\"@id\":\"http:\\\/\\\/blogdofarnesio.com.br\\\/?p=402961#article\",\"isPartOf\":{\"@id\":\"http:\\\/\\\/blogdofarnesio.com.br\\\/?p=402961\"},\"author\":{\"name\":\"Farn\u00e9sio\",\"@id\":\"https:\\\/\\\/blogdofarnesio.com.br\\\/#\\\/schema\\\/person\\\/bb9b23ae3ad0609ce8df7b6c9e76824d\"},\"headline\":\"MP pede que TCU apure nomea\u00e7\u00e3o \u00e0 Codevasf de ex-assessor de Motta condenado por desvios\",\"datePublished\":\"2025-09-09T19:04:48+00:00\",\"mainEntityOfPage\":{\"@id\":\"http:\\\/\\\/blogdofarnesio.com.br\\\/?p=402961\"},\"wordCount\":407,\"commentCount\":0,\"publisher\":{\"@id\":\"https:\\\/\\\/blogdofarnesio.com.br\\\/#organization\"},\"image\":{\"@id\":\"http:\\\/\\\/blogdofarnesio.com.br\\\/?p=402961#primaryimage\"},\"thumbnailUrl\":\"https:\\\/\\\/blogdofarnesio.com.br\\\/wp-content\\\/uploads\\\/2025\\\/02\\\/blogqspcamara-pres-hugo-Motta-e1739017506826.jpg\",\"articleSection\":[\"Pol\u00edtica\"],\"inLanguage\":\"pt-BR\",\"potentialAction\":[{\"@type\":\"CommentAction\",\"name\":\"Comment\",\"target\":[\"http:\\\/\\\/blogdofarnesio.com.br\\\/?p=402961#respond\"]}]},{\"@type\":\"WebPage\",\"@id\":\"http:\\\/\\\/blogdofarnesio.com.br\\\/?p=402961\",\"url\":\"http:\\\/\\\/blogdofarnesio.com.br\\\/?p=402961\",\"name\":\"MP pede que TCU apure nomea\u00e7\u00e3o \u00e0 Codevasf de ex-assessor de Motta condenado por desvios - Blog do Farn\u00e9sio\",\"isPartOf\":{\"@id\":\"https:\\\/\\\/blogdofarnesio.com.br\\\/#website\"},\"primaryImageOfPage\":{\"@id\":\"http:\\\/\\\/blogdofarnesio.com.br\\\/?p=402961#primaryimage\"},\"image\":{\"@id\":\"http:\\\/\\\/blogdofarnesio.com.br\\\/?p=402961#primaryimage\"},\"thumbnailUrl\":\"https:\\\/\\\/blogdofarnesio.com.br\\\/wp-content\\\/uploads\\\/2025\\\/02\\\/blogqspcamara-pres-hugo-Motta-e1739017506826.jpg\",\"datePublished\":\"2025-09-09T19:04:48+00:00\",\"breadcrumb\":{\"@id\":\"http:\\\/\\\/blogdofarnesio.com.br\\\/?p=402961#breadcrumb\"},\"inLanguage\":\"pt-BR\",\"potentialAction\":[{\"@type\":\"ReadAction\",\"target\":[\"http:\\\/\\\/blogdofarnesio.com.br\\\/?p=402961\"]}]},{\"@type\":\"ImageObject\",\"inLanguage\":\"pt-BR\",\"@id\":\"http:\\\/\\\/blogdofarnesio.com.br\\\/?p=402961#primaryimage\",\"url\":\"https:\\\/\\\/blogdofarnesio.com.br\\\/wp-content\\\/uploads\\\/2025\\\/02\\\/blogqspcamara-pres-hugo-Motta-e1739017506826.jpg\",\"contentUrl\":\"https:\\\/\\\/blogdofarnesio.com.br\\\/wp-content\\\/uploads\\\/2025\\\/02\\\/blogqspcamara-pres-hugo-Motta-e1739017506826.jpg\",\"width\":524,\"height\":350},{\"@type\":\"BreadcrumbList\",\"@id\":\"http:\\\/\\\/blogdofarnesio.com.br\\\/?p=402961#breadcrumb\",\"itemListElement\":[{\"@type\":\"ListItem\",\"position\":1,\"name\":\"In\u00edcio\",\"item\":\"https:\\\/\\\/blogdofarnesio.com.br\\\/\"},{\"@type\":\"ListItem\",\"position\":2,\"name\":\"MP pede que TCU apure nomea\u00e7\u00e3o \u00e0 Codevasf de ex-assessor de Motta condenado por desvios\"}]},{\"@type\":\"WebSite\",\"@id\":\"https:\\\/\\\/blogdofarnesio.com.br\\\/#website\",\"url\":\"https:\\\/\\\/blogdofarnesio.com.br\\\/\",\"name\":\"Blog do Farn\u00e9sio\",\"description\":\"Quer Saber Pol\u00edtica?\",\"publisher\":{\"@id\":\"https:\\\/\\\/blogdofarnesio.com.br\\\/#organization\"},\"potentialAction\":[{\"@type\":\"SearchAction\",\"target\":{\"@type\":\"EntryPoint\",\"urlTemplate\":\"https:\\\/\\\/blogdofarnesio.com.br\\\/?s={search_term_string}\"},\"query-input\":{\"@type\":\"PropertyValueSpecification\",\"valueRequired\":true,\"valueName\":\"search_term_string\"}}],\"inLanguage\":\"pt-BR\"},{\"@type\":\"Organization\",\"@id\":\"https:\\\/\\\/blogdofarnesio.com.br\\\/#organization\",\"name\":\"Blog do Farn\u00e9sio\",\"url\":\"https:\\\/\\\/blogdofarnesio.com.br\\\/\",\"logo\":{\"@type\":\"ImageObject\",\"inLanguage\":\"pt-BR\",\"@id\":\"https:\\\/\\\/blogdofarnesio.com.br\\\/#\\\/schema\\\/logo\\\/image\\\/\",\"url\":\"https:\\\/\\\/blogdofarnesio.com.br\\\/wp-content\\\/uploads\\\/2026\\\/03\\\/cropped-logo_new-1.png\",\"contentUrl\":\"https:\\\/\\\/blogdofarnesio.com.br\\\/wp-content\\\/uploads\\\/2026\\\/03\\\/cropped-logo_new-1.png\",\"width\":881,\"height\":685,\"caption\":\"Blog do Farn\u00e9sio\"},\"image\":{\"@id\":\"https:\\\/\\\/blogdofarnesio.com.br\\\/#\\\/schema\\\/logo\\\/image\\\/\"},\"sameAs\":[\"https:\\\/\\\/www.facebook.com\\\/BlogQuerSaberPolitica\\\/\"]},{\"@type\":\"Person\",\"@id\":\"https:\\\/\\\/blogdofarnesio.com.br\\\/#\\\/schema\\\/person\\\/bb9b23ae3ad0609ce8df7b6c9e76824d\",\"name\":\"Farn\u00e9sio\",\"image\":{\"@type\":\"ImageObject\",\"inLanguage\":\"pt-BR\",\"@id\":\"https:\\\/\\\/secure.gravatar.com\\\/avatar\\\/986aa4c61ccdb66f8555bf88fc2a65609d00bcabd4d2d94377a727547345cbca?s=96&d=mm&r=g\",\"url\":\"https:\\\/\\\/secure.gravatar.com\\\/avatar\\\/986aa4c61ccdb66f8555bf88fc2a65609d00bcabd4d2d94377a727547345cbca?s=96&d=mm&r=g\",\"contentUrl\":\"https:\\\/\\\/secure.gravatar.com\\\/avatar\\\/986aa4c61ccdb66f8555bf88fc2a65609d00bcabd4d2d94377a727547345cbca?s=96&d=mm&r=g\",\"caption\":\"Farn\u00e9sio\"},\"description\":\"Radialista blogueiro, chegou a Petrolina\\\/Juazeiro em setembro de 1980, Farn\u00e9sio Silva \u00e9 de Arapiraca-Alagoas.\",\"sameAs\":[\"http:\\\/\\\/blogdofarnesio.com.br\",\"https:\\\/\\\/www.facebook.com\\\/?ref=tn_tnmn\",\"https:\\\/\\\/www.instagram.com\\\/?utm_source=pwa_homescreen\",\"https:\\\/\\\/youtube.com.br\\\/\"],\"url\":\"https:\\\/\\\/blogdofarnesio.com.br\\\/?author=2\"}]}<\/script>\n<!-- \/ Yoast SEO plugin. -->","yoast_head_json":{"title":"MP pede que TCU apure nomea\u00e7\u00e3o \u00e0 Codevasf de ex-assessor de Motta condenado por desvios - Blog do Farn\u00e9sio","robots":{"index":"index","follow":"follow","max-snippet":"max-snippet:-1","max-image-preview":"max-image-preview:large","max-video-preview":"max-video-preview:-1"},"canonical":"http:\/\/blogdofarnesio.com.br\/?p=402961","og_locale":"pt_BR","og_type":"article","og_title":"MP pede que TCU apure nomea\u00e7\u00e3o \u00e0 Codevasf de ex-assessor de Motta condenado por desvios - Blog do Farn\u00e9sio","og_description":"O Minist\u00e9rio P\u00fablico junto ao TCU pediu que o tribunal apure se h\u00e1 irregularidade na nomea\u00e7\u00e3o de Fred Queiroga, bra\u00e7o-direito de Hugo Motta e seu pai Nabor Wanderley, \u00e0 superintend\u00eancia da Codevasf na Para\u00edba. Indicado pelo presidente da C\u00e2mara, Queiroga j\u00e1 foi condenado por desvio de recursos p\u00fablicos, relacionados a fraudes em licita\u00e7\u00f5es e contratos de loca\u00e7\u00e3o. As informa\u00e7\u00f5es s\u00e3o do jornal O Globo. O caso ainda n\u00e3o transitou em julgado. mas a condena\u00e7\u00e3o o impede de assumir cargos p\u00fablicos por cinco anos, como mostrou o rep\u00f3rter Bernardo Mello. Em primeira inst\u00e2ncia, Queiroga recebeu 9 anos e 9 meses de reclus\u00e3o, em regime inicial fechado, al\u00e9m de 5 anos de inabilita\u00e7\u00e3o para o exerc\u00edcio de cargo p\u00fablico. No ano passado,&hellip;","og_url":"http:\/\/blogdofarnesio.com.br\/?p=402961","og_site_name":"Blog do Farn\u00e9sio","article_publisher":"https:\/\/www.facebook.com\/BlogQuerSaberPolitica\/","article_author":"https:\/\/www.facebook.com\/?ref=tn_tnmn","article_published_time":"2025-09-09T19:04:48+00:00","og_image":[{"width":524,"height":350,"url":"http:\/\/blogdofarnesio.com.br\/wp-content\/uploads\/2025\/02\/blogqspcamara-pres-hugo-Motta-e1739017506826.jpg","type":"image\/jpeg"}],"author":"Farn\u00e9sio","twitter_card":"summary_large_image","twitter_misc":{"Escrito por":"Farn\u00e9sio","Est. tempo de leitura":"3 minutos"},"schema":{"@context":"https:\/\/schema.org","@graph":[{"@type":"Article","@id":"http:\/\/blogdofarnesio.com.br\/?p=402961#article","isPartOf":{"@id":"http:\/\/blogdofarnesio.com.br\/?p=402961"},"author":{"name":"Farn\u00e9sio","@id":"https:\/\/blogdofarnesio.com.br\/#\/schema\/person\/bb9b23ae3ad0609ce8df7b6c9e76824d"},"headline":"MP pede que TCU apure nomea\u00e7\u00e3o \u00e0 Codevasf de ex-assessor de Motta condenado por desvios","datePublished":"2025-09-09T19:04:48+00:00","mainEntityOfPage":{"@id":"http:\/\/blogdofarnesio.com.br\/?p=402961"},"wordCount":407,"commentCount":0,"publisher":{"@id":"https:\/\/blogdofarnesio.com.br\/#organization"},"image":{"@id":"http:\/\/blogdofarnesio.com.br\/?p=402961#primaryimage"},"thumbnailUrl":"https:\/\/blogdofarnesio.com.br\/wp-content\/uploads\/2025\/02\/blogqspcamara-pres-hugo-Motta-e1739017506826.jpg","articleSection":["Pol\u00edtica"],"inLanguage":"pt-BR","potentialAction":[{"@type":"CommentAction","name":"Comment","target":["http:\/\/blogdofarnesio.com.br\/?p=402961#respond"]}]},{"@type":"WebPage","@id":"http:\/\/blogdofarnesio.com.br\/?p=402961","url":"http:\/\/blogdofarnesio.com.br\/?p=402961","name":"MP pede que TCU apure nomea\u00e7\u00e3o \u00e0 Codevasf de ex-assessor de Motta condenado por desvios - Blog do Farn\u00e9sio","isPartOf":{"@id":"https:\/\/blogdofarnesio.com.br\/#website"},"primaryImageOfPage":{"@id":"http:\/\/blogdofarnesio.com.br\/?p=402961#primaryimage"},"image":{"@id":"http:\/\/blogdofarnesio.com.br\/?p=402961#primaryimage"},"thumbnailUrl":"https:\/\/blogdofarnesio.com.br\/wp-content\/uploads\/2025\/02\/blogqspcamara-pres-hugo-Motta-e1739017506826.jpg","datePublished":"2025-09-09T19:04:48+00:00","breadcrumb":{"@id":"http:\/\/blogdofarnesio.com.br\/?p=402961#breadcrumb"},"inLanguage":"pt-BR","potentialAction":[{"@type":"ReadAction","target":["http:\/\/blogdofarnesio.com.br\/?p=402961"]}]},{"@type":"ImageObject","inLanguage":"pt-BR","@id":"http:\/\/blogdofarnesio.com.br\/?p=402961#primaryimage","url":"https:\/\/blogdofarnesio.com.br\/wp-content\/uploads\/2025\/02\/blogqspcamara-pres-hugo-Motta-e1739017506826.jpg","contentUrl":"https:\/\/blogdofarnesio.com.br\/wp-content\/uploads\/2025\/02\/blogqspcamara-pres-hugo-Motta-e1739017506826.jpg","width":524,"height":350},{"@type":"BreadcrumbList","@id":"http:\/\/blogdofarnesio.com.br\/?p=402961#breadcrumb","itemListElement":[{"@type":"ListItem","position":1,"name":"In\u00edcio","item":"https:\/\/blogdofarnesio.com.br\/"},{"@type":"ListItem","position":2,"name":"MP pede que TCU apure nomea\u00e7\u00e3o \u00e0 Codevasf de ex-assessor de Motta condenado por desvios"}]},{"@type":"WebSite","@id":"https:\/\/blogdofarnesio.com.br\/#website","url":"https:\/\/blogdofarnesio.com.br\/","name":"Blog do Farn\u00e9sio","description":"Quer Saber Pol\u00edtica?","publisher":{"@id":"https:\/\/blogdofarnesio.com.br\/#organization"},"potentialAction":[{"@type":"SearchAction","target":{"@type":"EntryPoint","urlTemplate":"https:\/\/blogdofarnesio.com.br\/?s={search_term_string}"},"query-input":{"@type":"PropertyValueSpecification","valueRequired":true,"valueName":"search_term_string"}}],"inLanguage":"pt-BR"},{"@type":"Organization","@id":"https:\/\/blogdofarnesio.com.br\/#organization","name":"Blog do Farn\u00e9sio","url":"https:\/\/blogdofarnesio.com.br\/","logo":{"@type":"ImageObject","inLanguage":"pt-BR","@id":"https:\/\/blogdofarnesio.com.br\/#\/schema\/logo\/image\/","url":"https:\/\/blogdofarnesio.com.br\/wp-content\/uploads\/2026\/03\/cropped-logo_new-1.png","contentUrl":"https:\/\/blogdofarnesio.com.br\/wp-content\/uploads\/2026\/03\/cropped-logo_new-1.png","width":881,"height":685,"caption":"Blog do Farn\u00e9sio"},"image":{"@id":"https:\/\/blogdofarnesio.com.br\/#\/schema\/logo\/image\/"},"sameAs":["https:\/\/www.facebook.com\/BlogQuerSaberPolitica\/"]},{"@type":"Person","@id":"https:\/\/blogdofarnesio.com.br\/#\/schema\/person\/bb9b23ae3ad0609ce8df7b6c9e76824d","name":"Farn\u00e9sio","image":{"@type":"ImageObject","inLanguage":"pt-BR","@id":"https:\/\/secure.gravatar.com\/avatar\/986aa4c61ccdb66f8555bf88fc2a65609d00bcabd4d2d94377a727547345cbca?s=96&d=mm&r=g","url":"https:\/\/secure.gravatar.com\/avatar\/986aa4c61ccdb66f8555bf88fc2a65609d00bcabd4d2d94377a727547345cbca?s=96&d=mm&r=g","contentUrl":"https:\/\/secure.gravatar.com\/avatar\/986aa4c61ccdb66f8555bf88fc2a65609d00bcabd4d2d94377a727547345cbca?s=96&d=mm&r=g","caption":"Farn\u00e9sio"},"description":"Radialista blogueiro, chegou a Petrolina\/Juazeiro em setembro de 1980, Farn\u00e9sio Silva \u00e9 de Arapiraca-Alagoas.","sameAs":["http:\/\/blogdofarnesio.com.br","https:\/\/www.facebook.com\/?ref=tn_tnmn","https:\/\/www.instagram.com\/?utm_source=pwa_homescreen","https:\/\/youtube.com.br\/"],"url":"https:\/\/blogdofarnesio.com.br\/?author=2"}]}},"_links":{"self":[{"href":"https:\/\/blogdofarnesio.com.br\/index.php?rest_route=\/wp\/v2\/posts\/402961","targetHints":{"allow":["GET"]}}],"collection":[{"href":"https:\/\/blogdofarnesio.com.br\/index.php?rest_route=\/wp\/v2\/posts"}],"about":[{"href":"https:\/\/blogdofarnesio.com.br\/index.php?rest_route=\/wp\/v2\/types\/post"}],"author":[{"embeddable":true,"href":"https:\/\/blogdofarnesio.com.br\/index.php?rest_route=\/wp\/v2\/users\/2"}],"replies":[{"embeddable":true,"href":"https:\/\/blogdofarnesio.com.br\/index.php?rest_route=%2Fwp%2Fv2%2Fcomments&post=402961"}],"version-history":[{"count":0,"href":"https:\/\/blogdofarnesio.com.br\/index.php?rest_route=\/wp\/v2\/posts\/402961\/revisions"}],"wp:featuredmedia":[{"embeddable":true,"href":"https:\/\/blogdofarnesio.com.br\/index.php?rest_route=\/wp\/v2\/media\/387235"}],"wp:attachment":[{"href":"https:\/\/blogdofarnesio.com.br\/index.php?rest_route=%2Fwp%2Fv2%2Fmedia&parent=402961"}],"wp:term":[{"taxonomy":"category","embeddable":true,"href":"https:\/\/blogdofarnesio.com.br\/index.php?rest_route=%2Fwp%2Fv2%2Fcategories&post=402961"},{"taxonomy":"post_tag","embeddable":true,"href":"https:\/\/blogdofarnesio.com.br\/index.php?rest_route=%2Fwp%2Fv2%2Ftags&post=402961"}],"curies":[{"name":"wp","href":"https:\/\/api.w.org\/{rel}","templated":true}]}}