{"id":402270,"date":"2025-09-01T14:00:24","date_gmt":"2025-09-01T17:00:24","guid":{"rendered":"https:\/\/blogdofarnesio.com.br\/?p=402270"},"modified":"2025-09-01T08:35:22","modified_gmt":"2025-09-01T11:35:22","slug":"bronze-no-paraguai-jose-marcio-leao-da-apa-petrolina-brilha-no-campeonato-sul-americano-de-maratona","status":"publish","type":"post","link":"https:\/\/blogdofarnesio.com.br\/?p=402270","title":{"rendered":"Bronze no Paraguai: Jos\u00e9 M\u00e1rcio Le\u00e3o, da APA Petrolina, brilha no Campeonato Sul-Americano de Maratona"},"content":{"rendered":"<div>\n<p><em>Representando o Brasil, o atleta enfrentou ventos fortes e trechos desafiadores para garantir o lugar no p\u00f3dio.<\/em><\/p>\n<\/div>\n<div>\n<p>O pernambucano Jos\u00e9 M\u00e1rcio Le\u00e3o da Silva, atleta da Associa\u00e7\u00e3o Petrolinense de Atletismo (APA), conquistou neste domingo (31) a medalha de bronze na Maratona Internacional de Assun\u00e7\u00e3o, no Paraguai. A prova, que tamb\u00e9m valeu como Campeonato Sul-Americano de Maratona, teve largada e chegada no Cais Desportivo da capital paraguaia.<\/p>\n<p>Representando o Brasil, Jos\u00e9 M\u00e1rcio completou os 42,195 km em 2h24min10s94, garantindo seu lugar no p\u00f3dio da 16\u00aa edi\u00e7\u00e3o do evento. &#8220;Foi um sonho realizado, numa prova muito dif\u00edcil. Foi uma corrida de supera\u00e7\u00e3o e quero agradecer a Deus, \u00e0 minha fam\u00edlia, aos amigos do Nordeste, minha namorada e ao meu treinador Marciano Barros&#8221;, declarou o atleta ap\u00f3s a prova.<\/p>\n<p>Jos\u00e9 M\u00e1rcio esteve acompanhado pelo treinador Marciano Pereira Barros, tamb\u00e9m da APA, que foi convocado para integrar a equipe t\u00e9cnica brasileira. O t\u00e9cnico destacou as dificuldades enfrentadas no percurso e a import\u00e2ncia da estrat\u00e9gia.<\/p>\n<p>&#8220;O clima n\u00e3o ajudou, com ventos de at\u00e9 55 km\/h. O trajeto tinha duas voltas e muitas ladeiras na parte urbana. Foi uma prova estrat\u00e9gica, em que o trabalho de meses de prepara\u00e7\u00e3o fez a diferen\u00e7a para correr com intelig\u00eancia e garantir o p\u00f3dio&#8221;, afirmou Marciano.<\/p>\n<p>O p\u00f3dio masculino foi liderado pelo paraguaio Derlis Ayala Sanchez (2h21min01s15), seguido pelo equatoriano Fernando Ramiro Moreno Tapia (2h22min02s85).<\/p>\n<p>&nbsp;<\/p>\n<p><strong>Mais informa\u00e7\u00f5es:<\/strong><br \/>\n<strong>Site:<\/strong>\u00a0<a href=\"https:\/\/click.presskit.com.br\/url\/1099102b353\/662386631ba\" target=\"_blank\" rel=\"noopener noreferrer\" data-saferedirecturl=\"https:\/\/www.google.com\/url?q=https:\/\/click.presskit.com.br\/url\/1099102b353\/662386631ba&amp;source=gmail&amp;ust=1756812069384000&amp;usg=AOvVaw0s6kFRa-CQp7krolvkAHWW\">https:\/\/apapetrolina.com<wbr \/>.br\/<\/a><\/p>\n<\/div>\n","protected":false},"excerpt":{"rendered":"<p>Representando o Brasil, o atleta enfrentou ventos fortes e trechos desafiadores para garantir o lugar no p\u00f3dio. O pernambucano Jos\u00e9 M\u00e1rcio Le\u00e3o da Silva, atleta da Associa\u00e7\u00e3o Petrolinense de Atletismo (APA), conquistou neste domingo (31) a medalha de bronze na Maratona Internacional de Assun\u00e7\u00e3o, no Paraguai. A prova, que tamb\u00e9m valeu como Campeonato Sul-Americano de Maratona, teve largada e chegada no Cais Desportivo da capital paraguaia. Representando o Brasil, Jos\u00e9 M\u00e1rcio completou os 42,195 km em 2h24min10s94, garantindo seu lugar no p\u00f3dio da 16\u00aa edi\u00e7\u00e3o do evento. &#8220;Foi um sonho realizado, numa prova muito dif\u00edcil. Foi uma corrida de supera\u00e7\u00e3o e quero agradecer a Deus, \u00e0 minha fam\u00edlia, aos amigos do Nordeste, minha namorada e ao meu treinador Marciano Barros&#8221;,&hellip; <\/p>\n","protected":false},"author":2,"featured_media":402271,"comment_status":"open","ping_status":"open","sticky":false,"template":"","format":"standard","meta":{"_acf_changed":false,"footnotes":""},"categories":[8],"tags":[],"class_list":["post-402270","post","type-post","status-publish","format-standard","has-post-thumbnail","hentry","category-esportes"],"acf":[],"yoast_head":"<!-- This site is optimized with the Yoast SEO plugin v27.4 - https:\/\/yoast.com\/product\/yoast-seo-wordpress\/ -->\n<title>Bronze no Paraguai: Jos\u00e9 M\u00e1rcio Le\u00e3o, da APA Petrolina, brilha no Campeonato Sul-Americano de Maratona - Blog do Farn\u00e9sio<\/title>\n<meta name=\"robots\" content=\"index, follow, max-snippet:-1, max-image-preview:large, max-video-preview:-1\" \/>\n<link rel=\"canonical\" href=\"http:\/\/blogdofarnesio.com.br\/?p=402270\" \/>\n<meta property=\"og:locale\" content=\"pt_BR\" \/>\n<meta property=\"og:type\" content=\"article\" \/>\n<meta property=\"og:title\" content=\"Bronze no Paraguai: Jos\u00e9 M\u00e1rcio Le\u00e3o, da APA Petrolina, brilha no Campeonato Sul-Americano de Maratona - Blog do Farn\u00e9sio\" \/>\n<meta property=\"og:description\" content=\"Representando o Brasil, o atleta enfrentou ventos fortes e trechos desafiadores para garantir o lugar no p\u00f3dio. O pernambucano Jos\u00e9 M\u00e1rcio Le\u00e3o da Silva, atleta da Associa\u00e7\u00e3o Petrolinense de Atletismo (APA), conquistou neste domingo (31) a medalha de bronze na Maratona Internacional de Assun\u00e7\u00e3o, no Paraguai. A prova, que tamb\u00e9m valeu como Campeonato Sul-Americano de Maratona, teve largada e chegada no Cais Desportivo da capital paraguaia. Representando o Brasil, Jos\u00e9 M\u00e1rcio completou os 42,195 km em 2h24min10s94, garantindo seu lugar no p\u00f3dio da 16\u00aa edi\u00e7\u00e3o do evento. &#8220;Foi um sonho realizado, numa prova muito dif\u00edcil. Foi uma corrida de supera\u00e7\u00e3o e quero agradecer a Deus, \u00e0 minha fam\u00edlia, aos amigos do Nordeste, minha namorada e ao meu treinador Marciano Barros&#8221;,&hellip;\" \/>\n<meta property=\"og:url\" content=\"http:\/\/blogdofarnesio.com.br\/?p=402270\" \/>\n<meta property=\"og:site_name\" content=\"Blog do Farn\u00e9sio\" \/>\n<meta property=\"article:publisher\" content=\"https:\/\/www.facebook.com\/BlogQuerSaberPolitica\/\" \/>\n<meta property=\"article:author\" content=\"https:\/\/www.facebook.com\/?ref=tn_tnmn\" \/>\n<meta property=\"article:published_time\" content=\"2025-09-01T17:00:24+00:00\" \/>\n<meta property=\"og:image\" content=\"http:\/\/blogdofarnesio.com.br\/wp-content\/uploads\/2025\/09\/blogqspapa-Jose-Marcio-Leao-podio-e1756726489310.jpg\" \/>\n\t<meta property=\"og:image:width\" content=\"600\" \/>\n\t<meta property=\"og:image:height\" content=\"487\" \/>\n\t<meta property=\"og:image:type\" content=\"image\/jpeg\" \/>\n<meta name=\"author\" content=\"Farn\u00e9sio\" \/>\n<meta name=\"twitter:card\" content=\"summary_large_image\" \/>\n<meta name=\"twitter:label1\" content=\"Escrito por\" \/>\n\t<meta name=\"twitter:data1\" content=\"Farn\u00e9sio\" \/>\n\t<meta name=\"twitter:label2\" content=\"Est. tempo de leitura\" \/>\n\t<meta name=\"twitter:data2\" content=\"2 minutos\" \/>\n<script type=\"application\/ld+json\" class=\"yoast-schema-graph\">{\"@context\":\"https:\\\/\\\/schema.org\",\"@graph\":[{\"@type\":\"Article\",\"@id\":\"http:\\\/\\\/blogdofarnesio.com.br\\\/?p=402270#article\",\"isPartOf\":{\"@id\":\"http:\\\/\\\/blogdofarnesio.com.br\\\/?p=402270\"},\"author\":{\"name\":\"Farn\u00e9sio\",\"@id\":\"https:\\\/\\\/blogdofarnesio.com.br\\\/#\\\/schema\\\/person\\\/bb9b23ae3ad0609ce8df7b6c9e76824d\"},\"headline\":\"Bronze no Paraguai: Jos\u00e9 M\u00e1rcio Le\u00e3o, da APA Petrolina, brilha no Campeonato Sul-Americano de Maratona\",\"datePublished\":\"2025-09-01T17:00:24+00:00\",\"mainEntityOfPage\":{\"@id\":\"http:\\\/\\\/blogdofarnesio.com.br\\\/?p=402270\"},\"wordCount\":279,\"commentCount\":0,\"publisher\":{\"@id\":\"https:\\\/\\\/blogdofarnesio.com.br\\\/#organization\"},\"image\":{\"@id\":\"http:\\\/\\\/blogdofarnesio.com.br\\\/?p=402270#primaryimage\"},\"thumbnailUrl\":\"https:\\\/\\\/blogdofarnesio.com.br\\\/wp-content\\\/uploads\\\/2025\\\/09\\\/blogqspapa-Jose-Marcio-Leao-podio-e1756726489310.jpg\",\"articleSection\":[\"Esportes\"],\"inLanguage\":\"pt-BR\",\"potentialAction\":[{\"@type\":\"CommentAction\",\"name\":\"Comment\",\"target\":[\"http:\\\/\\\/blogdofarnesio.com.br\\\/?p=402270#respond\"]}]},{\"@type\":\"WebPage\",\"@id\":\"http:\\\/\\\/blogdofarnesio.com.br\\\/?p=402270\",\"url\":\"http:\\\/\\\/blogdofarnesio.com.br\\\/?p=402270\",\"name\":\"Bronze no Paraguai: Jos\u00e9 M\u00e1rcio Le\u00e3o, da APA Petrolina, brilha no Campeonato Sul-Americano de Maratona - Blog do Farn\u00e9sio\",\"isPartOf\":{\"@id\":\"https:\\\/\\\/blogdofarnesio.com.br\\\/#website\"},\"primaryImageOfPage\":{\"@id\":\"http:\\\/\\\/blogdofarnesio.com.br\\\/?p=402270#primaryimage\"},\"image\":{\"@id\":\"http:\\\/\\\/blogdofarnesio.com.br\\\/?p=402270#primaryimage\"},\"thumbnailUrl\":\"https:\\\/\\\/blogdofarnesio.com.br\\\/wp-content\\\/uploads\\\/2025\\\/09\\\/blogqspapa-Jose-Marcio-Leao-podio-e1756726489310.jpg\",\"datePublished\":\"2025-09-01T17:00:24+00:00\",\"breadcrumb\":{\"@id\":\"http:\\\/\\\/blogdofarnesio.com.br\\\/?p=402270#breadcrumb\"},\"inLanguage\":\"pt-BR\",\"potentialAction\":[{\"@type\":\"ReadAction\",\"target\":[\"http:\\\/\\\/blogdofarnesio.com.br\\\/?p=402270\"]}]},{\"@type\":\"ImageObject\",\"inLanguage\":\"pt-BR\",\"@id\":\"http:\\\/\\\/blogdofarnesio.com.br\\\/?p=402270#primaryimage\",\"url\":\"https:\\\/\\\/blogdofarnesio.com.br\\\/wp-content\\\/uploads\\\/2025\\\/09\\\/blogqspapa-Jose-Marcio-Leao-podio-e1756726489310.jpg\",\"contentUrl\":\"https:\\\/\\\/blogdofarnesio.com.br\\\/wp-content\\\/uploads\\\/2025\\\/09\\\/blogqspapa-Jose-Marcio-Leao-podio-e1756726489310.jpg\",\"width\":600,\"height\":487},{\"@type\":\"BreadcrumbList\",\"@id\":\"http:\\\/\\\/blogdofarnesio.com.br\\\/?p=402270#breadcrumb\",\"itemListElement\":[{\"@type\":\"ListItem\",\"position\":1,\"name\":\"In\u00edcio\",\"item\":\"https:\\\/\\\/blogdofarnesio.com.br\\\/\"},{\"@type\":\"ListItem\",\"position\":2,\"name\":\"Bronze no Paraguai: Jos\u00e9 M\u00e1rcio Le\u00e3o, da APA Petrolina, brilha no Campeonato Sul-Americano de Maratona\"}]},{\"@type\":\"WebSite\",\"@id\":\"https:\\\/\\\/blogdofarnesio.com.br\\\/#website\",\"url\":\"https:\\\/\\\/blogdofarnesio.com.br\\\/\",\"name\":\"Blog do Farn\u00e9sio\",\"description\":\"Quer Saber Pol\u00edtica?\",\"publisher\":{\"@id\":\"https:\\\/\\\/blogdofarnesio.com.br\\\/#organization\"},\"potentialAction\":[{\"@type\":\"SearchAction\",\"target\":{\"@type\":\"EntryPoint\",\"urlTemplate\":\"https:\\\/\\\/blogdofarnesio.com.br\\\/?s={search_term_string}\"},\"query-input\":{\"@type\":\"PropertyValueSpecification\",\"valueRequired\":true,\"valueName\":\"search_term_string\"}}],\"inLanguage\":\"pt-BR\"},{\"@type\":\"Organization\",\"@id\":\"https:\\\/\\\/blogdofarnesio.com.br\\\/#organization\",\"name\":\"Blog do Farn\u00e9sio\",\"url\":\"https:\\\/\\\/blogdofarnesio.com.br\\\/\",\"logo\":{\"@type\":\"ImageObject\",\"inLanguage\":\"pt-BR\",\"@id\":\"https:\\\/\\\/blogdofarnesio.com.br\\\/#\\\/schema\\\/logo\\\/image\\\/\",\"url\":\"https:\\\/\\\/blogdofarnesio.com.br\\\/wp-content\\\/uploads\\\/2026\\\/03\\\/cropped-logo_new-1.png\",\"contentUrl\":\"https:\\\/\\\/blogdofarnesio.com.br\\\/wp-content\\\/uploads\\\/2026\\\/03\\\/cropped-logo_new-1.png\",\"width\":881,\"height\":685,\"caption\":\"Blog do Farn\u00e9sio\"},\"image\":{\"@id\":\"https:\\\/\\\/blogdofarnesio.com.br\\\/#\\\/schema\\\/logo\\\/image\\\/\"},\"sameAs\":[\"https:\\\/\\\/www.facebook.com\\\/BlogQuerSaberPolitica\\\/\"]},{\"@type\":\"Person\",\"@id\":\"https:\\\/\\\/blogdofarnesio.com.br\\\/#\\\/schema\\\/person\\\/bb9b23ae3ad0609ce8df7b6c9e76824d\",\"name\":\"Farn\u00e9sio\",\"image\":{\"@type\":\"ImageObject\",\"inLanguage\":\"pt-BR\",\"@id\":\"https:\\\/\\\/secure.gravatar.com\\\/avatar\\\/986aa4c61ccdb66f8555bf88fc2a65609d00bcabd4d2d94377a727547345cbca?s=96&d=mm&r=g\",\"url\":\"https:\\\/\\\/secure.gravatar.com\\\/avatar\\\/986aa4c61ccdb66f8555bf88fc2a65609d00bcabd4d2d94377a727547345cbca?s=96&d=mm&r=g\",\"contentUrl\":\"https:\\\/\\\/secure.gravatar.com\\\/avatar\\\/986aa4c61ccdb66f8555bf88fc2a65609d00bcabd4d2d94377a727547345cbca?s=96&d=mm&r=g\",\"caption\":\"Farn\u00e9sio\"},\"description\":\"Radialista blogueiro, chegou a Petrolina\\\/Juazeiro em setembro de 1980, Farn\u00e9sio Silva \u00e9 de Arapiraca-Alagoas.\",\"sameAs\":[\"http:\\\/\\\/blogdofarnesio.com.br\",\"https:\\\/\\\/www.facebook.com\\\/?ref=tn_tnmn\",\"https:\\\/\\\/www.instagram.com\\\/?utm_source=pwa_homescreen\",\"https:\\\/\\\/youtube.com.br\\\/\"],\"url\":\"https:\\\/\\\/blogdofarnesio.com.br\\\/?author=2\"}]}<\/script>\n<!-- \/ Yoast SEO plugin. -->","yoast_head_json":{"title":"Bronze no Paraguai: Jos\u00e9 M\u00e1rcio Le\u00e3o, da APA Petrolina, brilha no Campeonato Sul-Americano de Maratona - Blog do Farn\u00e9sio","robots":{"index":"index","follow":"follow","max-snippet":"max-snippet:-1","max-image-preview":"max-image-preview:large","max-video-preview":"max-video-preview:-1"},"canonical":"http:\/\/blogdofarnesio.com.br\/?p=402270","og_locale":"pt_BR","og_type":"article","og_title":"Bronze no Paraguai: Jos\u00e9 M\u00e1rcio Le\u00e3o, da APA Petrolina, brilha no Campeonato Sul-Americano de Maratona - Blog do Farn\u00e9sio","og_description":"Representando o Brasil, o atleta enfrentou ventos fortes e trechos desafiadores para garantir o lugar no p\u00f3dio. O pernambucano Jos\u00e9 M\u00e1rcio Le\u00e3o da Silva, atleta da Associa\u00e7\u00e3o Petrolinense de Atletismo (APA), conquistou neste domingo (31) a medalha de bronze na Maratona Internacional de Assun\u00e7\u00e3o, no Paraguai. A prova, que tamb\u00e9m valeu como Campeonato Sul-Americano de Maratona, teve largada e chegada no Cais Desportivo da capital paraguaia. Representando o Brasil, Jos\u00e9 M\u00e1rcio completou os 42,195 km em 2h24min10s94, garantindo seu lugar no p\u00f3dio da 16\u00aa edi\u00e7\u00e3o do evento. &#8220;Foi um sonho realizado, numa prova muito dif\u00edcil. Foi uma corrida de supera\u00e7\u00e3o e quero agradecer a Deus, \u00e0 minha fam\u00edlia, aos amigos do Nordeste, minha namorada e ao meu treinador Marciano Barros&#8221;,&hellip;","og_url":"http:\/\/blogdofarnesio.com.br\/?p=402270","og_site_name":"Blog do Farn\u00e9sio","article_publisher":"https:\/\/www.facebook.com\/BlogQuerSaberPolitica\/","article_author":"https:\/\/www.facebook.com\/?ref=tn_tnmn","article_published_time":"2025-09-01T17:00:24+00:00","og_image":[{"width":600,"height":487,"url":"http:\/\/blogdofarnesio.com.br\/wp-content\/uploads\/2025\/09\/blogqspapa-Jose-Marcio-Leao-podio-e1756726489310.jpg","type":"image\/jpeg"}],"author":"Farn\u00e9sio","twitter_card":"summary_large_image","twitter_misc":{"Escrito por":"Farn\u00e9sio","Est. tempo de leitura":"2 minutos"},"schema":{"@context":"https:\/\/schema.org","@graph":[{"@type":"Article","@id":"http:\/\/blogdofarnesio.com.br\/?p=402270#article","isPartOf":{"@id":"http:\/\/blogdofarnesio.com.br\/?p=402270"},"author":{"name":"Farn\u00e9sio","@id":"https:\/\/blogdofarnesio.com.br\/#\/schema\/person\/bb9b23ae3ad0609ce8df7b6c9e76824d"},"headline":"Bronze no Paraguai: Jos\u00e9 M\u00e1rcio Le\u00e3o, da APA Petrolina, brilha no Campeonato Sul-Americano de Maratona","datePublished":"2025-09-01T17:00:24+00:00","mainEntityOfPage":{"@id":"http:\/\/blogdofarnesio.com.br\/?p=402270"},"wordCount":279,"commentCount":0,"publisher":{"@id":"https:\/\/blogdofarnesio.com.br\/#organization"},"image":{"@id":"http:\/\/blogdofarnesio.com.br\/?p=402270#primaryimage"},"thumbnailUrl":"https:\/\/blogdofarnesio.com.br\/wp-content\/uploads\/2025\/09\/blogqspapa-Jose-Marcio-Leao-podio-e1756726489310.jpg","articleSection":["Esportes"],"inLanguage":"pt-BR","potentialAction":[{"@type":"CommentAction","name":"Comment","target":["http:\/\/blogdofarnesio.com.br\/?p=402270#respond"]}]},{"@type":"WebPage","@id":"http:\/\/blogdofarnesio.com.br\/?p=402270","url":"http:\/\/blogdofarnesio.com.br\/?p=402270","name":"Bronze no Paraguai: Jos\u00e9 M\u00e1rcio Le\u00e3o, da APA Petrolina, brilha no Campeonato Sul-Americano de Maratona - Blog do Farn\u00e9sio","isPartOf":{"@id":"https:\/\/blogdofarnesio.com.br\/#website"},"primaryImageOfPage":{"@id":"http:\/\/blogdofarnesio.com.br\/?p=402270#primaryimage"},"image":{"@id":"http:\/\/blogdofarnesio.com.br\/?p=402270#primaryimage"},"thumbnailUrl":"https:\/\/blogdofarnesio.com.br\/wp-content\/uploads\/2025\/09\/blogqspapa-Jose-Marcio-Leao-podio-e1756726489310.jpg","datePublished":"2025-09-01T17:00:24+00:00","breadcrumb":{"@id":"http:\/\/blogdofarnesio.com.br\/?p=402270#breadcrumb"},"inLanguage":"pt-BR","potentialAction":[{"@type":"ReadAction","target":["http:\/\/blogdofarnesio.com.br\/?p=402270"]}]},{"@type":"ImageObject","inLanguage":"pt-BR","@id":"http:\/\/blogdofarnesio.com.br\/?p=402270#primaryimage","url":"https:\/\/blogdofarnesio.com.br\/wp-content\/uploads\/2025\/09\/blogqspapa-Jose-Marcio-Leao-podio-e1756726489310.jpg","contentUrl":"https:\/\/blogdofarnesio.com.br\/wp-content\/uploads\/2025\/09\/blogqspapa-Jose-Marcio-Leao-podio-e1756726489310.jpg","width":600,"height":487},{"@type":"BreadcrumbList","@id":"http:\/\/blogdofarnesio.com.br\/?p=402270#breadcrumb","itemListElement":[{"@type":"ListItem","position":1,"name":"In\u00edcio","item":"https:\/\/blogdofarnesio.com.br\/"},{"@type":"ListItem","position":2,"name":"Bronze no Paraguai: Jos\u00e9 M\u00e1rcio Le\u00e3o, da APA Petrolina, brilha no Campeonato Sul-Americano de Maratona"}]},{"@type":"WebSite","@id":"https:\/\/blogdofarnesio.com.br\/#website","url":"https:\/\/blogdofarnesio.com.br\/","name":"Blog do Farn\u00e9sio","description":"Quer Saber Pol\u00edtica?","publisher":{"@id":"https:\/\/blogdofarnesio.com.br\/#organization"},"potentialAction":[{"@type":"SearchAction","target":{"@type":"EntryPoint","urlTemplate":"https:\/\/blogdofarnesio.com.br\/?s={search_term_string}"},"query-input":{"@type":"PropertyValueSpecification","valueRequired":true,"valueName":"search_term_string"}}],"inLanguage":"pt-BR"},{"@type":"Organization","@id":"https:\/\/blogdofarnesio.com.br\/#organization","name":"Blog do Farn\u00e9sio","url":"https:\/\/blogdofarnesio.com.br\/","logo":{"@type":"ImageObject","inLanguage":"pt-BR","@id":"https:\/\/blogdofarnesio.com.br\/#\/schema\/logo\/image\/","url":"https:\/\/blogdofarnesio.com.br\/wp-content\/uploads\/2026\/03\/cropped-logo_new-1.png","contentUrl":"https:\/\/blogdofarnesio.com.br\/wp-content\/uploads\/2026\/03\/cropped-logo_new-1.png","width":881,"height":685,"caption":"Blog do Farn\u00e9sio"},"image":{"@id":"https:\/\/blogdofarnesio.com.br\/#\/schema\/logo\/image\/"},"sameAs":["https:\/\/www.facebook.com\/BlogQuerSaberPolitica\/"]},{"@type":"Person","@id":"https:\/\/blogdofarnesio.com.br\/#\/schema\/person\/bb9b23ae3ad0609ce8df7b6c9e76824d","name":"Farn\u00e9sio","image":{"@type":"ImageObject","inLanguage":"pt-BR","@id":"https:\/\/secure.gravatar.com\/avatar\/986aa4c61ccdb66f8555bf88fc2a65609d00bcabd4d2d94377a727547345cbca?s=96&d=mm&r=g","url":"https:\/\/secure.gravatar.com\/avatar\/986aa4c61ccdb66f8555bf88fc2a65609d00bcabd4d2d94377a727547345cbca?s=96&d=mm&r=g","contentUrl":"https:\/\/secure.gravatar.com\/avatar\/986aa4c61ccdb66f8555bf88fc2a65609d00bcabd4d2d94377a727547345cbca?s=96&d=mm&r=g","caption":"Farn\u00e9sio"},"description":"Radialista blogueiro, chegou a Petrolina\/Juazeiro em setembro de 1980, Farn\u00e9sio Silva \u00e9 de Arapiraca-Alagoas.","sameAs":["http:\/\/blogdofarnesio.com.br","https:\/\/www.facebook.com\/?ref=tn_tnmn","https:\/\/www.instagram.com\/?utm_source=pwa_homescreen","https:\/\/youtube.com.br\/"],"url":"https:\/\/blogdofarnesio.com.br\/?author=2"}]}},"_links":{"self":[{"href":"https:\/\/blogdofarnesio.com.br\/index.php?rest_route=\/wp\/v2\/posts\/402270","targetHints":{"allow":["GET"]}}],"collection":[{"href":"https:\/\/blogdofarnesio.com.br\/index.php?rest_route=\/wp\/v2\/posts"}],"about":[{"href":"https:\/\/blogdofarnesio.com.br\/index.php?rest_route=\/wp\/v2\/types\/post"}],"author":[{"embeddable":true,"href":"https:\/\/blogdofarnesio.com.br\/index.php?rest_route=\/wp\/v2\/users\/2"}],"replies":[{"embeddable":true,"href":"https:\/\/blogdofarnesio.com.br\/index.php?rest_route=%2Fwp%2Fv2%2Fcomments&post=402270"}],"version-history":[{"count":0,"href":"https:\/\/blogdofarnesio.com.br\/index.php?rest_route=\/wp\/v2\/posts\/402270\/revisions"}],"wp:featuredmedia":[{"embeddable":true,"href":"https:\/\/blogdofarnesio.com.br\/index.php?rest_route=\/wp\/v2\/media\/402271"}],"wp:attachment":[{"href":"https:\/\/blogdofarnesio.com.br\/index.php?rest_route=%2Fwp%2Fv2%2Fmedia&parent=402270"}],"wp:term":[{"taxonomy":"category","embeddable":true,"href":"https:\/\/blogdofarnesio.com.br\/index.php?rest_route=%2Fwp%2Fv2%2Fcategories&post=402270"},{"taxonomy":"post_tag","embeddable":true,"href":"https:\/\/blogdofarnesio.com.br\/index.php?rest_route=%2Fwp%2Fv2%2Ftags&post=402270"}],"curies":[{"name":"wp","href":"https:\/\/api.w.org\/{rel}","templated":true}]}}