{"id":40087,"date":"2013-05-13T07:41:29","date_gmt":"2013-05-13T10:41:29","guid":{"rendered":"http:\/\/www.quersaberpolitica.com.br\/?p=40087"},"modified":"2013-05-13T09:33:42","modified_gmt":"2013-05-13T12:33:42","slug":"pf-retoma-concursos-com-600-vagas-para-escrivao-perito-e-delegado","status":"publish","type":"post","link":"https:\/\/blogdofarnesio.com.br\/2013\/05\/pf-retoma-concursos-com-600-vagas-para-escrivao-perito-e-delegado\/","title":{"rendered":"PF retoma concursos com 600 vagas para escriv\u00e3o, perito e delegado"},"content":{"rendered":"<h2 style=\"text-align: justify\"><a title=\"Link permanente para PF retoma concursos com 600 vagas para escriv\u00e3o, perito e delegado\" href=\"http:\/\/elbagalindo.com\/pf-retoma-concursos-com-600-vagas-para-escrivao-perito-e-delegado\/\" rel=\"bookmark\"><img loading=\"lazy\" decoding=\"async\" class=\"alignleft\" alt=\"\" src=\"http:\/\/elbagalindo.com\/wp-content\/uploads\/2012\/05\/concurso_publico.jpg\" width=\"200\" height=\"135\" \/><\/a><\/h2>\n<div style=\"text-align: justify\">\n<p>Quem aguardava ansioso pela retomada dos concursos da Pol\u00edcia Federal (PF), com oferta de 600 oportunidades, pode respirar aliviado. Os certames para os cargos de escriv\u00e3o (350), perito criminal (100) e delegado (150) foram republicados nesta sexta-feira (10), como informa o CorreioWeb.<\/p>\n<p>Agora, os editais preveem 5% das vagas reservadas a candidatos com defici\u00eancia. A remunera\u00e7\u00e3o varia de R$ 7.514,33 a R$ 14.037,11 para uma jornada de 40 horas de trabalho semanais.<\/p>\n<p>Aspirantes a delegado precisam comprovar n\u00edvel superior em direito. Para concorrer ao cargo de escriv\u00e3o, o candidato deve possuir diploma de gradua\u00e7\u00e3o em qualquer curso reconhecido pelo Minist\u00e9rio da Educa\u00e7\u00e3o (MEC).<\/p>\n<p>A fun\u00e7\u00e3o de perito exige diploma nas \u00e1reas de ci\u00eancias cont\u00e1beis, ci\u00eancias econ\u00f4micas, engenharia el\u00e9trica, engenharia eletr\u00f4nica, engenharia de telecomunica\u00e7\u00f5es, engenharia de redes de comunica\u00e7\u00e3o, ci\u00eancias da computa\u00e7\u00e3o, inform\u00e1tica, an\u00e1lise de sistemas, engenharia da computa\u00e7\u00e3o, engenharia agron\u00f4mica, geologia, engenharia qu\u00edmica, qu\u00edmica industrial, qu\u00edmica, engenharia civil e medicina, entre outros. Todos os candidatos precisam ter carteira de habilita\u00e7\u00e3o na categoria B, no m\u00ednimo.<!--more--><\/p>\n<p>Os interessados poder\u00e3o se inscrever dos dias 17 de maio a 3 de junho, pelo site<a href=\"http:\/\/www.cespe.unb.br\/concursos\/dpf_12_escrivao\/\" target=\"blank\">www.cespe.unb.br\/concursos\/dpf_12_escrivao<\/a>. A taxa de participa\u00e7\u00e3o varia de R$ 125 a R$ 150. Quem j\u00e1 havia se cadastrado entre 18 de junho e 9 de julho do ano passado pode alterar suas prefer\u00eancias \u2013 como cidade de realiza\u00e7\u00e3o das provas e vagas para deficientes \u2013 no mesmo per\u00edodo.<\/p>\n<p>Organizados pelo Centro de Sele\u00e7\u00e3o e de Promo\u00e7\u00e3o de Eventos da Universidade de Bras\u00edlia (Cespe\/UnB), os concursos ser\u00e3o compostos por provas objetivas e avalia\u00e7\u00f5es discursivas, marcadas para 21 de julho, e tamb\u00e9m por exame de aptid\u00e3o f\u00edsica, exame m\u00e9dico e avalia\u00e7\u00e3o psicol\u00f3gica.<\/p>\n<p>Aqueles que concorrem ao posto de delegado tamb\u00e9m passar\u00e3o por prova oral e de t\u00edtulos. Quem pleiteia a fun\u00e7\u00e3o de perito ser\u00e1 avaliado pela experi\u00eancia profissional. Escriv\u00e3es ter\u00e3o prova pr\u00e1tica de digita\u00e7\u00e3o. Aprovados em todas as etapas ainda ser\u00e3o submetidos ao curso de forma\u00e7\u00e3o profissional, que ser\u00e1 ministrado pela Academia Nacional de Pol\u00edcia em Bras\u00edlia\/DF.<br \/>\n<strong><br \/>\nEntenda o caso<\/strong><\/p>\n<p>Os tr\u00eas concursos \u2013 para delegado, escriv\u00e3o e perito \u2013 foram suspensos em julho de 2012 por decis\u00e3o do Supremo Tribunal Federal (STF) por n\u00e3o destinar vagas \u00e0s pessoas com defici\u00eancia. Na decis\u00e3o, a corte determinou que houvesse a reserva de oportunidades para os portadores de necessidades especiais nos cargos policiais e que os candidatos fossem submetidos a todos os testes, avalia\u00e7\u00f5es e exames em igualdade de condi\u00e7\u00f5es com os demais concorrentes do concurso.<\/p>\n<\/div>\n","protected":false},"excerpt":{"rendered":"<p>Quem aguardava ansioso pela retomada dos concursos da Pol\u00edcia Federal (PF), com oferta de 600 oportunidades, pode respirar aliviado. Os certames para os cargos de escriv\u00e3o (350), perito criminal (100) e delegado (150) foram republicados nesta sexta-feira (10), como informa o CorreioWeb. Agora, os editais preveem 5% das vagas reservadas a candidatos com defici\u00eancia. A remunera\u00e7\u00e3o varia de R$ 7.514,33 a R$ 14.037,11 para uma jornada de 40 horas de trabalho semanais. Aspirantes a delegado precisam comprovar n\u00edvel superior em direito. Para concorrer ao cargo de escriv\u00e3o, o candidato deve possuir diploma de gradua\u00e7\u00e3o em qualquer curso reconhecido pelo Minist\u00e9rio da Educa\u00e7\u00e3o (MEC). A fun\u00e7\u00e3o de perito exige diploma nas \u00e1reas de ci\u00eancias cont\u00e1beis, ci\u00eancias econ\u00f4micas, engenharia el\u00e9trica, engenharia eletr\u00f4nica,&hellip; <\/p>\n","protected":false},"author":3,"featured_media":0,"comment_status":"open","ping_status":"open","sticky":false,"template":"","format":"standard","meta":{"_acf_changed":false,"footnotes":""},"categories":[31],"tags":[],"class_list":["post-40087","post","type-post","status-publish","format-standard","hentry","category-concursos"],"acf":[],"yoast_head":"<!-- This site is optimized with the Yoast SEO plugin v27.5 - https:\/\/yoast.com\/product\/yoast-seo-wordpress\/ -->\n<title>PF retoma concursos com 600 vagas para escriv\u00e3o, perito e delegado - Blog do Farn\u00e9sio<\/title>\n<meta name=\"robots\" content=\"index, follow, max-snippet:-1, max-image-preview:large, max-video-preview:-1\" \/>\n<link rel=\"canonical\" href=\"https:\/\/blogdofarnesio.com.br\/2013\/05\/pf-retoma-concursos-com-600-vagas-para-escrivao-perito-e-delegado\/\" \/>\n<meta property=\"og:locale\" content=\"pt_BR\" \/>\n<meta property=\"og:type\" content=\"article\" \/>\n<meta property=\"og:title\" content=\"PF retoma concursos com 600 vagas para escriv\u00e3o, perito e delegado - Blog do Farn\u00e9sio\" \/>\n<meta property=\"og:description\" content=\"Quem aguardava ansioso pela retomada dos concursos da Pol\u00edcia Federal (PF), com oferta de 600 oportunidades, pode respirar aliviado. Os certames para os cargos de escriv\u00e3o (350), perito criminal (100) e delegado (150) foram republicados nesta sexta-feira (10), como informa o CorreioWeb. Agora, os editais preveem 5% das vagas reservadas a candidatos com defici\u00eancia. A remunera\u00e7\u00e3o varia de R$ 7.514,33 a R$ 14.037,11 para uma jornada de 40 horas de trabalho semanais. Aspirantes a delegado precisam comprovar n\u00edvel superior em direito. Para concorrer ao cargo de escriv\u00e3o, o candidato deve possuir diploma de gradua\u00e7\u00e3o em qualquer curso reconhecido pelo Minist\u00e9rio da Educa\u00e7\u00e3o (MEC). A fun\u00e7\u00e3o de perito exige diploma nas \u00e1reas de ci\u00eancias cont\u00e1beis, ci\u00eancias econ\u00f4micas, engenharia el\u00e9trica, engenharia eletr\u00f4nica,&hellip;\" \/>\n<meta property=\"og:url\" content=\"https:\/\/blogdofarnesio.com.br\/2013\/05\/pf-retoma-concursos-com-600-vagas-para-escrivao-perito-e-delegado\/\" \/>\n<meta property=\"og:site_name\" content=\"Blog do Farn\u00e9sio\" \/>\n<meta property=\"article:publisher\" content=\"https:\/\/www.facebook.com\/BlogQuerSaberPolitica\/\" \/>\n<meta property=\"article:published_time\" content=\"2013-05-13T10:41:29+00:00\" \/>\n<meta property=\"article:modified_time\" content=\"2013-05-13T12:33:42+00:00\" \/>\n<meta property=\"og:image\" content=\"http:\/\/elbagalindo.com\/wp-content\/uploads\/2012\/05\/concurso_publico.jpg\" \/>\n<meta name=\"author\" content=\"teste\" \/>\n<meta name=\"twitter:card\" content=\"summary_large_image\" \/>\n<meta name=\"twitter:label1\" content=\"Escrito por\" \/>\n\t<meta name=\"twitter:data1\" content=\"teste\" \/>\n\t<meta name=\"twitter:label2\" content=\"Est. tempo de leitura\" \/>\n\t<meta name=\"twitter:data2\" content=\"2 minutos\" \/>\n<script type=\"application\/ld+json\" class=\"yoast-schema-graph\">{\"@context\":\"https:\\\/\\\/schema.org\",\"@graph\":[{\"@type\":\"Article\",\"@id\":\"https:\\\/\\\/blogdofarnesio.com.br\\\/2013\\\/05\\\/pf-retoma-concursos-com-600-vagas-para-escrivao-perito-e-delegado\\\/#article\",\"isPartOf\":{\"@id\":\"https:\\\/\\\/blogdofarnesio.com.br\\\/2013\\\/05\\\/pf-retoma-concursos-com-600-vagas-para-escrivao-perito-e-delegado\\\/\"},\"author\":{\"name\":\"teste\",\"@id\":\"https:\\\/\\\/blogdofarnesio.com.br\\\/#\\\/schema\\\/person\\\/dd1bf5eba40b687199ba45ca6b97dff9\"},\"headline\":\"PF retoma concursos com 600 vagas para escriv\u00e3o, perito e delegado\",\"datePublished\":\"2013-05-13T10:41:29+00:00\",\"dateModified\":\"2013-05-13T12:33:42+00:00\",\"mainEntityOfPage\":{\"@id\":\"https:\\\/\\\/blogdofarnesio.com.br\\\/2013\\\/05\\\/pf-retoma-concursos-com-600-vagas-para-escrivao-perito-e-delegado\\\/\"},\"wordCount\":465,\"commentCount\":0,\"publisher\":{\"@id\":\"https:\\\/\\\/blogdofarnesio.com.br\\\/#organization\"},\"image\":{\"@id\":\"https:\\\/\\\/blogdofarnesio.com.br\\\/2013\\\/05\\\/pf-retoma-concursos-com-600-vagas-para-escrivao-perito-e-delegado\\\/#primaryimage\"},\"thumbnailUrl\":\"http:\\\/\\\/elbagalindo.com\\\/wp-content\\\/uploads\\\/2012\\\/05\\\/concurso_publico.jpg\",\"articleSection\":[\"Concursos\"],\"inLanguage\":\"pt-BR\",\"potentialAction\":[{\"@type\":\"CommentAction\",\"name\":\"Comment\",\"target\":[\"https:\\\/\\\/blogdofarnesio.com.br\\\/2013\\\/05\\\/pf-retoma-concursos-com-600-vagas-para-escrivao-perito-e-delegado\\\/#respond\"]}]},{\"@type\":\"WebPage\",\"@id\":\"https:\\\/\\\/blogdofarnesio.com.br\\\/2013\\\/05\\\/pf-retoma-concursos-com-600-vagas-para-escrivao-perito-e-delegado\\\/\",\"url\":\"https:\\\/\\\/blogdofarnesio.com.br\\\/2013\\\/05\\\/pf-retoma-concursos-com-600-vagas-para-escrivao-perito-e-delegado\\\/\",\"name\":\"PF retoma concursos com 600 vagas para escriv\u00e3o, perito e delegado - Blog do Farn\u00e9sio\",\"isPartOf\":{\"@id\":\"https:\\\/\\\/blogdofarnesio.com.br\\\/#website\"},\"primaryImageOfPage\":{\"@id\":\"https:\\\/\\\/blogdofarnesio.com.br\\\/2013\\\/05\\\/pf-retoma-concursos-com-600-vagas-para-escrivao-perito-e-delegado\\\/#primaryimage\"},\"image\":{\"@id\":\"https:\\\/\\\/blogdofarnesio.com.br\\\/2013\\\/05\\\/pf-retoma-concursos-com-600-vagas-para-escrivao-perito-e-delegado\\\/#primaryimage\"},\"thumbnailUrl\":\"http:\\\/\\\/elbagalindo.com\\\/wp-content\\\/uploads\\\/2012\\\/05\\\/concurso_publico.jpg\",\"datePublished\":\"2013-05-13T10:41:29+00:00\",\"dateModified\":\"2013-05-13T12:33:42+00:00\",\"breadcrumb\":{\"@id\":\"https:\\\/\\\/blogdofarnesio.com.br\\\/2013\\\/05\\\/pf-retoma-concursos-com-600-vagas-para-escrivao-perito-e-delegado\\\/#breadcrumb\"},\"inLanguage\":\"pt-BR\",\"potentialAction\":[{\"@type\":\"ReadAction\",\"target\":[\"https:\\\/\\\/blogdofarnesio.com.br\\\/2013\\\/05\\\/pf-retoma-concursos-com-600-vagas-para-escrivao-perito-e-delegado\\\/\"]}]},{\"@type\":\"ImageObject\",\"inLanguage\":\"pt-BR\",\"@id\":\"https:\\\/\\\/blogdofarnesio.com.br\\\/2013\\\/05\\\/pf-retoma-concursos-com-600-vagas-para-escrivao-perito-e-delegado\\\/#primaryimage\",\"url\":\"http:\\\/\\\/elbagalindo.com\\\/wp-content\\\/uploads\\\/2012\\\/05\\\/concurso_publico.jpg\",\"contentUrl\":\"http:\\\/\\\/elbagalindo.com\\\/wp-content\\\/uploads\\\/2012\\\/05\\\/concurso_publico.jpg\"},{\"@type\":\"BreadcrumbList\",\"@id\":\"https:\\\/\\\/blogdofarnesio.com.br\\\/2013\\\/05\\\/pf-retoma-concursos-com-600-vagas-para-escrivao-perito-e-delegado\\\/#breadcrumb\",\"itemListElement\":[{\"@type\":\"ListItem\",\"position\":1,\"name\":\"In\u00edcio\",\"item\":\"https:\\\/\\\/blogdofarnesio.com.br\\\/\"},{\"@type\":\"ListItem\",\"position\":2,\"name\":\"PF retoma concursos com 600 vagas para escriv\u00e3o, perito e delegado\"}]},{\"@type\":\"WebSite\",\"@id\":\"https:\\\/\\\/blogdofarnesio.com.br\\\/#website\",\"url\":\"https:\\\/\\\/blogdofarnesio.com.br\\\/\",\"name\":\"Blog do Farn\u00e9sio\",\"description\":\"Quer Saber Pol\u00edtica?\",\"publisher\":{\"@id\":\"https:\\\/\\\/blogdofarnesio.com.br\\\/#organization\"},\"potentialAction\":[{\"@type\":\"SearchAction\",\"target\":{\"@type\":\"EntryPoint\",\"urlTemplate\":\"https:\\\/\\\/blogdofarnesio.com.br\\\/?s={search_term_string}\"},\"query-input\":{\"@type\":\"PropertyValueSpecification\",\"valueRequired\":true,\"valueName\":\"search_term_string\"}}],\"inLanguage\":\"pt-BR\"},{\"@type\":\"Organization\",\"@id\":\"https:\\\/\\\/blogdofarnesio.com.br\\\/#organization\",\"name\":\"Blog do Farn\u00e9sio\",\"url\":\"https:\\\/\\\/blogdofarnesio.com.br\\\/\",\"logo\":{\"@type\":\"ImageObject\",\"inLanguage\":\"pt-BR\",\"@id\":\"https:\\\/\\\/blogdofarnesio.com.br\\\/#\\\/schema\\\/logo\\\/image\\\/\",\"url\":\"https:\\\/\\\/blogdofarnesio.com.br\\\/wp-content\\\/uploads\\\/2026\\\/03\\\/cropped-logo_new-1.png\",\"contentUrl\":\"https:\\\/\\\/blogdofarnesio.com.br\\\/wp-content\\\/uploads\\\/2026\\\/03\\\/cropped-logo_new-1.png\",\"width\":881,\"height\":685,\"caption\":\"Blog do Farn\u00e9sio\"},\"image\":{\"@id\":\"https:\\\/\\\/blogdofarnesio.com.br\\\/#\\\/schema\\\/logo\\\/image\\\/\"},\"sameAs\":[\"https:\\\/\\\/www.facebook.com\\\/BlogQuerSaberPolitica\\\/\"]},{\"@type\":\"Person\",\"@id\":\"https:\\\/\\\/blogdofarnesio.com.br\\\/#\\\/schema\\\/person\\\/dd1bf5eba40b687199ba45ca6b97dff9\",\"name\":\"teste\",\"image\":{\"@type\":\"ImageObject\",\"inLanguage\":\"pt-BR\",\"@id\":\"https:\\\/\\\/secure.gravatar.com\\\/avatar\\\/2172498d4914b51e1d89a0f97957b035ac4938723a5cac208135d389b6972a6d?s=96&d=mm&r=g\",\"url\":\"https:\\\/\\\/secure.gravatar.com\\\/avatar\\\/2172498d4914b51e1d89a0f97957b035ac4938723a5cac208135d389b6972a6d?s=96&d=mm&r=g\",\"contentUrl\":\"https:\\\/\\\/secure.gravatar.com\\\/avatar\\\/2172498d4914b51e1d89a0f97957b035ac4938723a5cac208135d389b6972a6d?s=96&d=mm&r=g\",\"caption\":\"teste\"},\"url\":\"https:\\\/\\\/blogdofarnesio.com.br\\\/author\\\/teste\\\/\"}]}<\/script>\n<!-- \/ Yoast SEO plugin. -->","yoast_head_json":{"title":"PF retoma concursos com 600 vagas para escriv\u00e3o, perito e delegado - Blog do Farn\u00e9sio","robots":{"index":"index","follow":"follow","max-snippet":"max-snippet:-1","max-image-preview":"max-image-preview:large","max-video-preview":"max-video-preview:-1"},"canonical":"https:\/\/blogdofarnesio.com.br\/2013\/05\/pf-retoma-concursos-com-600-vagas-para-escrivao-perito-e-delegado\/","og_locale":"pt_BR","og_type":"article","og_title":"PF retoma concursos com 600 vagas para escriv\u00e3o, perito e delegado - Blog do Farn\u00e9sio","og_description":"Quem aguardava ansioso pela retomada dos concursos da Pol\u00edcia Federal (PF), com oferta de 600 oportunidades, pode respirar aliviado. Os certames para os cargos de escriv\u00e3o (350), perito criminal (100) e delegado (150) foram republicados nesta sexta-feira (10), como informa o CorreioWeb. Agora, os editais preveem 5% das vagas reservadas a candidatos com defici\u00eancia. A remunera\u00e7\u00e3o varia de R$ 7.514,33 a R$ 14.037,11 para uma jornada de 40 horas de trabalho semanais. Aspirantes a delegado precisam comprovar n\u00edvel superior em direito. Para concorrer ao cargo de escriv\u00e3o, o candidato deve possuir diploma de gradua\u00e7\u00e3o em qualquer curso reconhecido pelo Minist\u00e9rio da Educa\u00e7\u00e3o (MEC). A fun\u00e7\u00e3o de perito exige diploma nas \u00e1reas de ci\u00eancias cont\u00e1beis, ci\u00eancias econ\u00f4micas, engenharia el\u00e9trica, engenharia eletr\u00f4nica,&hellip;","og_url":"https:\/\/blogdofarnesio.com.br\/2013\/05\/pf-retoma-concursos-com-600-vagas-para-escrivao-perito-e-delegado\/","og_site_name":"Blog do Farn\u00e9sio","article_publisher":"https:\/\/www.facebook.com\/BlogQuerSaberPolitica\/","article_published_time":"2013-05-13T10:41:29+00:00","article_modified_time":"2013-05-13T12:33:42+00:00","og_image":[{"url":"http:\/\/elbagalindo.com\/wp-content\/uploads\/2012\/05\/concurso_publico.jpg","type":"","width":"","height":""}],"author":"teste","twitter_card":"summary_large_image","twitter_misc":{"Escrito por":"teste","Est. tempo de leitura":"2 minutos"},"schema":{"@context":"https:\/\/schema.org","@graph":[{"@type":"Article","@id":"https:\/\/blogdofarnesio.com.br\/2013\/05\/pf-retoma-concursos-com-600-vagas-para-escrivao-perito-e-delegado\/#article","isPartOf":{"@id":"https:\/\/blogdofarnesio.com.br\/2013\/05\/pf-retoma-concursos-com-600-vagas-para-escrivao-perito-e-delegado\/"},"author":{"name":"teste","@id":"https:\/\/blogdofarnesio.com.br\/#\/schema\/person\/dd1bf5eba40b687199ba45ca6b97dff9"},"headline":"PF retoma concursos com 600 vagas para escriv\u00e3o, perito e delegado","datePublished":"2013-05-13T10:41:29+00:00","dateModified":"2013-05-13T12:33:42+00:00","mainEntityOfPage":{"@id":"https:\/\/blogdofarnesio.com.br\/2013\/05\/pf-retoma-concursos-com-600-vagas-para-escrivao-perito-e-delegado\/"},"wordCount":465,"commentCount":0,"publisher":{"@id":"https:\/\/blogdofarnesio.com.br\/#organization"},"image":{"@id":"https:\/\/blogdofarnesio.com.br\/2013\/05\/pf-retoma-concursos-com-600-vagas-para-escrivao-perito-e-delegado\/#primaryimage"},"thumbnailUrl":"http:\/\/elbagalindo.com\/wp-content\/uploads\/2012\/05\/concurso_publico.jpg","articleSection":["Concursos"],"inLanguage":"pt-BR","potentialAction":[{"@type":"CommentAction","name":"Comment","target":["https:\/\/blogdofarnesio.com.br\/2013\/05\/pf-retoma-concursos-com-600-vagas-para-escrivao-perito-e-delegado\/#respond"]}]},{"@type":"WebPage","@id":"https:\/\/blogdofarnesio.com.br\/2013\/05\/pf-retoma-concursos-com-600-vagas-para-escrivao-perito-e-delegado\/","url":"https:\/\/blogdofarnesio.com.br\/2013\/05\/pf-retoma-concursos-com-600-vagas-para-escrivao-perito-e-delegado\/","name":"PF retoma concursos com 600 vagas para escriv\u00e3o, perito e delegado - Blog do Farn\u00e9sio","isPartOf":{"@id":"https:\/\/blogdofarnesio.com.br\/#website"},"primaryImageOfPage":{"@id":"https:\/\/blogdofarnesio.com.br\/2013\/05\/pf-retoma-concursos-com-600-vagas-para-escrivao-perito-e-delegado\/#primaryimage"},"image":{"@id":"https:\/\/blogdofarnesio.com.br\/2013\/05\/pf-retoma-concursos-com-600-vagas-para-escrivao-perito-e-delegado\/#primaryimage"},"thumbnailUrl":"http:\/\/elbagalindo.com\/wp-content\/uploads\/2012\/05\/concurso_publico.jpg","datePublished":"2013-05-13T10:41:29+00:00","dateModified":"2013-05-13T12:33:42+00:00","breadcrumb":{"@id":"https:\/\/blogdofarnesio.com.br\/2013\/05\/pf-retoma-concursos-com-600-vagas-para-escrivao-perito-e-delegado\/#breadcrumb"},"inLanguage":"pt-BR","potentialAction":[{"@type":"ReadAction","target":["https:\/\/blogdofarnesio.com.br\/2013\/05\/pf-retoma-concursos-com-600-vagas-para-escrivao-perito-e-delegado\/"]}]},{"@type":"ImageObject","inLanguage":"pt-BR","@id":"https:\/\/blogdofarnesio.com.br\/2013\/05\/pf-retoma-concursos-com-600-vagas-para-escrivao-perito-e-delegado\/#primaryimage","url":"http:\/\/elbagalindo.com\/wp-content\/uploads\/2012\/05\/concurso_publico.jpg","contentUrl":"http:\/\/elbagalindo.com\/wp-content\/uploads\/2012\/05\/concurso_publico.jpg"},{"@type":"BreadcrumbList","@id":"https:\/\/blogdofarnesio.com.br\/2013\/05\/pf-retoma-concursos-com-600-vagas-para-escrivao-perito-e-delegado\/#breadcrumb","itemListElement":[{"@type":"ListItem","position":1,"name":"In\u00edcio","item":"https:\/\/blogdofarnesio.com.br\/"},{"@type":"ListItem","position":2,"name":"PF retoma concursos com 600 vagas para escriv\u00e3o, perito e delegado"}]},{"@type":"WebSite","@id":"https:\/\/blogdofarnesio.com.br\/#website","url":"https:\/\/blogdofarnesio.com.br\/","name":"Blog do Farn\u00e9sio","description":"Quer Saber Pol\u00edtica?","publisher":{"@id":"https:\/\/blogdofarnesio.com.br\/#organization"},"potentialAction":[{"@type":"SearchAction","target":{"@type":"EntryPoint","urlTemplate":"https:\/\/blogdofarnesio.com.br\/?s={search_term_string}"},"query-input":{"@type":"PropertyValueSpecification","valueRequired":true,"valueName":"search_term_string"}}],"inLanguage":"pt-BR"},{"@type":"Organization","@id":"https:\/\/blogdofarnesio.com.br\/#organization","name":"Blog do Farn\u00e9sio","url":"https:\/\/blogdofarnesio.com.br\/","logo":{"@type":"ImageObject","inLanguage":"pt-BR","@id":"https:\/\/blogdofarnesio.com.br\/#\/schema\/logo\/image\/","url":"https:\/\/blogdofarnesio.com.br\/wp-content\/uploads\/2026\/03\/cropped-logo_new-1.png","contentUrl":"https:\/\/blogdofarnesio.com.br\/wp-content\/uploads\/2026\/03\/cropped-logo_new-1.png","width":881,"height":685,"caption":"Blog do Farn\u00e9sio"},"image":{"@id":"https:\/\/blogdofarnesio.com.br\/#\/schema\/logo\/image\/"},"sameAs":["https:\/\/www.facebook.com\/BlogQuerSaberPolitica\/"]},{"@type":"Person","@id":"https:\/\/blogdofarnesio.com.br\/#\/schema\/person\/dd1bf5eba40b687199ba45ca6b97dff9","name":"teste","image":{"@type":"ImageObject","inLanguage":"pt-BR","@id":"https:\/\/secure.gravatar.com\/avatar\/2172498d4914b51e1d89a0f97957b035ac4938723a5cac208135d389b6972a6d?s=96&d=mm&r=g","url":"https:\/\/secure.gravatar.com\/avatar\/2172498d4914b51e1d89a0f97957b035ac4938723a5cac208135d389b6972a6d?s=96&d=mm&r=g","contentUrl":"https:\/\/secure.gravatar.com\/avatar\/2172498d4914b51e1d89a0f97957b035ac4938723a5cac208135d389b6972a6d?s=96&d=mm&r=g","caption":"teste"},"url":"https:\/\/blogdofarnesio.com.br\/author\/teste\/"}]}},"_links":{"self":[{"href":"https:\/\/blogdofarnesio.com.br\/wp-json\/wp\/v2\/posts\/40087","targetHints":{"allow":["GET"]}}],"collection":[{"href":"https:\/\/blogdofarnesio.com.br\/wp-json\/wp\/v2\/posts"}],"about":[{"href":"https:\/\/blogdofarnesio.com.br\/wp-json\/wp\/v2\/types\/post"}],"author":[{"embeddable":true,"href":"https:\/\/blogdofarnesio.com.br\/wp-json\/wp\/v2\/users\/3"}],"replies":[{"embeddable":true,"href":"https:\/\/blogdofarnesio.com.br\/wp-json\/wp\/v2\/comments?post=40087"}],"version-history":[{"count":0,"href":"https:\/\/blogdofarnesio.com.br\/wp-json\/wp\/v2\/posts\/40087\/revisions"}],"wp:attachment":[{"href":"https:\/\/blogdofarnesio.com.br\/wp-json\/wp\/v2\/media?parent=40087"}],"wp:term":[{"taxonomy":"category","embeddable":true,"href":"https:\/\/blogdofarnesio.com.br\/wp-json\/wp\/v2\/categories?post=40087"},{"taxonomy":"post_tag","embeddable":true,"href":"https:\/\/blogdofarnesio.com.br\/wp-json\/wp\/v2\/tags?post=40087"}],"curies":[{"name":"wp","href":"https:\/\/api.w.org\/{rel}","templated":true}]}}