{"id":40044,"date":"2013-05-13T07:22:56","date_gmt":"2013-05-13T10:22:56","guid":{"rendered":"http:\/\/www.quersaberpolitica.com.br\/?p=40044"},"modified":"2013-05-12T20:22:41","modified_gmt":"2013-05-12T23:22:41","slug":"manoel-da-acosap-confirma-apoio-a-chico-para-presidencia-do-sindicato-dos-trabalhadores-rurais-de-petrolina","status":"publish","type":"post","link":"https:\/\/blogdofarnesio.com.br\/?p=40044","title":{"rendered":"MANOEL DA ACOSAP CONFIRMA APOIO A CHIC\u00d4 \u00c0 PRESID\u00caNCIA DO SINDICATO RURAL DE PETROLINA"},"content":{"rendered":"<p style=\"text-align: justify\"><a href=\"http:\/\/www.quersaberpolitica.com.br\/2016\/wp-content\/uploads\/2013\/05\/blogqspmanoelacosap.jpg\"><img loading=\"lazy\" decoding=\"async\" class=\"alignleft size-medium wp-image-38537\" alt=\"blogqspmanoelacosap\" src=\"http:\/\/www.quersaberpolitica.com.br\/2016\/wp-content\/uploads\/2013\/05\/blogqspmanoelacosap-300x168.jpg\" width=\"300\" height=\"168\" srcset=\"https:\/\/blogdofarnesio.com.br\/wp-content\/uploads\/2013\/05\/blogqspmanoelacosap-300x168.jpg 300w, https:\/\/blogdofarnesio.com.br\/wp-content\/uploads\/2013\/05\/blogqspmanoelacosap.jpg 400w\" sizes=\"auto, (max-width: 300px) 100vw, 300px\" \/><\/a>O vereador e presidente da Associa\u00e7\u00e3o dos Agentes Comunit\u00e1rio de Sa\u00fade de Petrolina (Acosap), Manoel da Acosap comentou sobre as elei\u00e7\u00f5es do Sindicato dos Trabalhadores Rurais de Petrolina (STR \u2013 Petrolina).<\/p>\n<p style=\"text-align: justify\">Segundo o parlamentar, o processo eleitoral no STR de Petrolina \u00e9 muito importante por se tratar do maior sindicato do estado na \u00e1rea agr\u00edcola. \u201c\u00c9 importante que os trabalhadores, tanto da \u00e1rea irrigada como da \u00e1rea de sequeiro, possam eleger uma diretoria que tem compromisso com o trabalhador\u201d, comentou Manoel.<\/p>\n<p style=\"text-align: justify\">Para o presidente da Acosap, o candidato que tem preparo, experi\u00eancia e servi\u00e7os prestados \u00e0 categoria \u00e9 o candidato da Chapa 2, Chic\u00f4 (Francisco Pascoal).<!--more--><\/p>\n<p style=\"text-align: justify\">\u201cA experi\u00eancia que ele j\u00e1 tem, o conv\u00edvio com o meio rural. Eu sou testemunha das visitas que ele faz no munic\u00edpio, ele percorre a cidade, seja nas \u00e1reas de agricultura familiar, nos assentamentos, nas fazendas, na \u00e1rea de sequeiro onde tem o agricultor sofrido. Ele tem esse conv\u00edvio di\u00e1rio com as pessoas do campo, ent\u00e3o nada mais justo do ele receber o reconhecimento dessas pessoas. Reconhecer o trabalho dele e dos demais companheiros que pertencem a chapa dele\u201d, afirmou o parlamentar.<\/p>\n<p style=\"text-align: justify\">Texto: Assessoria de Comunica\u00e7\u00e3o da Chapa 2<\/p>\n<p style=\"text-align: justify\">\n","protected":false},"excerpt":{"rendered":"<p>O vereador e presidente da Associa\u00e7\u00e3o dos Agentes Comunit\u00e1rio de Sa\u00fade de Petrolina (Acosap), Manoel da Acosap comentou sobre as elei\u00e7\u00f5es do Sindicato dos Trabalhadores Rurais de Petrolina (STR \u2013 Petrolina). Segundo o parlamentar, o processo eleitoral no STR de Petrolina \u00e9 muito importante por se tratar do maior sindicato do estado na \u00e1rea agr\u00edcola. \u201c\u00c9 importante que os trabalhadores, tanto da \u00e1rea irrigada como da \u00e1rea de sequeiro, possam eleger uma diretoria que tem compromisso com o trabalhador\u201d, comentou Manoel. Para o presidente da Acosap, o candidato que tem preparo, experi\u00eancia e servi\u00e7os prestados \u00e0 categoria \u00e9 o candidato da Chapa 2, Chic\u00f4 (Francisco Pascoal).<\/p>\n","protected":false},"author":3,"featured_media":0,"comment_status":"open","ping_status":"open","sticky":false,"template":"","format":"standard","meta":{"_acf_changed":false,"footnotes":""},"categories":[26,1],"tags":[],"class_list":["post-40044","post","type-post","status-publish","format-standard","hentry","category-agricultura","category-politica"],"acf":[],"yoast_head":"<!-- This site is optimized with the Yoast SEO plugin v27.4 - https:\/\/yoast.com\/product\/yoast-seo-wordpress\/ -->\n<title>MANOEL DA ACOSAP CONFIRMA APOIO A CHIC\u00d4 \u00c0 PRESID\u00caNCIA DO SINDICATO RURAL DE PETROLINA - Blog do Farn\u00e9sio<\/title>\n<meta name=\"robots\" content=\"index, follow, max-snippet:-1, max-image-preview:large, max-video-preview:-1\" \/>\n<link rel=\"canonical\" href=\"https:\/\/blogdofarnesio.com.br\/?p=40044\" \/>\n<meta property=\"og:locale\" content=\"pt_BR\" \/>\n<meta property=\"og:type\" content=\"article\" \/>\n<meta property=\"og:title\" content=\"MANOEL DA ACOSAP CONFIRMA APOIO A CHIC\u00d4 \u00c0 PRESID\u00caNCIA DO SINDICATO RURAL DE PETROLINA - Blog do Farn\u00e9sio\" \/>\n<meta property=\"og:description\" content=\"O vereador e presidente da Associa\u00e7\u00e3o dos Agentes Comunit\u00e1rio de Sa\u00fade de Petrolina (Acosap), Manoel da Acosap comentou sobre as elei\u00e7\u00f5es do Sindicato dos Trabalhadores Rurais de Petrolina (STR \u2013 Petrolina). Segundo o parlamentar, o processo eleitoral no STR de Petrolina \u00e9 muito importante por se tratar do maior sindicato do estado na \u00e1rea agr\u00edcola. \u201c\u00c9 importante que os trabalhadores, tanto da \u00e1rea irrigada como da \u00e1rea de sequeiro, possam eleger uma diretoria que tem compromisso com o trabalhador\u201d, comentou Manoel. Para o presidente da Acosap, o candidato que tem preparo, experi\u00eancia e servi\u00e7os prestados \u00e0 categoria \u00e9 o candidato da Chapa 2, Chic\u00f4 (Francisco Pascoal).\" \/>\n<meta property=\"og:url\" content=\"https:\/\/blogdofarnesio.com.br\/?p=40044\" \/>\n<meta property=\"og:site_name\" content=\"Blog do Farn\u00e9sio\" \/>\n<meta property=\"article:publisher\" content=\"https:\/\/www.facebook.com\/BlogQuerSaberPolitica\/\" \/>\n<meta property=\"article:published_time\" content=\"2013-05-13T10:22:56+00:00\" \/>\n<meta property=\"og:image\" content=\"http:\/\/www.quersaberpolitica.com.br\/2016\/wp-content\/uploads\/2013\/05\/blogqspmanoelacosap-300x168.jpg\" \/>\n<meta name=\"author\" content=\"teste\" \/>\n<meta name=\"twitter:card\" content=\"summary_large_image\" \/>\n<meta name=\"twitter:label1\" content=\"Escrito por\" \/>\n\t<meta name=\"twitter:data1\" content=\"teste\" \/>\n\t<meta name=\"twitter:label2\" content=\"Est. tempo de leitura\" \/>\n\t<meta name=\"twitter:data2\" content=\"1 minuto\" \/>\n<script type=\"application\/ld+json\" class=\"yoast-schema-graph\">{\"@context\":\"https:\\\/\\\/schema.org\",\"@graph\":[{\"@type\":\"Article\",\"@id\":\"https:\\\/\\\/blogdofarnesio.com.br\\\/?p=40044#article\",\"isPartOf\":{\"@id\":\"https:\\\/\\\/blogdofarnesio.com.br\\\/?p=40044\"},\"author\":{\"name\":\"teste\",\"@id\":\"https:\\\/\\\/blogdofarnesio.com.br\\\/#\\\/schema\\\/person\\\/dd1bf5eba40b687199ba45ca6b97dff9\"},\"headline\":\"MANOEL DA ACOSAP CONFIRMA APOIO A CHIC\u00d4 \u00c0 PRESID\u00caNCIA DO SINDICATO RURAL DE PETROLINA\",\"datePublished\":\"2013-05-13T10:22:56+00:00\",\"mainEntityOfPage\":{\"@id\":\"https:\\\/\\\/blogdofarnesio.com.br\\\/?p=40044\"},\"wordCount\":216,\"commentCount\":0,\"publisher\":{\"@id\":\"https:\\\/\\\/blogdofarnesio.com.br\\\/#organization\"},\"image\":{\"@id\":\"https:\\\/\\\/blogdofarnesio.com.br\\\/?p=40044#primaryimage\"},\"thumbnailUrl\":\"http:\\\/\\\/www.quersaberpolitica.com.br\\\/2016\\\/wp-content\\\/uploads\\\/2013\\\/05\\\/blogqspmanoelacosap-300x168.jpg\",\"articleSection\":[\"Agricultura\",\"Pol\u00edtica\"],\"inLanguage\":\"pt-BR\",\"potentialAction\":[{\"@type\":\"CommentAction\",\"name\":\"Comment\",\"target\":[\"https:\\\/\\\/blogdofarnesio.com.br\\\/?p=40044#respond\"]}]},{\"@type\":\"WebPage\",\"@id\":\"https:\\\/\\\/blogdofarnesio.com.br\\\/?p=40044\",\"url\":\"https:\\\/\\\/blogdofarnesio.com.br\\\/?p=40044\",\"name\":\"MANOEL DA ACOSAP CONFIRMA APOIO A CHIC\u00d4 \u00c0 PRESID\u00caNCIA DO SINDICATO RURAL DE PETROLINA - Blog do Farn\u00e9sio\",\"isPartOf\":{\"@id\":\"https:\\\/\\\/blogdofarnesio.com.br\\\/#website\"},\"primaryImageOfPage\":{\"@id\":\"https:\\\/\\\/blogdofarnesio.com.br\\\/?p=40044#primaryimage\"},\"image\":{\"@id\":\"https:\\\/\\\/blogdofarnesio.com.br\\\/?p=40044#primaryimage\"},\"thumbnailUrl\":\"http:\\\/\\\/www.quersaberpolitica.com.br\\\/2016\\\/wp-content\\\/uploads\\\/2013\\\/05\\\/blogqspmanoelacosap-300x168.jpg\",\"datePublished\":\"2013-05-13T10:22:56+00:00\",\"breadcrumb\":{\"@id\":\"https:\\\/\\\/blogdofarnesio.com.br\\\/?p=40044#breadcrumb\"},\"inLanguage\":\"pt-BR\",\"potentialAction\":[{\"@type\":\"ReadAction\",\"target\":[\"https:\\\/\\\/blogdofarnesio.com.br\\\/?p=40044\"]}]},{\"@type\":\"ImageObject\",\"inLanguage\":\"pt-BR\",\"@id\":\"https:\\\/\\\/blogdofarnesio.com.br\\\/?p=40044#primaryimage\",\"url\":\"http:\\\/\\\/www.quersaberpolitica.com.br\\\/2016\\\/wp-content\\\/uploads\\\/2013\\\/05\\\/blogqspmanoelacosap-300x168.jpg\",\"contentUrl\":\"http:\\\/\\\/www.quersaberpolitica.com.br\\\/2016\\\/wp-content\\\/uploads\\\/2013\\\/05\\\/blogqspmanoelacosap-300x168.jpg\"},{\"@type\":\"BreadcrumbList\",\"@id\":\"https:\\\/\\\/blogdofarnesio.com.br\\\/?p=40044#breadcrumb\",\"itemListElement\":[{\"@type\":\"ListItem\",\"position\":1,\"name\":\"In\u00edcio\",\"item\":\"https:\\\/\\\/blogdofarnesio.com.br\\\/\"},{\"@type\":\"ListItem\",\"position\":2,\"name\":\"MANOEL DA ACOSAP CONFIRMA APOIO A CHIC\u00d4 \u00c0 PRESID\u00caNCIA DO SINDICATO RURAL DE PETROLINA\"}]},{\"@type\":\"WebSite\",\"@id\":\"https:\\\/\\\/blogdofarnesio.com.br\\\/#website\",\"url\":\"https:\\\/\\\/blogdofarnesio.com.br\\\/\",\"name\":\"Blog do Farn\u00e9sio\",\"description\":\"Quer Saber Pol\u00edtica?\",\"publisher\":{\"@id\":\"https:\\\/\\\/blogdofarnesio.com.br\\\/#organization\"},\"potentialAction\":[{\"@type\":\"SearchAction\",\"target\":{\"@type\":\"EntryPoint\",\"urlTemplate\":\"https:\\\/\\\/blogdofarnesio.com.br\\\/?s={search_term_string}\"},\"query-input\":{\"@type\":\"PropertyValueSpecification\",\"valueRequired\":true,\"valueName\":\"search_term_string\"}}],\"inLanguage\":\"pt-BR\"},{\"@type\":\"Organization\",\"@id\":\"https:\\\/\\\/blogdofarnesio.com.br\\\/#organization\",\"name\":\"Blog do Farn\u00e9sio\",\"url\":\"https:\\\/\\\/blogdofarnesio.com.br\\\/\",\"logo\":{\"@type\":\"ImageObject\",\"inLanguage\":\"pt-BR\",\"@id\":\"https:\\\/\\\/blogdofarnesio.com.br\\\/#\\\/schema\\\/logo\\\/image\\\/\",\"url\":\"https:\\\/\\\/blogdofarnesio.com.br\\\/wp-content\\\/uploads\\\/2026\\\/03\\\/cropped-logo_new-1.png\",\"contentUrl\":\"https:\\\/\\\/blogdofarnesio.com.br\\\/wp-content\\\/uploads\\\/2026\\\/03\\\/cropped-logo_new-1.png\",\"width\":881,\"height\":685,\"caption\":\"Blog do Farn\u00e9sio\"},\"image\":{\"@id\":\"https:\\\/\\\/blogdofarnesio.com.br\\\/#\\\/schema\\\/logo\\\/image\\\/\"},\"sameAs\":[\"https:\\\/\\\/www.facebook.com\\\/BlogQuerSaberPolitica\\\/\"]},{\"@type\":\"Person\",\"@id\":\"https:\\\/\\\/blogdofarnesio.com.br\\\/#\\\/schema\\\/person\\\/dd1bf5eba40b687199ba45ca6b97dff9\",\"name\":\"teste\",\"image\":{\"@type\":\"ImageObject\",\"inLanguage\":\"pt-BR\",\"@id\":\"https:\\\/\\\/secure.gravatar.com\\\/avatar\\\/2172498d4914b51e1d89a0f97957b035ac4938723a5cac208135d389b6972a6d?s=96&d=mm&r=g\",\"url\":\"https:\\\/\\\/secure.gravatar.com\\\/avatar\\\/2172498d4914b51e1d89a0f97957b035ac4938723a5cac208135d389b6972a6d?s=96&d=mm&r=g\",\"contentUrl\":\"https:\\\/\\\/secure.gravatar.com\\\/avatar\\\/2172498d4914b51e1d89a0f97957b035ac4938723a5cac208135d389b6972a6d?s=96&d=mm&r=g\",\"caption\":\"teste\"},\"url\":\"https:\\\/\\\/blogdofarnesio.com.br\\\/?author=3\"}]}<\/script>\n<!-- \/ Yoast SEO plugin. -->","yoast_head_json":{"title":"MANOEL DA ACOSAP CONFIRMA APOIO A CHIC\u00d4 \u00c0 PRESID\u00caNCIA DO SINDICATO RURAL DE PETROLINA - Blog do Farn\u00e9sio","robots":{"index":"index","follow":"follow","max-snippet":"max-snippet:-1","max-image-preview":"max-image-preview:large","max-video-preview":"max-video-preview:-1"},"canonical":"https:\/\/blogdofarnesio.com.br\/?p=40044","og_locale":"pt_BR","og_type":"article","og_title":"MANOEL DA ACOSAP CONFIRMA APOIO A CHIC\u00d4 \u00c0 PRESID\u00caNCIA DO SINDICATO RURAL DE PETROLINA - Blog do Farn\u00e9sio","og_description":"O vereador e presidente da Associa\u00e7\u00e3o dos Agentes Comunit\u00e1rio de Sa\u00fade de Petrolina (Acosap), Manoel da Acosap comentou sobre as elei\u00e7\u00f5es do Sindicato dos Trabalhadores Rurais de Petrolina (STR \u2013 Petrolina). Segundo o parlamentar, o processo eleitoral no STR de Petrolina \u00e9 muito importante por se tratar do maior sindicato do estado na \u00e1rea agr\u00edcola. \u201c\u00c9 importante que os trabalhadores, tanto da \u00e1rea irrigada como da \u00e1rea de sequeiro, possam eleger uma diretoria que tem compromisso com o trabalhador\u201d, comentou Manoel. Para o presidente da Acosap, o candidato que tem preparo, experi\u00eancia e servi\u00e7os prestados \u00e0 categoria \u00e9 o candidato da Chapa 2, Chic\u00f4 (Francisco Pascoal).","og_url":"https:\/\/blogdofarnesio.com.br\/?p=40044","og_site_name":"Blog do Farn\u00e9sio","article_publisher":"https:\/\/www.facebook.com\/BlogQuerSaberPolitica\/","article_published_time":"2013-05-13T10:22:56+00:00","og_image":[{"url":"http:\/\/www.quersaberpolitica.com.br\/2016\/wp-content\/uploads\/2013\/05\/blogqspmanoelacosap-300x168.jpg","type":"","width":"","height":""}],"author":"teste","twitter_card":"summary_large_image","twitter_misc":{"Escrito por":"teste","Est. tempo de leitura":"1 minuto"},"schema":{"@context":"https:\/\/schema.org","@graph":[{"@type":"Article","@id":"https:\/\/blogdofarnesio.com.br\/?p=40044#article","isPartOf":{"@id":"https:\/\/blogdofarnesio.com.br\/?p=40044"},"author":{"name":"teste","@id":"https:\/\/blogdofarnesio.com.br\/#\/schema\/person\/dd1bf5eba40b687199ba45ca6b97dff9"},"headline":"MANOEL DA ACOSAP CONFIRMA APOIO A CHIC\u00d4 \u00c0 PRESID\u00caNCIA DO SINDICATO RURAL DE PETROLINA","datePublished":"2013-05-13T10:22:56+00:00","mainEntityOfPage":{"@id":"https:\/\/blogdofarnesio.com.br\/?p=40044"},"wordCount":216,"commentCount":0,"publisher":{"@id":"https:\/\/blogdofarnesio.com.br\/#organization"},"image":{"@id":"https:\/\/blogdofarnesio.com.br\/?p=40044#primaryimage"},"thumbnailUrl":"http:\/\/www.quersaberpolitica.com.br\/2016\/wp-content\/uploads\/2013\/05\/blogqspmanoelacosap-300x168.jpg","articleSection":["Agricultura","Pol\u00edtica"],"inLanguage":"pt-BR","potentialAction":[{"@type":"CommentAction","name":"Comment","target":["https:\/\/blogdofarnesio.com.br\/?p=40044#respond"]}]},{"@type":"WebPage","@id":"https:\/\/blogdofarnesio.com.br\/?p=40044","url":"https:\/\/blogdofarnesio.com.br\/?p=40044","name":"MANOEL DA ACOSAP CONFIRMA APOIO A CHIC\u00d4 \u00c0 PRESID\u00caNCIA DO SINDICATO RURAL DE PETROLINA - Blog do Farn\u00e9sio","isPartOf":{"@id":"https:\/\/blogdofarnesio.com.br\/#website"},"primaryImageOfPage":{"@id":"https:\/\/blogdofarnesio.com.br\/?p=40044#primaryimage"},"image":{"@id":"https:\/\/blogdofarnesio.com.br\/?p=40044#primaryimage"},"thumbnailUrl":"http:\/\/www.quersaberpolitica.com.br\/2016\/wp-content\/uploads\/2013\/05\/blogqspmanoelacosap-300x168.jpg","datePublished":"2013-05-13T10:22:56+00:00","breadcrumb":{"@id":"https:\/\/blogdofarnesio.com.br\/?p=40044#breadcrumb"},"inLanguage":"pt-BR","potentialAction":[{"@type":"ReadAction","target":["https:\/\/blogdofarnesio.com.br\/?p=40044"]}]},{"@type":"ImageObject","inLanguage":"pt-BR","@id":"https:\/\/blogdofarnesio.com.br\/?p=40044#primaryimage","url":"http:\/\/www.quersaberpolitica.com.br\/2016\/wp-content\/uploads\/2013\/05\/blogqspmanoelacosap-300x168.jpg","contentUrl":"http:\/\/www.quersaberpolitica.com.br\/2016\/wp-content\/uploads\/2013\/05\/blogqspmanoelacosap-300x168.jpg"},{"@type":"BreadcrumbList","@id":"https:\/\/blogdofarnesio.com.br\/?p=40044#breadcrumb","itemListElement":[{"@type":"ListItem","position":1,"name":"In\u00edcio","item":"https:\/\/blogdofarnesio.com.br\/"},{"@type":"ListItem","position":2,"name":"MANOEL DA ACOSAP CONFIRMA APOIO A CHIC\u00d4 \u00c0 PRESID\u00caNCIA DO SINDICATO RURAL DE PETROLINA"}]},{"@type":"WebSite","@id":"https:\/\/blogdofarnesio.com.br\/#website","url":"https:\/\/blogdofarnesio.com.br\/","name":"Blog do Farn\u00e9sio","description":"Quer Saber Pol\u00edtica?","publisher":{"@id":"https:\/\/blogdofarnesio.com.br\/#organization"},"potentialAction":[{"@type":"SearchAction","target":{"@type":"EntryPoint","urlTemplate":"https:\/\/blogdofarnesio.com.br\/?s={search_term_string}"},"query-input":{"@type":"PropertyValueSpecification","valueRequired":true,"valueName":"search_term_string"}}],"inLanguage":"pt-BR"},{"@type":"Organization","@id":"https:\/\/blogdofarnesio.com.br\/#organization","name":"Blog do Farn\u00e9sio","url":"https:\/\/blogdofarnesio.com.br\/","logo":{"@type":"ImageObject","inLanguage":"pt-BR","@id":"https:\/\/blogdofarnesio.com.br\/#\/schema\/logo\/image\/","url":"https:\/\/blogdofarnesio.com.br\/wp-content\/uploads\/2026\/03\/cropped-logo_new-1.png","contentUrl":"https:\/\/blogdofarnesio.com.br\/wp-content\/uploads\/2026\/03\/cropped-logo_new-1.png","width":881,"height":685,"caption":"Blog do Farn\u00e9sio"},"image":{"@id":"https:\/\/blogdofarnesio.com.br\/#\/schema\/logo\/image\/"},"sameAs":["https:\/\/www.facebook.com\/BlogQuerSaberPolitica\/"]},{"@type":"Person","@id":"https:\/\/blogdofarnesio.com.br\/#\/schema\/person\/dd1bf5eba40b687199ba45ca6b97dff9","name":"teste","image":{"@type":"ImageObject","inLanguage":"pt-BR","@id":"https:\/\/secure.gravatar.com\/avatar\/2172498d4914b51e1d89a0f97957b035ac4938723a5cac208135d389b6972a6d?s=96&d=mm&r=g","url":"https:\/\/secure.gravatar.com\/avatar\/2172498d4914b51e1d89a0f97957b035ac4938723a5cac208135d389b6972a6d?s=96&d=mm&r=g","contentUrl":"https:\/\/secure.gravatar.com\/avatar\/2172498d4914b51e1d89a0f97957b035ac4938723a5cac208135d389b6972a6d?s=96&d=mm&r=g","caption":"teste"},"url":"https:\/\/blogdofarnesio.com.br\/?author=3"}]}},"_links":{"self":[{"href":"https:\/\/blogdofarnesio.com.br\/index.php?rest_route=\/wp\/v2\/posts\/40044","targetHints":{"allow":["GET"]}}],"collection":[{"href":"https:\/\/blogdofarnesio.com.br\/index.php?rest_route=\/wp\/v2\/posts"}],"about":[{"href":"https:\/\/blogdofarnesio.com.br\/index.php?rest_route=\/wp\/v2\/types\/post"}],"author":[{"embeddable":true,"href":"https:\/\/blogdofarnesio.com.br\/index.php?rest_route=\/wp\/v2\/users\/3"}],"replies":[{"embeddable":true,"href":"https:\/\/blogdofarnesio.com.br\/index.php?rest_route=%2Fwp%2Fv2%2Fcomments&post=40044"}],"version-history":[{"count":0,"href":"https:\/\/blogdofarnesio.com.br\/index.php?rest_route=\/wp\/v2\/posts\/40044\/revisions"}],"wp:attachment":[{"href":"https:\/\/blogdofarnesio.com.br\/index.php?rest_route=%2Fwp%2Fv2%2Fmedia&parent=40044"}],"wp:term":[{"taxonomy":"category","embeddable":true,"href":"https:\/\/blogdofarnesio.com.br\/index.php?rest_route=%2Fwp%2Fv2%2Fcategories&post=40044"},{"taxonomy":"post_tag","embeddable":true,"href":"https:\/\/blogdofarnesio.com.br\/index.php?rest_route=%2Fwp%2Fv2%2Ftags&post=40044"}],"curies":[{"name":"wp","href":"https:\/\/api.w.org\/{rel}","templated":true}]}}