{"id":398314,"date":"2025-07-11T11:33:05","date_gmt":"2025-07-11T14:33:05","guid":{"rendered":"https:\/\/blogdofarnesio.com.br\/?p=398314"},"modified":"2025-07-11T10:25:06","modified_gmt":"2025-07-11T13:25:06","slug":"relacao-entre-brasil-e-eua-vive-erosao-mais-importante-em-decadas-relembre-crises","status":"publish","type":"post","link":"https:\/\/blogdofarnesio.com.br\/?p=398314","title":{"rendered":"Rela\u00e7\u00e3o entre Brasil e EUA vive eros\u00e3o mais importante em d\u00e9cadas; relembre crises"},"content":{"rendered":"<div class=\"sc-b4c8ccf3-0 fsXNOt\">\n<div class=\"sc-b4c8ccf3-4 dxBsro\">Por Gabriel Barnab\u00e9 | Folhapress\u00a0 &#8211;<\/div>\n<\/div>\n<div class=\"sc-24c322fd-1 laZqPV\">\n<div class=\"sc-24c322fd-3 giHdVV\">\n<p>Brasil e Estados Unidos t\u00eam desenhado um vaiv\u00e9m estrat\u00e9gico e ideol\u00f3gico que, pouco mais de 200 anos da primeira ida, parece viver a mais importante eros\u00e3o dos caminhos de volta desde a redemocratiza\u00e7\u00e3o dos anos 1980. Os ataques -ou suas respectivas insinua\u00e7\u00f5es- do presidente Donald Trump fragilizam as rela\u00e7\u00f5es bilaterais e esticam a corda do contato entre os pa\u00edses.<\/p>\n<p>O estilingue pol\u00edtico incendi\u00e1rio que o republicano usa para amea\u00e7ar o governo do presidente Lula (PT) causou espanto, mas n\u00e3o \u00e9 a maior crise da via bilateral entre as na\u00e7\u00f5es -o indiscut\u00edvel ponto mais baixo aconteceu quando as gest\u00f5es de John F. Kennedy (1961-1963) e Lyndon B. Johnson (1963-1969) apoiaram e contribu\u00edram com o maior ataque \u00e0 democracia brasileira, o golpe de 1964.<\/p>\n<p>Anos antes, houve ainda a virada americana no apoio a Get\u00falio Vargas que, em regime autorit\u00e1rio e depois de abrir bases militares e fornecer suprimentos estrat\u00e9gicos aos Aliados na Segunda Guerra, foi pressionado interna e externamente a abandonar o Estado Novo em prol de uma abertura democr\u00e1tica brasileira.<\/p>\n<p>Ainda assim, o estica e puxa \u00e9 constante desde o in\u00edcio da rela\u00e7\u00e3o, em 1824, quando Washington reconhece a independ\u00eancia brasileira, e os la\u00e7os diplom\u00e1ticos se estabelecem. Quase dois s\u00e9culos depois, com o crescente desgaste promovido por Trump -de 2017, quando primeiro tomou posse, a 2025, quando provoca caos na ordem mundial liderada pelos EUA&#8211; o americano demonstra alinhamento ao que viu de perto entre 2019 e 2020: a ret\u00f3rica de ataque ao sistema eleitoral e \u00e0s institui\u00e7\u00f5es democr\u00e1ticas do ent\u00e3o presidente Jair Bolsonaro (PL).<\/p>\n<p>A derrocada observada agora, com o embate entre Lula e Trump, que se cultivou durante esse per\u00edodo, vem depois de cerca de quatro d\u00e9cadas em que Brasil e EUA buscaram construir um respeito m\u00fatuo. Desde a \u00faltima retomada democr\u00e1tica brasileira, iniciada em 1985, foram quase trinta anos de rearranjos internos e diplom\u00e1ticos que permitiram um desenvolvimento comercial e institucional paralelo e concomitante.<\/p>\n<p>Foi em 2013 que os sucessivos saldos positivos tiveram um rev\u00e9s. O site WikiLeaks divulgou informa\u00e7\u00f5es confidenciais da Ag\u00eancia Nacional de Seguran\u00e7a dos EUA (NSA, na sigla em ingl\u00eas) que revelavam espionagem americana contra a ent\u00e3o presidente Dilma Rousseff, seus assessores, ministros e a Petrobras.<\/p>\n<p>O imbr\u00f3glio foi gradualmente superado depois de Dilma adiar uma visita oficial ao ent\u00e3o presidente Barack Obama, que justificou a espionagem falando em supostos alvos terroristas, e meses depois revisou protocolos da NSA para, em teoria, salvaguardar aliados. Sem retalia\u00e7\u00e3o formal, assim permaneceram EUA e Brasil: aliados.<\/p>\n<p>A pr\u00f3xima inflex\u00e3o chegaria anos depois, com as elei\u00e7\u00f5es de Trump, em 2016, e Bolsonaro, em 2018. Alinhados ideologicamente, as tradi\u00e7\u00f5es diplom\u00e1ticas institucionalizadas deram lugar a uma rela\u00e7\u00e3o quase pessoal e, a posteriori, intransfer\u00edvel. Pautas conservadoras, negacionismo ambiental e discurso antiglobalista tomaram o lugar e semearam o que, de volta \u00e0 Casa Branca, em 2025, Trump torna a evocar.<\/p>\n<p>O pequeno trecho temporal -2023 e 2024- em que Lula observou ao norte o democrata Joe Biden como hom\u00f3logo serviu como uma tentativa de reiniciar as rela\u00e7\u00f5es diplom\u00e1ticas equilibradas que, d\u00e9cadas antes, as na\u00e7\u00f5es buscaram construir. O retorno do republicano ao poder, por\u00e9m, esfacelou os esfor\u00e7os.<\/p>\n<p>Para especialistas, Donald Trump assume uma postura combativa e com fr\u00e1gil lastro diplom\u00e1tico ao repetidamente amea\u00e7ar hist\u00f3ricos aliados com tarifas comerciais que, segundo cr\u00edticos, mais refletem seu alinhamento ideol\u00f3gico do que protegem sua autoridade nacional. Lula, por outro lado, aposta na defesa da soberania para se respaldar e tentar evitar danos maiores \u00e0 economia. A tens\u00e3o da corda tem aumentado, e a diplomacia parece ser a maneira poss\u00edvel de desescalada.<\/p>\n<\/div>\n<\/div>\n","protected":false},"excerpt":{"rendered":"<p>Por Gabriel Barnab\u00e9 | Folhapress\u00a0 &#8211; Brasil e Estados Unidos t\u00eam desenhado um vaiv\u00e9m estrat\u00e9gico e ideol\u00f3gico que, pouco mais de 200 anos da primeira ida, parece viver a mais importante eros\u00e3o dos caminhos de volta desde a redemocratiza\u00e7\u00e3o dos anos 1980. Os ataques -ou suas respectivas insinua\u00e7\u00f5es- do presidente Donald Trump fragilizam as rela\u00e7\u00f5es bilaterais e esticam a corda do contato entre os pa\u00edses. O estilingue pol\u00edtico incendi\u00e1rio que o republicano usa para amea\u00e7ar o governo do presidente Lula (PT) causou espanto, mas n\u00e3o \u00e9 a maior crise da via bilateral entre as na\u00e7\u00f5es -o indiscut\u00edvel ponto mais baixo aconteceu quando as gest\u00f5es de John F. Kennedy (1961-1963) e Lyndon B. Johnson (1963-1969) apoiaram e contribu\u00edram com o maior&hellip; <\/p>\n","protected":false},"author":2,"featured_media":385930,"comment_status":"open","ping_status":"open","sticky":false,"template":"","format":"standard","meta":{"_acf_changed":false,"footnotes":""},"categories":[30],"tags":[],"class_list":["post-398314","post","type-post","status-publish","format-standard","has-post-thumbnail","hentry","category-artigo"],"acf":[],"yoast_head":"<!-- This site is optimized with the Yoast SEO plugin v27.4 - https:\/\/yoast.com\/product\/yoast-seo-wordpress\/ -->\n<title>Rela\u00e7\u00e3o entre Brasil e EUA vive eros\u00e3o mais importante em d\u00e9cadas; relembre crises - Blog do Farn\u00e9sio<\/title>\n<meta name=\"robots\" content=\"index, follow, max-snippet:-1, max-image-preview:large, max-video-preview:-1\" \/>\n<link rel=\"canonical\" href=\"https:\/\/blogdofarnesio.com.br\/?p=398314\" \/>\n<meta property=\"og:locale\" content=\"pt_BR\" \/>\n<meta property=\"og:type\" content=\"article\" \/>\n<meta property=\"og:title\" content=\"Rela\u00e7\u00e3o entre Brasil e EUA vive eros\u00e3o mais importante em d\u00e9cadas; relembre crises - Blog do Farn\u00e9sio\" \/>\n<meta property=\"og:description\" content=\"Por Gabriel Barnab\u00e9 | Folhapress\u00a0 &#8211; Brasil e Estados Unidos t\u00eam desenhado um vaiv\u00e9m estrat\u00e9gico e ideol\u00f3gico que, pouco mais de 200 anos da primeira ida, parece viver a mais importante eros\u00e3o dos caminhos de volta desde a redemocratiza\u00e7\u00e3o dos anos 1980. Os ataques -ou suas respectivas insinua\u00e7\u00f5es- do presidente Donald Trump fragilizam as rela\u00e7\u00f5es bilaterais e esticam a corda do contato entre os pa\u00edses. O estilingue pol\u00edtico incendi\u00e1rio que o republicano usa para amea\u00e7ar o governo do presidente Lula (PT) causou espanto, mas n\u00e3o \u00e9 a maior crise da via bilateral entre as na\u00e7\u00f5es -o indiscut\u00edvel ponto mais baixo aconteceu quando as gest\u00f5es de John F. Kennedy (1961-1963) e Lyndon B. Johnson (1963-1969) apoiaram e contribu\u00edram com o maior&hellip;\" \/>\n<meta property=\"og:url\" content=\"https:\/\/blogdofarnesio.com.br\/?p=398314\" \/>\n<meta property=\"og:site_name\" content=\"Blog do Farn\u00e9sio\" \/>\n<meta property=\"article:publisher\" content=\"https:\/\/www.facebook.com\/BlogQuerSaberPolitica\/\" \/>\n<meta property=\"article:author\" content=\"https:\/\/www.facebook.com\/?ref=tn_tnmn\" \/>\n<meta property=\"article:published_time\" content=\"2025-07-11T14:33:05+00:00\" \/>\n<meta name=\"author\" content=\"Farn\u00e9sio\" \/>\n<meta name=\"twitter:card\" content=\"summary_large_image\" \/>\n<meta name=\"twitter:label1\" content=\"Escrito por\" \/>\n\t<meta name=\"twitter:data1\" content=\"Farn\u00e9sio\" \/>\n\t<meta name=\"twitter:label2\" content=\"Est. tempo de leitura\" \/>\n\t<meta name=\"twitter:data2\" content=\"4 minutos\" \/>\n<script type=\"application\/ld+json\" class=\"yoast-schema-graph\">{\"@context\":\"https:\\\/\\\/schema.org\",\"@graph\":[{\"@type\":\"Article\",\"@id\":\"https:\\\/\\\/blogdofarnesio.com.br\\\/?p=398314#article\",\"isPartOf\":{\"@id\":\"https:\\\/\\\/blogdofarnesio.com.br\\\/?p=398314\"},\"author\":{\"name\":\"Farn\u00e9sio\",\"@id\":\"https:\\\/\\\/blogdofarnesio.com.br\\\/#\\\/schema\\\/person\\\/bb9b23ae3ad0609ce8df7b6c9e76824d\"},\"headline\":\"Rela\u00e7\u00e3o entre Brasil e EUA vive eros\u00e3o mais importante em d\u00e9cadas; relembre crises\",\"datePublished\":\"2025-07-11T14:33:05+00:00\",\"mainEntityOfPage\":{\"@id\":\"https:\\\/\\\/blogdofarnesio.com.br\\\/?p=398314\"},\"wordCount\":654,\"commentCount\":0,\"publisher\":{\"@id\":\"https:\\\/\\\/blogdofarnesio.com.br\\\/#organization\"},\"image\":{\"@id\":\"https:\\\/\\\/blogdofarnesio.com.br\\\/?p=398314#primaryimage\"},\"thumbnailUrl\":\"https:\\\/\\\/blogdofarnesio.com.br\\\/wp-content\\\/uploads\\\/2025\\\/01\\\/blogqsp-lula.avif\",\"articleSection\":[\"Artigo\"],\"inLanguage\":\"pt-BR\",\"potentialAction\":[{\"@type\":\"CommentAction\",\"name\":\"Comment\",\"target\":[\"https:\\\/\\\/blogdofarnesio.com.br\\\/?p=398314#respond\"]}]},{\"@type\":\"WebPage\",\"@id\":\"https:\\\/\\\/blogdofarnesio.com.br\\\/?p=398314\",\"url\":\"https:\\\/\\\/blogdofarnesio.com.br\\\/?p=398314\",\"name\":\"Rela\u00e7\u00e3o entre Brasil e EUA vive eros\u00e3o mais importante em d\u00e9cadas; relembre crises - Blog do Farn\u00e9sio\",\"isPartOf\":{\"@id\":\"https:\\\/\\\/blogdofarnesio.com.br\\\/#website\"},\"primaryImageOfPage\":{\"@id\":\"https:\\\/\\\/blogdofarnesio.com.br\\\/?p=398314#primaryimage\"},\"image\":{\"@id\":\"https:\\\/\\\/blogdofarnesio.com.br\\\/?p=398314#primaryimage\"},\"thumbnailUrl\":\"https:\\\/\\\/blogdofarnesio.com.br\\\/wp-content\\\/uploads\\\/2025\\\/01\\\/blogqsp-lula.avif\",\"datePublished\":\"2025-07-11T14:33:05+00:00\",\"breadcrumb\":{\"@id\":\"https:\\\/\\\/blogdofarnesio.com.br\\\/?p=398314#breadcrumb\"},\"inLanguage\":\"pt-BR\",\"potentialAction\":[{\"@type\":\"ReadAction\",\"target\":[\"https:\\\/\\\/blogdofarnesio.com.br\\\/?p=398314\"]}]},{\"@type\":\"ImageObject\",\"inLanguage\":\"pt-BR\",\"@id\":\"https:\\\/\\\/blogdofarnesio.com.br\\\/?p=398314#primaryimage\",\"url\":\"https:\\\/\\\/blogdofarnesio.com.br\\\/wp-content\\\/uploads\\\/2025\\\/01\\\/blogqsp-lula.avif\",\"contentUrl\":\"https:\\\/\\\/blogdofarnesio.com.br\\\/wp-content\\\/uploads\\\/2025\\\/01\\\/blogqsp-lula.avif\",\"width\":700,\"height\":467},{\"@type\":\"BreadcrumbList\",\"@id\":\"https:\\\/\\\/blogdofarnesio.com.br\\\/?p=398314#breadcrumb\",\"itemListElement\":[{\"@type\":\"ListItem\",\"position\":1,\"name\":\"In\u00edcio\",\"item\":\"https:\\\/\\\/blogdofarnesio.com.br\\\/\"},{\"@type\":\"ListItem\",\"position\":2,\"name\":\"Rela\u00e7\u00e3o entre Brasil e EUA vive eros\u00e3o mais importante em d\u00e9cadas; relembre crises\"}]},{\"@type\":\"WebSite\",\"@id\":\"https:\\\/\\\/blogdofarnesio.com.br\\\/#website\",\"url\":\"https:\\\/\\\/blogdofarnesio.com.br\\\/\",\"name\":\"Blog do Farn\u00e9sio\",\"description\":\"Quer Saber Pol\u00edtica?\",\"publisher\":{\"@id\":\"https:\\\/\\\/blogdofarnesio.com.br\\\/#organization\"},\"potentialAction\":[{\"@type\":\"SearchAction\",\"target\":{\"@type\":\"EntryPoint\",\"urlTemplate\":\"https:\\\/\\\/blogdofarnesio.com.br\\\/?s={search_term_string}\"},\"query-input\":{\"@type\":\"PropertyValueSpecification\",\"valueRequired\":true,\"valueName\":\"search_term_string\"}}],\"inLanguage\":\"pt-BR\"},{\"@type\":\"Organization\",\"@id\":\"https:\\\/\\\/blogdofarnesio.com.br\\\/#organization\",\"name\":\"Blog do Farn\u00e9sio\",\"url\":\"https:\\\/\\\/blogdofarnesio.com.br\\\/\",\"logo\":{\"@type\":\"ImageObject\",\"inLanguage\":\"pt-BR\",\"@id\":\"https:\\\/\\\/blogdofarnesio.com.br\\\/#\\\/schema\\\/logo\\\/image\\\/\",\"url\":\"https:\\\/\\\/blogdofarnesio.com.br\\\/wp-content\\\/uploads\\\/2026\\\/03\\\/cropped-logo_new-1.png\",\"contentUrl\":\"https:\\\/\\\/blogdofarnesio.com.br\\\/wp-content\\\/uploads\\\/2026\\\/03\\\/cropped-logo_new-1.png\",\"width\":881,\"height\":685,\"caption\":\"Blog do Farn\u00e9sio\"},\"image\":{\"@id\":\"https:\\\/\\\/blogdofarnesio.com.br\\\/#\\\/schema\\\/logo\\\/image\\\/\"},\"sameAs\":[\"https:\\\/\\\/www.facebook.com\\\/BlogQuerSaberPolitica\\\/\"]},{\"@type\":\"Person\",\"@id\":\"https:\\\/\\\/blogdofarnesio.com.br\\\/#\\\/schema\\\/person\\\/bb9b23ae3ad0609ce8df7b6c9e76824d\",\"name\":\"Farn\u00e9sio\",\"image\":{\"@type\":\"ImageObject\",\"inLanguage\":\"pt-BR\",\"@id\":\"https:\\\/\\\/secure.gravatar.com\\\/avatar\\\/986aa4c61ccdb66f8555bf88fc2a65609d00bcabd4d2d94377a727547345cbca?s=96&d=mm&r=g\",\"url\":\"https:\\\/\\\/secure.gravatar.com\\\/avatar\\\/986aa4c61ccdb66f8555bf88fc2a65609d00bcabd4d2d94377a727547345cbca?s=96&d=mm&r=g\",\"contentUrl\":\"https:\\\/\\\/secure.gravatar.com\\\/avatar\\\/986aa4c61ccdb66f8555bf88fc2a65609d00bcabd4d2d94377a727547345cbca?s=96&d=mm&r=g\",\"caption\":\"Farn\u00e9sio\"},\"description\":\"Radialista blogueiro, chegou a Petrolina\\\/Juazeiro em setembro de 1980, Farn\u00e9sio Silva \u00e9 de Arapiraca-Alagoas.\",\"sameAs\":[\"http:\\\/\\\/blogdofarnesio.com.br\",\"https:\\\/\\\/www.facebook.com\\\/?ref=tn_tnmn\",\"https:\\\/\\\/www.instagram.com\\\/?utm_source=pwa_homescreen\",\"https:\\\/\\\/youtube.com.br\\\/\"],\"url\":\"https:\\\/\\\/blogdofarnesio.com.br\\\/?author=2\"}]}<\/script>\n<!-- \/ Yoast SEO plugin. -->","yoast_head_json":{"title":"Rela\u00e7\u00e3o entre Brasil e EUA vive eros\u00e3o mais importante em d\u00e9cadas; relembre crises - Blog do Farn\u00e9sio","robots":{"index":"index","follow":"follow","max-snippet":"max-snippet:-1","max-image-preview":"max-image-preview:large","max-video-preview":"max-video-preview:-1"},"canonical":"https:\/\/blogdofarnesio.com.br\/?p=398314","og_locale":"pt_BR","og_type":"article","og_title":"Rela\u00e7\u00e3o entre Brasil e EUA vive eros\u00e3o mais importante em d\u00e9cadas; relembre crises - Blog do Farn\u00e9sio","og_description":"Por Gabriel Barnab\u00e9 | Folhapress\u00a0 &#8211; Brasil e Estados Unidos t\u00eam desenhado um vaiv\u00e9m estrat\u00e9gico e ideol\u00f3gico que, pouco mais de 200 anos da primeira ida, parece viver a mais importante eros\u00e3o dos caminhos de volta desde a redemocratiza\u00e7\u00e3o dos anos 1980. Os ataques -ou suas respectivas insinua\u00e7\u00f5es- do presidente Donald Trump fragilizam as rela\u00e7\u00f5es bilaterais e esticam a corda do contato entre os pa\u00edses. O estilingue pol\u00edtico incendi\u00e1rio que o republicano usa para amea\u00e7ar o governo do presidente Lula (PT) causou espanto, mas n\u00e3o \u00e9 a maior crise da via bilateral entre as na\u00e7\u00f5es -o indiscut\u00edvel ponto mais baixo aconteceu quando as gest\u00f5es de John F. Kennedy (1961-1963) e Lyndon B. Johnson (1963-1969) apoiaram e contribu\u00edram com o maior&hellip;","og_url":"https:\/\/blogdofarnesio.com.br\/?p=398314","og_site_name":"Blog do Farn\u00e9sio","article_publisher":"https:\/\/www.facebook.com\/BlogQuerSaberPolitica\/","article_author":"https:\/\/www.facebook.com\/?ref=tn_tnmn","article_published_time":"2025-07-11T14:33:05+00:00","author":"Farn\u00e9sio","twitter_card":"summary_large_image","twitter_misc":{"Escrito por":"Farn\u00e9sio","Est. tempo de leitura":"4 minutos"},"schema":{"@context":"https:\/\/schema.org","@graph":[{"@type":"Article","@id":"https:\/\/blogdofarnesio.com.br\/?p=398314#article","isPartOf":{"@id":"https:\/\/blogdofarnesio.com.br\/?p=398314"},"author":{"name":"Farn\u00e9sio","@id":"https:\/\/blogdofarnesio.com.br\/#\/schema\/person\/bb9b23ae3ad0609ce8df7b6c9e76824d"},"headline":"Rela\u00e7\u00e3o entre Brasil e EUA vive eros\u00e3o mais importante em d\u00e9cadas; relembre crises","datePublished":"2025-07-11T14:33:05+00:00","mainEntityOfPage":{"@id":"https:\/\/blogdofarnesio.com.br\/?p=398314"},"wordCount":654,"commentCount":0,"publisher":{"@id":"https:\/\/blogdofarnesio.com.br\/#organization"},"image":{"@id":"https:\/\/blogdofarnesio.com.br\/?p=398314#primaryimage"},"thumbnailUrl":"https:\/\/blogdofarnesio.com.br\/wp-content\/uploads\/2025\/01\/blogqsp-lula.avif","articleSection":["Artigo"],"inLanguage":"pt-BR","potentialAction":[{"@type":"CommentAction","name":"Comment","target":["https:\/\/blogdofarnesio.com.br\/?p=398314#respond"]}]},{"@type":"WebPage","@id":"https:\/\/blogdofarnesio.com.br\/?p=398314","url":"https:\/\/blogdofarnesio.com.br\/?p=398314","name":"Rela\u00e7\u00e3o entre Brasil e EUA vive eros\u00e3o mais importante em d\u00e9cadas; relembre crises - Blog do Farn\u00e9sio","isPartOf":{"@id":"https:\/\/blogdofarnesio.com.br\/#website"},"primaryImageOfPage":{"@id":"https:\/\/blogdofarnesio.com.br\/?p=398314#primaryimage"},"image":{"@id":"https:\/\/blogdofarnesio.com.br\/?p=398314#primaryimage"},"thumbnailUrl":"https:\/\/blogdofarnesio.com.br\/wp-content\/uploads\/2025\/01\/blogqsp-lula.avif","datePublished":"2025-07-11T14:33:05+00:00","breadcrumb":{"@id":"https:\/\/blogdofarnesio.com.br\/?p=398314#breadcrumb"},"inLanguage":"pt-BR","potentialAction":[{"@type":"ReadAction","target":["https:\/\/blogdofarnesio.com.br\/?p=398314"]}]},{"@type":"ImageObject","inLanguage":"pt-BR","@id":"https:\/\/blogdofarnesio.com.br\/?p=398314#primaryimage","url":"https:\/\/blogdofarnesio.com.br\/wp-content\/uploads\/2025\/01\/blogqsp-lula.avif","contentUrl":"https:\/\/blogdofarnesio.com.br\/wp-content\/uploads\/2025\/01\/blogqsp-lula.avif","width":700,"height":467},{"@type":"BreadcrumbList","@id":"https:\/\/blogdofarnesio.com.br\/?p=398314#breadcrumb","itemListElement":[{"@type":"ListItem","position":1,"name":"In\u00edcio","item":"https:\/\/blogdofarnesio.com.br\/"},{"@type":"ListItem","position":2,"name":"Rela\u00e7\u00e3o entre Brasil e EUA vive eros\u00e3o mais importante em d\u00e9cadas; relembre crises"}]},{"@type":"WebSite","@id":"https:\/\/blogdofarnesio.com.br\/#website","url":"https:\/\/blogdofarnesio.com.br\/","name":"Blog do Farn\u00e9sio","description":"Quer Saber Pol\u00edtica?","publisher":{"@id":"https:\/\/blogdofarnesio.com.br\/#organization"},"potentialAction":[{"@type":"SearchAction","target":{"@type":"EntryPoint","urlTemplate":"https:\/\/blogdofarnesio.com.br\/?s={search_term_string}"},"query-input":{"@type":"PropertyValueSpecification","valueRequired":true,"valueName":"search_term_string"}}],"inLanguage":"pt-BR"},{"@type":"Organization","@id":"https:\/\/blogdofarnesio.com.br\/#organization","name":"Blog do Farn\u00e9sio","url":"https:\/\/blogdofarnesio.com.br\/","logo":{"@type":"ImageObject","inLanguage":"pt-BR","@id":"https:\/\/blogdofarnesio.com.br\/#\/schema\/logo\/image\/","url":"https:\/\/blogdofarnesio.com.br\/wp-content\/uploads\/2026\/03\/cropped-logo_new-1.png","contentUrl":"https:\/\/blogdofarnesio.com.br\/wp-content\/uploads\/2026\/03\/cropped-logo_new-1.png","width":881,"height":685,"caption":"Blog do Farn\u00e9sio"},"image":{"@id":"https:\/\/blogdofarnesio.com.br\/#\/schema\/logo\/image\/"},"sameAs":["https:\/\/www.facebook.com\/BlogQuerSaberPolitica\/"]},{"@type":"Person","@id":"https:\/\/blogdofarnesio.com.br\/#\/schema\/person\/bb9b23ae3ad0609ce8df7b6c9e76824d","name":"Farn\u00e9sio","image":{"@type":"ImageObject","inLanguage":"pt-BR","@id":"https:\/\/secure.gravatar.com\/avatar\/986aa4c61ccdb66f8555bf88fc2a65609d00bcabd4d2d94377a727547345cbca?s=96&d=mm&r=g","url":"https:\/\/secure.gravatar.com\/avatar\/986aa4c61ccdb66f8555bf88fc2a65609d00bcabd4d2d94377a727547345cbca?s=96&d=mm&r=g","contentUrl":"https:\/\/secure.gravatar.com\/avatar\/986aa4c61ccdb66f8555bf88fc2a65609d00bcabd4d2d94377a727547345cbca?s=96&d=mm&r=g","caption":"Farn\u00e9sio"},"description":"Radialista blogueiro, chegou a Petrolina\/Juazeiro em setembro de 1980, Farn\u00e9sio Silva \u00e9 de Arapiraca-Alagoas.","sameAs":["http:\/\/blogdofarnesio.com.br","https:\/\/www.facebook.com\/?ref=tn_tnmn","https:\/\/www.instagram.com\/?utm_source=pwa_homescreen","https:\/\/youtube.com.br\/"],"url":"https:\/\/blogdofarnesio.com.br\/?author=2"}]}},"_links":{"self":[{"href":"https:\/\/blogdofarnesio.com.br\/index.php?rest_route=\/wp\/v2\/posts\/398314","targetHints":{"allow":["GET"]}}],"collection":[{"href":"https:\/\/blogdofarnesio.com.br\/index.php?rest_route=\/wp\/v2\/posts"}],"about":[{"href":"https:\/\/blogdofarnesio.com.br\/index.php?rest_route=\/wp\/v2\/types\/post"}],"author":[{"embeddable":true,"href":"https:\/\/blogdofarnesio.com.br\/index.php?rest_route=\/wp\/v2\/users\/2"}],"replies":[{"embeddable":true,"href":"https:\/\/blogdofarnesio.com.br\/index.php?rest_route=%2Fwp%2Fv2%2Fcomments&post=398314"}],"version-history":[{"count":0,"href":"https:\/\/blogdofarnesio.com.br\/index.php?rest_route=\/wp\/v2\/posts\/398314\/revisions"}],"wp:featuredmedia":[{"embeddable":true,"href":"https:\/\/blogdofarnesio.com.br\/index.php?rest_route=\/wp\/v2\/media\/385930"}],"wp:attachment":[{"href":"https:\/\/blogdofarnesio.com.br\/index.php?rest_route=%2Fwp%2Fv2%2Fmedia&parent=398314"}],"wp:term":[{"taxonomy":"category","embeddable":true,"href":"https:\/\/blogdofarnesio.com.br\/index.php?rest_route=%2Fwp%2Fv2%2Fcategories&post=398314"},{"taxonomy":"post_tag","embeddable":true,"href":"https:\/\/blogdofarnesio.com.br\/index.php?rest_route=%2Fwp%2Fv2%2Ftags&post=398314"}],"curies":[{"name":"wp","href":"https:\/\/api.w.org\/{rel}","templated":true}]}}