{"id":398115,"date":"2025-07-10T14:44:20","date_gmt":"2025-07-10T17:44:20","guid":{"rendered":"https:\/\/blogdofarnesio.com.br\/?p=398115"},"modified":"2025-07-10T13:01:58","modified_gmt":"2025-07-10T16:01:58","slug":"tudo-pronto-para-a-festa-do-interior-2025-com-programacao-durante-todo-o-dia-com-barracas-shows-comidas-regionais-e-parque-de-diversoes-confira-a-programacao","status":"publish","type":"post","link":"https:\/\/blogdofarnesio.com.br\/?p=398115","title":{"rendered":"Tudo pronto para a Festa do Interior 2025 de Casa Nova, com programa\u00e7\u00e3o durante todo o dia. Confira a programa\u00e7\u00e3o"},"content":{"rendered":"<div id=\":tj\">\n<div class=\"wl4W9b\">\n<div class=\"orCwJb\">\n<div class=\"rPlcIc\">\n<div class=\"AufqZ\"><\/div>\n<\/div>\n<\/div>\n<\/div>\n<\/div>\n<div class=\"\">\n<div id=\":te\" class=\"ii gt\">\n<div id=\":tf\" class=\"a3s aiL \">\n<div dir=\"ltr\">\n<div>\n<p lang=\"PT-BR\"><span lang=\"PT-BR\">A Festa do Interior 2025 come\u00e7a nesta sexta-feira (11) e promete movimentar Casa Nova durante todo o dia, at\u00e9 o domingo (13), com uma programa\u00e7\u00e3o completa para toda a fam\u00edlia.<\/span><\/p>\n<\/div>\n<div>\n<p lang=\"PT-BR\"><span lang=\"PT-BR\">Com o tema \u201cResgate das Tradi\u00e7\u00f5es\u201d, a Festa do Interior retoma sua ess\u00eancia popular, promovendo inclus\u00e3o, cultura e pertencimento. O prefeito An\u00edsio Viana destaca a import\u00e2ncia de manter viva a hist\u00f3ria da festa. \u201cEstamos devolvendo ao povo uma festa que \u00e9 nossa, criada pelo ex-prefeito, meu saudoso pai Gilson Viana. <\/span><\/p>\n<p lang=\"PT-BR\"><span lang=\"PT-BR\">Sem privatiza\u00e7\u00f5es, com inclus\u00e3o, alegria e muito respeito \u00e0 tradi\u00e7\u00e3o popular. \u00c9 uma festa feita para todos, com atra\u00e7\u00f5es para todas as idades e o sentimento de pertencimento do nosso povo.\u201d<\/span> \u00a0<span lang=\"PT-BR\">\u00a0<\/span><\/p>\n<\/div>\n<div>\n<p lang=\"PT-BR\"><span lang=\"PT-BR\">Na sexta-feira (11) a abertura oficial da festa acontece \u00e0s 19h. No s\u00e1bado e domingo, dias 12 e 13, a partir das 9h da manh\u00e3, o p\u00fablico poder\u00e1 aproveitar o funcionamento das 21 barracas das localidades do interior, que trazem shows\u00a0musicais\u00a0, culturais, almo\u00e7o com comidas t\u00edpicas e muito mais. <\/span><\/p>\n<p lang=\"PT-BR\"><span lang=\"PT-BR\">Das 14h \u00e0s 18h30, a divers\u00e3o continua com o parque de divers\u00f5es, especialmente pensado para as crian\u00e7as, que nesta edi\u00e7\u00e3o ser\u00e1 gratuita no domingo (13), dia em que funcionar\u00e1 a partir das 16h, priorizando as crian\u00e7as autistas, com mobilidade reduzida, ou outras defici\u00eancias f\u00edsicas ou intelectuais.<\/span><\/p>\n<\/div>\n<div>\n<p lang=\"PT-BR\"><span lang=\"PT-BR\">\u00c0 noite, o p\u00e1tio de eventos recebe\u00a0grandes nomes da m\u00fasica nacional, artistas regionais e talentos locais, com entrada totalmente gratuita. Entre as atra\u00e7\u00f5es est\u00e3o Lim\u00e3o com Mel, Gustavo Mioto, Tarc\u00edsio do\u00a0Acordeon\u00a0, Fl\u00e1vio Leandro, Filhos de Jorge, entre outros artistas que prometem embalar a multid\u00e3o com muito forr\u00f3 e emo\u00e7\u00e3o.<\/span><\/p>\n<\/div>\n<div>\n<p lang=\"PT-BR\"><strong><span lang=\"PT-BR\">Programa\u00e7\u00e3o Completa:<\/span> \u00a0<\/strong><\/p>\n<\/div>\n<div>\n<p lang=\"PT-BR\"><span lang=\"PT-BR\">11\/07 &#8211; Sexta-feira<\/span><\/p>\n<\/div>\n<div>\n<p lang=\"PT-BR\"><span lang=\"PT-BR\">19h \u2013 Abertura oficial da festa<\/span><\/p>\n<\/div>\n<div>\n<p lang=\"PT-BR\"><span lang=\"PT-BR\">Mostra com:<\/span><\/p>\n<\/div>\n<div>\n<p lang=\"PT-BR\"><span lang=\"PT-BR\">Lim\u00e3o com Mel<\/span><\/p>\n<\/div>\n<div>\n<p lang=\"PT-BR\"><span lang=\"PT-BR\">Seu Desejo<\/span><\/p>\n<\/div>\n<div>\n<p lang=\"PT-BR\"><span lang=\"PT-BR\">Marcinho Sensa\u00e7\u00e3o<\/span><\/p>\n<\/div>\n<div>\n<p lang=\"PT-BR\"><span lang=\"PT-BR\">12\/07 &#8211; S\u00e1bado<\/span><\/p>\n<\/div>\n<div>\n<p lang=\"PT-BR\"><span lang=\"PT-BR\">9h &#8211; Abertura do evento com funcionamento das barracas das localidades, com show musical, apresenta\u00e7\u00e3o cultural, culin\u00e1ria com almo\u00e7o e comidas regionais;<\/span><\/p>\n<\/div>\n<div>\n<p lang=\"PT-BR\"><span lang=\"PT-BR\">14h \u00e0s 18h30 \u2013 Parque de divers\u00f5es<\/span><\/p>\n<\/div>\n<div>\n<p lang=\"PT-BR\"><span lang=\"PT-BR\">19h &#8211; Shows com:<\/span><\/p>\n<\/div>\n<div>\n<p lang=\"PT-BR\"><span lang=\"PT-BR\">Gustavo Mioto<\/span><\/p>\n<\/div>\n<div>\n<p lang=\"PT-BR\"><span lang=\"PT-BR\">Fl\u00e1vio Leandro<\/span><\/p>\n<\/div>\n<div>\n<p lang=\"PT-BR\"><span lang=\"PT-BR\">Asas Livres<\/span><\/p>\n<\/div>\n<div>\n<p lang=\"PT-BR\"><span lang=\"PT-BR\">Canind\u00e9<\/span><\/p>\n<\/div>\n<div>\n<p lang=\"PT-BR\"><span lang=\"PT-BR\">13\/07 &#8211; Domingo<\/span><\/p>\n<\/div>\n<div>\n<p lang=\"PT-BR\"><span lang=\"PT-BR\">9h &#8211; Abertura do evento com funcionamento das barracas das localidades, com show musical, apresenta\u00e7\u00e3o cultural, culin\u00e1ria com almo\u00e7o e comidas regionais;<\/span><\/p>\n<\/div>\n<div>\n<p lang=\"PT-BR\"><span lang=\"PT-BR\">16h \u00e0s 18h30 \u2013 Parque de divers\u00f5es<\/span><\/p>\n<\/div>\n<div>\n<p lang=\"PT-BR\"><span lang=\"PT-BR\">19h &#8211; Shows com:<\/span><\/p>\n<\/div>\n<div>\n<p lang=\"PT-BR\"><span lang=\"PT-BR\">Tarc\u00edsio do\u00a0Acordeon\u00a0\u00a0<\/span><\/p>\n<\/div>\n<div>\n<p lang=\"PT-BR\"><span lang=\"PT-BR\">Heitor Costa<\/span><\/p>\n<\/div>\n<div>\n<p lang=\"PT-BR\"><span lang=\"PT-BR\">Filhos de Jorge<\/span><\/p>\n<\/div>\n<div>\n<p lang=\"PT-BR\"><span lang=\"PT-BR\">Deivinho\u00a0Novaes<\/span><\/p>\n<\/div>\n<div>\n<p lang=\"PT-BR\"><span lang=\"PT-BR\">\u00a0<\/span><\/p>\n<\/div>\n<div>\n<p lang=\"PT-BR\"><span lang=\"PT-BR\">Texto: Ascom PMCN<\/span><\/p>\n<\/div>\n<\/div>\n<\/div>\n<\/div>\n<\/div>\n","protected":false},"excerpt":{"rendered":"<p>A Festa do Interior 2025 come\u00e7a nesta sexta-feira (11) e promete movimentar Casa Nova durante todo o dia, at\u00e9 o domingo (13), com uma programa\u00e7\u00e3o completa para toda a fam\u00edlia. Com o tema \u201cResgate das Tradi\u00e7\u00f5es\u201d, a Festa do Interior retoma sua ess\u00eancia popular, promovendo inclus\u00e3o, cultura e pertencimento. O prefeito An\u00edsio Viana destaca a import\u00e2ncia de manter viva a hist\u00f3ria da festa. \u201cEstamos devolvendo ao povo uma festa que \u00e9 nossa, criada pelo ex-prefeito, meu saudoso pai Gilson Viana. Sem privatiza\u00e7\u00f5es, com inclus\u00e3o, alegria e muito respeito \u00e0 tradi\u00e7\u00e3o popular. \u00c9 uma festa feita para todos, com atra\u00e7\u00f5es para todas as idades e o sentimento de pertencimento do nosso povo.\u201d \u00a0\u00a0 Na sexta-feira (11) a abertura oficial da festa&hellip; <\/p>\n","protected":false},"author":2,"featured_media":397803,"comment_status":"open","ping_status":"open","sticky":false,"template":"","format":"standard","meta":{"_acf_changed":false,"footnotes":""},"categories":[27],"tags":[],"class_list":["post-398115","post","type-post","status-publish","format-standard","has-post-thumbnail","hentry","category-cidades"],"acf":[],"yoast_head":"<!-- This site is optimized with the Yoast SEO plugin v27.4 - https:\/\/yoast.com\/product\/yoast-seo-wordpress\/ -->\n<title>Tudo pronto para a Festa do Interior 2025 de Casa Nova, com programa\u00e7\u00e3o durante todo o dia. Confira a programa\u00e7\u00e3o - Blog do Farn\u00e9sio<\/title>\n<meta name=\"robots\" content=\"index, follow, max-snippet:-1, max-image-preview:large, max-video-preview:-1\" \/>\n<link rel=\"canonical\" href=\"https:\/\/blogdofarnesio.com.br\/?p=398115\" \/>\n<meta property=\"og:locale\" content=\"pt_BR\" \/>\n<meta property=\"og:type\" content=\"article\" \/>\n<meta property=\"og:title\" content=\"Tudo pronto para a Festa do Interior 2025 de Casa Nova, com programa\u00e7\u00e3o durante todo o dia. Confira a programa\u00e7\u00e3o - Blog do Farn\u00e9sio\" \/>\n<meta property=\"og:description\" content=\"A Festa do Interior 2025 come\u00e7a nesta sexta-feira (11) e promete movimentar Casa Nova durante todo o dia, at\u00e9 o domingo (13), com uma programa\u00e7\u00e3o completa para toda a fam\u00edlia. Com o tema \u201cResgate das Tradi\u00e7\u00f5es\u201d, a Festa do Interior retoma sua ess\u00eancia popular, promovendo inclus\u00e3o, cultura e pertencimento. O prefeito An\u00edsio Viana destaca a import\u00e2ncia de manter viva a hist\u00f3ria da festa. \u201cEstamos devolvendo ao povo uma festa que \u00e9 nossa, criada pelo ex-prefeito, meu saudoso pai Gilson Viana. Sem privatiza\u00e7\u00f5es, com inclus\u00e3o, alegria e muito respeito \u00e0 tradi\u00e7\u00e3o popular. \u00c9 uma festa feita para todos, com atra\u00e7\u00f5es para todas as idades e o sentimento de pertencimento do nosso povo.\u201d \u00a0\u00a0 Na sexta-feira (11) a abertura oficial da festa&hellip;\" \/>\n<meta property=\"og:url\" content=\"https:\/\/blogdofarnesio.com.br\/?p=398115\" \/>\n<meta property=\"og:site_name\" content=\"Blog do Farn\u00e9sio\" \/>\n<meta property=\"article:publisher\" content=\"https:\/\/www.facebook.com\/BlogQuerSaberPolitica\/\" \/>\n<meta property=\"article:author\" content=\"https:\/\/www.facebook.com\/?ref=tn_tnmn\" \/>\n<meta property=\"article:published_time\" content=\"2025-07-10T17:44:20+00:00\" \/>\n<meta property=\"og:image\" content=\"https:\/\/blogdofarnesio.com.br\/wp-content\/uploads\/2025\/07\/WhatsApp-Image-2025-07-03-at-08.39.25-e1751575800968.jpeg\" \/>\n\t<meta property=\"og:image:width\" content=\"543\" \/>\n\t<meta property=\"og:image:height\" content=\"439\" \/>\n\t<meta property=\"og:image:type\" content=\"image\/jpeg\" \/>\n<meta name=\"author\" content=\"Farn\u00e9sio\" \/>\n<meta name=\"twitter:card\" content=\"summary_large_image\" \/>\n<meta name=\"twitter:label1\" content=\"Escrito por\" \/>\n\t<meta name=\"twitter:data1\" content=\"Farn\u00e9sio\" \/>\n\t<meta name=\"twitter:label2\" content=\"Est. tempo de leitura\" \/>\n\t<meta name=\"twitter:data2\" content=\"3 minutos\" \/>\n<script type=\"application\/ld+json\" class=\"yoast-schema-graph\">{\"@context\":\"https:\\\/\\\/schema.org\",\"@graph\":[{\"@type\":\"Article\",\"@id\":\"https:\\\/\\\/blogdofarnesio.com.br\\\/?p=398115#article\",\"isPartOf\":{\"@id\":\"https:\\\/\\\/blogdofarnesio.com.br\\\/?p=398115\"},\"author\":{\"name\":\"Farn\u00e9sio\",\"@id\":\"https:\\\/\\\/blogdofarnesio.com.br\\\/#\\\/schema\\\/person\\\/bb9b23ae3ad0609ce8df7b6c9e76824d\"},\"headline\":\"Tudo pronto para a Festa do Interior 2025 de Casa Nova, com programa\u00e7\u00e3o durante todo o dia. Confira a programa\u00e7\u00e3o\",\"datePublished\":\"2025-07-10T17:44:20+00:00\",\"mainEntityOfPage\":{\"@id\":\"https:\\\/\\\/blogdofarnesio.com.br\\\/?p=398115\"},\"wordCount\":420,\"commentCount\":0,\"publisher\":{\"@id\":\"https:\\\/\\\/blogdofarnesio.com.br\\\/#organization\"},\"image\":{\"@id\":\"https:\\\/\\\/blogdofarnesio.com.br\\\/?p=398115#primaryimage\"},\"thumbnailUrl\":\"https:\\\/\\\/blogdofarnesio.com.br\\\/wp-content\\\/uploads\\\/2025\\\/07\\\/WhatsApp-Image-2025-07-03-at-08.39.25-e1751575800968.jpeg\",\"articleSection\":[\"Cidades\"],\"inLanguage\":\"pt-BR\",\"potentialAction\":[{\"@type\":\"CommentAction\",\"name\":\"Comment\",\"target\":[\"https:\\\/\\\/blogdofarnesio.com.br\\\/?p=398115#respond\"]}]},{\"@type\":\"WebPage\",\"@id\":\"https:\\\/\\\/blogdofarnesio.com.br\\\/?p=398115\",\"url\":\"https:\\\/\\\/blogdofarnesio.com.br\\\/?p=398115\",\"name\":\"Tudo pronto para a Festa do Interior 2025 de Casa Nova, com programa\u00e7\u00e3o durante todo o dia. Confira a programa\u00e7\u00e3o - Blog do Farn\u00e9sio\",\"isPartOf\":{\"@id\":\"https:\\\/\\\/blogdofarnesio.com.br\\\/#website\"},\"primaryImageOfPage\":{\"@id\":\"https:\\\/\\\/blogdofarnesio.com.br\\\/?p=398115#primaryimage\"},\"image\":{\"@id\":\"https:\\\/\\\/blogdofarnesio.com.br\\\/?p=398115#primaryimage\"},\"thumbnailUrl\":\"https:\\\/\\\/blogdofarnesio.com.br\\\/wp-content\\\/uploads\\\/2025\\\/07\\\/WhatsApp-Image-2025-07-03-at-08.39.25-e1751575800968.jpeg\",\"datePublished\":\"2025-07-10T17:44:20+00:00\",\"breadcrumb\":{\"@id\":\"https:\\\/\\\/blogdofarnesio.com.br\\\/?p=398115#breadcrumb\"},\"inLanguage\":\"pt-BR\",\"potentialAction\":[{\"@type\":\"ReadAction\",\"target\":[\"https:\\\/\\\/blogdofarnesio.com.br\\\/?p=398115\"]}]},{\"@type\":\"ImageObject\",\"inLanguage\":\"pt-BR\",\"@id\":\"https:\\\/\\\/blogdofarnesio.com.br\\\/?p=398115#primaryimage\",\"url\":\"https:\\\/\\\/blogdofarnesio.com.br\\\/wp-content\\\/uploads\\\/2025\\\/07\\\/WhatsApp-Image-2025-07-03-at-08.39.25-e1751575800968.jpeg\",\"contentUrl\":\"https:\\\/\\\/blogdofarnesio.com.br\\\/wp-content\\\/uploads\\\/2025\\\/07\\\/WhatsApp-Image-2025-07-03-at-08.39.25-e1751575800968.jpeg\",\"width\":543,\"height\":439},{\"@type\":\"BreadcrumbList\",\"@id\":\"https:\\\/\\\/blogdofarnesio.com.br\\\/?p=398115#breadcrumb\",\"itemListElement\":[{\"@type\":\"ListItem\",\"position\":1,\"name\":\"In\u00edcio\",\"item\":\"https:\\\/\\\/blogdofarnesio.com.br\\\/\"},{\"@type\":\"ListItem\",\"position\":2,\"name\":\"Tudo pronto para a Festa do Interior 2025 de Casa Nova, com programa\u00e7\u00e3o durante todo o dia. Confira a programa\u00e7\u00e3o\"}]},{\"@type\":\"WebSite\",\"@id\":\"https:\\\/\\\/blogdofarnesio.com.br\\\/#website\",\"url\":\"https:\\\/\\\/blogdofarnesio.com.br\\\/\",\"name\":\"Blog do Farn\u00e9sio\",\"description\":\"Quer Saber Pol\u00edtica?\",\"publisher\":{\"@id\":\"https:\\\/\\\/blogdofarnesio.com.br\\\/#organization\"},\"potentialAction\":[{\"@type\":\"SearchAction\",\"target\":{\"@type\":\"EntryPoint\",\"urlTemplate\":\"https:\\\/\\\/blogdofarnesio.com.br\\\/?s={search_term_string}\"},\"query-input\":{\"@type\":\"PropertyValueSpecification\",\"valueRequired\":true,\"valueName\":\"search_term_string\"}}],\"inLanguage\":\"pt-BR\"},{\"@type\":\"Organization\",\"@id\":\"https:\\\/\\\/blogdofarnesio.com.br\\\/#organization\",\"name\":\"Blog do Farn\u00e9sio\",\"url\":\"https:\\\/\\\/blogdofarnesio.com.br\\\/\",\"logo\":{\"@type\":\"ImageObject\",\"inLanguage\":\"pt-BR\",\"@id\":\"https:\\\/\\\/blogdofarnesio.com.br\\\/#\\\/schema\\\/logo\\\/image\\\/\",\"url\":\"https:\\\/\\\/blogdofarnesio.com.br\\\/wp-content\\\/uploads\\\/2026\\\/03\\\/cropped-logo_new-1.png\",\"contentUrl\":\"https:\\\/\\\/blogdofarnesio.com.br\\\/wp-content\\\/uploads\\\/2026\\\/03\\\/cropped-logo_new-1.png\",\"width\":881,\"height\":685,\"caption\":\"Blog do Farn\u00e9sio\"},\"image\":{\"@id\":\"https:\\\/\\\/blogdofarnesio.com.br\\\/#\\\/schema\\\/logo\\\/image\\\/\"},\"sameAs\":[\"https:\\\/\\\/www.facebook.com\\\/BlogQuerSaberPolitica\\\/\"]},{\"@type\":\"Person\",\"@id\":\"https:\\\/\\\/blogdofarnesio.com.br\\\/#\\\/schema\\\/person\\\/bb9b23ae3ad0609ce8df7b6c9e76824d\",\"name\":\"Farn\u00e9sio\",\"image\":{\"@type\":\"ImageObject\",\"inLanguage\":\"pt-BR\",\"@id\":\"https:\\\/\\\/secure.gravatar.com\\\/avatar\\\/986aa4c61ccdb66f8555bf88fc2a65609d00bcabd4d2d94377a727547345cbca?s=96&d=mm&r=g\",\"url\":\"https:\\\/\\\/secure.gravatar.com\\\/avatar\\\/986aa4c61ccdb66f8555bf88fc2a65609d00bcabd4d2d94377a727547345cbca?s=96&d=mm&r=g\",\"contentUrl\":\"https:\\\/\\\/secure.gravatar.com\\\/avatar\\\/986aa4c61ccdb66f8555bf88fc2a65609d00bcabd4d2d94377a727547345cbca?s=96&d=mm&r=g\",\"caption\":\"Farn\u00e9sio\"},\"description\":\"Radialista blogueiro, chegou a Petrolina\\\/Juazeiro em setembro de 1980, Farn\u00e9sio Silva \u00e9 de Arapiraca-Alagoas.\",\"sameAs\":[\"http:\\\/\\\/blogdofarnesio.com.br\",\"https:\\\/\\\/www.facebook.com\\\/?ref=tn_tnmn\",\"https:\\\/\\\/www.instagram.com\\\/?utm_source=pwa_homescreen\",\"https:\\\/\\\/youtube.com.br\\\/\"],\"url\":\"https:\\\/\\\/blogdofarnesio.com.br\\\/?author=2\"}]}<\/script>\n<!-- \/ Yoast SEO plugin. -->","yoast_head_json":{"title":"Tudo pronto para a Festa do Interior 2025 de Casa Nova, com programa\u00e7\u00e3o durante todo o dia. Confira a programa\u00e7\u00e3o - Blog do Farn\u00e9sio","robots":{"index":"index","follow":"follow","max-snippet":"max-snippet:-1","max-image-preview":"max-image-preview:large","max-video-preview":"max-video-preview:-1"},"canonical":"https:\/\/blogdofarnesio.com.br\/?p=398115","og_locale":"pt_BR","og_type":"article","og_title":"Tudo pronto para a Festa do Interior 2025 de Casa Nova, com programa\u00e7\u00e3o durante todo o dia. Confira a programa\u00e7\u00e3o - Blog do Farn\u00e9sio","og_description":"A Festa do Interior 2025 come\u00e7a nesta sexta-feira (11) e promete movimentar Casa Nova durante todo o dia, at\u00e9 o domingo (13), com uma programa\u00e7\u00e3o completa para toda a fam\u00edlia. Com o tema \u201cResgate das Tradi\u00e7\u00f5es\u201d, a Festa do Interior retoma sua ess\u00eancia popular, promovendo inclus\u00e3o, cultura e pertencimento. O prefeito An\u00edsio Viana destaca a import\u00e2ncia de manter viva a hist\u00f3ria da festa. \u201cEstamos devolvendo ao povo uma festa que \u00e9 nossa, criada pelo ex-prefeito, meu saudoso pai Gilson Viana. Sem privatiza\u00e7\u00f5es, com inclus\u00e3o, alegria e muito respeito \u00e0 tradi\u00e7\u00e3o popular. \u00c9 uma festa feita para todos, com atra\u00e7\u00f5es para todas as idades e o sentimento de pertencimento do nosso povo.\u201d \u00a0\u00a0 Na sexta-feira (11) a abertura oficial da festa&hellip;","og_url":"https:\/\/blogdofarnesio.com.br\/?p=398115","og_site_name":"Blog do Farn\u00e9sio","article_publisher":"https:\/\/www.facebook.com\/BlogQuerSaberPolitica\/","article_author":"https:\/\/www.facebook.com\/?ref=tn_tnmn","article_published_time":"2025-07-10T17:44:20+00:00","og_image":[{"width":543,"height":439,"url":"https:\/\/blogdofarnesio.com.br\/wp-content\/uploads\/2025\/07\/WhatsApp-Image-2025-07-03-at-08.39.25-e1751575800968.jpeg","type":"image\/jpeg"}],"author":"Farn\u00e9sio","twitter_card":"summary_large_image","twitter_misc":{"Escrito por":"Farn\u00e9sio","Est. tempo de leitura":"3 minutos"},"schema":{"@context":"https:\/\/schema.org","@graph":[{"@type":"Article","@id":"https:\/\/blogdofarnesio.com.br\/?p=398115#article","isPartOf":{"@id":"https:\/\/blogdofarnesio.com.br\/?p=398115"},"author":{"name":"Farn\u00e9sio","@id":"https:\/\/blogdofarnesio.com.br\/#\/schema\/person\/bb9b23ae3ad0609ce8df7b6c9e76824d"},"headline":"Tudo pronto para a Festa do Interior 2025 de Casa Nova, com programa\u00e7\u00e3o durante todo o dia. Confira a programa\u00e7\u00e3o","datePublished":"2025-07-10T17:44:20+00:00","mainEntityOfPage":{"@id":"https:\/\/blogdofarnesio.com.br\/?p=398115"},"wordCount":420,"commentCount":0,"publisher":{"@id":"https:\/\/blogdofarnesio.com.br\/#organization"},"image":{"@id":"https:\/\/blogdofarnesio.com.br\/?p=398115#primaryimage"},"thumbnailUrl":"https:\/\/blogdofarnesio.com.br\/wp-content\/uploads\/2025\/07\/WhatsApp-Image-2025-07-03-at-08.39.25-e1751575800968.jpeg","articleSection":["Cidades"],"inLanguage":"pt-BR","potentialAction":[{"@type":"CommentAction","name":"Comment","target":["https:\/\/blogdofarnesio.com.br\/?p=398115#respond"]}]},{"@type":"WebPage","@id":"https:\/\/blogdofarnesio.com.br\/?p=398115","url":"https:\/\/blogdofarnesio.com.br\/?p=398115","name":"Tudo pronto para a Festa do Interior 2025 de Casa Nova, com programa\u00e7\u00e3o durante todo o dia. Confira a programa\u00e7\u00e3o - Blog do Farn\u00e9sio","isPartOf":{"@id":"https:\/\/blogdofarnesio.com.br\/#website"},"primaryImageOfPage":{"@id":"https:\/\/blogdofarnesio.com.br\/?p=398115#primaryimage"},"image":{"@id":"https:\/\/blogdofarnesio.com.br\/?p=398115#primaryimage"},"thumbnailUrl":"https:\/\/blogdofarnesio.com.br\/wp-content\/uploads\/2025\/07\/WhatsApp-Image-2025-07-03-at-08.39.25-e1751575800968.jpeg","datePublished":"2025-07-10T17:44:20+00:00","breadcrumb":{"@id":"https:\/\/blogdofarnesio.com.br\/?p=398115#breadcrumb"},"inLanguage":"pt-BR","potentialAction":[{"@type":"ReadAction","target":["https:\/\/blogdofarnesio.com.br\/?p=398115"]}]},{"@type":"ImageObject","inLanguage":"pt-BR","@id":"https:\/\/blogdofarnesio.com.br\/?p=398115#primaryimage","url":"https:\/\/blogdofarnesio.com.br\/wp-content\/uploads\/2025\/07\/WhatsApp-Image-2025-07-03-at-08.39.25-e1751575800968.jpeg","contentUrl":"https:\/\/blogdofarnesio.com.br\/wp-content\/uploads\/2025\/07\/WhatsApp-Image-2025-07-03-at-08.39.25-e1751575800968.jpeg","width":543,"height":439},{"@type":"BreadcrumbList","@id":"https:\/\/blogdofarnesio.com.br\/?p=398115#breadcrumb","itemListElement":[{"@type":"ListItem","position":1,"name":"In\u00edcio","item":"https:\/\/blogdofarnesio.com.br\/"},{"@type":"ListItem","position":2,"name":"Tudo pronto para a Festa do Interior 2025 de Casa Nova, com programa\u00e7\u00e3o durante todo o dia. Confira a programa\u00e7\u00e3o"}]},{"@type":"WebSite","@id":"https:\/\/blogdofarnesio.com.br\/#website","url":"https:\/\/blogdofarnesio.com.br\/","name":"Blog do Farn\u00e9sio","description":"Quer Saber Pol\u00edtica?","publisher":{"@id":"https:\/\/blogdofarnesio.com.br\/#organization"},"potentialAction":[{"@type":"SearchAction","target":{"@type":"EntryPoint","urlTemplate":"https:\/\/blogdofarnesio.com.br\/?s={search_term_string}"},"query-input":{"@type":"PropertyValueSpecification","valueRequired":true,"valueName":"search_term_string"}}],"inLanguage":"pt-BR"},{"@type":"Organization","@id":"https:\/\/blogdofarnesio.com.br\/#organization","name":"Blog do Farn\u00e9sio","url":"https:\/\/blogdofarnesio.com.br\/","logo":{"@type":"ImageObject","inLanguage":"pt-BR","@id":"https:\/\/blogdofarnesio.com.br\/#\/schema\/logo\/image\/","url":"https:\/\/blogdofarnesio.com.br\/wp-content\/uploads\/2026\/03\/cropped-logo_new-1.png","contentUrl":"https:\/\/blogdofarnesio.com.br\/wp-content\/uploads\/2026\/03\/cropped-logo_new-1.png","width":881,"height":685,"caption":"Blog do Farn\u00e9sio"},"image":{"@id":"https:\/\/blogdofarnesio.com.br\/#\/schema\/logo\/image\/"},"sameAs":["https:\/\/www.facebook.com\/BlogQuerSaberPolitica\/"]},{"@type":"Person","@id":"https:\/\/blogdofarnesio.com.br\/#\/schema\/person\/bb9b23ae3ad0609ce8df7b6c9e76824d","name":"Farn\u00e9sio","image":{"@type":"ImageObject","inLanguage":"pt-BR","@id":"https:\/\/secure.gravatar.com\/avatar\/986aa4c61ccdb66f8555bf88fc2a65609d00bcabd4d2d94377a727547345cbca?s=96&d=mm&r=g","url":"https:\/\/secure.gravatar.com\/avatar\/986aa4c61ccdb66f8555bf88fc2a65609d00bcabd4d2d94377a727547345cbca?s=96&d=mm&r=g","contentUrl":"https:\/\/secure.gravatar.com\/avatar\/986aa4c61ccdb66f8555bf88fc2a65609d00bcabd4d2d94377a727547345cbca?s=96&d=mm&r=g","caption":"Farn\u00e9sio"},"description":"Radialista blogueiro, chegou a Petrolina\/Juazeiro em setembro de 1980, Farn\u00e9sio Silva \u00e9 de Arapiraca-Alagoas.","sameAs":["http:\/\/blogdofarnesio.com.br","https:\/\/www.facebook.com\/?ref=tn_tnmn","https:\/\/www.instagram.com\/?utm_source=pwa_homescreen","https:\/\/youtube.com.br\/"],"url":"https:\/\/blogdofarnesio.com.br\/?author=2"}]}},"_links":{"self":[{"href":"https:\/\/blogdofarnesio.com.br\/index.php?rest_route=\/wp\/v2\/posts\/398115","targetHints":{"allow":["GET"]}}],"collection":[{"href":"https:\/\/blogdofarnesio.com.br\/index.php?rest_route=\/wp\/v2\/posts"}],"about":[{"href":"https:\/\/blogdofarnesio.com.br\/index.php?rest_route=\/wp\/v2\/types\/post"}],"author":[{"embeddable":true,"href":"https:\/\/blogdofarnesio.com.br\/index.php?rest_route=\/wp\/v2\/users\/2"}],"replies":[{"embeddable":true,"href":"https:\/\/blogdofarnesio.com.br\/index.php?rest_route=%2Fwp%2Fv2%2Fcomments&post=398115"}],"version-history":[{"count":0,"href":"https:\/\/blogdofarnesio.com.br\/index.php?rest_route=\/wp\/v2\/posts\/398115\/revisions"}],"wp:featuredmedia":[{"embeddable":true,"href":"https:\/\/blogdofarnesio.com.br\/index.php?rest_route=\/wp\/v2\/media\/397803"}],"wp:attachment":[{"href":"https:\/\/blogdofarnesio.com.br\/index.php?rest_route=%2Fwp%2Fv2%2Fmedia&parent=398115"}],"wp:term":[{"taxonomy":"category","embeddable":true,"href":"https:\/\/blogdofarnesio.com.br\/index.php?rest_route=%2Fwp%2Fv2%2Fcategories&post=398115"},{"taxonomy":"post_tag","embeddable":true,"href":"https:\/\/blogdofarnesio.com.br\/index.php?rest_route=%2Fwp%2Fv2%2Ftags&post=398115"}],"curies":[{"name":"wp","href":"https:\/\/api.w.org\/{rel}","templated":true}]}}