{"id":397820,"date":"2025-07-04T10:44:30","date_gmt":"2025-07-04T13:44:30","guid":{"rendered":"https:\/\/blogdofarnesio.com.br\/?p=397820"},"modified":"2025-07-04T08:59:53","modified_gmt":"2025-07-04T11:59:53","slug":"prefeitura-de-juazeiro-alerta-para-bloqueio-temporario-de-beneficios-por-falta-de-atualizacao-no-cadastro-unico","status":"publish","type":"post","link":"https:\/\/blogdofarnesio.com.br\/?p=397820","title":{"rendered":"Prefeitura de Juazeiro alerta para bloqueio tempor\u00e1rio de benef\u00edcios por falta de atualiza\u00e7\u00e3o no Cadastro \u00danico"},"content":{"rendered":"<p>A Prefeitura de Juazeiro, por meio da Secretaria de Desenvolvimento Social, Diversidade, Igualdade Racial e Combate \u00e0 Fome\/Sedes, alerta a popula\u00e7\u00e3o sobre o grande n\u00famero de bloqueios em benef\u00edcios sociais devido \u00e0 falta de atualiza\u00e7\u00e3o do Cadastro \u00danico\/Cad\u00danico por parte dos benefici\u00e1rios.<\/p>\n<p>Segundo a equipe t\u00e9cnica da Sedes, muitas fam\u00edlias est\u00e3o h\u00e1 mais de dois ou at\u00e9 tr\u00eas anos sem realizar a atualiza\u00e7\u00e3o obrigat\u00f3ria do cadastro, o que tem resultado no bloqueio autom\u00e1tico de benef\u00edcios como o Bolsa Fam\u00edlia e o Benef\u00edcio de Presta\u00e7\u00e3o Continuada (BPC).<\/p>\n<p>&#8220;A atualiza\u00e7\u00e3o cadastral deve ser feita a cada dois anos, ou antes, caso haja mudan\u00e7as de endere\u00e7o, renda ou composi\u00e7\u00e3o familiar. Infelizmente, muitos benefici\u00e1rios est\u00e3o deixando para resolver a situa\u00e7\u00e3o apenas ap\u00f3s o bloqueio&#8221;, destacou Erinaldo Alves, coordenador do Cad\u00danico em Juazeiro.<\/p>\n<p>Para atender \u00e0 demanda crescente, a Prefeitura disponibilizou a plataforma Agenda Online, onde 1.375 pessoas foram agendadas somente nos \u00faltimos 15 dias. Ainda assim, a capacidade de atendimento nos equipamentos da assist\u00eancia social tem sido sobrecarregada devido \u00e0 procura em massa.<\/p>\n<p>A Sedes orienta que a popula\u00e7\u00e3o n\u00e3o espere o bloqueio para buscar atendimento e mantenha os dados sempre atualizados para garantir a continuidade dos benef\u00edcios. Para promover um atendimento melhor, a sede do Cad\u00danico tamb\u00e9m vai ampliar a estrutura com mais cadeiras no local, mas a gest\u00e3o refor\u00e7a que a popula\u00e7\u00e3o procure as unidades apenas nos hor\u00e1rios de atendimento previstos no agendamento.<\/p>\n<p>Para os benefici\u00e1rios que precisam realizar a atualiza\u00e7\u00e3o, o novo prazo de agendamento online ser\u00e1 realizado no dia 18 de julho. No Cad\u00danico, o atendimento com agendamento \u00e9 realizado das 8h \u00e0s 17h.<\/p>\n<p>As unidades do Centro de Refer\u00eancia de Assist\u00eancia Social\/CRAS tamb\u00e9m oferecem atendimento via agendamento. As unidades localizadas no Jo\u00e3o Paulo II, Itaberaba, Tabuleiro, Malhada da Areia e Kid\u00e9 funcionam das 8h \u00e0s 14h.<\/p>\n<div><\/div>\n","protected":false},"excerpt":{"rendered":"<p>A Prefeitura de Juazeiro, por meio da Secretaria de Desenvolvimento Social, Diversidade, Igualdade Racial e Combate \u00e0 Fome\/Sedes, alerta a popula\u00e7\u00e3o sobre o grande n\u00famero de bloqueios em benef\u00edcios sociais devido \u00e0 falta de atualiza\u00e7\u00e3o do Cadastro \u00danico\/Cad\u00danico por parte dos benefici\u00e1rios. Segundo a equipe t\u00e9cnica da Sedes, muitas fam\u00edlias est\u00e3o h\u00e1 mais de dois ou at\u00e9 tr\u00eas anos sem realizar a atualiza\u00e7\u00e3o obrigat\u00f3ria do cadastro, o que tem resultado no bloqueio autom\u00e1tico de benef\u00edcios como o Bolsa Fam\u00edlia e o Benef\u00edcio de Presta\u00e7\u00e3o Continuada (BPC). &#8220;A atualiza\u00e7\u00e3o cadastral deve ser feita a cada dois anos, ou antes, caso haja mudan\u00e7as de endere\u00e7o, renda ou composi\u00e7\u00e3o familiar. Infelizmente, muitos benefici\u00e1rios est\u00e3o deixando para resolver a situa\u00e7\u00e3o apenas ap\u00f3s o bloqueio&#8221;,&hellip; <\/p>\n","protected":false},"author":2,"featured_media":397822,"comment_status":"open","ping_status":"open","sticky":false,"template":"","format":"standard","meta":{"_acf_changed":false,"footnotes":""},"categories":[22],"tags":[],"class_list":["post-397820","post","type-post","status-publish","format-standard","has-post-thumbnail","hentry","category-acao-social"],"acf":[],"yoast_head":"<!-- This site is optimized with the Yoast SEO plugin v27.4 - https:\/\/yoast.com\/product\/yoast-seo-wordpress\/ -->\n<title>Prefeitura de Juazeiro alerta para bloqueio tempor\u00e1rio de benef\u00edcios por falta de atualiza\u00e7\u00e3o no Cadastro \u00danico - Blog do Farn\u00e9sio<\/title>\n<meta name=\"robots\" content=\"index, follow, max-snippet:-1, max-image-preview:large, max-video-preview:-1\" \/>\n<link rel=\"canonical\" href=\"https:\/\/blogdofarnesio.com.br\/?p=397820\" \/>\n<meta property=\"og:locale\" content=\"pt_BR\" \/>\n<meta property=\"og:type\" content=\"article\" \/>\n<meta property=\"og:title\" content=\"Prefeitura de Juazeiro alerta para bloqueio tempor\u00e1rio de benef\u00edcios por falta de atualiza\u00e7\u00e3o no Cadastro \u00danico - Blog do Farn\u00e9sio\" \/>\n<meta property=\"og:description\" content=\"A Prefeitura de Juazeiro, por meio da Secretaria de Desenvolvimento Social, Diversidade, Igualdade Racial e Combate \u00e0 Fome\/Sedes, alerta a popula\u00e7\u00e3o sobre o grande n\u00famero de bloqueios em benef\u00edcios sociais devido \u00e0 falta de atualiza\u00e7\u00e3o do Cadastro \u00danico\/Cad\u00danico por parte dos benefici\u00e1rios. Segundo a equipe t\u00e9cnica da Sedes, muitas fam\u00edlias est\u00e3o h\u00e1 mais de dois ou at\u00e9 tr\u00eas anos sem realizar a atualiza\u00e7\u00e3o obrigat\u00f3ria do cadastro, o que tem resultado no bloqueio autom\u00e1tico de benef\u00edcios como o Bolsa Fam\u00edlia e o Benef\u00edcio de Presta\u00e7\u00e3o Continuada (BPC). &#8220;A atualiza\u00e7\u00e3o cadastral deve ser feita a cada dois anos, ou antes, caso haja mudan\u00e7as de endere\u00e7o, renda ou composi\u00e7\u00e3o familiar. Infelizmente, muitos benefici\u00e1rios est\u00e3o deixando para resolver a situa\u00e7\u00e3o apenas ap\u00f3s o bloqueio&#8221;,&hellip;\" \/>\n<meta property=\"og:url\" content=\"https:\/\/blogdofarnesio.com.br\/?p=397820\" \/>\n<meta property=\"og:site_name\" content=\"Blog do Farn\u00e9sio\" \/>\n<meta property=\"article:publisher\" content=\"https:\/\/www.facebook.com\/BlogQuerSaberPolitica\/\" \/>\n<meta property=\"article:author\" content=\"https:\/\/www.facebook.com\/?ref=tn_tnmn\" \/>\n<meta property=\"article:published_time\" content=\"2025-07-04T13:44:30+00:00\" \/>\n<meta property=\"og:image\" content=\"https:\/\/blogdofarnesio.com.br\/wp-content\/uploads\/2025\/07\/blogqspBolsa-Familia-Bloqueado-B123-1024x594-1-e1751630266151.png\" \/>\n\t<meta property=\"og:image:width\" content=\"570\" \/>\n\t<meta property=\"og:image:height\" content=\"284\" \/>\n\t<meta property=\"og:image:type\" content=\"image\/png\" \/>\n<meta name=\"author\" content=\"Farn\u00e9sio\" \/>\n<meta name=\"twitter:card\" content=\"summary_large_image\" \/>\n<meta name=\"twitter:label1\" content=\"Escrito por\" \/>\n\t<meta name=\"twitter:data1\" content=\"Farn\u00e9sio\" \/>\n\t<meta name=\"twitter:label2\" content=\"Est. tempo de leitura\" \/>\n\t<meta name=\"twitter:data2\" content=\"2 minutos\" \/>\n<script type=\"application\/ld+json\" class=\"yoast-schema-graph\">{\"@context\":\"https:\\\/\\\/schema.org\",\"@graph\":[{\"@type\":\"Article\",\"@id\":\"https:\\\/\\\/blogdofarnesio.com.br\\\/?p=397820#article\",\"isPartOf\":{\"@id\":\"https:\\\/\\\/blogdofarnesio.com.br\\\/?p=397820\"},\"author\":{\"name\":\"Farn\u00e9sio\",\"@id\":\"https:\\\/\\\/blogdofarnesio.com.br\\\/#\\\/schema\\\/person\\\/bb9b23ae3ad0609ce8df7b6c9e76824d\"},\"headline\":\"Prefeitura de Juazeiro alerta para bloqueio tempor\u00e1rio de benef\u00edcios por falta de atualiza\u00e7\u00e3o no Cadastro \u00danico\",\"datePublished\":\"2025-07-04T13:44:30+00:00\",\"mainEntityOfPage\":{\"@id\":\"https:\\\/\\\/blogdofarnesio.com.br\\\/?p=397820\"},\"wordCount\":354,\"commentCount\":0,\"publisher\":{\"@id\":\"https:\\\/\\\/blogdofarnesio.com.br\\\/#organization\"},\"image\":{\"@id\":\"https:\\\/\\\/blogdofarnesio.com.br\\\/?p=397820#primaryimage\"},\"thumbnailUrl\":\"https:\\\/\\\/blogdofarnesio.com.br\\\/wp-content\\\/uploads\\\/2025\\\/07\\\/blogqspBolsa-Familia-Bloqueado-B123-1024x594-1-e1751630266151.png\",\"articleSection\":[\"A\u00e7\u00e3o Social\"],\"inLanguage\":\"pt-BR\",\"potentialAction\":[{\"@type\":\"CommentAction\",\"name\":\"Comment\",\"target\":[\"https:\\\/\\\/blogdofarnesio.com.br\\\/?p=397820#respond\"]}]},{\"@type\":\"WebPage\",\"@id\":\"https:\\\/\\\/blogdofarnesio.com.br\\\/?p=397820\",\"url\":\"https:\\\/\\\/blogdofarnesio.com.br\\\/?p=397820\",\"name\":\"Prefeitura de Juazeiro alerta para bloqueio tempor\u00e1rio de benef\u00edcios por falta de atualiza\u00e7\u00e3o no Cadastro \u00danico - Blog do Farn\u00e9sio\",\"isPartOf\":{\"@id\":\"https:\\\/\\\/blogdofarnesio.com.br\\\/#website\"},\"primaryImageOfPage\":{\"@id\":\"https:\\\/\\\/blogdofarnesio.com.br\\\/?p=397820#primaryimage\"},\"image\":{\"@id\":\"https:\\\/\\\/blogdofarnesio.com.br\\\/?p=397820#primaryimage\"},\"thumbnailUrl\":\"https:\\\/\\\/blogdofarnesio.com.br\\\/wp-content\\\/uploads\\\/2025\\\/07\\\/blogqspBolsa-Familia-Bloqueado-B123-1024x594-1-e1751630266151.png\",\"datePublished\":\"2025-07-04T13:44:30+00:00\",\"breadcrumb\":{\"@id\":\"https:\\\/\\\/blogdofarnesio.com.br\\\/?p=397820#breadcrumb\"},\"inLanguage\":\"pt-BR\",\"potentialAction\":[{\"@type\":\"ReadAction\",\"target\":[\"https:\\\/\\\/blogdofarnesio.com.br\\\/?p=397820\"]}]},{\"@type\":\"ImageObject\",\"inLanguage\":\"pt-BR\",\"@id\":\"https:\\\/\\\/blogdofarnesio.com.br\\\/?p=397820#primaryimage\",\"url\":\"https:\\\/\\\/blogdofarnesio.com.br\\\/wp-content\\\/uploads\\\/2025\\\/07\\\/blogqspBolsa-Familia-Bloqueado-B123-1024x594-1-e1751630266151.png\",\"contentUrl\":\"https:\\\/\\\/blogdofarnesio.com.br\\\/wp-content\\\/uploads\\\/2025\\\/07\\\/blogqspBolsa-Familia-Bloqueado-B123-1024x594-1-e1751630266151.png\",\"width\":570,\"height\":284},{\"@type\":\"BreadcrumbList\",\"@id\":\"https:\\\/\\\/blogdofarnesio.com.br\\\/?p=397820#breadcrumb\",\"itemListElement\":[{\"@type\":\"ListItem\",\"position\":1,\"name\":\"In\u00edcio\",\"item\":\"https:\\\/\\\/blogdofarnesio.com.br\\\/\"},{\"@type\":\"ListItem\",\"position\":2,\"name\":\"Prefeitura de Juazeiro alerta para bloqueio tempor\u00e1rio de benef\u00edcios por falta de atualiza\u00e7\u00e3o no Cadastro \u00danico\"}]},{\"@type\":\"WebSite\",\"@id\":\"https:\\\/\\\/blogdofarnesio.com.br\\\/#website\",\"url\":\"https:\\\/\\\/blogdofarnesio.com.br\\\/\",\"name\":\"Blog do Farn\u00e9sio\",\"description\":\"Quer Saber Pol\u00edtica?\",\"publisher\":{\"@id\":\"https:\\\/\\\/blogdofarnesio.com.br\\\/#organization\"},\"potentialAction\":[{\"@type\":\"SearchAction\",\"target\":{\"@type\":\"EntryPoint\",\"urlTemplate\":\"https:\\\/\\\/blogdofarnesio.com.br\\\/?s={search_term_string}\"},\"query-input\":{\"@type\":\"PropertyValueSpecification\",\"valueRequired\":true,\"valueName\":\"search_term_string\"}}],\"inLanguage\":\"pt-BR\"},{\"@type\":\"Organization\",\"@id\":\"https:\\\/\\\/blogdofarnesio.com.br\\\/#organization\",\"name\":\"Blog do Farn\u00e9sio\",\"url\":\"https:\\\/\\\/blogdofarnesio.com.br\\\/\",\"logo\":{\"@type\":\"ImageObject\",\"inLanguage\":\"pt-BR\",\"@id\":\"https:\\\/\\\/blogdofarnesio.com.br\\\/#\\\/schema\\\/logo\\\/image\\\/\",\"url\":\"https:\\\/\\\/blogdofarnesio.com.br\\\/wp-content\\\/uploads\\\/2026\\\/03\\\/cropped-logo_new-1.png\",\"contentUrl\":\"https:\\\/\\\/blogdofarnesio.com.br\\\/wp-content\\\/uploads\\\/2026\\\/03\\\/cropped-logo_new-1.png\",\"width\":881,\"height\":685,\"caption\":\"Blog do Farn\u00e9sio\"},\"image\":{\"@id\":\"https:\\\/\\\/blogdofarnesio.com.br\\\/#\\\/schema\\\/logo\\\/image\\\/\"},\"sameAs\":[\"https:\\\/\\\/www.facebook.com\\\/BlogQuerSaberPolitica\\\/\"]},{\"@type\":\"Person\",\"@id\":\"https:\\\/\\\/blogdofarnesio.com.br\\\/#\\\/schema\\\/person\\\/bb9b23ae3ad0609ce8df7b6c9e76824d\",\"name\":\"Farn\u00e9sio\",\"image\":{\"@type\":\"ImageObject\",\"inLanguage\":\"pt-BR\",\"@id\":\"https:\\\/\\\/secure.gravatar.com\\\/avatar\\\/986aa4c61ccdb66f8555bf88fc2a65609d00bcabd4d2d94377a727547345cbca?s=96&d=mm&r=g\",\"url\":\"https:\\\/\\\/secure.gravatar.com\\\/avatar\\\/986aa4c61ccdb66f8555bf88fc2a65609d00bcabd4d2d94377a727547345cbca?s=96&d=mm&r=g\",\"contentUrl\":\"https:\\\/\\\/secure.gravatar.com\\\/avatar\\\/986aa4c61ccdb66f8555bf88fc2a65609d00bcabd4d2d94377a727547345cbca?s=96&d=mm&r=g\",\"caption\":\"Farn\u00e9sio\"},\"description\":\"Radialista blogueiro, chegou a Petrolina\\\/Juazeiro em setembro de 1980, Farn\u00e9sio Silva \u00e9 de Arapiraca-Alagoas.\",\"sameAs\":[\"http:\\\/\\\/blogdofarnesio.com.br\",\"https:\\\/\\\/www.facebook.com\\\/?ref=tn_tnmn\",\"https:\\\/\\\/www.instagram.com\\\/?utm_source=pwa_homescreen\",\"https:\\\/\\\/youtube.com.br\\\/\"],\"url\":\"https:\\\/\\\/blogdofarnesio.com.br\\\/?author=2\"}]}<\/script>\n<!-- \/ Yoast SEO plugin. -->","yoast_head_json":{"title":"Prefeitura de Juazeiro alerta para bloqueio tempor\u00e1rio de benef\u00edcios por falta de atualiza\u00e7\u00e3o no Cadastro \u00danico - Blog do Farn\u00e9sio","robots":{"index":"index","follow":"follow","max-snippet":"max-snippet:-1","max-image-preview":"max-image-preview:large","max-video-preview":"max-video-preview:-1"},"canonical":"https:\/\/blogdofarnesio.com.br\/?p=397820","og_locale":"pt_BR","og_type":"article","og_title":"Prefeitura de Juazeiro alerta para bloqueio tempor\u00e1rio de benef\u00edcios por falta de atualiza\u00e7\u00e3o no Cadastro \u00danico - Blog do Farn\u00e9sio","og_description":"A Prefeitura de Juazeiro, por meio da Secretaria de Desenvolvimento Social, Diversidade, Igualdade Racial e Combate \u00e0 Fome\/Sedes, alerta a popula\u00e7\u00e3o sobre o grande n\u00famero de bloqueios em benef\u00edcios sociais devido \u00e0 falta de atualiza\u00e7\u00e3o do Cadastro \u00danico\/Cad\u00danico por parte dos benefici\u00e1rios. Segundo a equipe t\u00e9cnica da Sedes, muitas fam\u00edlias est\u00e3o h\u00e1 mais de dois ou at\u00e9 tr\u00eas anos sem realizar a atualiza\u00e7\u00e3o obrigat\u00f3ria do cadastro, o que tem resultado no bloqueio autom\u00e1tico de benef\u00edcios como o Bolsa Fam\u00edlia e o Benef\u00edcio de Presta\u00e7\u00e3o Continuada (BPC). &#8220;A atualiza\u00e7\u00e3o cadastral deve ser feita a cada dois anos, ou antes, caso haja mudan\u00e7as de endere\u00e7o, renda ou composi\u00e7\u00e3o familiar. Infelizmente, muitos benefici\u00e1rios est\u00e3o deixando para resolver a situa\u00e7\u00e3o apenas ap\u00f3s o bloqueio&#8221;,&hellip;","og_url":"https:\/\/blogdofarnesio.com.br\/?p=397820","og_site_name":"Blog do Farn\u00e9sio","article_publisher":"https:\/\/www.facebook.com\/BlogQuerSaberPolitica\/","article_author":"https:\/\/www.facebook.com\/?ref=tn_tnmn","article_published_time":"2025-07-04T13:44:30+00:00","og_image":[{"width":570,"height":284,"url":"https:\/\/blogdofarnesio.com.br\/wp-content\/uploads\/2025\/07\/blogqspBolsa-Familia-Bloqueado-B123-1024x594-1-e1751630266151.png","type":"image\/png"}],"author":"Farn\u00e9sio","twitter_card":"summary_large_image","twitter_misc":{"Escrito por":"Farn\u00e9sio","Est. tempo de leitura":"2 minutos"},"schema":{"@context":"https:\/\/schema.org","@graph":[{"@type":"Article","@id":"https:\/\/blogdofarnesio.com.br\/?p=397820#article","isPartOf":{"@id":"https:\/\/blogdofarnesio.com.br\/?p=397820"},"author":{"name":"Farn\u00e9sio","@id":"https:\/\/blogdofarnesio.com.br\/#\/schema\/person\/bb9b23ae3ad0609ce8df7b6c9e76824d"},"headline":"Prefeitura de Juazeiro alerta para bloqueio tempor\u00e1rio de benef\u00edcios por falta de atualiza\u00e7\u00e3o no Cadastro \u00danico","datePublished":"2025-07-04T13:44:30+00:00","mainEntityOfPage":{"@id":"https:\/\/blogdofarnesio.com.br\/?p=397820"},"wordCount":354,"commentCount":0,"publisher":{"@id":"https:\/\/blogdofarnesio.com.br\/#organization"},"image":{"@id":"https:\/\/blogdofarnesio.com.br\/?p=397820#primaryimage"},"thumbnailUrl":"https:\/\/blogdofarnesio.com.br\/wp-content\/uploads\/2025\/07\/blogqspBolsa-Familia-Bloqueado-B123-1024x594-1-e1751630266151.png","articleSection":["A\u00e7\u00e3o Social"],"inLanguage":"pt-BR","potentialAction":[{"@type":"CommentAction","name":"Comment","target":["https:\/\/blogdofarnesio.com.br\/?p=397820#respond"]}]},{"@type":"WebPage","@id":"https:\/\/blogdofarnesio.com.br\/?p=397820","url":"https:\/\/blogdofarnesio.com.br\/?p=397820","name":"Prefeitura de Juazeiro alerta para bloqueio tempor\u00e1rio de benef\u00edcios por falta de atualiza\u00e7\u00e3o no Cadastro \u00danico - Blog do Farn\u00e9sio","isPartOf":{"@id":"https:\/\/blogdofarnesio.com.br\/#website"},"primaryImageOfPage":{"@id":"https:\/\/blogdofarnesio.com.br\/?p=397820#primaryimage"},"image":{"@id":"https:\/\/blogdofarnesio.com.br\/?p=397820#primaryimage"},"thumbnailUrl":"https:\/\/blogdofarnesio.com.br\/wp-content\/uploads\/2025\/07\/blogqspBolsa-Familia-Bloqueado-B123-1024x594-1-e1751630266151.png","datePublished":"2025-07-04T13:44:30+00:00","breadcrumb":{"@id":"https:\/\/blogdofarnesio.com.br\/?p=397820#breadcrumb"},"inLanguage":"pt-BR","potentialAction":[{"@type":"ReadAction","target":["https:\/\/blogdofarnesio.com.br\/?p=397820"]}]},{"@type":"ImageObject","inLanguage":"pt-BR","@id":"https:\/\/blogdofarnesio.com.br\/?p=397820#primaryimage","url":"https:\/\/blogdofarnesio.com.br\/wp-content\/uploads\/2025\/07\/blogqspBolsa-Familia-Bloqueado-B123-1024x594-1-e1751630266151.png","contentUrl":"https:\/\/blogdofarnesio.com.br\/wp-content\/uploads\/2025\/07\/blogqspBolsa-Familia-Bloqueado-B123-1024x594-1-e1751630266151.png","width":570,"height":284},{"@type":"BreadcrumbList","@id":"https:\/\/blogdofarnesio.com.br\/?p=397820#breadcrumb","itemListElement":[{"@type":"ListItem","position":1,"name":"In\u00edcio","item":"https:\/\/blogdofarnesio.com.br\/"},{"@type":"ListItem","position":2,"name":"Prefeitura de Juazeiro alerta para bloqueio tempor\u00e1rio de benef\u00edcios por falta de atualiza\u00e7\u00e3o no Cadastro \u00danico"}]},{"@type":"WebSite","@id":"https:\/\/blogdofarnesio.com.br\/#website","url":"https:\/\/blogdofarnesio.com.br\/","name":"Blog do Farn\u00e9sio","description":"Quer Saber Pol\u00edtica?","publisher":{"@id":"https:\/\/blogdofarnesio.com.br\/#organization"},"potentialAction":[{"@type":"SearchAction","target":{"@type":"EntryPoint","urlTemplate":"https:\/\/blogdofarnesio.com.br\/?s={search_term_string}"},"query-input":{"@type":"PropertyValueSpecification","valueRequired":true,"valueName":"search_term_string"}}],"inLanguage":"pt-BR"},{"@type":"Organization","@id":"https:\/\/blogdofarnesio.com.br\/#organization","name":"Blog do Farn\u00e9sio","url":"https:\/\/blogdofarnesio.com.br\/","logo":{"@type":"ImageObject","inLanguage":"pt-BR","@id":"https:\/\/blogdofarnesio.com.br\/#\/schema\/logo\/image\/","url":"https:\/\/blogdofarnesio.com.br\/wp-content\/uploads\/2026\/03\/cropped-logo_new-1.png","contentUrl":"https:\/\/blogdofarnesio.com.br\/wp-content\/uploads\/2026\/03\/cropped-logo_new-1.png","width":881,"height":685,"caption":"Blog do Farn\u00e9sio"},"image":{"@id":"https:\/\/blogdofarnesio.com.br\/#\/schema\/logo\/image\/"},"sameAs":["https:\/\/www.facebook.com\/BlogQuerSaberPolitica\/"]},{"@type":"Person","@id":"https:\/\/blogdofarnesio.com.br\/#\/schema\/person\/bb9b23ae3ad0609ce8df7b6c9e76824d","name":"Farn\u00e9sio","image":{"@type":"ImageObject","inLanguage":"pt-BR","@id":"https:\/\/secure.gravatar.com\/avatar\/986aa4c61ccdb66f8555bf88fc2a65609d00bcabd4d2d94377a727547345cbca?s=96&d=mm&r=g","url":"https:\/\/secure.gravatar.com\/avatar\/986aa4c61ccdb66f8555bf88fc2a65609d00bcabd4d2d94377a727547345cbca?s=96&d=mm&r=g","contentUrl":"https:\/\/secure.gravatar.com\/avatar\/986aa4c61ccdb66f8555bf88fc2a65609d00bcabd4d2d94377a727547345cbca?s=96&d=mm&r=g","caption":"Farn\u00e9sio"},"description":"Radialista blogueiro, chegou a Petrolina\/Juazeiro em setembro de 1980, Farn\u00e9sio Silva \u00e9 de Arapiraca-Alagoas.","sameAs":["http:\/\/blogdofarnesio.com.br","https:\/\/www.facebook.com\/?ref=tn_tnmn","https:\/\/www.instagram.com\/?utm_source=pwa_homescreen","https:\/\/youtube.com.br\/"],"url":"https:\/\/blogdofarnesio.com.br\/?author=2"}]}},"_links":{"self":[{"href":"https:\/\/blogdofarnesio.com.br\/index.php?rest_route=\/wp\/v2\/posts\/397820","targetHints":{"allow":["GET"]}}],"collection":[{"href":"https:\/\/blogdofarnesio.com.br\/index.php?rest_route=\/wp\/v2\/posts"}],"about":[{"href":"https:\/\/blogdofarnesio.com.br\/index.php?rest_route=\/wp\/v2\/types\/post"}],"author":[{"embeddable":true,"href":"https:\/\/blogdofarnesio.com.br\/index.php?rest_route=\/wp\/v2\/users\/2"}],"replies":[{"embeddable":true,"href":"https:\/\/blogdofarnesio.com.br\/index.php?rest_route=%2Fwp%2Fv2%2Fcomments&post=397820"}],"version-history":[{"count":0,"href":"https:\/\/blogdofarnesio.com.br\/index.php?rest_route=\/wp\/v2\/posts\/397820\/revisions"}],"wp:featuredmedia":[{"embeddable":true,"href":"https:\/\/blogdofarnesio.com.br\/index.php?rest_route=\/wp\/v2\/media\/397822"}],"wp:attachment":[{"href":"https:\/\/blogdofarnesio.com.br\/index.php?rest_route=%2Fwp%2Fv2%2Fmedia&parent=397820"}],"wp:term":[{"taxonomy":"category","embeddable":true,"href":"https:\/\/blogdofarnesio.com.br\/index.php?rest_route=%2Fwp%2Fv2%2Fcategories&post=397820"},{"taxonomy":"post_tag","embeddable":true,"href":"https:\/\/blogdofarnesio.com.br\/index.php?rest_route=%2Fwp%2Fv2%2Ftags&post=397820"}],"curies":[{"name":"wp","href":"https:\/\/api.w.org\/{rel}","templated":true}]}}