{"id":395820,"date":"2025-06-06T15:22:31","date_gmt":"2025-06-06T18:22:31","guid":{"rendered":"https:\/\/blogdofarnesio.com.br\/?p=395820"},"modified":"2025-06-06T12:08:55","modified_gmt":"2025-06-06T15:08:55","slug":"professores-de-atendimento-educacional-especializado-participam-de-formacao-promovida-pela-secretaria-de-educacao-de-juazeiro","status":"publish","type":"post","link":"https:\/\/blogdofarnesio.com.br\/2025\/06\/professores-de-atendimento-educacional-especializado-participam-de-formacao-promovida-pela-secretaria-de-educacao-de-juazeiro\/","title":{"rendered":"Professores de atendimento educacional especializado participam de forma\u00e7\u00e3o promovida pela Secretaria de Educa\u00e7\u00e3o de Juazeiro"},"content":{"rendered":"<p style=\"font-weight: 400;\">Os professores de atendimento educacional especializado\/AEE da rede municipal de ensino de Juazeiro participaram, nesta quinta-feira (05), do quarto encontro formativo promovido pela Diretoria de Educa\u00e7\u00e3o Inclusiva da Secretaria de Educa\u00e7\u00e3o\/Seduc.<\/p>\n<p style=\"font-weight: 400;\">A a\u00e7\u00e3o, realizada no audit\u00f3rio da Seduc, teve como objetivo discutir o Plano Educacional Individualizado\/PEI.<\/p>\n<p style=\"font-weight: 400;\">O encontro foi conduzido pela diretora de Educa\u00e7\u00e3o Inclusiva, Carliane de Oliveira, e contou com a participa\u00e7\u00e3o de aproximadamente 140 professores. \u201cA discuss\u00e3o de hoje foi o PEI, pois Juazeiro come\u00e7a a fazer as reflex\u00f5es dos estudos e vai iniciar a operacionaliza\u00e7\u00e3o na escola.<\/p>\n<p style=\"font-weight: 400;\">Ent\u00e3o, o professor de AEE vai mobilizar a escola, em parceria com o coordenador pedag\u00f3gico e o professor da sala regular, para que cada estudante com defici\u00eancia tenha um plano espec\u00edfico de aprendizagem, que \u00e9 o PEI\u201d.<\/p>\n<p style=\"font-weight: 400;\">A diretoria ainda aproveitou a forma\u00e7\u00e3o para lan\u00e7ar a \u00e1rea de AEE da plataforma EducaJu\u00e1. \u201cEssa \u00e1rea traz recursos adaptados para que os professores de AEE e professores de sala regular tenham acesso a atividades adaptadas para estudantes com defici\u00eancia.<\/p>\n<p style=\"font-weight: 400;\">Nesse espa\u00e7o, os professores podem cadastrar atividades, descrevendo-as, informando os recursos a serem utilizados, links e imagens. O material fica dispon\u00edvel na plataforma e pode ser usado tanto na sala de recursos como na sala regular\u201d, explicou o professor Matheus Vin\u00edcius Vidal, respons\u00e1vel pela cria\u00e7\u00e3o da ferramenta.<\/p>\n<p style=\"font-weight: 400;\">Para a professora de AEE da Escola Municipal Judite Leal Costa, Rita de C\u00e1ssia Alves Rodrigues, a plataforma ser\u00e1 um recurso importante para a rede municipal de ensino. \u201cEssa plataforma \u00e9 uma inova\u00e7\u00e3o para o nosso munic\u00edpio e eu estou achando fant\u00e1stico. N\u00f3s poderemos criar, socializar e utilizar esses recursos de uma forma mais abrangente, a n\u00edvel de rede municipal\u201d, avaliou a professora.<\/p>\n<p style=\"font-weight: 400;\">&#8212;<\/p>\n<p style=\"font-weight: 400;\">Eneida Trindade \u2013 Ascom\/PMJ<\/p>\n","protected":false},"excerpt":{"rendered":"<p>Os professores de atendimento educacional especializado\/AEE da rede municipal de ensino de Juazeiro participaram, nesta quinta-feira (05), do quarto encontro formativo promovido pela Diretoria de Educa\u00e7\u00e3o Inclusiva da Secretaria de Educa\u00e7\u00e3o\/Seduc. A a\u00e7\u00e3o, realizada no audit\u00f3rio da Seduc, teve como objetivo discutir o Plano Educacional Individualizado\/PEI. O encontro foi conduzido pela diretora de Educa\u00e7\u00e3o Inclusiva, Carliane de Oliveira, e contou com a participa\u00e7\u00e3o de aproximadamente 140 professores. \u201cA discuss\u00e3o de hoje foi o PEI, pois Juazeiro come\u00e7a a fazer as reflex\u00f5es dos estudos e vai iniciar a operacionaliza\u00e7\u00e3o na escola. Ent\u00e3o, o professor de AEE vai mobilizar a escola, em parceria com o coordenador pedag\u00f3gico e o professor da sala regular, para que cada estudante com defici\u00eancia tenha um plano&hellip; <\/p>\n","protected":false},"author":2,"featured_media":395821,"comment_status":"open","ping_status":"open","sticky":false,"template":"","format":"standard","meta":{"_acf_changed":false,"footnotes":""},"categories":[6],"tags":[],"class_list":["post-395820","post","type-post","status-publish","format-standard","has-post-thumbnail","hentry","category-educacao"],"acf":[],"yoast_head":"<!-- This site is optimized with the Yoast SEO plugin v27.5 - https:\/\/yoast.com\/product\/yoast-seo-wordpress\/ -->\n<title>Professores de atendimento educacional especializado participam de forma\u00e7\u00e3o promovida pela Secretaria de Educa\u00e7\u00e3o de Juazeiro - Blog do Farn\u00e9sio<\/title>\n<meta name=\"robots\" content=\"index, follow, max-snippet:-1, max-image-preview:large, max-video-preview:-1\" \/>\n<link rel=\"canonical\" href=\"https:\/\/blogdofarnesio.com.br\/2025\/06\/professores-de-atendimento-educacional-especializado-participam-de-formacao-promovida-pela-secretaria-de-educacao-de-juazeiro\/\" \/>\n<meta property=\"og:locale\" content=\"pt_BR\" \/>\n<meta property=\"og:type\" content=\"article\" \/>\n<meta property=\"og:title\" content=\"Professores de atendimento educacional especializado participam de forma\u00e7\u00e3o promovida pela Secretaria de Educa\u00e7\u00e3o de Juazeiro - Blog do Farn\u00e9sio\" \/>\n<meta property=\"og:description\" content=\"Os professores de atendimento educacional especializado\/AEE da rede municipal de ensino de Juazeiro participaram, nesta quinta-feira (05), do quarto encontro formativo promovido pela Diretoria de Educa\u00e7\u00e3o Inclusiva da Secretaria de Educa\u00e7\u00e3o\/Seduc. A a\u00e7\u00e3o, realizada no audit\u00f3rio da Seduc, teve como objetivo discutir o Plano Educacional Individualizado\/PEI. O encontro foi conduzido pela diretora de Educa\u00e7\u00e3o Inclusiva, Carliane de Oliveira, e contou com a participa\u00e7\u00e3o de aproximadamente 140 professores. \u201cA discuss\u00e3o de hoje foi o PEI, pois Juazeiro come\u00e7a a fazer as reflex\u00f5es dos estudos e vai iniciar a operacionaliza\u00e7\u00e3o na escola. Ent\u00e3o, o professor de AEE vai mobilizar a escola, em parceria com o coordenador pedag\u00f3gico e o professor da sala regular, para que cada estudante com defici\u00eancia tenha um plano&hellip;\" \/>\n<meta property=\"og:url\" content=\"https:\/\/blogdofarnesio.com.br\/2025\/06\/professores-de-atendimento-educacional-especializado-participam-de-formacao-promovida-pela-secretaria-de-educacao-de-juazeiro\/\" \/>\n<meta property=\"og:site_name\" content=\"Blog do Farn\u00e9sio\" \/>\n<meta property=\"article:publisher\" content=\"https:\/\/www.facebook.com\/BlogQuerSaberPolitica\/\" \/>\n<meta property=\"article:author\" content=\"https:\/\/www.facebook.com\/?ref=tn_tnmn\" \/>\n<meta property=\"article:published_time\" content=\"2025-06-06T18:22:31+00:00\" \/>\n<meta property=\"og:image\" content=\"https:\/\/blogdofarnesio.com.br\/wp-content\/uploads\/2025\/06\/Formacao-AEE-2-e1749156565871.jpeg\" \/>\n\t<meta property=\"og:image:width\" content=\"580\" \/>\n\t<meta property=\"og:image:height\" content=\"358\" \/>\n\t<meta property=\"og:image:type\" content=\"image\/jpeg\" \/>\n<meta name=\"author\" content=\"Farn\u00e9sio\" \/>\n<meta name=\"twitter:card\" content=\"summary_large_image\" \/>\n<meta name=\"twitter:label1\" content=\"Escrito por\" \/>\n\t<meta name=\"twitter:data1\" content=\"Farn\u00e9sio\" \/>\n\t<meta name=\"twitter:label2\" content=\"Est. tempo de leitura\" \/>\n\t<meta name=\"twitter:data2\" content=\"2 minutos\" \/>\n<script type=\"application\/ld+json\" class=\"yoast-schema-graph\">{\"@context\":\"https:\\\/\\\/schema.org\",\"@graph\":[{\"@type\":\"Article\",\"@id\":\"https:\\\/\\\/blogdofarnesio.com.br\\\/2025\\\/06\\\/professores-de-atendimento-educacional-especializado-participam-de-formacao-promovida-pela-secretaria-de-educacao-de-juazeiro\\\/#article\",\"isPartOf\":{\"@id\":\"https:\\\/\\\/blogdofarnesio.com.br\\\/2025\\\/06\\\/professores-de-atendimento-educacional-especializado-participam-de-formacao-promovida-pela-secretaria-de-educacao-de-juazeiro\\\/\"},\"author\":{\"name\":\"Farn\u00e9sio\",\"@id\":\"https:\\\/\\\/blogdofarnesio.com.br\\\/#\\\/schema\\\/person\\\/bb9b23ae3ad0609ce8df7b6c9e76824d\"},\"headline\":\"Professores de atendimento educacional especializado participam de forma\u00e7\u00e3o promovida pela Secretaria de Educa\u00e7\u00e3o de Juazeiro\",\"datePublished\":\"2025-06-06T18:22:31+00:00\",\"mainEntityOfPage\":{\"@id\":\"https:\\\/\\\/blogdofarnesio.com.br\\\/2025\\\/06\\\/professores-de-atendimento-educacional-especializado-participam-de-formacao-promovida-pela-secretaria-de-educacao-de-juazeiro\\\/\"},\"wordCount\":326,\"commentCount\":0,\"publisher\":{\"@id\":\"https:\\\/\\\/blogdofarnesio.com.br\\\/#organization\"},\"image\":{\"@id\":\"https:\\\/\\\/blogdofarnesio.com.br\\\/2025\\\/06\\\/professores-de-atendimento-educacional-especializado-participam-de-formacao-promovida-pela-secretaria-de-educacao-de-juazeiro\\\/#primaryimage\"},\"thumbnailUrl\":\"https:\\\/\\\/blogdofarnesio.com.br\\\/wp-content\\\/uploads\\\/2025\\\/06\\\/Formacao-AEE-2-e1749156565871.jpeg\",\"articleSection\":[\"Educa\u00e7\u00e3o\"],\"inLanguage\":\"pt-BR\",\"potentialAction\":[{\"@type\":\"CommentAction\",\"name\":\"Comment\",\"target\":[\"https:\\\/\\\/blogdofarnesio.com.br\\\/2025\\\/06\\\/professores-de-atendimento-educacional-especializado-participam-de-formacao-promovida-pela-secretaria-de-educacao-de-juazeiro\\\/#respond\"]}]},{\"@type\":\"WebPage\",\"@id\":\"https:\\\/\\\/blogdofarnesio.com.br\\\/2025\\\/06\\\/professores-de-atendimento-educacional-especializado-participam-de-formacao-promovida-pela-secretaria-de-educacao-de-juazeiro\\\/\",\"url\":\"https:\\\/\\\/blogdofarnesio.com.br\\\/2025\\\/06\\\/professores-de-atendimento-educacional-especializado-participam-de-formacao-promovida-pela-secretaria-de-educacao-de-juazeiro\\\/\",\"name\":\"Professores de atendimento educacional especializado participam de forma\u00e7\u00e3o promovida pela Secretaria de Educa\u00e7\u00e3o de Juazeiro - Blog do Farn\u00e9sio\",\"isPartOf\":{\"@id\":\"https:\\\/\\\/blogdofarnesio.com.br\\\/#website\"},\"primaryImageOfPage\":{\"@id\":\"https:\\\/\\\/blogdofarnesio.com.br\\\/2025\\\/06\\\/professores-de-atendimento-educacional-especializado-participam-de-formacao-promovida-pela-secretaria-de-educacao-de-juazeiro\\\/#primaryimage\"},\"image\":{\"@id\":\"https:\\\/\\\/blogdofarnesio.com.br\\\/2025\\\/06\\\/professores-de-atendimento-educacional-especializado-participam-de-formacao-promovida-pela-secretaria-de-educacao-de-juazeiro\\\/#primaryimage\"},\"thumbnailUrl\":\"https:\\\/\\\/blogdofarnesio.com.br\\\/wp-content\\\/uploads\\\/2025\\\/06\\\/Formacao-AEE-2-e1749156565871.jpeg\",\"datePublished\":\"2025-06-06T18:22:31+00:00\",\"breadcrumb\":{\"@id\":\"https:\\\/\\\/blogdofarnesio.com.br\\\/2025\\\/06\\\/professores-de-atendimento-educacional-especializado-participam-de-formacao-promovida-pela-secretaria-de-educacao-de-juazeiro\\\/#breadcrumb\"},\"inLanguage\":\"pt-BR\",\"potentialAction\":[{\"@type\":\"ReadAction\",\"target\":[\"https:\\\/\\\/blogdofarnesio.com.br\\\/2025\\\/06\\\/professores-de-atendimento-educacional-especializado-participam-de-formacao-promovida-pela-secretaria-de-educacao-de-juazeiro\\\/\"]}]},{\"@type\":\"ImageObject\",\"inLanguage\":\"pt-BR\",\"@id\":\"https:\\\/\\\/blogdofarnesio.com.br\\\/2025\\\/06\\\/professores-de-atendimento-educacional-especializado-participam-de-formacao-promovida-pela-secretaria-de-educacao-de-juazeiro\\\/#primaryimage\",\"url\":\"https:\\\/\\\/blogdofarnesio.com.br\\\/wp-content\\\/uploads\\\/2025\\\/06\\\/Formacao-AEE-2-e1749156565871.jpeg\",\"contentUrl\":\"https:\\\/\\\/blogdofarnesio.com.br\\\/wp-content\\\/uploads\\\/2025\\\/06\\\/Formacao-AEE-2-e1749156565871.jpeg\",\"width\":580,\"height\":358},{\"@type\":\"BreadcrumbList\",\"@id\":\"https:\\\/\\\/blogdofarnesio.com.br\\\/2025\\\/06\\\/professores-de-atendimento-educacional-especializado-participam-de-formacao-promovida-pela-secretaria-de-educacao-de-juazeiro\\\/#breadcrumb\",\"itemListElement\":[{\"@type\":\"ListItem\",\"position\":1,\"name\":\"In\u00edcio\",\"item\":\"https:\\\/\\\/blogdofarnesio.com.br\\\/\"},{\"@type\":\"ListItem\",\"position\":2,\"name\":\"Professores de atendimento educacional especializado participam de forma\u00e7\u00e3o promovida pela Secretaria de Educa\u00e7\u00e3o de Juazeiro\"}]},{\"@type\":\"WebSite\",\"@id\":\"https:\\\/\\\/blogdofarnesio.com.br\\\/#website\",\"url\":\"https:\\\/\\\/blogdofarnesio.com.br\\\/\",\"name\":\"Blog do Farn\u00e9sio\",\"description\":\"Quer Saber Pol\u00edtica?\",\"publisher\":{\"@id\":\"https:\\\/\\\/blogdofarnesio.com.br\\\/#organization\"},\"potentialAction\":[{\"@type\":\"SearchAction\",\"target\":{\"@type\":\"EntryPoint\",\"urlTemplate\":\"https:\\\/\\\/blogdofarnesio.com.br\\\/?s={search_term_string}\"},\"query-input\":{\"@type\":\"PropertyValueSpecification\",\"valueRequired\":true,\"valueName\":\"search_term_string\"}}],\"inLanguage\":\"pt-BR\"},{\"@type\":\"Organization\",\"@id\":\"https:\\\/\\\/blogdofarnesio.com.br\\\/#organization\",\"name\":\"Blog do Farn\u00e9sio\",\"url\":\"https:\\\/\\\/blogdofarnesio.com.br\\\/\",\"logo\":{\"@type\":\"ImageObject\",\"inLanguage\":\"pt-BR\",\"@id\":\"https:\\\/\\\/blogdofarnesio.com.br\\\/#\\\/schema\\\/logo\\\/image\\\/\",\"url\":\"https:\\\/\\\/blogdofarnesio.com.br\\\/wp-content\\\/uploads\\\/2026\\\/03\\\/cropped-logo_new-1.png\",\"contentUrl\":\"https:\\\/\\\/blogdofarnesio.com.br\\\/wp-content\\\/uploads\\\/2026\\\/03\\\/cropped-logo_new-1.png\",\"width\":881,\"height\":685,\"caption\":\"Blog do Farn\u00e9sio\"},\"image\":{\"@id\":\"https:\\\/\\\/blogdofarnesio.com.br\\\/#\\\/schema\\\/logo\\\/image\\\/\"},\"sameAs\":[\"https:\\\/\\\/www.facebook.com\\\/BlogQuerSaberPolitica\\\/\"]},{\"@type\":\"Person\",\"@id\":\"https:\\\/\\\/blogdofarnesio.com.br\\\/#\\\/schema\\\/person\\\/bb9b23ae3ad0609ce8df7b6c9e76824d\",\"name\":\"Farn\u00e9sio\",\"image\":{\"@type\":\"ImageObject\",\"inLanguage\":\"pt-BR\",\"@id\":\"https:\\\/\\\/secure.gravatar.com\\\/avatar\\\/986aa4c61ccdb66f8555bf88fc2a65609d00bcabd4d2d94377a727547345cbca?s=96&d=mm&r=g\",\"url\":\"https:\\\/\\\/secure.gravatar.com\\\/avatar\\\/986aa4c61ccdb66f8555bf88fc2a65609d00bcabd4d2d94377a727547345cbca?s=96&d=mm&r=g\",\"contentUrl\":\"https:\\\/\\\/secure.gravatar.com\\\/avatar\\\/986aa4c61ccdb66f8555bf88fc2a65609d00bcabd4d2d94377a727547345cbca?s=96&d=mm&r=g\",\"caption\":\"Farn\u00e9sio\"},\"description\":\"Radialista blogueiro, chegou a Petrolina\\\/Juazeiro em setembro de 1980, Farn\u00e9sio Silva \u00e9 de Arapiraca-Alagoas.\",\"sameAs\":[\"http:\\\/\\\/blogdofarnesio.com.br\",\"https:\\\/\\\/www.facebook.com\\\/?ref=tn_tnmn\",\"https:\\\/\\\/www.instagram.com\\\/?utm_source=pwa_homescreen\",\"https:\\\/\\\/youtube.com.br\\\/\"],\"url\":\"https:\\\/\\\/blogdofarnesio.com.br\\\/author\\\/farnesio-2\\\/\"}]}<\/script>\n<!-- \/ Yoast SEO plugin. -->","yoast_head_json":{"title":"Professores de atendimento educacional especializado participam de forma\u00e7\u00e3o promovida pela Secretaria de Educa\u00e7\u00e3o de Juazeiro - Blog do Farn\u00e9sio","robots":{"index":"index","follow":"follow","max-snippet":"max-snippet:-1","max-image-preview":"max-image-preview:large","max-video-preview":"max-video-preview:-1"},"canonical":"https:\/\/blogdofarnesio.com.br\/2025\/06\/professores-de-atendimento-educacional-especializado-participam-de-formacao-promovida-pela-secretaria-de-educacao-de-juazeiro\/","og_locale":"pt_BR","og_type":"article","og_title":"Professores de atendimento educacional especializado participam de forma\u00e7\u00e3o promovida pela Secretaria de Educa\u00e7\u00e3o de Juazeiro - Blog do Farn\u00e9sio","og_description":"Os professores de atendimento educacional especializado\/AEE da rede municipal de ensino de Juazeiro participaram, nesta quinta-feira (05), do quarto encontro formativo promovido pela Diretoria de Educa\u00e7\u00e3o Inclusiva da Secretaria de Educa\u00e7\u00e3o\/Seduc. A a\u00e7\u00e3o, realizada no audit\u00f3rio da Seduc, teve como objetivo discutir o Plano Educacional Individualizado\/PEI. O encontro foi conduzido pela diretora de Educa\u00e7\u00e3o Inclusiva, Carliane de Oliveira, e contou com a participa\u00e7\u00e3o de aproximadamente 140 professores. \u201cA discuss\u00e3o de hoje foi o PEI, pois Juazeiro come\u00e7a a fazer as reflex\u00f5es dos estudos e vai iniciar a operacionaliza\u00e7\u00e3o na escola. Ent\u00e3o, o professor de AEE vai mobilizar a escola, em parceria com o coordenador pedag\u00f3gico e o professor da sala regular, para que cada estudante com defici\u00eancia tenha um plano&hellip;","og_url":"https:\/\/blogdofarnesio.com.br\/2025\/06\/professores-de-atendimento-educacional-especializado-participam-de-formacao-promovida-pela-secretaria-de-educacao-de-juazeiro\/","og_site_name":"Blog do Farn\u00e9sio","article_publisher":"https:\/\/www.facebook.com\/BlogQuerSaberPolitica\/","article_author":"https:\/\/www.facebook.com\/?ref=tn_tnmn","article_published_time":"2025-06-06T18:22:31+00:00","og_image":[{"width":580,"height":358,"url":"https:\/\/blogdofarnesio.com.br\/wp-content\/uploads\/2025\/06\/Formacao-AEE-2-e1749156565871.jpeg","type":"image\/jpeg"}],"author":"Farn\u00e9sio","twitter_card":"summary_large_image","twitter_misc":{"Escrito por":"Farn\u00e9sio","Est. tempo de leitura":"2 minutos"},"schema":{"@context":"https:\/\/schema.org","@graph":[{"@type":"Article","@id":"https:\/\/blogdofarnesio.com.br\/2025\/06\/professores-de-atendimento-educacional-especializado-participam-de-formacao-promovida-pela-secretaria-de-educacao-de-juazeiro\/#article","isPartOf":{"@id":"https:\/\/blogdofarnesio.com.br\/2025\/06\/professores-de-atendimento-educacional-especializado-participam-de-formacao-promovida-pela-secretaria-de-educacao-de-juazeiro\/"},"author":{"name":"Farn\u00e9sio","@id":"https:\/\/blogdofarnesio.com.br\/#\/schema\/person\/bb9b23ae3ad0609ce8df7b6c9e76824d"},"headline":"Professores de atendimento educacional especializado participam de forma\u00e7\u00e3o promovida pela Secretaria de Educa\u00e7\u00e3o de Juazeiro","datePublished":"2025-06-06T18:22:31+00:00","mainEntityOfPage":{"@id":"https:\/\/blogdofarnesio.com.br\/2025\/06\/professores-de-atendimento-educacional-especializado-participam-de-formacao-promovida-pela-secretaria-de-educacao-de-juazeiro\/"},"wordCount":326,"commentCount":0,"publisher":{"@id":"https:\/\/blogdofarnesio.com.br\/#organization"},"image":{"@id":"https:\/\/blogdofarnesio.com.br\/2025\/06\/professores-de-atendimento-educacional-especializado-participam-de-formacao-promovida-pela-secretaria-de-educacao-de-juazeiro\/#primaryimage"},"thumbnailUrl":"https:\/\/blogdofarnesio.com.br\/wp-content\/uploads\/2025\/06\/Formacao-AEE-2-e1749156565871.jpeg","articleSection":["Educa\u00e7\u00e3o"],"inLanguage":"pt-BR","potentialAction":[{"@type":"CommentAction","name":"Comment","target":["https:\/\/blogdofarnesio.com.br\/2025\/06\/professores-de-atendimento-educacional-especializado-participam-de-formacao-promovida-pela-secretaria-de-educacao-de-juazeiro\/#respond"]}]},{"@type":"WebPage","@id":"https:\/\/blogdofarnesio.com.br\/2025\/06\/professores-de-atendimento-educacional-especializado-participam-de-formacao-promovida-pela-secretaria-de-educacao-de-juazeiro\/","url":"https:\/\/blogdofarnesio.com.br\/2025\/06\/professores-de-atendimento-educacional-especializado-participam-de-formacao-promovida-pela-secretaria-de-educacao-de-juazeiro\/","name":"Professores de atendimento educacional especializado participam de forma\u00e7\u00e3o promovida pela Secretaria de Educa\u00e7\u00e3o de Juazeiro - Blog do Farn\u00e9sio","isPartOf":{"@id":"https:\/\/blogdofarnesio.com.br\/#website"},"primaryImageOfPage":{"@id":"https:\/\/blogdofarnesio.com.br\/2025\/06\/professores-de-atendimento-educacional-especializado-participam-de-formacao-promovida-pela-secretaria-de-educacao-de-juazeiro\/#primaryimage"},"image":{"@id":"https:\/\/blogdofarnesio.com.br\/2025\/06\/professores-de-atendimento-educacional-especializado-participam-de-formacao-promovida-pela-secretaria-de-educacao-de-juazeiro\/#primaryimage"},"thumbnailUrl":"https:\/\/blogdofarnesio.com.br\/wp-content\/uploads\/2025\/06\/Formacao-AEE-2-e1749156565871.jpeg","datePublished":"2025-06-06T18:22:31+00:00","breadcrumb":{"@id":"https:\/\/blogdofarnesio.com.br\/2025\/06\/professores-de-atendimento-educacional-especializado-participam-de-formacao-promovida-pela-secretaria-de-educacao-de-juazeiro\/#breadcrumb"},"inLanguage":"pt-BR","potentialAction":[{"@type":"ReadAction","target":["https:\/\/blogdofarnesio.com.br\/2025\/06\/professores-de-atendimento-educacional-especializado-participam-de-formacao-promovida-pela-secretaria-de-educacao-de-juazeiro\/"]}]},{"@type":"ImageObject","inLanguage":"pt-BR","@id":"https:\/\/blogdofarnesio.com.br\/2025\/06\/professores-de-atendimento-educacional-especializado-participam-de-formacao-promovida-pela-secretaria-de-educacao-de-juazeiro\/#primaryimage","url":"https:\/\/blogdofarnesio.com.br\/wp-content\/uploads\/2025\/06\/Formacao-AEE-2-e1749156565871.jpeg","contentUrl":"https:\/\/blogdofarnesio.com.br\/wp-content\/uploads\/2025\/06\/Formacao-AEE-2-e1749156565871.jpeg","width":580,"height":358},{"@type":"BreadcrumbList","@id":"https:\/\/blogdofarnesio.com.br\/2025\/06\/professores-de-atendimento-educacional-especializado-participam-de-formacao-promovida-pela-secretaria-de-educacao-de-juazeiro\/#breadcrumb","itemListElement":[{"@type":"ListItem","position":1,"name":"In\u00edcio","item":"https:\/\/blogdofarnesio.com.br\/"},{"@type":"ListItem","position":2,"name":"Professores de atendimento educacional especializado participam de forma\u00e7\u00e3o promovida pela Secretaria de Educa\u00e7\u00e3o de Juazeiro"}]},{"@type":"WebSite","@id":"https:\/\/blogdofarnesio.com.br\/#website","url":"https:\/\/blogdofarnesio.com.br\/","name":"Blog do Farn\u00e9sio","description":"Quer Saber Pol\u00edtica?","publisher":{"@id":"https:\/\/blogdofarnesio.com.br\/#organization"},"potentialAction":[{"@type":"SearchAction","target":{"@type":"EntryPoint","urlTemplate":"https:\/\/blogdofarnesio.com.br\/?s={search_term_string}"},"query-input":{"@type":"PropertyValueSpecification","valueRequired":true,"valueName":"search_term_string"}}],"inLanguage":"pt-BR"},{"@type":"Organization","@id":"https:\/\/blogdofarnesio.com.br\/#organization","name":"Blog do Farn\u00e9sio","url":"https:\/\/blogdofarnesio.com.br\/","logo":{"@type":"ImageObject","inLanguage":"pt-BR","@id":"https:\/\/blogdofarnesio.com.br\/#\/schema\/logo\/image\/","url":"https:\/\/blogdofarnesio.com.br\/wp-content\/uploads\/2026\/03\/cropped-logo_new-1.png","contentUrl":"https:\/\/blogdofarnesio.com.br\/wp-content\/uploads\/2026\/03\/cropped-logo_new-1.png","width":881,"height":685,"caption":"Blog do Farn\u00e9sio"},"image":{"@id":"https:\/\/blogdofarnesio.com.br\/#\/schema\/logo\/image\/"},"sameAs":["https:\/\/www.facebook.com\/BlogQuerSaberPolitica\/"]},{"@type":"Person","@id":"https:\/\/blogdofarnesio.com.br\/#\/schema\/person\/bb9b23ae3ad0609ce8df7b6c9e76824d","name":"Farn\u00e9sio","image":{"@type":"ImageObject","inLanguage":"pt-BR","@id":"https:\/\/secure.gravatar.com\/avatar\/986aa4c61ccdb66f8555bf88fc2a65609d00bcabd4d2d94377a727547345cbca?s=96&d=mm&r=g","url":"https:\/\/secure.gravatar.com\/avatar\/986aa4c61ccdb66f8555bf88fc2a65609d00bcabd4d2d94377a727547345cbca?s=96&d=mm&r=g","contentUrl":"https:\/\/secure.gravatar.com\/avatar\/986aa4c61ccdb66f8555bf88fc2a65609d00bcabd4d2d94377a727547345cbca?s=96&d=mm&r=g","caption":"Farn\u00e9sio"},"description":"Radialista blogueiro, chegou a Petrolina\/Juazeiro em setembro de 1980, Farn\u00e9sio Silva \u00e9 de Arapiraca-Alagoas.","sameAs":["http:\/\/blogdofarnesio.com.br","https:\/\/www.facebook.com\/?ref=tn_tnmn","https:\/\/www.instagram.com\/?utm_source=pwa_homescreen","https:\/\/youtube.com.br\/"],"url":"https:\/\/blogdofarnesio.com.br\/author\/farnesio-2\/"}]}},"_links":{"self":[{"href":"https:\/\/blogdofarnesio.com.br\/wp-json\/wp\/v2\/posts\/395820","targetHints":{"allow":["GET"]}}],"collection":[{"href":"https:\/\/blogdofarnesio.com.br\/wp-json\/wp\/v2\/posts"}],"about":[{"href":"https:\/\/blogdofarnesio.com.br\/wp-json\/wp\/v2\/types\/post"}],"author":[{"embeddable":true,"href":"https:\/\/blogdofarnesio.com.br\/wp-json\/wp\/v2\/users\/2"}],"replies":[{"embeddable":true,"href":"https:\/\/blogdofarnesio.com.br\/wp-json\/wp\/v2\/comments?post=395820"}],"version-history":[{"count":0,"href":"https:\/\/blogdofarnesio.com.br\/wp-json\/wp\/v2\/posts\/395820\/revisions"}],"wp:featuredmedia":[{"embeddable":true,"href":"https:\/\/blogdofarnesio.com.br\/wp-json\/wp\/v2\/media\/395821"}],"wp:attachment":[{"href":"https:\/\/blogdofarnesio.com.br\/wp-json\/wp\/v2\/media?parent=395820"}],"wp:term":[{"taxonomy":"category","embeddable":true,"href":"https:\/\/blogdofarnesio.com.br\/wp-json\/wp\/v2\/categories?post=395820"},{"taxonomy":"post_tag","embeddable":true,"href":"https:\/\/blogdofarnesio.com.br\/wp-json\/wp\/v2\/tags?post=395820"}],"curies":[{"name":"wp","href":"https:\/\/api.w.org\/{rel}","templated":true}]}}