{"id":395754,"date":"2025-06-05T10:24:29","date_gmt":"2025-06-05T13:24:29","guid":{"rendered":"https:\/\/blogdofarnesio.com.br\/?p=395754"},"modified":"2025-06-05T08:21:42","modified_gmt":"2025-06-05T11:21:42","slug":"hospital-do-cancer-do-sertao-do-araripe-vai-comprar-equipamentos-com-recurso-arrecadado-na-segunda-edicao-do-sao-joao-do-ismep","status":"publish","type":"post","link":"https:\/\/blogdofarnesio.com.br\/?p=395754","title":{"rendered":"Hospital do C\u00e2ncer do Sert\u00e3o do Araripe  vai comprar  equipamentos com recurso arrecadado na segunda edi\u00e7\u00e3o do S\u00e3o Jo\u00e3o do Ismep"},"content":{"rendered":"<p style=\"font-weight: 400;\">Foi divulgado nesta quarta-feira (04), o volume de recursos arrecadados na segunda edi\u00e7\u00e3o do S\u00e3o Jo\u00e3o Ismep. O balan\u00e7o final registrou arrecada\u00e7\u00e3o de mais de R$ 50 mil com os shows e venda de comidas t\u00edpicas. O total contabilizado foi de R$ 51.441,55(cinquenta e um mil, quatrocentos e quarenta e um reais e cinquenta e cinco centavos).<\/p>\n<p style=\"font-weight: 400;\">O evento aconteceu na Casa de Shows Z\u00e9 Matuto em Petrolina no dia 16 de maio com grandes atra\u00e7\u00f5es da m\u00fasica da regi\u00e3o, com o objetivo arrecadar recursos para o Hospital do C\u00e2ncer do Sert\u00e3o Araripe (HCSA) que est\u00e1 em constru\u00e7\u00e3o na cidade de Araripina.<\/p>\n<p style=\"font-weight: 400;\"><em>\u201cIsso prova a solidariedade do nosso povo e a sensibilidade com a causa, que o atendimento digno aos pacientes que precisam de tratamento contra o c\u00e2ncer. O nosso chamado foi de amor e n\u00f3s fomos atendidos para al\u00e9m das nossas expectativas,<\/em>\u00a0\u201d ressaltou Ingride Lima, representante do Ismep.<\/p>\n<p style=\"font-weight: 400;\">Os artistas Elisson Castro, Breno Landim, sanfoneiro S\u00e9rgio do Forr\u00f3, Ad\u00e3ozinho de Rajada e Katin e\u00a0Ivan Greg, se apresentaram voluntariamente com suas bandas num compromisso com a causa e em defesa da vida. O dinheiro arrecadado com o evento ser\u00e1 usado para a compra de equipamentos de ar condicionado para tr\u00eas salas de quimioterapia, farm\u00e1cia e administra\u00e7\u00e3o, al\u00e9m de aquisi\u00e7\u00e3o de poltronas para os acompanhantes dos pacientes do Hospital do C\u00e2ncer do Sert\u00e3o Araripe (HCSA).<\/p>\n<p style=\"font-weight: 400;\">Atualmente, o HCSA conta com 10 consult\u00f3rios m\u00e9dicos e uma estrutura para atendimento oncol\u00f3gico, incluindo uma sala de quimioterapia em fase final, um equipamento de cintilografia, al\u00e9m de poltronas, gerador de energia el\u00e9trica e aparelho de raio-X.\u00a0 \u201c<em>A expectativa do Ismep \u00e9 de que o hospital comece a funcionar ainda esse ano, e esses recursos s\u00e3o importantes para atingir esse objetivo. A unidade vai atender quase tr\u00eas mil pacientes da regi\u00e3o que fazem tratamento e lutam pela vida. Por isso, n\u00f3s somos muito gratos a todos os parceiros, artistas, patrocinadores, volunt\u00e1rios, os colaboradores do Ismep e a imprensa. O apoio de todos\u00a0fez do evento um grande sucesso, \u201d<\/em>\u00a0finalizou Ingride Lima.<\/p>\n<p style=\"font-weight: 400;\">Assessoria de Comunica\u00e7\u00e3o do ISMEP<\/p>\n","protected":false},"excerpt":{"rendered":"<p>Foi divulgado nesta quarta-feira (04), o volume de recursos arrecadados na segunda edi\u00e7\u00e3o do S\u00e3o Jo\u00e3o Ismep. O balan\u00e7o final registrou arrecada\u00e7\u00e3o de mais de R$ 50 mil com os shows e venda de comidas t\u00edpicas. O total contabilizado foi de R$ 51.441,55(cinquenta e um mil, quatrocentos e quarenta e um reais e cinquenta e cinco centavos). O evento aconteceu na Casa de Shows Z\u00e9 Matuto em Petrolina no dia 16 de maio com grandes atra\u00e7\u00f5es da m\u00fasica da regi\u00e3o, com o objetivo arrecadar recursos para o Hospital do C\u00e2ncer do Sert\u00e3o Araripe (HCSA) que est\u00e1 em constru\u00e7\u00e3o na cidade de Araripina. \u201cIsso prova a solidariedade do nosso povo e a sensibilidade com a causa, que o atendimento digno aos&hellip; <\/p>\n","protected":false},"author":2,"featured_media":395755,"comment_status":"open","ping_status":"open","sticky":false,"template":"","format":"standard","meta":{"_acf_changed":false,"footnotes":""},"categories":[22],"tags":[],"class_list":["post-395754","post","type-post","status-publish","format-standard","has-post-thumbnail","hentry","category-acao-social"],"acf":[],"yoast_head":"<!-- This site is optimized with the Yoast SEO plugin v27.4 - https:\/\/yoast.com\/product\/yoast-seo-wordpress\/ -->\n<title>Hospital do C\u00e2ncer do Sert\u00e3o do Araripe vai comprar equipamentos com recurso arrecadado na segunda edi\u00e7\u00e3o do S\u00e3o Jo\u00e3o do Ismep - Blog do Farn\u00e9sio<\/title>\n<meta name=\"robots\" content=\"index, follow, max-snippet:-1, max-image-preview:large, max-video-preview:-1\" \/>\n<link rel=\"canonical\" href=\"https:\/\/blogdofarnesio.com.br\/?p=395754\" \/>\n<meta property=\"og:locale\" content=\"pt_BR\" \/>\n<meta property=\"og:type\" content=\"article\" \/>\n<meta property=\"og:title\" content=\"Hospital do C\u00e2ncer do Sert\u00e3o do Araripe vai comprar equipamentos com recurso arrecadado na segunda edi\u00e7\u00e3o do S\u00e3o Jo\u00e3o do Ismep - Blog do Farn\u00e9sio\" \/>\n<meta property=\"og:description\" content=\"Foi divulgado nesta quarta-feira (04), o volume de recursos arrecadados na segunda edi\u00e7\u00e3o do S\u00e3o Jo\u00e3o Ismep. O balan\u00e7o final registrou arrecada\u00e7\u00e3o de mais de R$ 50 mil com os shows e venda de comidas t\u00edpicas. O total contabilizado foi de R$ 51.441,55(cinquenta e um mil, quatrocentos e quarenta e um reais e cinquenta e cinco centavos). O evento aconteceu na Casa de Shows Z\u00e9 Matuto em Petrolina no dia 16 de maio com grandes atra\u00e7\u00f5es da m\u00fasica da regi\u00e3o, com o objetivo arrecadar recursos para o Hospital do C\u00e2ncer do Sert\u00e3o Araripe (HCSA) que est\u00e1 em constru\u00e7\u00e3o na cidade de Araripina. \u201cIsso prova a solidariedade do nosso povo e a sensibilidade com a causa, que o atendimento digno aos&hellip;\" \/>\n<meta property=\"og:url\" content=\"https:\/\/blogdofarnesio.com.br\/?p=395754\" \/>\n<meta property=\"og:site_name\" content=\"Blog do Farn\u00e9sio\" \/>\n<meta property=\"article:publisher\" content=\"https:\/\/www.facebook.com\/BlogQuerSaberPolitica\/\" \/>\n<meta property=\"article:author\" content=\"https:\/\/www.facebook.com\/?ref=tn_tnmn\" \/>\n<meta property=\"article:published_time\" content=\"2025-06-05T13:24:29+00:00\" \/>\n<meta property=\"og:image\" content=\"https:\/\/blogdofarnesio.com.br\/wp-content\/uploads\/2025\/06\/BALANCO-ARRECADACAO-2o-SAO-JOAO-ISMEP-OJ-scaled-e1749077880668.jpg\" \/>\n\t<meta property=\"og:image:width\" content=\"520\" \/>\n\t<meta property=\"og:image:height\" content=\"402\" \/>\n\t<meta property=\"og:image:type\" content=\"image\/jpeg\" \/>\n<meta name=\"author\" content=\"Farn\u00e9sio\" \/>\n<meta name=\"twitter:card\" content=\"summary_large_image\" \/>\n<meta name=\"twitter:label1\" content=\"Escrito por\" \/>\n\t<meta name=\"twitter:data1\" content=\"Farn\u00e9sio\" \/>\n\t<meta name=\"twitter:label2\" content=\"Est. tempo de leitura\" \/>\n\t<meta name=\"twitter:data2\" content=\"3 minutos\" \/>\n<script type=\"application\/ld+json\" class=\"yoast-schema-graph\">{\"@context\":\"https:\\\/\\\/schema.org\",\"@graph\":[{\"@type\":\"Article\",\"@id\":\"https:\\\/\\\/blogdofarnesio.com.br\\\/?p=395754#article\",\"isPartOf\":{\"@id\":\"https:\\\/\\\/blogdofarnesio.com.br\\\/?p=395754\"},\"author\":{\"name\":\"Farn\u00e9sio\",\"@id\":\"https:\\\/\\\/blogdofarnesio.com.br\\\/#\\\/schema\\\/person\\\/bb9b23ae3ad0609ce8df7b6c9e76824d\"},\"headline\":\"Hospital do C\u00e2ncer do Sert\u00e3o do Araripe vai comprar equipamentos com recurso arrecadado na segunda edi\u00e7\u00e3o do S\u00e3o Jo\u00e3o do Ismep\",\"datePublished\":\"2025-06-05T13:24:29+00:00\",\"mainEntityOfPage\":{\"@id\":\"https:\\\/\\\/blogdofarnesio.com.br\\\/?p=395754\"},\"wordCount\":397,\"commentCount\":0,\"publisher\":{\"@id\":\"https:\\\/\\\/blogdofarnesio.com.br\\\/#organization\"},\"image\":{\"@id\":\"https:\\\/\\\/blogdofarnesio.com.br\\\/?p=395754#primaryimage\"},\"thumbnailUrl\":\"https:\\\/\\\/blogdofarnesio.com.br\\\/wp-content\\\/uploads\\\/2025\\\/06\\\/BALANCO-ARRECADACAO-2o-SAO-JOAO-ISMEP-OJ-scaled-e1749077880668.jpg\",\"articleSection\":[\"A\u00e7\u00e3o Social\"],\"inLanguage\":\"pt-BR\",\"potentialAction\":[{\"@type\":\"CommentAction\",\"name\":\"Comment\",\"target\":[\"https:\\\/\\\/blogdofarnesio.com.br\\\/?p=395754#respond\"]}]},{\"@type\":\"WebPage\",\"@id\":\"https:\\\/\\\/blogdofarnesio.com.br\\\/?p=395754\",\"url\":\"https:\\\/\\\/blogdofarnesio.com.br\\\/?p=395754\",\"name\":\"Hospital do C\u00e2ncer do Sert\u00e3o do Araripe vai comprar equipamentos com recurso arrecadado na segunda edi\u00e7\u00e3o do S\u00e3o Jo\u00e3o do Ismep - Blog do Farn\u00e9sio\",\"isPartOf\":{\"@id\":\"https:\\\/\\\/blogdofarnesio.com.br\\\/#website\"},\"primaryImageOfPage\":{\"@id\":\"https:\\\/\\\/blogdofarnesio.com.br\\\/?p=395754#primaryimage\"},\"image\":{\"@id\":\"https:\\\/\\\/blogdofarnesio.com.br\\\/?p=395754#primaryimage\"},\"thumbnailUrl\":\"https:\\\/\\\/blogdofarnesio.com.br\\\/wp-content\\\/uploads\\\/2025\\\/06\\\/BALANCO-ARRECADACAO-2o-SAO-JOAO-ISMEP-OJ-scaled-e1749077880668.jpg\",\"datePublished\":\"2025-06-05T13:24:29+00:00\",\"breadcrumb\":{\"@id\":\"https:\\\/\\\/blogdofarnesio.com.br\\\/?p=395754#breadcrumb\"},\"inLanguage\":\"pt-BR\",\"potentialAction\":[{\"@type\":\"ReadAction\",\"target\":[\"https:\\\/\\\/blogdofarnesio.com.br\\\/?p=395754\"]}]},{\"@type\":\"ImageObject\",\"inLanguage\":\"pt-BR\",\"@id\":\"https:\\\/\\\/blogdofarnesio.com.br\\\/?p=395754#primaryimage\",\"url\":\"https:\\\/\\\/blogdofarnesio.com.br\\\/wp-content\\\/uploads\\\/2025\\\/06\\\/BALANCO-ARRECADACAO-2o-SAO-JOAO-ISMEP-OJ-scaled-e1749077880668.jpg\",\"contentUrl\":\"https:\\\/\\\/blogdofarnesio.com.br\\\/wp-content\\\/uploads\\\/2025\\\/06\\\/BALANCO-ARRECADACAO-2o-SAO-JOAO-ISMEP-OJ-scaled-e1749077880668.jpg\",\"width\":520,\"height\":402},{\"@type\":\"BreadcrumbList\",\"@id\":\"https:\\\/\\\/blogdofarnesio.com.br\\\/?p=395754#breadcrumb\",\"itemListElement\":[{\"@type\":\"ListItem\",\"position\":1,\"name\":\"In\u00edcio\",\"item\":\"https:\\\/\\\/blogdofarnesio.com.br\\\/\"},{\"@type\":\"ListItem\",\"position\":2,\"name\":\"Hospital do C\u00e2ncer do Sert\u00e3o do Araripe vai comprar equipamentos com recurso arrecadado na segunda edi\u00e7\u00e3o do S\u00e3o Jo\u00e3o do Ismep\"}]},{\"@type\":\"WebSite\",\"@id\":\"https:\\\/\\\/blogdofarnesio.com.br\\\/#website\",\"url\":\"https:\\\/\\\/blogdofarnesio.com.br\\\/\",\"name\":\"Blog do Farn\u00e9sio\",\"description\":\"Quer Saber Pol\u00edtica?\",\"publisher\":{\"@id\":\"https:\\\/\\\/blogdofarnesio.com.br\\\/#organization\"},\"potentialAction\":[{\"@type\":\"SearchAction\",\"target\":{\"@type\":\"EntryPoint\",\"urlTemplate\":\"https:\\\/\\\/blogdofarnesio.com.br\\\/?s={search_term_string}\"},\"query-input\":{\"@type\":\"PropertyValueSpecification\",\"valueRequired\":true,\"valueName\":\"search_term_string\"}}],\"inLanguage\":\"pt-BR\"},{\"@type\":\"Organization\",\"@id\":\"https:\\\/\\\/blogdofarnesio.com.br\\\/#organization\",\"name\":\"Blog do Farn\u00e9sio\",\"url\":\"https:\\\/\\\/blogdofarnesio.com.br\\\/\",\"logo\":{\"@type\":\"ImageObject\",\"inLanguage\":\"pt-BR\",\"@id\":\"https:\\\/\\\/blogdofarnesio.com.br\\\/#\\\/schema\\\/logo\\\/image\\\/\",\"url\":\"https:\\\/\\\/blogdofarnesio.com.br\\\/wp-content\\\/uploads\\\/2026\\\/03\\\/cropped-logo_new-1.png\",\"contentUrl\":\"https:\\\/\\\/blogdofarnesio.com.br\\\/wp-content\\\/uploads\\\/2026\\\/03\\\/cropped-logo_new-1.png\",\"width\":881,\"height\":685,\"caption\":\"Blog do Farn\u00e9sio\"},\"image\":{\"@id\":\"https:\\\/\\\/blogdofarnesio.com.br\\\/#\\\/schema\\\/logo\\\/image\\\/\"},\"sameAs\":[\"https:\\\/\\\/www.facebook.com\\\/BlogQuerSaberPolitica\\\/\"]},{\"@type\":\"Person\",\"@id\":\"https:\\\/\\\/blogdofarnesio.com.br\\\/#\\\/schema\\\/person\\\/bb9b23ae3ad0609ce8df7b6c9e76824d\",\"name\":\"Farn\u00e9sio\",\"image\":{\"@type\":\"ImageObject\",\"inLanguage\":\"pt-BR\",\"@id\":\"https:\\\/\\\/secure.gravatar.com\\\/avatar\\\/986aa4c61ccdb66f8555bf88fc2a65609d00bcabd4d2d94377a727547345cbca?s=96&d=mm&r=g\",\"url\":\"https:\\\/\\\/secure.gravatar.com\\\/avatar\\\/986aa4c61ccdb66f8555bf88fc2a65609d00bcabd4d2d94377a727547345cbca?s=96&d=mm&r=g\",\"contentUrl\":\"https:\\\/\\\/secure.gravatar.com\\\/avatar\\\/986aa4c61ccdb66f8555bf88fc2a65609d00bcabd4d2d94377a727547345cbca?s=96&d=mm&r=g\",\"caption\":\"Farn\u00e9sio\"},\"description\":\"Radialista blogueiro, chegou a Petrolina\\\/Juazeiro em setembro de 1980, Farn\u00e9sio Silva \u00e9 de Arapiraca-Alagoas.\",\"sameAs\":[\"http:\\\/\\\/blogdofarnesio.com.br\",\"https:\\\/\\\/www.facebook.com\\\/?ref=tn_tnmn\",\"https:\\\/\\\/www.instagram.com\\\/?utm_source=pwa_homescreen\",\"https:\\\/\\\/youtube.com.br\\\/\"],\"url\":\"https:\\\/\\\/blogdofarnesio.com.br\\\/?author=2\"}]}<\/script>\n<!-- \/ Yoast SEO plugin. -->","yoast_head_json":{"title":"Hospital do C\u00e2ncer do Sert\u00e3o do Araripe vai comprar equipamentos com recurso arrecadado na segunda edi\u00e7\u00e3o do S\u00e3o Jo\u00e3o do Ismep - Blog do Farn\u00e9sio","robots":{"index":"index","follow":"follow","max-snippet":"max-snippet:-1","max-image-preview":"max-image-preview:large","max-video-preview":"max-video-preview:-1"},"canonical":"https:\/\/blogdofarnesio.com.br\/?p=395754","og_locale":"pt_BR","og_type":"article","og_title":"Hospital do C\u00e2ncer do Sert\u00e3o do Araripe vai comprar equipamentos com recurso arrecadado na segunda edi\u00e7\u00e3o do S\u00e3o Jo\u00e3o do Ismep - Blog do Farn\u00e9sio","og_description":"Foi divulgado nesta quarta-feira (04), o volume de recursos arrecadados na segunda edi\u00e7\u00e3o do S\u00e3o Jo\u00e3o Ismep. O balan\u00e7o final registrou arrecada\u00e7\u00e3o de mais de R$ 50 mil com os shows e venda de comidas t\u00edpicas. O total contabilizado foi de R$ 51.441,55(cinquenta e um mil, quatrocentos e quarenta e um reais e cinquenta e cinco centavos). O evento aconteceu na Casa de Shows Z\u00e9 Matuto em Petrolina no dia 16 de maio com grandes atra\u00e7\u00f5es da m\u00fasica da regi\u00e3o, com o objetivo arrecadar recursos para o Hospital do C\u00e2ncer do Sert\u00e3o Araripe (HCSA) que est\u00e1 em constru\u00e7\u00e3o na cidade de Araripina. \u201cIsso prova a solidariedade do nosso povo e a sensibilidade com a causa, que o atendimento digno aos&hellip;","og_url":"https:\/\/blogdofarnesio.com.br\/?p=395754","og_site_name":"Blog do Farn\u00e9sio","article_publisher":"https:\/\/www.facebook.com\/BlogQuerSaberPolitica\/","article_author":"https:\/\/www.facebook.com\/?ref=tn_tnmn","article_published_time":"2025-06-05T13:24:29+00:00","og_image":[{"width":520,"height":402,"url":"https:\/\/blogdofarnesio.com.br\/wp-content\/uploads\/2025\/06\/BALANCO-ARRECADACAO-2o-SAO-JOAO-ISMEP-OJ-scaled-e1749077880668.jpg","type":"image\/jpeg"}],"author":"Farn\u00e9sio","twitter_card":"summary_large_image","twitter_misc":{"Escrito por":"Farn\u00e9sio","Est. tempo de leitura":"3 minutos"},"schema":{"@context":"https:\/\/schema.org","@graph":[{"@type":"Article","@id":"https:\/\/blogdofarnesio.com.br\/?p=395754#article","isPartOf":{"@id":"https:\/\/blogdofarnesio.com.br\/?p=395754"},"author":{"name":"Farn\u00e9sio","@id":"https:\/\/blogdofarnesio.com.br\/#\/schema\/person\/bb9b23ae3ad0609ce8df7b6c9e76824d"},"headline":"Hospital do C\u00e2ncer do Sert\u00e3o do Araripe vai comprar equipamentos com recurso arrecadado na segunda edi\u00e7\u00e3o do S\u00e3o Jo\u00e3o do Ismep","datePublished":"2025-06-05T13:24:29+00:00","mainEntityOfPage":{"@id":"https:\/\/blogdofarnesio.com.br\/?p=395754"},"wordCount":397,"commentCount":0,"publisher":{"@id":"https:\/\/blogdofarnesio.com.br\/#organization"},"image":{"@id":"https:\/\/blogdofarnesio.com.br\/?p=395754#primaryimage"},"thumbnailUrl":"https:\/\/blogdofarnesio.com.br\/wp-content\/uploads\/2025\/06\/BALANCO-ARRECADACAO-2o-SAO-JOAO-ISMEP-OJ-scaled-e1749077880668.jpg","articleSection":["A\u00e7\u00e3o Social"],"inLanguage":"pt-BR","potentialAction":[{"@type":"CommentAction","name":"Comment","target":["https:\/\/blogdofarnesio.com.br\/?p=395754#respond"]}]},{"@type":"WebPage","@id":"https:\/\/blogdofarnesio.com.br\/?p=395754","url":"https:\/\/blogdofarnesio.com.br\/?p=395754","name":"Hospital do C\u00e2ncer do Sert\u00e3o do Araripe vai comprar equipamentos com recurso arrecadado na segunda edi\u00e7\u00e3o do S\u00e3o Jo\u00e3o do Ismep - Blog do Farn\u00e9sio","isPartOf":{"@id":"https:\/\/blogdofarnesio.com.br\/#website"},"primaryImageOfPage":{"@id":"https:\/\/blogdofarnesio.com.br\/?p=395754#primaryimage"},"image":{"@id":"https:\/\/blogdofarnesio.com.br\/?p=395754#primaryimage"},"thumbnailUrl":"https:\/\/blogdofarnesio.com.br\/wp-content\/uploads\/2025\/06\/BALANCO-ARRECADACAO-2o-SAO-JOAO-ISMEP-OJ-scaled-e1749077880668.jpg","datePublished":"2025-06-05T13:24:29+00:00","breadcrumb":{"@id":"https:\/\/blogdofarnesio.com.br\/?p=395754#breadcrumb"},"inLanguage":"pt-BR","potentialAction":[{"@type":"ReadAction","target":["https:\/\/blogdofarnesio.com.br\/?p=395754"]}]},{"@type":"ImageObject","inLanguage":"pt-BR","@id":"https:\/\/blogdofarnesio.com.br\/?p=395754#primaryimage","url":"https:\/\/blogdofarnesio.com.br\/wp-content\/uploads\/2025\/06\/BALANCO-ARRECADACAO-2o-SAO-JOAO-ISMEP-OJ-scaled-e1749077880668.jpg","contentUrl":"https:\/\/blogdofarnesio.com.br\/wp-content\/uploads\/2025\/06\/BALANCO-ARRECADACAO-2o-SAO-JOAO-ISMEP-OJ-scaled-e1749077880668.jpg","width":520,"height":402},{"@type":"BreadcrumbList","@id":"https:\/\/blogdofarnesio.com.br\/?p=395754#breadcrumb","itemListElement":[{"@type":"ListItem","position":1,"name":"In\u00edcio","item":"https:\/\/blogdofarnesio.com.br\/"},{"@type":"ListItem","position":2,"name":"Hospital do C\u00e2ncer do Sert\u00e3o do Araripe vai comprar equipamentos com recurso arrecadado na segunda edi\u00e7\u00e3o do S\u00e3o Jo\u00e3o do Ismep"}]},{"@type":"WebSite","@id":"https:\/\/blogdofarnesio.com.br\/#website","url":"https:\/\/blogdofarnesio.com.br\/","name":"Blog do Farn\u00e9sio","description":"Quer Saber Pol\u00edtica?","publisher":{"@id":"https:\/\/blogdofarnesio.com.br\/#organization"},"potentialAction":[{"@type":"SearchAction","target":{"@type":"EntryPoint","urlTemplate":"https:\/\/blogdofarnesio.com.br\/?s={search_term_string}"},"query-input":{"@type":"PropertyValueSpecification","valueRequired":true,"valueName":"search_term_string"}}],"inLanguage":"pt-BR"},{"@type":"Organization","@id":"https:\/\/blogdofarnesio.com.br\/#organization","name":"Blog do Farn\u00e9sio","url":"https:\/\/blogdofarnesio.com.br\/","logo":{"@type":"ImageObject","inLanguage":"pt-BR","@id":"https:\/\/blogdofarnesio.com.br\/#\/schema\/logo\/image\/","url":"https:\/\/blogdofarnesio.com.br\/wp-content\/uploads\/2026\/03\/cropped-logo_new-1.png","contentUrl":"https:\/\/blogdofarnesio.com.br\/wp-content\/uploads\/2026\/03\/cropped-logo_new-1.png","width":881,"height":685,"caption":"Blog do Farn\u00e9sio"},"image":{"@id":"https:\/\/blogdofarnesio.com.br\/#\/schema\/logo\/image\/"},"sameAs":["https:\/\/www.facebook.com\/BlogQuerSaberPolitica\/"]},{"@type":"Person","@id":"https:\/\/blogdofarnesio.com.br\/#\/schema\/person\/bb9b23ae3ad0609ce8df7b6c9e76824d","name":"Farn\u00e9sio","image":{"@type":"ImageObject","inLanguage":"pt-BR","@id":"https:\/\/secure.gravatar.com\/avatar\/986aa4c61ccdb66f8555bf88fc2a65609d00bcabd4d2d94377a727547345cbca?s=96&d=mm&r=g","url":"https:\/\/secure.gravatar.com\/avatar\/986aa4c61ccdb66f8555bf88fc2a65609d00bcabd4d2d94377a727547345cbca?s=96&d=mm&r=g","contentUrl":"https:\/\/secure.gravatar.com\/avatar\/986aa4c61ccdb66f8555bf88fc2a65609d00bcabd4d2d94377a727547345cbca?s=96&d=mm&r=g","caption":"Farn\u00e9sio"},"description":"Radialista blogueiro, chegou a Petrolina\/Juazeiro em setembro de 1980, Farn\u00e9sio Silva \u00e9 de Arapiraca-Alagoas.","sameAs":["http:\/\/blogdofarnesio.com.br","https:\/\/www.facebook.com\/?ref=tn_tnmn","https:\/\/www.instagram.com\/?utm_source=pwa_homescreen","https:\/\/youtube.com.br\/"],"url":"https:\/\/blogdofarnesio.com.br\/?author=2"}]}},"_links":{"self":[{"href":"https:\/\/blogdofarnesio.com.br\/index.php?rest_route=\/wp\/v2\/posts\/395754","targetHints":{"allow":["GET"]}}],"collection":[{"href":"https:\/\/blogdofarnesio.com.br\/index.php?rest_route=\/wp\/v2\/posts"}],"about":[{"href":"https:\/\/blogdofarnesio.com.br\/index.php?rest_route=\/wp\/v2\/types\/post"}],"author":[{"embeddable":true,"href":"https:\/\/blogdofarnesio.com.br\/index.php?rest_route=\/wp\/v2\/users\/2"}],"replies":[{"embeddable":true,"href":"https:\/\/blogdofarnesio.com.br\/index.php?rest_route=%2Fwp%2Fv2%2Fcomments&post=395754"}],"version-history":[{"count":0,"href":"https:\/\/blogdofarnesio.com.br\/index.php?rest_route=\/wp\/v2\/posts\/395754\/revisions"}],"wp:featuredmedia":[{"embeddable":true,"href":"https:\/\/blogdofarnesio.com.br\/index.php?rest_route=\/wp\/v2\/media\/395755"}],"wp:attachment":[{"href":"https:\/\/blogdofarnesio.com.br\/index.php?rest_route=%2Fwp%2Fv2%2Fmedia&parent=395754"}],"wp:term":[{"taxonomy":"category","embeddable":true,"href":"https:\/\/blogdofarnesio.com.br\/index.php?rest_route=%2Fwp%2Fv2%2Fcategories&post=395754"},{"taxonomy":"post_tag","embeddable":true,"href":"https:\/\/blogdofarnesio.com.br\/index.php?rest_route=%2Fwp%2Fv2%2Ftags&post=395754"}],"curies":[{"name":"wp","href":"https:\/\/api.w.org\/{rel}","templated":true}]}}