{"id":394700,"date":"2025-05-22T13:00:59","date_gmt":"2025-05-22T16:00:59","guid":{"rendered":"https:\/\/blogdofarnesio.com.br\/?p=394700"},"modified":"2025-05-22T09:00:49","modified_gmt":"2025-05-22T12:00:49","slug":"sao-joao-de-petrolina-2025-evento-promete-o-melhor-festejo-de-todos-os-tempos-para-o-turismo","status":"publish","type":"post","link":"https:\/\/blogdofarnesio.com.br\/2025\/05\/sao-joao-de-petrolina-2025-evento-promete-o-melhor-festejo-de-todos-os-tempos-para-o-turismo\/","title":{"rendered":"S\u00e3o Jo\u00e3o de Petrolina 2025: evento promete o melhor festejo de todos os tempos para o turismo"},"content":{"rendered":"<div>No m\u00eas de junho o Nordeste ganha ritmo e cores vibrantes que marcam a cultura e o sentimento de pertencimento do seu povo. Em v\u00e1rios munic\u00edpios, os festejos juninos atraem a aten\u00e7\u00e3o de turistas nacionais e internacionais.<\/div>\n<div><\/div>\n<div>No Sert\u00e3o Pernambucano, a Prefeitura Municipal, por meio da Secretaria de Desenvolvimento Econ\u00f4mico, Turismo e Inova\u00e7\u00e3o, promove o S\u00e3o Jo\u00e3o de Petrolina 2025, um dos maiores do Brasil. Com o tema \u201c\u00c9 a Cara da Gente\u201d, o evento n\u00e3o apenas celebra a cultura nordestina, mas tamb\u00e9m se consolida como uma poderosa engrenagem para o turismo e a economia do munic\u00edpio.<\/div>\n<div><\/div>\n<div>A expectativa da Secretaria \u00e9 receber mais de 50 mil visitantes de diversas partes do pa\u00eds, com ocupa\u00e7\u00e3o m\u00e1xima da rede hoteleira. Por conta disso, muitas fam\u00edlias aproveitam para garantir renda extra com aluguel de resid\u00eancias inteiras ou de c\u00f4modos para turistas. Al\u00e9m disso, tamb\u00e9m h\u00e1 um aumento expressivo no setor de transporte, nas vendas do com\u00e9rcio e da gastronomia local. A estimativa \u00e9 de que o evento gere mais de R$ 320 milh\u00f5es em movimenta\u00e7\u00e3o econ\u00f4mica e crie cerca de 17 mil empregos diretos e indiretos.<\/div>\n<div><\/div>\n<div>A programa\u00e7\u00e3o do S\u00e3o Jo\u00e3o 2025 contar\u00e1 com mais de 100 atra\u00e7\u00f5es musicais, incluindo grandes nomes da m\u00fasica nacional e regional, como Alceu Valen\u00e7a, Elba Ramalho, Gusttavo Lima, Wesley Safad\u00e3o, Simone Mendes, Jo\u00e3o Gomes, al\u00e9m de artistas locais. Os festejos acontecer\u00e3o entre dia 13 a 23 de junho, no P\u00e1tio Ana das Carrancas.<\/div>\n<div><\/div>\n<div>Al\u00e9m dos shows, o ciclo junino conta com eventos tradicionais como a Jecana do Capim, Concurso de Sanfoneiros, S\u00e3o Jo\u00e3o na Pra\u00e7a, Festival de Violeiros, Vaquejada, Forr\u00f3 da Acessibilidade, Forr\u00f3 do Vov\u00f4, Forr\u00f3 da Espora, entre outros, fortalecendo a identidade do sert\u00e3o e promovendo a inclus\u00e3o social.<\/div>\n<div><\/div>\n<div>O S\u00e3o Jo\u00e3o de Petrolina tamb\u00e9m contar\u00e1 com refor\u00e7o na seguran\u00e7a, estrutura de sa\u00fade, a\u00e7\u00f5es de sustentabilidade e acessibilidade.<\/div>\n","protected":false},"excerpt":{"rendered":"<p>No m\u00eas de junho o Nordeste ganha ritmo e cores vibrantes que marcam a cultura e o sentimento de pertencimento do seu povo. Em v\u00e1rios munic\u00edpios, os festejos juninos atraem a aten\u00e7\u00e3o de turistas nacionais e internacionais. No Sert\u00e3o Pernambucano, a Prefeitura Municipal, por meio da Secretaria de Desenvolvimento Econ\u00f4mico, Turismo e Inova\u00e7\u00e3o, promove o S\u00e3o Jo\u00e3o de Petrolina 2025, um dos maiores do Brasil. Com o tema \u201c\u00c9 a Cara da Gente\u201d, o evento n\u00e3o apenas celebra a cultura nordestina, mas tamb\u00e9m se consolida como uma poderosa engrenagem para o turismo e a economia do munic\u00edpio. A expectativa da Secretaria \u00e9 receber mais de 50 mil visitantes de diversas partes do pa\u00eds, com ocupa\u00e7\u00e3o m\u00e1xima da rede hoteleira. Por&hellip; <\/p>\n","protected":false},"author":2,"featured_media":394701,"comment_status":"open","ping_status":"open","sticky":false,"template":"","format":"standard","meta":{"_acf_changed":false,"footnotes":""},"categories":[10],"tags":[],"class_list":["post-394700","post","type-post","status-publish","format-standard","has-post-thumbnail","hentry","category-cultura"],"acf":[],"yoast_head":"<!-- This site is optimized with the Yoast SEO plugin v27.5 - https:\/\/yoast.com\/product\/yoast-seo-wordpress\/ -->\n<title>S\u00e3o Jo\u00e3o de Petrolina 2025: evento promete o melhor festejo de todos os tempos para o turismo - Blog do Farn\u00e9sio<\/title>\n<meta name=\"robots\" content=\"index, follow, max-snippet:-1, max-image-preview:large, max-video-preview:-1\" \/>\n<link rel=\"canonical\" href=\"https:\/\/blogdofarnesio.com.br\/2025\/05\/sao-joao-de-petrolina-2025-evento-promete-o-melhor-festejo-de-todos-os-tempos-para-o-turismo\/\" \/>\n<meta property=\"og:locale\" content=\"pt_BR\" \/>\n<meta property=\"og:type\" content=\"article\" \/>\n<meta property=\"og:title\" content=\"S\u00e3o Jo\u00e3o de Petrolina 2025: evento promete o melhor festejo de todos os tempos para o turismo - Blog do Farn\u00e9sio\" \/>\n<meta property=\"og:description\" content=\"No m\u00eas de junho o Nordeste ganha ritmo e cores vibrantes que marcam a cultura e o sentimento de pertencimento do seu povo. Em v\u00e1rios munic\u00edpios, os festejos juninos atraem a aten\u00e7\u00e3o de turistas nacionais e internacionais. No Sert\u00e3o Pernambucano, a Prefeitura Municipal, por meio da Secretaria de Desenvolvimento Econ\u00f4mico, Turismo e Inova\u00e7\u00e3o, promove o S\u00e3o Jo\u00e3o de Petrolina 2025, um dos maiores do Brasil. Com o tema \u201c\u00c9 a Cara da Gente\u201d, o evento n\u00e3o apenas celebra a cultura nordestina, mas tamb\u00e9m se consolida como uma poderosa engrenagem para o turismo e a economia do munic\u00edpio. A expectativa da Secretaria \u00e9 receber mais de 50 mil visitantes de diversas partes do pa\u00eds, com ocupa\u00e7\u00e3o m\u00e1xima da rede hoteleira. Por&hellip;\" \/>\n<meta property=\"og:url\" content=\"https:\/\/blogdofarnesio.com.br\/2025\/05\/sao-joao-de-petrolina-2025-evento-promete-o-melhor-festejo-de-todos-os-tempos-para-o-turismo\/\" \/>\n<meta property=\"og:site_name\" content=\"Blog do Farn\u00e9sio\" \/>\n<meta property=\"article:publisher\" content=\"https:\/\/www.facebook.com\/BlogQuerSaberPolitica\/\" \/>\n<meta property=\"article:author\" content=\"https:\/\/www.facebook.com\/?ref=tn_tnmn\" \/>\n<meta property=\"article:published_time\" content=\"2025-05-22T16:00:59+00:00\" \/>\n<meta property=\"og:image\" content=\"https:\/\/blogdofarnesio.com.br\/wp-content\/uploads\/2025\/05\/54317956132_3d7bc439a5_o-scaled-e1747858741291.jpg\" \/>\n\t<meta property=\"og:image:width\" content=\"560\" \/>\n\t<meta property=\"og:image:height\" content=\"373\" \/>\n\t<meta property=\"og:image:type\" content=\"image\/jpeg\" \/>\n<meta name=\"author\" content=\"Farn\u00e9sio\" \/>\n<meta name=\"twitter:card\" content=\"summary_large_image\" \/>\n<meta name=\"twitter:label1\" content=\"Escrito por\" \/>\n\t<meta name=\"twitter:data1\" content=\"Farn\u00e9sio\" \/>\n\t<meta name=\"twitter:label2\" content=\"Est. tempo de leitura\" \/>\n\t<meta name=\"twitter:data2\" content=\"2 minutos\" \/>\n<script type=\"application\/ld+json\" class=\"yoast-schema-graph\">{\"@context\":\"https:\\\/\\\/schema.org\",\"@graph\":[{\"@type\":\"Article\",\"@id\":\"https:\\\/\\\/blogdofarnesio.com.br\\\/2025\\\/05\\\/sao-joao-de-petrolina-2025-evento-promete-o-melhor-festejo-de-todos-os-tempos-para-o-turismo\\\/#article\",\"isPartOf\":{\"@id\":\"https:\\\/\\\/blogdofarnesio.com.br\\\/2025\\\/05\\\/sao-joao-de-petrolina-2025-evento-promete-o-melhor-festejo-de-todos-os-tempos-para-o-turismo\\\/\"},\"author\":{\"name\":\"Farn\u00e9sio\",\"@id\":\"https:\\\/\\\/blogdofarnesio.com.br\\\/#\\\/schema\\\/person\\\/bb9b23ae3ad0609ce8df7b6c9e76824d\"},\"headline\":\"S\u00e3o Jo\u00e3o de Petrolina 2025: evento promete o melhor festejo de todos os tempos para o turismo\",\"datePublished\":\"2025-05-22T16:00:59+00:00\",\"mainEntityOfPage\":{\"@id\":\"https:\\\/\\\/blogdofarnesio.com.br\\\/2025\\\/05\\\/sao-joao-de-petrolina-2025-evento-promete-o-melhor-festejo-de-todos-os-tempos-para-o-turismo\\\/\"},\"wordCount\":358,\"commentCount\":0,\"publisher\":{\"@id\":\"https:\\\/\\\/blogdofarnesio.com.br\\\/#organization\"},\"image\":{\"@id\":\"https:\\\/\\\/blogdofarnesio.com.br\\\/2025\\\/05\\\/sao-joao-de-petrolina-2025-evento-promete-o-melhor-festejo-de-todos-os-tempos-para-o-turismo\\\/#primaryimage\"},\"thumbnailUrl\":\"https:\\\/\\\/blogdofarnesio.com.br\\\/wp-content\\\/uploads\\\/2025\\\/05\\\/54317956132_3d7bc439a5_o-scaled-e1747858741291.jpg\",\"articleSection\":[\"Cultura\"],\"inLanguage\":\"pt-BR\",\"potentialAction\":[{\"@type\":\"CommentAction\",\"name\":\"Comment\",\"target\":[\"https:\\\/\\\/blogdofarnesio.com.br\\\/2025\\\/05\\\/sao-joao-de-petrolina-2025-evento-promete-o-melhor-festejo-de-todos-os-tempos-para-o-turismo\\\/#respond\"]}]},{\"@type\":\"WebPage\",\"@id\":\"https:\\\/\\\/blogdofarnesio.com.br\\\/2025\\\/05\\\/sao-joao-de-petrolina-2025-evento-promete-o-melhor-festejo-de-todos-os-tempos-para-o-turismo\\\/\",\"url\":\"https:\\\/\\\/blogdofarnesio.com.br\\\/2025\\\/05\\\/sao-joao-de-petrolina-2025-evento-promete-o-melhor-festejo-de-todos-os-tempos-para-o-turismo\\\/\",\"name\":\"S\u00e3o Jo\u00e3o de Petrolina 2025: evento promete o melhor festejo de todos os tempos para o turismo - Blog do Farn\u00e9sio\",\"isPartOf\":{\"@id\":\"https:\\\/\\\/blogdofarnesio.com.br\\\/#website\"},\"primaryImageOfPage\":{\"@id\":\"https:\\\/\\\/blogdofarnesio.com.br\\\/2025\\\/05\\\/sao-joao-de-petrolina-2025-evento-promete-o-melhor-festejo-de-todos-os-tempos-para-o-turismo\\\/#primaryimage\"},\"image\":{\"@id\":\"https:\\\/\\\/blogdofarnesio.com.br\\\/2025\\\/05\\\/sao-joao-de-petrolina-2025-evento-promete-o-melhor-festejo-de-todos-os-tempos-para-o-turismo\\\/#primaryimage\"},\"thumbnailUrl\":\"https:\\\/\\\/blogdofarnesio.com.br\\\/wp-content\\\/uploads\\\/2025\\\/05\\\/54317956132_3d7bc439a5_o-scaled-e1747858741291.jpg\",\"datePublished\":\"2025-05-22T16:00:59+00:00\",\"breadcrumb\":{\"@id\":\"https:\\\/\\\/blogdofarnesio.com.br\\\/2025\\\/05\\\/sao-joao-de-petrolina-2025-evento-promete-o-melhor-festejo-de-todos-os-tempos-para-o-turismo\\\/#breadcrumb\"},\"inLanguage\":\"pt-BR\",\"potentialAction\":[{\"@type\":\"ReadAction\",\"target\":[\"https:\\\/\\\/blogdofarnesio.com.br\\\/2025\\\/05\\\/sao-joao-de-petrolina-2025-evento-promete-o-melhor-festejo-de-todos-os-tempos-para-o-turismo\\\/\"]}]},{\"@type\":\"ImageObject\",\"inLanguage\":\"pt-BR\",\"@id\":\"https:\\\/\\\/blogdofarnesio.com.br\\\/2025\\\/05\\\/sao-joao-de-petrolina-2025-evento-promete-o-melhor-festejo-de-todos-os-tempos-para-o-turismo\\\/#primaryimage\",\"url\":\"https:\\\/\\\/blogdofarnesio.com.br\\\/wp-content\\\/uploads\\\/2025\\\/05\\\/54317956132_3d7bc439a5_o-scaled-e1747858741291.jpg\",\"contentUrl\":\"https:\\\/\\\/blogdofarnesio.com.br\\\/wp-content\\\/uploads\\\/2025\\\/05\\\/54317956132_3d7bc439a5_o-scaled-e1747858741291.jpg\",\"width\":560,\"height\":373},{\"@type\":\"BreadcrumbList\",\"@id\":\"https:\\\/\\\/blogdofarnesio.com.br\\\/2025\\\/05\\\/sao-joao-de-petrolina-2025-evento-promete-o-melhor-festejo-de-todos-os-tempos-para-o-turismo\\\/#breadcrumb\",\"itemListElement\":[{\"@type\":\"ListItem\",\"position\":1,\"name\":\"In\u00edcio\",\"item\":\"https:\\\/\\\/blogdofarnesio.com.br\\\/\"},{\"@type\":\"ListItem\",\"position\":2,\"name\":\"S\u00e3o Jo\u00e3o de Petrolina 2025: evento promete o melhor festejo de todos os tempos para o turismo\"}]},{\"@type\":\"WebSite\",\"@id\":\"https:\\\/\\\/blogdofarnesio.com.br\\\/#website\",\"url\":\"https:\\\/\\\/blogdofarnesio.com.br\\\/\",\"name\":\"Blog do Farn\u00e9sio\",\"description\":\"Quer Saber Pol\u00edtica?\",\"publisher\":{\"@id\":\"https:\\\/\\\/blogdofarnesio.com.br\\\/#organization\"},\"potentialAction\":[{\"@type\":\"SearchAction\",\"target\":{\"@type\":\"EntryPoint\",\"urlTemplate\":\"https:\\\/\\\/blogdofarnesio.com.br\\\/?s={search_term_string}\"},\"query-input\":{\"@type\":\"PropertyValueSpecification\",\"valueRequired\":true,\"valueName\":\"search_term_string\"}}],\"inLanguage\":\"pt-BR\"},{\"@type\":\"Organization\",\"@id\":\"https:\\\/\\\/blogdofarnesio.com.br\\\/#organization\",\"name\":\"Blog do Farn\u00e9sio\",\"url\":\"https:\\\/\\\/blogdofarnesio.com.br\\\/\",\"logo\":{\"@type\":\"ImageObject\",\"inLanguage\":\"pt-BR\",\"@id\":\"https:\\\/\\\/blogdofarnesio.com.br\\\/#\\\/schema\\\/logo\\\/image\\\/\",\"url\":\"https:\\\/\\\/blogdofarnesio.com.br\\\/wp-content\\\/uploads\\\/2026\\\/03\\\/cropped-logo_new-1.png\",\"contentUrl\":\"https:\\\/\\\/blogdofarnesio.com.br\\\/wp-content\\\/uploads\\\/2026\\\/03\\\/cropped-logo_new-1.png\",\"width\":881,\"height\":685,\"caption\":\"Blog do Farn\u00e9sio\"},\"image\":{\"@id\":\"https:\\\/\\\/blogdofarnesio.com.br\\\/#\\\/schema\\\/logo\\\/image\\\/\"},\"sameAs\":[\"https:\\\/\\\/www.facebook.com\\\/BlogQuerSaberPolitica\\\/\"]},{\"@type\":\"Person\",\"@id\":\"https:\\\/\\\/blogdofarnesio.com.br\\\/#\\\/schema\\\/person\\\/bb9b23ae3ad0609ce8df7b6c9e76824d\",\"name\":\"Farn\u00e9sio\",\"image\":{\"@type\":\"ImageObject\",\"inLanguage\":\"pt-BR\",\"@id\":\"https:\\\/\\\/secure.gravatar.com\\\/avatar\\\/986aa4c61ccdb66f8555bf88fc2a65609d00bcabd4d2d94377a727547345cbca?s=96&d=mm&r=g\",\"url\":\"https:\\\/\\\/secure.gravatar.com\\\/avatar\\\/986aa4c61ccdb66f8555bf88fc2a65609d00bcabd4d2d94377a727547345cbca?s=96&d=mm&r=g\",\"contentUrl\":\"https:\\\/\\\/secure.gravatar.com\\\/avatar\\\/986aa4c61ccdb66f8555bf88fc2a65609d00bcabd4d2d94377a727547345cbca?s=96&d=mm&r=g\",\"caption\":\"Farn\u00e9sio\"},\"description\":\"Radialista blogueiro, chegou a Petrolina\\\/Juazeiro em setembro de 1980, Farn\u00e9sio Silva \u00e9 de Arapiraca-Alagoas.\",\"sameAs\":[\"http:\\\/\\\/blogdofarnesio.com.br\",\"https:\\\/\\\/www.facebook.com\\\/?ref=tn_tnmn\",\"https:\\\/\\\/www.instagram.com\\\/?utm_source=pwa_homescreen\",\"https:\\\/\\\/youtube.com.br\\\/\"],\"url\":\"https:\\\/\\\/blogdofarnesio.com.br\\\/author\\\/farnesio-2\\\/\"}]}<\/script>\n<!-- \/ Yoast SEO plugin. -->","yoast_head_json":{"title":"S\u00e3o Jo\u00e3o de Petrolina 2025: evento promete o melhor festejo de todos os tempos para o turismo - Blog do Farn\u00e9sio","robots":{"index":"index","follow":"follow","max-snippet":"max-snippet:-1","max-image-preview":"max-image-preview:large","max-video-preview":"max-video-preview:-1"},"canonical":"https:\/\/blogdofarnesio.com.br\/2025\/05\/sao-joao-de-petrolina-2025-evento-promete-o-melhor-festejo-de-todos-os-tempos-para-o-turismo\/","og_locale":"pt_BR","og_type":"article","og_title":"S\u00e3o Jo\u00e3o de Petrolina 2025: evento promete o melhor festejo de todos os tempos para o turismo - Blog do Farn\u00e9sio","og_description":"No m\u00eas de junho o Nordeste ganha ritmo e cores vibrantes que marcam a cultura e o sentimento de pertencimento do seu povo. Em v\u00e1rios munic\u00edpios, os festejos juninos atraem a aten\u00e7\u00e3o de turistas nacionais e internacionais. No Sert\u00e3o Pernambucano, a Prefeitura Municipal, por meio da Secretaria de Desenvolvimento Econ\u00f4mico, Turismo e Inova\u00e7\u00e3o, promove o S\u00e3o Jo\u00e3o de Petrolina 2025, um dos maiores do Brasil. Com o tema \u201c\u00c9 a Cara da Gente\u201d, o evento n\u00e3o apenas celebra a cultura nordestina, mas tamb\u00e9m se consolida como uma poderosa engrenagem para o turismo e a economia do munic\u00edpio. A expectativa da Secretaria \u00e9 receber mais de 50 mil visitantes de diversas partes do pa\u00eds, com ocupa\u00e7\u00e3o m\u00e1xima da rede hoteleira. Por&hellip;","og_url":"https:\/\/blogdofarnesio.com.br\/2025\/05\/sao-joao-de-petrolina-2025-evento-promete-o-melhor-festejo-de-todos-os-tempos-para-o-turismo\/","og_site_name":"Blog do Farn\u00e9sio","article_publisher":"https:\/\/www.facebook.com\/BlogQuerSaberPolitica\/","article_author":"https:\/\/www.facebook.com\/?ref=tn_tnmn","article_published_time":"2025-05-22T16:00:59+00:00","og_image":[{"width":560,"height":373,"url":"https:\/\/blogdofarnesio.com.br\/wp-content\/uploads\/2025\/05\/54317956132_3d7bc439a5_o-scaled-e1747858741291.jpg","type":"image\/jpeg"}],"author":"Farn\u00e9sio","twitter_card":"summary_large_image","twitter_misc":{"Escrito por":"Farn\u00e9sio","Est. tempo de leitura":"2 minutos"},"schema":{"@context":"https:\/\/schema.org","@graph":[{"@type":"Article","@id":"https:\/\/blogdofarnesio.com.br\/2025\/05\/sao-joao-de-petrolina-2025-evento-promete-o-melhor-festejo-de-todos-os-tempos-para-o-turismo\/#article","isPartOf":{"@id":"https:\/\/blogdofarnesio.com.br\/2025\/05\/sao-joao-de-petrolina-2025-evento-promete-o-melhor-festejo-de-todos-os-tempos-para-o-turismo\/"},"author":{"name":"Farn\u00e9sio","@id":"https:\/\/blogdofarnesio.com.br\/#\/schema\/person\/bb9b23ae3ad0609ce8df7b6c9e76824d"},"headline":"S\u00e3o Jo\u00e3o de Petrolina 2025: evento promete o melhor festejo de todos os tempos para o turismo","datePublished":"2025-05-22T16:00:59+00:00","mainEntityOfPage":{"@id":"https:\/\/blogdofarnesio.com.br\/2025\/05\/sao-joao-de-petrolina-2025-evento-promete-o-melhor-festejo-de-todos-os-tempos-para-o-turismo\/"},"wordCount":358,"commentCount":0,"publisher":{"@id":"https:\/\/blogdofarnesio.com.br\/#organization"},"image":{"@id":"https:\/\/blogdofarnesio.com.br\/2025\/05\/sao-joao-de-petrolina-2025-evento-promete-o-melhor-festejo-de-todos-os-tempos-para-o-turismo\/#primaryimage"},"thumbnailUrl":"https:\/\/blogdofarnesio.com.br\/wp-content\/uploads\/2025\/05\/54317956132_3d7bc439a5_o-scaled-e1747858741291.jpg","articleSection":["Cultura"],"inLanguage":"pt-BR","potentialAction":[{"@type":"CommentAction","name":"Comment","target":["https:\/\/blogdofarnesio.com.br\/2025\/05\/sao-joao-de-petrolina-2025-evento-promete-o-melhor-festejo-de-todos-os-tempos-para-o-turismo\/#respond"]}]},{"@type":"WebPage","@id":"https:\/\/blogdofarnesio.com.br\/2025\/05\/sao-joao-de-petrolina-2025-evento-promete-o-melhor-festejo-de-todos-os-tempos-para-o-turismo\/","url":"https:\/\/blogdofarnesio.com.br\/2025\/05\/sao-joao-de-petrolina-2025-evento-promete-o-melhor-festejo-de-todos-os-tempos-para-o-turismo\/","name":"S\u00e3o Jo\u00e3o de Petrolina 2025: evento promete o melhor festejo de todos os tempos para o turismo - Blog do Farn\u00e9sio","isPartOf":{"@id":"https:\/\/blogdofarnesio.com.br\/#website"},"primaryImageOfPage":{"@id":"https:\/\/blogdofarnesio.com.br\/2025\/05\/sao-joao-de-petrolina-2025-evento-promete-o-melhor-festejo-de-todos-os-tempos-para-o-turismo\/#primaryimage"},"image":{"@id":"https:\/\/blogdofarnesio.com.br\/2025\/05\/sao-joao-de-petrolina-2025-evento-promete-o-melhor-festejo-de-todos-os-tempos-para-o-turismo\/#primaryimage"},"thumbnailUrl":"https:\/\/blogdofarnesio.com.br\/wp-content\/uploads\/2025\/05\/54317956132_3d7bc439a5_o-scaled-e1747858741291.jpg","datePublished":"2025-05-22T16:00:59+00:00","breadcrumb":{"@id":"https:\/\/blogdofarnesio.com.br\/2025\/05\/sao-joao-de-petrolina-2025-evento-promete-o-melhor-festejo-de-todos-os-tempos-para-o-turismo\/#breadcrumb"},"inLanguage":"pt-BR","potentialAction":[{"@type":"ReadAction","target":["https:\/\/blogdofarnesio.com.br\/2025\/05\/sao-joao-de-petrolina-2025-evento-promete-o-melhor-festejo-de-todos-os-tempos-para-o-turismo\/"]}]},{"@type":"ImageObject","inLanguage":"pt-BR","@id":"https:\/\/blogdofarnesio.com.br\/2025\/05\/sao-joao-de-petrolina-2025-evento-promete-o-melhor-festejo-de-todos-os-tempos-para-o-turismo\/#primaryimage","url":"https:\/\/blogdofarnesio.com.br\/wp-content\/uploads\/2025\/05\/54317956132_3d7bc439a5_o-scaled-e1747858741291.jpg","contentUrl":"https:\/\/blogdofarnesio.com.br\/wp-content\/uploads\/2025\/05\/54317956132_3d7bc439a5_o-scaled-e1747858741291.jpg","width":560,"height":373},{"@type":"BreadcrumbList","@id":"https:\/\/blogdofarnesio.com.br\/2025\/05\/sao-joao-de-petrolina-2025-evento-promete-o-melhor-festejo-de-todos-os-tempos-para-o-turismo\/#breadcrumb","itemListElement":[{"@type":"ListItem","position":1,"name":"In\u00edcio","item":"https:\/\/blogdofarnesio.com.br\/"},{"@type":"ListItem","position":2,"name":"S\u00e3o Jo\u00e3o de Petrolina 2025: evento promete o melhor festejo de todos os tempos para o turismo"}]},{"@type":"WebSite","@id":"https:\/\/blogdofarnesio.com.br\/#website","url":"https:\/\/blogdofarnesio.com.br\/","name":"Blog do Farn\u00e9sio","description":"Quer Saber Pol\u00edtica?","publisher":{"@id":"https:\/\/blogdofarnesio.com.br\/#organization"},"potentialAction":[{"@type":"SearchAction","target":{"@type":"EntryPoint","urlTemplate":"https:\/\/blogdofarnesio.com.br\/?s={search_term_string}"},"query-input":{"@type":"PropertyValueSpecification","valueRequired":true,"valueName":"search_term_string"}}],"inLanguage":"pt-BR"},{"@type":"Organization","@id":"https:\/\/blogdofarnesio.com.br\/#organization","name":"Blog do Farn\u00e9sio","url":"https:\/\/blogdofarnesio.com.br\/","logo":{"@type":"ImageObject","inLanguage":"pt-BR","@id":"https:\/\/blogdofarnesio.com.br\/#\/schema\/logo\/image\/","url":"https:\/\/blogdofarnesio.com.br\/wp-content\/uploads\/2026\/03\/cropped-logo_new-1.png","contentUrl":"https:\/\/blogdofarnesio.com.br\/wp-content\/uploads\/2026\/03\/cropped-logo_new-1.png","width":881,"height":685,"caption":"Blog do Farn\u00e9sio"},"image":{"@id":"https:\/\/blogdofarnesio.com.br\/#\/schema\/logo\/image\/"},"sameAs":["https:\/\/www.facebook.com\/BlogQuerSaberPolitica\/"]},{"@type":"Person","@id":"https:\/\/blogdofarnesio.com.br\/#\/schema\/person\/bb9b23ae3ad0609ce8df7b6c9e76824d","name":"Farn\u00e9sio","image":{"@type":"ImageObject","inLanguage":"pt-BR","@id":"https:\/\/secure.gravatar.com\/avatar\/986aa4c61ccdb66f8555bf88fc2a65609d00bcabd4d2d94377a727547345cbca?s=96&d=mm&r=g","url":"https:\/\/secure.gravatar.com\/avatar\/986aa4c61ccdb66f8555bf88fc2a65609d00bcabd4d2d94377a727547345cbca?s=96&d=mm&r=g","contentUrl":"https:\/\/secure.gravatar.com\/avatar\/986aa4c61ccdb66f8555bf88fc2a65609d00bcabd4d2d94377a727547345cbca?s=96&d=mm&r=g","caption":"Farn\u00e9sio"},"description":"Radialista blogueiro, chegou a Petrolina\/Juazeiro em setembro de 1980, Farn\u00e9sio Silva \u00e9 de Arapiraca-Alagoas.","sameAs":["http:\/\/blogdofarnesio.com.br","https:\/\/www.facebook.com\/?ref=tn_tnmn","https:\/\/www.instagram.com\/?utm_source=pwa_homescreen","https:\/\/youtube.com.br\/"],"url":"https:\/\/blogdofarnesio.com.br\/author\/farnesio-2\/"}]}},"_links":{"self":[{"href":"https:\/\/blogdofarnesio.com.br\/wp-json\/wp\/v2\/posts\/394700","targetHints":{"allow":["GET"]}}],"collection":[{"href":"https:\/\/blogdofarnesio.com.br\/wp-json\/wp\/v2\/posts"}],"about":[{"href":"https:\/\/blogdofarnesio.com.br\/wp-json\/wp\/v2\/types\/post"}],"author":[{"embeddable":true,"href":"https:\/\/blogdofarnesio.com.br\/wp-json\/wp\/v2\/users\/2"}],"replies":[{"embeddable":true,"href":"https:\/\/blogdofarnesio.com.br\/wp-json\/wp\/v2\/comments?post=394700"}],"version-history":[{"count":0,"href":"https:\/\/blogdofarnesio.com.br\/wp-json\/wp\/v2\/posts\/394700\/revisions"}],"wp:featuredmedia":[{"embeddable":true,"href":"https:\/\/blogdofarnesio.com.br\/wp-json\/wp\/v2\/media\/394701"}],"wp:attachment":[{"href":"https:\/\/blogdofarnesio.com.br\/wp-json\/wp\/v2\/media?parent=394700"}],"wp:term":[{"taxonomy":"category","embeddable":true,"href":"https:\/\/blogdofarnesio.com.br\/wp-json\/wp\/v2\/categories?post=394700"},{"taxonomy":"post_tag","embeddable":true,"href":"https:\/\/blogdofarnesio.com.br\/wp-json\/wp\/v2\/tags?post=394700"}],"curies":[{"name":"wp","href":"https:\/\/api.w.org\/{rel}","templated":true}]}}