{"id":393531,"date":"2025-05-06T14:00:59","date_gmt":"2025-05-06T17:00:59","guid":{"rendered":"https:\/\/blogdofarnesio.com.br\/?p=393531"},"modified":"2025-05-06T10:20:30","modified_gmt":"2025-05-06T13:20:30","slug":"combate-a-violencia-treinamento-sobre-vigilancia-das-violencias-interpessoais-e-autoprovocadas-em-juazeiro","status":"publish","type":"post","link":"https:\/\/blogdofarnesio.com.br\/2025\/05\/combate-a-violencia-treinamento-sobre-vigilancia-das-violencias-interpessoais-e-autoprovocadas-em-juazeiro\/","title":{"rendered":"Combate \u00e0 viol\u00eancia: treinamento sobre Vigil\u00e2ncia das Viol\u00eancias Interpessoais e Autoprovocadas em Juazeiro"},"content":{"rendered":"<p>A Prefeitura de Juazeiro, por meio da Secretaria Municipal de Sa\u00fade\/SESAU, realizou nesta segunda-feira (5), no audit\u00f3rio da UNIFTC, um treinamento voltado para vigil\u00e2ncia de viol\u00eancias interpessoais e autoprovocadas.<\/p>\n<p>A iniciativa foi promovida em parceria com a Secretaria da Mulher e Diversidade e a Secretaria de Desenvolvimento Social, reunindo importantes representantes da rede de enfrentamento \u00e0s viol\u00eancias.<\/p>\n<p>O evento teve como p\u00fablico-alvo os profissionais e institui\u00e7\u00f5es que atuam diretamente na prote\u00e7\u00e3o de mulheres e outros grupos vulner\u00e1veis, contando com a presen\u00e7a da Guarda Civil Municipal, Pastoral da Mulher, Conselho Municipal de Defesa dos Direitos da Mulher\/CMDDM, Centro Integrado de Atendimento \u00e0 Mulher\/CIAM, Delegacia Especial de Atendimento \u00e0 Mulher\/DEAM, Pol\u00edcia Militar e a Ronda Maria da Penha.<\/p>\n<p>Durante o encontro, foram debatidas formas de enfrentamento a diversos tipos de viol\u00eancia, n\u00e3o apenas a viol\u00eancia contra a mulher, mas todas as viol\u00eancias que afetam os segmentos sociais mais vulner\u00e1veis.<\/p>\n<p>A capacita\u00e7\u00e3o incluiu a apresenta\u00e7\u00e3o do formul\u00e1rio de investiga\u00e7\u00e3o de agravos e a an\u00e1lise de dados epidemiol\u00f3gicos relativos aos atendimentos realizados em Juazeiro entre os anos de 2020 e 2024.<\/p>\n<p>Segundo Klynger Farias, representante da Vigil\u00e2ncia das Viol\u00eancias da SESAU, a iniciativa busca fortalecer a integra\u00e7\u00e3o da rede e promover maior efetividade na notifica\u00e7\u00e3o dos casos.<\/p>\n<p>&#8220;Observamos um alto \u00edndice de subnotifica\u00e7\u00e3o ao longo dos \u00faltimos anos. Nosso objetivo com essa articula\u00e7\u00e3o \u00e9 aproximar os setores envolvidos para que tamb\u00e9m atuem como agentes notificadores no Sistema de Informa\u00e7\u00e3o de Agravos de Notifica\u00e7\u00e3o\/SINAN.<\/p>\n<p>Isso \u00e9 fundamental para que possamos investigar os casos de forma mais eficaz e aprimorar as pol\u00edticas p\u00fablicas expostas \u00e0 preven\u00e7\u00e3o e ao enfrentamento da viol\u00eancia&#8221;, informou.<\/p>\n<p>A advogada Isaura Portugal, presidente da Comiss\u00e3o de Prote\u00e7\u00e3o aos Direitos da Mulher da OAB, conselheira do CMDDM e coordenadora da Rede de Enfrentamento \u00e0 Viol\u00eancia Dom\u00e9stica e Familiar Contra a Mulher, tamb\u00e9m destacou a import\u00e2ncia da a\u00e7\u00e3o integrada:<\/p>\n<p>&#8220;A viol\u00eancia \u00e9 uma realidade complexa e exige o comprometimento de toda a rede. Quando todas as institui\u00e7\u00f5es dialogam e abrangem informa\u00e7\u00f5es, n\u00e3o conseguem apenas identificar mais casos, mas oferecer respostas mais r\u00e1pidas e pr\u00e1ticas.<\/p>\n<p>Essa capacita\u00e7\u00e3o \u00e9 essencial para que saibam todosm seu papel na notifica\u00e7\u00e3o e no cuidado com as v\u00edtimas&#8221;, declarou.<\/p>\n<p>&nbsp;<\/p>\n<p>Ascom PMJ\/PMJ<\/p>\n","protected":false},"excerpt":{"rendered":"<p>A Prefeitura de Juazeiro, por meio da Secretaria Municipal de Sa\u00fade\/SESAU, realizou nesta segunda-feira (5), no audit\u00f3rio da UNIFTC, um treinamento voltado para vigil\u00e2ncia de viol\u00eancias interpessoais e autoprovocadas. A iniciativa foi promovida em parceria com a Secretaria da Mulher e Diversidade e a Secretaria de Desenvolvimento Social, reunindo importantes representantes da rede de enfrentamento \u00e0s viol\u00eancias. O evento teve como p\u00fablico-alvo os profissionais e institui\u00e7\u00f5es que atuam diretamente na prote\u00e7\u00e3o de mulheres e outros grupos vulner\u00e1veis, contando com a presen\u00e7a da Guarda Civil Municipal, Pastoral da Mulher, Conselho Municipal de Defesa dos Direitos da Mulher\/CMDDM, Centro Integrado de Atendimento \u00e0 Mulher\/CIAM, Delegacia Especial de Atendimento \u00e0 Mulher\/DEAM, Pol\u00edcia Militar e a Ronda Maria da Penha. Durante o encontro, foram&hellip; <\/p>\n","protected":false},"author":2,"featured_media":393532,"comment_status":"open","ping_status":"open","sticky":false,"template":"","format":"standard","meta":{"_acf_changed":false,"footnotes":""},"categories":[5],"tags":[],"class_list":["post-393531","post","type-post","status-publish","format-standard","has-post-thumbnail","hentry","category-seguranca"],"acf":[],"yoast_head":"<!-- This site is optimized with the Yoast SEO plugin v27.5 - https:\/\/yoast.com\/product\/yoast-seo-wordpress\/ -->\n<title>Combate \u00e0 viol\u00eancia: treinamento sobre Vigil\u00e2ncia das Viol\u00eancias Interpessoais e Autoprovocadas em Juazeiro - Blog do Farn\u00e9sio<\/title>\n<meta name=\"robots\" content=\"index, follow, max-snippet:-1, max-image-preview:large, max-video-preview:-1\" \/>\n<link rel=\"canonical\" href=\"https:\/\/blogdofarnesio.com.br\/2025\/05\/combate-a-violencia-treinamento-sobre-vigilancia-das-violencias-interpessoais-e-autoprovocadas-em-juazeiro\/\" \/>\n<meta property=\"og:locale\" content=\"pt_BR\" \/>\n<meta property=\"og:type\" content=\"article\" \/>\n<meta property=\"og:title\" content=\"Combate \u00e0 viol\u00eancia: treinamento sobre Vigil\u00e2ncia das Viol\u00eancias Interpessoais e Autoprovocadas em Juazeiro - Blog do Farn\u00e9sio\" \/>\n<meta property=\"og:description\" content=\"A Prefeitura de Juazeiro, por meio da Secretaria Municipal de Sa\u00fade\/SESAU, realizou nesta segunda-feira (5), no audit\u00f3rio da UNIFTC, um treinamento voltado para vigil\u00e2ncia de viol\u00eancias interpessoais e autoprovocadas. A iniciativa foi promovida em parceria com a Secretaria da Mulher e Diversidade e a Secretaria de Desenvolvimento Social, reunindo importantes representantes da rede de enfrentamento \u00e0s viol\u00eancias. O evento teve como p\u00fablico-alvo os profissionais e institui\u00e7\u00f5es que atuam diretamente na prote\u00e7\u00e3o de mulheres e outros grupos vulner\u00e1veis, contando com a presen\u00e7a da Guarda Civil Municipal, Pastoral da Mulher, Conselho Municipal de Defesa dos Direitos da Mulher\/CMDDM, Centro Integrado de Atendimento \u00e0 Mulher\/CIAM, Delegacia Especial de Atendimento \u00e0 Mulher\/DEAM, Pol\u00edcia Militar e a Ronda Maria da Penha. Durante o encontro, foram&hellip;\" \/>\n<meta property=\"og:url\" content=\"https:\/\/blogdofarnesio.com.br\/2025\/05\/combate-a-violencia-treinamento-sobre-vigilancia-das-violencias-interpessoais-e-autoprovocadas-em-juazeiro\/\" \/>\n<meta property=\"og:site_name\" content=\"Blog do Farn\u00e9sio\" \/>\n<meta property=\"article:publisher\" content=\"https:\/\/www.facebook.com\/BlogQuerSaberPolitica\/\" \/>\n<meta property=\"article:author\" content=\"https:\/\/www.facebook.com\/?ref=tn_tnmn\" \/>\n<meta property=\"article:published_time\" content=\"2025-05-06T17:00:59+00:00\" \/>\n<meta property=\"og:image\" content=\"https:\/\/blogdofarnesio.com.br\/wp-content\/uploads\/2025\/05\/WhatsApp-Image-2025-05-05-at-16.06.25-1-e1746537600216.jpeg\" \/>\n\t<meta property=\"og:image:width\" content=\"600\" \/>\n\t<meta property=\"og:image:height\" content=\"450\" \/>\n\t<meta property=\"og:image:type\" content=\"image\/jpeg\" \/>\n<meta name=\"author\" content=\"Farn\u00e9sio\" \/>\n<meta name=\"twitter:card\" content=\"summary_large_image\" \/>\n<meta name=\"twitter:label1\" content=\"Escrito por\" \/>\n\t<meta name=\"twitter:data1\" content=\"Farn\u00e9sio\" \/>\n\t<meta name=\"twitter:label2\" content=\"Est. tempo de leitura\" \/>\n\t<meta name=\"twitter:data2\" content=\"3 minutos\" \/>\n<script type=\"application\/ld+json\" class=\"yoast-schema-graph\">{\"@context\":\"https:\\\/\\\/schema.org\",\"@graph\":[{\"@type\":\"Article\",\"@id\":\"https:\\\/\\\/blogdofarnesio.com.br\\\/2025\\\/05\\\/combate-a-violencia-treinamento-sobre-vigilancia-das-violencias-interpessoais-e-autoprovocadas-em-juazeiro\\\/#article\",\"isPartOf\":{\"@id\":\"https:\\\/\\\/blogdofarnesio.com.br\\\/2025\\\/05\\\/combate-a-violencia-treinamento-sobre-vigilancia-das-violencias-interpessoais-e-autoprovocadas-em-juazeiro\\\/\"},\"author\":{\"name\":\"Farn\u00e9sio\",\"@id\":\"https:\\\/\\\/blogdofarnesio.com.br\\\/#\\\/schema\\\/person\\\/bb9b23ae3ad0609ce8df7b6c9e76824d\"},\"headline\":\"Combate \u00e0 viol\u00eancia: treinamento sobre Vigil\u00e2ncia das Viol\u00eancias Interpessoais e Autoprovocadas em Juazeiro\",\"datePublished\":\"2025-05-06T17:00:59+00:00\",\"mainEntityOfPage\":{\"@id\":\"https:\\\/\\\/blogdofarnesio.com.br\\\/2025\\\/05\\\/combate-a-violencia-treinamento-sobre-vigilancia-das-violencias-interpessoais-e-autoprovocadas-em-juazeiro\\\/\"},\"wordCount\":423,\"commentCount\":0,\"publisher\":{\"@id\":\"https:\\\/\\\/blogdofarnesio.com.br\\\/#organization\"},\"image\":{\"@id\":\"https:\\\/\\\/blogdofarnesio.com.br\\\/2025\\\/05\\\/combate-a-violencia-treinamento-sobre-vigilancia-das-violencias-interpessoais-e-autoprovocadas-em-juazeiro\\\/#primaryimage\"},\"thumbnailUrl\":\"https:\\\/\\\/blogdofarnesio.com.br\\\/wp-content\\\/uploads\\\/2025\\\/05\\\/WhatsApp-Image-2025-05-05-at-16.06.25-1-e1746537600216.jpeg\",\"articleSection\":[\"Seguran\u00e7a\"],\"inLanguage\":\"pt-BR\",\"potentialAction\":[{\"@type\":\"CommentAction\",\"name\":\"Comment\",\"target\":[\"https:\\\/\\\/blogdofarnesio.com.br\\\/2025\\\/05\\\/combate-a-violencia-treinamento-sobre-vigilancia-das-violencias-interpessoais-e-autoprovocadas-em-juazeiro\\\/#respond\"]}]},{\"@type\":\"WebPage\",\"@id\":\"https:\\\/\\\/blogdofarnesio.com.br\\\/2025\\\/05\\\/combate-a-violencia-treinamento-sobre-vigilancia-das-violencias-interpessoais-e-autoprovocadas-em-juazeiro\\\/\",\"url\":\"https:\\\/\\\/blogdofarnesio.com.br\\\/2025\\\/05\\\/combate-a-violencia-treinamento-sobre-vigilancia-das-violencias-interpessoais-e-autoprovocadas-em-juazeiro\\\/\",\"name\":\"Combate \u00e0 viol\u00eancia: treinamento sobre Vigil\u00e2ncia das Viol\u00eancias Interpessoais e Autoprovocadas em Juazeiro - Blog do Farn\u00e9sio\",\"isPartOf\":{\"@id\":\"https:\\\/\\\/blogdofarnesio.com.br\\\/#website\"},\"primaryImageOfPage\":{\"@id\":\"https:\\\/\\\/blogdofarnesio.com.br\\\/2025\\\/05\\\/combate-a-violencia-treinamento-sobre-vigilancia-das-violencias-interpessoais-e-autoprovocadas-em-juazeiro\\\/#primaryimage\"},\"image\":{\"@id\":\"https:\\\/\\\/blogdofarnesio.com.br\\\/2025\\\/05\\\/combate-a-violencia-treinamento-sobre-vigilancia-das-violencias-interpessoais-e-autoprovocadas-em-juazeiro\\\/#primaryimage\"},\"thumbnailUrl\":\"https:\\\/\\\/blogdofarnesio.com.br\\\/wp-content\\\/uploads\\\/2025\\\/05\\\/WhatsApp-Image-2025-05-05-at-16.06.25-1-e1746537600216.jpeg\",\"datePublished\":\"2025-05-06T17:00:59+00:00\",\"breadcrumb\":{\"@id\":\"https:\\\/\\\/blogdofarnesio.com.br\\\/2025\\\/05\\\/combate-a-violencia-treinamento-sobre-vigilancia-das-violencias-interpessoais-e-autoprovocadas-em-juazeiro\\\/#breadcrumb\"},\"inLanguage\":\"pt-BR\",\"potentialAction\":[{\"@type\":\"ReadAction\",\"target\":[\"https:\\\/\\\/blogdofarnesio.com.br\\\/2025\\\/05\\\/combate-a-violencia-treinamento-sobre-vigilancia-das-violencias-interpessoais-e-autoprovocadas-em-juazeiro\\\/\"]}]},{\"@type\":\"ImageObject\",\"inLanguage\":\"pt-BR\",\"@id\":\"https:\\\/\\\/blogdofarnesio.com.br\\\/2025\\\/05\\\/combate-a-violencia-treinamento-sobre-vigilancia-das-violencias-interpessoais-e-autoprovocadas-em-juazeiro\\\/#primaryimage\",\"url\":\"https:\\\/\\\/blogdofarnesio.com.br\\\/wp-content\\\/uploads\\\/2025\\\/05\\\/WhatsApp-Image-2025-05-05-at-16.06.25-1-e1746537600216.jpeg\",\"contentUrl\":\"https:\\\/\\\/blogdofarnesio.com.br\\\/wp-content\\\/uploads\\\/2025\\\/05\\\/WhatsApp-Image-2025-05-05-at-16.06.25-1-e1746537600216.jpeg\",\"width\":600,\"height\":450},{\"@type\":\"BreadcrumbList\",\"@id\":\"https:\\\/\\\/blogdofarnesio.com.br\\\/2025\\\/05\\\/combate-a-violencia-treinamento-sobre-vigilancia-das-violencias-interpessoais-e-autoprovocadas-em-juazeiro\\\/#breadcrumb\",\"itemListElement\":[{\"@type\":\"ListItem\",\"position\":1,\"name\":\"In\u00edcio\",\"item\":\"https:\\\/\\\/blogdofarnesio.com.br\\\/\"},{\"@type\":\"ListItem\",\"position\":2,\"name\":\"Combate \u00e0 viol\u00eancia: treinamento sobre Vigil\u00e2ncia das Viol\u00eancias Interpessoais e Autoprovocadas em Juazeiro\"}]},{\"@type\":\"WebSite\",\"@id\":\"https:\\\/\\\/blogdofarnesio.com.br\\\/#website\",\"url\":\"https:\\\/\\\/blogdofarnesio.com.br\\\/\",\"name\":\"Blog do Farn\u00e9sio\",\"description\":\"Quer Saber Pol\u00edtica?\",\"publisher\":{\"@id\":\"https:\\\/\\\/blogdofarnesio.com.br\\\/#organization\"},\"potentialAction\":[{\"@type\":\"SearchAction\",\"target\":{\"@type\":\"EntryPoint\",\"urlTemplate\":\"https:\\\/\\\/blogdofarnesio.com.br\\\/?s={search_term_string}\"},\"query-input\":{\"@type\":\"PropertyValueSpecification\",\"valueRequired\":true,\"valueName\":\"search_term_string\"}}],\"inLanguage\":\"pt-BR\"},{\"@type\":\"Organization\",\"@id\":\"https:\\\/\\\/blogdofarnesio.com.br\\\/#organization\",\"name\":\"Blog do Farn\u00e9sio\",\"url\":\"https:\\\/\\\/blogdofarnesio.com.br\\\/\",\"logo\":{\"@type\":\"ImageObject\",\"inLanguage\":\"pt-BR\",\"@id\":\"https:\\\/\\\/blogdofarnesio.com.br\\\/#\\\/schema\\\/logo\\\/image\\\/\",\"url\":\"https:\\\/\\\/blogdofarnesio.com.br\\\/wp-content\\\/uploads\\\/2026\\\/03\\\/cropped-logo_new-1.png\",\"contentUrl\":\"https:\\\/\\\/blogdofarnesio.com.br\\\/wp-content\\\/uploads\\\/2026\\\/03\\\/cropped-logo_new-1.png\",\"width\":881,\"height\":685,\"caption\":\"Blog do Farn\u00e9sio\"},\"image\":{\"@id\":\"https:\\\/\\\/blogdofarnesio.com.br\\\/#\\\/schema\\\/logo\\\/image\\\/\"},\"sameAs\":[\"https:\\\/\\\/www.facebook.com\\\/BlogQuerSaberPolitica\\\/\"]},{\"@type\":\"Person\",\"@id\":\"https:\\\/\\\/blogdofarnesio.com.br\\\/#\\\/schema\\\/person\\\/bb9b23ae3ad0609ce8df7b6c9e76824d\",\"name\":\"Farn\u00e9sio\",\"image\":{\"@type\":\"ImageObject\",\"inLanguage\":\"pt-BR\",\"@id\":\"https:\\\/\\\/secure.gravatar.com\\\/avatar\\\/986aa4c61ccdb66f8555bf88fc2a65609d00bcabd4d2d94377a727547345cbca?s=96&d=mm&r=g\",\"url\":\"https:\\\/\\\/secure.gravatar.com\\\/avatar\\\/986aa4c61ccdb66f8555bf88fc2a65609d00bcabd4d2d94377a727547345cbca?s=96&d=mm&r=g\",\"contentUrl\":\"https:\\\/\\\/secure.gravatar.com\\\/avatar\\\/986aa4c61ccdb66f8555bf88fc2a65609d00bcabd4d2d94377a727547345cbca?s=96&d=mm&r=g\",\"caption\":\"Farn\u00e9sio\"},\"description\":\"Radialista blogueiro, chegou a Petrolina\\\/Juazeiro em setembro de 1980, Farn\u00e9sio Silva \u00e9 de Arapiraca-Alagoas.\",\"sameAs\":[\"http:\\\/\\\/blogdofarnesio.com.br\",\"https:\\\/\\\/www.facebook.com\\\/?ref=tn_tnmn\",\"https:\\\/\\\/www.instagram.com\\\/?utm_source=pwa_homescreen\",\"https:\\\/\\\/youtube.com.br\\\/\"],\"url\":\"https:\\\/\\\/blogdofarnesio.com.br\\\/author\\\/farnesio-2\\\/\"}]}<\/script>\n<!-- \/ Yoast SEO plugin. -->","yoast_head_json":{"title":"Combate \u00e0 viol\u00eancia: treinamento sobre Vigil\u00e2ncia das Viol\u00eancias Interpessoais e Autoprovocadas em Juazeiro - Blog do Farn\u00e9sio","robots":{"index":"index","follow":"follow","max-snippet":"max-snippet:-1","max-image-preview":"max-image-preview:large","max-video-preview":"max-video-preview:-1"},"canonical":"https:\/\/blogdofarnesio.com.br\/2025\/05\/combate-a-violencia-treinamento-sobre-vigilancia-das-violencias-interpessoais-e-autoprovocadas-em-juazeiro\/","og_locale":"pt_BR","og_type":"article","og_title":"Combate \u00e0 viol\u00eancia: treinamento sobre Vigil\u00e2ncia das Viol\u00eancias Interpessoais e Autoprovocadas em Juazeiro - Blog do Farn\u00e9sio","og_description":"A Prefeitura de Juazeiro, por meio da Secretaria Municipal de Sa\u00fade\/SESAU, realizou nesta segunda-feira (5), no audit\u00f3rio da UNIFTC, um treinamento voltado para vigil\u00e2ncia de viol\u00eancias interpessoais e autoprovocadas. A iniciativa foi promovida em parceria com a Secretaria da Mulher e Diversidade e a Secretaria de Desenvolvimento Social, reunindo importantes representantes da rede de enfrentamento \u00e0s viol\u00eancias. O evento teve como p\u00fablico-alvo os profissionais e institui\u00e7\u00f5es que atuam diretamente na prote\u00e7\u00e3o de mulheres e outros grupos vulner\u00e1veis, contando com a presen\u00e7a da Guarda Civil Municipal, Pastoral da Mulher, Conselho Municipal de Defesa dos Direitos da Mulher\/CMDDM, Centro Integrado de Atendimento \u00e0 Mulher\/CIAM, Delegacia Especial de Atendimento \u00e0 Mulher\/DEAM, Pol\u00edcia Militar e a Ronda Maria da Penha. Durante o encontro, foram&hellip;","og_url":"https:\/\/blogdofarnesio.com.br\/2025\/05\/combate-a-violencia-treinamento-sobre-vigilancia-das-violencias-interpessoais-e-autoprovocadas-em-juazeiro\/","og_site_name":"Blog do Farn\u00e9sio","article_publisher":"https:\/\/www.facebook.com\/BlogQuerSaberPolitica\/","article_author":"https:\/\/www.facebook.com\/?ref=tn_tnmn","article_published_time":"2025-05-06T17:00:59+00:00","og_image":[{"width":600,"height":450,"url":"https:\/\/blogdofarnesio.com.br\/wp-content\/uploads\/2025\/05\/WhatsApp-Image-2025-05-05-at-16.06.25-1-e1746537600216.jpeg","type":"image\/jpeg"}],"author":"Farn\u00e9sio","twitter_card":"summary_large_image","twitter_misc":{"Escrito por":"Farn\u00e9sio","Est. tempo de leitura":"3 minutos"},"schema":{"@context":"https:\/\/schema.org","@graph":[{"@type":"Article","@id":"https:\/\/blogdofarnesio.com.br\/2025\/05\/combate-a-violencia-treinamento-sobre-vigilancia-das-violencias-interpessoais-e-autoprovocadas-em-juazeiro\/#article","isPartOf":{"@id":"https:\/\/blogdofarnesio.com.br\/2025\/05\/combate-a-violencia-treinamento-sobre-vigilancia-das-violencias-interpessoais-e-autoprovocadas-em-juazeiro\/"},"author":{"name":"Farn\u00e9sio","@id":"https:\/\/blogdofarnesio.com.br\/#\/schema\/person\/bb9b23ae3ad0609ce8df7b6c9e76824d"},"headline":"Combate \u00e0 viol\u00eancia: treinamento sobre Vigil\u00e2ncia das Viol\u00eancias Interpessoais e Autoprovocadas em Juazeiro","datePublished":"2025-05-06T17:00:59+00:00","mainEntityOfPage":{"@id":"https:\/\/blogdofarnesio.com.br\/2025\/05\/combate-a-violencia-treinamento-sobre-vigilancia-das-violencias-interpessoais-e-autoprovocadas-em-juazeiro\/"},"wordCount":423,"commentCount":0,"publisher":{"@id":"https:\/\/blogdofarnesio.com.br\/#organization"},"image":{"@id":"https:\/\/blogdofarnesio.com.br\/2025\/05\/combate-a-violencia-treinamento-sobre-vigilancia-das-violencias-interpessoais-e-autoprovocadas-em-juazeiro\/#primaryimage"},"thumbnailUrl":"https:\/\/blogdofarnesio.com.br\/wp-content\/uploads\/2025\/05\/WhatsApp-Image-2025-05-05-at-16.06.25-1-e1746537600216.jpeg","articleSection":["Seguran\u00e7a"],"inLanguage":"pt-BR","potentialAction":[{"@type":"CommentAction","name":"Comment","target":["https:\/\/blogdofarnesio.com.br\/2025\/05\/combate-a-violencia-treinamento-sobre-vigilancia-das-violencias-interpessoais-e-autoprovocadas-em-juazeiro\/#respond"]}]},{"@type":"WebPage","@id":"https:\/\/blogdofarnesio.com.br\/2025\/05\/combate-a-violencia-treinamento-sobre-vigilancia-das-violencias-interpessoais-e-autoprovocadas-em-juazeiro\/","url":"https:\/\/blogdofarnesio.com.br\/2025\/05\/combate-a-violencia-treinamento-sobre-vigilancia-das-violencias-interpessoais-e-autoprovocadas-em-juazeiro\/","name":"Combate \u00e0 viol\u00eancia: treinamento sobre Vigil\u00e2ncia das Viol\u00eancias Interpessoais e Autoprovocadas em Juazeiro - Blog do Farn\u00e9sio","isPartOf":{"@id":"https:\/\/blogdofarnesio.com.br\/#website"},"primaryImageOfPage":{"@id":"https:\/\/blogdofarnesio.com.br\/2025\/05\/combate-a-violencia-treinamento-sobre-vigilancia-das-violencias-interpessoais-e-autoprovocadas-em-juazeiro\/#primaryimage"},"image":{"@id":"https:\/\/blogdofarnesio.com.br\/2025\/05\/combate-a-violencia-treinamento-sobre-vigilancia-das-violencias-interpessoais-e-autoprovocadas-em-juazeiro\/#primaryimage"},"thumbnailUrl":"https:\/\/blogdofarnesio.com.br\/wp-content\/uploads\/2025\/05\/WhatsApp-Image-2025-05-05-at-16.06.25-1-e1746537600216.jpeg","datePublished":"2025-05-06T17:00:59+00:00","breadcrumb":{"@id":"https:\/\/blogdofarnesio.com.br\/2025\/05\/combate-a-violencia-treinamento-sobre-vigilancia-das-violencias-interpessoais-e-autoprovocadas-em-juazeiro\/#breadcrumb"},"inLanguage":"pt-BR","potentialAction":[{"@type":"ReadAction","target":["https:\/\/blogdofarnesio.com.br\/2025\/05\/combate-a-violencia-treinamento-sobre-vigilancia-das-violencias-interpessoais-e-autoprovocadas-em-juazeiro\/"]}]},{"@type":"ImageObject","inLanguage":"pt-BR","@id":"https:\/\/blogdofarnesio.com.br\/2025\/05\/combate-a-violencia-treinamento-sobre-vigilancia-das-violencias-interpessoais-e-autoprovocadas-em-juazeiro\/#primaryimage","url":"https:\/\/blogdofarnesio.com.br\/wp-content\/uploads\/2025\/05\/WhatsApp-Image-2025-05-05-at-16.06.25-1-e1746537600216.jpeg","contentUrl":"https:\/\/blogdofarnesio.com.br\/wp-content\/uploads\/2025\/05\/WhatsApp-Image-2025-05-05-at-16.06.25-1-e1746537600216.jpeg","width":600,"height":450},{"@type":"BreadcrumbList","@id":"https:\/\/blogdofarnesio.com.br\/2025\/05\/combate-a-violencia-treinamento-sobre-vigilancia-das-violencias-interpessoais-e-autoprovocadas-em-juazeiro\/#breadcrumb","itemListElement":[{"@type":"ListItem","position":1,"name":"In\u00edcio","item":"https:\/\/blogdofarnesio.com.br\/"},{"@type":"ListItem","position":2,"name":"Combate \u00e0 viol\u00eancia: treinamento sobre Vigil\u00e2ncia das Viol\u00eancias Interpessoais e Autoprovocadas em Juazeiro"}]},{"@type":"WebSite","@id":"https:\/\/blogdofarnesio.com.br\/#website","url":"https:\/\/blogdofarnesio.com.br\/","name":"Blog do Farn\u00e9sio","description":"Quer Saber Pol\u00edtica?","publisher":{"@id":"https:\/\/blogdofarnesio.com.br\/#organization"},"potentialAction":[{"@type":"SearchAction","target":{"@type":"EntryPoint","urlTemplate":"https:\/\/blogdofarnesio.com.br\/?s={search_term_string}"},"query-input":{"@type":"PropertyValueSpecification","valueRequired":true,"valueName":"search_term_string"}}],"inLanguage":"pt-BR"},{"@type":"Organization","@id":"https:\/\/blogdofarnesio.com.br\/#organization","name":"Blog do Farn\u00e9sio","url":"https:\/\/blogdofarnesio.com.br\/","logo":{"@type":"ImageObject","inLanguage":"pt-BR","@id":"https:\/\/blogdofarnesio.com.br\/#\/schema\/logo\/image\/","url":"https:\/\/blogdofarnesio.com.br\/wp-content\/uploads\/2026\/03\/cropped-logo_new-1.png","contentUrl":"https:\/\/blogdofarnesio.com.br\/wp-content\/uploads\/2026\/03\/cropped-logo_new-1.png","width":881,"height":685,"caption":"Blog do Farn\u00e9sio"},"image":{"@id":"https:\/\/blogdofarnesio.com.br\/#\/schema\/logo\/image\/"},"sameAs":["https:\/\/www.facebook.com\/BlogQuerSaberPolitica\/"]},{"@type":"Person","@id":"https:\/\/blogdofarnesio.com.br\/#\/schema\/person\/bb9b23ae3ad0609ce8df7b6c9e76824d","name":"Farn\u00e9sio","image":{"@type":"ImageObject","inLanguage":"pt-BR","@id":"https:\/\/secure.gravatar.com\/avatar\/986aa4c61ccdb66f8555bf88fc2a65609d00bcabd4d2d94377a727547345cbca?s=96&d=mm&r=g","url":"https:\/\/secure.gravatar.com\/avatar\/986aa4c61ccdb66f8555bf88fc2a65609d00bcabd4d2d94377a727547345cbca?s=96&d=mm&r=g","contentUrl":"https:\/\/secure.gravatar.com\/avatar\/986aa4c61ccdb66f8555bf88fc2a65609d00bcabd4d2d94377a727547345cbca?s=96&d=mm&r=g","caption":"Farn\u00e9sio"},"description":"Radialista blogueiro, chegou a Petrolina\/Juazeiro em setembro de 1980, Farn\u00e9sio Silva \u00e9 de Arapiraca-Alagoas.","sameAs":["http:\/\/blogdofarnesio.com.br","https:\/\/www.facebook.com\/?ref=tn_tnmn","https:\/\/www.instagram.com\/?utm_source=pwa_homescreen","https:\/\/youtube.com.br\/"],"url":"https:\/\/blogdofarnesio.com.br\/author\/farnesio-2\/"}]}},"_links":{"self":[{"href":"https:\/\/blogdofarnesio.com.br\/wp-json\/wp\/v2\/posts\/393531","targetHints":{"allow":["GET"]}}],"collection":[{"href":"https:\/\/blogdofarnesio.com.br\/wp-json\/wp\/v2\/posts"}],"about":[{"href":"https:\/\/blogdofarnesio.com.br\/wp-json\/wp\/v2\/types\/post"}],"author":[{"embeddable":true,"href":"https:\/\/blogdofarnesio.com.br\/wp-json\/wp\/v2\/users\/2"}],"replies":[{"embeddable":true,"href":"https:\/\/blogdofarnesio.com.br\/wp-json\/wp\/v2\/comments?post=393531"}],"version-history":[{"count":0,"href":"https:\/\/blogdofarnesio.com.br\/wp-json\/wp\/v2\/posts\/393531\/revisions"}],"wp:featuredmedia":[{"embeddable":true,"href":"https:\/\/blogdofarnesio.com.br\/wp-json\/wp\/v2\/media\/393532"}],"wp:attachment":[{"href":"https:\/\/blogdofarnesio.com.br\/wp-json\/wp\/v2\/media?parent=393531"}],"wp:term":[{"taxonomy":"category","embeddable":true,"href":"https:\/\/blogdofarnesio.com.br\/wp-json\/wp\/v2\/categories?post=393531"},{"taxonomy":"post_tag","embeddable":true,"href":"https:\/\/blogdofarnesio.com.br\/wp-json\/wp\/v2\/tags?post=393531"}],"curies":[{"name":"wp","href":"https:\/\/api.w.org\/{rel}","templated":true}]}}