{"id":393356,"date":"2025-05-03T10:30:55","date_gmt":"2025-05-03T13:30:55","guid":{"rendered":"https:\/\/blogdofarnesio.com.br\/?p=393356"},"modified":"2025-05-03T08:32:39","modified_gmt":"2025-05-03T11:32:39","slug":"com-saida-de-lupi-governo-lula-soma-11-trocas-de-ministros","status":"publish","type":"post","link":"https:\/\/blogdofarnesio.com.br\/?p=393356","title":{"rendered":"Com sa\u00edda de Lupi, governo Lula soma 11 trocas de ministros"},"content":{"rendered":"<div class=\"sc-b4c8ccf3-0 fsXNOt\">\n<div class=\"sc-b4c8ccf3-4 dxBsro\">Por Folhapress\u00a0 &#8211;<\/div>\n<\/div>\n<div class=\"sc-24c322fd-1 laZqPV\">\n<div class=\"sc-24c322fd-3 giHdVV\">\n<p>Com o an\u00fancio da sa\u00edda de Carlos Lupi do minist\u00e9rio da Previd\u00eancia Social nesta sexta-feira (2), o governo Lula j\u00e1 acumula 11 trocas de ministros desde o seu in\u00edcio, em janeiro de 2023.<br \/>\nAs mudan\u00e7as foram motivadas por fatores diversos, desde a necessidade de acomodar partidos da base aliada, como o Centr\u00e3o, at\u00e9 crises de imagem e indica\u00e7\u00f5es para outros Poderes.<br \/>\nA primeira troca aconteceu quando o general Gon\u00e7alves Dias deixou o comando do GSI (Gabinete de Seguran\u00e7a Institucional), em abril de 2023, ap\u00f3s a divulga\u00e7\u00e3o de imagens suas no Pal\u00e1cio do Planalto durante os ataques golpistas de 8 de janeiro terem gerado forte repercuss\u00e3o negativa. Diante do desgaste, Dias foi substitu\u00eddo pelo general Marcos Ant\u00f4nio Amaro dos Santos.<br \/>\nDois meses depois, em junho, a ent\u00e3o ministra do Turismo, Daniela Carneiro, foi exonerada. Indicada pelo Uni\u00e3o Brasil, Carneiro foi substitu\u00edda por Celso Sabino, do mesmo partido.<br \/>\nEm setembro de 2023 houve uma minirreforma ministerial. Ana Moser, ent\u00e3o ministra do Esporte, foi demitida para dar espa\u00e7o a Andr\u00e9 Fufuca (PP), e na mesma leva, Silvio Costa Filho (Republicanos) assumiu o Minist\u00e9rio de Portos e Aeroportos. A pasta era comandada por M\u00e1rcio Fran\u00e7a (PSB), que foi realocado para o rec\u00e9m-criado Minist\u00e9rio do Empreendedorismo, da Microempresa e da Empresa de Pequeno Porte.<br \/>\nA quinta mudan\u00e7a veio em fevereiro de 2024, quando Fl\u00e1vio Dino deixou o comando do Minist\u00e9rio da Justi\u00e7a e Seguran\u00e7a P\u00fablica ao ser indicado e aprovado para uma vaga no STF (Supremo Tribunal Federal). O ex-ministro do STF Ricardo Lewandowski assumiu a pasta.<br \/>\nUma das demiss\u00f5es de maior impacto pol\u00edtico ocorreu em setembro de 2024. O ministro Silvio Almeida (Direitos Humanos) deixou o governo ap\u00f3s virem \u00e0 tona acusa\u00e7\u00f5es de ass\u00e9dio moral e sexual, que teriam entre as v\u00edtimas a ministra Anielle Franco (Igualdade Racial). Para seu lugar, foi nomeada Maca\u00e9 Evaristo.<br \/>\nEm janeiro deste ano, houve a sa\u00edda de Paulo Pimenta da chefia da Secom (Secretaria de Comunica\u00e7\u00e3o Social). Lula nomeou para o posto o publicit\u00e1rio Sid\u00f4nio Palmeira, que trabalhou em sua campanha presidencial em 2022. A troca visou, segundo o governo, aprimorar a comunica\u00e7\u00e3o digital e o alcance em redes sociais, al\u00e9m de combater a dissemina\u00e7\u00e3o de not\u00edcias falsas.<br \/>\nLogo depois, em fevereiro deste ano, Lula convidou a ent\u00e3o deputada federal Gleisi Hoffmann (PT-PR) para assumir a Secretaria de Rela\u00e7\u00f5es Institucionais da Presid\u00eancia, substituindo Alexandre Padilha, que assumiu o Minist\u00e9rio da Sa\u00fade no lugar de N\u00edsia Trindade.<br \/>\nNa quarta-feira (23) da semana passada, o presidente Lula aceitou o nome do presidente da Telebras, Frederico de Siqueira Filho, como o novo ministro das Comunica\u00e7\u00f5es. A escolha aconteceu ap\u00f3s Pedro Lucas ter recusado o convite de Lula, 12 dias ap\u00f3s ter sido anunciado como ministro por Hoffmann.<\/p>\n<\/div>\n<\/div>\n","protected":false},"excerpt":{"rendered":"<p>Por Folhapress\u00a0 &#8211; Com o an\u00fancio da sa\u00edda de Carlos Lupi do minist\u00e9rio da Previd\u00eancia Social nesta sexta-feira (2), o governo Lula j\u00e1 acumula 11 trocas de ministros desde o seu in\u00edcio, em janeiro de 2023. As mudan\u00e7as foram motivadas por fatores diversos, desde a necessidade de acomodar partidos da base aliada, como o Centr\u00e3o, at\u00e9 crises de imagem e indica\u00e7\u00f5es para outros Poderes. A primeira troca aconteceu quando o general Gon\u00e7alves Dias deixou o comando do GSI (Gabinete de Seguran\u00e7a Institucional), em abril de 2023, ap\u00f3s a divulga\u00e7\u00e3o de imagens suas no Pal\u00e1cio do Planalto durante os ataques golpistas de 8 de janeiro terem gerado forte repercuss\u00e3o negativa. Diante do desgaste, Dias foi substitu\u00eddo pelo general Marcos Ant\u00f4nio Amaro&hellip; <\/p>\n","protected":false},"author":2,"featured_media":392942,"comment_status":"open","ping_status":"open","sticky":false,"template":"","format":"standard","meta":{"_acf_changed":false,"footnotes":""},"categories":[44],"tags":[],"class_list":["post-393356","post","type-post","status-publish","format-standard","has-post-thumbnail","hentry","category-administracao"],"acf":[],"yoast_head":"<!-- This site is optimized with the Yoast SEO plugin v27.4 - https:\/\/yoast.com\/product\/yoast-seo-wordpress\/ -->\n<title>Com sa\u00edda de Lupi, governo Lula soma 11 trocas de ministros - Blog do Farn\u00e9sio<\/title>\n<meta name=\"robots\" content=\"index, follow, max-snippet:-1, max-image-preview:large, max-video-preview:-1\" \/>\n<link rel=\"canonical\" href=\"https:\/\/blogdofarnesio.com.br\/?p=393356\" \/>\n<meta property=\"og:locale\" content=\"pt_BR\" \/>\n<meta property=\"og:type\" content=\"article\" \/>\n<meta property=\"og:title\" content=\"Com sa\u00edda de Lupi, governo Lula soma 11 trocas de ministros - Blog do Farn\u00e9sio\" \/>\n<meta property=\"og:description\" content=\"Por Folhapress\u00a0 &#8211; Com o an\u00fancio da sa\u00edda de Carlos Lupi do minist\u00e9rio da Previd\u00eancia Social nesta sexta-feira (2), o governo Lula j\u00e1 acumula 11 trocas de ministros desde o seu in\u00edcio, em janeiro de 2023. As mudan\u00e7as foram motivadas por fatores diversos, desde a necessidade de acomodar partidos da base aliada, como o Centr\u00e3o, at\u00e9 crises de imagem e indica\u00e7\u00f5es para outros Poderes. A primeira troca aconteceu quando o general Gon\u00e7alves Dias deixou o comando do GSI (Gabinete de Seguran\u00e7a Institucional), em abril de 2023, ap\u00f3s a divulga\u00e7\u00e3o de imagens suas no Pal\u00e1cio do Planalto durante os ataques golpistas de 8 de janeiro terem gerado forte repercuss\u00e3o negativa. Diante do desgaste, Dias foi substitu\u00eddo pelo general Marcos Ant\u00f4nio Amaro&hellip;\" \/>\n<meta property=\"og:url\" content=\"https:\/\/blogdofarnesio.com.br\/?p=393356\" \/>\n<meta property=\"og:site_name\" content=\"Blog do Farn\u00e9sio\" \/>\n<meta property=\"article:publisher\" content=\"https:\/\/www.facebook.com\/BlogQuerSaberPolitica\/\" \/>\n<meta property=\"article:author\" content=\"https:\/\/www.facebook.com\/?ref=tn_tnmn\" \/>\n<meta property=\"article:published_time\" content=\"2025-05-03T13:30:55+00:00\" \/>\n<meta property=\"og:image\" content=\"https:\/\/blogdofarnesio.com.br\/wp-content\/uploads\/2025\/04\/blogqspmin-prev-carlos-lupi-e1745759757949.jpeg\" \/>\n\t<meta property=\"og:image:width\" content=\"609\" \/>\n\t<meta property=\"og:image:height\" content=\"402\" \/>\n\t<meta property=\"og:image:type\" content=\"image\/jpeg\" \/>\n<meta name=\"author\" content=\"Farn\u00e9sio\" \/>\n<meta name=\"twitter:card\" content=\"summary_large_image\" \/>\n<meta name=\"twitter:label1\" content=\"Escrito por\" \/>\n\t<meta name=\"twitter:data1\" content=\"Farn\u00e9sio\" \/>\n\t<meta name=\"twitter:label2\" content=\"Est. tempo de leitura\" \/>\n\t<meta name=\"twitter:data2\" content=\"3 minutos\" \/>\n<script type=\"application\/ld+json\" class=\"yoast-schema-graph\">{\"@context\":\"https:\\\/\\\/schema.org\",\"@graph\":[{\"@type\":\"Article\",\"@id\":\"https:\\\/\\\/blogdofarnesio.com.br\\\/?p=393356#article\",\"isPartOf\":{\"@id\":\"https:\\\/\\\/blogdofarnesio.com.br\\\/?p=393356\"},\"author\":{\"name\":\"Farn\u00e9sio\",\"@id\":\"https:\\\/\\\/blogdofarnesio.com.br\\\/#\\\/schema\\\/person\\\/bb9b23ae3ad0609ce8df7b6c9e76824d\"},\"headline\":\"Com sa\u00edda de Lupi, governo Lula soma 11 trocas de ministros\",\"datePublished\":\"2025-05-03T13:30:55+00:00\",\"mainEntityOfPage\":{\"@id\":\"https:\\\/\\\/blogdofarnesio.com.br\\\/?p=393356\"},\"wordCount\":503,\"commentCount\":0,\"publisher\":{\"@id\":\"https:\\\/\\\/blogdofarnesio.com.br\\\/#organization\"},\"image\":{\"@id\":\"https:\\\/\\\/blogdofarnesio.com.br\\\/?p=393356#primaryimage\"},\"thumbnailUrl\":\"https:\\\/\\\/blogdofarnesio.com.br\\\/wp-content\\\/uploads\\\/2025\\\/04\\\/blogqspmin-prev-carlos-lupi-e1745759757949.jpeg\",\"articleSection\":[\"Administra\u00e7\u00e3o\"],\"inLanguage\":\"pt-BR\",\"potentialAction\":[{\"@type\":\"CommentAction\",\"name\":\"Comment\",\"target\":[\"https:\\\/\\\/blogdofarnesio.com.br\\\/?p=393356#respond\"]}]},{\"@type\":\"WebPage\",\"@id\":\"https:\\\/\\\/blogdofarnesio.com.br\\\/?p=393356\",\"url\":\"https:\\\/\\\/blogdofarnesio.com.br\\\/?p=393356\",\"name\":\"Com sa\u00edda de Lupi, governo Lula soma 11 trocas de ministros - Blog do Farn\u00e9sio\",\"isPartOf\":{\"@id\":\"https:\\\/\\\/blogdofarnesio.com.br\\\/#website\"},\"primaryImageOfPage\":{\"@id\":\"https:\\\/\\\/blogdofarnesio.com.br\\\/?p=393356#primaryimage\"},\"image\":{\"@id\":\"https:\\\/\\\/blogdofarnesio.com.br\\\/?p=393356#primaryimage\"},\"thumbnailUrl\":\"https:\\\/\\\/blogdofarnesio.com.br\\\/wp-content\\\/uploads\\\/2025\\\/04\\\/blogqspmin-prev-carlos-lupi-e1745759757949.jpeg\",\"datePublished\":\"2025-05-03T13:30:55+00:00\",\"breadcrumb\":{\"@id\":\"https:\\\/\\\/blogdofarnesio.com.br\\\/?p=393356#breadcrumb\"},\"inLanguage\":\"pt-BR\",\"potentialAction\":[{\"@type\":\"ReadAction\",\"target\":[\"https:\\\/\\\/blogdofarnesio.com.br\\\/?p=393356\"]}]},{\"@type\":\"ImageObject\",\"inLanguage\":\"pt-BR\",\"@id\":\"https:\\\/\\\/blogdofarnesio.com.br\\\/?p=393356#primaryimage\",\"url\":\"https:\\\/\\\/blogdofarnesio.com.br\\\/wp-content\\\/uploads\\\/2025\\\/04\\\/blogqspmin-prev-carlos-lupi-e1745759757949.jpeg\",\"contentUrl\":\"https:\\\/\\\/blogdofarnesio.com.br\\\/wp-content\\\/uploads\\\/2025\\\/04\\\/blogqspmin-prev-carlos-lupi-e1745759757949.jpeg\",\"width\":609,\"height\":402},{\"@type\":\"BreadcrumbList\",\"@id\":\"https:\\\/\\\/blogdofarnesio.com.br\\\/?p=393356#breadcrumb\",\"itemListElement\":[{\"@type\":\"ListItem\",\"position\":1,\"name\":\"In\u00edcio\",\"item\":\"https:\\\/\\\/blogdofarnesio.com.br\\\/\"},{\"@type\":\"ListItem\",\"position\":2,\"name\":\"Com sa\u00edda de Lupi, governo Lula soma 11 trocas de ministros\"}]},{\"@type\":\"WebSite\",\"@id\":\"https:\\\/\\\/blogdofarnesio.com.br\\\/#website\",\"url\":\"https:\\\/\\\/blogdofarnesio.com.br\\\/\",\"name\":\"Blog do Farn\u00e9sio\",\"description\":\"Quer Saber Pol\u00edtica?\",\"publisher\":{\"@id\":\"https:\\\/\\\/blogdofarnesio.com.br\\\/#organization\"},\"potentialAction\":[{\"@type\":\"SearchAction\",\"target\":{\"@type\":\"EntryPoint\",\"urlTemplate\":\"https:\\\/\\\/blogdofarnesio.com.br\\\/?s={search_term_string}\"},\"query-input\":{\"@type\":\"PropertyValueSpecification\",\"valueRequired\":true,\"valueName\":\"search_term_string\"}}],\"inLanguage\":\"pt-BR\"},{\"@type\":\"Organization\",\"@id\":\"https:\\\/\\\/blogdofarnesio.com.br\\\/#organization\",\"name\":\"Blog do Farn\u00e9sio\",\"url\":\"https:\\\/\\\/blogdofarnesio.com.br\\\/\",\"logo\":{\"@type\":\"ImageObject\",\"inLanguage\":\"pt-BR\",\"@id\":\"https:\\\/\\\/blogdofarnesio.com.br\\\/#\\\/schema\\\/logo\\\/image\\\/\",\"url\":\"https:\\\/\\\/blogdofarnesio.com.br\\\/wp-content\\\/uploads\\\/2026\\\/03\\\/cropped-logo_new-1.png\",\"contentUrl\":\"https:\\\/\\\/blogdofarnesio.com.br\\\/wp-content\\\/uploads\\\/2026\\\/03\\\/cropped-logo_new-1.png\",\"width\":881,\"height\":685,\"caption\":\"Blog do Farn\u00e9sio\"},\"image\":{\"@id\":\"https:\\\/\\\/blogdofarnesio.com.br\\\/#\\\/schema\\\/logo\\\/image\\\/\"},\"sameAs\":[\"https:\\\/\\\/www.facebook.com\\\/BlogQuerSaberPolitica\\\/\"]},{\"@type\":\"Person\",\"@id\":\"https:\\\/\\\/blogdofarnesio.com.br\\\/#\\\/schema\\\/person\\\/bb9b23ae3ad0609ce8df7b6c9e76824d\",\"name\":\"Farn\u00e9sio\",\"image\":{\"@type\":\"ImageObject\",\"inLanguage\":\"pt-BR\",\"@id\":\"https:\\\/\\\/secure.gravatar.com\\\/avatar\\\/986aa4c61ccdb66f8555bf88fc2a65609d00bcabd4d2d94377a727547345cbca?s=96&d=mm&r=g\",\"url\":\"https:\\\/\\\/secure.gravatar.com\\\/avatar\\\/986aa4c61ccdb66f8555bf88fc2a65609d00bcabd4d2d94377a727547345cbca?s=96&d=mm&r=g\",\"contentUrl\":\"https:\\\/\\\/secure.gravatar.com\\\/avatar\\\/986aa4c61ccdb66f8555bf88fc2a65609d00bcabd4d2d94377a727547345cbca?s=96&d=mm&r=g\",\"caption\":\"Farn\u00e9sio\"},\"description\":\"Radialista blogueiro, chegou a Petrolina\\\/Juazeiro em setembro de 1980, Farn\u00e9sio Silva \u00e9 de Arapiraca-Alagoas.\",\"sameAs\":[\"http:\\\/\\\/blogdofarnesio.com.br\",\"https:\\\/\\\/www.facebook.com\\\/?ref=tn_tnmn\",\"https:\\\/\\\/www.instagram.com\\\/?utm_source=pwa_homescreen\",\"https:\\\/\\\/youtube.com.br\\\/\"],\"url\":\"https:\\\/\\\/blogdofarnesio.com.br\\\/?author=2\"}]}<\/script>\n<!-- \/ Yoast SEO plugin. -->","yoast_head_json":{"title":"Com sa\u00edda de Lupi, governo Lula soma 11 trocas de ministros - Blog do Farn\u00e9sio","robots":{"index":"index","follow":"follow","max-snippet":"max-snippet:-1","max-image-preview":"max-image-preview:large","max-video-preview":"max-video-preview:-1"},"canonical":"https:\/\/blogdofarnesio.com.br\/?p=393356","og_locale":"pt_BR","og_type":"article","og_title":"Com sa\u00edda de Lupi, governo Lula soma 11 trocas de ministros - Blog do Farn\u00e9sio","og_description":"Por Folhapress\u00a0 &#8211; Com o an\u00fancio da sa\u00edda de Carlos Lupi do minist\u00e9rio da Previd\u00eancia Social nesta sexta-feira (2), o governo Lula j\u00e1 acumula 11 trocas de ministros desde o seu in\u00edcio, em janeiro de 2023. As mudan\u00e7as foram motivadas por fatores diversos, desde a necessidade de acomodar partidos da base aliada, como o Centr\u00e3o, at\u00e9 crises de imagem e indica\u00e7\u00f5es para outros Poderes. A primeira troca aconteceu quando o general Gon\u00e7alves Dias deixou o comando do GSI (Gabinete de Seguran\u00e7a Institucional), em abril de 2023, ap\u00f3s a divulga\u00e7\u00e3o de imagens suas no Pal\u00e1cio do Planalto durante os ataques golpistas de 8 de janeiro terem gerado forte repercuss\u00e3o negativa. Diante do desgaste, Dias foi substitu\u00eddo pelo general Marcos Ant\u00f4nio Amaro&hellip;","og_url":"https:\/\/blogdofarnesio.com.br\/?p=393356","og_site_name":"Blog do Farn\u00e9sio","article_publisher":"https:\/\/www.facebook.com\/BlogQuerSaberPolitica\/","article_author":"https:\/\/www.facebook.com\/?ref=tn_tnmn","article_published_time":"2025-05-03T13:30:55+00:00","og_image":[{"width":609,"height":402,"url":"https:\/\/blogdofarnesio.com.br\/wp-content\/uploads\/2025\/04\/blogqspmin-prev-carlos-lupi-e1745759757949.jpeg","type":"image\/jpeg"}],"author":"Farn\u00e9sio","twitter_card":"summary_large_image","twitter_misc":{"Escrito por":"Farn\u00e9sio","Est. tempo de leitura":"3 minutos"},"schema":{"@context":"https:\/\/schema.org","@graph":[{"@type":"Article","@id":"https:\/\/blogdofarnesio.com.br\/?p=393356#article","isPartOf":{"@id":"https:\/\/blogdofarnesio.com.br\/?p=393356"},"author":{"name":"Farn\u00e9sio","@id":"https:\/\/blogdofarnesio.com.br\/#\/schema\/person\/bb9b23ae3ad0609ce8df7b6c9e76824d"},"headline":"Com sa\u00edda de Lupi, governo Lula soma 11 trocas de ministros","datePublished":"2025-05-03T13:30:55+00:00","mainEntityOfPage":{"@id":"https:\/\/blogdofarnesio.com.br\/?p=393356"},"wordCount":503,"commentCount":0,"publisher":{"@id":"https:\/\/blogdofarnesio.com.br\/#organization"},"image":{"@id":"https:\/\/blogdofarnesio.com.br\/?p=393356#primaryimage"},"thumbnailUrl":"https:\/\/blogdofarnesio.com.br\/wp-content\/uploads\/2025\/04\/blogqspmin-prev-carlos-lupi-e1745759757949.jpeg","articleSection":["Administra\u00e7\u00e3o"],"inLanguage":"pt-BR","potentialAction":[{"@type":"CommentAction","name":"Comment","target":["https:\/\/blogdofarnesio.com.br\/?p=393356#respond"]}]},{"@type":"WebPage","@id":"https:\/\/blogdofarnesio.com.br\/?p=393356","url":"https:\/\/blogdofarnesio.com.br\/?p=393356","name":"Com sa\u00edda de Lupi, governo Lula soma 11 trocas de ministros - Blog do Farn\u00e9sio","isPartOf":{"@id":"https:\/\/blogdofarnesio.com.br\/#website"},"primaryImageOfPage":{"@id":"https:\/\/blogdofarnesio.com.br\/?p=393356#primaryimage"},"image":{"@id":"https:\/\/blogdofarnesio.com.br\/?p=393356#primaryimage"},"thumbnailUrl":"https:\/\/blogdofarnesio.com.br\/wp-content\/uploads\/2025\/04\/blogqspmin-prev-carlos-lupi-e1745759757949.jpeg","datePublished":"2025-05-03T13:30:55+00:00","breadcrumb":{"@id":"https:\/\/blogdofarnesio.com.br\/?p=393356#breadcrumb"},"inLanguage":"pt-BR","potentialAction":[{"@type":"ReadAction","target":["https:\/\/blogdofarnesio.com.br\/?p=393356"]}]},{"@type":"ImageObject","inLanguage":"pt-BR","@id":"https:\/\/blogdofarnesio.com.br\/?p=393356#primaryimage","url":"https:\/\/blogdofarnesio.com.br\/wp-content\/uploads\/2025\/04\/blogqspmin-prev-carlos-lupi-e1745759757949.jpeg","contentUrl":"https:\/\/blogdofarnesio.com.br\/wp-content\/uploads\/2025\/04\/blogqspmin-prev-carlos-lupi-e1745759757949.jpeg","width":609,"height":402},{"@type":"BreadcrumbList","@id":"https:\/\/blogdofarnesio.com.br\/?p=393356#breadcrumb","itemListElement":[{"@type":"ListItem","position":1,"name":"In\u00edcio","item":"https:\/\/blogdofarnesio.com.br\/"},{"@type":"ListItem","position":2,"name":"Com sa\u00edda de Lupi, governo Lula soma 11 trocas de ministros"}]},{"@type":"WebSite","@id":"https:\/\/blogdofarnesio.com.br\/#website","url":"https:\/\/blogdofarnesio.com.br\/","name":"Blog do Farn\u00e9sio","description":"Quer Saber Pol\u00edtica?","publisher":{"@id":"https:\/\/blogdofarnesio.com.br\/#organization"},"potentialAction":[{"@type":"SearchAction","target":{"@type":"EntryPoint","urlTemplate":"https:\/\/blogdofarnesio.com.br\/?s={search_term_string}"},"query-input":{"@type":"PropertyValueSpecification","valueRequired":true,"valueName":"search_term_string"}}],"inLanguage":"pt-BR"},{"@type":"Organization","@id":"https:\/\/blogdofarnesio.com.br\/#organization","name":"Blog do Farn\u00e9sio","url":"https:\/\/blogdofarnesio.com.br\/","logo":{"@type":"ImageObject","inLanguage":"pt-BR","@id":"https:\/\/blogdofarnesio.com.br\/#\/schema\/logo\/image\/","url":"https:\/\/blogdofarnesio.com.br\/wp-content\/uploads\/2026\/03\/cropped-logo_new-1.png","contentUrl":"https:\/\/blogdofarnesio.com.br\/wp-content\/uploads\/2026\/03\/cropped-logo_new-1.png","width":881,"height":685,"caption":"Blog do Farn\u00e9sio"},"image":{"@id":"https:\/\/blogdofarnesio.com.br\/#\/schema\/logo\/image\/"},"sameAs":["https:\/\/www.facebook.com\/BlogQuerSaberPolitica\/"]},{"@type":"Person","@id":"https:\/\/blogdofarnesio.com.br\/#\/schema\/person\/bb9b23ae3ad0609ce8df7b6c9e76824d","name":"Farn\u00e9sio","image":{"@type":"ImageObject","inLanguage":"pt-BR","@id":"https:\/\/secure.gravatar.com\/avatar\/986aa4c61ccdb66f8555bf88fc2a65609d00bcabd4d2d94377a727547345cbca?s=96&d=mm&r=g","url":"https:\/\/secure.gravatar.com\/avatar\/986aa4c61ccdb66f8555bf88fc2a65609d00bcabd4d2d94377a727547345cbca?s=96&d=mm&r=g","contentUrl":"https:\/\/secure.gravatar.com\/avatar\/986aa4c61ccdb66f8555bf88fc2a65609d00bcabd4d2d94377a727547345cbca?s=96&d=mm&r=g","caption":"Farn\u00e9sio"},"description":"Radialista blogueiro, chegou a Petrolina\/Juazeiro em setembro de 1980, Farn\u00e9sio Silva \u00e9 de Arapiraca-Alagoas.","sameAs":["http:\/\/blogdofarnesio.com.br","https:\/\/www.facebook.com\/?ref=tn_tnmn","https:\/\/www.instagram.com\/?utm_source=pwa_homescreen","https:\/\/youtube.com.br\/"],"url":"https:\/\/blogdofarnesio.com.br\/?author=2"}]}},"_links":{"self":[{"href":"https:\/\/blogdofarnesio.com.br\/index.php?rest_route=\/wp\/v2\/posts\/393356","targetHints":{"allow":["GET"]}}],"collection":[{"href":"https:\/\/blogdofarnesio.com.br\/index.php?rest_route=\/wp\/v2\/posts"}],"about":[{"href":"https:\/\/blogdofarnesio.com.br\/index.php?rest_route=\/wp\/v2\/types\/post"}],"author":[{"embeddable":true,"href":"https:\/\/blogdofarnesio.com.br\/index.php?rest_route=\/wp\/v2\/users\/2"}],"replies":[{"embeddable":true,"href":"https:\/\/blogdofarnesio.com.br\/index.php?rest_route=%2Fwp%2Fv2%2Fcomments&post=393356"}],"version-history":[{"count":0,"href":"https:\/\/blogdofarnesio.com.br\/index.php?rest_route=\/wp\/v2\/posts\/393356\/revisions"}],"wp:featuredmedia":[{"embeddable":true,"href":"https:\/\/blogdofarnesio.com.br\/index.php?rest_route=\/wp\/v2\/media\/392942"}],"wp:attachment":[{"href":"https:\/\/blogdofarnesio.com.br\/index.php?rest_route=%2Fwp%2Fv2%2Fmedia&parent=393356"}],"wp:term":[{"taxonomy":"category","embeddable":true,"href":"https:\/\/blogdofarnesio.com.br\/index.php?rest_route=%2Fwp%2Fv2%2Fcategories&post=393356"},{"taxonomy":"post_tag","embeddable":true,"href":"https:\/\/blogdofarnesio.com.br\/index.php?rest_route=%2Fwp%2Fv2%2Ftags&post=393356"}],"curies":[{"name":"wp","href":"https:\/\/api.w.org\/{rel}","templated":true}]}}