{"id":393177,"date":"2025-04-30T16:24:10","date_gmt":"2025-04-30T19:24:10","guid":{"rendered":"https:\/\/blogdofarnesio.com.br\/?p=393177"},"modified":"2025-04-30T16:15:27","modified_gmt":"2025-04-30T19:15:27","slug":"juazeiro-tem-situacao-de-emergencia-reconhecida-pela-defesa-civil-nacional-para-reforcar-acoes-contra-a-estiagem","status":"publish","type":"post","link":"https:\/\/blogdofarnesio.com.br\/?p=393177","title":{"rendered":"Juazeiro tem situa\u00e7\u00e3o de emerg\u00eancia reconhecida pela Defesa Civil Nacional para refor\u00e7ar a\u00e7\u00f5es contra a estiagem"},"content":{"rendered":"<p>O munic\u00edpio de Juazeiro, por meio da Coordena\u00e7\u00e3o Municipal de Prote\u00e7\u00e3o e Defesa Civil\/COMPDEC, obteve o reconhecimento federal da Situa\u00e7\u00e3o de Emerg\u00eancia decretada nas \u00e1reas afetadas pela estiagem prolongada. A decis\u00e3o, oficializada pela Defesa Civil Nacional, permite ao munic\u00edpio o acesso a recursos federais para o desenvolvimento de a\u00e7\u00f5es efetivas de enfrentamento \u00e0 seca.<\/p>\n<div>\nCom esse apoio, a gest\u00e3o municipal poder\u00e1 fortalecer e dar continuidade \u00e0 Opera\u00e7\u00e3o Carro-Pipa (OCP), assegurando o fornecimento emergencial de \u00e1gua pot\u00e1vel \u00e0s popula\u00e7\u00f5es residentes nas zonas rurais afetadas. Atualmente, aproximadamente 14 mil pessoas em comunidades interioranas do munic\u00edpio s\u00e3o atendidas pela OCP, o que garante o suprimento m\u00ednimo necess\u00e1rio para a manuten\u00e7\u00e3o das condi\u00e7\u00f5es b\u00e1sicas de vida e a preserva\u00e7\u00e3o da sa\u00fade p\u00fablica.<\/p>\n<p>Al\u00e9m de assegurar a continuidade da OCP, os recursos federais tamb\u00e9m auxiliar\u00e3o no custeio de combust\u00edvel para a log\u00edstica das a\u00e7\u00f5es emergenciais, bem como na distribui\u00e7\u00e3o de cestas b\u00e1sicas e \u00e1gua mineral, ampliando o alcance das medidas de assist\u00eancia humanit\u00e1ria nas \u00e1reas mais impactadas.<\/p>\n<p>O Governo do Estado da Bahia tamb\u00e9m est\u00e1 implementando a\u00e7\u00f5es para apoiar os agricultores familiares afetados pela estiagem. Essa a\u00e7\u00e3o beneficiou mais de 21 mil fam\u00edlias, incluindo agricultores familiares, assentados da reforma agr\u00e1ria, comunidades quilombolas e ind\u00edgenas, al\u00e9m de criadores de caprinos, ovinos e bovinos.<\/p>\n<p>A medida tamb\u00e9m possibilita a amplia\u00e7\u00e3o das a\u00e7\u00f5es de resposta e mitiga\u00e7\u00e3o aos impactos da escassez h\u00eddrica, em articula\u00e7\u00e3o com os governos estadual e federal. A Defesa Civil Municipal permanece em estado de mobiliza\u00e7\u00e3o permanente, adotando medidas administrativas e operacionais, com destaque para o monitoramento cont\u00ednuo dos indicadores clim\u00e1ticos e hidrol\u00f3gicos, al\u00e9m da elabora\u00e7\u00e3o de diagn\u00f3sticos e relat\u00f3rios t\u00e9cnicos que subsidiam a tomada de decis\u00f5es.<\/p>\n<p>&#8220;O reconhecimento federal refor\u00e7a o compromisso da Prefeitura de Juazeiro com a prote\u00e7\u00e3o da popula\u00e7\u00e3o, o enfrentamento qualificado da estiagem e a garantia da seguran\u00e7a h\u00eddrica no territ\u00f3rio&#8221;, destacou o coordenador da Defesa Civil municipal, Italo Ferreira.<\/p>\n<p>Ascom PMJ<\/p><\/div>\n","protected":false},"excerpt":{"rendered":"<p>O munic\u00edpio de Juazeiro, por meio da Coordena\u00e7\u00e3o Municipal de Prote\u00e7\u00e3o e Defesa Civil\/COMPDEC, obteve o reconhecimento federal da Situa\u00e7\u00e3o de Emerg\u00eancia decretada nas \u00e1reas afetadas pela estiagem prolongada. A decis\u00e3o, oficializada pela Defesa Civil Nacional, permite ao munic\u00edpio o acesso a recursos federais para o desenvolvimento de a\u00e7\u00f5es efetivas de enfrentamento \u00e0 seca. Com esse apoio, a gest\u00e3o municipal poder\u00e1 fortalecer e dar continuidade \u00e0 Opera\u00e7\u00e3o Carro-Pipa (OCP), assegurando o fornecimento emergencial de \u00e1gua pot\u00e1vel \u00e0s popula\u00e7\u00f5es residentes nas zonas rurais afetadas. Atualmente, aproximadamente 14 mil pessoas em comunidades interioranas do munic\u00edpio s\u00e3o atendidas pela OCP, o que garante o suprimento m\u00ednimo necess\u00e1rio para a manuten\u00e7\u00e3o das condi\u00e7\u00f5es b\u00e1sicas de vida e a preserva\u00e7\u00e3o da sa\u00fade p\u00fablica. Al\u00e9m de&hellip; <\/p>\n","protected":false},"author":2,"featured_media":377294,"comment_status":"open","ping_status":"open","sticky":false,"template":"","format":"standard","meta":{"_acf_changed":false,"footnotes":""},"categories":[29],"tags":[],"class_list":["post-393177","post","type-post","status-publish","format-standard","has-post-thumbnail","hentry","category-meio-ambiente"],"acf":[],"yoast_head":"<!-- This site is optimized with the Yoast SEO plugin v27.4 - https:\/\/yoast.com\/product\/yoast-seo-wordpress\/ -->\n<title>Juazeiro tem situa\u00e7\u00e3o de emerg\u00eancia reconhecida pela Defesa Civil Nacional para refor\u00e7ar a\u00e7\u00f5es contra a estiagem - Blog do Farn\u00e9sio<\/title>\n<meta name=\"robots\" content=\"index, follow, max-snippet:-1, max-image-preview:large, max-video-preview:-1\" \/>\n<link rel=\"canonical\" href=\"https:\/\/blogdofarnesio.com.br\/?p=393177\" \/>\n<meta property=\"og:locale\" content=\"pt_BR\" \/>\n<meta property=\"og:type\" content=\"article\" \/>\n<meta property=\"og:title\" content=\"Juazeiro tem situa\u00e7\u00e3o de emerg\u00eancia reconhecida pela Defesa Civil Nacional para refor\u00e7ar a\u00e7\u00f5es contra a estiagem - Blog do Farn\u00e9sio\" \/>\n<meta property=\"og:description\" content=\"O munic\u00edpio de Juazeiro, por meio da Coordena\u00e7\u00e3o Municipal de Prote\u00e7\u00e3o e Defesa Civil\/COMPDEC, obteve o reconhecimento federal da Situa\u00e7\u00e3o de Emerg\u00eancia decretada nas \u00e1reas afetadas pela estiagem prolongada. A decis\u00e3o, oficializada pela Defesa Civil Nacional, permite ao munic\u00edpio o acesso a recursos federais para o desenvolvimento de a\u00e7\u00f5es efetivas de enfrentamento \u00e0 seca. Com esse apoio, a gest\u00e3o municipal poder\u00e1 fortalecer e dar continuidade \u00e0 Opera\u00e7\u00e3o Carro-Pipa (OCP), assegurando o fornecimento emergencial de \u00e1gua pot\u00e1vel \u00e0s popula\u00e7\u00f5es residentes nas zonas rurais afetadas. Atualmente, aproximadamente 14 mil pessoas em comunidades interioranas do munic\u00edpio s\u00e3o atendidas pela OCP, o que garante o suprimento m\u00ednimo necess\u00e1rio para a manuten\u00e7\u00e3o das condi\u00e7\u00f5es b\u00e1sicas de vida e a preserva\u00e7\u00e3o da sa\u00fade p\u00fablica. Al\u00e9m de&hellip;\" \/>\n<meta property=\"og:url\" content=\"https:\/\/blogdofarnesio.com.br\/?p=393177\" \/>\n<meta property=\"og:site_name\" content=\"Blog do Farn\u00e9sio\" \/>\n<meta property=\"article:publisher\" content=\"https:\/\/www.facebook.com\/BlogQuerSaberPolitica\/\" \/>\n<meta property=\"article:author\" content=\"https:\/\/www.facebook.com\/?ref=tn_tnmn\" \/>\n<meta property=\"article:published_time\" content=\"2025-04-30T19:24:10+00:00\" \/>\n<meta property=\"og:image\" content=\"https:\/\/blogdofarnesio.com.br\/wp-content\/uploads\/2024\/09\/blogqspseca-estiagem.jpg\" \/>\n\t<meta property=\"og:image:width\" content=\"600\" \/>\n\t<meta property=\"og:image:height\" content=\"320\" \/>\n\t<meta property=\"og:image:type\" content=\"image\/jpeg\" \/>\n<meta name=\"author\" content=\"Farn\u00e9sio\" \/>\n<meta name=\"twitter:card\" content=\"summary_large_image\" \/>\n<meta name=\"twitter:label1\" content=\"Escrito por\" \/>\n\t<meta name=\"twitter:data1\" content=\"Farn\u00e9sio\" \/>\n\t<meta name=\"twitter:label2\" content=\"Est. tempo de leitura\" \/>\n\t<meta name=\"twitter:data2\" content=\"2 minutos\" \/>\n<script type=\"application\/ld+json\" class=\"yoast-schema-graph\">{\"@context\":\"https:\\\/\\\/schema.org\",\"@graph\":[{\"@type\":\"Article\",\"@id\":\"https:\\\/\\\/blogdofarnesio.com.br\\\/?p=393177#article\",\"isPartOf\":{\"@id\":\"https:\\\/\\\/blogdofarnesio.com.br\\\/?p=393177\"},\"author\":{\"name\":\"Farn\u00e9sio\",\"@id\":\"https:\\\/\\\/blogdofarnesio.com.br\\\/#\\\/schema\\\/person\\\/bb9b23ae3ad0609ce8df7b6c9e76824d\"},\"headline\":\"Juazeiro tem situa\u00e7\u00e3o de emerg\u00eancia reconhecida pela Defesa Civil Nacional para refor\u00e7ar a\u00e7\u00f5es contra a estiagem\",\"datePublished\":\"2025-04-30T19:24:10+00:00\",\"mainEntityOfPage\":{\"@id\":\"https:\\\/\\\/blogdofarnesio.com.br\\\/?p=393177\"},\"wordCount\":389,\"commentCount\":0,\"publisher\":{\"@id\":\"https:\\\/\\\/blogdofarnesio.com.br\\\/#organization\"},\"image\":{\"@id\":\"https:\\\/\\\/blogdofarnesio.com.br\\\/?p=393177#primaryimage\"},\"thumbnailUrl\":\"https:\\\/\\\/blogdofarnesio.com.br\\\/wp-content\\\/uploads\\\/2024\\\/09\\\/blogqspseca-estiagem.jpg\",\"articleSection\":[\"Meio Ambiente\"],\"inLanguage\":\"pt-BR\",\"potentialAction\":[{\"@type\":\"CommentAction\",\"name\":\"Comment\",\"target\":[\"https:\\\/\\\/blogdofarnesio.com.br\\\/?p=393177#respond\"]}]},{\"@type\":\"WebPage\",\"@id\":\"https:\\\/\\\/blogdofarnesio.com.br\\\/?p=393177\",\"url\":\"https:\\\/\\\/blogdofarnesio.com.br\\\/?p=393177\",\"name\":\"Juazeiro tem situa\u00e7\u00e3o de emerg\u00eancia reconhecida pela Defesa Civil Nacional para refor\u00e7ar a\u00e7\u00f5es contra a estiagem - Blog do Farn\u00e9sio\",\"isPartOf\":{\"@id\":\"https:\\\/\\\/blogdofarnesio.com.br\\\/#website\"},\"primaryImageOfPage\":{\"@id\":\"https:\\\/\\\/blogdofarnesio.com.br\\\/?p=393177#primaryimage\"},\"image\":{\"@id\":\"https:\\\/\\\/blogdofarnesio.com.br\\\/?p=393177#primaryimage\"},\"thumbnailUrl\":\"https:\\\/\\\/blogdofarnesio.com.br\\\/wp-content\\\/uploads\\\/2024\\\/09\\\/blogqspseca-estiagem.jpg\",\"datePublished\":\"2025-04-30T19:24:10+00:00\",\"breadcrumb\":{\"@id\":\"https:\\\/\\\/blogdofarnesio.com.br\\\/?p=393177#breadcrumb\"},\"inLanguage\":\"pt-BR\",\"potentialAction\":[{\"@type\":\"ReadAction\",\"target\":[\"https:\\\/\\\/blogdofarnesio.com.br\\\/?p=393177\"]}]},{\"@type\":\"ImageObject\",\"inLanguage\":\"pt-BR\",\"@id\":\"https:\\\/\\\/blogdofarnesio.com.br\\\/?p=393177#primaryimage\",\"url\":\"https:\\\/\\\/blogdofarnesio.com.br\\\/wp-content\\\/uploads\\\/2024\\\/09\\\/blogqspseca-estiagem.jpg\",\"contentUrl\":\"https:\\\/\\\/blogdofarnesio.com.br\\\/wp-content\\\/uploads\\\/2024\\\/09\\\/blogqspseca-estiagem.jpg\",\"width\":600,\"height\":320},{\"@type\":\"BreadcrumbList\",\"@id\":\"https:\\\/\\\/blogdofarnesio.com.br\\\/?p=393177#breadcrumb\",\"itemListElement\":[{\"@type\":\"ListItem\",\"position\":1,\"name\":\"In\u00edcio\",\"item\":\"https:\\\/\\\/blogdofarnesio.com.br\\\/\"},{\"@type\":\"ListItem\",\"position\":2,\"name\":\"Juazeiro tem situa\u00e7\u00e3o de emerg\u00eancia reconhecida pela Defesa Civil Nacional para refor\u00e7ar a\u00e7\u00f5es contra a estiagem\"}]},{\"@type\":\"WebSite\",\"@id\":\"https:\\\/\\\/blogdofarnesio.com.br\\\/#website\",\"url\":\"https:\\\/\\\/blogdofarnesio.com.br\\\/\",\"name\":\"Blog do Farn\u00e9sio\",\"description\":\"Quer Saber Pol\u00edtica?\",\"publisher\":{\"@id\":\"https:\\\/\\\/blogdofarnesio.com.br\\\/#organization\"},\"potentialAction\":[{\"@type\":\"SearchAction\",\"target\":{\"@type\":\"EntryPoint\",\"urlTemplate\":\"https:\\\/\\\/blogdofarnesio.com.br\\\/?s={search_term_string}\"},\"query-input\":{\"@type\":\"PropertyValueSpecification\",\"valueRequired\":true,\"valueName\":\"search_term_string\"}}],\"inLanguage\":\"pt-BR\"},{\"@type\":\"Organization\",\"@id\":\"https:\\\/\\\/blogdofarnesio.com.br\\\/#organization\",\"name\":\"Blog do Farn\u00e9sio\",\"url\":\"https:\\\/\\\/blogdofarnesio.com.br\\\/\",\"logo\":{\"@type\":\"ImageObject\",\"inLanguage\":\"pt-BR\",\"@id\":\"https:\\\/\\\/blogdofarnesio.com.br\\\/#\\\/schema\\\/logo\\\/image\\\/\",\"url\":\"https:\\\/\\\/blogdofarnesio.com.br\\\/wp-content\\\/uploads\\\/2026\\\/03\\\/cropped-logo_new-1.png\",\"contentUrl\":\"https:\\\/\\\/blogdofarnesio.com.br\\\/wp-content\\\/uploads\\\/2026\\\/03\\\/cropped-logo_new-1.png\",\"width\":881,\"height\":685,\"caption\":\"Blog do Farn\u00e9sio\"},\"image\":{\"@id\":\"https:\\\/\\\/blogdofarnesio.com.br\\\/#\\\/schema\\\/logo\\\/image\\\/\"},\"sameAs\":[\"https:\\\/\\\/www.facebook.com\\\/BlogQuerSaberPolitica\\\/\"]},{\"@type\":\"Person\",\"@id\":\"https:\\\/\\\/blogdofarnesio.com.br\\\/#\\\/schema\\\/person\\\/bb9b23ae3ad0609ce8df7b6c9e76824d\",\"name\":\"Farn\u00e9sio\",\"image\":{\"@type\":\"ImageObject\",\"inLanguage\":\"pt-BR\",\"@id\":\"https:\\\/\\\/secure.gravatar.com\\\/avatar\\\/986aa4c61ccdb66f8555bf88fc2a65609d00bcabd4d2d94377a727547345cbca?s=96&d=mm&r=g\",\"url\":\"https:\\\/\\\/secure.gravatar.com\\\/avatar\\\/986aa4c61ccdb66f8555bf88fc2a65609d00bcabd4d2d94377a727547345cbca?s=96&d=mm&r=g\",\"contentUrl\":\"https:\\\/\\\/secure.gravatar.com\\\/avatar\\\/986aa4c61ccdb66f8555bf88fc2a65609d00bcabd4d2d94377a727547345cbca?s=96&d=mm&r=g\",\"caption\":\"Farn\u00e9sio\"},\"description\":\"Radialista blogueiro, chegou a Petrolina\\\/Juazeiro em setembro de 1980, Farn\u00e9sio Silva \u00e9 de Arapiraca-Alagoas.\",\"sameAs\":[\"http:\\\/\\\/blogdofarnesio.com.br\",\"https:\\\/\\\/www.facebook.com\\\/?ref=tn_tnmn\",\"https:\\\/\\\/www.instagram.com\\\/?utm_source=pwa_homescreen\",\"https:\\\/\\\/youtube.com.br\\\/\"],\"url\":\"https:\\\/\\\/blogdofarnesio.com.br\\\/?author=2\"}]}<\/script>\n<!-- \/ Yoast SEO plugin. -->","yoast_head_json":{"title":"Juazeiro tem situa\u00e7\u00e3o de emerg\u00eancia reconhecida pela Defesa Civil Nacional para refor\u00e7ar a\u00e7\u00f5es contra a estiagem - Blog do Farn\u00e9sio","robots":{"index":"index","follow":"follow","max-snippet":"max-snippet:-1","max-image-preview":"max-image-preview:large","max-video-preview":"max-video-preview:-1"},"canonical":"https:\/\/blogdofarnesio.com.br\/?p=393177","og_locale":"pt_BR","og_type":"article","og_title":"Juazeiro tem situa\u00e7\u00e3o de emerg\u00eancia reconhecida pela Defesa Civil Nacional para refor\u00e7ar a\u00e7\u00f5es contra a estiagem - Blog do Farn\u00e9sio","og_description":"O munic\u00edpio de Juazeiro, por meio da Coordena\u00e7\u00e3o Municipal de Prote\u00e7\u00e3o e Defesa Civil\/COMPDEC, obteve o reconhecimento federal da Situa\u00e7\u00e3o de Emerg\u00eancia decretada nas \u00e1reas afetadas pela estiagem prolongada. A decis\u00e3o, oficializada pela Defesa Civil Nacional, permite ao munic\u00edpio o acesso a recursos federais para o desenvolvimento de a\u00e7\u00f5es efetivas de enfrentamento \u00e0 seca. Com esse apoio, a gest\u00e3o municipal poder\u00e1 fortalecer e dar continuidade \u00e0 Opera\u00e7\u00e3o Carro-Pipa (OCP), assegurando o fornecimento emergencial de \u00e1gua pot\u00e1vel \u00e0s popula\u00e7\u00f5es residentes nas zonas rurais afetadas. Atualmente, aproximadamente 14 mil pessoas em comunidades interioranas do munic\u00edpio s\u00e3o atendidas pela OCP, o que garante o suprimento m\u00ednimo necess\u00e1rio para a manuten\u00e7\u00e3o das condi\u00e7\u00f5es b\u00e1sicas de vida e a preserva\u00e7\u00e3o da sa\u00fade p\u00fablica. Al\u00e9m de&hellip;","og_url":"https:\/\/blogdofarnesio.com.br\/?p=393177","og_site_name":"Blog do Farn\u00e9sio","article_publisher":"https:\/\/www.facebook.com\/BlogQuerSaberPolitica\/","article_author":"https:\/\/www.facebook.com\/?ref=tn_tnmn","article_published_time":"2025-04-30T19:24:10+00:00","og_image":[{"width":600,"height":320,"url":"https:\/\/blogdofarnesio.com.br\/wp-content\/uploads\/2024\/09\/blogqspseca-estiagem.jpg","type":"image\/jpeg"}],"author":"Farn\u00e9sio","twitter_card":"summary_large_image","twitter_misc":{"Escrito por":"Farn\u00e9sio","Est. tempo de leitura":"2 minutos"},"schema":{"@context":"https:\/\/schema.org","@graph":[{"@type":"Article","@id":"https:\/\/blogdofarnesio.com.br\/?p=393177#article","isPartOf":{"@id":"https:\/\/blogdofarnesio.com.br\/?p=393177"},"author":{"name":"Farn\u00e9sio","@id":"https:\/\/blogdofarnesio.com.br\/#\/schema\/person\/bb9b23ae3ad0609ce8df7b6c9e76824d"},"headline":"Juazeiro tem situa\u00e7\u00e3o de emerg\u00eancia reconhecida pela Defesa Civil Nacional para refor\u00e7ar a\u00e7\u00f5es contra a estiagem","datePublished":"2025-04-30T19:24:10+00:00","mainEntityOfPage":{"@id":"https:\/\/blogdofarnesio.com.br\/?p=393177"},"wordCount":389,"commentCount":0,"publisher":{"@id":"https:\/\/blogdofarnesio.com.br\/#organization"},"image":{"@id":"https:\/\/blogdofarnesio.com.br\/?p=393177#primaryimage"},"thumbnailUrl":"https:\/\/blogdofarnesio.com.br\/wp-content\/uploads\/2024\/09\/blogqspseca-estiagem.jpg","articleSection":["Meio Ambiente"],"inLanguage":"pt-BR","potentialAction":[{"@type":"CommentAction","name":"Comment","target":["https:\/\/blogdofarnesio.com.br\/?p=393177#respond"]}]},{"@type":"WebPage","@id":"https:\/\/blogdofarnesio.com.br\/?p=393177","url":"https:\/\/blogdofarnesio.com.br\/?p=393177","name":"Juazeiro tem situa\u00e7\u00e3o de emerg\u00eancia reconhecida pela Defesa Civil Nacional para refor\u00e7ar a\u00e7\u00f5es contra a estiagem - Blog do Farn\u00e9sio","isPartOf":{"@id":"https:\/\/blogdofarnesio.com.br\/#website"},"primaryImageOfPage":{"@id":"https:\/\/blogdofarnesio.com.br\/?p=393177#primaryimage"},"image":{"@id":"https:\/\/blogdofarnesio.com.br\/?p=393177#primaryimage"},"thumbnailUrl":"https:\/\/blogdofarnesio.com.br\/wp-content\/uploads\/2024\/09\/blogqspseca-estiagem.jpg","datePublished":"2025-04-30T19:24:10+00:00","breadcrumb":{"@id":"https:\/\/blogdofarnesio.com.br\/?p=393177#breadcrumb"},"inLanguage":"pt-BR","potentialAction":[{"@type":"ReadAction","target":["https:\/\/blogdofarnesio.com.br\/?p=393177"]}]},{"@type":"ImageObject","inLanguage":"pt-BR","@id":"https:\/\/blogdofarnesio.com.br\/?p=393177#primaryimage","url":"https:\/\/blogdofarnesio.com.br\/wp-content\/uploads\/2024\/09\/blogqspseca-estiagem.jpg","contentUrl":"https:\/\/blogdofarnesio.com.br\/wp-content\/uploads\/2024\/09\/blogqspseca-estiagem.jpg","width":600,"height":320},{"@type":"BreadcrumbList","@id":"https:\/\/blogdofarnesio.com.br\/?p=393177#breadcrumb","itemListElement":[{"@type":"ListItem","position":1,"name":"In\u00edcio","item":"https:\/\/blogdofarnesio.com.br\/"},{"@type":"ListItem","position":2,"name":"Juazeiro tem situa\u00e7\u00e3o de emerg\u00eancia reconhecida pela Defesa Civil Nacional para refor\u00e7ar a\u00e7\u00f5es contra a estiagem"}]},{"@type":"WebSite","@id":"https:\/\/blogdofarnesio.com.br\/#website","url":"https:\/\/blogdofarnesio.com.br\/","name":"Blog do Farn\u00e9sio","description":"Quer Saber Pol\u00edtica?","publisher":{"@id":"https:\/\/blogdofarnesio.com.br\/#organization"},"potentialAction":[{"@type":"SearchAction","target":{"@type":"EntryPoint","urlTemplate":"https:\/\/blogdofarnesio.com.br\/?s={search_term_string}"},"query-input":{"@type":"PropertyValueSpecification","valueRequired":true,"valueName":"search_term_string"}}],"inLanguage":"pt-BR"},{"@type":"Organization","@id":"https:\/\/blogdofarnesio.com.br\/#organization","name":"Blog do Farn\u00e9sio","url":"https:\/\/blogdofarnesio.com.br\/","logo":{"@type":"ImageObject","inLanguage":"pt-BR","@id":"https:\/\/blogdofarnesio.com.br\/#\/schema\/logo\/image\/","url":"https:\/\/blogdofarnesio.com.br\/wp-content\/uploads\/2026\/03\/cropped-logo_new-1.png","contentUrl":"https:\/\/blogdofarnesio.com.br\/wp-content\/uploads\/2026\/03\/cropped-logo_new-1.png","width":881,"height":685,"caption":"Blog do Farn\u00e9sio"},"image":{"@id":"https:\/\/blogdofarnesio.com.br\/#\/schema\/logo\/image\/"},"sameAs":["https:\/\/www.facebook.com\/BlogQuerSaberPolitica\/"]},{"@type":"Person","@id":"https:\/\/blogdofarnesio.com.br\/#\/schema\/person\/bb9b23ae3ad0609ce8df7b6c9e76824d","name":"Farn\u00e9sio","image":{"@type":"ImageObject","inLanguage":"pt-BR","@id":"https:\/\/secure.gravatar.com\/avatar\/986aa4c61ccdb66f8555bf88fc2a65609d00bcabd4d2d94377a727547345cbca?s=96&d=mm&r=g","url":"https:\/\/secure.gravatar.com\/avatar\/986aa4c61ccdb66f8555bf88fc2a65609d00bcabd4d2d94377a727547345cbca?s=96&d=mm&r=g","contentUrl":"https:\/\/secure.gravatar.com\/avatar\/986aa4c61ccdb66f8555bf88fc2a65609d00bcabd4d2d94377a727547345cbca?s=96&d=mm&r=g","caption":"Farn\u00e9sio"},"description":"Radialista blogueiro, chegou a Petrolina\/Juazeiro em setembro de 1980, Farn\u00e9sio Silva \u00e9 de Arapiraca-Alagoas.","sameAs":["http:\/\/blogdofarnesio.com.br","https:\/\/www.facebook.com\/?ref=tn_tnmn","https:\/\/www.instagram.com\/?utm_source=pwa_homescreen","https:\/\/youtube.com.br\/"],"url":"https:\/\/blogdofarnesio.com.br\/?author=2"}]}},"_links":{"self":[{"href":"https:\/\/blogdofarnesio.com.br\/index.php?rest_route=\/wp\/v2\/posts\/393177","targetHints":{"allow":["GET"]}}],"collection":[{"href":"https:\/\/blogdofarnesio.com.br\/index.php?rest_route=\/wp\/v2\/posts"}],"about":[{"href":"https:\/\/blogdofarnesio.com.br\/index.php?rest_route=\/wp\/v2\/types\/post"}],"author":[{"embeddable":true,"href":"https:\/\/blogdofarnesio.com.br\/index.php?rest_route=\/wp\/v2\/users\/2"}],"replies":[{"embeddable":true,"href":"https:\/\/blogdofarnesio.com.br\/index.php?rest_route=%2Fwp%2Fv2%2Fcomments&post=393177"}],"version-history":[{"count":0,"href":"https:\/\/blogdofarnesio.com.br\/index.php?rest_route=\/wp\/v2\/posts\/393177\/revisions"}],"wp:featuredmedia":[{"embeddable":true,"href":"https:\/\/blogdofarnesio.com.br\/index.php?rest_route=\/wp\/v2\/media\/377294"}],"wp:attachment":[{"href":"https:\/\/blogdofarnesio.com.br\/index.php?rest_route=%2Fwp%2Fv2%2Fmedia&parent=393177"}],"wp:term":[{"taxonomy":"category","embeddable":true,"href":"https:\/\/blogdofarnesio.com.br\/index.php?rest_route=%2Fwp%2Fv2%2Fcategories&post=393177"},{"taxonomy":"post_tag","embeddable":true,"href":"https:\/\/blogdofarnesio.com.br\/index.php?rest_route=%2Fwp%2Fv2%2Ftags&post=393177"}],"curies":[{"name":"wp","href":"https:\/\/api.w.org\/{rel}","templated":true}]}}