{"id":392699,"date":"2025-04-25T16:44:07","date_gmt":"2025-04-25T19:44:07","guid":{"rendered":"https:\/\/blogdofarnesio.com.br\/?p=392699"},"modified":"2025-04-25T13:28:03","modified_gmt":"2025-04-25T16:28:03","slug":"petrolina-recebera-nova-edicao-do-circuito-de-danca-na-periferia","status":"publish","type":"post","link":"https:\/\/blogdofarnesio.com.br\/?p=392699","title":{"rendered":"Petrolina receber\u00e1 nova edi\u00e7\u00e3o do Circuito de Dan\u00e7a na Periferia"},"content":{"rendered":"<p style=\"font-weight: 400;\">A terceira edi\u00e7\u00e3o do Circuito de Dan\u00e7a na Periferia vai movimentar escolas p\u00fablicas de Petrolina com oficinas, apresenta\u00e7\u00f5es e rodas de conversa. Idealizado pela Companhia Balan\u00e7arte, o projeto ser\u00e1 realizado durante oito meses em quatro bairros da cidade.<\/p>\n<p style=\"font-weight: 400;\"><em>A abertura oficial acontece nesse dia 29 de abril, em comemora\u00e7\u00e3o ao Dia Mundial da Dan\u00e7a.<\/em><\/p>\n<p style=\"font-weight: 400;\"><img loading=\"lazy\" decoding=\"async\" class=\"size-full wp-image-392700 aligncenter\" src=\"https:\/\/blogdofarnesio.com.br\/wp-content\/uploads\/2025\/04\/2-e1745452828335.jpg\" alt=\"samba de veio\" width=\"520\" height=\"293\" \/>Nesta edi\u00e7\u00e3o, o Circuito contempla escolas localizadas nos bairros Dom Avelar, Pedra Linda, Jardim Maravilha e S\u00e3o Gon\u00e7alo. Cada unidade receber\u00e1 tr\u00eas oficinas distintas \u2014 Dan\u00e7a Popular, Dan\u00e7a Contempor\u00e2nea e Dan\u00e7a Experimental \u2014 com dura\u00e7\u00e3o de uma semana cada, atendendo at\u00e9 20 alunos por turma e com carga hor\u00e1ria de 10h. Ao fim de cada ciclo, o p\u00fablico poder\u00e1 conferir uma mostra pedag\u00f3gica com os aprendizados das oficinas e apresenta\u00e7\u00f5es de espet\u00e1culos com grupos locais.<\/p>\n<p style=\"font-weight: 400;\">A primeira a\u00e7\u00e3o do projeto ser\u00e1 realizada hoje, dia 29 de abril, das 8h \u00e0s 11h, na Escola Marechal Ant\u00f4nio Alves Filho (EMAAF), localizada no bairro Jardim Maravilha. A programa\u00e7\u00e3o re\u00fane uma diversidade de express\u00f5es corporais, com apresenta\u00e7\u00f5es de dan\u00e7a contempor\u00e2nea pelo bailarino e core\u00f3grafo Eleilci Barros, dan\u00e7a do ventre com a artista T\u00e2mara Ross, breakdance sob dire\u00e7\u00e3o da core\u00f3grafa Carol Cust\u00f3dio, e a participa\u00e7\u00e3o especial do tradicional Samba de V\u00e9io da Ilha do Massangano.<\/p>\n<p style=\"font-weight: 400;\">Ap\u00f3s as apresenta\u00e7\u00f5es, o p\u00fablico ser\u00e1 convidado a participar de uma roda de conversa aberta, promovendo o di\u00e1logo entre artistas, estudantes e comunidade sobre os aspectos conceituais, est\u00e9ticos e pol\u00edticos que envolvem a linguagem da dan\u00e7a. \u201cNosso objetivo \u00e9 ocupar espa\u00e7os perif\u00e9ricos com arte, promovendo a inclus\u00e3o e estimulando o pensamento cr\u00edtico por meio do corpo e do movimento. A dan\u00e7a \u00e9 uma ferramenta poderosa de transforma\u00e7\u00e3o social\u201d, destaca o coordenador do projeto, Marcos Aur\u00e9lio.<\/p>\n<p style=\"font-weight: 400;\">O Circuito de Dan\u00e7a na Periferia \u00e9 realizado com incentivo do FUNCULTURA, do Governo do Estado de Pernambuco. Mais informa\u00e7\u00f5es sobre as atividades, cronograma e inscri\u00e7\u00f5es podem ser encontradas no Instagram oficial do projeto:\u00a0<a href=\"https:\/\/instagram.com\/ciabalan%C3%A7arte\" data-saferedirecturl=\"https:\/\/www.google.com\/url?q=https:\/\/instagram.com\/ciabalan%25C3%25A7arte&amp;source=gmail&amp;ust=1745537966345000&amp;usg=AOvVaw2pAc-POP2Crymsp0w0iU7L\">@ciabalan\u00e7arte<\/a>.<\/p>\n<p style=\"font-weight: 400;\">Por Caio Alves<br \/>\nFotos: Abajur Solu\u00e7\u00f5es Audiovisual &#8211; Fernando Pereira\/Thierry Oliveira<\/p>\n","protected":false},"excerpt":{"rendered":"<p>A terceira edi\u00e7\u00e3o do Circuito de Dan\u00e7a na Periferia vai movimentar escolas p\u00fablicas de Petrolina com oficinas, apresenta\u00e7\u00f5es e rodas de conversa. Idealizado pela Companhia Balan\u00e7arte, o projeto ser\u00e1 realizado durante oito meses em quatro bairros da cidade. A abertura oficial acontece nesse dia 29 de abril, em comemora\u00e7\u00e3o ao Dia Mundial da Dan\u00e7a. Nesta edi\u00e7\u00e3o, o Circuito contempla escolas localizadas nos bairros Dom Avelar, Pedra Linda, Jardim Maravilha e S\u00e3o Gon\u00e7alo. Cada unidade receber\u00e1 tr\u00eas oficinas distintas \u2014 Dan\u00e7a Popular, Dan\u00e7a Contempor\u00e2nea e Dan\u00e7a Experimental \u2014 com dura\u00e7\u00e3o de uma semana cada, atendendo at\u00e9 20 alunos por turma e com carga hor\u00e1ria de 10h. Ao fim de cada ciclo, o p\u00fablico poder\u00e1 conferir uma mostra pedag\u00f3gica com os aprendizados&hellip; <\/p>\n","protected":false},"author":2,"featured_media":392701,"comment_status":"open","ping_status":"open","sticky":false,"template":"","format":"standard","meta":{"_acf_changed":false,"footnotes":""},"categories":[10],"tags":[],"class_list":["post-392699","post","type-post","status-publish","format-standard","has-post-thumbnail","hentry","category-cultura"],"acf":[],"yoast_head":"<!-- This site is optimized with the Yoast SEO plugin v27.4 - https:\/\/yoast.com\/product\/yoast-seo-wordpress\/ -->\n<title>Petrolina receber\u00e1 nova edi\u00e7\u00e3o do Circuito de Dan\u00e7a na Periferia - Blog do Farn\u00e9sio<\/title>\n<meta name=\"robots\" content=\"index, follow, max-snippet:-1, max-image-preview:large, max-video-preview:-1\" \/>\n<link rel=\"canonical\" href=\"https:\/\/blogdofarnesio.com.br\/?p=392699\" \/>\n<meta property=\"og:locale\" content=\"pt_BR\" \/>\n<meta property=\"og:type\" content=\"article\" \/>\n<meta property=\"og:title\" content=\"Petrolina receber\u00e1 nova edi\u00e7\u00e3o do Circuito de Dan\u00e7a na Periferia - Blog do Farn\u00e9sio\" \/>\n<meta property=\"og:description\" content=\"A terceira edi\u00e7\u00e3o do Circuito de Dan\u00e7a na Periferia vai movimentar escolas p\u00fablicas de Petrolina com oficinas, apresenta\u00e7\u00f5es e rodas de conversa. Idealizado pela Companhia Balan\u00e7arte, o projeto ser\u00e1 realizado durante oito meses em quatro bairros da cidade. A abertura oficial acontece nesse dia 29 de abril, em comemora\u00e7\u00e3o ao Dia Mundial da Dan\u00e7a. Nesta edi\u00e7\u00e3o, o Circuito contempla escolas localizadas nos bairros Dom Avelar, Pedra Linda, Jardim Maravilha e S\u00e3o Gon\u00e7alo. Cada unidade receber\u00e1 tr\u00eas oficinas distintas \u2014 Dan\u00e7a Popular, Dan\u00e7a Contempor\u00e2nea e Dan\u00e7a Experimental \u2014 com dura\u00e7\u00e3o de uma semana cada, atendendo at\u00e9 20 alunos por turma e com carga hor\u00e1ria de 10h. Ao fim de cada ciclo, o p\u00fablico poder\u00e1 conferir uma mostra pedag\u00f3gica com os aprendizados&hellip;\" \/>\n<meta property=\"og:url\" content=\"https:\/\/blogdofarnesio.com.br\/?p=392699\" \/>\n<meta property=\"og:site_name\" content=\"Blog do Farn\u00e9sio\" \/>\n<meta property=\"article:publisher\" content=\"https:\/\/www.facebook.com\/BlogQuerSaberPolitica\/\" \/>\n<meta property=\"article:author\" content=\"https:\/\/www.facebook.com\/?ref=tn_tnmn\" \/>\n<meta property=\"article:published_time\" content=\"2025-04-25T19:44:07+00:00\" \/>\n<meta property=\"og:image\" content=\"https:\/\/blogdofarnesio.com.br\/wp-content\/uploads\/2025\/04\/Cartaz-Cia-Balancarte-e1745452792664.png\" \/>\n\t<meta property=\"og:image:width\" content=\"480\" \/>\n\t<meta property=\"og:image:height\" content=\"450\" \/>\n\t<meta property=\"og:image:type\" content=\"image\/png\" \/>\n<meta name=\"author\" content=\"Farn\u00e9sio\" \/>\n<meta name=\"twitter:card\" content=\"summary_large_image\" \/>\n<meta name=\"twitter:label1\" content=\"Escrito por\" \/>\n\t<meta name=\"twitter:data1\" content=\"Farn\u00e9sio\" \/>\n\t<meta name=\"twitter:label2\" content=\"Est. tempo de leitura\" \/>\n\t<meta name=\"twitter:data2\" content=\"3 minutos\" \/>\n<script type=\"application\/ld+json\" class=\"yoast-schema-graph\">{\"@context\":\"https:\\\/\\\/schema.org\",\"@graph\":[{\"@type\":\"Article\",\"@id\":\"https:\\\/\\\/blogdofarnesio.com.br\\\/?p=392699#article\",\"isPartOf\":{\"@id\":\"https:\\\/\\\/blogdofarnesio.com.br\\\/?p=392699\"},\"author\":{\"name\":\"Farn\u00e9sio\",\"@id\":\"https:\\\/\\\/blogdofarnesio.com.br\\\/#\\\/schema\\\/person\\\/bb9b23ae3ad0609ce8df7b6c9e76824d\"},\"headline\":\"Petrolina receber\u00e1 nova edi\u00e7\u00e3o do Circuito de Dan\u00e7a na Periferia\",\"datePublished\":\"2025-04-25T19:44:07+00:00\",\"mainEntityOfPage\":{\"@id\":\"https:\\\/\\\/blogdofarnesio.com.br\\\/?p=392699\"},\"wordCount\":386,\"commentCount\":0,\"publisher\":{\"@id\":\"https:\\\/\\\/blogdofarnesio.com.br\\\/#organization\"},\"image\":{\"@id\":\"https:\\\/\\\/blogdofarnesio.com.br\\\/?p=392699#primaryimage\"},\"thumbnailUrl\":\"https:\\\/\\\/blogdofarnesio.com.br\\\/wp-content\\\/uploads\\\/2025\\\/04\\\/Cartaz-Cia-Balancarte-e1745452792664.png\",\"articleSection\":[\"Cultura\"],\"inLanguage\":\"pt-BR\",\"potentialAction\":[{\"@type\":\"CommentAction\",\"name\":\"Comment\",\"target\":[\"https:\\\/\\\/blogdofarnesio.com.br\\\/?p=392699#respond\"]}]},{\"@type\":\"WebPage\",\"@id\":\"https:\\\/\\\/blogdofarnesio.com.br\\\/?p=392699\",\"url\":\"https:\\\/\\\/blogdofarnesio.com.br\\\/?p=392699\",\"name\":\"Petrolina receber\u00e1 nova edi\u00e7\u00e3o do Circuito de Dan\u00e7a na Periferia - Blog do Farn\u00e9sio\",\"isPartOf\":{\"@id\":\"https:\\\/\\\/blogdofarnesio.com.br\\\/#website\"},\"primaryImageOfPage\":{\"@id\":\"https:\\\/\\\/blogdofarnesio.com.br\\\/?p=392699#primaryimage\"},\"image\":{\"@id\":\"https:\\\/\\\/blogdofarnesio.com.br\\\/?p=392699#primaryimage\"},\"thumbnailUrl\":\"https:\\\/\\\/blogdofarnesio.com.br\\\/wp-content\\\/uploads\\\/2025\\\/04\\\/Cartaz-Cia-Balancarte-e1745452792664.png\",\"datePublished\":\"2025-04-25T19:44:07+00:00\",\"breadcrumb\":{\"@id\":\"https:\\\/\\\/blogdofarnesio.com.br\\\/?p=392699#breadcrumb\"},\"inLanguage\":\"pt-BR\",\"potentialAction\":[{\"@type\":\"ReadAction\",\"target\":[\"https:\\\/\\\/blogdofarnesio.com.br\\\/?p=392699\"]}]},{\"@type\":\"ImageObject\",\"inLanguage\":\"pt-BR\",\"@id\":\"https:\\\/\\\/blogdofarnesio.com.br\\\/?p=392699#primaryimage\",\"url\":\"https:\\\/\\\/blogdofarnesio.com.br\\\/wp-content\\\/uploads\\\/2025\\\/04\\\/Cartaz-Cia-Balancarte-e1745452792664.png\",\"contentUrl\":\"https:\\\/\\\/blogdofarnesio.com.br\\\/wp-content\\\/uploads\\\/2025\\\/04\\\/Cartaz-Cia-Balancarte-e1745452792664.png\",\"width\":480,\"height\":450},{\"@type\":\"BreadcrumbList\",\"@id\":\"https:\\\/\\\/blogdofarnesio.com.br\\\/?p=392699#breadcrumb\",\"itemListElement\":[{\"@type\":\"ListItem\",\"position\":1,\"name\":\"In\u00edcio\",\"item\":\"https:\\\/\\\/blogdofarnesio.com.br\\\/\"},{\"@type\":\"ListItem\",\"position\":2,\"name\":\"Petrolina receber\u00e1 nova edi\u00e7\u00e3o do Circuito de Dan\u00e7a na Periferia\"}]},{\"@type\":\"WebSite\",\"@id\":\"https:\\\/\\\/blogdofarnesio.com.br\\\/#website\",\"url\":\"https:\\\/\\\/blogdofarnesio.com.br\\\/\",\"name\":\"Blog do Farn\u00e9sio\",\"description\":\"Quer Saber Pol\u00edtica?\",\"publisher\":{\"@id\":\"https:\\\/\\\/blogdofarnesio.com.br\\\/#organization\"},\"potentialAction\":[{\"@type\":\"SearchAction\",\"target\":{\"@type\":\"EntryPoint\",\"urlTemplate\":\"https:\\\/\\\/blogdofarnesio.com.br\\\/?s={search_term_string}\"},\"query-input\":{\"@type\":\"PropertyValueSpecification\",\"valueRequired\":true,\"valueName\":\"search_term_string\"}}],\"inLanguage\":\"pt-BR\"},{\"@type\":\"Organization\",\"@id\":\"https:\\\/\\\/blogdofarnesio.com.br\\\/#organization\",\"name\":\"Blog do Farn\u00e9sio\",\"url\":\"https:\\\/\\\/blogdofarnesio.com.br\\\/\",\"logo\":{\"@type\":\"ImageObject\",\"inLanguage\":\"pt-BR\",\"@id\":\"https:\\\/\\\/blogdofarnesio.com.br\\\/#\\\/schema\\\/logo\\\/image\\\/\",\"url\":\"https:\\\/\\\/blogdofarnesio.com.br\\\/wp-content\\\/uploads\\\/2026\\\/03\\\/cropped-logo_new-1.png\",\"contentUrl\":\"https:\\\/\\\/blogdofarnesio.com.br\\\/wp-content\\\/uploads\\\/2026\\\/03\\\/cropped-logo_new-1.png\",\"width\":881,\"height\":685,\"caption\":\"Blog do Farn\u00e9sio\"},\"image\":{\"@id\":\"https:\\\/\\\/blogdofarnesio.com.br\\\/#\\\/schema\\\/logo\\\/image\\\/\"},\"sameAs\":[\"https:\\\/\\\/www.facebook.com\\\/BlogQuerSaberPolitica\\\/\"]},{\"@type\":\"Person\",\"@id\":\"https:\\\/\\\/blogdofarnesio.com.br\\\/#\\\/schema\\\/person\\\/bb9b23ae3ad0609ce8df7b6c9e76824d\",\"name\":\"Farn\u00e9sio\",\"image\":{\"@type\":\"ImageObject\",\"inLanguage\":\"pt-BR\",\"@id\":\"https:\\\/\\\/secure.gravatar.com\\\/avatar\\\/986aa4c61ccdb66f8555bf88fc2a65609d00bcabd4d2d94377a727547345cbca?s=96&d=mm&r=g\",\"url\":\"https:\\\/\\\/secure.gravatar.com\\\/avatar\\\/986aa4c61ccdb66f8555bf88fc2a65609d00bcabd4d2d94377a727547345cbca?s=96&d=mm&r=g\",\"contentUrl\":\"https:\\\/\\\/secure.gravatar.com\\\/avatar\\\/986aa4c61ccdb66f8555bf88fc2a65609d00bcabd4d2d94377a727547345cbca?s=96&d=mm&r=g\",\"caption\":\"Farn\u00e9sio\"},\"description\":\"Radialista blogueiro, chegou a Petrolina\\\/Juazeiro em setembro de 1980, Farn\u00e9sio Silva \u00e9 de Arapiraca-Alagoas.\",\"sameAs\":[\"http:\\\/\\\/blogdofarnesio.com.br\",\"https:\\\/\\\/www.facebook.com\\\/?ref=tn_tnmn\",\"https:\\\/\\\/www.instagram.com\\\/?utm_source=pwa_homescreen\",\"https:\\\/\\\/youtube.com.br\\\/\"],\"url\":\"https:\\\/\\\/blogdofarnesio.com.br\\\/?author=2\"}]}<\/script>\n<!-- \/ Yoast SEO plugin. -->","yoast_head_json":{"title":"Petrolina receber\u00e1 nova edi\u00e7\u00e3o do Circuito de Dan\u00e7a na Periferia - Blog do Farn\u00e9sio","robots":{"index":"index","follow":"follow","max-snippet":"max-snippet:-1","max-image-preview":"max-image-preview:large","max-video-preview":"max-video-preview:-1"},"canonical":"https:\/\/blogdofarnesio.com.br\/?p=392699","og_locale":"pt_BR","og_type":"article","og_title":"Petrolina receber\u00e1 nova edi\u00e7\u00e3o do Circuito de Dan\u00e7a na Periferia - Blog do Farn\u00e9sio","og_description":"A terceira edi\u00e7\u00e3o do Circuito de Dan\u00e7a na Periferia vai movimentar escolas p\u00fablicas de Petrolina com oficinas, apresenta\u00e7\u00f5es e rodas de conversa. Idealizado pela Companhia Balan\u00e7arte, o projeto ser\u00e1 realizado durante oito meses em quatro bairros da cidade. A abertura oficial acontece nesse dia 29 de abril, em comemora\u00e7\u00e3o ao Dia Mundial da Dan\u00e7a. Nesta edi\u00e7\u00e3o, o Circuito contempla escolas localizadas nos bairros Dom Avelar, Pedra Linda, Jardim Maravilha e S\u00e3o Gon\u00e7alo. Cada unidade receber\u00e1 tr\u00eas oficinas distintas \u2014 Dan\u00e7a Popular, Dan\u00e7a Contempor\u00e2nea e Dan\u00e7a Experimental \u2014 com dura\u00e7\u00e3o de uma semana cada, atendendo at\u00e9 20 alunos por turma e com carga hor\u00e1ria de 10h. Ao fim de cada ciclo, o p\u00fablico poder\u00e1 conferir uma mostra pedag\u00f3gica com os aprendizados&hellip;","og_url":"https:\/\/blogdofarnesio.com.br\/?p=392699","og_site_name":"Blog do Farn\u00e9sio","article_publisher":"https:\/\/www.facebook.com\/BlogQuerSaberPolitica\/","article_author":"https:\/\/www.facebook.com\/?ref=tn_tnmn","article_published_time":"2025-04-25T19:44:07+00:00","og_image":[{"width":480,"height":450,"url":"https:\/\/blogdofarnesio.com.br\/wp-content\/uploads\/2025\/04\/Cartaz-Cia-Balancarte-e1745452792664.png","type":"image\/png"}],"author":"Farn\u00e9sio","twitter_card":"summary_large_image","twitter_misc":{"Escrito por":"Farn\u00e9sio","Est. tempo de leitura":"3 minutos"},"schema":{"@context":"https:\/\/schema.org","@graph":[{"@type":"Article","@id":"https:\/\/blogdofarnesio.com.br\/?p=392699#article","isPartOf":{"@id":"https:\/\/blogdofarnesio.com.br\/?p=392699"},"author":{"name":"Farn\u00e9sio","@id":"https:\/\/blogdofarnesio.com.br\/#\/schema\/person\/bb9b23ae3ad0609ce8df7b6c9e76824d"},"headline":"Petrolina receber\u00e1 nova edi\u00e7\u00e3o do Circuito de Dan\u00e7a na Periferia","datePublished":"2025-04-25T19:44:07+00:00","mainEntityOfPage":{"@id":"https:\/\/blogdofarnesio.com.br\/?p=392699"},"wordCount":386,"commentCount":0,"publisher":{"@id":"https:\/\/blogdofarnesio.com.br\/#organization"},"image":{"@id":"https:\/\/blogdofarnesio.com.br\/?p=392699#primaryimage"},"thumbnailUrl":"https:\/\/blogdofarnesio.com.br\/wp-content\/uploads\/2025\/04\/Cartaz-Cia-Balancarte-e1745452792664.png","articleSection":["Cultura"],"inLanguage":"pt-BR","potentialAction":[{"@type":"CommentAction","name":"Comment","target":["https:\/\/blogdofarnesio.com.br\/?p=392699#respond"]}]},{"@type":"WebPage","@id":"https:\/\/blogdofarnesio.com.br\/?p=392699","url":"https:\/\/blogdofarnesio.com.br\/?p=392699","name":"Petrolina receber\u00e1 nova edi\u00e7\u00e3o do Circuito de Dan\u00e7a na Periferia - Blog do Farn\u00e9sio","isPartOf":{"@id":"https:\/\/blogdofarnesio.com.br\/#website"},"primaryImageOfPage":{"@id":"https:\/\/blogdofarnesio.com.br\/?p=392699#primaryimage"},"image":{"@id":"https:\/\/blogdofarnesio.com.br\/?p=392699#primaryimage"},"thumbnailUrl":"https:\/\/blogdofarnesio.com.br\/wp-content\/uploads\/2025\/04\/Cartaz-Cia-Balancarte-e1745452792664.png","datePublished":"2025-04-25T19:44:07+00:00","breadcrumb":{"@id":"https:\/\/blogdofarnesio.com.br\/?p=392699#breadcrumb"},"inLanguage":"pt-BR","potentialAction":[{"@type":"ReadAction","target":["https:\/\/blogdofarnesio.com.br\/?p=392699"]}]},{"@type":"ImageObject","inLanguage":"pt-BR","@id":"https:\/\/blogdofarnesio.com.br\/?p=392699#primaryimage","url":"https:\/\/blogdofarnesio.com.br\/wp-content\/uploads\/2025\/04\/Cartaz-Cia-Balancarte-e1745452792664.png","contentUrl":"https:\/\/blogdofarnesio.com.br\/wp-content\/uploads\/2025\/04\/Cartaz-Cia-Balancarte-e1745452792664.png","width":480,"height":450},{"@type":"BreadcrumbList","@id":"https:\/\/blogdofarnesio.com.br\/?p=392699#breadcrumb","itemListElement":[{"@type":"ListItem","position":1,"name":"In\u00edcio","item":"https:\/\/blogdofarnesio.com.br\/"},{"@type":"ListItem","position":2,"name":"Petrolina receber\u00e1 nova edi\u00e7\u00e3o do Circuito de Dan\u00e7a na Periferia"}]},{"@type":"WebSite","@id":"https:\/\/blogdofarnesio.com.br\/#website","url":"https:\/\/blogdofarnesio.com.br\/","name":"Blog do Farn\u00e9sio","description":"Quer Saber Pol\u00edtica?","publisher":{"@id":"https:\/\/blogdofarnesio.com.br\/#organization"},"potentialAction":[{"@type":"SearchAction","target":{"@type":"EntryPoint","urlTemplate":"https:\/\/blogdofarnesio.com.br\/?s={search_term_string}"},"query-input":{"@type":"PropertyValueSpecification","valueRequired":true,"valueName":"search_term_string"}}],"inLanguage":"pt-BR"},{"@type":"Organization","@id":"https:\/\/blogdofarnesio.com.br\/#organization","name":"Blog do Farn\u00e9sio","url":"https:\/\/blogdofarnesio.com.br\/","logo":{"@type":"ImageObject","inLanguage":"pt-BR","@id":"https:\/\/blogdofarnesio.com.br\/#\/schema\/logo\/image\/","url":"https:\/\/blogdofarnesio.com.br\/wp-content\/uploads\/2026\/03\/cropped-logo_new-1.png","contentUrl":"https:\/\/blogdofarnesio.com.br\/wp-content\/uploads\/2026\/03\/cropped-logo_new-1.png","width":881,"height":685,"caption":"Blog do Farn\u00e9sio"},"image":{"@id":"https:\/\/blogdofarnesio.com.br\/#\/schema\/logo\/image\/"},"sameAs":["https:\/\/www.facebook.com\/BlogQuerSaberPolitica\/"]},{"@type":"Person","@id":"https:\/\/blogdofarnesio.com.br\/#\/schema\/person\/bb9b23ae3ad0609ce8df7b6c9e76824d","name":"Farn\u00e9sio","image":{"@type":"ImageObject","inLanguage":"pt-BR","@id":"https:\/\/secure.gravatar.com\/avatar\/986aa4c61ccdb66f8555bf88fc2a65609d00bcabd4d2d94377a727547345cbca?s=96&d=mm&r=g","url":"https:\/\/secure.gravatar.com\/avatar\/986aa4c61ccdb66f8555bf88fc2a65609d00bcabd4d2d94377a727547345cbca?s=96&d=mm&r=g","contentUrl":"https:\/\/secure.gravatar.com\/avatar\/986aa4c61ccdb66f8555bf88fc2a65609d00bcabd4d2d94377a727547345cbca?s=96&d=mm&r=g","caption":"Farn\u00e9sio"},"description":"Radialista blogueiro, chegou a Petrolina\/Juazeiro em setembro de 1980, Farn\u00e9sio Silva \u00e9 de Arapiraca-Alagoas.","sameAs":["http:\/\/blogdofarnesio.com.br","https:\/\/www.facebook.com\/?ref=tn_tnmn","https:\/\/www.instagram.com\/?utm_source=pwa_homescreen","https:\/\/youtube.com.br\/"],"url":"https:\/\/blogdofarnesio.com.br\/?author=2"}]}},"_links":{"self":[{"href":"https:\/\/blogdofarnesio.com.br\/index.php?rest_route=\/wp\/v2\/posts\/392699","targetHints":{"allow":["GET"]}}],"collection":[{"href":"https:\/\/blogdofarnesio.com.br\/index.php?rest_route=\/wp\/v2\/posts"}],"about":[{"href":"https:\/\/blogdofarnesio.com.br\/index.php?rest_route=\/wp\/v2\/types\/post"}],"author":[{"embeddable":true,"href":"https:\/\/blogdofarnesio.com.br\/index.php?rest_route=\/wp\/v2\/users\/2"}],"replies":[{"embeddable":true,"href":"https:\/\/blogdofarnesio.com.br\/index.php?rest_route=%2Fwp%2Fv2%2Fcomments&post=392699"}],"version-history":[{"count":0,"href":"https:\/\/blogdofarnesio.com.br\/index.php?rest_route=\/wp\/v2\/posts\/392699\/revisions"}],"wp:featuredmedia":[{"embeddable":true,"href":"https:\/\/blogdofarnesio.com.br\/index.php?rest_route=\/wp\/v2\/media\/392701"}],"wp:attachment":[{"href":"https:\/\/blogdofarnesio.com.br\/index.php?rest_route=%2Fwp%2Fv2%2Fmedia&parent=392699"}],"wp:term":[{"taxonomy":"category","embeddable":true,"href":"https:\/\/blogdofarnesio.com.br\/index.php?rest_route=%2Fwp%2Fv2%2Fcategories&post=392699"},{"taxonomy":"post_tag","embeddable":true,"href":"https:\/\/blogdofarnesio.com.br\/index.php?rest_route=%2Fwp%2Fv2%2Ftags&post=392699"}],"curies":[{"name":"wp","href":"https:\/\/api.w.org\/{rel}","templated":true}]}}